{"id":82166,"date":"2025-05-26T13:42:11","date_gmt":"2025-05-26T11:42:11","guid":{"rendered":"https:\/\/vosgesinfo.fr\/remiremontinfo\/?p=82166"},"modified":"2025-05-26T13:42:11","modified_gmt":"2025-05-26T11:42:11","slug":"parcoursup-la-phase-dadmission-ouvre-lundi-2-juin-a-19h","status":"publish","type":"post","link":"https:\/\/vosgesinfo.fr\/remiremontinfo\/2025\/05\/parcoursup-la-phase-dadmission-ouvre-lundi-2-juin-a-19h\/","title":{"rendered":"PARCOURSUP : LA PHASE D\u2019ADMISSION OUVRE LUNDI 2 JUIN \u00c0 19H"},"content":{"rendered":"<div class=\"page\" title=\"Page 1\">\n<div class=\"layoutArea\">\n<div class=\"column\">\n<p><strong>La phase d\u2019admission Parcoursup de\u0301butera lundi 2 juin 2025 a\u0300 19h : les candidats pourront alors consulter les premie\u0300res re\u0301ponses des formations a\u0300 leurs v\u0153ux. Afin qu\u2019ils puissent tous acce\u0301der simultane\u0301ment a\u0300 leur dossier, la plateforme sera, dans un premier temps, disponible en mode consultation. Au cours de la soire\u0301e, les candidats pourront commencer a\u0300 re\u0301pondre aux propositions d\u2019admission qui leur ont e\u0301te\u0301 faites.<\/strong><\/p>\n<p>La phase d\u2019admission principale 2025 concernera 980 000 candidats qui ont confirme\u0301 au moins un v\u0153u d\u2019orientation dans l\u2019enseignement supe\u0301rieur (pour le de\u0301tail, voir encadre\u0301 \u00ab Qui sont les candidats de la session 2025 ? \u00bb en fin de communique\u0301).<\/p>\n<p><a href=\"https:\/\/www.parcoursup.gouv.fr\/sites\/default\/files\/database\/documents\/2025-05\/livret-phase-admission-parcoursup-2025-1017.pdf\" target=\"_blank\" rel=\"noopener\">Acce\u0301der au livret de pre\u0301sentation de la phase d\u2019admission Parcoursup 2025<\/a><\/p>\n<p><strong>Une proce\u0301dure 2025 acce\u0301le\u0301re\u0301e pour apporter des re\u0301ponses plus vite a\u0300 plus de candidats<\/strong><\/p>\n<p>La phase d\u2019admission principale de\u0301butera le 2 juin et se de\u0301roulera jusqu\u2019au 10 juillet. Chaque matin, les dossiers des candidats sont mis a\u0300 jour en fonction de l\u2019e\u0301volution des listes d\u2019attente : de\u0300s qu\u2019ils rec\u0327oivent une ou plusieurs propositions d\u2019admission (auxquelles ils doivent re\u0301pondre avant la date limite indique\u0301e dans leur dossier), ils sont alerte\u0301s par mail et sms, ainsi que leurs parents s\u2019ils ont saisi leurs coordonne\u0301es.<\/p>\n<p>En 2024, 94 % des lyce\u0301ens inscrits sur Parcoursup ont rec\u0327u au moins une proposition d\u2019admission. Les lyce\u0301ens ont rec\u0327u en moyenne pre\u0300s de 6 propositions d\u2019admission. 2\/3 d\u2019entre eux ont rec\u0327u au moins une proposition et ils e\u0301taient de\u0301ja\u0300 plus de 9 sur 10 dans cette situation a\u0300 la fin de la phase principale.<\/p>\n<p>L\u2019objectif cette anne\u0301e est d\u2019acce\u0301le\u0301rer le rythme d\u2019envoi des propositions d\u2019admission pour permettre au plus grand nombre de lyce\u0301ens de recevoir au moins une proposition d\u2019admission avant les e\u0301preuves e\u0301crites du baccalaure\u0301at.<\/p>\n<p>Pour cela, le calendrier de la phase d\u2019admission 2025 a e\u0301te\u0301 adapte\u0301 : apre\u0300s la premie\u0300re phase de re\u0301ponses de\u0301butant le 2 juin, il sera demande\u0301, entre le 6 juin et le 10 juin 2025 inclus, aux candidats ayant des v\u0153ux en attente de classer, par ordre de pre\u0301fe\u0301rence, ceux qu\u2019ils souhaitent conserver. Cela permettra de prendre en compte leurs pre\u0301fe\u0301rences de\u0300s le 11 juin lors de l\u2019envoi des propositions d\u2019admission et de faire e\u0301voluer plus vite les listes d\u2019attente.<\/p>\n<div class=\"page\" title=\"Page 2\">\n<div class=\"layoutArea\">\n<div class=\"column\">\n<p><strong>Un accompagnement des candidats tout au long de la proce\u0301dure<\/strong><\/p>\n<p>Pour cette phase d\u2019admission, les candidats seront accompagne\u0301s jusqu\u2019a\u0300 ce qu\u2019ils aient fait leur choix de formation pour la rentre\u0301e prochaine.<\/p>\n<p>De nombreuses ressources sont de\u0301ja\u0300 mises a\u0300 disposition des candidats, de leur famille comme des e\u0301quipes e\u0301ducatives qui assurent l\u2019accompagnement des e\u0301le\u0300ves.<\/p>\n<p>\uf0a7 <strong>Un site d\u2019entrainement accessible a\u0300 tous pour connaitre le fonctionnement de la phase d\u2019admission et se rassurer<\/strong><\/p>\n<p>Depuis le mois d\u2019avril, un site d\u2019entrainement est accessible a\u0300 tous depuis le site Parcoursup.gouv.fr. Il permet de se familiariser avec le fonctionnent de la phase d\u2019admission et de s\u2019entrainer de manie\u0300re concre\u0300te pour avoir les bons re\u0301flexes : accepter ou refuser une proposition d\u2019admission, conserver des v\u0153ux en attente, comprendre les indicateurs pour estimer les possibilite\u0301s d\u2019e\u0302tre admis, classer des v\u0153ux en attente, etc. Le site rappelle les \u00ab re\u0300gles d\u2019or \u00bb pour tout savoir sur la phase d\u2019admission et propose de tester ses connaissances gra\u0302ce a\u0300 une se\u0301rie de quiz.<\/p>\n<p>\uf0a7 <strong>Des ressources d\u2019accompagnement (vide\u0301os tutorielles, infographies, etc.) sont mises a\u0300 disposition sur le site parcoursup.gouv.fr et des sessions de tchat &amp; live seront re\u0301gulie\u0300rement organise\u0301es par l\u2019e\u0301quipe Parcoursup et en acade\u0301mie, avant et apre\u0300s le 2 juin, pour re\u0301pondre aux questions des candidats et des parents d\u2019e\u0301le\u0300ves.<\/strong><\/p>\n<p>\uf0a7 <strong>En proximite\u0301, dans les e\u0301tablissements scolaires, des temps d\u2019e\u0301change et des e\u0301quipes mobilise\u0301es pour re\u0301pondre aux interrogations des lyce\u0301ens<\/strong><\/p>\n<p>Comme chaque anne\u0301e, la demande a e\u0301te\u0301 faite aux e\u0301quipes en lyce\u0301es d\u2019organiser des temps d\u2019e\u0301changes de\u0300s le 3 juin afin de conseiller les e\u0301le\u0300ves sur leur situation et les choix qu\u2019ils ont a\u0300 faire durant la phase d\u2019admission. Les professeurs principaux disposent d\u2019un espace Professeur principal de\u0301die\u0301, mis en ligne de\u0300s fe\u0301vrier pour leur permettre de suivre la situation de leurs e\u0301le\u0300ves tout au long de la proce\u0301dure.<\/p>\n<p>\uf0a7 <strong>Une assistance constante via la messagerie inte\u0301gre\u0301e de Parcoursup et le Nume\u0301ro vert 0800 400 070<\/strong><\/p>\n<p>Tout au long de la phase d\u2019admission, les conseillers Parcoursup sont disponibles pour les e\u0301le\u0300ves et leur famille via la messagerie \u00ab contact \u00bb, directement depuis leur dossier, mais aussi via le nume\u0301ro vert 0 800 400 070, qui sera exceptionnellement ouvert jusqu\u2019a\u0300 20h dans les premiers jours de la phase d\u2019admission principale, les 3, 4, 5 juin, ainsi que durant la pe\u0301riode de classement des v\u0153ux, lundi 9 juin (Penteco\u0302te) de 10h a\u0300 16h et mardi 10 juin jusqu\u2019a\u0300 20h.<\/p>\n<p><strong>Un soutien personnalise\u0301 et des solutions pour les candidats qui n\u2019ont pas eu satisfaction en de\u0301but de proce\u0301dure<\/strong><\/p>\n<p>La phase comple\u0301mentaire de Parcoursup permettant de formuler de nouveaux v\u0153ux pour les formations ayant des places disponibles sera ouverte le mercredi 11 juin 2025, notamment pour permettre aux candidats qui n\u2019auraient eu que des re\u0301ponses ne\u0301gatives de trouver des perspectives en amont des e\u0301preuves e\u0301crites du baccalaure\u0301at.<\/p>\n<div class=\"page\" title=\"Page 3\">\n<div class=\"layoutArea\">\n<div class=\"column\">\n<p>Ces candidats be\u0301ne\u0301ficieront d\u2019un accompagnement spe\u0301cifique : a\u0300 partir du 3 juin les e\u0301quipes Parcoursup prendront rapidement contact avec eux par mail et te\u0301le\u0301phone pour leur pre\u0301senter les solutions possibles. Ils pourront revoir leur projet avec les e\u0301quipes de leur lyce\u0301e ou un service d\u2019orientation.<\/p>\n<p>Concernant les candidats qui n\u2019auraient toujours pas rec\u0327u de proposition de\u0301but juillet, ils pourront, a\u0300 partir du 1er juillet 2025, en amont des re\u0301sultats du baccalaure\u0301at, solliciter depuis leur dossier les commissions d\u2019acce\u0300s a\u0300 l\u2019enseignement supe\u0301rieur (CAES) pour les aider a\u0300 trouver une formation.<\/p>\n<p><strong>Qui sont les candidats de la session 2025 ?<\/strong><\/p>\n<p>La seconde e\u0301tape de Parcoursup permettant aux candidats de finaliser leur dossier et de confirmer leurs v\u0153ux s\u2019est acheve\u0301e le 2 avril 2025 : au total, 980 000 candidats ont confirme\u0301 au moins un v\u0153u d\u2019orientation dans l\u2019enseignement supe\u0301rieur.<\/p>\n<p>Parmi ces candidats, les plus nombreux sont les lyce\u0301ens pre\u0301parant le baccalaure\u0301at franc\u0327ais (scolarise\u0301s en France et a\u0300 l\u2019e\u0301tranger) : ils sont 650 000. On compte e\u0301galement 183 000 e\u0301tudiants qui souhaitent se re\u0301orienter en premie\u0300re anne\u0301e ou qui formulent des v\u0153ux par pre\u0301caution en attendant leurs re\u0301sultats de fin d\u2019anne\u0301e.<\/p>\n<p>Enfin, parmi les autres candidats, on retrouve 112 000 candidats non scolarise\u0301s et ayant un projet de reprise d\u2019e\u0301tudes et 35 000 candidats (lyce\u0301ens et e\u0301tudiants) suivant une scolarite\u0301 non franc\u0327aise a\u0300 l\u2019e\u0301tranger (ces lyce\u0301ens et e\u0301tudiants n\u2019ont pas ou ne pre\u0301parent pas le bac franc\u0327ais).<\/p>\n<p>Dans leur ensemble, les candidats ont confirme\u0301 13 millions de v\u0153ux et sous-v\u0153ux pour des formations sous statut e\u0301tudiant (donne\u0301e en progression par rapport a\u0300 2024). S\u2019agissant des formations en apprentissage, elles sont 11 000 a\u0300 e\u0302tre propose\u0301es sur la plateforme et leur attractivite\u0301 est stable : 232 000 candidats ont de\u0301ja\u0300 confirme\u0301 1,3 million de v\u0153ux pour ces formations. Ils sont accompagne\u0301s par les centres de formation d\u2019apprentis pour rechercher un employeur.<\/p>\n<p>Le service statistique du ministe\u0300re charge\u0301 de l\u2019enseignement supe\u0301rieur et de la recherche (SIES) publie ce jour une note de synthe\u0300se analysant les v\u0153ux d\u2019orientation vers l\u2019enseignement supe\u0301rieur formule\u0301s par les lyce\u0301ens scolarise\u0301s en France. La note de synthe\u0300se et des tableaux statistiques associe\u0301s sont disponibles sur le site du ministe\u0300re charge\u0301 de l\u2019Enseignement supe\u0301rieur et de la Recherche : <a href=\"https:\/\/www.enseignementsup-recherche.gouv.fr\/fr\/parcoursup-2025-les-voeux-des- lyceens-l-entree-dans-l-enseignement-superieur-99210\" target=\"_blank\" rel=\"noopener\">https:\/\/www.enseignementsup-recherche.gouv.fr\/fr\/parcoursup-2025-les-voeux-des- lyceens-l-entree-dans-l-enseignement-superieur-99210<\/a>. Par ailleurs, le SIES publiera durant la semaine du 16 juin 2025 les bilans Parcoursup 2025 par acade\u0301mie et re\u0301gion acade\u0301mique.<\/p>\n<\/div>\n<\/div>\n<\/div>\n<\/div>\n<\/div>\n<\/div>\n<\/div>\n<\/div>\n<\/div>\n","protected":false},"excerpt":{"rendered":"<p>La phase d\u2019admission Parcoursup de\u0301butera lundi 2 juin 2025 a\u0300 19h : les candidats pourront alors consulter les premie\u0300res re\u0301ponses [&hellip;]<\/p>\n","protected":false},"author":391,"featured_media":27612,"comment_status":"open","ping_status":"open","sticky":false,"template":"","format":"standard","meta":{"footnotes":""},"categories":[26,594,165,18],"tags":[1617],"class_list":["post-82166","post","type-post","status-publish","format-standard","has-post-thumbnail","hentry","category-a-la-une","category-agenda","category-enseignement","category-vosges","tag-parcoursup"],"acf":[],"yoast_head":"<!-- This site is optimized with the Yoast SEO plugin v22.5 - https:\/\/yoast.com\/wordpress\/plugins\/seo\/ -->\n<title>PARCOURSUP : LA PHASE D\u2019ADMISSION OUVRE LUNDI 2 JUIN \u00c0 19H - Remiremont Info<\/title>\n<meta name=\"robots\" content=\"index, follow, max-snippet:-1, max-image-preview:large, max-video-preview:-1\" \/>\n<link rel=\"canonical\" href=\"https:\/\/vosgesinfo.fr\/remiremontinfo\/?p=82166\" \/>\n<meta name=\"twitter:card\" content=\"summary_large_image\" \/>\n<meta name=\"twitter:title\" content=\"PARCOURSUP : LA PHASE D\u2019ADMISSION OUVRE LUNDI 2 JUIN \u00c0 19H - Remiremont Info\" \/>\n<meta name=\"twitter:description\" content=\"La phase d\u2019admission Parcoursup de\u0301butera lundi 2 juin 2025 a\u0300 19h : les candidats pourront alors consulter les premie\u0300res re\u0301ponses [&hellip;]\" \/>\n<meta name=\"twitter:creator\" content=\"@VosgesInfo88\" \/>\n<meta name=\"twitter:site\" content=\"@VosgesInfo88\" \/>\n<meta name=\"twitter:label1\" content=\"\u00c9crit par\" \/>\n\t<meta name=\"twitter:data1\" content=\"La redaction\" \/>\n\t<meta name=\"twitter:label2\" content=\"Dur\u00e9e de lecture estim\u00e9e\" \/>\n\t<meta name=\"twitter:data2\" content=\"7 minutes\" \/>\n<script type=\"application\/ld+json\" class=\"yoast-schema-graph\">{\"@context\":\"https:\/\/schema.org\",\"@graph\":[{\"@type\":\"Article\",\"@id\":\"https:\/\/vosgesinfo.fr\/remiremontinfo\/?p=82166#article\",\"isPartOf\":{\"@id\":\"https:\/\/vosgesinfo.fr\/remiremontinfo\/?p=82166\"},\"author\":{\"name\":\"La redaction\",\"@id\":\"https:\/\/vosgesinfo.fr\/remiremontinfo\/#\/schema\/person\/27a3695b06db98895b354c0765cdfc31\"},\"headline\":\"PARCOURSUP : LA PHASE D\u2019ADMISSION OUVRE LUNDI 2 JUIN \u00c0 19H\",\"datePublished\":\"2025-05-26T11:42:11+00:00\",\"dateModified\":\"2025-05-26T11:42:11+00:00\",\"mainEntityOfPage\":{\"@id\":\"https:\/\/vosgesinfo.fr\/remiremontinfo\/?p=82166\"},\"wordCount\":1418,\"commentCount\":0,\"publisher\":{\"@id\":\"https:\/\/vosgesinfo.fr\/remiremontinfo\/#organization\"},\"image\":{\"@id\":\"https:\/\/vosgesinfo.fr\/remiremontinfo\/?p=82166#primaryimage\"},\"thumbnailUrl\":\"https:\/\/vosgesinfo.fr\/app\/uploads\/sites\/5\/2024\/09\/202005bac-eleves-etudiant-800x533-1.jpg\",\"keywords\":[\"parcoursup\"],\"articleSection\":[\"A la Une\",\"Agenda\",\"Enseignement\",\"Vosges\"],\"inLanguage\":\"fr-FR\",\"potentialAction\":[{\"@type\":\"CommentAction\",\"name\":\"Comment\",\"target\":[\"https:\/\/vosgesinfo.fr\/remiremontinfo\/?p=82166#respond\"]}]},{\"@type\":\"WebPage\",\"@id\":\"https:\/\/vosgesinfo.fr\/remiremontinfo\/?p=82166\",\"url\":\"https:\/\/vosgesinfo.fr\/remiremontinfo\/?p=82166\",\"name\":\"PARCOURSUP : LA PHASE D\u2019ADMISSION OUVRE LUNDI 2 JUIN \u00c0 19H - Remiremont Info\",\"isPartOf\":{\"@id\":\"https:\/\/vosgesinfo.fr\/remiremontinfo\/#website\"},\"primaryImageOfPage\":{\"@id\":\"https:\/\/vosgesinfo.fr\/remiremontinfo\/?p=82166#primaryimage\"},\"image\":{\"@id\":\"https:\/\/vosgesinfo.fr\/remiremontinfo\/?p=82166#primaryimage\"},\"thumbnailUrl\":\"https:\/\/vosgesinfo.fr\/app\/uploads\/sites\/5\/2024\/09\/202005bac-eleves-etudiant-800x533-1.jpg\",\"datePublished\":\"2025-05-26T11:42:11+00:00\",\"dateModified\":\"2025-05-26T11:42:11+00:00\",\"breadcrumb\":{\"@id\":\"https:\/\/vosgesinfo.fr\/remiremontinfo\/?p=82166#breadcrumb\"},\"inLanguage\":\"fr-FR\",\"potentialAction\":[{\"@type\":\"ReadAction\",\"target\":[\"https:\/\/vosgesinfo.fr\/remiremontinfo\/?p=82166\"]}]},{\"@type\":\"ImageObject\",\"inLanguage\":\"fr-FR\",\"@id\":\"https:\/\/vosgesinfo.fr\/remiremontinfo\/?p=82166#primaryimage\",\"url\":\"https:\/\/vosgesinfo.fr\/app\/uploads\/sites\/5\/2024\/09\/202005bac-eleves-etudiant-800x533-1.jpg\",\"contentUrl\":\"https:\/\/vosgesinfo.fr\/app\/uploads\/sites\/5\/2024\/09\/202005bac-eleves-etudiant-800x533-1.jpg\",\"width\":800,\"height\":533},{\"@type\":\"BreadcrumbList\",\"@id\":\"https:\/\/vosgesinfo.fr\/remiremontinfo\/?p=82166#breadcrumb\",\"itemListElement\":[{\"@type\":\"ListItem\",\"position\":1,\"name\":\"Home\",\"item\":\"https:\/\/vosgesinfo.fr\/remiremontinfo\/\"},{\"@type\":\"ListItem\",\"position\":2,\"name\":\"PARCOURSUP : LA PHASE D\u2019ADMISSION OUVRE LUNDI 2 JUIN \u00c0 19H\"}]},{\"@type\":\"WebSite\",\"@id\":\"https:\/\/vosgesinfo.fr\/remiremontinfo\/#website\",\"url\":\"https:\/\/vosgesinfo.fr\/remiremontinfo\/\",\"name\":\"Remiremont Info\",\"description\":\"Toute l&#039;actualit\u00e9 de Remiremont\",\"publisher\":{\"@id\":\"https:\/\/vosgesinfo.fr\/remiremontinfo\/#organization\"},\"alternateName\":\"Toute l'actualit\u00e9 de Remiremont\",\"potentialAction\":[{\"@type\":\"SearchAction\",\"target\":{\"@type\":\"EntryPoint\",\"urlTemplate\":\"https:\/\/vosgesinfo.fr\/remiremontinfo\/?s={search_term_string}\"},\"query-input\":\"required name=search_term_string\"}],\"inLanguage\":\"fr-FR\"},{\"@type\":\"Organization\",\"@id\":\"https:\/\/vosgesinfo.fr\/remiremontinfo\/#organization\",\"name\":\"Remiremont Info\",\"url\":\"https:\/\/vosgesinfo.fr\/remiremontinfo\/\",\"logo\":{\"@type\":\"ImageObject\",\"inLanguage\":\"fr-FR\",\"@id\":\"https:\/\/vosgesinfo.fr\/remiremontinfo\/#\/schema\/logo\/image\/\",\"url\":\"https:\/\/vosgesinfo.fr\/app\/uploads\/sites\/5\/2023\/08\/favicon-remiremontinfo.png\",\"contentUrl\":\"https:\/\/vosgesinfo.fr\/app\/uploads\/sites\/5\/2023\/08\/favicon-remiremontinfo.png\",\"width\":512,\"height\":512,\"caption\":\"Remiremont Info\"},\"image\":{\"@id\":\"https:\/\/vosgesinfo.fr\/remiremontinfo\/#\/schema\/logo\/image\/\"},\"sameAs\":[\"https:\/\/www.facebook.com\/remiremontinfo\",\"https:\/\/x.com\/VosgesInfo88\",\"https:\/\/www.youtube.com\/@vosgesinfo\"]},{\"@type\":\"Person\",\"@id\":\"https:\/\/vosgesinfo.fr\/remiremontinfo\/#\/schema\/person\/27a3695b06db98895b354c0765cdfc31\",\"name\":\"La redaction\",\"image\":{\"@type\":\"ImageObject\",\"inLanguage\":\"fr-FR\",\"@id\":\"https:\/\/vosgesinfo.fr\/remiremontinfo\/#\/schema\/person\/image\/\",\"url\":\"https:\/\/secure.gravatar.com\/avatar\/64c76a78e501cedee55736f43f332df901e1896ae9cd8fad269ae2236dd0e8b6?s=96&d=mm&r=g\",\"contentUrl\":\"https:\/\/secure.gravatar.com\/avatar\/64c76a78e501cedee55736f43f332df901e1896ae9cd8fad269ae2236dd0e8b6?s=96&d=mm&r=g\",\"caption\":\"La redaction\"},\"url\":\"https:\/\/vosgesinfo.fr\/remiremontinfo\/author\/la-redaction\/\"}]}<\/script>\n<!-- \/ Yoast SEO plugin. -->","yoast_head_json":{"title":"PARCOURSUP : LA PHASE D\u2019ADMISSION OUVRE LUNDI 2 JUIN \u00c0 19H - Remiremont Info","robots":{"index":"index","follow":"follow","max-snippet":"max-snippet:-1","max-image-preview":"max-image-preview:large","max-video-preview":"max-video-preview:-1"},"canonical":"https:\/\/vosgesinfo.fr\/remiremontinfo\/?p=82166","twitter_card":"summary_large_image","twitter_title":"PARCOURSUP : LA PHASE D\u2019ADMISSION OUVRE LUNDI 2 JUIN \u00c0 19H - Remiremont Info","twitter_description":"La phase d\u2019admission Parcoursup de\u0301butera lundi 2 juin 2025 a\u0300 19h : les candidats pourront alors consulter les premie\u0300res re\u0301ponses [&hellip;]","twitter_creator":"@VosgesInfo88","twitter_site":"@VosgesInfo88","twitter_misc":{"\u00c9crit par":"La redaction","Dur\u00e9e de lecture estim\u00e9e":"7 minutes"},"schema":{"@context":"https:\/\/schema.org","@graph":[{"@type":"Article","@id":"https:\/\/vosgesinfo.fr\/remiremontinfo\/?p=82166#article","isPartOf":{"@id":"https:\/\/vosgesinfo.fr\/remiremontinfo\/?p=82166"},"author":{"name":"La redaction","@id":"https:\/\/vosgesinfo.fr\/remiremontinfo\/#\/schema\/person\/27a3695b06db98895b354c0765cdfc31"},"headline":"PARCOURSUP : LA PHASE D\u2019ADMISSION OUVRE LUNDI 2 JUIN \u00c0 19H","datePublished":"2025-05-26T11:42:11+00:00","dateModified":"2025-05-26T11:42:11+00:00","mainEntityOfPage":{"@id":"https:\/\/vosgesinfo.fr\/remiremontinfo\/?p=82166"},"wordCount":1418,"commentCount":0,"publisher":{"@id":"https:\/\/vosgesinfo.fr\/remiremontinfo\/#organization"},"image":{"@id":"https:\/\/vosgesinfo.fr\/remiremontinfo\/?p=82166#primaryimage"},"thumbnailUrl":"https:\/\/vosgesinfo.fr\/app\/uploads\/sites\/5\/2024\/09\/202005bac-eleves-etudiant-800x533-1.jpg","keywords":["parcoursup"],"articleSection":["A la Une","Agenda","Enseignement","Vosges"],"inLanguage":"fr-FR","potentialAction":[{"@type":"CommentAction","name":"Comment","target":["https:\/\/vosgesinfo.fr\/remiremontinfo\/?p=82166#respond"]}]},{"@type":"WebPage","@id":"https:\/\/vosgesinfo.fr\/remiremontinfo\/?p=82166","url":"https:\/\/vosgesinfo.fr\/remiremontinfo\/?p=82166","name":"PARCOURSUP : LA PHASE D\u2019ADMISSION OUVRE LUNDI 2 JUIN \u00c0 19H - Remiremont Info","isPartOf":{"@id":"https:\/\/vosgesinfo.fr\/remiremontinfo\/#website"},"primaryImageOfPage":{"@id":"https:\/\/vosgesinfo.fr\/remiremontinfo\/?p=82166#primaryimage"},"image":{"@id":"https:\/\/vosgesinfo.fr\/remiremontinfo\/?p=82166#primaryimage"},"thumbnailUrl":"https:\/\/vosgesinfo.fr\/app\/uploads\/sites\/5\/2024\/09\/202005bac-eleves-etudiant-800x533-1.jpg","datePublished":"2025-05-26T11:42:11+00:00","dateModified":"2025-05-26T11:42:11+00:00","breadcrumb":{"@id":"https:\/\/vosgesinfo.fr\/remiremontinfo\/?p=82166#breadcrumb"},"inLanguage":"fr-FR","potentialAction":[{"@type":"ReadAction","target":["https:\/\/vosgesinfo.fr\/remiremontinfo\/?p=82166"]}]},{"@type":"ImageObject","inLanguage":"fr-FR","@id":"https:\/\/vosgesinfo.fr\/remiremontinfo\/?p=82166#primaryimage","url":"https:\/\/vosgesinfo.fr\/app\/uploads\/sites\/5\/2024\/09\/202005bac-eleves-etudiant-800x533-1.jpg","contentUrl":"https:\/\/vosgesinfo.fr\/app\/uploads\/sites\/5\/2024\/09\/202005bac-eleves-etudiant-800x533-1.jpg","width":800,"height":533},{"@type":"BreadcrumbList","@id":"https:\/\/vosgesinfo.fr\/remiremontinfo\/?p=82166#breadcrumb","itemListElement":[{"@type":"ListItem","position":1,"name":"Home","item":"https:\/\/vosgesinfo.fr\/remiremontinfo\/"},{"@type":"ListItem","position":2,"name":"PARCOURSUP : LA PHASE D\u2019ADMISSION OUVRE LUNDI 2 JUIN \u00c0 19H"}]},{"@type":"WebSite","@id":"https:\/\/vosgesinfo.fr\/remiremontinfo\/#website","url":"https:\/\/vosgesinfo.fr\/remiremontinfo\/","name":"Remiremont Info","description":"Toute l&#039;actualit\u00e9 de Remiremont","publisher":{"@id":"https:\/\/vosgesinfo.fr\/remiremontinfo\/#organization"},"alternateName":"Toute l'actualit\u00e9 de Remiremont","potentialAction":[{"@type":"SearchAction","target":{"@type":"EntryPoint","urlTemplate":"https:\/\/vosgesinfo.fr\/remiremontinfo\/?s={search_term_string}"},"query-input":"required name=search_term_string"}],"inLanguage":"fr-FR"},{"@type":"Organization","@id":"https:\/\/vosgesinfo.fr\/remiremontinfo\/#organization","name":"Remiremont Info","url":"https:\/\/vosgesinfo.fr\/remiremontinfo\/","logo":{"@type":"ImageObject","inLanguage":"fr-FR","@id":"https:\/\/vosgesinfo.fr\/remiremontinfo\/#\/schema\/logo\/image\/","url":"https:\/\/vosgesinfo.fr\/app\/uploads\/sites\/5\/2023\/08\/favicon-remiremontinfo.png","contentUrl":"https:\/\/vosgesinfo.fr\/app\/uploads\/sites\/5\/2023\/08\/favicon-remiremontinfo.png","width":512,"height":512,"caption":"Remiremont Info"},"image":{"@id":"https:\/\/vosgesinfo.fr\/remiremontinfo\/#\/schema\/logo\/image\/"},"sameAs":["https:\/\/www.facebook.com\/remiremontinfo","https:\/\/x.com\/VosgesInfo88","https:\/\/www.youtube.com\/@vosgesinfo"]},{"@type":"Person","@id":"https:\/\/vosgesinfo.fr\/remiremontinfo\/#\/schema\/person\/27a3695b06db98895b354c0765cdfc31","name":"La redaction","image":{"@type":"ImageObject","inLanguage":"fr-FR","@id":"https:\/\/vosgesinfo.fr\/remiremontinfo\/#\/schema\/person\/image\/","url":"https:\/\/secure.gravatar.com\/avatar\/64c76a78e501cedee55736f43f332df901e1896ae9cd8fad269ae2236dd0e8b6?s=96&d=mm&r=g","contentUrl":"https:\/\/secure.gravatar.com\/avatar\/64c76a78e501cedee55736f43f332df901e1896ae9cd8fad269ae2236dd0e8b6?s=96&d=mm&r=g","caption":"La redaction"},"url":"https:\/\/vosgesinfo.fr\/remiremontinfo\/author\/la-redaction\/"}]}},"_links":{"self":[{"href":"https:\/\/vosgesinfo.fr\/remiremontinfo\/wp-json\/wp\/v2\/posts\/82166","targetHints":{"allow":["GET"]}}],"collection":[{"href":"https:\/\/vosgesinfo.fr\/remiremontinfo\/wp-json\/wp\/v2\/posts"}],"about":[{"href":"https:\/\/vosgesinfo.fr\/remiremontinfo\/wp-json\/wp\/v2\/types\/post"}],"author":[{"embeddable":true,"href":"https:\/\/vosgesinfo.fr\/remiremontinfo\/wp-json\/wp\/v2\/users\/391"}],"replies":[{"embeddable":true,"href":"https:\/\/vosgesinfo.fr\/remiremontinfo\/wp-json\/wp\/v2\/comments?post=82166"}],"version-history":[{"count":1,"href":"https:\/\/vosgesinfo.fr\/remiremontinfo\/wp-json\/wp\/v2\/posts\/82166\/revisions"}],"predecessor-version":[{"id":82167,"href":"https:\/\/vosgesinfo.fr\/remiremontinfo\/wp-json\/wp\/v2\/posts\/82166\/revisions\/82167"}],"wp:featuredmedia":[{"embeddable":true,"href":"https:\/\/vosgesinfo.fr\/remiremontinfo\/wp-json\/wp\/v2\/media\/27612"}],"wp:attachment":[{"href":"https:\/\/vosgesinfo.fr\/remiremontinfo\/wp-json\/wp\/v2\/media?parent=82166"}],"wp:term":[{"taxonomy":"category","embeddable":true,"href":"https:\/\/vosgesinfo.fr\/remiremontinfo\/wp-json\/wp\/v2\/categories?post=82166"},{"taxonomy":"post_tag","embeddable":true,"href":"https:\/\/vosgesinfo.fr\/remiremontinfo\/wp-json\/wp\/v2\/tags?post=82166"}],"curies":[{"name":"wp","href":"https:\/\/api.w.org\/{rel}","templated":true}]}}