{"id":82288,"date":"2025-05-28T15:50:10","date_gmt":"2025-05-28T13:50:10","guid":{"rendered":"https:\/\/vosgesinfo.fr\/remiremontinfo\/?p=82288"},"modified":"2025-05-28T14:03:39","modified_gmt":"2025-05-28T12:03:39","slug":"bussang-coupure-deau-dans-les-rues-du-breuil-dalsace-et-du-chazal-le-2-juin","status":"publish","type":"post","link":"https:\/\/vosgesinfo.fr\/remiremontinfo\/2025\/05\/bussang-coupure-deau-dans-les-rues-du-breuil-dalsace-et-du-chazal-le-2-juin\/","title":{"rendered":"Bussang : Coupure d&rsquo;eau dans les rues du Breuil, d&rsquo;Alsace et du Chazal le 2 juin"},"content":{"rendered":"<p>Communiqu\u00e9 de la municipalit\u00e9 de Bussang :<\/p>\n<p class=\"v1MsoNormal\"><strong>En raison du remplacement d&rsquo;une vanne abonn\u00e9 une coupure d&rsquo;eau aura lieu<\/strong><\/p>\n<p class=\"v1MsoNormal\"><strong>Lundi 2 juin<\/strong><\/p>\n<p class=\"v1MsoNormal\"><strong>de 13h30 \u00e0 16h30<\/strong><\/p>\n<p class=\"v1MsoNormal\">\n<p class=\"v1MsoNormal\">&#8211; Rue du Breuil : n\u00b020 au 32 (HLM) et n\u00b015<\/p>\n<p class=\"v1MsoNormal\">&#8211; Rue d&rsquo;Alsace : du n\u00b028 au 36bis<\/p>\n<p class=\"v1MsoNormal\">&#8211; Rue du Chazal : du n\u00b01 au 9 et n\u00b02<\/p>\n<p class=\"v1MsoNormal\">\n<p class=\"v1MsoNormal\">Nos excuses pour les d\u00e9sagr\u00e9ments occasionn\u00e9s.<\/p>\n","protected":false},"excerpt":{"rendered":"<p>Communiqu\u00e9 de la municipalit\u00e9 de Bussang : En raison du remplacement d&rsquo;une vanne abonn\u00e9 une coupure d&rsquo;eau aura lieu Lundi [&hellip;]<\/p>\n","protected":false},"author":391,"featured_media":72406,"comment_status":"open","ping_status":"open","sticky":false,"template":"","format":"standard","meta":{"footnotes":""},"categories":[26,594,38],"tags":[88,4279,136],"class_list":["post-82288","post","type-post","status-publish","format-standard","has-post-thumbnail","hentry","category-a-la-une","category-agenda","category-bussang","tag-bussang","tag-coupure-deau","tag-travaux"],"acf":[],"yoast_head":"<!-- This site is optimized with the Yoast SEO plugin v22.5 - https:\/\/yoast.com\/wordpress\/plugins\/seo\/ -->\n<title>Bussang : Coupure d&#039;eau dans les rues du Breuil, d&#039;Alsace et du Chazal le 2 juin - Remiremont Info<\/title>\n<meta name=\"robots\" content=\"index, follow, max-snippet:-1, max-image-preview:large, max-video-preview:-1\" \/>\n<link rel=\"canonical\" href=\"https:\/\/vosgesinfo.fr\/remiremontinfo\/2025\/05\/bussang-coupure-deau-dans-les-rues-du-breuil-dalsace-et-du-chazal-le-2-juin\/\" \/>\n<meta name=\"twitter:card\" content=\"summary_large_image\" \/>\n<meta name=\"twitter:title\" content=\"Bussang : Coupure d&#039;eau dans les rues du Breuil, d&#039;Alsace et du Chazal le 2 juin - Remiremont Info\" \/>\n<meta name=\"twitter:description\" content=\"Communiqu\u00e9 de la municipalit\u00e9 de Bussang : En raison du remplacement d&rsquo;une vanne abonn\u00e9 une coupure d&rsquo;eau aura lieu Lundi [&hellip;]\" \/>\n<meta name=\"twitter:image\" content=\"https:\/\/vosgesinfo.fr\/app\/uploads\/sites\/5\/2024\/09\/201907eau-robinet-1.jpg\" \/>\n<meta name=\"twitter:creator\" content=\"@VosgesInfo88\" \/>\n<meta name=\"twitter:site\" content=\"@VosgesInfo88\" \/>\n<meta name=\"twitter:label1\" content=\"\u00c9crit par\" \/>\n\t<meta name=\"twitter:data1\" content=\"La redaction\" \/>\n<script type=\"application\/ld+json\" class=\"yoast-schema-graph\">{\"@context\":\"https:\/\/schema.org\",\"@graph\":[{\"@type\":\"Article\",\"@id\":\"https:\/\/vosgesinfo.fr\/remiremontinfo\/2025\/05\/bussang-coupure-deau-dans-les-rues-du-breuil-dalsace-et-du-chazal-le-2-juin\/#article\",\"isPartOf\":{\"@id\":\"https:\/\/vosgesinfo.fr\/remiremontinfo\/2025\/05\/bussang-coupure-deau-dans-les-rues-du-breuil-dalsace-et-du-chazal-le-2-juin\/\"},\"author\":{\"name\":\"La redaction\",\"@id\":\"https:\/\/vosgesinfo.fr\/remiremontinfo\/#\/schema\/person\/27a3695b06db98895b354c0765cdfc31\"},\"headline\":\"Bussang : Coupure d&rsquo;eau dans les rues du Breuil, d&rsquo;Alsace et du Chazal le 2 juin\",\"datePublished\":\"2025-05-28T13:50:10+00:00\",\"dateModified\":\"2025-05-28T12:03:39+00:00\",\"mainEntityOfPage\":{\"@id\":\"https:\/\/vosgesinfo.fr\/remiremontinfo\/2025\/05\/bussang-coupure-deau-dans-les-rues-du-breuil-dalsace-et-du-chazal-le-2-juin\/\"},\"wordCount\":76,\"commentCount\":0,\"publisher\":{\"@id\":\"https:\/\/vosgesinfo.fr\/remiremontinfo\/#organization\"},\"image\":{\"@id\":\"https:\/\/vosgesinfo.fr\/remiremontinfo\/2025\/05\/bussang-coupure-deau-dans-les-rues-du-breuil-dalsace-et-du-chazal-le-2-juin\/#primaryimage\"},\"thumbnailUrl\":\"https:\/\/vosgesinfo.fr\/app\/uploads\/sites\/5\/2024\/09\/201907eau-robinet-1.jpg\",\"keywords\":[\"bussang\",\"Coupure d'eau\",\"travaux\"],\"articleSection\":[\"A la Une\",\"Agenda\",\"Bussang\"],\"inLanguage\":\"fr-FR\",\"potentialAction\":[{\"@type\":\"CommentAction\",\"name\":\"Comment\",\"target\":[\"https:\/\/vosgesinfo.fr\/remiremontinfo\/2025\/05\/bussang-coupure-deau-dans-les-rues-du-breuil-dalsace-et-du-chazal-le-2-juin\/#respond\"]}]},{\"@type\":\"WebPage\",\"@id\":\"https:\/\/vosgesinfo.fr\/remiremontinfo\/2025\/05\/bussang-coupure-deau-dans-les-rues-du-breuil-dalsace-et-du-chazal-le-2-juin\/\",\"url\":\"https:\/\/vosgesinfo.fr\/remiremontinfo\/2025\/05\/bussang-coupure-deau-dans-les-rues-du-breuil-dalsace-et-du-chazal-le-2-juin\/\",\"name\":\"Bussang : Coupure d'eau dans les rues du Breuil, d'Alsace et du Chazal le 2 juin - Remiremont Info\",\"isPartOf\":{\"@id\":\"https:\/\/vosgesinfo.fr\/remiremontinfo\/#website\"},\"primaryImageOfPage\":{\"@id\":\"https:\/\/vosgesinfo.fr\/remiremontinfo\/2025\/05\/bussang-coupure-deau-dans-les-rues-du-breuil-dalsace-et-du-chazal-le-2-juin\/#primaryimage\"},\"image\":{\"@id\":\"https:\/\/vosgesinfo.fr\/remiremontinfo\/2025\/05\/bussang-coupure-deau-dans-les-rues-du-breuil-dalsace-et-du-chazal-le-2-juin\/#primaryimage\"},\"thumbnailUrl\":\"https:\/\/vosgesinfo.fr\/app\/uploads\/sites\/5\/2024\/09\/201907eau-robinet-1.jpg\",\"datePublished\":\"2025-05-28T13:50:10+00:00\",\"dateModified\":\"2025-05-28T12:03:39+00:00\",\"breadcrumb\":{\"@id\":\"https:\/\/vosgesinfo.fr\/remiremontinfo\/2025\/05\/bussang-coupure-deau-dans-les-rues-du-breuil-dalsace-et-du-chazal-le-2-juin\/#breadcrumb\"},\"inLanguage\":\"fr-FR\",\"potentialAction\":[{\"@type\":\"ReadAction\",\"target\":[\"https:\/\/vosgesinfo.fr\/remiremontinfo\/2025\/05\/bussang-coupure-deau-dans-les-rues-du-breuil-dalsace-et-du-chazal-le-2-juin\/\"]}]},{\"@type\":\"ImageObject\",\"inLanguage\":\"fr-FR\",\"@id\":\"https:\/\/vosgesinfo.fr\/remiremontinfo\/2025\/05\/bussang-coupure-deau-dans-les-rues-du-breuil-dalsace-et-du-chazal-le-2-juin\/#primaryimage\",\"url\":\"https:\/\/vosgesinfo.fr\/app\/uploads\/sites\/5\/2024\/09\/201907eau-robinet-1.jpg\",\"contentUrl\":\"https:\/\/vosgesinfo.fr\/app\/uploads\/sites\/5\/2024\/09\/201907eau-robinet-1.jpg\",\"width\":960,\"height\":640,\"caption\":\"Photographie d'illustration.\"},{\"@type\":\"BreadcrumbList\",\"@id\":\"https:\/\/vosgesinfo.fr\/remiremontinfo\/2025\/05\/bussang-coupure-deau-dans-les-rues-du-breuil-dalsace-et-du-chazal-le-2-juin\/#breadcrumb\",\"itemListElement\":[{\"@type\":\"ListItem\",\"position\":1,\"name\":\"Home\",\"item\":\"https:\/\/vosgesinfo.fr\/remiremontinfo\/\"},{\"@type\":\"ListItem\",\"position\":2,\"name\":\"Bussang : Coupure d&rsquo;eau dans les rues du Breuil, d&rsquo;Alsace et du Chazal le 2 juin\"}]},{\"@type\":\"WebSite\",\"@id\":\"https:\/\/vosgesinfo.fr\/remiremontinfo\/#website\",\"url\":\"https:\/\/vosgesinfo.fr\/remiremontinfo\/\",\"name\":\"Remiremont Info\",\"description\":\"Toute l&#039;actualit\u00e9 de Remiremont\",\"publisher\":{\"@id\":\"https:\/\/vosgesinfo.fr\/remiremontinfo\/#organization\"},\"alternateName\":\"Toute l'actualit\u00e9 de Remiremont\",\"potentialAction\":[{\"@type\":\"SearchAction\",\"target\":{\"@type\":\"EntryPoint\",\"urlTemplate\":\"https:\/\/vosgesinfo.fr\/remiremontinfo\/?s={search_term_string}\"},\"query-input\":\"required name=search_term_string\"}],\"inLanguage\":\"fr-FR\"},{\"@type\":\"Organization\",\"@id\":\"https:\/\/vosgesinfo.fr\/remiremontinfo\/#organization\",\"name\":\"Remiremont Info\",\"url\":\"https:\/\/vosgesinfo.fr\/remiremontinfo\/\",\"logo\":{\"@type\":\"ImageObject\",\"inLanguage\":\"fr-FR\",\"@id\":\"https:\/\/vosgesinfo.fr\/remiremontinfo\/#\/schema\/logo\/image\/\",\"url\":\"https:\/\/vosgesinfo.fr\/app\/uploads\/sites\/5\/2023\/08\/favicon-remiremontinfo.png\",\"contentUrl\":\"https:\/\/vosgesinfo.fr\/app\/uploads\/sites\/5\/2023\/08\/favicon-remiremontinfo.png\",\"width\":512,\"height\":512,\"caption\":\"Remiremont Info\"},\"image\":{\"@id\":\"https:\/\/vosgesinfo.fr\/remiremontinfo\/#\/schema\/logo\/image\/\"},\"sameAs\":[\"https:\/\/www.facebook.com\/remiremontinfo\",\"https:\/\/x.com\/VosgesInfo88\",\"https:\/\/www.youtube.com\/@vosgesinfo\"]},{\"@type\":\"Person\",\"@id\":\"https:\/\/vosgesinfo.fr\/remiremontinfo\/#\/schema\/person\/27a3695b06db98895b354c0765cdfc31\",\"name\":\"La redaction\",\"image\":{\"@type\":\"ImageObject\",\"inLanguage\":\"fr-FR\",\"@id\":\"https:\/\/vosgesinfo.fr\/remiremontinfo\/#\/schema\/person\/image\/\",\"url\":\"https:\/\/secure.gravatar.com\/avatar\/64c76a78e501cedee55736f43f332df901e1896ae9cd8fad269ae2236dd0e8b6?s=96&d=mm&r=g\",\"contentUrl\":\"https:\/\/secure.gravatar.com\/avatar\/64c76a78e501cedee55736f43f332df901e1896ae9cd8fad269ae2236dd0e8b6?s=96&d=mm&r=g\",\"caption\":\"La redaction\"},\"url\":\"https:\/\/vosgesinfo.fr\/remiremontinfo\/author\/la-redaction\/\"}]}<\/script>\n<!-- \/ Yoast SEO plugin. -->","yoast_head_json":{"title":"Bussang : Coupure d'eau dans les rues du Breuil, d'Alsace et du Chazal le 2 juin - Remiremont Info","robots":{"index":"index","follow":"follow","max-snippet":"max-snippet:-1","max-image-preview":"max-image-preview:large","max-video-preview":"max-video-preview:-1"},"canonical":"https:\/\/vosgesinfo.fr\/remiremontinfo\/2025\/05\/bussang-coupure-deau-dans-les-rues-du-breuil-dalsace-et-du-chazal-le-2-juin\/","twitter_card":"summary_large_image","twitter_title":"Bussang : Coupure d'eau dans les rues du Breuil, d'Alsace et du Chazal le 2 juin - Remiremont Info","twitter_description":"Communiqu\u00e9 de la municipalit\u00e9 de Bussang : En raison du remplacement d&rsquo;une vanne abonn\u00e9 une coupure d&rsquo;eau aura lieu Lundi [&hellip;]","twitter_image":"https:\/\/vosgesinfo.fr\/app\/uploads\/sites\/5\/2024\/09\/201907eau-robinet-1.jpg","twitter_creator":"@VosgesInfo88","twitter_site":"@VosgesInfo88","twitter_misc":{"\u00c9crit par":"La redaction"},"schema":{"@context":"https:\/\/schema.org","@graph":[{"@type":"Article","@id":"https:\/\/vosgesinfo.fr\/remiremontinfo\/2025\/05\/bussang-coupure-deau-dans-les-rues-du-breuil-dalsace-et-du-chazal-le-2-juin\/#article","isPartOf":{"@id":"https:\/\/vosgesinfo.fr\/remiremontinfo\/2025\/05\/bussang-coupure-deau-dans-les-rues-du-breuil-dalsace-et-du-chazal-le-2-juin\/"},"author":{"name":"La redaction","@id":"https:\/\/vosgesinfo.fr\/remiremontinfo\/#\/schema\/person\/27a3695b06db98895b354c0765cdfc31"},"headline":"Bussang : Coupure d&rsquo;eau dans les rues du Breuil, d&rsquo;Alsace et du Chazal le 2 juin","datePublished":"2025-05-28T13:50:10+00:00","dateModified":"2025-05-28T12:03:39+00:00","mainEntityOfPage":{"@id":"https:\/\/vosgesinfo.fr\/remiremontinfo\/2025\/05\/bussang-coupure-deau-dans-les-rues-du-breuil-dalsace-et-du-chazal-le-2-juin\/"},"wordCount":76,"commentCount":0,"publisher":{"@id":"https:\/\/vosgesinfo.fr\/remiremontinfo\/#organization"},"image":{"@id":"https:\/\/vosgesinfo.fr\/remiremontinfo\/2025\/05\/bussang-coupure-deau-dans-les-rues-du-breuil-dalsace-et-du-chazal-le-2-juin\/#primaryimage"},"thumbnailUrl":"https:\/\/vosgesinfo.fr\/app\/uploads\/sites\/5\/2024\/09\/201907eau-robinet-1.jpg","keywords":["bussang","Coupure d'eau","travaux"],"articleSection":["A la Une","Agenda","Bussang"],"inLanguage":"fr-FR","potentialAction":[{"@type":"CommentAction","name":"Comment","target":["https:\/\/vosgesinfo.fr\/remiremontinfo\/2025\/05\/bussang-coupure-deau-dans-les-rues-du-breuil-dalsace-et-du-chazal-le-2-juin\/#respond"]}]},{"@type":"WebPage","@id":"https:\/\/vosgesinfo.fr\/remiremontinfo\/2025\/05\/bussang-coupure-deau-dans-les-rues-du-breuil-dalsace-et-du-chazal-le-2-juin\/","url":"https:\/\/vosgesinfo.fr\/remiremontinfo\/2025\/05\/bussang-coupure-deau-dans-les-rues-du-breuil-dalsace-et-du-chazal-le-2-juin\/","name":"Bussang : Coupure d'eau dans les rues du Breuil, d'Alsace et du Chazal le 2 juin - Remiremont Info","isPartOf":{"@id":"https:\/\/vosgesinfo.fr\/remiremontinfo\/#website"},"primaryImageOfPage":{"@id":"https:\/\/vosgesinfo.fr\/remiremontinfo\/2025\/05\/bussang-coupure-deau-dans-les-rues-du-breuil-dalsace-et-du-chazal-le-2-juin\/#primaryimage"},"image":{"@id":"https:\/\/vosgesinfo.fr\/remiremontinfo\/2025\/05\/bussang-coupure-deau-dans-les-rues-du-breuil-dalsace-et-du-chazal-le-2-juin\/#primaryimage"},"thumbnailUrl":"https:\/\/vosgesinfo.fr\/app\/uploads\/sites\/5\/2024\/09\/201907eau-robinet-1.jpg","datePublished":"2025-05-28T13:50:10+00:00","dateModified":"2025-05-28T12:03:39+00:00","breadcrumb":{"@id":"https:\/\/vosgesinfo.fr\/remiremontinfo\/2025\/05\/bussang-coupure-deau-dans-les-rues-du-breuil-dalsace-et-du-chazal-le-2-juin\/#breadcrumb"},"inLanguage":"fr-FR","potentialAction":[{"@type":"ReadAction","target":["https:\/\/vosgesinfo.fr\/remiremontinfo\/2025\/05\/bussang-coupure-deau-dans-les-rues-du-breuil-dalsace-et-du-chazal-le-2-juin\/"]}]},{"@type":"ImageObject","inLanguage":"fr-FR","@id":"https:\/\/vosgesinfo.fr\/remiremontinfo\/2025\/05\/bussang-coupure-deau-dans-les-rues-du-breuil-dalsace-et-du-chazal-le-2-juin\/#primaryimage","url":"https:\/\/vosgesinfo.fr\/app\/uploads\/sites\/5\/2024\/09\/201907eau-robinet-1.jpg","contentUrl":"https:\/\/vosgesinfo.fr\/app\/uploads\/sites\/5\/2024\/09\/201907eau-robinet-1.jpg","width":960,"height":640,"caption":"Photographie d'illustration."},{"@type":"BreadcrumbList","@id":"https:\/\/vosgesinfo.fr\/remiremontinfo\/2025\/05\/bussang-coupure-deau-dans-les-rues-du-breuil-dalsace-et-du-chazal-le-2-juin\/#breadcrumb","itemListElement":[{"@type":"ListItem","position":1,"name":"Home","item":"https:\/\/vosgesinfo.fr\/remiremontinfo\/"},{"@type":"ListItem","position":2,"name":"Bussang : Coupure d&rsquo;eau dans les rues du Breuil, d&rsquo;Alsace et du Chazal le 2 juin"}]},{"@type":"WebSite","@id":"https:\/\/vosgesinfo.fr\/remiremontinfo\/#website","url":"https:\/\/vosgesinfo.fr\/remiremontinfo\/","name":"Remiremont Info","description":"Toute l&#039;actualit\u00e9 de Remiremont","publisher":{"@id":"https:\/\/vosgesinfo.fr\/remiremontinfo\/#organization"},"alternateName":"Toute l'actualit\u00e9 de Remiremont","potentialAction":[{"@type":"SearchAction","target":{"@type":"EntryPoint","urlTemplate":"https:\/\/vosgesinfo.fr\/remiremontinfo\/?s={search_term_string}"},"query-input":"required name=search_term_string"}],"inLanguage":"fr-FR"},{"@type":"Organization","@id":"https:\/\/vosgesinfo.fr\/remiremontinfo\/#organization","name":"Remiremont Info","url":"https:\/\/vosgesinfo.fr\/remiremontinfo\/","logo":{"@type":"ImageObject","inLanguage":"fr-FR","@id":"https:\/\/vosgesinfo.fr\/remiremontinfo\/#\/schema\/logo\/image\/","url":"https:\/\/vosgesinfo.fr\/app\/uploads\/sites\/5\/2023\/08\/favicon-remiremontinfo.png","contentUrl":"https:\/\/vosgesinfo.fr\/app\/uploads\/sites\/5\/2023\/08\/favicon-remiremontinfo.png","width":512,"height":512,"caption":"Remiremont Info"},"image":{"@id":"https:\/\/vosgesinfo.fr\/remiremontinfo\/#\/schema\/logo\/image\/"},"sameAs":["https:\/\/www.facebook.com\/remiremontinfo","https:\/\/x.com\/VosgesInfo88","https:\/\/www.youtube.com\/@vosgesinfo"]},{"@type":"Person","@id":"https:\/\/vosgesinfo.fr\/remiremontinfo\/#\/schema\/person\/27a3695b06db98895b354c0765cdfc31","name":"La redaction","image":{"@type":"ImageObject","inLanguage":"fr-FR","@id":"https:\/\/vosgesinfo.fr\/remiremontinfo\/#\/schema\/person\/image\/","url":"https:\/\/secure.gravatar.com\/avatar\/64c76a78e501cedee55736f43f332df901e1896ae9cd8fad269ae2236dd0e8b6?s=96&d=mm&r=g","contentUrl":"https:\/\/secure.gravatar.com\/avatar\/64c76a78e501cedee55736f43f332df901e1896ae9cd8fad269ae2236dd0e8b6?s=96&d=mm&r=g","caption":"La redaction"},"url":"https:\/\/vosgesinfo.fr\/remiremontinfo\/author\/la-redaction\/"}]}},"_links":{"self":[{"href":"https:\/\/vosgesinfo.fr\/remiremontinfo\/wp-json\/wp\/v2\/posts\/82288","targetHints":{"allow":["GET"]}}],"collection":[{"href":"https:\/\/vosgesinfo.fr\/remiremontinfo\/wp-json\/wp\/v2\/posts"}],"about":[{"href":"https:\/\/vosgesinfo.fr\/remiremontinfo\/wp-json\/wp\/v2\/types\/post"}],"author":[{"embeddable":true,"href":"https:\/\/vosgesinfo.fr\/remiremontinfo\/wp-json\/wp\/v2\/users\/391"}],"replies":[{"embeddable":true,"href":"https:\/\/vosgesinfo.fr\/remiremontinfo\/wp-json\/wp\/v2\/comments?post=82288"}],"version-history":[{"count":1,"href":"https:\/\/vosgesinfo.fr\/remiremontinfo\/wp-json\/wp\/v2\/posts\/82288\/revisions"}],"predecessor-version":[{"id":82289,"href":"https:\/\/vosgesinfo.fr\/remiremontinfo\/wp-json\/wp\/v2\/posts\/82288\/revisions\/82289"}],"wp:featuredmedia":[{"embeddable":true,"href":"https:\/\/vosgesinfo.fr\/remiremontinfo\/wp-json\/wp\/v2\/media\/72406"}],"wp:attachment":[{"href":"https:\/\/vosgesinfo.fr\/remiremontinfo\/wp-json\/wp\/v2\/media?parent=82288"}],"wp:term":[{"taxonomy":"category","embeddable":true,"href":"https:\/\/vosgesinfo.fr\/remiremontinfo\/wp-json\/wp\/v2\/categories?post=82288"},{"taxonomy":"post_tag","embeddable":true,"href":"https:\/\/vosgesinfo.fr\/remiremontinfo\/wp-json\/wp\/v2\/tags?post=82288"}],"curies":[{"name":"wp","href":"https:\/\/api.w.org\/{rel}","templated":true}]}}