{"id":82290,"date":"2025-05-28T17:00:27","date_gmt":"2025-05-28T15:00:27","guid":{"rendered":"https:\/\/vosgesinfo.fr\/remiremontinfo\/?p=82290"},"modified":"2025-05-28T16:17:49","modified_gmt":"2025-05-28T14:17:49","slug":"les-visites-dansees-pour-la-foret-de-retour-a-la-vigotte-lab","status":"publish","type":"post","link":"https:\/\/vosgesinfo.fr\/remiremontinfo\/2025\/05\/les-visites-dansees-pour-la-foret-de-retour-a-la-vigotte-lab\/","title":{"rendered":"Les \u00ab Visites Dans\u00e9es pour la for\u00eat \u00bb de retour \u00e0 La Vigotte Lab"},"content":{"rendered":"<div class=\"page\" title=\"Page 1\">\n<div class=\"layoutArea\">\n<div class=\"column\">\n<div id=\"attachment_82291\" style=\"width: 2058px\" class=\"wp-caption aligncenter\"><a href=\"https:\/\/vosgesinfo.fr\/app\/uploads\/sites\/5\/2025\/05\/vigotte-lab.jpg\"><img decoding=\"async\" aria-describedby=\"caption-attachment-82291\" class=\"size-full wp-image-82291\" src=\"https:\/\/vosgesinfo.fr\/app\/uploads\/sites\/5\/2025\/05\/vigotte-lab.jpg\" alt=\"\" width=\"2048\" height=\"1152\" srcset=\"https:\/\/vosgesinfo.fr\/app\/uploads\/sites\/5\/2025\/05\/vigotte-lab.jpg 2048w, https:\/\/vosgesinfo.fr\/app\/uploads\/sites\/5\/2025\/05\/vigotte-lab-300x169.jpg 300w, https:\/\/vosgesinfo.fr\/app\/uploads\/sites\/5\/2025\/05\/vigotte-lab-1024x576.jpg 1024w, https:\/\/vosgesinfo.fr\/app\/uploads\/sites\/5\/2025\/05\/vigotte-lab-768x432.jpg 768w, https:\/\/vosgesinfo.fr\/app\/uploads\/sites\/5\/2025\/05\/vigotte-lab-1536x864.jpg 1536w\" sizes=\"(max-width: 2048px) 100vw, 2048px\" \/><\/a><p id=\"caption-attachment-82291\" class=\"wp-caption-text\">Photographie : Fb Vigotte Lab.<\/p><\/div>\n<p><strong>Les \u00ab Visites Danse\u0301es pour la fore\u0302t \u00bb de retour a\u0300 La Vigotte Lab<\/strong><\/p>\n<p><strong>Du dimanche 1er au jeudi 5 juin 2025 a\u0300 La Vigotte au Girmont Val d\u2019Ajol<\/strong><\/p>\n<p>Pense\u0301e comme une rencontre sensible avec le vivant, cette cre\u0301ation d\u2019Aure\u0301lie Gandit de la Compagnie Callicarpa, ne\u0301e in situ au printemps 2024, me\u0302le danse contemporaine, re\u0301cits de territoire et regard naturaliste. Elle se rede\u0301couvre en plein air sur le site de La Vigotte Lab, dans le cadre du projet Parcours sensoriels de la Valle\u0301e apprenante.<\/p>\n<p>Cette diffusion est mene\u0301e dans une coope\u0301ration engage\u0301e entre le Parc naturel re\u0301gional des Ballons des Vosges, La Vigotte Lab et l\u2019espace Berlioz &#8211; lieu socio-culturel hybride vosgien qui ouvrira ses portes a\u0300 l\u2019e\u0301te\u0301 2026. Les visites danse\u0301es sont la rencontre de l\u2019inge\u0301nierie culturelle propose\u0301e par l\u2019espace Berlioz au service de la mise en lumie\u0300re, par la danse, des expe\u0301rimentations porte\u0301es par La Vigotte Lab, tiers- lieu de 30 hectares de\u0301die\u0301 a\u0300 la ruralite\u0301 et a\u0300 la transition e\u0301cologique.<\/p>\n<p>Les partenaires partagent la volonte\u0301 de valoriser cette cre\u0301ation chore\u0301graphique et de la rendre accessible a\u0300 un large public. Pour cela, en lien avec les artistes, plusieurs dispositifs ont e\u0301te\u0301 mis en place : navette gratuite Mobilibre, transports en bus pour les colle\u0301giens, se\u0301ances scolaires, balades sensibles et ateliers du corps, temps de me\u0301diation et de convivialite\u0301.<\/p>\n<p><strong>&gt; Visite danse\u0301e, c\u2019est quoi ?<\/strong><\/p>\n<p>De\u0301ambulation chore\u0301graphique &#8211; performance poe\u0301tique entre fore\u0302t, gestes et re\u0301cits&#8230;le danseur Benjamin Labruye\u0300re vous guide a\u0300 travers le hameau, sa fore\u0302t et ses habitants, dans une performance immersive suivie d\u2019un temps d\u2019e\u0301change convivial. Une expe\u0301rience a\u0300 vivre en famille, entre amis ou en solo, pour interroger notre lien a\u0300 la nature.<\/p>\n<p>Distribution : Aure\u0301lie Gandit (chore\u0301graphie), Benjamin Labruye\u0300re (interpre\u0301tation)<br \/>\nProduction : Compagnie Callicarpa<br \/>\nCoproduction : Espace Berlioz \/ La Vigotte Lab \/ Parc naturel re\u0301gional des Ballons des Vosges<\/p>\n<p><strong>&gt; Informations re\u0301servations<\/strong><\/p>\n<p>3 repre\u0301sentations tout public : dimanche 1er juin a\u0300 10h et a\u0300 15h30 -suivi d\u2019un atelier du corps- et mercredi 4 juin \u2013 15h30<br \/>\nSe\u0301ances scolaires : Mardi 2 et Jeudi 5 juin<br \/>\nVisite officielle (partenaires et e\u0301lus) : Mardi 2 juin a\u0300 15h30<\/p>\n<p>Dure\u0301e entre 1h et 1h30 \u2013 De\u0300s 12 ans &#8211; Gratuit<br \/>\nParking du Logis ho\u0302tel restaurant de la Vigotte. De\u0301part depuis l\u2019esplanade devant le restaurant.<\/p>\n<p>Sur inscription uniquement :<\/p>\n<p><a href=\"https:\/\/www.helloasso.com\/associations\/la-vigotte-lab\" target=\"_blank\" rel=\"noopener\">https:\/\/www.helloasso.com\/associations\/la-vigotte-lab<\/a> espace.berlioz@plombieres.fr &#8211; 07 50 59 49 94<\/p>\n<p>Parcours non accessible aux PMR \/ poussettes.<br \/>\nPre\u0301voir un e\u0301quipement adapte\u0301 pour marcher et selon la me\u0301te\u0301o (parapluie, k-way, bottes&#8230;). Espaces pour le repas tire\u0301 du sac.<\/p>\n<p>Le projet rec\u0327oit le soutien financier de la Re\u0301gion Grand Est<br \/>\nLa Compagnie rec\u0327oit le soutien de : DRAC Grand Est \/ Re\u0301gion Grand Est \/ De\u0301partement des Vosges \/ Vosges Secre\u0300tes \u2013 CTEAC \/ Collectivite\u0301 europe\u0301enne d\u2019Alsace \/ Ville de Mulhouse<\/p>\n<\/div>\n<\/div>\n<\/div>\n","protected":false},"excerpt":{"rendered":"<p>Les \u00ab Visites Danse\u0301es pour la fore\u0302t \u00bb de retour a\u0300 La Vigotte Lab Du dimanche 1er au jeudi 5 [&hellip;]<\/p>\n","protected":false},"author":391,"featured_media":82291,"comment_status":"open","ping_status":"open","sticky":false,"template":"","format":"standard","meta":{"footnotes":""},"categories":[26,594,121],"tags":[7999],"class_list":["post-82290","post","type-post","status-publish","format-standard","has-post-thumbnail","hentry","category-a-la-une","category-agenda","category-le-val-dajol-le-val-dajol-son-canton","tag-vigotte-lab"],"acf":[],"yoast_head":"<!-- This site is optimized with the Yoast SEO plugin v22.5 - https:\/\/yoast.com\/wordpress\/plugins\/seo\/ -->\n<title>Les \u00ab Visites Dans\u00e9es pour la for\u00eat \u00bb de retour \u00e0 La Vigotte Lab - Remiremont Info<\/title>\n<meta name=\"robots\" content=\"index, follow, max-snippet:-1, max-image-preview:large, max-video-preview:-1\" \/>\n<link rel=\"canonical\" href=\"https:\/\/vosgesinfo.fr\/remiremontinfo\/2025\/05\/les-visites-dansees-pour-la-foret-de-retour-a-la-vigotte-lab\/\" \/>\n<meta name=\"twitter:card\" content=\"summary_large_image\" \/>\n<meta name=\"twitter:title\" content=\"Les \u00ab Visites Dans\u00e9es pour la for\u00eat \u00bb de retour \u00e0 La Vigotte Lab - Remiremont Info\" \/>\n<meta name=\"twitter:description\" content=\"Les \u00ab Visites Danse\u0301es pour la fore\u0302t \u00bb de retour a\u0300 La Vigotte Lab Du dimanche 1er au jeudi 5 [&hellip;]\" \/>\n<meta name=\"twitter:image\" content=\"https:\/\/vosgesinfo.fr\/app\/uploads\/sites\/5\/2025\/05\/vigotte-lab.jpg\" \/>\n<meta name=\"twitter:creator\" content=\"@VosgesInfo88\" \/>\n<meta name=\"twitter:site\" content=\"@VosgesInfo88\" \/>\n<meta name=\"twitter:label1\" content=\"\u00c9crit par\" \/>\n\t<meta name=\"twitter:data1\" content=\"La redaction\" \/>\n\t<meta name=\"twitter:label2\" content=\"Dur\u00e9e de lecture estim\u00e9e\" \/>\n\t<meta name=\"twitter:data2\" content=\"3 minutes\" \/>\n<script type=\"application\/ld+json\" class=\"yoast-schema-graph\">{\"@context\":\"https:\/\/schema.org\",\"@graph\":[{\"@type\":\"Article\",\"@id\":\"https:\/\/vosgesinfo.fr\/remiremontinfo\/2025\/05\/les-visites-dansees-pour-la-foret-de-retour-a-la-vigotte-lab\/#article\",\"isPartOf\":{\"@id\":\"https:\/\/vosgesinfo.fr\/remiremontinfo\/2025\/05\/les-visites-dansees-pour-la-foret-de-retour-a-la-vigotte-lab\/\"},\"author\":{\"name\":\"La redaction\",\"@id\":\"https:\/\/vosgesinfo.fr\/remiremontinfo\/#\/schema\/person\/27a3695b06db98895b354c0765cdfc31\"},\"headline\":\"Les \u00ab Visites Dans\u00e9es pour la for\u00eat \u00bb de retour \u00e0 La Vigotte Lab\",\"datePublished\":\"2025-05-28T15:00:27+00:00\",\"dateModified\":\"2025-05-28T14:17:49+00:00\",\"mainEntityOfPage\":{\"@id\":\"https:\/\/vosgesinfo.fr\/remiremontinfo\/2025\/05\/les-visites-dansees-pour-la-foret-de-retour-a-la-vigotte-lab\/\"},\"wordCount\":527,\"commentCount\":0,\"publisher\":{\"@id\":\"https:\/\/vosgesinfo.fr\/remiremontinfo\/#organization\"},\"image\":{\"@id\":\"https:\/\/vosgesinfo.fr\/remiremontinfo\/2025\/05\/les-visites-dansees-pour-la-foret-de-retour-a-la-vigotte-lab\/#primaryimage\"},\"thumbnailUrl\":\"https:\/\/vosgesinfo.fr\/app\/uploads\/sites\/5\/2025\/05\/vigotte-lab.jpg\",\"keywords\":[\"Vigotte Lab\"],\"articleSection\":[\"A la Une\",\"Agenda\",\"Le Val d'Ajol\"],\"inLanguage\":\"fr-FR\",\"potentialAction\":[{\"@type\":\"CommentAction\",\"name\":\"Comment\",\"target\":[\"https:\/\/vosgesinfo.fr\/remiremontinfo\/2025\/05\/les-visites-dansees-pour-la-foret-de-retour-a-la-vigotte-lab\/#respond\"]}]},{\"@type\":\"WebPage\",\"@id\":\"https:\/\/vosgesinfo.fr\/remiremontinfo\/2025\/05\/les-visites-dansees-pour-la-foret-de-retour-a-la-vigotte-lab\/\",\"url\":\"https:\/\/vosgesinfo.fr\/remiremontinfo\/2025\/05\/les-visites-dansees-pour-la-foret-de-retour-a-la-vigotte-lab\/\",\"name\":\"Les \u00ab Visites Dans\u00e9es pour la for\u00eat \u00bb de retour \u00e0 La Vigotte Lab - Remiremont Info\",\"isPartOf\":{\"@id\":\"https:\/\/vosgesinfo.fr\/remiremontinfo\/#website\"},\"primaryImageOfPage\":{\"@id\":\"https:\/\/vosgesinfo.fr\/remiremontinfo\/2025\/05\/les-visites-dansees-pour-la-foret-de-retour-a-la-vigotte-lab\/#primaryimage\"},\"image\":{\"@id\":\"https:\/\/vosgesinfo.fr\/remiremontinfo\/2025\/05\/les-visites-dansees-pour-la-foret-de-retour-a-la-vigotte-lab\/#primaryimage\"},\"thumbnailUrl\":\"https:\/\/vosgesinfo.fr\/app\/uploads\/sites\/5\/2025\/05\/vigotte-lab.jpg\",\"datePublished\":\"2025-05-28T15:00:27+00:00\",\"dateModified\":\"2025-05-28T14:17:49+00:00\",\"breadcrumb\":{\"@id\":\"https:\/\/vosgesinfo.fr\/remiremontinfo\/2025\/05\/les-visites-dansees-pour-la-foret-de-retour-a-la-vigotte-lab\/#breadcrumb\"},\"inLanguage\":\"fr-FR\",\"potentialAction\":[{\"@type\":\"ReadAction\",\"target\":[\"https:\/\/vosgesinfo.fr\/remiremontinfo\/2025\/05\/les-visites-dansees-pour-la-foret-de-retour-a-la-vigotte-lab\/\"]}]},{\"@type\":\"ImageObject\",\"inLanguage\":\"fr-FR\",\"@id\":\"https:\/\/vosgesinfo.fr\/remiremontinfo\/2025\/05\/les-visites-dansees-pour-la-foret-de-retour-a-la-vigotte-lab\/#primaryimage\",\"url\":\"https:\/\/vosgesinfo.fr\/app\/uploads\/sites\/5\/2025\/05\/vigotte-lab.jpg\",\"contentUrl\":\"https:\/\/vosgesinfo.fr\/app\/uploads\/sites\/5\/2025\/05\/vigotte-lab.jpg\",\"width\":2048,\"height\":1152,\"caption\":\"Photographie : Fb Vigotte Lab.\"},{\"@type\":\"BreadcrumbList\",\"@id\":\"https:\/\/vosgesinfo.fr\/remiremontinfo\/2025\/05\/les-visites-dansees-pour-la-foret-de-retour-a-la-vigotte-lab\/#breadcrumb\",\"itemListElement\":[{\"@type\":\"ListItem\",\"position\":1,\"name\":\"Home\",\"item\":\"https:\/\/vosgesinfo.fr\/remiremontinfo\/\"},{\"@type\":\"ListItem\",\"position\":2,\"name\":\"Les \u00ab Visites Dans\u00e9es pour la for\u00eat \u00bb de retour \u00e0 La Vigotte Lab\"}]},{\"@type\":\"WebSite\",\"@id\":\"https:\/\/vosgesinfo.fr\/remiremontinfo\/#website\",\"url\":\"https:\/\/vosgesinfo.fr\/remiremontinfo\/\",\"name\":\"Remiremont Info\",\"description\":\"Toute l&#039;actualit\u00e9 de Remiremont\",\"publisher\":{\"@id\":\"https:\/\/vosgesinfo.fr\/remiremontinfo\/#organization\"},\"alternateName\":\"Toute l'actualit\u00e9 de Remiremont\",\"potentialAction\":[{\"@type\":\"SearchAction\",\"target\":{\"@type\":\"EntryPoint\",\"urlTemplate\":\"https:\/\/vosgesinfo.fr\/remiremontinfo\/?s={search_term_string}\"},\"query-input\":\"required name=search_term_string\"}],\"inLanguage\":\"fr-FR\"},{\"@type\":\"Organization\",\"@id\":\"https:\/\/vosgesinfo.fr\/remiremontinfo\/#organization\",\"name\":\"Remiremont Info\",\"url\":\"https:\/\/vosgesinfo.fr\/remiremontinfo\/\",\"logo\":{\"@type\":\"ImageObject\",\"inLanguage\":\"fr-FR\",\"@id\":\"https:\/\/vosgesinfo.fr\/remiremontinfo\/#\/schema\/logo\/image\/\",\"url\":\"https:\/\/vosgesinfo.fr\/app\/uploads\/sites\/5\/2023\/08\/favicon-remiremontinfo.png\",\"contentUrl\":\"https:\/\/vosgesinfo.fr\/app\/uploads\/sites\/5\/2023\/08\/favicon-remiremontinfo.png\",\"width\":512,\"height\":512,\"caption\":\"Remiremont Info\"},\"image\":{\"@id\":\"https:\/\/vosgesinfo.fr\/remiremontinfo\/#\/schema\/logo\/image\/\"},\"sameAs\":[\"https:\/\/www.facebook.com\/remiremontinfo\",\"https:\/\/x.com\/VosgesInfo88\",\"https:\/\/www.youtube.com\/@vosgesinfo\"]},{\"@type\":\"Person\",\"@id\":\"https:\/\/vosgesinfo.fr\/remiremontinfo\/#\/schema\/person\/27a3695b06db98895b354c0765cdfc31\",\"name\":\"La redaction\",\"image\":{\"@type\":\"ImageObject\",\"inLanguage\":\"fr-FR\",\"@id\":\"https:\/\/vosgesinfo.fr\/remiremontinfo\/#\/schema\/person\/image\/\",\"url\":\"https:\/\/secure.gravatar.com\/avatar\/64c76a78e501cedee55736f43f332df901e1896ae9cd8fad269ae2236dd0e8b6?s=96&d=mm&r=g\",\"contentUrl\":\"https:\/\/secure.gravatar.com\/avatar\/64c76a78e501cedee55736f43f332df901e1896ae9cd8fad269ae2236dd0e8b6?s=96&d=mm&r=g\",\"caption\":\"La redaction\"},\"url\":\"https:\/\/vosgesinfo.fr\/remiremontinfo\/author\/la-redaction\/\"}]}<\/script>\n<!-- \/ Yoast SEO plugin. -->","yoast_head_json":{"title":"Les \u00ab Visites Dans\u00e9es pour la for\u00eat \u00bb de retour \u00e0 La Vigotte Lab - Remiremont Info","robots":{"index":"index","follow":"follow","max-snippet":"max-snippet:-1","max-image-preview":"max-image-preview:large","max-video-preview":"max-video-preview:-1"},"canonical":"https:\/\/vosgesinfo.fr\/remiremontinfo\/2025\/05\/les-visites-dansees-pour-la-foret-de-retour-a-la-vigotte-lab\/","twitter_card":"summary_large_image","twitter_title":"Les \u00ab Visites Dans\u00e9es pour la for\u00eat \u00bb de retour \u00e0 La Vigotte Lab - Remiremont Info","twitter_description":"Les \u00ab Visites Danse\u0301es pour la fore\u0302t \u00bb de retour a\u0300 La Vigotte Lab Du dimanche 1er au jeudi 5 [&hellip;]","twitter_image":"https:\/\/vosgesinfo.fr\/app\/uploads\/sites\/5\/2025\/05\/vigotte-lab.jpg","twitter_creator":"@VosgesInfo88","twitter_site":"@VosgesInfo88","twitter_misc":{"\u00c9crit par":"La redaction","Dur\u00e9e de lecture estim\u00e9e":"3 minutes"},"schema":{"@context":"https:\/\/schema.org","@graph":[{"@type":"Article","@id":"https:\/\/vosgesinfo.fr\/remiremontinfo\/2025\/05\/les-visites-dansees-pour-la-foret-de-retour-a-la-vigotte-lab\/#article","isPartOf":{"@id":"https:\/\/vosgesinfo.fr\/remiremontinfo\/2025\/05\/les-visites-dansees-pour-la-foret-de-retour-a-la-vigotte-lab\/"},"author":{"name":"La redaction","@id":"https:\/\/vosgesinfo.fr\/remiremontinfo\/#\/schema\/person\/27a3695b06db98895b354c0765cdfc31"},"headline":"Les \u00ab Visites Dans\u00e9es pour la for\u00eat \u00bb de retour \u00e0 La Vigotte Lab","datePublished":"2025-05-28T15:00:27+00:00","dateModified":"2025-05-28T14:17:49+00:00","mainEntityOfPage":{"@id":"https:\/\/vosgesinfo.fr\/remiremontinfo\/2025\/05\/les-visites-dansees-pour-la-foret-de-retour-a-la-vigotte-lab\/"},"wordCount":527,"commentCount":0,"publisher":{"@id":"https:\/\/vosgesinfo.fr\/remiremontinfo\/#organization"},"image":{"@id":"https:\/\/vosgesinfo.fr\/remiremontinfo\/2025\/05\/les-visites-dansees-pour-la-foret-de-retour-a-la-vigotte-lab\/#primaryimage"},"thumbnailUrl":"https:\/\/vosgesinfo.fr\/app\/uploads\/sites\/5\/2025\/05\/vigotte-lab.jpg","keywords":["Vigotte Lab"],"articleSection":["A la Une","Agenda","Le Val d'Ajol"],"inLanguage":"fr-FR","potentialAction":[{"@type":"CommentAction","name":"Comment","target":["https:\/\/vosgesinfo.fr\/remiremontinfo\/2025\/05\/les-visites-dansees-pour-la-foret-de-retour-a-la-vigotte-lab\/#respond"]}]},{"@type":"WebPage","@id":"https:\/\/vosgesinfo.fr\/remiremontinfo\/2025\/05\/les-visites-dansees-pour-la-foret-de-retour-a-la-vigotte-lab\/","url":"https:\/\/vosgesinfo.fr\/remiremontinfo\/2025\/05\/les-visites-dansees-pour-la-foret-de-retour-a-la-vigotte-lab\/","name":"Les \u00ab Visites Dans\u00e9es pour la for\u00eat \u00bb de retour \u00e0 La Vigotte Lab - Remiremont Info","isPartOf":{"@id":"https:\/\/vosgesinfo.fr\/remiremontinfo\/#website"},"primaryImageOfPage":{"@id":"https:\/\/vosgesinfo.fr\/remiremontinfo\/2025\/05\/les-visites-dansees-pour-la-foret-de-retour-a-la-vigotte-lab\/#primaryimage"},"image":{"@id":"https:\/\/vosgesinfo.fr\/remiremontinfo\/2025\/05\/les-visites-dansees-pour-la-foret-de-retour-a-la-vigotte-lab\/#primaryimage"},"thumbnailUrl":"https:\/\/vosgesinfo.fr\/app\/uploads\/sites\/5\/2025\/05\/vigotte-lab.jpg","datePublished":"2025-05-28T15:00:27+00:00","dateModified":"2025-05-28T14:17:49+00:00","breadcrumb":{"@id":"https:\/\/vosgesinfo.fr\/remiremontinfo\/2025\/05\/les-visites-dansees-pour-la-foret-de-retour-a-la-vigotte-lab\/#breadcrumb"},"inLanguage":"fr-FR","potentialAction":[{"@type":"ReadAction","target":["https:\/\/vosgesinfo.fr\/remiremontinfo\/2025\/05\/les-visites-dansees-pour-la-foret-de-retour-a-la-vigotte-lab\/"]}]},{"@type":"ImageObject","inLanguage":"fr-FR","@id":"https:\/\/vosgesinfo.fr\/remiremontinfo\/2025\/05\/les-visites-dansees-pour-la-foret-de-retour-a-la-vigotte-lab\/#primaryimage","url":"https:\/\/vosgesinfo.fr\/app\/uploads\/sites\/5\/2025\/05\/vigotte-lab.jpg","contentUrl":"https:\/\/vosgesinfo.fr\/app\/uploads\/sites\/5\/2025\/05\/vigotte-lab.jpg","width":2048,"height":1152,"caption":"Photographie : Fb Vigotte Lab."},{"@type":"BreadcrumbList","@id":"https:\/\/vosgesinfo.fr\/remiremontinfo\/2025\/05\/les-visites-dansees-pour-la-foret-de-retour-a-la-vigotte-lab\/#breadcrumb","itemListElement":[{"@type":"ListItem","position":1,"name":"Home","item":"https:\/\/vosgesinfo.fr\/remiremontinfo\/"},{"@type":"ListItem","position":2,"name":"Les \u00ab Visites Dans\u00e9es pour la for\u00eat \u00bb de retour \u00e0 La Vigotte Lab"}]},{"@type":"WebSite","@id":"https:\/\/vosgesinfo.fr\/remiremontinfo\/#website","url":"https:\/\/vosgesinfo.fr\/remiremontinfo\/","name":"Remiremont Info","description":"Toute l&#039;actualit\u00e9 de Remiremont","publisher":{"@id":"https:\/\/vosgesinfo.fr\/remiremontinfo\/#organization"},"alternateName":"Toute l'actualit\u00e9 de Remiremont","potentialAction":[{"@type":"SearchAction","target":{"@type":"EntryPoint","urlTemplate":"https:\/\/vosgesinfo.fr\/remiremontinfo\/?s={search_term_string}"},"query-input":"required name=search_term_string"}],"inLanguage":"fr-FR"},{"@type":"Organization","@id":"https:\/\/vosgesinfo.fr\/remiremontinfo\/#organization","name":"Remiremont Info","url":"https:\/\/vosgesinfo.fr\/remiremontinfo\/","logo":{"@type":"ImageObject","inLanguage":"fr-FR","@id":"https:\/\/vosgesinfo.fr\/remiremontinfo\/#\/schema\/logo\/image\/","url":"https:\/\/vosgesinfo.fr\/app\/uploads\/sites\/5\/2023\/08\/favicon-remiremontinfo.png","contentUrl":"https:\/\/vosgesinfo.fr\/app\/uploads\/sites\/5\/2023\/08\/favicon-remiremontinfo.png","width":512,"height":512,"caption":"Remiremont Info"},"image":{"@id":"https:\/\/vosgesinfo.fr\/remiremontinfo\/#\/schema\/logo\/image\/"},"sameAs":["https:\/\/www.facebook.com\/remiremontinfo","https:\/\/x.com\/VosgesInfo88","https:\/\/www.youtube.com\/@vosgesinfo"]},{"@type":"Person","@id":"https:\/\/vosgesinfo.fr\/remiremontinfo\/#\/schema\/person\/27a3695b06db98895b354c0765cdfc31","name":"La redaction","image":{"@type":"ImageObject","inLanguage":"fr-FR","@id":"https:\/\/vosgesinfo.fr\/remiremontinfo\/#\/schema\/person\/image\/","url":"https:\/\/secure.gravatar.com\/avatar\/64c76a78e501cedee55736f43f332df901e1896ae9cd8fad269ae2236dd0e8b6?s=96&d=mm&r=g","contentUrl":"https:\/\/secure.gravatar.com\/avatar\/64c76a78e501cedee55736f43f332df901e1896ae9cd8fad269ae2236dd0e8b6?s=96&d=mm&r=g","caption":"La redaction"},"url":"https:\/\/vosgesinfo.fr\/remiremontinfo\/author\/la-redaction\/"}]}},"_links":{"self":[{"href":"https:\/\/vosgesinfo.fr\/remiremontinfo\/wp-json\/wp\/v2\/posts\/82290","targetHints":{"allow":["GET"]}}],"collection":[{"href":"https:\/\/vosgesinfo.fr\/remiremontinfo\/wp-json\/wp\/v2\/posts"}],"about":[{"href":"https:\/\/vosgesinfo.fr\/remiremontinfo\/wp-json\/wp\/v2\/types\/post"}],"author":[{"embeddable":true,"href":"https:\/\/vosgesinfo.fr\/remiremontinfo\/wp-json\/wp\/v2\/users\/391"}],"replies":[{"embeddable":true,"href":"https:\/\/vosgesinfo.fr\/remiremontinfo\/wp-json\/wp\/v2\/comments?post=82290"}],"version-history":[{"count":1,"href":"https:\/\/vosgesinfo.fr\/remiremontinfo\/wp-json\/wp\/v2\/posts\/82290\/revisions"}],"predecessor-version":[{"id":82292,"href":"https:\/\/vosgesinfo.fr\/remiremontinfo\/wp-json\/wp\/v2\/posts\/82290\/revisions\/82292"}],"wp:featuredmedia":[{"embeddable":true,"href":"https:\/\/vosgesinfo.fr\/remiremontinfo\/wp-json\/wp\/v2\/media\/82291"}],"wp:attachment":[{"href":"https:\/\/vosgesinfo.fr\/remiremontinfo\/wp-json\/wp\/v2\/media?parent=82290"}],"wp:term":[{"taxonomy":"category","embeddable":true,"href":"https:\/\/vosgesinfo.fr\/remiremontinfo\/wp-json\/wp\/v2\/categories?post=82290"},{"taxonomy":"post_tag","embeddable":true,"href":"https:\/\/vosgesinfo.fr\/remiremontinfo\/wp-json\/wp\/v2\/tags?post=82290"}],"curies":[{"name":"wp","href":"https:\/\/api.w.org\/{rel}","templated":true}]}}