{"id":82755,"date":"2025-06-16T14:50:15","date_gmt":"2025-06-16T12:50:15","guid":{"rendered":"https:\/\/vosgesinfo.fr\/remiremontinfo\/?p=82755"},"modified":"2025-06-16T14:14:50","modified_gmt":"2025-06-16T12:14:50","slug":"demi-journee-de-sensibilisation-a-la-recyclerie-annie-thiebaut-decouverte-du-tri-textile-et-atelier-upcycling","status":"publish","type":"post","link":"https:\/\/vosgesinfo.fr\/remiremontinfo\/2025\/06\/demi-journee-de-sensibilisation-a-la-recyclerie-annie-thiebaut-decouverte-du-tri-textile-et-atelier-upcycling\/","title":{"rendered":"DEMI-JOURN\u00c9E DE SENSIBILISATION \u00c0 LA RECYCLERIE ANNIE THI\u00c9BAUT : d\u00e9couverte du tri textile et atelier upcycling !"},"content":{"rendered":"<div class=\"page\" title=\"Page 1\">\n<div class=\"layoutArea\">\n<div class=\"column\">\n<p><a href=\"https:\/\/vosgesinfo.fr\/app\/uploads\/sites\/5\/2025\/06\/invitation-atelier-sensibilisation-textile.jpg\"><img decoding=\"async\" class=\"aligncenter size-full wp-image-82756\" src=\"https:\/\/vosgesinfo.fr\/app\/uploads\/sites\/5\/2025\/06\/invitation-atelier-sensibilisation-textile.jpg\" alt=\"\" width=\"1428\" height=\"2000\" srcset=\"https:\/\/vosgesinfo.fr\/app\/uploads\/sites\/5\/2025\/06\/invitation-atelier-sensibilisation-textile.jpg 1428w, https:\/\/vosgesinfo.fr\/app\/uploads\/sites\/5\/2025\/06\/invitation-atelier-sensibilisation-textile-214x300.jpg 214w, https:\/\/vosgesinfo.fr\/app\/uploads\/sites\/5\/2025\/06\/invitation-atelier-sensibilisation-textile-731x1024.jpg 731w, https:\/\/vosgesinfo.fr\/app\/uploads\/sites\/5\/2025\/06\/invitation-atelier-sensibilisation-textile-768x1076.jpg 768w, https:\/\/vosgesinfo.fr\/app\/uploads\/sites\/5\/2025\/06\/invitation-atelier-sensibilisation-textile-1097x1536.jpg 1097w\" sizes=\"(max-width: 1428px) 100vw, 1428px\" \/><\/a><\/p>\n<p><strong>Saint-E\u0301tienne-le\u0300s-Remiremont \u2013 L\u2019association L\u2019Abri organise la 2e demi-journe\u0301e de sensibilisation textile a\u0300 la Recyclerie Annie Thie\u0301baut, 5 rue des Grands Moulins le mercredi 25 juin de 14h30 a\u0300 16h30. Une nouvelle occasion de de\u0301couvrir les coulisses du tri textile et de s\u2019initier a\u0300 un atelier cre\u0301atif et engage\u0301 autour de la re\u0301cupe\u0301ration textile.<\/strong><\/p>\n<p><strong>Visite guide\u0301e du tri textile &amp; immersion dans une de\u0301marche solidaire<\/strong><\/p>\n<p>L\u2019apre\u0300s-midi de\u0301butera par une visite guide\u0301e de l\u2019atelier de tri textile, ou\u0300 les participants pourront suivre le cheminement des dons collecte\u0301s par l\u2019association : re\u0301ception, tri, valorisation, redistribution ou recyclage. Ce temps de visite sera e\u0301galement l\u2019occasion d\u2019expliquer le fonctionnement de l\u2019association L\u2019Abri et de pre\u0301senter son engagement social et solidaire a\u0300 travers ses chantiers d\u2019insertion. L\u2019atelier de tri est en effet un support d\u2019activite\u0301 permettant a\u0300 des personnes e\u0301loigne\u0301es de l\u2019emploi de reprendre une activite\u0301 professionnelle tout en e\u0301tant accompagne\u0301es vers un projet durable.<\/p>\n<p>Une belle occasion de comprendre l\u2019impact e\u0301cologique des gestes de tri et d\u2019apprendre comment ces objets trouvent une seconde vie.<\/p>\n<p><strong>Atelier d\u2019upcycling : une rose a\u0300 partir de tissu re\u0301cupe\u0301re\u0301<\/strong><\/p>\n<p>La deuxie\u0300me partie de la demi-journe\u0301e sera consacre\u0301e a\u0300 un atelier cre\u0301atif d\u2019upcycling. L\u2019upcycling, ou surcyclage, consiste a\u0300 transformer des objets ou ve\u0302tements usage\u0301s en nouveaux produits tendance et utiles, sans passer par la case recyclage industriel. Chaque participant apprendra a\u0300 fabriquer une rose de\u0301corative a\u0300 partir de chutes de tissu (biais, restes de couture, tissus re\u0301cupe\u0301re\u0301s). Tout le mate\u0301riel est fourni. Il est e\u0301galement possible d\u2019apporter ses propres chutes de tissu.<\/p>\n<p>Cette demi-journe\u0301e s\u2019adresse a\u0300 tous ceux qui souhaitent s\u2019initier aux bonnes pratiques du tri et de\u0301couvrir des solutions cre\u0301atives pour donner une seconde vie aux textiles. Une belle fac\u0327on de valoriser des mate\u0301riaux destine\u0301s a\u0300 e\u0302tre jete\u0301s, tout en expe\u0301rimentant une de\u0301marche ze\u0301ro de\u0301chet et accessible a\u0300 tous.<\/p>\n<p><strong>Un moment engage\u0301, convivial et gratuit<\/strong><\/p>\n<p>Cet e\u0301ve\u0301nement fait partie d\u2019un cycle de quatre demi-journe\u0301es de sensibilisation organise\u0301es tout au long de l\u2019anne\u0301e 2025, chacune avec un atelier d\u2019upcycling diffe\u0301rent. Prochains rendez-vous a\u0300 venir : septembre et novembre.<\/p>\n<div class=\"page\" title=\"Page 2\">\n<div class=\"layoutArea\">\n<div class=\"column\">\n<p><strong>A\u0300 propos de L\u2019ABRI<\/strong><\/p>\n<p>L\u2019ABRI est une association loi 1901 a\u0300 but non lucratif cre\u0301e\u0301e en 1977 a\u0300 Remiremont, reconnue d\u2019inte\u0301re\u0302t ge\u0301ne\u0301ral a\u0300 vocation sociale. L\u2019association \u0153uvre principalement dans deux domaines : l\u2019he\u0301bergement, le logement et la sante\u0301 de personnes sans domicile et l\u2019insertion sociale et professionnelle de personnes e\u0301loigne\u0301es de l\u2019emploi.<\/p>\n<p>Pour ce faire, ses supports d\u2019activite\u0301 sont des chantiers d\u2019insertion tous tourne\u0301s vers le de\u0301veloppement durable par la collecte, le re\u0301emploi et la revalorisation d\u2019objets issus du territoire. L\u2019ABRI est implante\u0301 sur sept sites (Pouxeux, Saint Nabord, Saint Etienne-le\u0300s- Remiremont, Remiremont, Ge\u0301rardmer, Cornimont et le Val d\u2019Ajol) et intervient sur toute la moitie\u0301 Est des Vosges, emploie 32 salarie\u0301s permanents, dispose de 85 places d\u2019he\u0301bergement et d\u2019accompagnement (tous dispositifs confondus) et est agre\u0301e\u0301e pour l\u2019accueil de 62 e\u0301quivalents temps plein en contrat d\u2019insertion (soit 85 postes). Une trentaine de be\u0301ne\u0301voles actifs intervient e\u0301galement au quotidien.<\/p>\n<\/div>\n<\/div>\n<\/div>\n<\/div>\n<\/div>\n<\/div>\n","protected":false},"excerpt":{"rendered":"<p>Saint-E\u0301tienne-le\u0300s-Remiremont \u2013 L\u2019association L\u2019Abri organise la 2e demi-journe\u0301e de sensibilisation textile a\u0300 la Recyclerie Annie Thie\u0301baut, 5 rue des Grands [&hellip;]<\/p>\n","protected":false},"author":391,"featured_media":82756,"comment_status":"open","ping_status":"open","sticky":false,"template":"","format":"standard","meta":{"footnotes":""},"categories":[26,594,155,17],"tags":[1022,8094,8093],"class_list":["post-82755","post","type-post","status-publish","format-standard","has-post-thumbnail","hentry","category-a-la-une","category-agenda","category-saint-etienne","category-vie-associative","tag-labri","tag-recyclerie-annie-thiebaut","tag-sensibilisation-textile"],"acf":[],"yoast_head":"<!-- This site is optimized with the Yoast SEO plugin v22.5 - https:\/\/yoast.com\/wordpress\/plugins\/seo\/ -->\n<title>DEMI-JOURN\u00c9E DE SENSIBILISATION \u00c0 LA RECYCLERIE ANNIE THI\u00c9BAUT : d\u00e9couverte du tri textile et atelier upcycling ! - Remiremont Info<\/title>\n<meta name=\"robots\" content=\"index, follow, max-snippet:-1, max-image-preview:large, max-video-preview:-1\" \/>\n<link rel=\"canonical\" href=\"https:\/\/vosgesinfo.fr\/remiremontinfo\/2025\/06\/demi-journee-de-sensibilisation-a-la-recyclerie-annie-thiebaut-decouverte-du-tri-textile-et-atelier-upcycling\/\" \/>\n<meta name=\"twitter:card\" content=\"summary_large_image\" \/>\n<meta name=\"twitter:title\" content=\"DEMI-JOURN\u00c9E DE SENSIBILISATION \u00c0 LA RECYCLERIE ANNIE THI\u00c9BAUT : d\u00e9couverte du tri textile et atelier upcycling ! - Remiremont Info\" \/>\n<meta name=\"twitter:description\" content=\"Saint-E\u0301tienne-le\u0300s-Remiremont \u2013 L\u2019association L\u2019Abri organise la 2e demi-journe\u0301e de sensibilisation textile a\u0300 la Recyclerie Annie Thie\u0301baut, 5 rue des Grands [&hellip;]\" \/>\n<meta name=\"twitter:image\" content=\"https:\/\/vosgesinfo.fr\/app\/uploads\/sites\/5\/2025\/06\/invitation-atelier-sensibilisation-textile.jpg\" \/>\n<meta name=\"twitter:creator\" content=\"@VosgesInfo88\" \/>\n<meta name=\"twitter:site\" content=\"@VosgesInfo88\" \/>\n<meta name=\"twitter:label1\" content=\"\u00c9crit par\" \/>\n\t<meta name=\"twitter:data1\" content=\"La redaction\" \/>\n\t<meta name=\"twitter:label2\" content=\"Dur\u00e9e de lecture estim\u00e9e\" \/>\n\t<meta name=\"twitter:data2\" content=\"3 minutes\" \/>\n<script type=\"application\/ld+json\" class=\"yoast-schema-graph\">{\"@context\":\"https:\/\/schema.org\",\"@graph\":[{\"@type\":\"Article\",\"@id\":\"https:\/\/vosgesinfo.fr\/remiremontinfo\/2025\/06\/demi-journee-de-sensibilisation-a-la-recyclerie-annie-thiebaut-decouverte-du-tri-textile-et-atelier-upcycling\/#article\",\"isPartOf\":{\"@id\":\"https:\/\/vosgesinfo.fr\/remiremontinfo\/2025\/06\/demi-journee-de-sensibilisation-a-la-recyclerie-annie-thiebaut-decouverte-du-tri-textile-et-atelier-upcycling\/\"},\"author\":{\"name\":\"La redaction\",\"@id\":\"https:\/\/vosgesinfo.fr\/remiremontinfo\/#\/schema\/person\/27a3695b06db98895b354c0765cdfc31\"},\"headline\":\"DEMI-JOURN\u00c9E DE SENSIBILISATION \u00c0 LA RECYCLERIE ANNIE THI\u00c9BAUT : d\u00e9couverte du tri textile et atelier upcycling !\",\"datePublished\":\"2025-06-16T12:50:15+00:00\",\"dateModified\":\"2025-06-16T12:14:50+00:00\",\"mainEntityOfPage\":{\"@id\":\"https:\/\/vosgesinfo.fr\/remiremontinfo\/2025\/06\/demi-journee-de-sensibilisation-a-la-recyclerie-annie-thiebaut-decouverte-du-tri-textile-et-atelier-upcycling\/\"},\"wordCount\":604,\"commentCount\":0,\"publisher\":{\"@id\":\"https:\/\/vosgesinfo.fr\/remiremontinfo\/#organization\"},\"image\":{\"@id\":\"https:\/\/vosgesinfo.fr\/remiremontinfo\/2025\/06\/demi-journee-de-sensibilisation-a-la-recyclerie-annie-thiebaut-decouverte-du-tri-textile-et-atelier-upcycling\/#primaryimage\"},\"thumbnailUrl\":\"https:\/\/vosgesinfo.fr\/app\/uploads\/sites\/5\/2025\/06\/invitation-atelier-sensibilisation-textile.jpg\",\"keywords\":[\"L'abri\",\"Recyclerie Annie Thi\u00e9baut\",\"sensibilisation textile\"],\"articleSection\":[\"A la Une\",\"Agenda\",\"Saint-Etienne\",\"Vie associative\"],\"inLanguage\":\"fr-FR\",\"potentialAction\":[{\"@type\":\"CommentAction\",\"name\":\"Comment\",\"target\":[\"https:\/\/vosgesinfo.fr\/remiremontinfo\/2025\/06\/demi-journee-de-sensibilisation-a-la-recyclerie-annie-thiebaut-decouverte-du-tri-textile-et-atelier-upcycling\/#respond\"]}]},{\"@type\":\"WebPage\",\"@id\":\"https:\/\/vosgesinfo.fr\/remiremontinfo\/2025\/06\/demi-journee-de-sensibilisation-a-la-recyclerie-annie-thiebaut-decouverte-du-tri-textile-et-atelier-upcycling\/\",\"url\":\"https:\/\/vosgesinfo.fr\/remiremontinfo\/2025\/06\/demi-journee-de-sensibilisation-a-la-recyclerie-annie-thiebaut-decouverte-du-tri-textile-et-atelier-upcycling\/\",\"name\":\"DEMI-JOURN\u00c9E DE SENSIBILISATION \u00c0 LA RECYCLERIE ANNIE THI\u00c9BAUT : d\u00e9couverte du tri textile et atelier upcycling ! - Remiremont Info\",\"isPartOf\":{\"@id\":\"https:\/\/vosgesinfo.fr\/remiremontinfo\/#website\"},\"primaryImageOfPage\":{\"@id\":\"https:\/\/vosgesinfo.fr\/remiremontinfo\/2025\/06\/demi-journee-de-sensibilisation-a-la-recyclerie-annie-thiebaut-decouverte-du-tri-textile-et-atelier-upcycling\/#primaryimage\"},\"image\":{\"@id\":\"https:\/\/vosgesinfo.fr\/remiremontinfo\/2025\/06\/demi-journee-de-sensibilisation-a-la-recyclerie-annie-thiebaut-decouverte-du-tri-textile-et-atelier-upcycling\/#primaryimage\"},\"thumbnailUrl\":\"https:\/\/vosgesinfo.fr\/app\/uploads\/sites\/5\/2025\/06\/invitation-atelier-sensibilisation-textile.jpg\",\"datePublished\":\"2025-06-16T12:50:15+00:00\",\"dateModified\":\"2025-06-16T12:14:50+00:00\",\"breadcrumb\":{\"@id\":\"https:\/\/vosgesinfo.fr\/remiremontinfo\/2025\/06\/demi-journee-de-sensibilisation-a-la-recyclerie-annie-thiebaut-decouverte-du-tri-textile-et-atelier-upcycling\/#breadcrumb\"},\"inLanguage\":\"fr-FR\",\"potentialAction\":[{\"@type\":\"ReadAction\",\"target\":[\"https:\/\/vosgesinfo.fr\/remiremontinfo\/2025\/06\/demi-journee-de-sensibilisation-a-la-recyclerie-annie-thiebaut-decouverte-du-tri-textile-et-atelier-upcycling\/\"]}]},{\"@type\":\"ImageObject\",\"inLanguage\":\"fr-FR\",\"@id\":\"https:\/\/vosgesinfo.fr\/remiremontinfo\/2025\/06\/demi-journee-de-sensibilisation-a-la-recyclerie-annie-thiebaut-decouverte-du-tri-textile-et-atelier-upcycling\/#primaryimage\",\"url\":\"https:\/\/vosgesinfo.fr\/app\/uploads\/sites\/5\/2025\/06\/invitation-atelier-sensibilisation-textile.jpg\",\"contentUrl\":\"https:\/\/vosgesinfo.fr\/app\/uploads\/sites\/5\/2025\/06\/invitation-atelier-sensibilisation-textile.jpg\",\"width\":1428,\"height\":2000},{\"@type\":\"BreadcrumbList\",\"@id\":\"https:\/\/vosgesinfo.fr\/remiremontinfo\/2025\/06\/demi-journee-de-sensibilisation-a-la-recyclerie-annie-thiebaut-decouverte-du-tri-textile-et-atelier-upcycling\/#breadcrumb\",\"itemListElement\":[{\"@type\":\"ListItem\",\"position\":1,\"name\":\"Home\",\"item\":\"https:\/\/vosgesinfo.fr\/remiremontinfo\/\"},{\"@type\":\"ListItem\",\"position\":2,\"name\":\"DEMI-JOURN\u00c9E DE SENSIBILISATION \u00c0 LA RECYCLERIE ANNIE THI\u00c9BAUT : d\u00e9couverte du tri textile et atelier upcycling !\"}]},{\"@type\":\"WebSite\",\"@id\":\"https:\/\/vosgesinfo.fr\/remiremontinfo\/#website\",\"url\":\"https:\/\/vosgesinfo.fr\/remiremontinfo\/\",\"name\":\"Remiremont Info\",\"description\":\"Toute l&#039;actualit\u00e9 de Remiremont\",\"publisher\":{\"@id\":\"https:\/\/vosgesinfo.fr\/remiremontinfo\/#organization\"},\"alternateName\":\"Toute l'actualit\u00e9 de Remiremont\",\"potentialAction\":[{\"@type\":\"SearchAction\",\"target\":{\"@type\":\"EntryPoint\",\"urlTemplate\":\"https:\/\/vosgesinfo.fr\/remiremontinfo\/?s={search_term_string}\"},\"query-input\":\"required name=search_term_string\"}],\"inLanguage\":\"fr-FR\"},{\"@type\":\"Organization\",\"@id\":\"https:\/\/vosgesinfo.fr\/remiremontinfo\/#organization\",\"name\":\"Remiremont Info\",\"url\":\"https:\/\/vosgesinfo.fr\/remiremontinfo\/\",\"logo\":{\"@type\":\"ImageObject\",\"inLanguage\":\"fr-FR\",\"@id\":\"https:\/\/vosgesinfo.fr\/remiremontinfo\/#\/schema\/logo\/image\/\",\"url\":\"https:\/\/vosgesinfo.fr\/app\/uploads\/sites\/5\/2023\/08\/favicon-remiremontinfo.png\",\"contentUrl\":\"https:\/\/vosgesinfo.fr\/app\/uploads\/sites\/5\/2023\/08\/favicon-remiremontinfo.png\",\"width\":512,\"height\":512,\"caption\":\"Remiremont Info\"},\"image\":{\"@id\":\"https:\/\/vosgesinfo.fr\/remiremontinfo\/#\/schema\/logo\/image\/\"},\"sameAs\":[\"https:\/\/www.facebook.com\/remiremontinfo\",\"https:\/\/x.com\/VosgesInfo88\",\"https:\/\/www.youtube.com\/@vosgesinfo\"]},{\"@type\":\"Person\",\"@id\":\"https:\/\/vosgesinfo.fr\/remiremontinfo\/#\/schema\/person\/27a3695b06db98895b354c0765cdfc31\",\"name\":\"La redaction\",\"image\":{\"@type\":\"ImageObject\",\"inLanguage\":\"fr-FR\",\"@id\":\"https:\/\/vosgesinfo.fr\/remiremontinfo\/#\/schema\/person\/image\/\",\"url\":\"https:\/\/secure.gravatar.com\/avatar\/64c76a78e501cedee55736f43f332df901e1896ae9cd8fad269ae2236dd0e8b6?s=96&d=mm&r=g\",\"contentUrl\":\"https:\/\/secure.gravatar.com\/avatar\/64c76a78e501cedee55736f43f332df901e1896ae9cd8fad269ae2236dd0e8b6?s=96&d=mm&r=g\",\"caption\":\"La redaction\"},\"url\":\"https:\/\/vosgesinfo.fr\/remiremontinfo\/author\/la-redaction\/\"}]}<\/script>\n<!-- \/ Yoast SEO plugin. -->","yoast_head_json":{"title":"DEMI-JOURN\u00c9E DE SENSIBILISATION \u00c0 LA RECYCLERIE ANNIE THI\u00c9BAUT : d\u00e9couverte du tri textile et atelier upcycling ! - Remiremont Info","robots":{"index":"index","follow":"follow","max-snippet":"max-snippet:-1","max-image-preview":"max-image-preview:large","max-video-preview":"max-video-preview:-1"},"canonical":"https:\/\/vosgesinfo.fr\/remiremontinfo\/2025\/06\/demi-journee-de-sensibilisation-a-la-recyclerie-annie-thiebaut-decouverte-du-tri-textile-et-atelier-upcycling\/","twitter_card":"summary_large_image","twitter_title":"DEMI-JOURN\u00c9E DE SENSIBILISATION \u00c0 LA RECYCLERIE ANNIE THI\u00c9BAUT : d\u00e9couverte du tri textile et atelier upcycling ! - Remiremont Info","twitter_description":"Saint-E\u0301tienne-le\u0300s-Remiremont \u2013 L\u2019association L\u2019Abri organise la 2e demi-journe\u0301e de sensibilisation textile a\u0300 la Recyclerie Annie Thie\u0301baut, 5 rue des Grands [&hellip;]","twitter_image":"https:\/\/vosgesinfo.fr\/app\/uploads\/sites\/5\/2025\/06\/invitation-atelier-sensibilisation-textile.jpg","twitter_creator":"@VosgesInfo88","twitter_site":"@VosgesInfo88","twitter_misc":{"\u00c9crit par":"La redaction","Dur\u00e9e de lecture estim\u00e9e":"3 minutes"},"schema":{"@context":"https:\/\/schema.org","@graph":[{"@type":"Article","@id":"https:\/\/vosgesinfo.fr\/remiremontinfo\/2025\/06\/demi-journee-de-sensibilisation-a-la-recyclerie-annie-thiebaut-decouverte-du-tri-textile-et-atelier-upcycling\/#article","isPartOf":{"@id":"https:\/\/vosgesinfo.fr\/remiremontinfo\/2025\/06\/demi-journee-de-sensibilisation-a-la-recyclerie-annie-thiebaut-decouverte-du-tri-textile-et-atelier-upcycling\/"},"author":{"name":"La redaction","@id":"https:\/\/vosgesinfo.fr\/remiremontinfo\/#\/schema\/person\/27a3695b06db98895b354c0765cdfc31"},"headline":"DEMI-JOURN\u00c9E DE SENSIBILISATION \u00c0 LA RECYCLERIE ANNIE THI\u00c9BAUT : d\u00e9couverte du tri textile et atelier upcycling !","datePublished":"2025-06-16T12:50:15+00:00","dateModified":"2025-06-16T12:14:50+00:00","mainEntityOfPage":{"@id":"https:\/\/vosgesinfo.fr\/remiremontinfo\/2025\/06\/demi-journee-de-sensibilisation-a-la-recyclerie-annie-thiebaut-decouverte-du-tri-textile-et-atelier-upcycling\/"},"wordCount":604,"commentCount":0,"publisher":{"@id":"https:\/\/vosgesinfo.fr\/remiremontinfo\/#organization"},"image":{"@id":"https:\/\/vosgesinfo.fr\/remiremontinfo\/2025\/06\/demi-journee-de-sensibilisation-a-la-recyclerie-annie-thiebaut-decouverte-du-tri-textile-et-atelier-upcycling\/#primaryimage"},"thumbnailUrl":"https:\/\/vosgesinfo.fr\/app\/uploads\/sites\/5\/2025\/06\/invitation-atelier-sensibilisation-textile.jpg","keywords":["L'abri","Recyclerie Annie Thi\u00e9baut","sensibilisation textile"],"articleSection":["A la Une","Agenda","Saint-Etienne","Vie associative"],"inLanguage":"fr-FR","potentialAction":[{"@type":"CommentAction","name":"Comment","target":["https:\/\/vosgesinfo.fr\/remiremontinfo\/2025\/06\/demi-journee-de-sensibilisation-a-la-recyclerie-annie-thiebaut-decouverte-du-tri-textile-et-atelier-upcycling\/#respond"]}]},{"@type":"WebPage","@id":"https:\/\/vosgesinfo.fr\/remiremontinfo\/2025\/06\/demi-journee-de-sensibilisation-a-la-recyclerie-annie-thiebaut-decouverte-du-tri-textile-et-atelier-upcycling\/","url":"https:\/\/vosgesinfo.fr\/remiremontinfo\/2025\/06\/demi-journee-de-sensibilisation-a-la-recyclerie-annie-thiebaut-decouverte-du-tri-textile-et-atelier-upcycling\/","name":"DEMI-JOURN\u00c9E DE SENSIBILISATION \u00c0 LA RECYCLERIE ANNIE THI\u00c9BAUT : d\u00e9couverte du tri textile et atelier upcycling ! - Remiremont Info","isPartOf":{"@id":"https:\/\/vosgesinfo.fr\/remiremontinfo\/#website"},"primaryImageOfPage":{"@id":"https:\/\/vosgesinfo.fr\/remiremontinfo\/2025\/06\/demi-journee-de-sensibilisation-a-la-recyclerie-annie-thiebaut-decouverte-du-tri-textile-et-atelier-upcycling\/#primaryimage"},"image":{"@id":"https:\/\/vosgesinfo.fr\/remiremontinfo\/2025\/06\/demi-journee-de-sensibilisation-a-la-recyclerie-annie-thiebaut-decouverte-du-tri-textile-et-atelier-upcycling\/#primaryimage"},"thumbnailUrl":"https:\/\/vosgesinfo.fr\/app\/uploads\/sites\/5\/2025\/06\/invitation-atelier-sensibilisation-textile.jpg","datePublished":"2025-06-16T12:50:15+00:00","dateModified":"2025-06-16T12:14:50+00:00","breadcrumb":{"@id":"https:\/\/vosgesinfo.fr\/remiremontinfo\/2025\/06\/demi-journee-de-sensibilisation-a-la-recyclerie-annie-thiebaut-decouverte-du-tri-textile-et-atelier-upcycling\/#breadcrumb"},"inLanguage":"fr-FR","potentialAction":[{"@type":"ReadAction","target":["https:\/\/vosgesinfo.fr\/remiremontinfo\/2025\/06\/demi-journee-de-sensibilisation-a-la-recyclerie-annie-thiebaut-decouverte-du-tri-textile-et-atelier-upcycling\/"]}]},{"@type":"ImageObject","inLanguage":"fr-FR","@id":"https:\/\/vosgesinfo.fr\/remiremontinfo\/2025\/06\/demi-journee-de-sensibilisation-a-la-recyclerie-annie-thiebaut-decouverte-du-tri-textile-et-atelier-upcycling\/#primaryimage","url":"https:\/\/vosgesinfo.fr\/app\/uploads\/sites\/5\/2025\/06\/invitation-atelier-sensibilisation-textile.jpg","contentUrl":"https:\/\/vosgesinfo.fr\/app\/uploads\/sites\/5\/2025\/06\/invitation-atelier-sensibilisation-textile.jpg","width":1428,"height":2000},{"@type":"BreadcrumbList","@id":"https:\/\/vosgesinfo.fr\/remiremontinfo\/2025\/06\/demi-journee-de-sensibilisation-a-la-recyclerie-annie-thiebaut-decouverte-du-tri-textile-et-atelier-upcycling\/#breadcrumb","itemListElement":[{"@type":"ListItem","position":1,"name":"Home","item":"https:\/\/vosgesinfo.fr\/remiremontinfo\/"},{"@type":"ListItem","position":2,"name":"DEMI-JOURN\u00c9E DE SENSIBILISATION \u00c0 LA RECYCLERIE ANNIE THI\u00c9BAUT : d\u00e9couverte du tri textile et atelier upcycling !"}]},{"@type":"WebSite","@id":"https:\/\/vosgesinfo.fr\/remiremontinfo\/#website","url":"https:\/\/vosgesinfo.fr\/remiremontinfo\/","name":"Remiremont Info","description":"Toute l&#039;actualit\u00e9 de Remiremont","publisher":{"@id":"https:\/\/vosgesinfo.fr\/remiremontinfo\/#organization"},"alternateName":"Toute l'actualit\u00e9 de Remiremont","potentialAction":[{"@type":"SearchAction","target":{"@type":"EntryPoint","urlTemplate":"https:\/\/vosgesinfo.fr\/remiremontinfo\/?s={search_term_string}"},"query-input":"required name=search_term_string"}],"inLanguage":"fr-FR"},{"@type":"Organization","@id":"https:\/\/vosgesinfo.fr\/remiremontinfo\/#organization","name":"Remiremont Info","url":"https:\/\/vosgesinfo.fr\/remiremontinfo\/","logo":{"@type":"ImageObject","inLanguage":"fr-FR","@id":"https:\/\/vosgesinfo.fr\/remiremontinfo\/#\/schema\/logo\/image\/","url":"https:\/\/vosgesinfo.fr\/app\/uploads\/sites\/5\/2023\/08\/favicon-remiremontinfo.png","contentUrl":"https:\/\/vosgesinfo.fr\/app\/uploads\/sites\/5\/2023\/08\/favicon-remiremontinfo.png","width":512,"height":512,"caption":"Remiremont Info"},"image":{"@id":"https:\/\/vosgesinfo.fr\/remiremontinfo\/#\/schema\/logo\/image\/"},"sameAs":["https:\/\/www.facebook.com\/remiremontinfo","https:\/\/x.com\/VosgesInfo88","https:\/\/www.youtube.com\/@vosgesinfo"]},{"@type":"Person","@id":"https:\/\/vosgesinfo.fr\/remiremontinfo\/#\/schema\/person\/27a3695b06db98895b354c0765cdfc31","name":"La redaction","image":{"@type":"ImageObject","inLanguage":"fr-FR","@id":"https:\/\/vosgesinfo.fr\/remiremontinfo\/#\/schema\/person\/image\/","url":"https:\/\/secure.gravatar.com\/avatar\/64c76a78e501cedee55736f43f332df901e1896ae9cd8fad269ae2236dd0e8b6?s=96&d=mm&r=g","contentUrl":"https:\/\/secure.gravatar.com\/avatar\/64c76a78e501cedee55736f43f332df901e1896ae9cd8fad269ae2236dd0e8b6?s=96&d=mm&r=g","caption":"La redaction"},"url":"https:\/\/vosgesinfo.fr\/remiremontinfo\/author\/la-redaction\/"}]}},"_links":{"self":[{"href":"https:\/\/vosgesinfo.fr\/remiremontinfo\/wp-json\/wp\/v2\/posts\/82755","targetHints":{"allow":["GET"]}}],"collection":[{"href":"https:\/\/vosgesinfo.fr\/remiremontinfo\/wp-json\/wp\/v2\/posts"}],"about":[{"href":"https:\/\/vosgesinfo.fr\/remiremontinfo\/wp-json\/wp\/v2\/types\/post"}],"author":[{"embeddable":true,"href":"https:\/\/vosgesinfo.fr\/remiremontinfo\/wp-json\/wp\/v2\/users\/391"}],"replies":[{"embeddable":true,"href":"https:\/\/vosgesinfo.fr\/remiremontinfo\/wp-json\/wp\/v2\/comments?post=82755"}],"version-history":[{"count":1,"href":"https:\/\/vosgesinfo.fr\/remiremontinfo\/wp-json\/wp\/v2\/posts\/82755\/revisions"}],"predecessor-version":[{"id":82757,"href":"https:\/\/vosgesinfo.fr\/remiremontinfo\/wp-json\/wp\/v2\/posts\/82755\/revisions\/82757"}],"wp:featuredmedia":[{"embeddable":true,"href":"https:\/\/vosgesinfo.fr\/remiremontinfo\/wp-json\/wp\/v2\/media\/82756"}],"wp:attachment":[{"href":"https:\/\/vosgesinfo.fr\/remiremontinfo\/wp-json\/wp\/v2\/media?parent=82755"}],"wp:term":[{"taxonomy":"category","embeddable":true,"href":"https:\/\/vosgesinfo.fr\/remiremontinfo\/wp-json\/wp\/v2\/categories?post=82755"},{"taxonomy":"post_tag","embeddable":true,"href":"https:\/\/vosgesinfo.fr\/remiremontinfo\/wp-json\/wp\/v2\/tags?post=82755"}],"curies":[{"name":"wp","href":"https:\/\/api.w.org\/{rel}","templated":true}]}}