{"id":82758,"date":"2025-06-16T15:00:40","date_gmt":"2025-06-16T13:00:40","guid":{"rendered":"https:\/\/vosgesinfo.fr\/remiremontinfo\/?p=82758"},"modified":"2025-06-16T14:27:01","modified_gmt":"2025-06-16T12:27:01","slug":"un-apero-theatre-en-plein-air-avec-les-zados-du-petit-theatre-de-vecoux-au-kiosque-du-calvaire-a-remiremont","status":"publish","type":"post","link":"https:\/\/vosgesinfo.fr\/remiremontinfo\/2025\/06\/un-apero-theatre-en-plein-air-avec-les-zados-du-petit-theatre-de-vecoux-au-kiosque-du-calvaire-a-remiremont\/","title":{"rendered":"Un ap\u00e9ro-th\u00e9\u00e2tre en plein air avec les Z\u2019Ados du Petit Th\u00e9\u00e2tre de Vecoux au kiosque du Calvaire \u00e0 Remiremont"},"content":{"rendered":"<p data-start=\"87\" data-end=\"321\"><strong>Vendredi 20 juin, la troupe des Z\u2019Ados du Petit Th\u00e9\u00e2tre de Vecoux, en partenariat avec la Ville de Remiremont, propose un moment th\u00e9\u00e2tral original et convivial avec un ap\u00e9ro-th\u00e9\u00e2tre en ext\u00e9rieur au kiosque du Calvaire.<\/strong><\/p>\n<p data-start=\"323\" data-end=\"601\">Que s\u2019est-il vraiment pass\u00e9 sur le Radeau de la M\u00e9duse ? Les jeunes com\u00e9diens vous invitent \u00e0 d\u00e9couvrir leur pi\u00e8ce \u00ab\u00a0Naufrag\u00e9s\u00a0\u00bb \u00e0 partir de 18 h 30 ce vendredi 20 juin au Kiosque du Clavaire \u00e0 Remiremont.<\/p>\n<p data-start=\"603\" data-end=\"746\">L\u2019\u00e9v\u00e9nement est ouvert \u00e0 tous, entr\u00e9e libre, et une buvette sera propos\u00e9e sur place pour accompagner ce moment culturel et d\u00e9tendu.<\/p>\n<p data-start=\"748\" data-end=\"867\" data-is-last-node=\"\" data-is-only-node=\"\">Une belle occasion de profiter d\u2019un d\u00e9but de soir\u00e9e d\u2019\u00e9t\u00e9 en plein air, m\u00ealant spectacle vivant et ambiance conviviale.<\/p>\n<p data-start=\"748\" data-end=\"867\" data-is-last-node=\"\" data-is-only-node=\"\"><a href=\"https:\/\/vosgesinfo.fr\/app\/uploads\/sites\/5\/2025\/06\/fb-img-1749506517303-copie.jpg\"><img decoding=\"async\" class=\"aligncenter size-full wp-image-82759\" src=\"https:\/\/vosgesinfo.fr\/app\/uploads\/sites\/5\/2025\/06\/fb-img-1749506517303-copie.jpg\" alt=\"\" width=\"1181\" height=\"1678\" srcset=\"https:\/\/vosgesinfo.fr\/app\/uploads\/sites\/5\/2025\/06\/fb-img-1749506517303-copie.jpg 1181w, https:\/\/vosgesinfo.fr\/app\/uploads\/sites\/5\/2025\/06\/fb-img-1749506517303-copie-211x300.jpg 211w, https:\/\/vosgesinfo.fr\/app\/uploads\/sites\/5\/2025\/06\/fb-img-1749506517303-copie-721x1024.jpg 721w, https:\/\/vosgesinfo.fr\/app\/uploads\/sites\/5\/2025\/06\/fb-img-1749506517303-copie-768x1091.jpg 768w, https:\/\/vosgesinfo.fr\/app\/uploads\/sites\/5\/2025\/06\/fb-img-1749506517303-copie-1081x1536.jpg 1081w\" sizes=\"(max-width: 1181px) 100vw, 1181px\" \/><\/a><\/p>\n","protected":false},"excerpt":{"rendered":"<p>Vendredi 20 juin, la troupe des Z\u2019Ados du Petit Th\u00e9\u00e2tre de Vecoux, en partenariat avec la Ville de Remiremont, propose [&hellip;]<\/p>\n","protected":false},"author":418,"featured_media":82759,"comment_status":"open","ping_status":"open","sticky":false,"template":"","format":"standard","meta":{"footnotes":""},"categories":[26,594,43],"tags":[56,8095],"class_list":["post-82758","post","type-post","status-publish","format-standard","has-post-thumbnail","hentry","category-a-la-une","category-agenda","category-remiremont-remiremont-son-canton","tag-theatre","tag-zados-du-petit-theatre-de-vecoux"],"acf":[],"yoast_head":"<!-- This site is optimized with the Yoast SEO plugin v22.5 - https:\/\/yoast.com\/wordpress\/plugins\/seo\/ -->\n<title>Un ap\u00e9ro-th\u00e9\u00e2tre en plein air avec les Z\u2019Ados du Petit Th\u00e9\u00e2tre de Vecoux au kiosque du Calvaire \u00e0 Remiremont - Remiremont Info<\/title>\n<meta name=\"robots\" content=\"index, follow, max-snippet:-1, max-image-preview:large, max-video-preview:-1\" \/>\n<link rel=\"canonical\" href=\"https:\/\/vosgesinfo.fr\/remiremontinfo\/2025\/06\/un-apero-theatre-en-plein-air-avec-les-zados-du-petit-theatre-de-vecoux-au-kiosque-du-calvaire-a-remiremont\/\" \/>\n<meta name=\"twitter:card\" content=\"summary_large_image\" \/>\n<meta name=\"twitter:title\" content=\"Un ap\u00e9ro-th\u00e9\u00e2tre en plein air avec les Z\u2019Ados du Petit Th\u00e9\u00e2tre de Vecoux au kiosque du Calvaire \u00e0 Remiremont - Remiremont Info\" \/>\n<meta name=\"twitter:description\" content=\"Vendredi 20 juin, la troupe des Z\u2019Ados du Petit Th\u00e9\u00e2tre de Vecoux, en partenariat avec la Ville de Remiremont, propose [&hellip;]\" \/>\n<meta name=\"twitter:image\" content=\"https:\/\/vosgesinfo.fr\/app\/uploads\/sites\/5\/2025\/06\/fb-img-1749506517303-copie.jpg\" \/>\n<meta name=\"twitter:creator\" content=\"@VosgesInfo88\" \/>\n<meta name=\"twitter:site\" content=\"@VosgesInfo88\" \/>\n<meta name=\"twitter:label1\" content=\"\u00c9crit par\" \/>\n\t<meta name=\"twitter:data1\" content=\"C.M\" \/>\n\t<meta name=\"twitter:label2\" content=\"Dur\u00e9e de lecture estim\u00e9e\" \/>\n\t<meta name=\"twitter:data2\" content=\"1 minute\" \/>\n<script type=\"application\/ld+json\" class=\"yoast-schema-graph\">{\"@context\":\"https:\/\/schema.org\",\"@graph\":[{\"@type\":\"Article\",\"@id\":\"https:\/\/vosgesinfo.fr\/remiremontinfo\/2025\/06\/un-apero-theatre-en-plein-air-avec-les-zados-du-petit-theatre-de-vecoux-au-kiosque-du-calvaire-a-remiremont\/#article\",\"isPartOf\":{\"@id\":\"https:\/\/vosgesinfo.fr\/remiremontinfo\/2025\/06\/un-apero-theatre-en-plein-air-avec-les-zados-du-petit-theatre-de-vecoux-au-kiosque-du-calvaire-a-remiremont\/\"},\"author\":{\"name\":\"C.M\",\"@id\":\"https:\/\/vosgesinfo.fr\/remiremontinfo\/#\/schema\/person\/4f38cd3068e342935b7304695c797d08\"},\"headline\":\"Un ap\u00e9ro-th\u00e9\u00e2tre en plein air avec les Z\u2019Ados du Petit Th\u00e9\u00e2tre de Vecoux au kiosque du Calvaire \u00e0 Remiremont\",\"datePublished\":\"2025-06-16T13:00:40+00:00\",\"dateModified\":\"2025-06-16T12:27:01+00:00\",\"mainEntityOfPage\":{\"@id\":\"https:\/\/vosgesinfo.fr\/remiremontinfo\/2025\/06\/un-apero-theatre-en-plein-air-avec-les-zados-du-petit-theatre-de-vecoux-au-kiosque-du-calvaire-a-remiremont\/\"},\"wordCount\":147,\"commentCount\":0,\"publisher\":{\"@id\":\"https:\/\/vosgesinfo.fr\/remiremontinfo\/#organization\"},\"image\":{\"@id\":\"https:\/\/vosgesinfo.fr\/remiremontinfo\/2025\/06\/un-apero-theatre-en-plein-air-avec-les-zados-du-petit-theatre-de-vecoux-au-kiosque-du-calvaire-a-remiremont\/#primaryimage\"},\"thumbnailUrl\":\"https:\/\/vosgesinfo.fr\/app\/uploads\/sites\/5\/2025\/06\/fb-img-1749506517303-copie.jpg\",\"keywords\":[\"th\u00e9\u00e2tre\",\"Z\u2019Ados du Petit Th\u00e9\u00e2tre de Vecoux\"],\"articleSection\":[\"A la Une\",\"Agenda\",\"Remiremont\"],\"inLanguage\":\"fr-FR\",\"potentialAction\":[{\"@type\":\"CommentAction\",\"name\":\"Comment\",\"target\":[\"https:\/\/vosgesinfo.fr\/remiremontinfo\/2025\/06\/un-apero-theatre-en-plein-air-avec-les-zados-du-petit-theatre-de-vecoux-au-kiosque-du-calvaire-a-remiremont\/#respond\"]}]},{\"@type\":\"WebPage\",\"@id\":\"https:\/\/vosgesinfo.fr\/remiremontinfo\/2025\/06\/un-apero-theatre-en-plein-air-avec-les-zados-du-petit-theatre-de-vecoux-au-kiosque-du-calvaire-a-remiremont\/\",\"url\":\"https:\/\/vosgesinfo.fr\/remiremontinfo\/2025\/06\/un-apero-theatre-en-plein-air-avec-les-zados-du-petit-theatre-de-vecoux-au-kiosque-du-calvaire-a-remiremont\/\",\"name\":\"Un ap\u00e9ro-th\u00e9\u00e2tre en plein air avec les Z\u2019Ados du Petit Th\u00e9\u00e2tre de Vecoux au kiosque du Calvaire \u00e0 Remiremont - Remiremont Info\",\"isPartOf\":{\"@id\":\"https:\/\/vosgesinfo.fr\/remiremontinfo\/#website\"},\"primaryImageOfPage\":{\"@id\":\"https:\/\/vosgesinfo.fr\/remiremontinfo\/2025\/06\/un-apero-theatre-en-plein-air-avec-les-zados-du-petit-theatre-de-vecoux-au-kiosque-du-calvaire-a-remiremont\/#primaryimage\"},\"image\":{\"@id\":\"https:\/\/vosgesinfo.fr\/remiremontinfo\/2025\/06\/un-apero-theatre-en-plein-air-avec-les-zados-du-petit-theatre-de-vecoux-au-kiosque-du-calvaire-a-remiremont\/#primaryimage\"},\"thumbnailUrl\":\"https:\/\/vosgesinfo.fr\/app\/uploads\/sites\/5\/2025\/06\/fb-img-1749506517303-copie.jpg\",\"datePublished\":\"2025-06-16T13:00:40+00:00\",\"dateModified\":\"2025-06-16T12:27:01+00:00\",\"breadcrumb\":{\"@id\":\"https:\/\/vosgesinfo.fr\/remiremontinfo\/2025\/06\/un-apero-theatre-en-plein-air-avec-les-zados-du-petit-theatre-de-vecoux-au-kiosque-du-calvaire-a-remiremont\/#breadcrumb\"},\"inLanguage\":\"fr-FR\",\"potentialAction\":[{\"@type\":\"ReadAction\",\"target\":[\"https:\/\/vosgesinfo.fr\/remiremontinfo\/2025\/06\/un-apero-theatre-en-plein-air-avec-les-zados-du-petit-theatre-de-vecoux-au-kiosque-du-calvaire-a-remiremont\/\"]}]},{\"@type\":\"ImageObject\",\"inLanguage\":\"fr-FR\",\"@id\":\"https:\/\/vosgesinfo.fr\/remiremontinfo\/2025\/06\/un-apero-theatre-en-plein-air-avec-les-zados-du-petit-theatre-de-vecoux-au-kiosque-du-calvaire-a-remiremont\/#primaryimage\",\"url\":\"https:\/\/vosgesinfo.fr\/app\/uploads\/sites\/5\/2025\/06\/fb-img-1749506517303-copie.jpg\",\"contentUrl\":\"https:\/\/vosgesinfo.fr\/app\/uploads\/sites\/5\/2025\/06\/fb-img-1749506517303-copie.jpg\",\"width\":1181,\"height\":1678},{\"@type\":\"BreadcrumbList\",\"@id\":\"https:\/\/vosgesinfo.fr\/remiremontinfo\/2025\/06\/un-apero-theatre-en-plein-air-avec-les-zados-du-petit-theatre-de-vecoux-au-kiosque-du-calvaire-a-remiremont\/#breadcrumb\",\"itemListElement\":[{\"@type\":\"ListItem\",\"position\":1,\"name\":\"Home\",\"item\":\"https:\/\/vosgesinfo.fr\/remiremontinfo\/\"},{\"@type\":\"ListItem\",\"position\":2,\"name\":\"Un ap\u00e9ro-th\u00e9\u00e2tre en plein air avec les Z\u2019Ados du Petit Th\u00e9\u00e2tre de Vecoux au kiosque du Calvaire \u00e0 Remiremont\"}]},{\"@type\":\"WebSite\",\"@id\":\"https:\/\/vosgesinfo.fr\/remiremontinfo\/#website\",\"url\":\"https:\/\/vosgesinfo.fr\/remiremontinfo\/\",\"name\":\"Remiremont Info\",\"description\":\"Toute l&#039;actualit\u00e9 de Remiremont\",\"publisher\":{\"@id\":\"https:\/\/vosgesinfo.fr\/remiremontinfo\/#organization\"},\"alternateName\":\"Toute l'actualit\u00e9 de Remiremont\",\"potentialAction\":[{\"@type\":\"SearchAction\",\"target\":{\"@type\":\"EntryPoint\",\"urlTemplate\":\"https:\/\/vosgesinfo.fr\/remiremontinfo\/?s={search_term_string}\"},\"query-input\":\"required name=search_term_string\"}],\"inLanguage\":\"fr-FR\"},{\"@type\":\"Organization\",\"@id\":\"https:\/\/vosgesinfo.fr\/remiremontinfo\/#organization\",\"name\":\"Remiremont Info\",\"url\":\"https:\/\/vosgesinfo.fr\/remiremontinfo\/\",\"logo\":{\"@type\":\"ImageObject\",\"inLanguage\":\"fr-FR\",\"@id\":\"https:\/\/vosgesinfo.fr\/remiremontinfo\/#\/schema\/logo\/image\/\",\"url\":\"https:\/\/vosgesinfo.fr\/app\/uploads\/sites\/5\/2023\/08\/favicon-remiremontinfo.png\",\"contentUrl\":\"https:\/\/vosgesinfo.fr\/app\/uploads\/sites\/5\/2023\/08\/favicon-remiremontinfo.png\",\"width\":512,\"height\":512,\"caption\":\"Remiremont Info\"},\"image\":{\"@id\":\"https:\/\/vosgesinfo.fr\/remiremontinfo\/#\/schema\/logo\/image\/\"},\"sameAs\":[\"https:\/\/www.facebook.com\/remiremontinfo\",\"https:\/\/x.com\/VosgesInfo88\",\"https:\/\/www.youtube.com\/@vosgesinfo\"]},{\"@type\":\"Person\",\"@id\":\"https:\/\/vosgesinfo.fr\/remiremontinfo\/#\/schema\/person\/4f38cd3068e342935b7304695c797d08\",\"name\":\"C.M\",\"image\":{\"@type\":\"ImageObject\",\"inLanguage\":\"fr-FR\",\"@id\":\"https:\/\/vosgesinfo.fr\/remiremontinfo\/#\/schema\/person\/image\/\",\"url\":\"https:\/\/secure.gravatar.com\/avatar\/fe9daaef0164d920717484172682f3c5c9bcf7d42aa8c7048c76c34f0eb6c8da?s=96&d=mm&r=g\",\"contentUrl\":\"https:\/\/secure.gravatar.com\/avatar\/fe9daaef0164d920717484172682f3c5c9bcf7d42aa8c7048c76c34f0eb6c8da?s=96&d=mm&r=g\",\"caption\":\"C.M\"},\"url\":\"https:\/\/vosgesinfo.fr\/remiremontinfo\/author\/cm88200\/\"}]}<\/script>\n<!-- \/ Yoast SEO plugin. -->","yoast_head_json":{"title":"Un ap\u00e9ro-th\u00e9\u00e2tre en plein air avec les Z\u2019Ados du Petit Th\u00e9\u00e2tre de Vecoux au kiosque du Calvaire \u00e0 Remiremont - Remiremont Info","robots":{"index":"index","follow":"follow","max-snippet":"max-snippet:-1","max-image-preview":"max-image-preview:large","max-video-preview":"max-video-preview:-1"},"canonical":"https:\/\/vosgesinfo.fr\/remiremontinfo\/2025\/06\/un-apero-theatre-en-plein-air-avec-les-zados-du-petit-theatre-de-vecoux-au-kiosque-du-calvaire-a-remiremont\/","twitter_card":"summary_large_image","twitter_title":"Un ap\u00e9ro-th\u00e9\u00e2tre en plein air avec les Z\u2019Ados du Petit Th\u00e9\u00e2tre de Vecoux au kiosque du Calvaire \u00e0 Remiremont - Remiremont Info","twitter_description":"Vendredi 20 juin, la troupe des Z\u2019Ados du Petit Th\u00e9\u00e2tre de Vecoux, en partenariat avec la Ville de Remiremont, propose [&hellip;]","twitter_image":"https:\/\/vosgesinfo.fr\/app\/uploads\/sites\/5\/2025\/06\/fb-img-1749506517303-copie.jpg","twitter_creator":"@VosgesInfo88","twitter_site":"@VosgesInfo88","twitter_misc":{"\u00c9crit par":"C.M","Dur\u00e9e de lecture estim\u00e9e":"1 minute"},"schema":{"@context":"https:\/\/schema.org","@graph":[{"@type":"Article","@id":"https:\/\/vosgesinfo.fr\/remiremontinfo\/2025\/06\/un-apero-theatre-en-plein-air-avec-les-zados-du-petit-theatre-de-vecoux-au-kiosque-du-calvaire-a-remiremont\/#article","isPartOf":{"@id":"https:\/\/vosgesinfo.fr\/remiremontinfo\/2025\/06\/un-apero-theatre-en-plein-air-avec-les-zados-du-petit-theatre-de-vecoux-au-kiosque-du-calvaire-a-remiremont\/"},"author":{"name":"C.M","@id":"https:\/\/vosgesinfo.fr\/remiremontinfo\/#\/schema\/person\/4f38cd3068e342935b7304695c797d08"},"headline":"Un ap\u00e9ro-th\u00e9\u00e2tre en plein air avec les Z\u2019Ados du Petit Th\u00e9\u00e2tre de Vecoux au kiosque du Calvaire \u00e0 Remiremont","datePublished":"2025-06-16T13:00:40+00:00","dateModified":"2025-06-16T12:27:01+00:00","mainEntityOfPage":{"@id":"https:\/\/vosgesinfo.fr\/remiremontinfo\/2025\/06\/un-apero-theatre-en-plein-air-avec-les-zados-du-petit-theatre-de-vecoux-au-kiosque-du-calvaire-a-remiremont\/"},"wordCount":147,"commentCount":0,"publisher":{"@id":"https:\/\/vosgesinfo.fr\/remiremontinfo\/#organization"},"image":{"@id":"https:\/\/vosgesinfo.fr\/remiremontinfo\/2025\/06\/un-apero-theatre-en-plein-air-avec-les-zados-du-petit-theatre-de-vecoux-au-kiosque-du-calvaire-a-remiremont\/#primaryimage"},"thumbnailUrl":"https:\/\/vosgesinfo.fr\/app\/uploads\/sites\/5\/2025\/06\/fb-img-1749506517303-copie.jpg","keywords":["th\u00e9\u00e2tre","Z\u2019Ados du Petit Th\u00e9\u00e2tre de Vecoux"],"articleSection":["A la Une","Agenda","Remiremont"],"inLanguage":"fr-FR","potentialAction":[{"@type":"CommentAction","name":"Comment","target":["https:\/\/vosgesinfo.fr\/remiremontinfo\/2025\/06\/un-apero-theatre-en-plein-air-avec-les-zados-du-petit-theatre-de-vecoux-au-kiosque-du-calvaire-a-remiremont\/#respond"]}]},{"@type":"WebPage","@id":"https:\/\/vosgesinfo.fr\/remiremontinfo\/2025\/06\/un-apero-theatre-en-plein-air-avec-les-zados-du-petit-theatre-de-vecoux-au-kiosque-du-calvaire-a-remiremont\/","url":"https:\/\/vosgesinfo.fr\/remiremontinfo\/2025\/06\/un-apero-theatre-en-plein-air-avec-les-zados-du-petit-theatre-de-vecoux-au-kiosque-du-calvaire-a-remiremont\/","name":"Un ap\u00e9ro-th\u00e9\u00e2tre en plein air avec les Z\u2019Ados du Petit Th\u00e9\u00e2tre de Vecoux au kiosque du Calvaire \u00e0 Remiremont - Remiremont Info","isPartOf":{"@id":"https:\/\/vosgesinfo.fr\/remiremontinfo\/#website"},"primaryImageOfPage":{"@id":"https:\/\/vosgesinfo.fr\/remiremontinfo\/2025\/06\/un-apero-theatre-en-plein-air-avec-les-zados-du-petit-theatre-de-vecoux-au-kiosque-du-calvaire-a-remiremont\/#primaryimage"},"image":{"@id":"https:\/\/vosgesinfo.fr\/remiremontinfo\/2025\/06\/un-apero-theatre-en-plein-air-avec-les-zados-du-petit-theatre-de-vecoux-au-kiosque-du-calvaire-a-remiremont\/#primaryimage"},"thumbnailUrl":"https:\/\/vosgesinfo.fr\/app\/uploads\/sites\/5\/2025\/06\/fb-img-1749506517303-copie.jpg","datePublished":"2025-06-16T13:00:40+00:00","dateModified":"2025-06-16T12:27:01+00:00","breadcrumb":{"@id":"https:\/\/vosgesinfo.fr\/remiremontinfo\/2025\/06\/un-apero-theatre-en-plein-air-avec-les-zados-du-petit-theatre-de-vecoux-au-kiosque-du-calvaire-a-remiremont\/#breadcrumb"},"inLanguage":"fr-FR","potentialAction":[{"@type":"ReadAction","target":["https:\/\/vosgesinfo.fr\/remiremontinfo\/2025\/06\/un-apero-theatre-en-plein-air-avec-les-zados-du-petit-theatre-de-vecoux-au-kiosque-du-calvaire-a-remiremont\/"]}]},{"@type":"ImageObject","inLanguage":"fr-FR","@id":"https:\/\/vosgesinfo.fr\/remiremontinfo\/2025\/06\/un-apero-theatre-en-plein-air-avec-les-zados-du-petit-theatre-de-vecoux-au-kiosque-du-calvaire-a-remiremont\/#primaryimage","url":"https:\/\/vosgesinfo.fr\/app\/uploads\/sites\/5\/2025\/06\/fb-img-1749506517303-copie.jpg","contentUrl":"https:\/\/vosgesinfo.fr\/app\/uploads\/sites\/5\/2025\/06\/fb-img-1749506517303-copie.jpg","width":1181,"height":1678},{"@type":"BreadcrumbList","@id":"https:\/\/vosgesinfo.fr\/remiremontinfo\/2025\/06\/un-apero-theatre-en-plein-air-avec-les-zados-du-petit-theatre-de-vecoux-au-kiosque-du-calvaire-a-remiremont\/#breadcrumb","itemListElement":[{"@type":"ListItem","position":1,"name":"Home","item":"https:\/\/vosgesinfo.fr\/remiremontinfo\/"},{"@type":"ListItem","position":2,"name":"Un ap\u00e9ro-th\u00e9\u00e2tre en plein air avec les Z\u2019Ados du Petit Th\u00e9\u00e2tre de Vecoux au kiosque du Calvaire \u00e0 Remiremont"}]},{"@type":"WebSite","@id":"https:\/\/vosgesinfo.fr\/remiremontinfo\/#website","url":"https:\/\/vosgesinfo.fr\/remiremontinfo\/","name":"Remiremont Info","description":"Toute l&#039;actualit\u00e9 de Remiremont","publisher":{"@id":"https:\/\/vosgesinfo.fr\/remiremontinfo\/#organization"},"alternateName":"Toute l'actualit\u00e9 de Remiremont","potentialAction":[{"@type":"SearchAction","target":{"@type":"EntryPoint","urlTemplate":"https:\/\/vosgesinfo.fr\/remiremontinfo\/?s={search_term_string}"},"query-input":"required name=search_term_string"}],"inLanguage":"fr-FR"},{"@type":"Organization","@id":"https:\/\/vosgesinfo.fr\/remiremontinfo\/#organization","name":"Remiremont Info","url":"https:\/\/vosgesinfo.fr\/remiremontinfo\/","logo":{"@type":"ImageObject","inLanguage":"fr-FR","@id":"https:\/\/vosgesinfo.fr\/remiremontinfo\/#\/schema\/logo\/image\/","url":"https:\/\/vosgesinfo.fr\/app\/uploads\/sites\/5\/2023\/08\/favicon-remiremontinfo.png","contentUrl":"https:\/\/vosgesinfo.fr\/app\/uploads\/sites\/5\/2023\/08\/favicon-remiremontinfo.png","width":512,"height":512,"caption":"Remiremont Info"},"image":{"@id":"https:\/\/vosgesinfo.fr\/remiremontinfo\/#\/schema\/logo\/image\/"},"sameAs":["https:\/\/www.facebook.com\/remiremontinfo","https:\/\/x.com\/VosgesInfo88","https:\/\/www.youtube.com\/@vosgesinfo"]},{"@type":"Person","@id":"https:\/\/vosgesinfo.fr\/remiremontinfo\/#\/schema\/person\/4f38cd3068e342935b7304695c797d08","name":"C.M","image":{"@type":"ImageObject","inLanguage":"fr-FR","@id":"https:\/\/vosgesinfo.fr\/remiremontinfo\/#\/schema\/person\/image\/","url":"https:\/\/secure.gravatar.com\/avatar\/fe9daaef0164d920717484172682f3c5c9bcf7d42aa8c7048c76c34f0eb6c8da?s=96&d=mm&r=g","contentUrl":"https:\/\/secure.gravatar.com\/avatar\/fe9daaef0164d920717484172682f3c5c9bcf7d42aa8c7048c76c34f0eb6c8da?s=96&d=mm&r=g","caption":"C.M"},"url":"https:\/\/vosgesinfo.fr\/remiremontinfo\/author\/cm88200\/"}]}},"_links":{"self":[{"href":"https:\/\/vosgesinfo.fr\/remiremontinfo\/wp-json\/wp\/v2\/posts\/82758","targetHints":{"allow":["GET"]}}],"collection":[{"href":"https:\/\/vosgesinfo.fr\/remiremontinfo\/wp-json\/wp\/v2\/posts"}],"about":[{"href":"https:\/\/vosgesinfo.fr\/remiremontinfo\/wp-json\/wp\/v2\/types\/post"}],"author":[{"embeddable":true,"href":"https:\/\/vosgesinfo.fr\/remiremontinfo\/wp-json\/wp\/v2\/users\/418"}],"replies":[{"embeddable":true,"href":"https:\/\/vosgesinfo.fr\/remiremontinfo\/wp-json\/wp\/v2\/comments?post=82758"}],"version-history":[{"count":1,"href":"https:\/\/vosgesinfo.fr\/remiremontinfo\/wp-json\/wp\/v2\/posts\/82758\/revisions"}],"predecessor-version":[{"id":82760,"href":"https:\/\/vosgesinfo.fr\/remiremontinfo\/wp-json\/wp\/v2\/posts\/82758\/revisions\/82760"}],"wp:featuredmedia":[{"embeddable":true,"href":"https:\/\/vosgesinfo.fr\/remiremontinfo\/wp-json\/wp\/v2\/media\/82759"}],"wp:attachment":[{"href":"https:\/\/vosgesinfo.fr\/remiremontinfo\/wp-json\/wp\/v2\/media?parent=82758"}],"wp:term":[{"taxonomy":"category","embeddable":true,"href":"https:\/\/vosgesinfo.fr\/remiremontinfo\/wp-json\/wp\/v2\/categories?post=82758"},{"taxonomy":"post_tag","embeddable":true,"href":"https:\/\/vosgesinfo.fr\/remiremontinfo\/wp-json\/wp\/v2\/tags?post=82758"}],"curies":[{"name":"wp","href":"https:\/\/api.w.org\/{rel}","templated":true}]}}