{"id":8276,"date":"2024-08-01T12:20:34","date_gmt":"2024-08-01T10:20:34","guid":{"rendered":"https:\/\/vosgesinfo.fr\/remiremontinfo\/?p=8276"},"modified":"2024-08-01T12:20:34","modified_gmt":"2024-08-01T10:20:34","slug":"j-o-la-vosgienne-clemence-beretta-arrive-15eme","status":"publish","type":"post","link":"https:\/\/vosgesinfo.fr\/remiremontinfo\/2024\/08\/j-o-la-vosgienne-clemence-beretta-arrive-15eme\/","title":{"rendered":"J.O : La Vosgienne Cl\u00e9mence Beretta arrive 15\u00e8me"},"content":{"rendered":"<div id=\"attachment_8282\" style=\"width: 1262px\" class=\"wp-caption aligncenter\"><img decoding=\"async\" aria-describedby=\"caption-attachment-8282\" class=\"size-full wp-image-8282\" src=\"https:\/\/vosgesinfo.fr\/app\/uploads\/sites\/5\/2024\/08\/clemence-beretta.png\" alt=\"\" width=\"1252\" height=\"880\" srcset=\"https:\/\/vosgesinfo.fr\/app\/uploads\/sites\/5\/2024\/08\/clemence-beretta.png 1252w, https:\/\/vosgesinfo.fr\/app\/uploads\/sites\/5\/2024\/08\/clemence-beretta-300x211.png 300w, https:\/\/vosgesinfo.fr\/app\/uploads\/sites\/5\/2024\/08\/clemence-beretta-1024x720.png 1024w, https:\/\/vosgesinfo.fr\/app\/uploads\/sites\/5\/2024\/08\/clemence-beretta-768x540.png 768w\" sizes=\"(max-width: 1252px) 100vw, 1252px\" \/><p id=\"caption-attachment-8282\" class=\"wp-caption-text\">Photographie : Instagram Cl\u00e9mence Beretta<\/p><\/div>\n<p>&nbsp;<\/p>\n<p><strong>La Vosgienne de 26 ans, Cl\u00e9mence Beretta, qui participait \u00e0 l&rsquo;\u00e9preuve de marche 20km des Jeux Olympiques de Paris 2024, a franchi la ligne d&rsquo;arriv\u00e9e en 15\u00e8me position avec un temps de 1 h 29 min 55 s. L&rsquo;\u00e9preuve initialement pr\u00e9vue \u00e0 9h20 n&rsquo;a d\u00e9but\u00e9 qu&rsquo;\u00e0 9h50 en raison des conditions m\u00e9t\u00e9orologiques sur la ville de Paris. C&rsquo;est l&rsquo;athl\u00e8te Chinoise Jiayu Yang qui d\u00e9croche la m\u00e9daille d&rsquo;or de cette comp\u00e9tition.\u00a0<\/strong><\/p>\n<p>Pour rappel, l&rsquo;athl\u00e8te n\u00e9e \u00e0 Remiremont est la d\u00e9tentrice du record de France du 20 km avec un temps de 1 h 28 min et 44 s qu&rsquo;elle a obtenu en Chine.<\/p>\n<p><strong>Une fan-zone \u00e0 Saint-Nabord.<\/strong><\/p>\n<p>De nombreux supporters se sont rendus \u00e0 la salle polyvalente de Saint-Nabord pour encourager Cl\u00e9mence Beretta. Ils \u00e9taient estim\u00e9s au nombre de 120, comprenant les membres du club d&rsquo;athl\u00e9tisme, le conseil d\u00e9partemental, les enfants du centre de loisirs et bien d&rsquo;autres fans du secteur. Trois bus ont \u00e9galement \u00e9t\u00e9 affr\u00e9t\u00e9s en direction de Paris pour aller directement soutenir la sportive.<\/p>\n<p>Les sponsors, Hyundai et les bonbons de la confiserie Bressaude, ont distribu\u00e9 de nombreux goodies aux spectateurs et un stand de vente de produits d\u00e9riv\u00e9s pour Cl\u00e9mence Beretta \u00e9tait install\u00e9.<\/p>\n<p>&nbsp;<\/p>\n\n\t\t<style type=\"text\/css\">\n\t\t\t#gallery-1 {\n\t\t\t\tmargin: auto;\n\t\t\t}\n\t\t\t#gallery-1 .gallery-item {\n\t\t\t\tfloat: left;\n\t\t\t\tmargin-top: 10px;\n\t\t\t\ttext-align: center;\n\t\t\t\twidth: 50%;\n\t\t\t}\n\t\t\t#gallery-1 img {\n\t\t\t\tborder: 2px solid #cfcfcf;\n\t\t\t}\n\t\t\t#gallery-1 .gallery-caption {\n\t\t\t\tmargin-left: 0;\n\t\t\t}\n\t\t\t\/* see gallery_shortcode() in wp-includes\/media.php *\/\n\t\t<\/style>\n\t\t<div id='gallery-1' class='gallery galleryid-8276 gallery-columns-2 gallery-size-full'><dl class='gallery-item'>\n\t\t\t<dt class='gallery-icon landscape'>\n\t\t\t\t<a href='https:\/\/vosgesinfo.fr\/remiremontinfo\/2024\/08\/j-o-la-vosgienne-clemence-beretta-arrive-15eme\/fan-zone-clemence-beretta\/'><img decoding=\"async\" width=\"960\" height=\"640\" src=\"https:\/\/vosgesinfo.fr\/app\/uploads\/sites\/5\/2024\/08\/fan-zone-clemence-beretta.jpg\" class=\"attachment-full size-full\" alt=\"\" srcset=\"https:\/\/vosgesinfo.fr\/app\/uploads\/sites\/5\/2024\/08\/fan-zone-clemence-beretta.jpg 960w, https:\/\/vosgesinfo.fr\/app\/uploads\/sites\/5\/2024\/08\/fan-zone-clemence-beretta-300x200.jpg 300w, https:\/\/vosgesinfo.fr\/app\/uploads\/sites\/5\/2024\/08\/fan-zone-clemence-beretta-768x512.jpg 768w\" sizes=\"(max-width: 960px) 100vw, 960px\" \/><\/a>\n\t\t\t<\/dt><\/dl><dl class='gallery-item'>\n\t\t\t<dt class='gallery-icon landscape'>\n\t\t\t\t<a href='https:\/\/vosgesinfo.fr\/remiremontinfo\/2024\/08\/j-o-la-vosgienne-clemence-beretta-arrive-15eme\/fan-zone-clemence-beretta-4\/'><img decoding=\"async\" width=\"960\" height=\"640\" src=\"https:\/\/vosgesinfo.fr\/app\/uploads\/sites\/5\/2024\/08\/fan-zone-clemence-beretta-4.jpg\" class=\"attachment-full size-full\" alt=\"\" srcset=\"https:\/\/vosgesinfo.fr\/app\/uploads\/sites\/5\/2024\/08\/fan-zone-clemence-beretta-4.jpg 960w, https:\/\/vosgesinfo.fr\/app\/uploads\/sites\/5\/2024\/08\/fan-zone-clemence-beretta-4-300x200.jpg 300w, https:\/\/vosgesinfo.fr\/app\/uploads\/sites\/5\/2024\/08\/fan-zone-clemence-beretta-4-768x512.jpg 768w\" sizes=\"(max-width: 960px) 100vw, 960px\" \/><\/a>\n\t\t\t<\/dt><\/dl><br style=\"clear: both\" \/><dl class='gallery-item'>\n\t\t\t<dt class='gallery-icon landscape'>\n\t\t\t\t<a href='https:\/\/vosgesinfo.fr\/remiremontinfo\/2024\/08\/j-o-la-vosgienne-clemence-beretta-arrive-15eme\/fan-zone-clemence-beretta-2\/'><img decoding=\"async\" width=\"960\" height=\"640\" src=\"https:\/\/vosgesinfo.fr\/app\/uploads\/sites\/5\/2024\/08\/fan-zone-clemence-beretta-2.jpg\" class=\"attachment-full size-full\" alt=\"\" srcset=\"https:\/\/vosgesinfo.fr\/app\/uploads\/sites\/5\/2024\/08\/fan-zone-clemence-beretta-2.jpg 960w, https:\/\/vosgesinfo.fr\/app\/uploads\/sites\/5\/2024\/08\/fan-zone-clemence-beretta-2-300x200.jpg 300w, https:\/\/vosgesinfo.fr\/app\/uploads\/sites\/5\/2024\/08\/fan-zone-clemence-beretta-2-768x512.jpg 768w\" sizes=\"(max-width: 960px) 100vw, 960px\" \/><\/a>\n\t\t\t<\/dt><\/dl><dl class='gallery-item'>\n\t\t\t<dt class='gallery-icon landscape'>\n\t\t\t\t<a href='https:\/\/vosgesinfo.fr\/remiremontinfo\/2024\/08\/j-o-la-vosgienne-clemence-beretta-arrive-15eme\/fan-zone-clemence-beretta-1\/'><img decoding=\"async\" width=\"960\" height=\"640\" src=\"https:\/\/vosgesinfo.fr\/app\/uploads\/sites\/5\/2024\/08\/fan-zone-clemence-beretta-1.jpg\" class=\"attachment-full size-full\" alt=\"\" srcset=\"https:\/\/vosgesinfo.fr\/app\/uploads\/sites\/5\/2024\/08\/fan-zone-clemence-beretta-1.jpg 960w, https:\/\/vosgesinfo.fr\/app\/uploads\/sites\/5\/2024\/08\/fan-zone-clemence-beretta-1-300x200.jpg 300w, https:\/\/vosgesinfo.fr\/app\/uploads\/sites\/5\/2024\/08\/fan-zone-clemence-beretta-1-768x512.jpg 768w\" sizes=\"(max-width: 960px) 100vw, 960px\" \/><\/a>\n\t\t\t<\/dt><\/dl><br style=\"clear: both\" \/><dl class='gallery-item'>\n\t\t\t<dt class='gallery-icon landscape'>\n\t\t\t\t<a href='https:\/\/vosgesinfo.fr\/remiremontinfo\/2024\/08\/j-o-la-vosgienne-clemence-beretta-arrive-15eme\/fan-zone-clemence-beretta-3\/'><img decoding=\"async\" width=\"960\" height=\"640\" src=\"https:\/\/vosgesinfo.fr\/app\/uploads\/sites\/5\/2024\/08\/fan-zone-clemence-beretta-3.jpg\" class=\"attachment-full size-full\" alt=\"\" srcset=\"https:\/\/vosgesinfo.fr\/app\/uploads\/sites\/5\/2024\/08\/fan-zone-clemence-beretta-3.jpg 960w, https:\/\/vosgesinfo.fr\/app\/uploads\/sites\/5\/2024\/08\/fan-zone-clemence-beretta-3-300x200.jpg 300w, https:\/\/vosgesinfo.fr\/app\/uploads\/sites\/5\/2024\/08\/fan-zone-clemence-beretta-3-768x512.jpg 768w\" sizes=\"(max-width: 960px) 100vw, 960px\" \/><\/a>\n\t\t\t<\/dt><\/dl>\n\t\t\t<br style='clear: both' \/>\n\t\t<\/div>\n\n","protected":false},"excerpt":{"rendered":"<p>&nbsp; La Vosgienne de 26 ans, Cl\u00e9mence Beretta, qui participait \u00e0 l&rsquo;\u00e9preuve de marche 20km des Jeux Olympiques de Paris [&hellip;]<\/p>\n","protected":false},"author":418,"featured_media":8282,"comment_status":"open","ping_status":"open","sticky":false,"template":"","format":"standard","meta":{"footnotes":""},"categories":[26,35,14,18],"tags":[1265,516,44],"class_list":["post-8276","post","type-post","status-publish","format-standard","has-post-thumbnail","hentry","category-a-la-une","category-remiremont-son-canton","category-sport","category-vosges","tag-clemence-beretta","tag-jo-2024","tag-remiremont"],"acf":[],"yoast_head":"<!-- This site is optimized with the Yoast SEO plugin v22.5 - https:\/\/yoast.com\/wordpress\/plugins\/seo\/ -->\n<title>J.O : La Vosgienne Cl\u00e9mence Beretta arrive 15\u00e8me - Remiremont Info<\/title>\n<meta name=\"robots\" content=\"index, follow, max-snippet:-1, max-image-preview:large, max-video-preview:-1\" \/>\n<link rel=\"canonical\" href=\"https:\/\/vosgesinfo.fr\/remiremontinfo\/?p=8276\" \/>\n<meta name=\"twitter:card\" content=\"summary_large_image\" \/>\n<meta name=\"twitter:title\" content=\"J.O : La Vosgienne Cl\u00e9mence Beretta arrive 15\u00e8me - Remiremont Info\" \/>\n<meta name=\"twitter:description\" content=\"&nbsp; La Vosgienne de 26 ans, Cl\u00e9mence Beretta, qui participait \u00e0 l&rsquo;\u00e9preuve de marche 20km des Jeux Olympiques de Paris [&hellip;]\" \/>\n<meta name=\"twitter:image\" content=\"https:\/\/vosgesinfo.fr\/app\/uploads\/sites\/5\/2024\/08\/fan-zone-clemence-beretta.jpg\" \/>\n<meta name=\"twitter:creator\" content=\"@VosgesInfo88\" \/>\n<meta name=\"twitter:site\" content=\"@VosgesInfo88\" \/>\n<meta name=\"twitter:label1\" content=\"\u00c9crit par\" \/>\n\t<meta name=\"twitter:data1\" content=\"C.M\" \/>\n\t<meta name=\"twitter:label2\" content=\"Dur\u00e9e de lecture estim\u00e9e\" \/>\n\t<meta name=\"twitter:data2\" content=\"2 minutes\" \/>\n<script type=\"application\/ld+json\" class=\"yoast-schema-graph\">{\"@context\":\"https:\/\/schema.org\",\"@graph\":[{\"@type\":\"Article\",\"@id\":\"https:\/\/vosgesinfo.fr\/remiremontinfo\/?p=8276#article\",\"isPartOf\":{\"@id\":\"https:\/\/vosgesinfo.fr\/remiremontinfo\/?p=8276\"},\"author\":{\"name\":\"C.M\",\"@id\":\"https:\/\/vosgesinfo.fr\/remiremontinfo\/#\/schema\/person\/4f38cd3068e342935b7304695c797d08\"},\"headline\":\"J.O : La Vosgienne Cl\u00e9mence Beretta arrive 15\u00e8me\",\"datePublished\":\"2024-08-01T10:20:34+00:00\",\"dateModified\":\"2024-08-01T10:20:34+00:00\",\"mainEntityOfPage\":{\"@id\":\"https:\/\/vosgesinfo.fr\/remiremontinfo\/?p=8276\"},\"wordCount\":242,\"commentCount\":0,\"publisher\":{\"@id\":\"https:\/\/vosgesinfo.fr\/remiremontinfo\/#organization\"},\"image\":{\"@id\":\"https:\/\/vosgesinfo.fr\/remiremontinfo\/?p=8276#primaryimage\"},\"thumbnailUrl\":\"https:\/\/vosgesinfo.fr\/app\/uploads\/sites\/5\/2024\/08\/clemence-beretta.png\",\"keywords\":[\"Cl\u00e9mence beretta\",\"JO 2024\",\"remiremont\"],\"articleSection\":[\"A la Une\",\"Remiremont &amp; son canton\",\"Sport\",\"Vosges\"],\"inLanguage\":\"fr-FR\",\"potentialAction\":[{\"@type\":\"CommentAction\",\"name\":\"Comment\",\"target\":[\"https:\/\/vosgesinfo.fr\/remiremontinfo\/?p=8276#respond\"]}]},{\"@type\":\"WebPage\",\"@id\":\"https:\/\/vosgesinfo.fr\/remiremontinfo\/?p=8276\",\"url\":\"https:\/\/vosgesinfo.fr\/remiremontinfo\/?p=8276\",\"name\":\"J.O : La Vosgienne Cl\u00e9mence Beretta arrive 15\u00e8me - Remiremont Info\",\"isPartOf\":{\"@id\":\"https:\/\/vosgesinfo.fr\/remiremontinfo\/#website\"},\"primaryImageOfPage\":{\"@id\":\"https:\/\/vosgesinfo.fr\/remiremontinfo\/?p=8276#primaryimage\"},\"image\":{\"@id\":\"https:\/\/vosgesinfo.fr\/remiremontinfo\/?p=8276#primaryimage\"},\"thumbnailUrl\":\"https:\/\/vosgesinfo.fr\/app\/uploads\/sites\/5\/2024\/08\/clemence-beretta.png\",\"datePublished\":\"2024-08-01T10:20:34+00:00\",\"dateModified\":\"2024-08-01T10:20:34+00:00\",\"breadcrumb\":{\"@id\":\"https:\/\/vosgesinfo.fr\/remiremontinfo\/?p=8276#breadcrumb\"},\"inLanguage\":\"fr-FR\",\"potentialAction\":[{\"@type\":\"ReadAction\",\"target\":[\"https:\/\/vosgesinfo.fr\/remiremontinfo\/?p=8276\"]}]},{\"@type\":\"ImageObject\",\"inLanguage\":\"fr-FR\",\"@id\":\"https:\/\/vosgesinfo.fr\/remiremontinfo\/?p=8276#primaryimage\",\"url\":\"https:\/\/vosgesinfo.fr\/app\/uploads\/sites\/5\/2024\/08\/clemence-beretta.png\",\"contentUrl\":\"https:\/\/vosgesinfo.fr\/app\/uploads\/sites\/5\/2024\/08\/clemence-beretta.png\",\"width\":1252,\"height\":880,\"caption\":\"Photographie : Instagram Cl\u00e9mence Beretta\"},{\"@type\":\"BreadcrumbList\",\"@id\":\"https:\/\/vosgesinfo.fr\/remiremontinfo\/?p=8276#breadcrumb\",\"itemListElement\":[{\"@type\":\"ListItem\",\"position\":1,\"name\":\"Home\",\"item\":\"https:\/\/vosgesinfo.fr\/remiremontinfo\/\"},{\"@type\":\"ListItem\",\"position\":2,\"name\":\"J.O : La Vosgienne Cl\u00e9mence Beretta arrive 15\u00e8me\"}]},{\"@type\":\"WebSite\",\"@id\":\"https:\/\/vosgesinfo.fr\/remiremontinfo\/#website\",\"url\":\"https:\/\/vosgesinfo.fr\/remiremontinfo\/\",\"name\":\"Remiremont Info\",\"description\":\"Toute l&#039;actualit\u00e9 de Remiremont\",\"publisher\":{\"@id\":\"https:\/\/vosgesinfo.fr\/remiremontinfo\/#organization\"},\"alternateName\":\"Toute l'actualit\u00e9 de Remiremont\",\"potentialAction\":[{\"@type\":\"SearchAction\",\"target\":{\"@type\":\"EntryPoint\",\"urlTemplate\":\"https:\/\/vosgesinfo.fr\/remiremontinfo\/?s={search_term_string}\"},\"query-input\":\"required name=search_term_string\"}],\"inLanguage\":\"fr-FR\"},{\"@type\":\"Organization\",\"@id\":\"https:\/\/vosgesinfo.fr\/remiremontinfo\/#organization\",\"name\":\"Remiremont Info\",\"url\":\"https:\/\/vosgesinfo.fr\/remiremontinfo\/\",\"logo\":{\"@type\":\"ImageObject\",\"inLanguage\":\"fr-FR\",\"@id\":\"https:\/\/vosgesinfo.fr\/remiremontinfo\/#\/schema\/logo\/image\/\",\"url\":\"https:\/\/vosgesinfo.fr\/app\/uploads\/sites\/5\/2023\/08\/favicon-remiremontinfo.png\",\"contentUrl\":\"https:\/\/vosgesinfo.fr\/app\/uploads\/sites\/5\/2023\/08\/favicon-remiremontinfo.png\",\"width\":512,\"height\":512,\"caption\":\"Remiremont Info\"},\"image\":{\"@id\":\"https:\/\/vosgesinfo.fr\/remiremontinfo\/#\/schema\/logo\/image\/\"},\"sameAs\":[\"https:\/\/www.facebook.com\/remiremontinfo\",\"https:\/\/x.com\/VosgesInfo88\",\"https:\/\/www.youtube.com\/@vosgesinfo\"]},{\"@type\":\"Person\",\"@id\":\"https:\/\/vosgesinfo.fr\/remiremontinfo\/#\/schema\/person\/4f38cd3068e342935b7304695c797d08\",\"name\":\"C.M\",\"image\":{\"@type\":\"ImageObject\",\"inLanguage\":\"fr-FR\",\"@id\":\"https:\/\/vosgesinfo.fr\/remiremontinfo\/#\/schema\/person\/image\/\",\"url\":\"https:\/\/secure.gravatar.com\/avatar\/fe9daaef0164d920717484172682f3c5c9bcf7d42aa8c7048c76c34f0eb6c8da?s=96&d=mm&r=g\",\"contentUrl\":\"https:\/\/secure.gravatar.com\/avatar\/fe9daaef0164d920717484172682f3c5c9bcf7d42aa8c7048c76c34f0eb6c8da?s=96&d=mm&r=g\",\"caption\":\"C.M\"},\"url\":\"https:\/\/vosgesinfo.fr\/remiremontinfo\/author\/cm88200\/\"}]}<\/script>\n<!-- \/ Yoast SEO plugin. -->","yoast_head_json":{"title":"J.O : La Vosgienne Cl\u00e9mence Beretta arrive 15\u00e8me - Remiremont Info","robots":{"index":"index","follow":"follow","max-snippet":"max-snippet:-1","max-image-preview":"max-image-preview:large","max-video-preview":"max-video-preview:-1"},"canonical":"https:\/\/vosgesinfo.fr\/remiremontinfo\/?p=8276","twitter_card":"summary_large_image","twitter_title":"J.O : La Vosgienne Cl\u00e9mence Beretta arrive 15\u00e8me - Remiremont Info","twitter_description":"&nbsp; La Vosgienne de 26 ans, Cl\u00e9mence Beretta, qui participait \u00e0 l&rsquo;\u00e9preuve de marche 20km des Jeux Olympiques de Paris [&hellip;]","twitter_image":"https:\/\/vosgesinfo.fr\/app\/uploads\/sites\/5\/2024\/08\/fan-zone-clemence-beretta.jpg","twitter_creator":"@VosgesInfo88","twitter_site":"@VosgesInfo88","twitter_misc":{"\u00c9crit par":"C.M","Dur\u00e9e de lecture estim\u00e9e":"2 minutes"},"schema":{"@context":"https:\/\/schema.org","@graph":[{"@type":"Article","@id":"https:\/\/vosgesinfo.fr\/remiremontinfo\/?p=8276#article","isPartOf":{"@id":"https:\/\/vosgesinfo.fr\/remiremontinfo\/?p=8276"},"author":{"name":"C.M","@id":"https:\/\/vosgesinfo.fr\/remiremontinfo\/#\/schema\/person\/4f38cd3068e342935b7304695c797d08"},"headline":"J.O : La Vosgienne Cl\u00e9mence Beretta arrive 15\u00e8me","datePublished":"2024-08-01T10:20:34+00:00","dateModified":"2024-08-01T10:20:34+00:00","mainEntityOfPage":{"@id":"https:\/\/vosgesinfo.fr\/remiremontinfo\/?p=8276"},"wordCount":242,"commentCount":0,"publisher":{"@id":"https:\/\/vosgesinfo.fr\/remiremontinfo\/#organization"},"image":{"@id":"https:\/\/vosgesinfo.fr\/remiremontinfo\/?p=8276#primaryimage"},"thumbnailUrl":"https:\/\/vosgesinfo.fr\/app\/uploads\/sites\/5\/2024\/08\/clemence-beretta.png","keywords":["Cl\u00e9mence beretta","JO 2024","remiremont"],"articleSection":["A la Une","Remiremont &amp; son canton","Sport","Vosges"],"inLanguage":"fr-FR","potentialAction":[{"@type":"CommentAction","name":"Comment","target":["https:\/\/vosgesinfo.fr\/remiremontinfo\/?p=8276#respond"]}]},{"@type":"WebPage","@id":"https:\/\/vosgesinfo.fr\/remiremontinfo\/?p=8276","url":"https:\/\/vosgesinfo.fr\/remiremontinfo\/?p=8276","name":"J.O : La Vosgienne Cl\u00e9mence Beretta arrive 15\u00e8me - Remiremont Info","isPartOf":{"@id":"https:\/\/vosgesinfo.fr\/remiremontinfo\/#website"},"primaryImageOfPage":{"@id":"https:\/\/vosgesinfo.fr\/remiremontinfo\/?p=8276#primaryimage"},"image":{"@id":"https:\/\/vosgesinfo.fr\/remiremontinfo\/?p=8276#primaryimage"},"thumbnailUrl":"https:\/\/vosgesinfo.fr\/app\/uploads\/sites\/5\/2024\/08\/clemence-beretta.png","datePublished":"2024-08-01T10:20:34+00:00","dateModified":"2024-08-01T10:20:34+00:00","breadcrumb":{"@id":"https:\/\/vosgesinfo.fr\/remiremontinfo\/?p=8276#breadcrumb"},"inLanguage":"fr-FR","potentialAction":[{"@type":"ReadAction","target":["https:\/\/vosgesinfo.fr\/remiremontinfo\/?p=8276"]}]},{"@type":"ImageObject","inLanguage":"fr-FR","@id":"https:\/\/vosgesinfo.fr\/remiremontinfo\/?p=8276#primaryimage","url":"https:\/\/vosgesinfo.fr\/app\/uploads\/sites\/5\/2024\/08\/clemence-beretta.png","contentUrl":"https:\/\/vosgesinfo.fr\/app\/uploads\/sites\/5\/2024\/08\/clemence-beretta.png","width":1252,"height":880,"caption":"Photographie : Instagram Cl\u00e9mence Beretta"},{"@type":"BreadcrumbList","@id":"https:\/\/vosgesinfo.fr\/remiremontinfo\/?p=8276#breadcrumb","itemListElement":[{"@type":"ListItem","position":1,"name":"Home","item":"https:\/\/vosgesinfo.fr\/remiremontinfo\/"},{"@type":"ListItem","position":2,"name":"J.O : La Vosgienne Cl\u00e9mence Beretta arrive 15\u00e8me"}]},{"@type":"WebSite","@id":"https:\/\/vosgesinfo.fr\/remiremontinfo\/#website","url":"https:\/\/vosgesinfo.fr\/remiremontinfo\/","name":"Remiremont Info","description":"Toute l&#039;actualit\u00e9 de Remiremont","publisher":{"@id":"https:\/\/vosgesinfo.fr\/remiremontinfo\/#organization"},"alternateName":"Toute l'actualit\u00e9 de Remiremont","potentialAction":[{"@type":"SearchAction","target":{"@type":"EntryPoint","urlTemplate":"https:\/\/vosgesinfo.fr\/remiremontinfo\/?s={search_term_string}"},"query-input":"required name=search_term_string"}],"inLanguage":"fr-FR"},{"@type":"Organization","@id":"https:\/\/vosgesinfo.fr\/remiremontinfo\/#organization","name":"Remiremont Info","url":"https:\/\/vosgesinfo.fr\/remiremontinfo\/","logo":{"@type":"ImageObject","inLanguage":"fr-FR","@id":"https:\/\/vosgesinfo.fr\/remiremontinfo\/#\/schema\/logo\/image\/","url":"https:\/\/vosgesinfo.fr\/app\/uploads\/sites\/5\/2023\/08\/favicon-remiremontinfo.png","contentUrl":"https:\/\/vosgesinfo.fr\/app\/uploads\/sites\/5\/2023\/08\/favicon-remiremontinfo.png","width":512,"height":512,"caption":"Remiremont Info"},"image":{"@id":"https:\/\/vosgesinfo.fr\/remiremontinfo\/#\/schema\/logo\/image\/"},"sameAs":["https:\/\/www.facebook.com\/remiremontinfo","https:\/\/x.com\/VosgesInfo88","https:\/\/www.youtube.com\/@vosgesinfo"]},{"@type":"Person","@id":"https:\/\/vosgesinfo.fr\/remiremontinfo\/#\/schema\/person\/4f38cd3068e342935b7304695c797d08","name":"C.M","image":{"@type":"ImageObject","inLanguage":"fr-FR","@id":"https:\/\/vosgesinfo.fr\/remiremontinfo\/#\/schema\/person\/image\/","url":"https:\/\/secure.gravatar.com\/avatar\/fe9daaef0164d920717484172682f3c5c9bcf7d42aa8c7048c76c34f0eb6c8da?s=96&d=mm&r=g","contentUrl":"https:\/\/secure.gravatar.com\/avatar\/fe9daaef0164d920717484172682f3c5c9bcf7d42aa8c7048c76c34f0eb6c8da?s=96&d=mm&r=g","caption":"C.M"},"url":"https:\/\/vosgesinfo.fr\/remiremontinfo\/author\/cm88200\/"}]}},"_links":{"self":[{"href":"https:\/\/vosgesinfo.fr\/remiremontinfo\/wp-json\/wp\/v2\/posts\/8276","targetHints":{"allow":["GET"]}}],"collection":[{"href":"https:\/\/vosgesinfo.fr\/remiremontinfo\/wp-json\/wp\/v2\/posts"}],"about":[{"href":"https:\/\/vosgesinfo.fr\/remiremontinfo\/wp-json\/wp\/v2\/types\/post"}],"author":[{"embeddable":true,"href":"https:\/\/vosgesinfo.fr\/remiremontinfo\/wp-json\/wp\/v2\/users\/418"}],"replies":[{"embeddable":true,"href":"https:\/\/vosgesinfo.fr\/remiremontinfo\/wp-json\/wp\/v2\/comments?post=8276"}],"version-history":[{"count":1,"href":"https:\/\/vosgesinfo.fr\/remiremontinfo\/wp-json\/wp\/v2\/posts\/8276\/revisions"}],"predecessor-version":[{"id":8283,"href":"https:\/\/vosgesinfo.fr\/remiremontinfo\/wp-json\/wp\/v2\/posts\/8276\/revisions\/8283"}],"wp:featuredmedia":[{"embeddable":true,"href":"https:\/\/vosgesinfo.fr\/remiremontinfo\/wp-json\/wp\/v2\/media\/8282"}],"wp:attachment":[{"href":"https:\/\/vosgesinfo.fr\/remiremontinfo\/wp-json\/wp\/v2\/media?parent=8276"}],"wp:term":[{"taxonomy":"category","embeddable":true,"href":"https:\/\/vosgesinfo.fr\/remiremontinfo\/wp-json\/wp\/v2\/categories?post=8276"},{"taxonomy":"post_tag","embeddable":true,"href":"https:\/\/vosgesinfo.fr\/remiremontinfo\/wp-json\/wp\/v2\/tags?post=8276"}],"curies":[{"name":"wp","href":"https:\/\/api.w.org\/{rel}","templated":true}]}}