{"id":82761,"date":"2025-06-16T16:00:40","date_gmt":"2025-06-16T14:00:40","guid":{"rendered":"https:\/\/vosgesinfo.fr\/remiremontinfo\/?p=82761"},"modified":"2025-06-16T14:37:16","modified_gmt":"2025-06-16T12:37:16","slug":"romaric-francois-expose-ses-aquarelles-au-musee-charles-de-bruyeres-a-remiremont","status":"publish","type":"post","link":"https:\/\/vosgesinfo.fr\/remiremontinfo\/2025\/06\/romaric-francois-expose-ses-aquarelles-au-musee-charles-de-bruyeres-a-remiremont\/","title":{"rendered":"Romaric Fran\u00e7ois expose ses aquarelles au mus\u00e9e Charles de Bruy\u00e8res \u00e0 Remiremont"},"content":{"rendered":"<p data-start=\"86\" data-end=\"337\"><a href=\"https:\/\/vosgesinfo.fr\/app\/uploads\/sites\/5\/2025\/06\/aquarelle-remiremont-romaric-copie-scaled.jpg\"><img decoding=\"async\" class=\"aligncenter size-full wp-image-82762\" src=\"https:\/\/vosgesinfo.fr\/app\/uploads\/sites\/5\/2025\/06\/aquarelle-remiremont-romaric-copie-scaled.jpg\" alt=\"\" width=\"2560\" height=\"1920\" srcset=\"https:\/\/vosgesinfo.fr\/app\/uploads\/sites\/5\/2025\/06\/aquarelle-remiremont-romaric-copie-scaled.jpg 2560w, https:\/\/vosgesinfo.fr\/app\/uploads\/sites\/5\/2025\/06\/aquarelle-remiremont-romaric-copie-300x225.jpg 300w, https:\/\/vosgesinfo.fr\/app\/uploads\/sites\/5\/2025\/06\/aquarelle-remiremont-romaric-copie-1024x768.jpg 1024w, https:\/\/vosgesinfo.fr\/app\/uploads\/sites\/5\/2025\/06\/aquarelle-remiremont-romaric-copie-768x576.jpg 768w, https:\/\/vosgesinfo.fr\/app\/uploads\/sites\/5\/2025\/06\/aquarelle-remiremont-romaric-copie-1536x1152.jpg 1536w, https:\/\/vosgesinfo.fr\/app\/uploads\/sites\/5\/2025\/06\/aquarelle-remiremont-romaric-copie-2048x1536.jpg 2048w\" sizes=\"(max-width: 2560px) 100vw, 2560px\" \/><\/a><\/p>\n<p data-start=\"86\" data-end=\"337\"><strong>Du 5 juillet au 30 ao\u00fbt, le mus\u00e9e Charles de Bruy\u00e8res \u00e0 Remiremont accueille l\u2019exposition \u00ab Aquarelles de Remiremont et d\u2019ailleurs \u00bb de Romaric Fran\u00e7ois, artiste install\u00e9 pr\u00e8s de Rouen et originaire de la cit\u00e9 des Chanoinesses.<\/strong><\/p>\n<p data-start=\"339\" data-end=\"734\">L\u2019exposition pr\u00e9sente une vingtaine d\u2019aquarelles r\u00e9alis\u00e9es au fil de ses voyages et coups de c\u0153ur : des paysages vosgiens, en particulier Remiremont, mais aussi des sc\u00e8nes de Gironde, du Calvados, de Rouen, de Paris, voire de New York. \u00c0 cela s\u2019ajoutent trois \u0153uvres peintes, dont l\u2019une rend un hommage personnel \u00e0 son grand-p\u00e8re, architecte \u00e0 Remiremont.<\/p>\n<p data-start=\"736\" data-end=\"978\">Form\u00e9 \u00e0 l\u2019\u00e9cole d\u2019architecture de Nancy, Romaric Fran\u00e7ois s\u2019est \u00e9galement initi\u00e9, gr\u00e2ce aux enseignants des Beaux-Arts, au dessin, au modelage et \u00e0 la sculpture, ce qui nourrit aujourd\u2019hui encore sa sensibilit\u00e9 artistique.<\/p>\n<p data-start=\"980\" data-end=\"1084\" data-is-last-node=\"\" data-is-only-node=\"\">Une exposition \u00e0 d\u00e9couvrir tout au long de l\u2019\u00e9t\u00e9 pour les amateurs d\u2019aquarelles et de patrimoine visuel.<\/p>\n","protected":false},"excerpt":{"rendered":"<p>Du 5 juillet au 30 ao\u00fbt, le mus\u00e9e Charles de Bruy\u00e8res \u00e0 Remiremont accueille l\u2019exposition \u00ab Aquarelles de Remiremont et [&hellip;]<\/p>\n","protected":false},"author":418,"featured_media":82762,"comment_status":"open","ping_status":"open","sticky":false,"template":"","format":"standard","meta":{"footnotes":""},"categories":[26,594,229,43],"tags":[8097,839,44,8096],"class_list":["post-82761","post","type-post","status-publish","format-standard","has-post-thumbnail","hentry","category-a-la-une","category-agenda","category-art","category-remiremont-remiremont-son-canton","tag-aquarelles","tag-musee-charles-de-bruyeres","tag-remiremont","tag-romaric-francois"],"acf":[],"yoast_head":"<!-- This site is optimized with the Yoast SEO plugin v22.5 - https:\/\/yoast.com\/wordpress\/plugins\/seo\/ -->\n<title>Romaric Fran\u00e7ois expose ses aquarelles au mus\u00e9e Charles de Bruy\u00e8res \u00e0 Remiremont - Remiremont Info<\/title>\n<meta name=\"robots\" content=\"index, follow, max-snippet:-1, max-image-preview:large, max-video-preview:-1\" \/>\n<link rel=\"canonical\" href=\"https:\/\/vosgesinfo.fr\/remiremontinfo\/2025\/06\/romaric-francois-expose-ses-aquarelles-au-musee-charles-de-bruyeres-a-remiremont\/\" \/>\n<meta name=\"twitter:card\" content=\"summary_large_image\" \/>\n<meta name=\"twitter:title\" content=\"Romaric Fran\u00e7ois expose ses aquarelles au mus\u00e9e Charles de Bruy\u00e8res \u00e0 Remiremont - Remiremont Info\" \/>\n<meta name=\"twitter:description\" content=\"Du 5 juillet au 30 ao\u00fbt, le mus\u00e9e Charles de Bruy\u00e8res \u00e0 Remiremont accueille l\u2019exposition \u00ab Aquarelles de Remiremont et [&hellip;]\" \/>\n<meta name=\"twitter:image\" content=\"https:\/\/vosgesinfo.fr\/app\/uploads\/sites\/5\/2025\/06\/aquarelle-remiremont-romaric-copie-scaled.jpg\" \/>\n<meta name=\"twitter:creator\" content=\"@VosgesInfo88\" \/>\n<meta name=\"twitter:site\" content=\"@VosgesInfo88\" \/>\n<meta name=\"twitter:label1\" content=\"\u00c9crit par\" \/>\n\t<meta name=\"twitter:data1\" content=\"C.M\" \/>\n\t<meta name=\"twitter:label2\" content=\"Dur\u00e9e de lecture estim\u00e9e\" \/>\n\t<meta name=\"twitter:data2\" content=\"1 minute\" \/>\n<script type=\"application\/ld+json\" class=\"yoast-schema-graph\">{\"@context\":\"https:\/\/schema.org\",\"@graph\":[{\"@type\":\"Article\",\"@id\":\"https:\/\/vosgesinfo.fr\/remiremontinfo\/2025\/06\/romaric-francois-expose-ses-aquarelles-au-musee-charles-de-bruyeres-a-remiremont\/#article\",\"isPartOf\":{\"@id\":\"https:\/\/vosgesinfo.fr\/remiremontinfo\/2025\/06\/romaric-francois-expose-ses-aquarelles-au-musee-charles-de-bruyeres-a-remiremont\/\"},\"author\":{\"name\":\"C.M\",\"@id\":\"https:\/\/vosgesinfo.fr\/remiremontinfo\/#\/schema\/person\/4f38cd3068e342935b7304695c797d08\"},\"headline\":\"Romaric Fran\u00e7ois expose ses aquarelles au mus\u00e9e Charles de Bruy\u00e8res \u00e0 Remiremont\",\"datePublished\":\"2025-06-16T14:00:40+00:00\",\"dateModified\":\"2025-06-16T12:37:16+00:00\",\"mainEntityOfPage\":{\"@id\":\"https:\/\/vosgesinfo.fr\/remiremontinfo\/2025\/06\/romaric-francois-expose-ses-aquarelles-au-musee-charles-de-bruyeres-a-remiremont\/\"},\"wordCount\":170,\"commentCount\":0,\"publisher\":{\"@id\":\"https:\/\/vosgesinfo.fr\/remiremontinfo\/#organization\"},\"image\":{\"@id\":\"https:\/\/vosgesinfo.fr\/remiremontinfo\/2025\/06\/romaric-francois-expose-ses-aquarelles-au-musee-charles-de-bruyeres-a-remiremont\/#primaryimage\"},\"thumbnailUrl\":\"https:\/\/vosgesinfo.fr\/app\/uploads\/sites\/5\/2025\/06\/aquarelle-remiremont-romaric-copie-scaled.jpg\",\"keywords\":[\"Aquarelles\",\"Mus\u00e9e Charles de Bruy\u00e8res\",\"remiremont\",\"Romaric Fran\u00e7ois\"],\"articleSection\":[\"A la Une\",\"Agenda\",\"Art\",\"Remiremont\"],\"inLanguage\":\"fr-FR\",\"potentialAction\":[{\"@type\":\"CommentAction\",\"name\":\"Comment\",\"target\":[\"https:\/\/vosgesinfo.fr\/remiremontinfo\/2025\/06\/romaric-francois-expose-ses-aquarelles-au-musee-charles-de-bruyeres-a-remiremont\/#respond\"]}]},{\"@type\":\"WebPage\",\"@id\":\"https:\/\/vosgesinfo.fr\/remiremontinfo\/2025\/06\/romaric-francois-expose-ses-aquarelles-au-musee-charles-de-bruyeres-a-remiremont\/\",\"url\":\"https:\/\/vosgesinfo.fr\/remiremontinfo\/2025\/06\/romaric-francois-expose-ses-aquarelles-au-musee-charles-de-bruyeres-a-remiremont\/\",\"name\":\"Romaric Fran\u00e7ois expose ses aquarelles au mus\u00e9e Charles de Bruy\u00e8res \u00e0 Remiremont - Remiremont Info\",\"isPartOf\":{\"@id\":\"https:\/\/vosgesinfo.fr\/remiremontinfo\/#website\"},\"primaryImageOfPage\":{\"@id\":\"https:\/\/vosgesinfo.fr\/remiremontinfo\/2025\/06\/romaric-francois-expose-ses-aquarelles-au-musee-charles-de-bruyeres-a-remiremont\/#primaryimage\"},\"image\":{\"@id\":\"https:\/\/vosgesinfo.fr\/remiremontinfo\/2025\/06\/romaric-francois-expose-ses-aquarelles-au-musee-charles-de-bruyeres-a-remiremont\/#primaryimage\"},\"thumbnailUrl\":\"https:\/\/vosgesinfo.fr\/app\/uploads\/sites\/5\/2025\/06\/aquarelle-remiremont-romaric-copie-scaled.jpg\",\"datePublished\":\"2025-06-16T14:00:40+00:00\",\"dateModified\":\"2025-06-16T12:37:16+00:00\",\"breadcrumb\":{\"@id\":\"https:\/\/vosgesinfo.fr\/remiremontinfo\/2025\/06\/romaric-francois-expose-ses-aquarelles-au-musee-charles-de-bruyeres-a-remiremont\/#breadcrumb\"},\"inLanguage\":\"fr-FR\",\"potentialAction\":[{\"@type\":\"ReadAction\",\"target\":[\"https:\/\/vosgesinfo.fr\/remiremontinfo\/2025\/06\/romaric-francois-expose-ses-aquarelles-au-musee-charles-de-bruyeres-a-remiremont\/\"]}]},{\"@type\":\"ImageObject\",\"inLanguage\":\"fr-FR\",\"@id\":\"https:\/\/vosgesinfo.fr\/remiremontinfo\/2025\/06\/romaric-francois-expose-ses-aquarelles-au-musee-charles-de-bruyeres-a-remiremont\/#primaryimage\",\"url\":\"https:\/\/vosgesinfo.fr\/app\/uploads\/sites\/5\/2025\/06\/aquarelle-remiremont-romaric-copie-scaled.jpg\",\"contentUrl\":\"https:\/\/vosgesinfo.fr\/app\/uploads\/sites\/5\/2025\/06\/aquarelle-remiremont-romaric-copie-scaled.jpg\",\"width\":2560,\"height\":1920},{\"@type\":\"BreadcrumbList\",\"@id\":\"https:\/\/vosgesinfo.fr\/remiremontinfo\/2025\/06\/romaric-francois-expose-ses-aquarelles-au-musee-charles-de-bruyeres-a-remiremont\/#breadcrumb\",\"itemListElement\":[{\"@type\":\"ListItem\",\"position\":1,\"name\":\"Home\",\"item\":\"https:\/\/vosgesinfo.fr\/remiremontinfo\/\"},{\"@type\":\"ListItem\",\"position\":2,\"name\":\"Romaric Fran\u00e7ois expose ses aquarelles au mus\u00e9e Charles de Bruy\u00e8res \u00e0 Remiremont\"}]},{\"@type\":\"WebSite\",\"@id\":\"https:\/\/vosgesinfo.fr\/remiremontinfo\/#website\",\"url\":\"https:\/\/vosgesinfo.fr\/remiremontinfo\/\",\"name\":\"Remiremont Info\",\"description\":\"Toute l&#039;actualit\u00e9 de Remiremont\",\"publisher\":{\"@id\":\"https:\/\/vosgesinfo.fr\/remiremontinfo\/#organization\"},\"alternateName\":\"Toute l'actualit\u00e9 de Remiremont\",\"potentialAction\":[{\"@type\":\"SearchAction\",\"target\":{\"@type\":\"EntryPoint\",\"urlTemplate\":\"https:\/\/vosgesinfo.fr\/remiremontinfo\/?s={search_term_string}\"},\"query-input\":\"required name=search_term_string\"}],\"inLanguage\":\"fr-FR\"},{\"@type\":\"Organization\",\"@id\":\"https:\/\/vosgesinfo.fr\/remiremontinfo\/#organization\",\"name\":\"Remiremont Info\",\"url\":\"https:\/\/vosgesinfo.fr\/remiremontinfo\/\",\"logo\":{\"@type\":\"ImageObject\",\"inLanguage\":\"fr-FR\",\"@id\":\"https:\/\/vosgesinfo.fr\/remiremontinfo\/#\/schema\/logo\/image\/\",\"url\":\"https:\/\/vosgesinfo.fr\/app\/uploads\/sites\/5\/2023\/08\/favicon-remiremontinfo.png\",\"contentUrl\":\"https:\/\/vosgesinfo.fr\/app\/uploads\/sites\/5\/2023\/08\/favicon-remiremontinfo.png\",\"width\":512,\"height\":512,\"caption\":\"Remiremont Info\"},\"image\":{\"@id\":\"https:\/\/vosgesinfo.fr\/remiremontinfo\/#\/schema\/logo\/image\/\"},\"sameAs\":[\"https:\/\/www.facebook.com\/remiremontinfo\",\"https:\/\/x.com\/VosgesInfo88\",\"https:\/\/www.youtube.com\/@vosgesinfo\"]},{\"@type\":\"Person\",\"@id\":\"https:\/\/vosgesinfo.fr\/remiremontinfo\/#\/schema\/person\/4f38cd3068e342935b7304695c797d08\",\"name\":\"C.M\",\"image\":{\"@type\":\"ImageObject\",\"inLanguage\":\"fr-FR\",\"@id\":\"https:\/\/vosgesinfo.fr\/remiremontinfo\/#\/schema\/person\/image\/\",\"url\":\"https:\/\/secure.gravatar.com\/avatar\/fe9daaef0164d920717484172682f3c5c9bcf7d42aa8c7048c76c34f0eb6c8da?s=96&d=mm&r=g\",\"contentUrl\":\"https:\/\/secure.gravatar.com\/avatar\/fe9daaef0164d920717484172682f3c5c9bcf7d42aa8c7048c76c34f0eb6c8da?s=96&d=mm&r=g\",\"caption\":\"C.M\"},\"url\":\"https:\/\/vosgesinfo.fr\/remiremontinfo\/author\/cm88200\/\"}]}<\/script>\n<!-- \/ Yoast SEO plugin. -->","yoast_head_json":{"title":"Romaric Fran\u00e7ois expose ses aquarelles au mus\u00e9e Charles de Bruy\u00e8res \u00e0 Remiremont - Remiremont Info","robots":{"index":"index","follow":"follow","max-snippet":"max-snippet:-1","max-image-preview":"max-image-preview:large","max-video-preview":"max-video-preview:-1"},"canonical":"https:\/\/vosgesinfo.fr\/remiremontinfo\/2025\/06\/romaric-francois-expose-ses-aquarelles-au-musee-charles-de-bruyeres-a-remiremont\/","twitter_card":"summary_large_image","twitter_title":"Romaric Fran\u00e7ois expose ses aquarelles au mus\u00e9e Charles de Bruy\u00e8res \u00e0 Remiremont - Remiremont Info","twitter_description":"Du 5 juillet au 30 ao\u00fbt, le mus\u00e9e Charles de Bruy\u00e8res \u00e0 Remiremont accueille l\u2019exposition \u00ab Aquarelles de Remiremont et [&hellip;]","twitter_image":"https:\/\/vosgesinfo.fr\/app\/uploads\/sites\/5\/2025\/06\/aquarelle-remiremont-romaric-copie-scaled.jpg","twitter_creator":"@VosgesInfo88","twitter_site":"@VosgesInfo88","twitter_misc":{"\u00c9crit par":"C.M","Dur\u00e9e de lecture estim\u00e9e":"1 minute"},"schema":{"@context":"https:\/\/schema.org","@graph":[{"@type":"Article","@id":"https:\/\/vosgesinfo.fr\/remiremontinfo\/2025\/06\/romaric-francois-expose-ses-aquarelles-au-musee-charles-de-bruyeres-a-remiremont\/#article","isPartOf":{"@id":"https:\/\/vosgesinfo.fr\/remiremontinfo\/2025\/06\/romaric-francois-expose-ses-aquarelles-au-musee-charles-de-bruyeres-a-remiremont\/"},"author":{"name":"C.M","@id":"https:\/\/vosgesinfo.fr\/remiremontinfo\/#\/schema\/person\/4f38cd3068e342935b7304695c797d08"},"headline":"Romaric Fran\u00e7ois expose ses aquarelles au mus\u00e9e Charles de Bruy\u00e8res \u00e0 Remiremont","datePublished":"2025-06-16T14:00:40+00:00","dateModified":"2025-06-16T12:37:16+00:00","mainEntityOfPage":{"@id":"https:\/\/vosgesinfo.fr\/remiremontinfo\/2025\/06\/romaric-francois-expose-ses-aquarelles-au-musee-charles-de-bruyeres-a-remiremont\/"},"wordCount":170,"commentCount":0,"publisher":{"@id":"https:\/\/vosgesinfo.fr\/remiremontinfo\/#organization"},"image":{"@id":"https:\/\/vosgesinfo.fr\/remiremontinfo\/2025\/06\/romaric-francois-expose-ses-aquarelles-au-musee-charles-de-bruyeres-a-remiremont\/#primaryimage"},"thumbnailUrl":"https:\/\/vosgesinfo.fr\/app\/uploads\/sites\/5\/2025\/06\/aquarelle-remiremont-romaric-copie-scaled.jpg","keywords":["Aquarelles","Mus\u00e9e Charles de Bruy\u00e8res","remiremont","Romaric Fran\u00e7ois"],"articleSection":["A la Une","Agenda","Art","Remiremont"],"inLanguage":"fr-FR","potentialAction":[{"@type":"CommentAction","name":"Comment","target":["https:\/\/vosgesinfo.fr\/remiremontinfo\/2025\/06\/romaric-francois-expose-ses-aquarelles-au-musee-charles-de-bruyeres-a-remiremont\/#respond"]}]},{"@type":"WebPage","@id":"https:\/\/vosgesinfo.fr\/remiremontinfo\/2025\/06\/romaric-francois-expose-ses-aquarelles-au-musee-charles-de-bruyeres-a-remiremont\/","url":"https:\/\/vosgesinfo.fr\/remiremontinfo\/2025\/06\/romaric-francois-expose-ses-aquarelles-au-musee-charles-de-bruyeres-a-remiremont\/","name":"Romaric Fran\u00e7ois expose ses aquarelles au mus\u00e9e Charles de Bruy\u00e8res \u00e0 Remiremont - Remiremont Info","isPartOf":{"@id":"https:\/\/vosgesinfo.fr\/remiremontinfo\/#website"},"primaryImageOfPage":{"@id":"https:\/\/vosgesinfo.fr\/remiremontinfo\/2025\/06\/romaric-francois-expose-ses-aquarelles-au-musee-charles-de-bruyeres-a-remiremont\/#primaryimage"},"image":{"@id":"https:\/\/vosgesinfo.fr\/remiremontinfo\/2025\/06\/romaric-francois-expose-ses-aquarelles-au-musee-charles-de-bruyeres-a-remiremont\/#primaryimage"},"thumbnailUrl":"https:\/\/vosgesinfo.fr\/app\/uploads\/sites\/5\/2025\/06\/aquarelle-remiremont-romaric-copie-scaled.jpg","datePublished":"2025-06-16T14:00:40+00:00","dateModified":"2025-06-16T12:37:16+00:00","breadcrumb":{"@id":"https:\/\/vosgesinfo.fr\/remiremontinfo\/2025\/06\/romaric-francois-expose-ses-aquarelles-au-musee-charles-de-bruyeres-a-remiremont\/#breadcrumb"},"inLanguage":"fr-FR","potentialAction":[{"@type":"ReadAction","target":["https:\/\/vosgesinfo.fr\/remiremontinfo\/2025\/06\/romaric-francois-expose-ses-aquarelles-au-musee-charles-de-bruyeres-a-remiremont\/"]}]},{"@type":"ImageObject","inLanguage":"fr-FR","@id":"https:\/\/vosgesinfo.fr\/remiremontinfo\/2025\/06\/romaric-francois-expose-ses-aquarelles-au-musee-charles-de-bruyeres-a-remiremont\/#primaryimage","url":"https:\/\/vosgesinfo.fr\/app\/uploads\/sites\/5\/2025\/06\/aquarelle-remiremont-romaric-copie-scaled.jpg","contentUrl":"https:\/\/vosgesinfo.fr\/app\/uploads\/sites\/5\/2025\/06\/aquarelle-remiremont-romaric-copie-scaled.jpg","width":2560,"height":1920},{"@type":"BreadcrumbList","@id":"https:\/\/vosgesinfo.fr\/remiremontinfo\/2025\/06\/romaric-francois-expose-ses-aquarelles-au-musee-charles-de-bruyeres-a-remiremont\/#breadcrumb","itemListElement":[{"@type":"ListItem","position":1,"name":"Home","item":"https:\/\/vosgesinfo.fr\/remiremontinfo\/"},{"@type":"ListItem","position":2,"name":"Romaric Fran\u00e7ois expose ses aquarelles au mus\u00e9e Charles de Bruy\u00e8res \u00e0 Remiremont"}]},{"@type":"WebSite","@id":"https:\/\/vosgesinfo.fr\/remiremontinfo\/#website","url":"https:\/\/vosgesinfo.fr\/remiremontinfo\/","name":"Remiremont Info","description":"Toute l&#039;actualit\u00e9 de Remiremont","publisher":{"@id":"https:\/\/vosgesinfo.fr\/remiremontinfo\/#organization"},"alternateName":"Toute l'actualit\u00e9 de Remiremont","potentialAction":[{"@type":"SearchAction","target":{"@type":"EntryPoint","urlTemplate":"https:\/\/vosgesinfo.fr\/remiremontinfo\/?s={search_term_string}"},"query-input":"required name=search_term_string"}],"inLanguage":"fr-FR"},{"@type":"Organization","@id":"https:\/\/vosgesinfo.fr\/remiremontinfo\/#organization","name":"Remiremont Info","url":"https:\/\/vosgesinfo.fr\/remiremontinfo\/","logo":{"@type":"ImageObject","inLanguage":"fr-FR","@id":"https:\/\/vosgesinfo.fr\/remiremontinfo\/#\/schema\/logo\/image\/","url":"https:\/\/vosgesinfo.fr\/app\/uploads\/sites\/5\/2023\/08\/favicon-remiremontinfo.png","contentUrl":"https:\/\/vosgesinfo.fr\/app\/uploads\/sites\/5\/2023\/08\/favicon-remiremontinfo.png","width":512,"height":512,"caption":"Remiremont Info"},"image":{"@id":"https:\/\/vosgesinfo.fr\/remiremontinfo\/#\/schema\/logo\/image\/"},"sameAs":["https:\/\/www.facebook.com\/remiremontinfo","https:\/\/x.com\/VosgesInfo88","https:\/\/www.youtube.com\/@vosgesinfo"]},{"@type":"Person","@id":"https:\/\/vosgesinfo.fr\/remiremontinfo\/#\/schema\/person\/4f38cd3068e342935b7304695c797d08","name":"C.M","image":{"@type":"ImageObject","inLanguage":"fr-FR","@id":"https:\/\/vosgesinfo.fr\/remiremontinfo\/#\/schema\/person\/image\/","url":"https:\/\/secure.gravatar.com\/avatar\/fe9daaef0164d920717484172682f3c5c9bcf7d42aa8c7048c76c34f0eb6c8da?s=96&d=mm&r=g","contentUrl":"https:\/\/secure.gravatar.com\/avatar\/fe9daaef0164d920717484172682f3c5c9bcf7d42aa8c7048c76c34f0eb6c8da?s=96&d=mm&r=g","caption":"C.M"},"url":"https:\/\/vosgesinfo.fr\/remiremontinfo\/author\/cm88200\/"}]}},"_links":{"self":[{"href":"https:\/\/vosgesinfo.fr\/remiremontinfo\/wp-json\/wp\/v2\/posts\/82761","targetHints":{"allow":["GET"]}}],"collection":[{"href":"https:\/\/vosgesinfo.fr\/remiremontinfo\/wp-json\/wp\/v2\/posts"}],"about":[{"href":"https:\/\/vosgesinfo.fr\/remiremontinfo\/wp-json\/wp\/v2\/types\/post"}],"author":[{"embeddable":true,"href":"https:\/\/vosgesinfo.fr\/remiremontinfo\/wp-json\/wp\/v2\/users\/418"}],"replies":[{"embeddable":true,"href":"https:\/\/vosgesinfo.fr\/remiremontinfo\/wp-json\/wp\/v2\/comments?post=82761"}],"version-history":[{"count":1,"href":"https:\/\/vosgesinfo.fr\/remiremontinfo\/wp-json\/wp\/v2\/posts\/82761\/revisions"}],"predecessor-version":[{"id":82763,"href":"https:\/\/vosgesinfo.fr\/remiremontinfo\/wp-json\/wp\/v2\/posts\/82761\/revisions\/82763"}],"wp:featuredmedia":[{"embeddable":true,"href":"https:\/\/vosgesinfo.fr\/remiremontinfo\/wp-json\/wp\/v2\/media\/82762"}],"wp:attachment":[{"href":"https:\/\/vosgesinfo.fr\/remiremontinfo\/wp-json\/wp\/v2\/media?parent=82761"}],"wp:term":[{"taxonomy":"category","embeddable":true,"href":"https:\/\/vosgesinfo.fr\/remiremontinfo\/wp-json\/wp\/v2\/categories?post=82761"},{"taxonomy":"post_tag","embeddable":true,"href":"https:\/\/vosgesinfo.fr\/remiremontinfo\/wp-json\/wp\/v2\/tags?post=82761"}],"curies":[{"name":"wp","href":"https:\/\/api.w.org\/{rel}","templated":true}]}}