{"id":82979,"date":"2025-06-23T09:50:45","date_gmt":"2025-06-23T07:50:45","guid":{"rendered":"https:\/\/vosgesinfo.fr\/remiremontinfo\/?p=82979"},"modified":"2025-06-23T09:24:31","modified_gmt":"2025-06-23T07:24:31","slug":"chercheurs-de-sens","status":"publish","type":"post","link":"https:\/\/vosgesinfo.fr\/remiremontinfo\/2025\/06\/chercheurs-de-sens\/","title":{"rendered":"Chercheurs de sens\u2026"},"content":{"rendered":"<p><a href=\"https:\/\/vosgesinfo.fr\/app\/uploads\/sites\/5\/2025\/06\/ag-chercheurs-de-sens-2025.png\"><img decoding=\"async\" class=\"alignright size-full wp-image-82980\" src=\"https:\/\/vosgesinfo.fr\/app\/uploads\/sites\/5\/2025\/06\/ag-chercheurs-de-sens-2025.png\" alt=\"\" width=\"1204\" height=\"900\" srcset=\"https:\/\/vosgesinfo.fr\/app\/uploads\/sites\/5\/2025\/06\/ag-chercheurs-de-sens-2025.png 1204w, https:\/\/vosgesinfo.fr\/app\/uploads\/sites\/5\/2025\/06\/ag-chercheurs-de-sens-2025-300x224.png 300w, https:\/\/vosgesinfo.fr\/app\/uploads\/sites\/5\/2025\/06\/ag-chercheurs-de-sens-2025-1024x765.png 1024w, https:\/\/vosgesinfo.fr\/app\/uploads\/sites\/5\/2025\/06\/ag-chercheurs-de-sens-2025-768x574.png 768w\" sizes=\"(max-width: 1204px) 100vw, 1204px\" \/><\/a><\/p>\n<p><strong>La jeune association \u00ab\u00a0Chercheurs de sens\u00a0\u00bb qui est n\u00e9e le 9 octobre 2023 et qui a son si\u00e8ge au Val d\u2019Ajol faisait ce samedi son assembl\u00e9e g\u00e9n\u00e9rale au foyer rural du Val d\u2019Ajol.<\/strong><\/p>\n<p>L\u2019association, ouverte \u00e0 tous, a pour objet de pr\u00e9server, d\u00e9fendre et transmettre les racines chr\u00e9tiennes de la France.<\/p>\n<p>Apr\u00e8s un repas partag\u00e9, tr\u00e8s convivial, l\u2019assembl\u00e9e g\u00e9n\u00e9rale a \u00e9t\u00e9 ouverte par la pr\u00e9sidente, Florence Berret, et a d\u00e9but\u00e9 par la lecture du rapport moral et d\u2019activit\u00e9 de l\u2019ann\u00e9e 2024.<\/p>\n<p>Cette premi\u00e8re ann\u00e9e de fonctionnement a \u00e9t\u00e9 principalement celle de l\u2019organisation d\u2019un premier p\u00e8lerinage en Espagne \u00e0 Garabandal, lieu d\u2019apparition mariale de 1961 \u00e0 1965. Une cinquantaine de personnes sont donc parties pour une semaine avec l\u2019association, dont l\u2019un des encadrants connaissait parfaitement les lieux.<\/p>\n<p>Apr\u00e8s la validation des premiers rapports, le tr\u00e9sorier a pr\u00e9sent\u00e9 son rapport financier, lui aussi valid\u00e9 \u00e0 l\u2019unanimit\u00e9.<\/p>\n<p>L&rsquo;assembl\u00e9e a ensuite d\u00e9cid\u00e9 d\u2019\u00e9largir le conseil d\u2019administration qui, dans sa phase de cr\u00e9ation, n\u2019\u00e9tait compos\u00e9 que de deux administrateurs. D\u00e9sormais, le conseil d\u2019administration est compos\u00e9 comme suit\u00a0: Pr\u00e9sidente : Florence Berret ; 1\u1d49\u02b3 vice-pr\u00e9sident : Abb\u00e9 Fran\u00e7ois Schneider ; 2\u1d49 vice-pr\u00e9sident : Patrick Mangel ; tr\u00e9sorier : Fran\u00e7ois Berret ; secr\u00e9taire : Sylvie Mangel.<\/p>\n<p>Les statuts seront modifi\u00e9s en cons\u00e9quence.<\/p>\n<p>Une r\u00e9flexion a ensuite \u00e9t\u00e9 conduite sur plusieurs points, notamment l\u2019organisation d\u2019autres p\u00e8lerinages, le d\u00e9veloppement du site internet en cours de cr\u00e9ation, la mise en place d\u2019activit\u00e9s occasionnelles en direction de personnes en situation de pr\u00e9carit\u00e9\u2026<\/p>\n<p>Des projets qui, au vu du succ\u00e8s rencontr\u00e9 en 2024 mais aussi en 2025, sur des activit\u00e9s qui seront \u00e0 l\u2019ordre du jour de la prochaine assembl\u00e9e g\u00e9n\u00e9rale, semblent \u00eatre porteurs de sens.<\/p>\n<p>Pour tout contact avec l\u2019association\u00a0: <a href=\"mailto:chercheurs-de-sens@outlook.com\">chercheurs-de-sens@outlook.com<\/a>.<\/p>\n<p><strong>PM<\/strong><\/p>\n\n\t\t<style type=\"text\/css\">\n\t\t\t#gallery-1 {\n\t\t\t\tmargin: auto;\n\t\t\t}\n\t\t\t#gallery-1 .gallery-item {\n\t\t\t\tfloat: left;\n\t\t\t\tmargin-top: 10px;\n\t\t\t\ttext-align: center;\n\t\t\t\twidth: 50%;\n\t\t\t}\n\t\t\t#gallery-1 img {\n\t\t\t\tborder: 2px solid #cfcfcf;\n\t\t\t}\n\t\t\t#gallery-1 .gallery-caption {\n\t\t\t\tmargin-left: 0;\n\t\t\t}\n\t\t\t\/* see gallery_shortcode() in wp-includes\/media.php *\/\n\t\t<\/style>\n\t\t<div id='gallery-1' class='gallery galleryid-82979 gallery-columns-2 gallery-size-medium'><dl class='gallery-item'>\n\t\t\t<dt class='gallery-icon landscape'>\n\t\t\t\t<a href='https:\/\/vosgesinfo.fr\/remiremontinfo\/2025\/06\/chercheurs-de-sens\/ag-chercheurs-de-sens-2\/'><img decoding=\"async\" width=\"300\" height=\"225\" src=\"https:\/\/vosgesinfo.fr\/app\/uploads\/sites\/5\/2025\/06\/ag-chercheurs-de-sens-2-300x225.png\" class=\"attachment-medium size-medium\" alt=\"\" aria-describedby=\"gallery-1-82981\" srcset=\"https:\/\/vosgesinfo.fr\/app\/uploads\/sites\/5\/2025\/06\/ag-chercheurs-de-sens-2-300x225.png 300w, https:\/\/vosgesinfo.fr\/app\/uploads\/sites\/5\/2025\/06\/ag-chercheurs-de-sens-2-1024x766.png 1024w, https:\/\/vosgesinfo.fr\/app\/uploads\/sites\/5\/2025\/06\/ag-chercheurs-de-sens-2-768x575.png 768w, https:\/\/vosgesinfo.fr\/app\/uploads\/sites\/5\/2025\/06\/ag-chercheurs-de-sens-2.png 1204w\" sizes=\"(max-width: 300px) 100vw, 300px\" \/><\/a>\n\t\t\t<\/dt>\n\t\t\t\t<dd class='wp-caption-text gallery-caption' id='gallery-1-82981'>\n\t\t\t\tAu centre la Pr\u00e9sidente Florence Berret\n\t\t\t\t<\/dd><\/dl><dl class='gallery-item'>\n\t\t\t<dt class='gallery-icon landscape'>\n\t\t\t\t<a href='https:\/\/vosgesinfo.fr\/remiremontinfo\/2025\/06\/chercheurs-de-sens\/logo\/'><img decoding=\"async\" width=\"205\" height=\"99\" src=\"https:\/\/vosgesinfo.fr\/app\/uploads\/sites\/5\/2025\/06\/logo.png\" class=\"attachment-medium size-medium\" alt=\"\" \/><\/a>\n\t\t\t<\/dt><\/dl><br style=\"clear: both\" \/>\n\t\t<\/div>\n\n<p>&nbsp;<\/p>\n","protected":false},"excerpt":{"rendered":"<p>La jeune association \u00ab\u00a0Chercheurs de sens\u00a0\u00bb qui est n\u00e9e le 9 octobre 2023 et qui a son si\u00e8ge au Val [&hellip;]<\/p>\n","protected":false},"author":413,"featured_media":82980,"comment_status":"open","ping_status":"open","sticky":false,"template":"","format":"standard","meta":{"footnotes":""},"categories":[26,4,86,121,17],"tags":[8146],"class_list":["post-82979","post","type-post","status-publish","format-standard","has-post-thumbnail","hentry","category-a-la-une","category-culture","category-histoire","category-le-val-dajol-le-val-dajol-son-canton","category-vie-associative","tag-chercheurs-de-sens"],"acf":[],"yoast_head":"<!-- This site is optimized with the Yoast SEO plugin v22.5 - https:\/\/yoast.com\/wordpress\/plugins\/seo\/ -->\n<title>Chercheurs de sens\u2026 - Remiremont Info<\/title>\n<meta name=\"robots\" content=\"index, follow, max-snippet:-1, max-image-preview:large, max-video-preview:-1\" \/>\n<link rel=\"canonical\" href=\"https:\/\/vosgesinfo.fr\/remiremontinfo\/2025\/06\/chercheurs-de-sens\/\" \/>\n<meta name=\"twitter:card\" content=\"summary_large_image\" \/>\n<meta name=\"twitter:title\" content=\"Chercheurs de sens\u2026 - Remiremont Info\" \/>\n<meta name=\"twitter:description\" content=\"La jeune association \u00ab\u00a0Chercheurs de sens\u00a0\u00bb qui est n\u00e9e le 9 octobre 2023 et qui a son si\u00e8ge au Val [&hellip;]\" \/>\n<meta name=\"twitter:image\" content=\"https:\/\/vosgesinfo.fr\/app\/uploads\/sites\/5\/2025\/06\/ag-chercheurs-de-sens-2025.png\" \/>\n<meta name=\"twitter:creator\" content=\"@VosgesInfo88\" \/>\n<meta name=\"twitter:site\" content=\"@VosgesInfo88\" \/>\n<meta name=\"twitter:label1\" content=\"\u00c9crit par\" \/>\n\t<meta name=\"twitter:data1\" content=\"P.M\" \/>\n\t<meta name=\"twitter:label2\" content=\"Dur\u00e9e de lecture estim\u00e9e\" \/>\n\t<meta name=\"twitter:data2\" content=\"2 minutes\" \/>\n<script type=\"application\/ld+json\" class=\"yoast-schema-graph\">{\"@context\":\"https:\/\/schema.org\",\"@graph\":[{\"@type\":\"Article\",\"@id\":\"https:\/\/vosgesinfo.fr\/remiremontinfo\/2025\/06\/chercheurs-de-sens\/#article\",\"isPartOf\":{\"@id\":\"https:\/\/vosgesinfo.fr\/remiremontinfo\/2025\/06\/chercheurs-de-sens\/\"},\"author\":{\"name\":\"P.M\",\"@id\":\"https:\/\/vosgesinfo.fr\/remiremontinfo\/#\/schema\/person\/a6fd2dde36da20be3679f2058b94c5b8\"},\"headline\":\"Chercheurs de sens\u2026\",\"datePublished\":\"2025-06-23T07:50:45+00:00\",\"dateModified\":\"2025-06-23T07:24:31+00:00\",\"mainEntityOfPage\":{\"@id\":\"https:\/\/vosgesinfo.fr\/remiremontinfo\/2025\/06\/chercheurs-de-sens\/\"},\"wordCount\":337,\"commentCount\":0,\"publisher\":{\"@id\":\"https:\/\/vosgesinfo.fr\/remiremontinfo\/#organization\"},\"image\":{\"@id\":\"https:\/\/vosgesinfo.fr\/remiremontinfo\/2025\/06\/chercheurs-de-sens\/#primaryimage\"},\"thumbnailUrl\":\"https:\/\/vosgesinfo.fr\/app\/uploads\/sites\/5\/2025\/06\/ag-chercheurs-de-sens-2025.png\",\"keywords\":[\"Chercheurs de sens\"],\"articleSection\":[\"A la Une\",\"Culture\",\"Histoire\",\"Le Val d'Ajol\",\"Vie associative\"],\"inLanguage\":\"fr-FR\",\"potentialAction\":[{\"@type\":\"CommentAction\",\"name\":\"Comment\",\"target\":[\"https:\/\/vosgesinfo.fr\/remiremontinfo\/2025\/06\/chercheurs-de-sens\/#respond\"]}]},{\"@type\":\"WebPage\",\"@id\":\"https:\/\/vosgesinfo.fr\/remiremontinfo\/2025\/06\/chercheurs-de-sens\/\",\"url\":\"https:\/\/vosgesinfo.fr\/remiremontinfo\/2025\/06\/chercheurs-de-sens\/\",\"name\":\"Chercheurs de sens\u2026 - Remiremont Info\",\"isPartOf\":{\"@id\":\"https:\/\/vosgesinfo.fr\/remiremontinfo\/#website\"},\"primaryImageOfPage\":{\"@id\":\"https:\/\/vosgesinfo.fr\/remiremontinfo\/2025\/06\/chercheurs-de-sens\/#primaryimage\"},\"image\":{\"@id\":\"https:\/\/vosgesinfo.fr\/remiremontinfo\/2025\/06\/chercheurs-de-sens\/#primaryimage\"},\"thumbnailUrl\":\"https:\/\/vosgesinfo.fr\/app\/uploads\/sites\/5\/2025\/06\/ag-chercheurs-de-sens-2025.png\",\"datePublished\":\"2025-06-23T07:50:45+00:00\",\"dateModified\":\"2025-06-23T07:24:31+00:00\",\"breadcrumb\":{\"@id\":\"https:\/\/vosgesinfo.fr\/remiremontinfo\/2025\/06\/chercheurs-de-sens\/#breadcrumb\"},\"inLanguage\":\"fr-FR\",\"potentialAction\":[{\"@type\":\"ReadAction\",\"target\":[\"https:\/\/vosgesinfo.fr\/remiremontinfo\/2025\/06\/chercheurs-de-sens\/\"]}]},{\"@type\":\"ImageObject\",\"inLanguage\":\"fr-FR\",\"@id\":\"https:\/\/vosgesinfo.fr\/remiremontinfo\/2025\/06\/chercheurs-de-sens\/#primaryimage\",\"url\":\"https:\/\/vosgesinfo.fr\/app\/uploads\/sites\/5\/2025\/06\/ag-chercheurs-de-sens-2025.png\",\"contentUrl\":\"https:\/\/vosgesinfo.fr\/app\/uploads\/sites\/5\/2025\/06\/ag-chercheurs-de-sens-2025.png\",\"width\":1204,\"height\":900},{\"@type\":\"BreadcrumbList\",\"@id\":\"https:\/\/vosgesinfo.fr\/remiremontinfo\/2025\/06\/chercheurs-de-sens\/#breadcrumb\",\"itemListElement\":[{\"@type\":\"ListItem\",\"position\":1,\"name\":\"Home\",\"item\":\"https:\/\/vosgesinfo.fr\/remiremontinfo\/\"},{\"@type\":\"ListItem\",\"position\":2,\"name\":\"Chercheurs de sens\u2026\"}]},{\"@type\":\"WebSite\",\"@id\":\"https:\/\/vosgesinfo.fr\/remiremontinfo\/#website\",\"url\":\"https:\/\/vosgesinfo.fr\/remiremontinfo\/\",\"name\":\"Remiremont Info\",\"description\":\"Toute l&#039;actualit\u00e9 de Remiremont\",\"publisher\":{\"@id\":\"https:\/\/vosgesinfo.fr\/remiremontinfo\/#organization\"},\"alternateName\":\"Toute l'actualit\u00e9 de Remiremont\",\"potentialAction\":[{\"@type\":\"SearchAction\",\"target\":{\"@type\":\"EntryPoint\",\"urlTemplate\":\"https:\/\/vosgesinfo.fr\/remiremontinfo\/?s={search_term_string}\"},\"query-input\":\"required name=search_term_string\"}],\"inLanguage\":\"fr-FR\"},{\"@type\":\"Organization\",\"@id\":\"https:\/\/vosgesinfo.fr\/remiremontinfo\/#organization\",\"name\":\"Remiremont Info\",\"url\":\"https:\/\/vosgesinfo.fr\/remiremontinfo\/\",\"logo\":{\"@type\":\"ImageObject\",\"inLanguage\":\"fr-FR\",\"@id\":\"https:\/\/vosgesinfo.fr\/remiremontinfo\/#\/schema\/logo\/image\/\",\"url\":\"https:\/\/vosgesinfo.fr\/app\/uploads\/sites\/5\/2023\/08\/favicon-remiremontinfo.png\",\"contentUrl\":\"https:\/\/vosgesinfo.fr\/app\/uploads\/sites\/5\/2023\/08\/favicon-remiremontinfo.png\",\"width\":512,\"height\":512,\"caption\":\"Remiremont Info\"},\"image\":{\"@id\":\"https:\/\/vosgesinfo.fr\/remiremontinfo\/#\/schema\/logo\/image\/\"},\"sameAs\":[\"https:\/\/www.facebook.com\/remiremontinfo\",\"https:\/\/x.com\/VosgesInfo88\",\"https:\/\/www.youtube.com\/@vosgesinfo\"]},{\"@type\":\"Person\",\"@id\":\"https:\/\/vosgesinfo.fr\/remiremontinfo\/#\/schema\/person\/a6fd2dde36da20be3679f2058b94c5b8\",\"name\":\"P.M\",\"image\":{\"@type\":\"ImageObject\",\"inLanguage\":\"fr-FR\",\"@id\":\"https:\/\/vosgesinfo.fr\/remiremontinfo\/#\/schema\/person\/image\/\",\"url\":\"https:\/\/secure.gravatar.com\/avatar\/db38f6ef38bb165f6f4d352563f264129673ed4536984fbbcddf700bd12f8a9a?s=96&d=mm&r=g\",\"contentUrl\":\"https:\/\/secure.gravatar.com\/avatar\/db38f6ef38bb165f6f4d352563f264129673ed4536984fbbcddf700bd12f8a9a?s=96&d=mm&r=g\",\"caption\":\"P.M\"},\"url\":\"https:\/\/vosgesinfo.fr\/remiremontinfo\/author\/p-mangel88\/\"}]}<\/script>\n<!-- \/ Yoast SEO plugin. -->","yoast_head_json":{"title":"Chercheurs de sens\u2026 - Remiremont Info","robots":{"index":"index","follow":"follow","max-snippet":"max-snippet:-1","max-image-preview":"max-image-preview:large","max-video-preview":"max-video-preview:-1"},"canonical":"https:\/\/vosgesinfo.fr\/remiremontinfo\/2025\/06\/chercheurs-de-sens\/","twitter_card":"summary_large_image","twitter_title":"Chercheurs de sens\u2026 - Remiremont Info","twitter_description":"La jeune association \u00ab\u00a0Chercheurs de sens\u00a0\u00bb qui est n\u00e9e le 9 octobre 2023 et qui a son si\u00e8ge au Val [&hellip;]","twitter_image":"https:\/\/vosgesinfo.fr\/app\/uploads\/sites\/5\/2025\/06\/ag-chercheurs-de-sens-2025.png","twitter_creator":"@VosgesInfo88","twitter_site":"@VosgesInfo88","twitter_misc":{"\u00c9crit par":"P.M","Dur\u00e9e de lecture estim\u00e9e":"2 minutes"},"schema":{"@context":"https:\/\/schema.org","@graph":[{"@type":"Article","@id":"https:\/\/vosgesinfo.fr\/remiremontinfo\/2025\/06\/chercheurs-de-sens\/#article","isPartOf":{"@id":"https:\/\/vosgesinfo.fr\/remiremontinfo\/2025\/06\/chercheurs-de-sens\/"},"author":{"name":"P.M","@id":"https:\/\/vosgesinfo.fr\/remiremontinfo\/#\/schema\/person\/a6fd2dde36da20be3679f2058b94c5b8"},"headline":"Chercheurs de sens\u2026","datePublished":"2025-06-23T07:50:45+00:00","dateModified":"2025-06-23T07:24:31+00:00","mainEntityOfPage":{"@id":"https:\/\/vosgesinfo.fr\/remiremontinfo\/2025\/06\/chercheurs-de-sens\/"},"wordCount":337,"commentCount":0,"publisher":{"@id":"https:\/\/vosgesinfo.fr\/remiremontinfo\/#organization"},"image":{"@id":"https:\/\/vosgesinfo.fr\/remiremontinfo\/2025\/06\/chercheurs-de-sens\/#primaryimage"},"thumbnailUrl":"https:\/\/vosgesinfo.fr\/app\/uploads\/sites\/5\/2025\/06\/ag-chercheurs-de-sens-2025.png","keywords":["Chercheurs de sens"],"articleSection":["A la Une","Culture","Histoire","Le Val d'Ajol","Vie associative"],"inLanguage":"fr-FR","potentialAction":[{"@type":"CommentAction","name":"Comment","target":["https:\/\/vosgesinfo.fr\/remiremontinfo\/2025\/06\/chercheurs-de-sens\/#respond"]}]},{"@type":"WebPage","@id":"https:\/\/vosgesinfo.fr\/remiremontinfo\/2025\/06\/chercheurs-de-sens\/","url":"https:\/\/vosgesinfo.fr\/remiremontinfo\/2025\/06\/chercheurs-de-sens\/","name":"Chercheurs de sens\u2026 - Remiremont Info","isPartOf":{"@id":"https:\/\/vosgesinfo.fr\/remiremontinfo\/#website"},"primaryImageOfPage":{"@id":"https:\/\/vosgesinfo.fr\/remiremontinfo\/2025\/06\/chercheurs-de-sens\/#primaryimage"},"image":{"@id":"https:\/\/vosgesinfo.fr\/remiremontinfo\/2025\/06\/chercheurs-de-sens\/#primaryimage"},"thumbnailUrl":"https:\/\/vosgesinfo.fr\/app\/uploads\/sites\/5\/2025\/06\/ag-chercheurs-de-sens-2025.png","datePublished":"2025-06-23T07:50:45+00:00","dateModified":"2025-06-23T07:24:31+00:00","breadcrumb":{"@id":"https:\/\/vosgesinfo.fr\/remiremontinfo\/2025\/06\/chercheurs-de-sens\/#breadcrumb"},"inLanguage":"fr-FR","potentialAction":[{"@type":"ReadAction","target":["https:\/\/vosgesinfo.fr\/remiremontinfo\/2025\/06\/chercheurs-de-sens\/"]}]},{"@type":"ImageObject","inLanguage":"fr-FR","@id":"https:\/\/vosgesinfo.fr\/remiremontinfo\/2025\/06\/chercheurs-de-sens\/#primaryimage","url":"https:\/\/vosgesinfo.fr\/app\/uploads\/sites\/5\/2025\/06\/ag-chercheurs-de-sens-2025.png","contentUrl":"https:\/\/vosgesinfo.fr\/app\/uploads\/sites\/5\/2025\/06\/ag-chercheurs-de-sens-2025.png","width":1204,"height":900},{"@type":"BreadcrumbList","@id":"https:\/\/vosgesinfo.fr\/remiremontinfo\/2025\/06\/chercheurs-de-sens\/#breadcrumb","itemListElement":[{"@type":"ListItem","position":1,"name":"Home","item":"https:\/\/vosgesinfo.fr\/remiremontinfo\/"},{"@type":"ListItem","position":2,"name":"Chercheurs de sens\u2026"}]},{"@type":"WebSite","@id":"https:\/\/vosgesinfo.fr\/remiremontinfo\/#website","url":"https:\/\/vosgesinfo.fr\/remiremontinfo\/","name":"Remiremont Info","description":"Toute l&#039;actualit\u00e9 de Remiremont","publisher":{"@id":"https:\/\/vosgesinfo.fr\/remiremontinfo\/#organization"},"alternateName":"Toute l'actualit\u00e9 de Remiremont","potentialAction":[{"@type":"SearchAction","target":{"@type":"EntryPoint","urlTemplate":"https:\/\/vosgesinfo.fr\/remiremontinfo\/?s={search_term_string}"},"query-input":"required name=search_term_string"}],"inLanguage":"fr-FR"},{"@type":"Organization","@id":"https:\/\/vosgesinfo.fr\/remiremontinfo\/#organization","name":"Remiremont Info","url":"https:\/\/vosgesinfo.fr\/remiremontinfo\/","logo":{"@type":"ImageObject","inLanguage":"fr-FR","@id":"https:\/\/vosgesinfo.fr\/remiremontinfo\/#\/schema\/logo\/image\/","url":"https:\/\/vosgesinfo.fr\/app\/uploads\/sites\/5\/2023\/08\/favicon-remiremontinfo.png","contentUrl":"https:\/\/vosgesinfo.fr\/app\/uploads\/sites\/5\/2023\/08\/favicon-remiremontinfo.png","width":512,"height":512,"caption":"Remiremont Info"},"image":{"@id":"https:\/\/vosgesinfo.fr\/remiremontinfo\/#\/schema\/logo\/image\/"},"sameAs":["https:\/\/www.facebook.com\/remiremontinfo","https:\/\/x.com\/VosgesInfo88","https:\/\/www.youtube.com\/@vosgesinfo"]},{"@type":"Person","@id":"https:\/\/vosgesinfo.fr\/remiremontinfo\/#\/schema\/person\/a6fd2dde36da20be3679f2058b94c5b8","name":"P.M","image":{"@type":"ImageObject","inLanguage":"fr-FR","@id":"https:\/\/vosgesinfo.fr\/remiremontinfo\/#\/schema\/person\/image\/","url":"https:\/\/secure.gravatar.com\/avatar\/db38f6ef38bb165f6f4d352563f264129673ed4536984fbbcddf700bd12f8a9a?s=96&d=mm&r=g","contentUrl":"https:\/\/secure.gravatar.com\/avatar\/db38f6ef38bb165f6f4d352563f264129673ed4536984fbbcddf700bd12f8a9a?s=96&d=mm&r=g","caption":"P.M"},"url":"https:\/\/vosgesinfo.fr\/remiremontinfo\/author\/p-mangel88\/"}]}},"_links":{"self":[{"href":"https:\/\/vosgesinfo.fr\/remiremontinfo\/wp-json\/wp\/v2\/posts\/82979","targetHints":{"allow":["GET"]}}],"collection":[{"href":"https:\/\/vosgesinfo.fr\/remiremontinfo\/wp-json\/wp\/v2\/posts"}],"about":[{"href":"https:\/\/vosgesinfo.fr\/remiremontinfo\/wp-json\/wp\/v2\/types\/post"}],"author":[{"embeddable":true,"href":"https:\/\/vosgesinfo.fr\/remiremontinfo\/wp-json\/wp\/v2\/users\/413"}],"replies":[{"embeddable":true,"href":"https:\/\/vosgesinfo.fr\/remiremontinfo\/wp-json\/wp\/v2\/comments?post=82979"}],"version-history":[{"count":2,"href":"https:\/\/vosgesinfo.fr\/remiremontinfo\/wp-json\/wp\/v2\/posts\/82979\/revisions"}],"predecessor-version":[{"id":82984,"href":"https:\/\/vosgesinfo.fr\/remiremontinfo\/wp-json\/wp\/v2\/posts\/82979\/revisions\/82984"}],"wp:featuredmedia":[{"embeddable":true,"href":"https:\/\/vosgesinfo.fr\/remiremontinfo\/wp-json\/wp\/v2\/media\/82980"}],"wp:attachment":[{"href":"https:\/\/vosgesinfo.fr\/remiremontinfo\/wp-json\/wp\/v2\/media?parent=82979"}],"wp:term":[{"taxonomy":"category","embeddable":true,"href":"https:\/\/vosgesinfo.fr\/remiremontinfo\/wp-json\/wp\/v2\/categories?post=82979"},{"taxonomy":"post_tag","embeddable":true,"href":"https:\/\/vosgesinfo.fr\/remiremontinfo\/wp-json\/wp\/v2\/tags?post=82979"}],"curies":[{"name":"wp","href":"https:\/\/api.w.org\/{rel}","templated":true}]}}