{"id":83022,"date":"2025-06-23T16:00:50","date_gmt":"2025-06-23T14:00:50","guid":{"rendered":"https:\/\/vosgesinfo.fr\/remiremontinfo\/?p=83022"},"modified":"2025-06-23T15:25:40","modified_gmt":"2025-06-23T13:25:40","slug":"le-val-dajol-la-soiree-tartes-flambees-de-lassociation-odhariol-revient-le-12-juillet","status":"publish","type":"post","link":"https:\/\/vosgesinfo.fr\/remiremontinfo\/2025\/06\/le-val-dajol-la-soiree-tartes-flambees-de-lassociation-odhariol-revient-le-12-juillet\/","title":{"rendered":"Le Val-d\u2019Ajol : la soir\u00e9e tartes flamb\u00e9es de l\u2019association \u00d4d\u2019hariol revient le 12 juillet"},"content":{"rendered":"<p data-start=\"153\" data-end=\"347\"><strong>L\u2019association \u00d4d\u2019hariol donne rendez-vous au public pour sa traditionnelle soir\u00e9e tartes flamb\u00e9es, le samedi 12 juillet 2025 \u00e0 partir de 19 h, \u00e0 la salle des f\u00eates du Val-d\u2019Ajol.<\/strong><\/p>\n<p data-start=\"349\" data-end=\"536\">Pour la troisi\u00e8me ann\u00e9e cons\u00e9cutive, cette soir\u00e9e conviviale r\u00e9unira les amateurs de bonne humeur et de sp\u00e9cialit\u00e9s alsaciennes autour de d\u00e9licieuses tartes flamb\u00e9es cuites sur place.<\/p>\n<p data-start=\"538\" data-end=\"765\">L\u2019ambiance festive sera assur\u00e9e par Dav Animation, qui fera vibrer la piste de danse tout au long de la soir\u00e9e. Une belle occasion de partager un moment chaleureux entre amis ou en famille, \u00e0 la veille de la f\u00eate nationale.<\/p>\n<p data-start=\"767\" data-end=\"893\">Les r\u00e9servations sont fortement conseill\u00e9es.<br data-start=\"815\" data-end=\"818\" \/>Pour tout renseignement ou pour r\u00e9server une table, vous pouvez contacter :<\/p>\n<ul data-start=\"895\" data-end=\"972\">\n<li data-start=\"895\" data-end=\"936\">\n<p data-start=\"897\" data-end=\"936\">Jean-Paul Romary : 06 70 55 77 89<\/p>\n<\/li>\n<li data-start=\"937\" data-end=\"972\">\n<p data-start=\"939\" data-end=\"972\">Lucie Couval : 06 49 59 65 13<\/p>\n<\/li>\n<\/ul>\n<p><a href=\"https:\/\/vosgesinfo.fr\/app\/uploads\/sites\/5\/2025\/06\/1000017013.jpg\"><img decoding=\"async\" class=\"aligncenter size-full wp-image-83023\" src=\"https:\/\/vosgesinfo.fr\/app\/uploads\/sites\/5\/2025\/06\/1000017013.jpg\" alt=\"\" width=\"987\" height=\"1397\" srcset=\"https:\/\/vosgesinfo.fr\/app\/uploads\/sites\/5\/2025\/06\/1000017013.jpg 987w, https:\/\/vosgesinfo.fr\/app\/uploads\/sites\/5\/2025\/06\/1000017013-212x300.jpg 212w, https:\/\/vosgesinfo.fr\/app\/uploads\/sites\/5\/2025\/06\/1000017013-723x1024.jpg 723w, https:\/\/vosgesinfo.fr\/app\/uploads\/sites\/5\/2025\/06\/1000017013-768x1087.jpg 768w\" sizes=\"(max-width: 987px) 100vw, 987px\" \/><\/a><\/p>\n","protected":false},"excerpt":{"rendered":"<p>L\u2019association \u00d4d\u2019hariol donne rendez-vous au public pour sa traditionnelle soir\u00e9e tartes flamb\u00e9es, le samedi 12 juillet 2025 \u00e0 partir de [&hellip;]<\/p>\n","protected":false},"author":418,"featured_media":83023,"comment_status":"open","ping_status":"open","sticky":false,"template":"","format":"standard","meta":{"footnotes":""},"categories":[26,594,121,43],"tags":[145,7848,8154],"class_list":["post-83022","post","type-post","status-publish","format-standard","has-post-thumbnail","hentry","category-a-la-une","category-agenda","category-le-val-dajol-le-val-dajol-son-canton","category-remiremont-remiremont-son-canton","tag-le-val-dajol","tag-odhariol","tag-soiree-tartes-flambees"],"acf":[],"yoast_head":"<!-- This site is optimized with the Yoast SEO plugin v22.5 - https:\/\/yoast.com\/wordpress\/plugins\/seo\/ -->\n<title>Le Val-d\u2019Ajol : la soir\u00e9e tartes flamb\u00e9es de l\u2019association \u00d4d\u2019hariol revient le 12 juillet - Remiremont Info<\/title>\n<meta name=\"robots\" content=\"index, follow, max-snippet:-1, max-image-preview:large, max-video-preview:-1\" \/>\n<link rel=\"canonical\" href=\"https:\/\/vosgesinfo.fr\/remiremontinfo\/2025\/06\/le-val-dajol-la-soiree-tartes-flambees-de-lassociation-odhariol-revient-le-12-juillet\/\" \/>\n<meta name=\"twitter:card\" content=\"summary_large_image\" \/>\n<meta name=\"twitter:title\" content=\"Le Val-d\u2019Ajol : la soir\u00e9e tartes flamb\u00e9es de l\u2019association \u00d4d\u2019hariol revient le 12 juillet - Remiremont Info\" \/>\n<meta name=\"twitter:description\" content=\"L\u2019association \u00d4d\u2019hariol donne rendez-vous au public pour sa traditionnelle soir\u00e9e tartes flamb\u00e9es, le samedi 12 juillet 2025 \u00e0 partir de [&hellip;]\" \/>\n<meta name=\"twitter:image\" content=\"https:\/\/vosgesinfo.fr\/app\/uploads\/sites\/5\/2025\/06\/1000017013.jpg\" \/>\n<meta name=\"twitter:creator\" content=\"@VosgesInfo88\" \/>\n<meta name=\"twitter:site\" content=\"@VosgesInfo88\" \/>\n<meta name=\"twitter:label1\" content=\"\u00c9crit par\" \/>\n\t<meta name=\"twitter:data1\" content=\"C.M\" \/>\n\t<meta name=\"twitter:label2\" content=\"Dur\u00e9e de lecture estim\u00e9e\" \/>\n\t<meta name=\"twitter:data2\" content=\"1 minute\" \/>\n<script type=\"application\/ld+json\" class=\"yoast-schema-graph\">{\"@context\":\"https:\/\/schema.org\",\"@graph\":[{\"@type\":\"Article\",\"@id\":\"https:\/\/vosgesinfo.fr\/remiremontinfo\/2025\/06\/le-val-dajol-la-soiree-tartes-flambees-de-lassociation-odhariol-revient-le-12-juillet\/#article\",\"isPartOf\":{\"@id\":\"https:\/\/vosgesinfo.fr\/remiremontinfo\/2025\/06\/le-val-dajol-la-soiree-tartes-flambees-de-lassociation-odhariol-revient-le-12-juillet\/\"},\"author\":{\"name\":\"C.M\",\"@id\":\"https:\/\/vosgesinfo.fr\/remiremontinfo\/#\/schema\/person\/4f38cd3068e342935b7304695c797d08\"},\"headline\":\"Le Val-d\u2019Ajol : la soir\u00e9e tartes flamb\u00e9es de l\u2019association \u00d4d\u2019hariol revient le 12 juillet\",\"datePublished\":\"2025-06-23T14:00:50+00:00\",\"dateModified\":\"2025-06-23T13:25:40+00:00\",\"mainEntityOfPage\":{\"@id\":\"https:\/\/vosgesinfo.fr\/remiremontinfo\/2025\/06\/le-val-dajol-la-soiree-tartes-flambees-de-lassociation-odhariol-revient-le-12-juillet\/\"},\"wordCount\":148,\"commentCount\":0,\"publisher\":{\"@id\":\"https:\/\/vosgesinfo.fr\/remiremontinfo\/#organization\"},\"image\":{\"@id\":\"https:\/\/vosgesinfo.fr\/remiremontinfo\/2025\/06\/le-val-dajol-la-soiree-tartes-flambees-de-lassociation-odhariol-revient-le-12-juillet\/#primaryimage\"},\"thumbnailUrl\":\"https:\/\/vosgesinfo.fr\/app\/uploads\/sites\/5\/2025\/06\/1000017013.jpg\",\"keywords\":[\"Le Val-d'Ajol\",\"Od'hariol\",\"Soir\u00e9e tartes flamb\u00e9es\"],\"articleSection\":[\"A la Une\",\"Agenda\",\"Le Val d'Ajol\",\"Remiremont\"],\"inLanguage\":\"fr-FR\",\"potentialAction\":[{\"@type\":\"CommentAction\",\"name\":\"Comment\",\"target\":[\"https:\/\/vosgesinfo.fr\/remiremontinfo\/2025\/06\/le-val-dajol-la-soiree-tartes-flambees-de-lassociation-odhariol-revient-le-12-juillet\/#respond\"]}]},{\"@type\":\"WebPage\",\"@id\":\"https:\/\/vosgesinfo.fr\/remiremontinfo\/2025\/06\/le-val-dajol-la-soiree-tartes-flambees-de-lassociation-odhariol-revient-le-12-juillet\/\",\"url\":\"https:\/\/vosgesinfo.fr\/remiremontinfo\/2025\/06\/le-val-dajol-la-soiree-tartes-flambees-de-lassociation-odhariol-revient-le-12-juillet\/\",\"name\":\"Le Val-d\u2019Ajol : la soir\u00e9e tartes flamb\u00e9es de l\u2019association \u00d4d\u2019hariol revient le 12 juillet - Remiremont Info\",\"isPartOf\":{\"@id\":\"https:\/\/vosgesinfo.fr\/remiremontinfo\/#website\"},\"primaryImageOfPage\":{\"@id\":\"https:\/\/vosgesinfo.fr\/remiremontinfo\/2025\/06\/le-val-dajol-la-soiree-tartes-flambees-de-lassociation-odhariol-revient-le-12-juillet\/#primaryimage\"},\"image\":{\"@id\":\"https:\/\/vosgesinfo.fr\/remiremontinfo\/2025\/06\/le-val-dajol-la-soiree-tartes-flambees-de-lassociation-odhariol-revient-le-12-juillet\/#primaryimage\"},\"thumbnailUrl\":\"https:\/\/vosgesinfo.fr\/app\/uploads\/sites\/5\/2025\/06\/1000017013.jpg\",\"datePublished\":\"2025-06-23T14:00:50+00:00\",\"dateModified\":\"2025-06-23T13:25:40+00:00\",\"breadcrumb\":{\"@id\":\"https:\/\/vosgesinfo.fr\/remiremontinfo\/2025\/06\/le-val-dajol-la-soiree-tartes-flambees-de-lassociation-odhariol-revient-le-12-juillet\/#breadcrumb\"},\"inLanguage\":\"fr-FR\",\"potentialAction\":[{\"@type\":\"ReadAction\",\"target\":[\"https:\/\/vosgesinfo.fr\/remiremontinfo\/2025\/06\/le-val-dajol-la-soiree-tartes-flambees-de-lassociation-odhariol-revient-le-12-juillet\/\"]}]},{\"@type\":\"ImageObject\",\"inLanguage\":\"fr-FR\",\"@id\":\"https:\/\/vosgesinfo.fr\/remiremontinfo\/2025\/06\/le-val-dajol-la-soiree-tartes-flambees-de-lassociation-odhariol-revient-le-12-juillet\/#primaryimage\",\"url\":\"https:\/\/vosgesinfo.fr\/app\/uploads\/sites\/5\/2025\/06\/1000017013.jpg\",\"contentUrl\":\"https:\/\/vosgesinfo.fr\/app\/uploads\/sites\/5\/2025\/06\/1000017013.jpg\",\"width\":987,\"height\":1397},{\"@type\":\"BreadcrumbList\",\"@id\":\"https:\/\/vosgesinfo.fr\/remiremontinfo\/2025\/06\/le-val-dajol-la-soiree-tartes-flambees-de-lassociation-odhariol-revient-le-12-juillet\/#breadcrumb\",\"itemListElement\":[{\"@type\":\"ListItem\",\"position\":1,\"name\":\"Home\",\"item\":\"https:\/\/vosgesinfo.fr\/remiremontinfo\/\"},{\"@type\":\"ListItem\",\"position\":2,\"name\":\"Le Val-d\u2019Ajol : la soir\u00e9e tartes flamb\u00e9es de l\u2019association \u00d4d\u2019hariol revient le 12 juillet\"}]},{\"@type\":\"WebSite\",\"@id\":\"https:\/\/vosgesinfo.fr\/remiremontinfo\/#website\",\"url\":\"https:\/\/vosgesinfo.fr\/remiremontinfo\/\",\"name\":\"Remiremont Info\",\"description\":\"Toute l&#039;actualit\u00e9 de Remiremont\",\"publisher\":{\"@id\":\"https:\/\/vosgesinfo.fr\/remiremontinfo\/#organization\"},\"alternateName\":\"Toute l'actualit\u00e9 de Remiremont\",\"potentialAction\":[{\"@type\":\"SearchAction\",\"target\":{\"@type\":\"EntryPoint\",\"urlTemplate\":\"https:\/\/vosgesinfo.fr\/remiremontinfo\/?s={search_term_string}\"},\"query-input\":\"required name=search_term_string\"}],\"inLanguage\":\"fr-FR\"},{\"@type\":\"Organization\",\"@id\":\"https:\/\/vosgesinfo.fr\/remiremontinfo\/#organization\",\"name\":\"Remiremont Info\",\"url\":\"https:\/\/vosgesinfo.fr\/remiremontinfo\/\",\"logo\":{\"@type\":\"ImageObject\",\"inLanguage\":\"fr-FR\",\"@id\":\"https:\/\/vosgesinfo.fr\/remiremontinfo\/#\/schema\/logo\/image\/\",\"url\":\"https:\/\/vosgesinfo.fr\/app\/uploads\/sites\/5\/2023\/08\/favicon-remiremontinfo.png\",\"contentUrl\":\"https:\/\/vosgesinfo.fr\/app\/uploads\/sites\/5\/2023\/08\/favicon-remiremontinfo.png\",\"width\":512,\"height\":512,\"caption\":\"Remiremont Info\"},\"image\":{\"@id\":\"https:\/\/vosgesinfo.fr\/remiremontinfo\/#\/schema\/logo\/image\/\"},\"sameAs\":[\"https:\/\/www.facebook.com\/remiremontinfo\",\"https:\/\/x.com\/VosgesInfo88\",\"https:\/\/www.youtube.com\/@vosgesinfo\"]},{\"@type\":\"Person\",\"@id\":\"https:\/\/vosgesinfo.fr\/remiremontinfo\/#\/schema\/person\/4f38cd3068e342935b7304695c797d08\",\"name\":\"C.M\",\"image\":{\"@type\":\"ImageObject\",\"inLanguage\":\"fr-FR\",\"@id\":\"https:\/\/vosgesinfo.fr\/remiremontinfo\/#\/schema\/person\/image\/\",\"url\":\"https:\/\/secure.gravatar.com\/avatar\/fe9daaef0164d920717484172682f3c5c9bcf7d42aa8c7048c76c34f0eb6c8da?s=96&d=mm&r=g\",\"contentUrl\":\"https:\/\/secure.gravatar.com\/avatar\/fe9daaef0164d920717484172682f3c5c9bcf7d42aa8c7048c76c34f0eb6c8da?s=96&d=mm&r=g\",\"caption\":\"C.M\"},\"url\":\"https:\/\/vosgesinfo.fr\/remiremontinfo\/author\/cm88200\/\"}]}<\/script>\n<!-- \/ Yoast SEO plugin. -->","yoast_head_json":{"title":"Le Val-d\u2019Ajol : la soir\u00e9e tartes flamb\u00e9es de l\u2019association \u00d4d\u2019hariol revient le 12 juillet - Remiremont Info","robots":{"index":"index","follow":"follow","max-snippet":"max-snippet:-1","max-image-preview":"max-image-preview:large","max-video-preview":"max-video-preview:-1"},"canonical":"https:\/\/vosgesinfo.fr\/remiremontinfo\/2025\/06\/le-val-dajol-la-soiree-tartes-flambees-de-lassociation-odhariol-revient-le-12-juillet\/","twitter_card":"summary_large_image","twitter_title":"Le Val-d\u2019Ajol : la soir\u00e9e tartes flamb\u00e9es de l\u2019association \u00d4d\u2019hariol revient le 12 juillet - Remiremont Info","twitter_description":"L\u2019association \u00d4d\u2019hariol donne rendez-vous au public pour sa traditionnelle soir\u00e9e tartes flamb\u00e9es, le samedi 12 juillet 2025 \u00e0 partir de [&hellip;]","twitter_image":"https:\/\/vosgesinfo.fr\/app\/uploads\/sites\/5\/2025\/06\/1000017013.jpg","twitter_creator":"@VosgesInfo88","twitter_site":"@VosgesInfo88","twitter_misc":{"\u00c9crit par":"C.M","Dur\u00e9e de lecture estim\u00e9e":"1 minute"},"schema":{"@context":"https:\/\/schema.org","@graph":[{"@type":"Article","@id":"https:\/\/vosgesinfo.fr\/remiremontinfo\/2025\/06\/le-val-dajol-la-soiree-tartes-flambees-de-lassociation-odhariol-revient-le-12-juillet\/#article","isPartOf":{"@id":"https:\/\/vosgesinfo.fr\/remiremontinfo\/2025\/06\/le-val-dajol-la-soiree-tartes-flambees-de-lassociation-odhariol-revient-le-12-juillet\/"},"author":{"name":"C.M","@id":"https:\/\/vosgesinfo.fr\/remiremontinfo\/#\/schema\/person\/4f38cd3068e342935b7304695c797d08"},"headline":"Le Val-d\u2019Ajol : la soir\u00e9e tartes flamb\u00e9es de l\u2019association \u00d4d\u2019hariol revient le 12 juillet","datePublished":"2025-06-23T14:00:50+00:00","dateModified":"2025-06-23T13:25:40+00:00","mainEntityOfPage":{"@id":"https:\/\/vosgesinfo.fr\/remiremontinfo\/2025\/06\/le-val-dajol-la-soiree-tartes-flambees-de-lassociation-odhariol-revient-le-12-juillet\/"},"wordCount":148,"commentCount":0,"publisher":{"@id":"https:\/\/vosgesinfo.fr\/remiremontinfo\/#organization"},"image":{"@id":"https:\/\/vosgesinfo.fr\/remiremontinfo\/2025\/06\/le-val-dajol-la-soiree-tartes-flambees-de-lassociation-odhariol-revient-le-12-juillet\/#primaryimage"},"thumbnailUrl":"https:\/\/vosgesinfo.fr\/app\/uploads\/sites\/5\/2025\/06\/1000017013.jpg","keywords":["Le Val-d'Ajol","Od'hariol","Soir\u00e9e tartes flamb\u00e9es"],"articleSection":["A la Une","Agenda","Le Val d'Ajol","Remiremont"],"inLanguage":"fr-FR","potentialAction":[{"@type":"CommentAction","name":"Comment","target":["https:\/\/vosgesinfo.fr\/remiremontinfo\/2025\/06\/le-val-dajol-la-soiree-tartes-flambees-de-lassociation-odhariol-revient-le-12-juillet\/#respond"]}]},{"@type":"WebPage","@id":"https:\/\/vosgesinfo.fr\/remiremontinfo\/2025\/06\/le-val-dajol-la-soiree-tartes-flambees-de-lassociation-odhariol-revient-le-12-juillet\/","url":"https:\/\/vosgesinfo.fr\/remiremontinfo\/2025\/06\/le-val-dajol-la-soiree-tartes-flambees-de-lassociation-odhariol-revient-le-12-juillet\/","name":"Le Val-d\u2019Ajol : la soir\u00e9e tartes flamb\u00e9es de l\u2019association \u00d4d\u2019hariol revient le 12 juillet - Remiremont Info","isPartOf":{"@id":"https:\/\/vosgesinfo.fr\/remiremontinfo\/#website"},"primaryImageOfPage":{"@id":"https:\/\/vosgesinfo.fr\/remiremontinfo\/2025\/06\/le-val-dajol-la-soiree-tartes-flambees-de-lassociation-odhariol-revient-le-12-juillet\/#primaryimage"},"image":{"@id":"https:\/\/vosgesinfo.fr\/remiremontinfo\/2025\/06\/le-val-dajol-la-soiree-tartes-flambees-de-lassociation-odhariol-revient-le-12-juillet\/#primaryimage"},"thumbnailUrl":"https:\/\/vosgesinfo.fr\/app\/uploads\/sites\/5\/2025\/06\/1000017013.jpg","datePublished":"2025-06-23T14:00:50+00:00","dateModified":"2025-06-23T13:25:40+00:00","breadcrumb":{"@id":"https:\/\/vosgesinfo.fr\/remiremontinfo\/2025\/06\/le-val-dajol-la-soiree-tartes-flambees-de-lassociation-odhariol-revient-le-12-juillet\/#breadcrumb"},"inLanguage":"fr-FR","potentialAction":[{"@type":"ReadAction","target":["https:\/\/vosgesinfo.fr\/remiremontinfo\/2025\/06\/le-val-dajol-la-soiree-tartes-flambees-de-lassociation-odhariol-revient-le-12-juillet\/"]}]},{"@type":"ImageObject","inLanguage":"fr-FR","@id":"https:\/\/vosgesinfo.fr\/remiremontinfo\/2025\/06\/le-val-dajol-la-soiree-tartes-flambees-de-lassociation-odhariol-revient-le-12-juillet\/#primaryimage","url":"https:\/\/vosgesinfo.fr\/app\/uploads\/sites\/5\/2025\/06\/1000017013.jpg","contentUrl":"https:\/\/vosgesinfo.fr\/app\/uploads\/sites\/5\/2025\/06\/1000017013.jpg","width":987,"height":1397},{"@type":"BreadcrumbList","@id":"https:\/\/vosgesinfo.fr\/remiremontinfo\/2025\/06\/le-val-dajol-la-soiree-tartes-flambees-de-lassociation-odhariol-revient-le-12-juillet\/#breadcrumb","itemListElement":[{"@type":"ListItem","position":1,"name":"Home","item":"https:\/\/vosgesinfo.fr\/remiremontinfo\/"},{"@type":"ListItem","position":2,"name":"Le Val-d\u2019Ajol : la soir\u00e9e tartes flamb\u00e9es de l\u2019association \u00d4d\u2019hariol revient le 12 juillet"}]},{"@type":"WebSite","@id":"https:\/\/vosgesinfo.fr\/remiremontinfo\/#website","url":"https:\/\/vosgesinfo.fr\/remiremontinfo\/","name":"Remiremont Info","description":"Toute l&#039;actualit\u00e9 de Remiremont","publisher":{"@id":"https:\/\/vosgesinfo.fr\/remiremontinfo\/#organization"},"alternateName":"Toute l'actualit\u00e9 de Remiremont","potentialAction":[{"@type":"SearchAction","target":{"@type":"EntryPoint","urlTemplate":"https:\/\/vosgesinfo.fr\/remiremontinfo\/?s={search_term_string}"},"query-input":"required name=search_term_string"}],"inLanguage":"fr-FR"},{"@type":"Organization","@id":"https:\/\/vosgesinfo.fr\/remiremontinfo\/#organization","name":"Remiremont Info","url":"https:\/\/vosgesinfo.fr\/remiremontinfo\/","logo":{"@type":"ImageObject","inLanguage":"fr-FR","@id":"https:\/\/vosgesinfo.fr\/remiremontinfo\/#\/schema\/logo\/image\/","url":"https:\/\/vosgesinfo.fr\/app\/uploads\/sites\/5\/2023\/08\/favicon-remiremontinfo.png","contentUrl":"https:\/\/vosgesinfo.fr\/app\/uploads\/sites\/5\/2023\/08\/favicon-remiremontinfo.png","width":512,"height":512,"caption":"Remiremont Info"},"image":{"@id":"https:\/\/vosgesinfo.fr\/remiremontinfo\/#\/schema\/logo\/image\/"},"sameAs":["https:\/\/www.facebook.com\/remiremontinfo","https:\/\/x.com\/VosgesInfo88","https:\/\/www.youtube.com\/@vosgesinfo"]},{"@type":"Person","@id":"https:\/\/vosgesinfo.fr\/remiremontinfo\/#\/schema\/person\/4f38cd3068e342935b7304695c797d08","name":"C.M","image":{"@type":"ImageObject","inLanguage":"fr-FR","@id":"https:\/\/vosgesinfo.fr\/remiremontinfo\/#\/schema\/person\/image\/","url":"https:\/\/secure.gravatar.com\/avatar\/fe9daaef0164d920717484172682f3c5c9bcf7d42aa8c7048c76c34f0eb6c8da?s=96&d=mm&r=g","contentUrl":"https:\/\/secure.gravatar.com\/avatar\/fe9daaef0164d920717484172682f3c5c9bcf7d42aa8c7048c76c34f0eb6c8da?s=96&d=mm&r=g","caption":"C.M"},"url":"https:\/\/vosgesinfo.fr\/remiremontinfo\/author\/cm88200\/"}]}},"_links":{"self":[{"href":"https:\/\/vosgesinfo.fr\/remiremontinfo\/wp-json\/wp\/v2\/posts\/83022","targetHints":{"allow":["GET"]}}],"collection":[{"href":"https:\/\/vosgesinfo.fr\/remiremontinfo\/wp-json\/wp\/v2\/posts"}],"about":[{"href":"https:\/\/vosgesinfo.fr\/remiremontinfo\/wp-json\/wp\/v2\/types\/post"}],"author":[{"embeddable":true,"href":"https:\/\/vosgesinfo.fr\/remiremontinfo\/wp-json\/wp\/v2\/users\/418"}],"replies":[{"embeddable":true,"href":"https:\/\/vosgesinfo.fr\/remiremontinfo\/wp-json\/wp\/v2\/comments?post=83022"}],"version-history":[{"count":1,"href":"https:\/\/vosgesinfo.fr\/remiremontinfo\/wp-json\/wp\/v2\/posts\/83022\/revisions"}],"predecessor-version":[{"id":83024,"href":"https:\/\/vosgesinfo.fr\/remiremontinfo\/wp-json\/wp\/v2\/posts\/83022\/revisions\/83024"}],"wp:featuredmedia":[{"embeddable":true,"href":"https:\/\/vosgesinfo.fr\/remiremontinfo\/wp-json\/wp\/v2\/media\/83023"}],"wp:attachment":[{"href":"https:\/\/vosgesinfo.fr\/remiremontinfo\/wp-json\/wp\/v2\/media?parent=83022"}],"wp:term":[{"taxonomy":"category","embeddable":true,"href":"https:\/\/vosgesinfo.fr\/remiremontinfo\/wp-json\/wp\/v2\/categories?post=83022"},{"taxonomy":"post_tag","embeddable":true,"href":"https:\/\/vosgesinfo.fr\/remiremontinfo\/wp-json\/wp\/v2\/tags?post=83022"}],"curies":[{"name":"wp","href":"https:\/\/api.w.org\/{rel}","templated":true}]}}