{"id":83031,"date":"2025-06-23T17:00:38","date_gmt":"2025-06-23T15:00:38","guid":{"rendered":"https:\/\/vosgesinfo.fr\/remiremontinfo\/?p=83031"},"modified":"2025-06-23T15:52:33","modified_gmt":"2025-06-23T13:52:33","slug":"plombieres-les-bains-la-nouvelle-cloche-josephine-est-nee","status":"publish","type":"post","link":"https:\/\/vosgesinfo.fr\/remiremontinfo\/2025\/06\/plombieres-les-bains-la-nouvelle-cloche-josephine-est-nee\/","title":{"rendered":"Plombi\u00e8res-les-Bains : la nouvelle cloche Jos\u00e9phine est n\u00e9e !"},"content":{"rendered":"<p data-start=\"106\" data-end=\"480\"><a href=\"https:\/\/vosgesinfo.fr\/app\/uploads\/sites\/5\/2025\/06\/coulee-cloche-josephine-copie.jpg\"><img decoding=\"async\" class=\"aligncenter size-full wp-image-83032\" src=\"https:\/\/vosgesinfo.fr\/app\/uploads\/sites\/5\/2025\/06\/coulee-cloche-josephine-copie.jpg\" alt=\"\" width=\"2312\" height=\"1314\" srcset=\"https:\/\/vosgesinfo.fr\/app\/uploads\/sites\/5\/2025\/06\/coulee-cloche-josephine-copie.jpg 2312w, https:\/\/vosgesinfo.fr\/app\/uploads\/sites\/5\/2025\/06\/coulee-cloche-josephine-copie-300x171.jpg 300w, https:\/\/vosgesinfo.fr\/app\/uploads\/sites\/5\/2025\/06\/coulee-cloche-josephine-copie-1024x582.jpg 1024w, https:\/\/vosgesinfo.fr\/app\/uploads\/sites\/5\/2025\/06\/coulee-cloche-josephine-copie-768x436.jpg 768w, https:\/\/vosgesinfo.fr\/app\/uploads\/sites\/5\/2025\/06\/coulee-cloche-josephine-copie-1536x873.jpg 1536w, https:\/\/vosgesinfo.fr\/app\/uploads\/sites\/5\/2025\/06\/coulee-cloche-josephine-copie-2048x1164.jpg 2048w\" sizes=\"(max-width: 2312px) 100vw, 2312px\" \/><\/a><\/p>\n<p data-start=\"106\" data-end=\"480\"><strong>C\u2019est un moment fort en \u00e9motions qu\u2019ont v\u00e9cu les quelques Plombinois qui se sont rendus \u00e0 Strasbourg\u00a0ce vendredi 20 juin. Une quarantaine de personnes au total ont assist\u00e9 \u00e0 la coul\u00e9e de la nouvelle cloche Jos\u00e9phine, destin\u00e9e \u00e0 l\u2019\u00e9glise de Plombi\u00e8res-les-Bains, dans les ateliers de la fonderie VOEGELE.\u00a0<\/strong><\/p>\n<p data-start=\"482\" data-end=\"1002\">Avant le lancement de la coul\u00e9e, une b\u00e9n\u00e9diction a \u00e9t\u00e9 prononc\u00e9e par M. l\u2019abb\u00e9 Claude Durupt, marquant symboliquement le d\u00e9but de cette renaissance campanaire. Voir na\u00eetre cette cloche sous les yeux des visiteurs a \u00e9t\u00e9 un moment impressionnant et charg\u00e9 d\u2019\u00e9motion, chacun ayant conscience de la port\u00e9e patrimoniale de cet \u00e9v\u00e9nement. La nouvelle Jos\u00e9phine rejoindra Plombi\u00e8res courant juillet, o\u00f9 elle sera d\u2019abord d\u00e9pos\u00e9e \u00e0 l\u2019int\u00e9rieur de l\u2019\u00e9glise avant de retrouver sa place d\u00e9finitive dans son clocher.<\/p>\n<p data-start=\"1004\" data-end=\"1718\">Au fil de la visite, Julien Caldeira, g\u00e9rant de l\u2019entreprise, a partag\u00e9 avec passion l\u2019histoire et les techniques de fabrication des cloches. L\u2019histoire des fondeurs de cloches a fascin\u00e9 les participants. Chacun a ainsi d\u00e9couvert les \u00e9tapes complexes de la cr\u00e9ation !<\/p>\n<p data-start=\"1720\" data-end=\"2049\">Au-del\u00e0 de l\u2019aspect technique, les visiteurs ont aussi profit\u00e9 d\u2019un accueil chaleureux, ponctu\u00e9 de sp\u00e9cialit\u00e9s locales : Flammekueche, Kouglof, Sylvaner et Cr\u00e9mant ont r\u00e9gal\u00e9 les participants sous un soleil caniculaire et la chaleur d\u00e9gag\u00e9e par le m\u00e9tal en fusion. Un moment convivial qui restera grav\u00e9 dans les m\u00e9moires.<\/p>\n<p data-start=\"2051\" data-end=\"2283\">La future arriv\u00e9e de Jos\u00e9phine \u00e0 Plombi\u00e8res sera sans aucun doute un \u00e9v\u00e9nement marquant pour le patrimoine local, port\u00e9 par l\u2019engagement de l\u2019association et la mobilisation de tous ceux qui \u0153uvrent \u00e0 la pr\u00e9servation de l\u2019\u00e9glise.<\/p>\n<p data-start=\"2051\" data-end=\"2283\">Retrouvez une \u00e9tape de la confection de Jos\u00e9phine film\u00e9e par un membre de l&rsquo;association Patrimoine de Plombi\u00e8res-les-Bains :<\/p>\n<p data-start=\"2051\" data-end=\"2283\"><iframe loading=\"lazy\" style=\"border: none; overflow: hidden;\" src=\"https:\/\/www.facebook.com\/plugins\/video.php?height=314&amp;href=https%3A%2F%2Fwww.facebook.com%2FPatrimoineDePlombiereslesbains%2Fvideos%2F3959946990936598%2F&amp;show_text=false&amp;width=560&amp;t=0\" width=\"560\" height=\"314\" frameborder=\"0\" scrolling=\"no\" allowfullscreen=\"allowfullscreen\"><\/iframe><\/p>\n","protected":false},"excerpt":{"rendered":"<p>C\u2019est un moment fort en \u00e9motions qu\u2019ont v\u00e9cu les quelques Plombinois qui se sont rendus \u00e0 Strasbourg\u00a0ce vendredi 20 juin. [&hellip;]<\/p>\n","protected":false},"author":418,"featured_media":0,"comment_status":"open","ping_status":"open","sticky":false,"template":"","format":"standard","meta":{"footnotes":""},"categories":[26,102,43],"tags":[8156,8155,8157,520],"class_list":["post-83031","post","type-post","status-publish","format-standard","hentry","category-a-la-une","category-plombieres-les-bains","category-remiremont-remiremont-son-canton","tag-cloche-josephine","tag-coulee-de-cloche","tag-patrimoine-de-plombieres-les-bains","tag-plombieres-les-bains"],"acf":[],"yoast_head":"<!-- This site is optimized with the Yoast SEO plugin v22.5 - https:\/\/yoast.com\/wordpress\/plugins\/seo\/ -->\n<title>Plombi\u00e8res-les-Bains : la nouvelle cloche Jos\u00e9phine est n\u00e9e ! - Remiremont Info<\/title>\n<meta name=\"robots\" content=\"index, follow, max-snippet:-1, max-image-preview:large, max-video-preview:-1\" \/>\n<link rel=\"canonical\" href=\"https:\/\/vosgesinfo.fr\/remiremontinfo\/2025\/06\/plombieres-les-bains-la-nouvelle-cloche-josephine-est-nee\/\" \/>\n<meta name=\"twitter:card\" content=\"summary_large_image\" \/>\n<meta name=\"twitter:title\" content=\"Plombi\u00e8res-les-Bains : la nouvelle cloche Jos\u00e9phine est n\u00e9e ! - Remiremont Info\" \/>\n<meta name=\"twitter:description\" content=\"C\u2019est un moment fort en \u00e9motions qu\u2019ont v\u00e9cu les quelques Plombinois qui se sont rendus \u00e0 Strasbourg\u00a0ce vendredi 20 juin. [&hellip;]\" \/>\n<meta name=\"twitter:image\" content=\"https:\/\/vosgesinfo.fr\/app\/uploads\/sites\/5\/2025\/06\/coulee-cloche-josephine-copie.jpg\" \/>\n<meta name=\"twitter:creator\" content=\"@VosgesInfo88\" \/>\n<meta name=\"twitter:site\" content=\"@VosgesInfo88\" \/>\n<meta name=\"twitter:label1\" content=\"\u00c9crit par\" \/>\n\t<meta name=\"twitter:data1\" content=\"C.M\" \/>\n\t<meta name=\"twitter:label2\" content=\"Dur\u00e9e de lecture estim\u00e9e\" \/>\n\t<meta name=\"twitter:data2\" content=\"2 minutes\" \/>\n<script type=\"application\/ld+json\" class=\"yoast-schema-graph\">{\"@context\":\"https:\/\/schema.org\",\"@graph\":[{\"@type\":\"Article\",\"@id\":\"https:\/\/vosgesinfo.fr\/remiremontinfo\/2025\/06\/plombieres-les-bains-la-nouvelle-cloche-josephine-est-nee\/#article\",\"isPartOf\":{\"@id\":\"https:\/\/vosgesinfo.fr\/remiremontinfo\/2025\/06\/plombieres-les-bains-la-nouvelle-cloche-josephine-est-nee\/\"},\"author\":{\"name\":\"C.M\",\"@id\":\"https:\/\/vosgesinfo.fr\/remiremontinfo\/#\/schema\/person\/4f38cd3068e342935b7304695c797d08\"},\"headline\":\"Plombi\u00e8res-les-Bains : la nouvelle cloche Jos\u00e9phine est n\u00e9e !\",\"datePublished\":\"2025-06-23T15:00:38+00:00\",\"dateModified\":\"2025-06-23T13:52:33+00:00\",\"mainEntityOfPage\":{\"@id\":\"https:\/\/vosgesinfo.fr\/remiremontinfo\/2025\/06\/plombieres-les-bains-la-nouvelle-cloche-josephine-est-nee\/\"},\"wordCount\":324,\"commentCount\":0,\"publisher\":{\"@id\":\"https:\/\/vosgesinfo.fr\/remiremontinfo\/#organization\"},\"image\":{\"@id\":\"https:\/\/vosgesinfo.fr\/remiremontinfo\/2025\/06\/plombieres-les-bains-la-nouvelle-cloche-josephine-est-nee\/#primaryimage\"},\"thumbnailUrl\":\"https:\/\/vosgesinfo.fr\/app\/uploads\/sites\/5\/2025\/06\/coulee-cloche-josephine-copie.jpg\",\"keywords\":[\"Cloche Jos\u00e9phine\",\"Coul\u00e9e de cloche\",\"Patrimoine de Plombi\u00e8res-les-Bains\",\"Plombi\u00e8res-les-Bains\"],\"articleSection\":[\"A la Une\",\"Plombi\u00e8res-l\u00e8s-Bains\",\"Remiremont\"],\"inLanguage\":\"fr-FR\",\"potentialAction\":[{\"@type\":\"CommentAction\",\"name\":\"Comment\",\"target\":[\"https:\/\/vosgesinfo.fr\/remiremontinfo\/2025\/06\/plombieres-les-bains-la-nouvelle-cloche-josephine-est-nee\/#respond\"]}]},{\"@type\":\"WebPage\",\"@id\":\"https:\/\/vosgesinfo.fr\/remiremontinfo\/2025\/06\/plombieres-les-bains-la-nouvelle-cloche-josephine-est-nee\/\",\"url\":\"https:\/\/vosgesinfo.fr\/remiremontinfo\/2025\/06\/plombieres-les-bains-la-nouvelle-cloche-josephine-est-nee\/\",\"name\":\"Plombi\u00e8res-les-Bains : la nouvelle cloche Jos\u00e9phine est n\u00e9e ! - Remiremont Info\",\"isPartOf\":{\"@id\":\"https:\/\/vosgesinfo.fr\/remiremontinfo\/#website\"},\"primaryImageOfPage\":{\"@id\":\"https:\/\/vosgesinfo.fr\/remiremontinfo\/2025\/06\/plombieres-les-bains-la-nouvelle-cloche-josephine-est-nee\/#primaryimage\"},\"image\":{\"@id\":\"https:\/\/vosgesinfo.fr\/remiremontinfo\/2025\/06\/plombieres-les-bains-la-nouvelle-cloche-josephine-est-nee\/#primaryimage\"},\"thumbnailUrl\":\"https:\/\/vosgesinfo.fr\/app\/uploads\/sites\/5\/2025\/06\/coulee-cloche-josephine-copie.jpg\",\"datePublished\":\"2025-06-23T15:00:38+00:00\",\"dateModified\":\"2025-06-23T13:52:33+00:00\",\"breadcrumb\":{\"@id\":\"https:\/\/vosgesinfo.fr\/remiremontinfo\/2025\/06\/plombieres-les-bains-la-nouvelle-cloche-josephine-est-nee\/#breadcrumb\"},\"inLanguage\":\"fr-FR\",\"potentialAction\":[{\"@type\":\"ReadAction\",\"target\":[\"https:\/\/vosgesinfo.fr\/remiremontinfo\/2025\/06\/plombieres-les-bains-la-nouvelle-cloche-josephine-est-nee\/\"]}]},{\"@type\":\"ImageObject\",\"inLanguage\":\"fr-FR\",\"@id\":\"https:\/\/vosgesinfo.fr\/remiremontinfo\/2025\/06\/plombieres-les-bains-la-nouvelle-cloche-josephine-est-nee\/#primaryimage\",\"url\":\"https:\/\/vosgesinfo.fr\/app\/uploads\/sites\/5\/2025\/06\/coulee-cloche-josephine-copie.jpg\",\"contentUrl\":\"https:\/\/vosgesinfo.fr\/app\/uploads\/sites\/5\/2025\/06\/coulee-cloche-josephine-copie.jpg\"},{\"@type\":\"BreadcrumbList\",\"@id\":\"https:\/\/vosgesinfo.fr\/remiremontinfo\/2025\/06\/plombieres-les-bains-la-nouvelle-cloche-josephine-est-nee\/#breadcrumb\",\"itemListElement\":[{\"@type\":\"ListItem\",\"position\":1,\"name\":\"Home\",\"item\":\"https:\/\/vosgesinfo.fr\/remiremontinfo\/\"},{\"@type\":\"ListItem\",\"position\":2,\"name\":\"Plombi\u00e8res-les-Bains : la nouvelle cloche Jos\u00e9phine est n\u00e9e !\"}]},{\"@type\":\"WebSite\",\"@id\":\"https:\/\/vosgesinfo.fr\/remiremontinfo\/#website\",\"url\":\"https:\/\/vosgesinfo.fr\/remiremontinfo\/\",\"name\":\"Remiremont Info\",\"description\":\"Toute l&#039;actualit\u00e9 de Remiremont\",\"publisher\":{\"@id\":\"https:\/\/vosgesinfo.fr\/remiremontinfo\/#organization\"},\"alternateName\":\"Toute l'actualit\u00e9 de Remiremont\",\"potentialAction\":[{\"@type\":\"SearchAction\",\"target\":{\"@type\":\"EntryPoint\",\"urlTemplate\":\"https:\/\/vosgesinfo.fr\/remiremontinfo\/?s={search_term_string}\"},\"query-input\":\"required name=search_term_string\"}],\"inLanguage\":\"fr-FR\"},{\"@type\":\"Organization\",\"@id\":\"https:\/\/vosgesinfo.fr\/remiremontinfo\/#organization\",\"name\":\"Remiremont Info\",\"url\":\"https:\/\/vosgesinfo.fr\/remiremontinfo\/\",\"logo\":{\"@type\":\"ImageObject\",\"inLanguage\":\"fr-FR\",\"@id\":\"https:\/\/vosgesinfo.fr\/remiremontinfo\/#\/schema\/logo\/image\/\",\"url\":\"https:\/\/vosgesinfo.fr\/app\/uploads\/sites\/5\/2023\/08\/favicon-remiremontinfo.png\",\"contentUrl\":\"https:\/\/vosgesinfo.fr\/app\/uploads\/sites\/5\/2023\/08\/favicon-remiremontinfo.png\",\"width\":512,\"height\":512,\"caption\":\"Remiremont Info\"},\"image\":{\"@id\":\"https:\/\/vosgesinfo.fr\/remiremontinfo\/#\/schema\/logo\/image\/\"},\"sameAs\":[\"https:\/\/www.facebook.com\/remiremontinfo\",\"https:\/\/x.com\/VosgesInfo88\",\"https:\/\/www.youtube.com\/@vosgesinfo\"]},{\"@type\":\"Person\",\"@id\":\"https:\/\/vosgesinfo.fr\/remiremontinfo\/#\/schema\/person\/4f38cd3068e342935b7304695c797d08\",\"name\":\"C.M\",\"image\":{\"@type\":\"ImageObject\",\"inLanguage\":\"fr-FR\",\"@id\":\"https:\/\/vosgesinfo.fr\/remiremontinfo\/#\/schema\/person\/image\/\",\"url\":\"https:\/\/secure.gravatar.com\/avatar\/fe9daaef0164d920717484172682f3c5c9bcf7d42aa8c7048c76c34f0eb6c8da?s=96&d=mm&r=g\",\"contentUrl\":\"https:\/\/secure.gravatar.com\/avatar\/fe9daaef0164d920717484172682f3c5c9bcf7d42aa8c7048c76c34f0eb6c8da?s=96&d=mm&r=g\",\"caption\":\"C.M\"},\"url\":\"https:\/\/vosgesinfo.fr\/remiremontinfo\/author\/cm88200\/\"}]}<\/script>\n<!-- \/ Yoast SEO plugin. -->","yoast_head_json":{"title":"Plombi\u00e8res-les-Bains : la nouvelle cloche Jos\u00e9phine est n\u00e9e ! - Remiremont Info","robots":{"index":"index","follow":"follow","max-snippet":"max-snippet:-1","max-image-preview":"max-image-preview:large","max-video-preview":"max-video-preview:-1"},"canonical":"https:\/\/vosgesinfo.fr\/remiremontinfo\/2025\/06\/plombieres-les-bains-la-nouvelle-cloche-josephine-est-nee\/","twitter_card":"summary_large_image","twitter_title":"Plombi\u00e8res-les-Bains : la nouvelle cloche Jos\u00e9phine est n\u00e9e ! - Remiremont Info","twitter_description":"C\u2019est un moment fort en \u00e9motions qu\u2019ont v\u00e9cu les quelques Plombinois qui se sont rendus \u00e0 Strasbourg\u00a0ce vendredi 20 juin. [&hellip;]","twitter_image":"https:\/\/vosgesinfo.fr\/app\/uploads\/sites\/5\/2025\/06\/coulee-cloche-josephine-copie.jpg","twitter_creator":"@VosgesInfo88","twitter_site":"@VosgesInfo88","twitter_misc":{"\u00c9crit par":"C.M","Dur\u00e9e de lecture estim\u00e9e":"2 minutes"},"schema":{"@context":"https:\/\/schema.org","@graph":[{"@type":"Article","@id":"https:\/\/vosgesinfo.fr\/remiremontinfo\/2025\/06\/plombieres-les-bains-la-nouvelle-cloche-josephine-est-nee\/#article","isPartOf":{"@id":"https:\/\/vosgesinfo.fr\/remiremontinfo\/2025\/06\/plombieres-les-bains-la-nouvelle-cloche-josephine-est-nee\/"},"author":{"name":"C.M","@id":"https:\/\/vosgesinfo.fr\/remiremontinfo\/#\/schema\/person\/4f38cd3068e342935b7304695c797d08"},"headline":"Plombi\u00e8res-les-Bains : la nouvelle cloche Jos\u00e9phine est n\u00e9e !","datePublished":"2025-06-23T15:00:38+00:00","dateModified":"2025-06-23T13:52:33+00:00","mainEntityOfPage":{"@id":"https:\/\/vosgesinfo.fr\/remiremontinfo\/2025\/06\/plombieres-les-bains-la-nouvelle-cloche-josephine-est-nee\/"},"wordCount":324,"commentCount":0,"publisher":{"@id":"https:\/\/vosgesinfo.fr\/remiremontinfo\/#organization"},"image":{"@id":"https:\/\/vosgesinfo.fr\/remiremontinfo\/2025\/06\/plombieres-les-bains-la-nouvelle-cloche-josephine-est-nee\/#primaryimage"},"thumbnailUrl":"https:\/\/vosgesinfo.fr\/app\/uploads\/sites\/5\/2025\/06\/coulee-cloche-josephine-copie.jpg","keywords":["Cloche Jos\u00e9phine","Coul\u00e9e de cloche","Patrimoine de Plombi\u00e8res-les-Bains","Plombi\u00e8res-les-Bains"],"articleSection":["A la Une","Plombi\u00e8res-l\u00e8s-Bains","Remiremont"],"inLanguage":"fr-FR","potentialAction":[{"@type":"CommentAction","name":"Comment","target":["https:\/\/vosgesinfo.fr\/remiremontinfo\/2025\/06\/plombieres-les-bains-la-nouvelle-cloche-josephine-est-nee\/#respond"]}]},{"@type":"WebPage","@id":"https:\/\/vosgesinfo.fr\/remiremontinfo\/2025\/06\/plombieres-les-bains-la-nouvelle-cloche-josephine-est-nee\/","url":"https:\/\/vosgesinfo.fr\/remiremontinfo\/2025\/06\/plombieres-les-bains-la-nouvelle-cloche-josephine-est-nee\/","name":"Plombi\u00e8res-les-Bains : la nouvelle cloche Jos\u00e9phine est n\u00e9e ! - Remiremont Info","isPartOf":{"@id":"https:\/\/vosgesinfo.fr\/remiremontinfo\/#website"},"primaryImageOfPage":{"@id":"https:\/\/vosgesinfo.fr\/remiremontinfo\/2025\/06\/plombieres-les-bains-la-nouvelle-cloche-josephine-est-nee\/#primaryimage"},"image":{"@id":"https:\/\/vosgesinfo.fr\/remiremontinfo\/2025\/06\/plombieres-les-bains-la-nouvelle-cloche-josephine-est-nee\/#primaryimage"},"thumbnailUrl":"https:\/\/vosgesinfo.fr\/app\/uploads\/sites\/5\/2025\/06\/coulee-cloche-josephine-copie.jpg","datePublished":"2025-06-23T15:00:38+00:00","dateModified":"2025-06-23T13:52:33+00:00","breadcrumb":{"@id":"https:\/\/vosgesinfo.fr\/remiremontinfo\/2025\/06\/plombieres-les-bains-la-nouvelle-cloche-josephine-est-nee\/#breadcrumb"},"inLanguage":"fr-FR","potentialAction":[{"@type":"ReadAction","target":["https:\/\/vosgesinfo.fr\/remiremontinfo\/2025\/06\/plombieres-les-bains-la-nouvelle-cloche-josephine-est-nee\/"]}]},{"@type":"ImageObject","inLanguage":"fr-FR","@id":"https:\/\/vosgesinfo.fr\/remiremontinfo\/2025\/06\/plombieres-les-bains-la-nouvelle-cloche-josephine-est-nee\/#primaryimage","url":"https:\/\/vosgesinfo.fr\/app\/uploads\/sites\/5\/2025\/06\/coulee-cloche-josephine-copie.jpg","contentUrl":"https:\/\/vosgesinfo.fr\/app\/uploads\/sites\/5\/2025\/06\/coulee-cloche-josephine-copie.jpg"},{"@type":"BreadcrumbList","@id":"https:\/\/vosgesinfo.fr\/remiremontinfo\/2025\/06\/plombieres-les-bains-la-nouvelle-cloche-josephine-est-nee\/#breadcrumb","itemListElement":[{"@type":"ListItem","position":1,"name":"Home","item":"https:\/\/vosgesinfo.fr\/remiremontinfo\/"},{"@type":"ListItem","position":2,"name":"Plombi\u00e8res-les-Bains : la nouvelle cloche Jos\u00e9phine est n\u00e9e !"}]},{"@type":"WebSite","@id":"https:\/\/vosgesinfo.fr\/remiremontinfo\/#website","url":"https:\/\/vosgesinfo.fr\/remiremontinfo\/","name":"Remiremont Info","description":"Toute l&#039;actualit\u00e9 de Remiremont","publisher":{"@id":"https:\/\/vosgesinfo.fr\/remiremontinfo\/#organization"},"alternateName":"Toute l'actualit\u00e9 de Remiremont","potentialAction":[{"@type":"SearchAction","target":{"@type":"EntryPoint","urlTemplate":"https:\/\/vosgesinfo.fr\/remiremontinfo\/?s={search_term_string}"},"query-input":"required name=search_term_string"}],"inLanguage":"fr-FR"},{"@type":"Organization","@id":"https:\/\/vosgesinfo.fr\/remiremontinfo\/#organization","name":"Remiremont Info","url":"https:\/\/vosgesinfo.fr\/remiremontinfo\/","logo":{"@type":"ImageObject","inLanguage":"fr-FR","@id":"https:\/\/vosgesinfo.fr\/remiremontinfo\/#\/schema\/logo\/image\/","url":"https:\/\/vosgesinfo.fr\/app\/uploads\/sites\/5\/2023\/08\/favicon-remiremontinfo.png","contentUrl":"https:\/\/vosgesinfo.fr\/app\/uploads\/sites\/5\/2023\/08\/favicon-remiremontinfo.png","width":512,"height":512,"caption":"Remiremont Info"},"image":{"@id":"https:\/\/vosgesinfo.fr\/remiremontinfo\/#\/schema\/logo\/image\/"},"sameAs":["https:\/\/www.facebook.com\/remiremontinfo","https:\/\/x.com\/VosgesInfo88","https:\/\/www.youtube.com\/@vosgesinfo"]},{"@type":"Person","@id":"https:\/\/vosgesinfo.fr\/remiremontinfo\/#\/schema\/person\/4f38cd3068e342935b7304695c797d08","name":"C.M","image":{"@type":"ImageObject","inLanguage":"fr-FR","@id":"https:\/\/vosgesinfo.fr\/remiremontinfo\/#\/schema\/person\/image\/","url":"https:\/\/secure.gravatar.com\/avatar\/fe9daaef0164d920717484172682f3c5c9bcf7d42aa8c7048c76c34f0eb6c8da?s=96&d=mm&r=g","contentUrl":"https:\/\/secure.gravatar.com\/avatar\/fe9daaef0164d920717484172682f3c5c9bcf7d42aa8c7048c76c34f0eb6c8da?s=96&d=mm&r=g","caption":"C.M"},"url":"https:\/\/vosgesinfo.fr\/remiremontinfo\/author\/cm88200\/"}]}},"_links":{"self":[{"href":"https:\/\/vosgesinfo.fr\/remiremontinfo\/wp-json\/wp\/v2\/posts\/83031","targetHints":{"allow":["GET"]}}],"collection":[{"href":"https:\/\/vosgesinfo.fr\/remiremontinfo\/wp-json\/wp\/v2\/posts"}],"about":[{"href":"https:\/\/vosgesinfo.fr\/remiremontinfo\/wp-json\/wp\/v2\/types\/post"}],"author":[{"embeddable":true,"href":"https:\/\/vosgesinfo.fr\/remiremontinfo\/wp-json\/wp\/v2\/users\/418"}],"replies":[{"embeddable":true,"href":"https:\/\/vosgesinfo.fr\/remiremontinfo\/wp-json\/wp\/v2\/comments?post=83031"}],"version-history":[{"count":1,"href":"https:\/\/vosgesinfo.fr\/remiremontinfo\/wp-json\/wp\/v2\/posts\/83031\/revisions"}],"predecessor-version":[{"id":83033,"href":"https:\/\/vosgesinfo.fr\/remiremontinfo\/wp-json\/wp\/v2\/posts\/83031\/revisions\/83033"}],"wp:attachment":[{"href":"https:\/\/vosgesinfo.fr\/remiremontinfo\/wp-json\/wp\/v2\/media?parent=83031"}],"wp:term":[{"taxonomy":"category","embeddable":true,"href":"https:\/\/vosgesinfo.fr\/remiremontinfo\/wp-json\/wp\/v2\/categories?post=83031"},{"taxonomy":"post_tag","embeddable":true,"href":"https:\/\/vosgesinfo.fr\/remiremontinfo\/wp-json\/wp\/v2\/tags?post=83031"}],"curies":[{"name":"wp","href":"https:\/\/api.w.org\/{rel}","templated":true}]}}