{"id":83479,"date":"2025-07-05T11:05:17","date_gmt":"2025-07-05T09:05:17","guid":{"rendered":"https:\/\/vosgesinfo.fr\/remiremontinfo\/?p=83479"},"modified":"2025-07-05T10:15:25","modified_gmt":"2025-07-05T08:15:25","slug":"remiremont-a-lhonneur-dans-les-aquarelles-de-romaric-francois","status":"publish","type":"post","link":"https:\/\/vosgesinfo.fr\/remiremontinfo\/2025\/07\/remiremont-a-lhonneur-dans-les-aquarelles-de-romaric-francois\/","title":{"rendered":"Remiremont \u00e0 l\u2019honneur dans les aquarelles de Romaric Fran\u00e7ois"},"content":{"rendered":"<div id=\"attachment_83481\" style=\"width: 2570px\" class=\"wp-caption aligncenter\"><a href=\"https:\/\/vosgesinfo.fr\/app\/uploads\/sites\/5\/2025\/07\/aquarelles-de-remiremont-et-d-ailleurs5-scaled.jpg\"><img decoding=\"async\" aria-describedby=\"caption-attachment-83481\" class=\"wp-image-83481 size-full\" src=\"https:\/\/vosgesinfo.fr\/app\/uploads\/sites\/5\/2025\/07\/aquarelles-de-remiremont-et-d-ailleurs5-scaled.jpg\" alt=\"\" width=\"2560\" height=\"1920\" srcset=\"https:\/\/vosgesinfo.fr\/app\/uploads\/sites\/5\/2025\/07\/aquarelles-de-remiremont-et-d-ailleurs5-scaled.jpg 2560w, https:\/\/vosgesinfo.fr\/app\/uploads\/sites\/5\/2025\/07\/aquarelles-de-remiremont-et-d-ailleurs5-300x225.jpg 300w, https:\/\/vosgesinfo.fr\/app\/uploads\/sites\/5\/2025\/07\/aquarelles-de-remiremont-et-d-ailleurs5-1024x768.jpg 1024w, https:\/\/vosgesinfo.fr\/app\/uploads\/sites\/5\/2025\/07\/aquarelles-de-remiremont-et-d-ailleurs5-768x576.jpg 768w, https:\/\/vosgesinfo.fr\/app\/uploads\/sites\/5\/2025\/07\/aquarelles-de-remiremont-et-d-ailleurs5-1536x1152.jpg 1536w, https:\/\/vosgesinfo.fr\/app\/uploads\/sites\/5\/2025\/07\/aquarelles-de-remiremont-et-d-ailleurs5-2048x1536.jpg 2048w\" sizes=\"(max-width: 2560px) 100vw, 2560px\" \/><\/a><p id=\"caption-attachment-83481\" class=\"wp-caption-text\">Romaric Fran\u00e7ois, \u00e0 gauche, accompagn\u00e9 d&rsquo;Aur\u00e9lien Vacheret, Jean-Beno\u00eet Tisserand et Dani\u00e8le Fischer.<\/p><\/div>\n<p data-start=\"133\" data-end=\"398\"><strong>Depuis ce 5 juillet, le mus\u00e9e Charles de Bruy\u00e8res de Remiremont accueille une exposition pleine de douceur et de souvenirs : \u00ab\u00a0Aquarelles de Remiremont et d\u2019ailleurs\u00a0\u00bb, sign\u00e9e Romaric Fran\u00e7ois, peintre et architecte originaire de la cit\u00e9 des chanoinesses.<\/strong><\/p>\n<p data-start=\"400\" data-end=\"711\">L\u2019artiste, aujourd\u2019hui expatri\u00e9, n\u2019a jamais oubli\u00e9 ses racines. Parmi les 28 aquarelles expos\u00e9es, plusieurs repr\u00e9sentent des lieux embl\u00e9matiques de Remiremont, comme la c\u00e9l\u00e8bre caisse d\u2019\u00e9pargne, un clin d\u2019\u0153il personnel puisque le b\u00e2timent fut con\u00e7u par son propre grand-p\u00e8re, architecte lui aussi.<\/p>\n<p data-start=\"713\" data-end=\"937\">Mais l\u2019exposition invite aussi au voyage : New York, Paris, la Normandie, le Cap Ferret\u2026 autant de destinations captur\u00e9es par le regard sensible et pr\u00e9cis de Romaric Fran\u00e7ois, dans un style lumineux propre \u00e0 l\u2019aquarelle.<\/p>\n<p data-start=\"939\" data-end=\"1176\">Le vernissage, qui s\u2019est tenu ce vendredi 4 juillet, s\u2019est d\u00e9roul\u00e9 en pr\u00e9sence du maire Jean-Beno\u00eet Tisserand, entour\u00e9 de plusieurs \u00e9lus municipaux venus saluer le talent local et l\u2019attachement de l\u2019artiste \u00e0 sa ville natale.<\/p>\n<p data-start=\"1178\" data-end=\"1367\">L\u2019exposition est visible jusqu\u2019au 30 ao\u00fbt au mus\u00e9e Charles de Bruy\u00e8res. Une belle occasion de d\u00e9couvrir ou red\u00e9couvrir Remiremont \u00e0 travers les yeux d\u2019un artiste du cru\u2026 et du c\u0153ur.<\/p>\n\n\t\t<style type=\"text\/css\">\n\t\t\t#gallery-1 {\n\t\t\t\tmargin: auto;\n\t\t\t}\n\t\t\t#gallery-1 .gallery-item {\n\t\t\t\tfloat: left;\n\t\t\t\tmargin-top: 10px;\n\t\t\t\ttext-align: center;\n\t\t\t\twidth: 50%;\n\t\t\t}\n\t\t\t#gallery-1 img {\n\t\t\t\tborder: 2px solid #cfcfcf;\n\t\t\t}\n\t\t\t#gallery-1 .gallery-caption {\n\t\t\t\tmargin-left: 0;\n\t\t\t}\n\t\t\t\/* see gallery_shortcode() in wp-includes\/media.php *\/\n\t\t<\/style>\n\t\t<div id='gallery-1' class='gallery galleryid-83479 gallery-columns-2 gallery-size-full'><dl class='gallery-item'>\n\t\t\t<dt class='gallery-icon landscape'>\n\t\t\t\t<a href='https:\/\/vosgesinfo.fr\/remiremontinfo\/2025\/07\/remiremont-a-lhonneur-dans-les-aquarelles-de-romaric-francois\/aquarelles-de-remiremont-et-d-ailleurs1\/'><img decoding=\"async\" width=\"2560\" height=\"1920\" src=\"https:\/\/vosgesinfo.fr\/app\/uploads\/sites\/5\/2025\/07\/aquarelles-de-remiremont-et-d-ailleurs1-scaled.jpg\" class=\"attachment-full size-full\" alt=\"\" srcset=\"https:\/\/vosgesinfo.fr\/app\/uploads\/sites\/5\/2025\/07\/aquarelles-de-remiremont-et-d-ailleurs1-scaled.jpg 2560w, https:\/\/vosgesinfo.fr\/app\/uploads\/sites\/5\/2025\/07\/aquarelles-de-remiremont-et-d-ailleurs1-300x225.jpg 300w, https:\/\/vosgesinfo.fr\/app\/uploads\/sites\/5\/2025\/07\/aquarelles-de-remiremont-et-d-ailleurs1-1024x768.jpg 1024w, https:\/\/vosgesinfo.fr\/app\/uploads\/sites\/5\/2025\/07\/aquarelles-de-remiremont-et-d-ailleurs1-768x576.jpg 768w, https:\/\/vosgesinfo.fr\/app\/uploads\/sites\/5\/2025\/07\/aquarelles-de-remiremont-et-d-ailleurs1-1536x1152.jpg 1536w, https:\/\/vosgesinfo.fr\/app\/uploads\/sites\/5\/2025\/07\/aquarelles-de-remiremont-et-d-ailleurs1-2048x1536.jpg 2048w\" sizes=\"(max-width: 2560px) 100vw, 2560px\" \/><\/a>\n\t\t\t<\/dt><\/dl><dl class='gallery-item'>\n\t\t\t<dt class='gallery-icon landscape'>\n\t\t\t\t<a href='https:\/\/vosgesinfo.fr\/remiremontinfo\/2025\/07\/remiremont-a-lhonneur-dans-les-aquarelles-de-romaric-francois\/aquarelles-de-remiremont-et-d-ailleurs3\/'><img decoding=\"async\" width=\"2560\" height=\"1920\" src=\"https:\/\/vosgesinfo.fr\/app\/uploads\/sites\/5\/2025\/07\/aquarelles-de-remiremont-et-d-ailleurs3-scaled.jpg\" class=\"attachment-full size-full\" alt=\"\" srcset=\"https:\/\/vosgesinfo.fr\/app\/uploads\/sites\/5\/2025\/07\/aquarelles-de-remiremont-et-d-ailleurs3-scaled.jpg 2560w, https:\/\/vosgesinfo.fr\/app\/uploads\/sites\/5\/2025\/07\/aquarelles-de-remiremont-et-d-ailleurs3-300x225.jpg 300w, https:\/\/vosgesinfo.fr\/app\/uploads\/sites\/5\/2025\/07\/aquarelles-de-remiremont-et-d-ailleurs3-1024x768.jpg 1024w, https:\/\/vosgesinfo.fr\/app\/uploads\/sites\/5\/2025\/07\/aquarelles-de-remiremont-et-d-ailleurs3-768x576.jpg 768w, https:\/\/vosgesinfo.fr\/app\/uploads\/sites\/5\/2025\/07\/aquarelles-de-remiremont-et-d-ailleurs3-1536x1152.jpg 1536w, https:\/\/vosgesinfo.fr\/app\/uploads\/sites\/5\/2025\/07\/aquarelles-de-remiremont-et-d-ailleurs3-2048x1536.jpg 2048w\" sizes=\"(max-width: 2560px) 100vw, 2560px\" \/><\/a>\n\t\t\t<\/dt><\/dl><br style=\"clear: both\" \/><dl class='gallery-item'>\n\t\t\t<dt class='gallery-icon landscape'>\n\t\t\t\t<a href='https:\/\/vosgesinfo.fr\/remiremontinfo\/2025\/07\/remiremont-a-lhonneur-dans-les-aquarelles-de-romaric-francois\/aquarelles-de-remiremont-et-d-ailleurs2\/'><img decoding=\"async\" width=\"2560\" height=\"1920\" src=\"https:\/\/vosgesinfo.fr\/app\/uploads\/sites\/5\/2025\/07\/aquarelles-de-remiremont-et-d-ailleurs2-scaled.jpg\" class=\"attachment-full size-full\" alt=\"\" srcset=\"https:\/\/vosgesinfo.fr\/app\/uploads\/sites\/5\/2025\/07\/aquarelles-de-remiremont-et-d-ailleurs2-scaled.jpg 2560w, https:\/\/vosgesinfo.fr\/app\/uploads\/sites\/5\/2025\/07\/aquarelles-de-remiremont-et-d-ailleurs2-300x225.jpg 300w, https:\/\/vosgesinfo.fr\/app\/uploads\/sites\/5\/2025\/07\/aquarelles-de-remiremont-et-d-ailleurs2-1024x768.jpg 1024w, https:\/\/vosgesinfo.fr\/app\/uploads\/sites\/5\/2025\/07\/aquarelles-de-remiremont-et-d-ailleurs2-768x576.jpg 768w, https:\/\/vosgesinfo.fr\/app\/uploads\/sites\/5\/2025\/07\/aquarelles-de-remiremont-et-d-ailleurs2-1536x1152.jpg 1536w, https:\/\/vosgesinfo.fr\/app\/uploads\/sites\/5\/2025\/07\/aquarelles-de-remiremont-et-d-ailleurs2-2048x1536.jpg 2048w\" sizes=\"(max-width: 2560px) 100vw, 2560px\" \/><\/a>\n\t\t\t<\/dt><\/dl><dl class='gallery-item'>\n\t\t\t<dt class='gallery-icon landscape'>\n\t\t\t\t<a href='https:\/\/vosgesinfo.fr\/remiremontinfo\/2025\/07\/remiremont-a-lhonneur-dans-les-aquarelles-de-romaric-francois\/aquarelles-de-remiremont-et-d-ailleurs4\/'><img decoding=\"async\" width=\"2560\" height=\"1920\" src=\"https:\/\/vosgesinfo.fr\/app\/uploads\/sites\/5\/2025\/07\/aquarelles-de-remiremont-et-d-ailleurs4-scaled.jpg\" class=\"attachment-full size-full\" alt=\"\" srcset=\"https:\/\/vosgesinfo.fr\/app\/uploads\/sites\/5\/2025\/07\/aquarelles-de-remiremont-et-d-ailleurs4-scaled.jpg 2560w, https:\/\/vosgesinfo.fr\/app\/uploads\/sites\/5\/2025\/07\/aquarelles-de-remiremont-et-d-ailleurs4-300x225.jpg 300w, https:\/\/vosgesinfo.fr\/app\/uploads\/sites\/5\/2025\/07\/aquarelles-de-remiremont-et-d-ailleurs4-1024x768.jpg 1024w, https:\/\/vosgesinfo.fr\/app\/uploads\/sites\/5\/2025\/07\/aquarelles-de-remiremont-et-d-ailleurs4-768x576.jpg 768w, https:\/\/vosgesinfo.fr\/app\/uploads\/sites\/5\/2025\/07\/aquarelles-de-remiremont-et-d-ailleurs4-1536x1152.jpg 1536w, https:\/\/vosgesinfo.fr\/app\/uploads\/sites\/5\/2025\/07\/aquarelles-de-remiremont-et-d-ailleurs4-2048x1536.jpg 2048w\" sizes=\"(max-width: 2560px) 100vw, 2560px\" \/><\/a>\n\t\t\t<\/dt><\/dl><br style=\"clear: both\" \/><dl class='gallery-item'>\n\t\t\t<dt class='gallery-icon landscape'>\n\t\t\t\t<a href='https:\/\/vosgesinfo.fr\/remiremontinfo\/2025\/07\/remiremont-a-lhonneur-dans-les-aquarelles-de-romaric-francois\/aquarelles-de-remiremont-et-d-ailleurs6\/'><img decoding=\"async\" width=\"2560\" height=\"1920\" src=\"https:\/\/vosgesinfo.fr\/app\/uploads\/sites\/5\/2025\/07\/aquarelles-de-remiremont-et-d-ailleurs6-scaled.jpg\" class=\"attachment-full size-full\" alt=\"\" srcset=\"https:\/\/vosgesinfo.fr\/app\/uploads\/sites\/5\/2025\/07\/aquarelles-de-remiremont-et-d-ailleurs6-scaled.jpg 2560w, https:\/\/vosgesinfo.fr\/app\/uploads\/sites\/5\/2025\/07\/aquarelles-de-remiremont-et-d-ailleurs6-300x225.jpg 300w, https:\/\/vosgesinfo.fr\/app\/uploads\/sites\/5\/2025\/07\/aquarelles-de-remiremont-et-d-ailleurs6-1024x768.jpg 1024w, https:\/\/vosgesinfo.fr\/app\/uploads\/sites\/5\/2025\/07\/aquarelles-de-remiremont-et-d-ailleurs6-768x576.jpg 768w, https:\/\/vosgesinfo.fr\/app\/uploads\/sites\/5\/2025\/07\/aquarelles-de-remiremont-et-d-ailleurs6-1536x1152.jpg 1536w, https:\/\/vosgesinfo.fr\/app\/uploads\/sites\/5\/2025\/07\/aquarelles-de-remiremont-et-d-ailleurs6-2048x1536.jpg 2048w\" sizes=\"(max-width: 2560px) 100vw, 2560px\" \/><\/a>\n\t\t\t<\/dt><\/dl>\n\t\t\t<br style='clear: both' \/>\n\t\t<\/div>\n\n","protected":false},"excerpt":{"rendered":"<p>Depuis ce 5 juillet, le mus\u00e9e Charles de Bruy\u00e8res de Remiremont accueille une exposition pleine de douceur et de souvenirs [&hellip;]<\/p>\n","protected":false},"author":418,"featured_media":83481,"comment_status":"open","ping_status":"open","sticky":false,"template":"","format":"standard","meta":{"footnotes":""},"categories":[26,229,43],"tags":[8240,839,44,8096],"class_list":["post-83479","post","type-post","status-publish","format-standard","has-post-thumbnail","hentry","category-a-la-une","category-art","category-remiremont-remiremont-son-canton","tag-aquarelles-de-remiremont-et-dailleurs","tag-musee-charles-de-bruyeres","tag-remiremont","tag-romaric-francois"],"acf":[],"yoast_head":"<!-- This site is optimized with the Yoast SEO plugin v22.5 - https:\/\/yoast.com\/wordpress\/plugins\/seo\/ -->\n<title>Remiremont \u00e0 l\u2019honneur dans les aquarelles de Romaric Fran\u00e7ois - Remiremont Info<\/title>\n<meta name=\"robots\" content=\"index, follow, max-snippet:-1, max-image-preview:large, max-video-preview:-1\" \/>\n<link rel=\"canonical\" href=\"https:\/\/vosgesinfo.fr\/remiremontinfo\/2025\/07\/remiremont-a-lhonneur-dans-les-aquarelles-de-romaric-francois\/\" \/>\n<meta name=\"twitter:card\" content=\"summary_large_image\" \/>\n<meta name=\"twitter:title\" content=\"Remiremont \u00e0 l\u2019honneur dans les aquarelles de Romaric Fran\u00e7ois - Remiremont Info\" \/>\n<meta name=\"twitter:description\" content=\"Depuis ce 5 juillet, le mus\u00e9e Charles de Bruy\u00e8res de Remiremont accueille une exposition pleine de douceur et de souvenirs [&hellip;]\" \/>\n<meta name=\"twitter:image\" content=\"https:\/\/vosgesinfo.fr\/app\/uploads\/sites\/5\/2025\/07\/aquarelles-de-remiremont-et-d-ailleurs5-scaled.jpg\" \/>\n<meta name=\"twitter:creator\" content=\"@VosgesInfo88\" \/>\n<meta name=\"twitter:site\" content=\"@VosgesInfo88\" \/>\n<meta name=\"twitter:label1\" content=\"\u00c9crit par\" \/>\n\t<meta name=\"twitter:data1\" content=\"C.M\" \/>\n\t<meta name=\"twitter:label2\" content=\"Dur\u00e9e de lecture estim\u00e9e\" \/>\n\t<meta name=\"twitter:data2\" content=\"1 minute\" \/>\n<script type=\"application\/ld+json\" class=\"yoast-schema-graph\">{\"@context\":\"https:\/\/schema.org\",\"@graph\":[{\"@type\":\"Article\",\"@id\":\"https:\/\/vosgesinfo.fr\/remiremontinfo\/2025\/07\/remiremont-a-lhonneur-dans-les-aquarelles-de-romaric-francois\/#article\",\"isPartOf\":{\"@id\":\"https:\/\/vosgesinfo.fr\/remiremontinfo\/2025\/07\/remiremont-a-lhonneur-dans-les-aquarelles-de-romaric-francois\/\"},\"author\":{\"name\":\"C.M\",\"@id\":\"https:\/\/vosgesinfo.fr\/remiremontinfo\/#\/schema\/person\/4f38cd3068e342935b7304695c797d08\"},\"headline\":\"Remiremont \u00e0 l\u2019honneur dans les aquarelles de Romaric Fran\u00e7ois\",\"datePublished\":\"2025-07-05T09:05:17+00:00\",\"dateModified\":\"2025-07-05T08:15:25+00:00\",\"mainEntityOfPage\":{\"@id\":\"https:\/\/vosgesinfo.fr\/remiremontinfo\/2025\/07\/remiremont-a-lhonneur-dans-les-aquarelles-de-romaric-francois\/\"},\"wordCount\":247,\"commentCount\":0,\"publisher\":{\"@id\":\"https:\/\/vosgesinfo.fr\/remiremontinfo\/#organization\"},\"image\":{\"@id\":\"https:\/\/vosgesinfo.fr\/remiremontinfo\/2025\/07\/remiremont-a-lhonneur-dans-les-aquarelles-de-romaric-francois\/#primaryimage\"},\"thumbnailUrl\":\"https:\/\/vosgesinfo.fr\/app\/uploads\/sites\/5\/2025\/07\/aquarelles-de-remiremont-et-d-ailleurs5-scaled.jpg\",\"keywords\":[\"Aquarelles de Remiremont et d'ailleurs\",\"Mus\u00e9e Charles de Bruy\u00e8res\",\"remiremont\",\"Romaric Fran\u00e7ois\"],\"articleSection\":[\"A la Une\",\"Art\",\"Remiremont\"],\"inLanguage\":\"fr-FR\",\"potentialAction\":[{\"@type\":\"CommentAction\",\"name\":\"Comment\",\"target\":[\"https:\/\/vosgesinfo.fr\/remiremontinfo\/2025\/07\/remiremont-a-lhonneur-dans-les-aquarelles-de-romaric-francois\/#respond\"]}]},{\"@type\":\"WebPage\",\"@id\":\"https:\/\/vosgesinfo.fr\/remiremontinfo\/2025\/07\/remiremont-a-lhonneur-dans-les-aquarelles-de-romaric-francois\/\",\"url\":\"https:\/\/vosgesinfo.fr\/remiremontinfo\/2025\/07\/remiremont-a-lhonneur-dans-les-aquarelles-de-romaric-francois\/\",\"name\":\"Remiremont \u00e0 l\u2019honneur dans les aquarelles de Romaric Fran\u00e7ois - Remiremont Info\",\"isPartOf\":{\"@id\":\"https:\/\/vosgesinfo.fr\/remiremontinfo\/#website\"},\"primaryImageOfPage\":{\"@id\":\"https:\/\/vosgesinfo.fr\/remiremontinfo\/2025\/07\/remiremont-a-lhonneur-dans-les-aquarelles-de-romaric-francois\/#primaryimage\"},\"image\":{\"@id\":\"https:\/\/vosgesinfo.fr\/remiremontinfo\/2025\/07\/remiremont-a-lhonneur-dans-les-aquarelles-de-romaric-francois\/#primaryimage\"},\"thumbnailUrl\":\"https:\/\/vosgesinfo.fr\/app\/uploads\/sites\/5\/2025\/07\/aquarelles-de-remiremont-et-d-ailleurs5-scaled.jpg\",\"datePublished\":\"2025-07-05T09:05:17+00:00\",\"dateModified\":\"2025-07-05T08:15:25+00:00\",\"breadcrumb\":{\"@id\":\"https:\/\/vosgesinfo.fr\/remiremontinfo\/2025\/07\/remiremont-a-lhonneur-dans-les-aquarelles-de-romaric-francois\/#breadcrumb\"},\"inLanguage\":\"fr-FR\",\"potentialAction\":[{\"@type\":\"ReadAction\",\"target\":[\"https:\/\/vosgesinfo.fr\/remiremontinfo\/2025\/07\/remiremont-a-lhonneur-dans-les-aquarelles-de-romaric-francois\/\"]}]},{\"@type\":\"ImageObject\",\"inLanguage\":\"fr-FR\",\"@id\":\"https:\/\/vosgesinfo.fr\/remiremontinfo\/2025\/07\/remiremont-a-lhonneur-dans-les-aquarelles-de-romaric-francois\/#primaryimage\",\"url\":\"https:\/\/vosgesinfo.fr\/app\/uploads\/sites\/5\/2025\/07\/aquarelles-de-remiremont-et-d-ailleurs5-scaled.jpg\",\"contentUrl\":\"https:\/\/vosgesinfo.fr\/app\/uploads\/sites\/5\/2025\/07\/aquarelles-de-remiremont-et-d-ailleurs5-scaled.jpg\",\"width\":2560,\"height\":1920,\"caption\":\"Romaric Fran\u00e7ois, \u00e0 gauche, accompagn\u00e9 d'Aur\u00e9lien Vacheret, Jean-Beno\u00eet Tisserand et Dani\u00e8le Fischer.\"},{\"@type\":\"BreadcrumbList\",\"@id\":\"https:\/\/vosgesinfo.fr\/remiremontinfo\/2025\/07\/remiremont-a-lhonneur-dans-les-aquarelles-de-romaric-francois\/#breadcrumb\",\"itemListElement\":[{\"@type\":\"ListItem\",\"position\":1,\"name\":\"Home\",\"item\":\"https:\/\/vosgesinfo.fr\/remiremontinfo\/\"},{\"@type\":\"ListItem\",\"position\":2,\"name\":\"Remiremont \u00e0 l\u2019honneur dans les aquarelles de Romaric Fran\u00e7ois\"}]},{\"@type\":\"WebSite\",\"@id\":\"https:\/\/vosgesinfo.fr\/remiremontinfo\/#website\",\"url\":\"https:\/\/vosgesinfo.fr\/remiremontinfo\/\",\"name\":\"Remiremont Info\",\"description\":\"Toute l&#039;actualit\u00e9 de Remiremont\",\"publisher\":{\"@id\":\"https:\/\/vosgesinfo.fr\/remiremontinfo\/#organization\"},\"alternateName\":\"Toute l'actualit\u00e9 de Remiremont\",\"potentialAction\":[{\"@type\":\"SearchAction\",\"target\":{\"@type\":\"EntryPoint\",\"urlTemplate\":\"https:\/\/vosgesinfo.fr\/remiremontinfo\/?s={search_term_string}\"},\"query-input\":\"required name=search_term_string\"}],\"inLanguage\":\"fr-FR\"},{\"@type\":\"Organization\",\"@id\":\"https:\/\/vosgesinfo.fr\/remiremontinfo\/#organization\",\"name\":\"Remiremont Info\",\"url\":\"https:\/\/vosgesinfo.fr\/remiremontinfo\/\",\"logo\":{\"@type\":\"ImageObject\",\"inLanguage\":\"fr-FR\",\"@id\":\"https:\/\/vosgesinfo.fr\/remiremontinfo\/#\/schema\/logo\/image\/\",\"url\":\"https:\/\/vosgesinfo.fr\/app\/uploads\/sites\/5\/2023\/08\/favicon-remiremontinfo.png\",\"contentUrl\":\"https:\/\/vosgesinfo.fr\/app\/uploads\/sites\/5\/2023\/08\/favicon-remiremontinfo.png\",\"width\":512,\"height\":512,\"caption\":\"Remiremont Info\"},\"image\":{\"@id\":\"https:\/\/vosgesinfo.fr\/remiremontinfo\/#\/schema\/logo\/image\/\"},\"sameAs\":[\"https:\/\/www.facebook.com\/remiremontinfo\",\"https:\/\/x.com\/VosgesInfo88\",\"https:\/\/www.youtube.com\/@vosgesinfo\"]},{\"@type\":\"Person\",\"@id\":\"https:\/\/vosgesinfo.fr\/remiremontinfo\/#\/schema\/person\/4f38cd3068e342935b7304695c797d08\",\"name\":\"C.M\",\"image\":{\"@type\":\"ImageObject\",\"inLanguage\":\"fr-FR\",\"@id\":\"https:\/\/vosgesinfo.fr\/remiremontinfo\/#\/schema\/person\/image\/\",\"url\":\"https:\/\/secure.gravatar.com\/avatar\/fe9daaef0164d920717484172682f3c5c9bcf7d42aa8c7048c76c34f0eb6c8da?s=96&d=mm&r=g\",\"contentUrl\":\"https:\/\/secure.gravatar.com\/avatar\/fe9daaef0164d920717484172682f3c5c9bcf7d42aa8c7048c76c34f0eb6c8da?s=96&d=mm&r=g\",\"caption\":\"C.M\"},\"url\":\"https:\/\/vosgesinfo.fr\/remiremontinfo\/author\/cm88200\/\"}]}<\/script>\n<!-- \/ Yoast SEO plugin. -->","yoast_head_json":{"title":"Remiremont \u00e0 l\u2019honneur dans les aquarelles de Romaric Fran\u00e7ois - Remiremont Info","robots":{"index":"index","follow":"follow","max-snippet":"max-snippet:-1","max-image-preview":"max-image-preview:large","max-video-preview":"max-video-preview:-1"},"canonical":"https:\/\/vosgesinfo.fr\/remiremontinfo\/2025\/07\/remiremont-a-lhonneur-dans-les-aquarelles-de-romaric-francois\/","twitter_card":"summary_large_image","twitter_title":"Remiremont \u00e0 l\u2019honneur dans les aquarelles de Romaric Fran\u00e7ois - Remiremont Info","twitter_description":"Depuis ce 5 juillet, le mus\u00e9e Charles de Bruy\u00e8res de Remiremont accueille une exposition pleine de douceur et de souvenirs [&hellip;]","twitter_image":"https:\/\/vosgesinfo.fr\/app\/uploads\/sites\/5\/2025\/07\/aquarelles-de-remiremont-et-d-ailleurs5-scaled.jpg","twitter_creator":"@VosgesInfo88","twitter_site":"@VosgesInfo88","twitter_misc":{"\u00c9crit par":"C.M","Dur\u00e9e de lecture estim\u00e9e":"1 minute"},"schema":{"@context":"https:\/\/schema.org","@graph":[{"@type":"Article","@id":"https:\/\/vosgesinfo.fr\/remiremontinfo\/2025\/07\/remiremont-a-lhonneur-dans-les-aquarelles-de-romaric-francois\/#article","isPartOf":{"@id":"https:\/\/vosgesinfo.fr\/remiremontinfo\/2025\/07\/remiremont-a-lhonneur-dans-les-aquarelles-de-romaric-francois\/"},"author":{"name":"C.M","@id":"https:\/\/vosgesinfo.fr\/remiremontinfo\/#\/schema\/person\/4f38cd3068e342935b7304695c797d08"},"headline":"Remiremont \u00e0 l\u2019honneur dans les aquarelles de Romaric Fran\u00e7ois","datePublished":"2025-07-05T09:05:17+00:00","dateModified":"2025-07-05T08:15:25+00:00","mainEntityOfPage":{"@id":"https:\/\/vosgesinfo.fr\/remiremontinfo\/2025\/07\/remiremont-a-lhonneur-dans-les-aquarelles-de-romaric-francois\/"},"wordCount":247,"commentCount":0,"publisher":{"@id":"https:\/\/vosgesinfo.fr\/remiremontinfo\/#organization"},"image":{"@id":"https:\/\/vosgesinfo.fr\/remiremontinfo\/2025\/07\/remiremont-a-lhonneur-dans-les-aquarelles-de-romaric-francois\/#primaryimage"},"thumbnailUrl":"https:\/\/vosgesinfo.fr\/app\/uploads\/sites\/5\/2025\/07\/aquarelles-de-remiremont-et-d-ailleurs5-scaled.jpg","keywords":["Aquarelles de Remiremont et d'ailleurs","Mus\u00e9e Charles de Bruy\u00e8res","remiremont","Romaric Fran\u00e7ois"],"articleSection":["A la Une","Art","Remiremont"],"inLanguage":"fr-FR","potentialAction":[{"@type":"CommentAction","name":"Comment","target":["https:\/\/vosgesinfo.fr\/remiremontinfo\/2025\/07\/remiremont-a-lhonneur-dans-les-aquarelles-de-romaric-francois\/#respond"]}]},{"@type":"WebPage","@id":"https:\/\/vosgesinfo.fr\/remiremontinfo\/2025\/07\/remiremont-a-lhonneur-dans-les-aquarelles-de-romaric-francois\/","url":"https:\/\/vosgesinfo.fr\/remiremontinfo\/2025\/07\/remiremont-a-lhonneur-dans-les-aquarelles-de-romaric-francois\/","name":"Remiremont \u00e0 l\u2019honneur dans les aquarelles de Romaric Fran\u00e7ois - Remiremont Info","isPartOf":{"@id":"https:\/\/vosgesinfo.fr\/remiremontinfo\/#website"},"primaryImageOfPage":{"@id":"https:\/\/vosgesinfo.fr\/remiremontinfo\/2025\/07\/remiremont-a-lhonneur-dans-les-aquarelles-de-romaric-francois\/#primaryimage"},"image":{"@id":"https:\/\/vosgesinfo.fr\/remiremontinfo\/2025\/07\/remiremont-a-lhonneur-dans-les-aquarelles-de-romaric-francois\/#primaryimage"},"thumbnailUrl":"https:\/\/vosgesinfo.fr\/app\/uploads\/sites\/5\/2025\/07\/aquarelles-de-remiremont-et-d-ailleurs5-scaled.jpg","datePublished":"2025-07-05T09:05:17+00:00","dateModified":"2025-07-05T08:15:25+00:00","breadcrumb":{"@id":"https:\/\/vosgesinfo.fr\/remiremontinfo\/2025\/07\/remiremont-a-lhonneur-dans-les-aquarelles-de-romaric-francois\/#breadcrumb"},"inLanguage":"fr-FR","potentialAction":[{"@type":"ReadAction","target":["https:\/\/vosgesinfo.fr\/remiremontinfo\/2025\/07\/remiremont-a-lhonneur-dans-les-aquarelles-de-romaric-francois\/"]}]},{"@type":"ImageObject","inLanguage":"fr-FR","@id":"https:\/\/vosgesinfo.fr\/remiremontinfo\/2025\/07\/remiremont-a-lhonneur-dans-les-aquarelles-de-romaric-francois\/#primaryimage","url":"https:\/\/vosgesinfo.fr\/app\/uploads\/sites\/5\/2025\/07\/aquarelles-de-remiremont-et-d-ailleurs5-scaled.jpg","contentUrl":"https:\/\/vosgesinfo.fr\/app\/uploads\/sites\/5\/2025\/07\/aquarelles-de-remiremont-et-d-ailleurs5-scaled.jpg","width":2560,"height":1920,"caption":"Romaric Fran\u00e7ois, \u00e0 gauche, accompagn\u00e9 d'Aur\u00e9lien Vacheret, Jean-Beno\u00eet Tisserand et Dani\u00e8le Fischer."},{"@type":"BreadcrumbList","@id":"https:\/\/vosgesinfo.fr\/remiremontinfo\/2025\/07\/remiremont-a-lhonneur-dans-les-aquarelles-de-romaric-francois\/#breadcrumb","itemListElement":[{"@type":"ListItem","position":1,"name":"Home","item":"https:\/\/vosgesinfo.fr\/remiremontinfo\/"},{"@type":"ListItem","position":2,"name":"Remiremont \u00e0 l\u2019honneur dans les aquarelles de Romaric Fran\u00e7ois"}]},{"@type":"WebSite","@id":"https:\/\/vosgesinfo.fr\/remiremontinfo\/#website","url":"https:\/\/vosgesinfo.fr\/remiremontinfo\/","name":"Remiremont Info","description":"Toute l&#039;actualit\u00e9 de Remiremont","publisher":{"@id":"https:\/\/vosgesinfo.fr\/remiremontinfo\/#organization"},"alternateName":"Toute l'actualit\u00e9 de Remiremont","potentialAction":[{"@type":"SearchAction","target":{"@type":"EntryPoint","urlTemplate":"https:\/\/vosgesinfo.fr\/remiremontinfo\/?s={search_term_string}"},"query-input":"required name=search_term_string"}],"inLanguage":"fr-FR"},{"@type":"Organization","@id":"https:\/\/vosgesinfo.fr\/remiremontinfo\/#organization","name":"Remiremont Info","url":"https:\/\/vosgesinfo.fr\/remiremontinfo\/","logo":{"@type":"ImageObject","inLanguage":"fr-FR","@id":"https:\/\/vosgesinfo.fr\/remiremontinfo\/#\/schema\/logo\/image\/","url":"https:\/\/vosgesinfo.fr\/app\/uploads\/sites\/5\/2023\/08\/favicon-remiremontinfo.png","contentUrl":"https:\/\/vosgesinfo.fr\/app\/uploads\/sites\/5\/2023\/08\/favicon-remiremontinfo.png","width":512,"height":512,"caption":"Remiremont Info"},"image":{"@id":"https:\/\/vosgesinfo.fr\/remiremontinfo\/#\/schema\/logo\/image\/"},"sameAs":["https:\/\/www.facebook.com\/remiremontinfo","https:\/\/x.com\/VosgesInfo88","https:\/\/www.youtube.com\/@vosgesinfo"]},{"@type":"Person","@id":"https:\/\/vosgesinfo.fr\/remiremontinfo\/#\/schema\/person\/4f38cd3068e342935b7304695c797d08","name":"C.M","image":{"@type":"ImageObject","inLanguage":"fr-FR","@id":"https:\/\/vosgesinfo.fr\/remiremontinfo\/#\/schema\/person\/image\/","url":"https:\/\/secure.gravatar.com\/avatar\/fe9daaef0164d920717484172682f3c5c9bcf7d42aa8c7048c76c34f0eb6c8da?s=96&d=mm&r=g","contentUrl":"https:\/\/secure.gravatar.com\/avatar\/fe9daaef0164d920717484172682f3c5c9bcf7d42aa8c7048c76c34f0eb6c8da?s=96&d=mm&r=g","caption":"C.M"},"url":"https:\/\/vosgesinfo.fr\/remiremontinfo\/author\/cm88200\/"}]}},"_links":{"self":[{"href":"https:\/\/vosgesinfo.fr\/remiremontinfo\/wp-json\/wp\/v2\/posts\/83479","targetHints":{"allow":["GET"]}}],"collection":[{"href":"https:\/\/vosgesinfo.fr\/remiremontinfo\/wp-json\/wp\/v2\/posts"}],"about":[{"href":"https:\/\/vosgesinfo.fr\/remiremontinfo\/wp-json\/wp\/v2\/types\/post"}],"author":[{"embeddable":true,"href":"https:\/\/vosgesinfo.fr\/remiremontinfo\/wp-json\/wp\/v2\/users\/418"}],"replies":[{"embeddable":true,"href":"https:\/\/vosgesinfo.fr\/remiremontinfo\/wp-json\/wp\/v2\/comments?post=83479"}],"version-history":[{"count":1,"href":"https:\/\/vosgesinfo.fr\/remiremontinfo\/wp-json\/wp\/v2\/posts\/83479\/revisions"}],"predecessor-version":[{"id":83486,"href":"https:\/\/vosgesinfo.fr\/remiremontinfo\/wp-json\/wp\/v2\/posts\/83479\/revisions\/83486"}],"wp:featuredmedia":[{"embeddable":true,"href":"https:\/\/vosgesinfo.fr\/remiremontinfo\/wp-json\/wp\/v2\/media\/83481"}],"wp:attachment":[{"href":"https:\/\/vosgesinfo.fr\/remiremontinfo\/wp-json\/wp\/v2\/media?parent=83479"}],"wp:term":[{"taxonomy":"category","embeddable":true,"href":"https:\/\/vosgesinfo.fr\/remiremontinfo\/wp-json\/wp\/v2\/categories?post=83479"},{"taxonomy":"post_tag","embeddable":true,"href":"https:\/\/vosgesinfo.fr\/remiremontinfo\/wp-json\/wp\/v2\/tags?post=83479"}],"curies":[{"name":"wp","href":"https:\/\/api.w.org\/{rel}","templated":true}]}}