{"id":83487,"date":"2025-07-05T12:00:05","date_gmt":"2025-07-05T10:00:05","guid":{"rendered":"https:\/\/vosgesinfo.fr\/remiremontinfo\/?p=83487"},"modified":"2025-07-05T10:37:12","modified_gmt":"2025-07-05T08:37:12","slug":"un-food-truck-de-tartes-flambees-aux-saveurs-vosgiennes-sillonnera-la-region","status":"publish","type":"post","link":"https:\/\/vosgesinfo.fr\/remiremontinfo\/2025\/07\/un-food-truck-de-tartes-flambees-aux-saveurs-vosgiennes-sillonnera-la-region\/","title":{"rendered":"Un food-truck de tartes flamb\u00e9es aux saveurs vosgiennes sillonnera la r\u00e9gion !"},"content":{"rendered":"<p data-start=\"180\" data-end=\"494\"><a href=\"https:\/\/vosgesinfo.fr\/app\/uploads\/sites\/5\/2025\/07\/1000016682-1.png\"><img decoding=\"async\" class=\"aligncenter wp-image-83491 size-full\" src=\"https:\/\/vosgesinfo.fr\/app\/uploads\/sites\/5\/2025\/07\/1000016682-1.png\" alt=\"\" width=\"1069\" height=\"607\" srcset=\"https:\/\/vosgesinfo.fr\/app\/uploads\/sites\/5\/2025\/07\/1000016682-1.png 1069w, https:\/\/vosgesinfo.fr\/app\/uploads\/sites\/5\/2025\/07\/1000016682-1-300x170.png 300w, https:\/\/vosgesinfo.fr\/app\/uploads\/sites\/5\/2025\/07\/1000016682-1-1024x581.png 1024w, https:\/\/vosgesinfo.fr\/app\/uploads\/sites\/5\/2025\/07\/1000016682-1-768x436.png 768w\" sizes=\"(max-width: 1069px) 100vw, 1069px\" \/><\/a><\/p>\n<p data-start=\"180\" data-end=\"494\"><strong>Un vent de gourmandise va souffler entre Remiremont, G\u00e9rardmer et La Bresse cet \u00e9t\u00e9 avec le lancement d\u2019un nouveau food-truck de tartes flamb\u00e9es. Aux commandes de cette aventure : Julien, Alsacien, et Julie, Vosgienne. Un couple passionn\u00e9 de bonne cuisine, de produits de qualit\u00e9\u2026 et de flammekueches !<\/strong><\/p>\n<p data-start=\"496\" data-end=\"789\">Tout est n\u00e9 d\u2019un constat simple : aucun endroit ne proposait une vraie bonne tarte flamb\u00e9e dans les environs pour passer un moment convivial. Alors, ils ont d\u00e9cid\u00e9 de cr\u00e9er leur propre food-truck, avec l\u2019envie de marier la tradition alsacienne aux richesses du terroir vosgien.<\/p>\n<p data-start=\"791\" data-end=\"1089\">Leur concept : revisiter la flammekueche en version locale, avec des produits issus directement des fermes et ateliers vosgiens. Charcuterie artisanale, fromages locaux, viandes de qualit\u00e9, bi\u00e8res et boissons aux petits fruits\u2026 tout est pens\u00e9 pour mettre en valeur les producteurs de la r\u00e9gion.<\/p>\n<p data-start=\"1091\" data-end=\"1116\">\ud83d\udccd O\u00f9 les retrouver ?<\/p>\n<ul data-start=\"1118\" data-end=\"1242\">\n<li data-start=\"1118\" data-end=\"1171\">\n<p data-start=\"1120\" data-end=\"1171\">Mardi soir \u00e0 Saint-Nabord (Falli\u00e8res, au stade)<\/p>\n<\/li>\n<li data-start=\"1172\" data-end=\"1213\">\n<p data-start=\"1174\" data-end=\"1213\">Mercredi soir \u00e0 Saint-Nabord (Gare)<\/p>\n<\/li>\n<li data-start=\"1214\" data-end=\"1242\">\n<p data-start=\"1216\" data-end=\"1242\">Jeudi soir au Syndicat<\/p>\n<\/li>\n<\/ul>\n<p data-start=\"1244\" data-end=\"1495\">Avec leur food-truck chaleureux, Julie et Julien vous invitent \u00e0 d\u00e9couvrir une exp\u00e9rience culinaire authentique et conviviale, sur fond de tartes flamb\u00e9es dor\u00e9es et croustillantes. Une belle fa\u00e7on de red\u00e9couvrir un classique\u2026 \u00e0 la mode vosgienne !<\/p>\n\n\t\t<style type=\"text\/css\">\n\t\t\t#gallery-1 {\n\t\t\t\tmargin: auto;\n\t\t\t}\n\t\t\t#gallery-1 .gallery-item {\n\t\t\t\tfloat: left;\n\t\t\t\tmargin-top: 10px;\n\t\t\t\ttext-align: center;\n\t\t\t\twidth: 33%;\n\t\t\t}\n\t\t\t#gallery-1 img {\n\t\t\t\tborder: 2px solid #cfcfcf;\n\t\t\t}\n\t\t\t#gallery-1 .gallery-caption {\n\t\t\t\tmargin-left: 0;\n\t\t\t}\n\t\t\t\/* see gallery_shortcode() in wp-includes\/media.php *\/\n\t\t<\/style>\n\t\t<div id='gallery-1' class='gallery galleryid-83487 gallery-columns-3 gallery-size-full'><dl class='gallery-item'>\n\t\t\t<dt class='gallery-icon portrait'>\n\t\t\t\t<a href='https:\/\/vosgesinfo.fr\/remiremontinfo\/2025\/07\/un-food-truck-de-tartes-flambees-aux-saveurs-vosgiennes-sillonnera-la-region\/attachment\/1000016746\/'><img decoding=\"async\" width=\"1080\" height=\"1346\" src=\"https:\/\/vosgesinfo.fr\/app\/uploads\/sites\/5\/2025\/07\/1000016746.jpg\" class=\"attachment-full size-full\" alt=\"\" srcset=\"https:\/\/vosgesinfo.fr\/app\/uploads\/sites\/5\/2025\/07\/1000016746.jpg 1080w, https:\/\/vosgesinfo.fr\/app\/uploads\/sites\/5\/2025\/07\/1000016746-241x300.jpg 241w, https:\/\/vosgesinfo.fr\/app\/uploads\/sites\/5\/2025\/07\/1000016746-822x1024.jpg 822w, https:\/\/vosgesinfo.fr\/app\/uploads\/sites\/5\/2025\/07\/1000016746-768x957.jpg 768w\" sizes=\"(max-width: 1080px) 100vw, 1080px\" \/><\/a>\n\t\t\t<\/dt><\/dl><dl class='gallery-item'>\n\t\t\t<dt class='gallery-icon portrait'>\n\t\t\t\t<a href='https:\/\/vosgesinfo.fr\/remiremontinfo\/2025\/07\/un-food-truck-de-tartes-flambees-aux-saveurs-vosgiennes-sillonnera-la-region\/attachment\/1000016750\/'><img decoding=\"async\" width=\"1080\" height=\"1453\" src=\"https:\/\/vosgesinfo.fr\/app\/uploads\/sites\/5\/2025\/07\/1000016750.jpg\" class=\"attachment-full size-full\" alt=\"\" srcset=\"https:\/\/vosgesinfo.fr\/app\/uploads\/sites\/5\/2025\/07\/1000016750.jpg 1080w, https:\/\/vosgesinfo.fr\/app\/uploads\/sites\/5\/2025\/07\/1000016750-223x300.jpg 223w, https:\/\/vosgesinfo.fr\/app\/uploads\/sites\/5\/2025\/07\/1000016750-761x1024.jpg 761w, https:\/\/vosgesinfo.fr\/app\/uploads\/sites\/5\/2025\/07\/1000016750-768x1033.jpg 768w\" sizes=\"(max-width: 1080px) 100vw, 1080px\" \/><\/a>\n\t\t\t<\/dt><\/dl><dl class='gallery-item'>\n\t\t\t<dt class='gallery-icon portrait'>\n\t\t\t\t<a href='https:\/\/vosgesinfo.fr\/remiremontinfo\/2025\/07\/un-food-truck-de-tartes-flambees-aux-saveurs-vosgiennes-sillonnera-la-region\/attachment\/1000016748\/'><img decoding=\"async\" width=\"1080\" height=\"1396\" src=\"https:\/\/vosgesinfo.fr\/app\/uploads\/sites\/5\/2025\/07\/1000016748.jpg\" class=\"attachment-full size-full\" alt=\"\" srcset=\"https:\/\/vosgesinfo.fr\/app\/uploads\/sites\/5\/2025\/07\/1000016748.jpg 1080w, https:\/\/vosgesinfo.fr\/app\/uploads\/sites\/5\/2025\/07\/1000016748-232x300.jpg 232w, https:\/\/vosgesinfo.fr\/app\/uploads\/sites\/5\/2025\/07\/1000016748-792x1024.jpg 792w, https:\/\/vosgesinfo.fr\/app\/uploads\/sites\/5\/2025\/07\/1000016748-768x993.jpg 768w\" sizes=\"(max-width: 1080px) 100vw, 1080px\" \/><\/a>\n\t\t\t<\/dt><\/dl><br style=\"clear: both\" \/><dl class='gallery-item'>\n\t\t\t<dt class='gallery-icon portrait'>\n\t\t\t\t<a href='https:\/\/vosgesinfo.fr\/remiremontinfo\/2025\/07\/un-food-truck-de-tartes-flambees-aux-saveurs-vosgiennes-sillonnera-la-region\/numarisation_20250704-2-copie\/'><img decoding=\"async\" width=\"1862\" height=\"2560\" src=\"https:\/\/vosgesinfo.fr\/app\/uploads\/sites\/5\/2025\/07\/numa\u00a9risation-20250704-2-copie-scaled.jpg\" class=\"attachment-full size-full\" alt=\"\" srcset=\"https:\/\/vosgesinfo.fr\/app\/uploads\/sites\/5\/2025\/07\/numa\u00a9risation-20250704-2-copie-scaled.jpg 1862w, https:\/\/vosgesinfo.fr\/app\/uploads\/sites\/5\/2025\/07\/numa\u00a9risation-20250704-2-copie-218x300.jpg 218w, https:\/\/vosgesinfo.fr\/app\/uploads\/sites\/5\/2025\/07\/numa\u00a9risation-20250704-2-copie-745x1024.jpg 745w, https:\/\/vosgesinfo.fr\/app\/uploads\/sites\/5\/2025\/07\/numa\u00a9risation-20250704-2-copie-768x1056.jpg 768w, https:\/\/vosgesinfo.fr\/app\/uploads\/sites\/5\/2025\/07\/numa\u00a9risation-20250704-2-copie-1117x1536.jpg 1117w, https:\/\/vosgesinfo.fr\/app\/uploads\/sites\/5\/2025\/07\/numa\u00a9risation-20250704-2-copie-1490x2048.jpg 1490w\" sizes=\"(max-width: 1862px) 100vw, 1862px\" \/><\/a>\n\t\t\t<\/dt><\/dl><dl class='gallery-item'>\n\t\t\t<dt class='gallery-icon landscape'>\n\t\t\t\t<a href='https:\/\/vosgesinfo.fr\/remiremontinfo\/2025\/07\/un-food-truck-de-tartes-flambees-aux-saveurs-vosgiennes-sillonnera-la-region\/deplient-297x210-rv-2\/'><img decoding=\"async\" width=\"1778\" height=\"1264\" src=\"https:\/\/vosgesinfo.fr\/app\/uploads\/sites\/5\/2025\/07\/depliant-297x210-rv-01-copie-copie.jpg\" class=\"attachment-full size-full\" alt=\"\" srcset=\"https:\/\/vosgesinfo.fr\/app\/uploads\/sites\/5\/2025\/07\/depliant-297x210-rv-01-copie-copie.jpg 1778w, https:\/\/vosgesinfo.fr\/app\/uploads\/sites\/5\/2025\/07\/depliant-297x210-rv-01-copie-copie-300x213.jpg 300w, https:\/\/vosgesinfo.fr\/app\/uploads\/sites\/5\/2025\/07\/depliant-297x210-rv-01-copie-copie-1024x728.jpg 1024w, https:\/\/vosgesinfo.fr\/app\/uploads\/sites\/5\/2025\/07\/depliant-297x210-rv-01-copie-copie-768x546.jpg 768w, https:\/\/vosgesinfo.fr\/app\/uploads\/sites\/5\/2025\/07\/depliant-297x210-rv-01-copie-copie-1536x1092.jpg 1536w\" sizes=\"(max-width: 1778px) 100vw, 1778px\" \/><\/a>\n\t\t\t<\/dt><\/dl><dl class='gallery-item'>\n\t\t\t<dt class='gallery-icon landscape'>\n\t\t\t\t<a href='https:\/\/vosgesinfo.fr\/remiremontinfo\/2025\/07\/un-food-truck-de-tartes-flambees-aux-saveurs-vosgiennes-sillonnera-la-region\/deplient-297x210-rv\/'><img decoding=\"async\" width=\"1778\" height=\"1264\" src=\"https:\/\/vosgesinfo.fr\/app\/uploads\/sites\/5\/2025\/07\/depliant-297x210-rv-02-copie.jpg\" class=\"attachment-full size-full\" alt=\"\" srcset=\"https:\/\/vosgesinfo.fr\/app\/uploads\/sites\/5\/2025\/07\/depliant-297x210-rv-02-copie.jpg 1778w, https:\/\/vosgesinfo.fr\/app\/uploads\/sites\/5\/2025\/07\/depliant-297x210-rv-02-copie-300x213.jpg 300w, https:\/\/vosgesinfo.fr\/app\/uploads\/sites\/5\/2025\/07\/depliant-297x210-rv-02-copie-1024x728.jpg 1024w, https:\/\/vosgesinfo.fr\/app\/uploads\/sites\/5\/2025\/07\/depliant-297x210-rv-02-copie-768x546.jpg 768w, https:\/\/vosgesinfo.fr\/app\/uploads\/sites\/5\/2025\/07\/depliant-297x210-rv-02-copie-1536x1092.jpg 1536w\" sizes=\"(max-width: 1778px) 100vw, 1778px\" \/><\/a>\n\t\t\t<\/dt><\/dl><br style=\"clear: both\" \/>\n\t\t<\/div>\n\n","protected":false},"excerpt":{"rendered":"<p>Un vent de gourmandise va souffler entre Remiremont, G\u00e9rardmer et La Bresse cet \u00e9t\u00e9 avec le lancement d\u2019un nouveau food-truck [&hellip;]<\/p>\n","protected":false},"author":418,"featured_media":83491,"comment_status":"open","ping_status":"open","sticky":false,"template":"","format":"standard","meta":{"footnotes":""},"categories":[26,1547,43],"tags":[6377,8241],"class_list":["post-83487","post","type-post","status-publish","format-standard","has-post-thumbnail","hentry","category-a-la-une","category-gerardmer-2","category-remiremont-remiremont-son-canton","tag-food-truck","tag-tartes-flambees"],"acf":[],"yoast_head":"<!-- This site is optimized with the Yoast SEO plugin v22.5 - https:\/\/yoast.com\/wordpress\/plugins\/seo\/ -->\n<title>Un food-truck de tartes flamb\u00e9es aux saveurs vosgiennes sillonnera la r\u00e9gion ! - Remiremont Info<\/title>\n<meta name=\"robots\" content=\"index, follow, max-snippet:-1, max-image-preview:large, max-video-preview:-1\" \/>\n<link rel=\"canonical\" href=\"https:\/\/vosgesinfo.fr\/remiremontinfo\/2025\/07\/un-food-truck-de-tartes-flambees-aux-saveurs-vosgiennes-sillonnera-la-region\/\" \/>\n<meta name=\"twitter:card\" content=\"summary_large_image\" \/>\n<meta name=\"twitter:title\" content=\"Un food-truck de tartes flamb\u00e9es aux saveurs vosgiennes sillonnera la r\u00e9gion ! - Remiremont Info\" \/>\n<meta name=\"twitter:description\" content=\"Un vent de gourmandise va souffler entre Remiremont, G\u00e9rardmer et La Bresse cet \u00e9t\u00e9 avec le lancement d\u2019un nouveau food-truck [&hellip;]\" \/>\n<meta name=\"twitter:image\" content=\"https:\/\/vosgesinfo.fr\/app\/uploads\/sites\/5\/2025\/07\/1000016682-1.png\" \/>\n<meta name=\"twitter:creator\" content=\"@VosgesInfo88\" \/>\n<meta name=\"twitter:site\" content=\"@VosgesInfo88\" \/>\n<meta name=\"twitter:label1\" content=\"\u00c9crit par\" \/>\n\t<meta name=\"twitter:data1\" content=\"C.M\" \/>\n\t<meta name=\"twitter:label2\" content=\"Dur\u00e9e de lecture estim\u00e9e\" \/>\n\t<meta name=\"twitter:data2\" content=\"1 minute\" \/>\n<script type=\"application\/ld+json\" class=\"yoast-schema-graph\">{\"@context\":\"https:\/\/schema.org\",\"@graph\":[{\"@type\":\"Article\",\"@id\":\"https:\/\/vosgesinfo.fr\/remiremontinfo\/2025\/07\/un-food-truck-de-tartes-flambees-aux-saveurs-vosgiennes-sillonnera-la-region\/#article\",\"isPartOf\":{\"@id\":\"https:\/\/vosgesinfo.fr\/remiremontinfo\/2025\/07\/un-food-truck-de-tartes-flambees-aux-saveurs-vosgiennes-sillonnera-la-region\/\"},\"author\":{\"name\":\"C.M\",\"@id\":\"https:\/\/vosgesinfo.fr\/remiremontinfo\/#\/schema\/person\/4f38cd3068e342935b7304695c797d08\"},\"headline\":\"Un food-truck de tartes flamb\u00e9es aux saveurs vosgiennes sillonnera la r\u00e9gion !\",\"datePublished\":\"2025-07-05T10:00:05+00:00\",\"dateModified\":\"2025-07-05T08:37:12+00:00\",\"mainEntityOfPage\":{\"@id\":\"https:\/\/vosgesinfo.fr\/remiremontinfo\/2025\/07\/un-food-truck-de-tartes-flambees-aux-saveurs-vosgiennes-sillonnera-la-region\/\"},\"wordCount\":218,\"commentCount\":0,\"publisher\":{\"@id\":\"https:\/\/vosgesinfo.fr\/remiremontinfo\/#organization\"},\"image\":{\"@id\":\"https:\/\/vosgesinfo.fr\/remiremontinfo\/2025\/07\/un-food-truck-de-tartes-flambees-aux-saveurs-vosgiennes-sillonnera-la-region\/#primaryimage\"},\"thumbnailUrl\":\"https:\/\/vosgesinfo.fr\/app\/uploads\/sites\/5\/2025\/07\/1000016682-1.png\",\"keywords\":[\"Food Truck\",\"Tartes flamb\u00e9es\"],\"articleSection\":[\"A la Une\",\"Gerardmer\",\"Remiremont\"],\"inLanguage\":\"fr-FR\",\"potentialAction\":[{\"@type\":\"CommentAction\",\"name\":\"Comment\",\"target\":[\"https:\/\/vosgesinfo.fr\/remiremontinfo\/2025\/07\/un-food-truck-de-tartes-flambees-aux-saveurs-vosgiennes-sillonnera-la-region\/#respond\"]}]},{\"@type\":\"WebPage\",\"@id\":\"https:\/\/vosgesinfo.fr\/remiremontinfo\/2025\/07\/un-food-truck-de-tartes-flambees-aux-saveurs-vosgiennes-sillonnera-la-region\/\",\"url\":\"https:\/\/vosgesinfo.fr\/remiremontinfo\/2025\/07\/un-food-truck-de-tartes-flambees-aux-saveurs-vosgiennes-sillonnera-la-region\/\",\"name\":\"Un food-truck de tartes flamb\u00e9es aux saveurs vosgiennes sillonnera la r\u00e9gion ! - Remiremont Info\",\"isPartOf\":{\"@id\":\"https:\/\/vosgesinfo.fr\/remiremontinfo\/#website\"},\"primaryImageOfPage\":{\"@id\":\"https:\/\/vosgesinfo.fr\/remiremontinfo\/2025\/07\/un-food-truck-de-tartes-flambees-aux-saveurs-vosgiennes-sillonnera-la-region\/#primaryimage\"},\"image\":{\"@id\":\"https:\/\/vosgesinfo.fr\/remiremontinfo\/2025\/07\/un-food-truck-de-tartes-flambees-aux-saveurs-vosgiennes-sillonnera-la-region\/#primaryimage\"},\"thumbnailUrl\":\"https:\/\/vosgesinfo.fr\/app\/uploads\/sites\/5\/2025\/07\/1000016682-1.png\",\"datePublished\":\"2025-07-05T10:00:05+00:00\",\"dateModified\":\"2025-07-05T08:37:12+00:00\",\"breadcrumb\":{\"@id\":\"https:\/\/vosgesinfo.fr\/remiremontinfo\/2025\/07\/un-food-truck-de-tartes-flambees-aux-saveurs-vosgiennes-sillonnera-la-region\/#breadcrumb\"},\"inLanguage\":\"fr-FR\",\"potentialAction\":[{\"@type\":\"ReadAction\",\"target\":[\"https:\/\/vosgesinfo.fr\/remiremontinfo\/2025\/07\/un-food-truck-de-tartes-flambees-aux-saveurs-vosgiennes-sillonnera-la-region\/\"]}]},{\"@type\":\"ImageObject\",\"inLanguage\":\"fr-FR\",\"@id\":\"https:\/\/vosgesinfo.fr\/remiremontinfo\/2025\/07\/un-food-truck-de-tartes-flambees-aux-saveurs-vosgiennes-sillonnera-la-region\/#primaryimage\",\"url\":\"https:\/\/vosgesinfo.fr\/app\/uploads\/sites\/5\/2025\/07\/1000016682-1.png\",\"contentUrl\":\"https:\/\/vosgesinfo.fr\/app\/uploads\/sites\/5\/2025\/07\/1000016682-1.png\",\"width\":1069,\"height\":607},{\"@type\":\"BreadcrumbList\",\"@id\":\"https:\/\/vosgesinfo.fr\/remiremontinfo\/2025\/07\/un-food-truck-de-tartes-flambees-aux-saveurs-vosgiennes-sillonnera-la-region\/#breadcrumb\",\"itemListElement\":[{\"@type\":\"ListItem\",\"position\":1,\"name\":\"Home\",\"item\":\"https:\/\/vosgesinfo.fr\/remiremontinfo\/\"},{\"@type\":\"ListItem\",\"position\":2,\"name\":\"Un food-truck de tartes flamb\u00e9es aux saveurs vosgiennes sillonnera la r\u00e9gion !\"}]},{\"@type\":\"WebSite\",\"@id\":\"https:\/\/vosgesinfo.fr\/remiremontinfo\/#website\",\"url\":\"https:\/\/vosgesinfo.fr\/remiremontinfo\/\",\"name\":\"Remiremont Info\",\"description\":\"Toute l&#039;actualit\u00e9 de Remiremont\",\"publisher\":{\"@id\":\"https:\/\/vosgesinfo.fr\/remiremontinfo\/#organization\"},\"alternateName\":\"Toute l'actualit\u00e9 de Remiremont\",\"potentialAction\":[{\"@type\":\"SearchAction\",\"target\":{\"@type\":\"EntryPoint\",\"urlTemplate\":\"https:\/\/vosgesinfo.fr\/remiremontinfo\/?s={search_term_string}\"},\"query-input\":\"required name=search_term_string\"}],\"inLanguage\":\"fr-FR\"},{\"@type\":\"Organization\",\"@id\":\"https:\/\/vosgesinfo.fr\/remiremontinfo\/#organization\",\"name\":\"Remiremont Info\",\"url\":\"https:\/\/vosgesinfo.fr\/remiremontinfo\/\",\"logo\":{\"@type\":\"ImageObject\",\"inLanguage\":\"fr-FR\",\"@id\":\"https:\/\/vosgesinfo.fr\/remiremontinfo\/#\/schema\/logo\/image\/\",\"url\":\"https:\/\/vosgesinfo.fr\/app\/uploads\/sites\/5\/2023\/08\/favicon-remiremontinfo.png\",\"contentUrl\":\"https:\/\/vosgesinfo.fr\/app\/uploads\/sites\/5\/2023\/08\/favicon-remiremontinfo.png\",\"width\":512,\"height\":512,\"caption\":\"Remiremont Info\"},\"image\":{\"@id\":\"https:\/\/vosgesinfo.fr\/remiremontinfo\/#\/schema\/logo\/image\/\"},\"sameAs\":[\"https:\/\/www.facebook.com\/remiremontinfo\",\"https:\/\/x.com\/VosgesInfo88\",\"https:\/\/www.youtube.com\/@vosgesinfo\"]},{\"@type\":\"Person\",\"@id\":\"https:\/\/vosgesinfo.fr\/remiremontinfo\/#\/schema\/person\/4f38cd3068e342935b7304695c797d08\",\"name\":\"C.M\",\"image\":{\"@type\":\"ImageObject\",\"inLanguage\":\"fr-FR\",\"@id\":\"https:\/\/vosgesinfo.fr\/remiremontinfo\/#\/schema\/person\/image\/\",\"url\":\"https:\/\/secure.gravatar.com\/avatar\/fe9daaef0164d920717484172682f3c5c9bcf7d42aa8c7048c76c34f0eb6c8da?s=96&d=mm&r=g\",\"contentUrl\":\"https:\/\/secure.gravatar.com\/avatar\/fe9daaef0164d920717484172682f3c5c9bcf7d42aa8c7048c76c34f0eb6c8da?s=96&d=mm&r=g\",\"caption\":\"C.M\"},\"url\":\"https:\/\/vosgesinfo.fr\/remiremontinfo\/author\/cm88200\/\"}]}<\/script>\n<!-- \/ Yoast SEO plugin. -->","yoast_head_json":{"title":"Un food-truck de tartes flamb\u00e9es aux saveurs vosgiennes sillonnera la r\u00e9gion ! - Remiremont Info","robots":{"index":"index","follow":"follow","max-snippet":"max-snippet:-1","max-image-preview":"max-image-preview:large","max-video-preview":"max-video-preview:-1"},"canonical":"https:\/\/vosgesinfo.fr\/remiremontinfo\/2025\/07\/un-food-truck-de-tartes-flambees-aux-saveurs-vosgiennes-sillonnera-la-region\/","twitter_card":"summary_large_image","twitter_title":"Un food-truck de tartes flamb\u00e9es aux saveurs vosgiennes sillonnera la r\u00e9gion ! - Remiremont Info","twitter_description":"Un vent de gourmandise va souffler entre Remiremont, G\u00e9rardmer et La Bresse cet \u00e9t\u00e9 avec le lancement d\u2019un nouveau food-truck [&hellip;]","twitter_image":"https:\/\/vosgesinfo.fr\/app\/uploads\/sites\/5\/2025\/07\/1000016682-1.png","twitter_creator":"@VosgesInfo88","twitter_site":"@VosgesInfo88","twitter_misc":{"\u00c9crit par":"C.M","Dur\u00e9e de lecture estim\u00e9e":"1 minute"},"schema":{"@context":"https:\/\/schema.org","@graph":[{"@type":"Article","@id":"https:\/\/vosgesinfo.fr\/remiremontinfo\/2025\/07\/un-food-truck-de-tartes-flambees-aux-saveurs-vosgiennes-sillonnera-la-region\/#article","isPartOf":{"@id":"https:\/\/vosgesinfo.fr\/remiremontinfo\/2025\/07\/un-food-truck-de-tartes-flambees-aux-saveurs-vosgiennes-sillonnera-la-region\/"},"author":{"name":"C.M","@id":"https:\/\/vosgesinfo.fr\/remiremontinfo\/#\/schema\/person\/4f38cd3068e342935b7304695c797d08"},"headline":"Un food-truck de tartes flamb\u00e9es aux saveurs vosgiennes sillonnera la r\u00e9gion !","datePublished":"2025-07-05T10:00:05+00:00","dateModified":"2025-07-05T08:37:12+00:00","mainEntityOfPage":{"@id":"https:\/\/vosgesinfo.fr\/remiremontinfo\/2025\/07\/un-food-truck-de-tartes-flambees-aux-saveurs-vosgiennes-sillonnera-la-region\/"},"wordCount":218,"commentCount":0,"publisher":{"@id":"https:\/\/vosgesinfo.fr\/remiremontinfo\/#organization"},"image":{"@id":"https:\/\/vosgesinfo.fr\/remiremontinfo\/2025\/07\/un-food-truck-de-tartes-flambees-aux-saveurs-vosgiennes-sillonnera-la-region\/#primaryimage"},"thumbnailUrl":"https:\/\/vosgesinfo.fr\/app\/uploads\/sites\/5\/2025\/07\/1000016682-1.png","keywords":["Food Truck","Tartes flamb\u00e9es"],"articleSection":["A la Une","Gerardmer","Remiremont"],"inLanguage":"fr-FR","potentialAction":[{"@type":"CommentAction","name":"Comment","target":["https:\/\/vosgesinfo.fr\/remiremontinfo\/2025\/07\/un-food-truck-de-tartes-flambees-aux-saveurs-vosgiennes-sillonnera-la-region\/#respond"]}]},{"@type":"WebPage","@id":"https:\/\/vosgesinfo.fr\/remiremontinfo\/2025\/07\/un-food-truck-de-tartes-flambees-aux-saveurs-vosgiennes-sillonnera-la-region\/","url":"https:\/\/vosgesinfo.fr\/remiremontinfo\/2025\/07\/un-food-truck-de-tartes-flambees-aux-saveurs-vosgiennes-sillonnera-la-region\/","name":"Un food-truck de tartes flamb\u00e9es aux saveurs vosgiennes sillonnera la r\u00e9gion ! - Remiremont Info","isPartOf":{"@id":"https:\/\/vosgesinfo.fr\/remiremontinfo\/#website"},"primaryImageOfPage":{"@id":"https:\/\/vosgesinfo.fr\/remiremontinfo\/2025\/07\/un-food-truck-de-tartes-flambees-aux-saveurs-vosgiennes-sillonnera-la-region\/#primaryimage"},"image":{"@id":"https:\/\/vosgesinfo.fr\/remiremontinfo\/2025\/07\/un-food-truck-de-tartes-flambees-aux-saveurs-vosgiennes-sillonnera-la-region\/#primaryimage"},"thumbnailUrl":"https:\/\/vosgesinfo.fr\/app\/uploads\/sites\/5\/2025\/07\/1000016682-1.png","datePublished":"2025-07-05T10:00:05+00:00","dateModified":"2025-07-05T08:37:12+00:00","breadcrumb":{"@id":"https:\/\/vosgesinfo.fr\/remiremontinfo\/2025\/07\/un-food-truck-de-tartes-flambees-aux-saveurs-vosgiennes-sillonnera-la-region\/#breadcrumb"},"inLanguage":"fr-FR","potentialAction":[{"@type":"ReadAction","target":["https:\/\/vosgesinfo.fr\/remiremontinfo\/2025\/07\/un-food-truck-de-tartes-flambees-aux-saveurs-vosgiennes-sillonnera-la-region\/"]}]},{"@type":"ImageObject","inLanguage":"fr-FR","@id":"https:\/\/vosgesinfo.fr\/remiremontinfo\/2025\/07\/un-food-truck-de-tartes-flambees-aux-saveurs-vosgiennes-sillonnera-la-region\/#primaryimage","url":"https:\/\/vosgesinfo.fr\/app\/uploads\/sites\/5\/2025\/07\/1000016682-1.png","contentUrl":"https:\/\/vosgesinfo.fr\/app\/uploads\/sites\/5\/2025\/07\/1000016682-1.png","width":1069,"height":607},{"@type":"BreadcrumbList","@id":"https:\/\/vosgesinfo.fr\/remiremontinfo\/2025\/07\/un-food-truck-de-tartes-flambees-aux-saveurs-vosgiennes-sillonnera-la-region\/#breadcrumb","itemListElement":[{"@type":"ListItem","position":1,"name":"Home","item":"https:\/\/vosgesinfo.fr\/remiremontinfo\/"},{"@type":"ListItem","position":2,"name":"Un food-truck de tartes flamb\u00e9es aux saveurs vosgiennes sillonnera la r\u00e9gion !"}]},{"@type":"WebSite","@id":"https:\/\/vosgesinfo.fr\/remiremontinfo\/#website","url":"https:\/\/vosgesinfo.fr\/remiremontinfo\/","name":"Remiremont Info","description":"Toute l&#039;actualit\u00e9 de Remiremont","publisher":{"@id":"https:\/\/vosgesinfo.fr\/remiremontinfo\/#organization"},"alternateName":"Toute l'actualit\u00e9 de Remiremont","potentialAction":[{"@type":"SearchAction","target":{"@type":"EntryPoint","urlTemplate":"https:\/\/vosgesinfo.fr\/remiremontinfo\/?s={search_term_string}"},"query-input":"required name=search_term_string"}],"inLanguage":"fr-FR"},{"@type":"Organization","@id":"https:\/\/vosgesinfo.fr\/remiremontinfo\/#organization","name":"Remiremont Info","url":"https:\/\/vosgesinfo.fr\/remiremontinfo\/","logo":{"@type":"ImageObject","inLanguage":"fr-FR","@id":"https:\/\/vosgesinfo.fr\/remiremontinfo\/#\/schema\/logo\/image\/","url":"https:\/\/vosgesinfo.fr\/app\/uploads\/sites\/5\/2023\/08\/favicon-remiremontinfo.png","contentUrl":"https:\/\/vosgesinfo.fr\/app\/uploads\/sites\/5\/2023\/08\/favicon-remiremontinfo.png","width":512,"height":512,"caption":"Remiremont Info"},"image":{"@id":"https:\/\/vosgesinfo.fr\/remiremontinfo\/#\/schema\/logo\/image\/"},"sameAs":["https:\/\/www.facebook.com\/remiremontinfo","https:\/\/x.com\/VosgesInfo88","https:\/\/www.youtube.com\/@vosgesinfo"]},{"@type":"Person","@id":"https:\/\/vosgesinfo.fr\/remiremontinfo\/#\/schema\/person\/4f38cd3068e342935b7304695c797d08","name":"C.M","image":{"@type":"ImageObject","inLanguage":"fr-FR","@id":"https:\/\/vosgesinfo.fr\/remiremontinfo\/#\/schema\/person\/image\/","url":"https:\/\/secure.gravatar.com\/avatar\/fe9daaef0164d920717484172682f3c5c9bcf7d42aa8c7048c76c34f0eb6c8da?s=96&d=mm&r=g","contentUrl":"https:\/\/secure.gravatar.com\/avatar\/fe9daaef0164d920717484172682f3c5c9bcf7d42aa8c7048c76c34f0eb6c8da?s=96&d=mm&r=g","caption":"C.M"},"url":"https:\/\/vosgesinfo.fr\/remiremontinfo\/author\/cm88200\/"}]}},"_links":{"self":[{"href":"https:\/\/vosgesinfo.fr\/remiremontinfo\/wp-json\/wp\/v2\/posts\/83487","targetHints":{"allow":["GET"]}}],"collection":[{"href":"https:\/\/vosgesinfo.fr\/remiremontinfo\/wp-json\/wp\/v2\/posts"}],"about":[{"href":"https:\/\/vosgesinfo.fr\/remiremontinfo\/wp-json\/wp\/v2\/types\/post"}],"author":[{"embeddable":true,"href":"https:\/\/vosgesinfo.fr\/remiremontinfo\/wp-json\/wp\/v2\/users\/418"}],"replies":[{"embeddable":true,"href":"https:\/\/vosgesinfo.fr\/remiremontinfo\/wp-json\/wp\/v2\/comments?post=83487"}],"version-history":[{"count":1,"href":"https:\/\/vosgesinfo.fr\/remiremontinfo\/wp-json\/wp\/v2\/posts\/83487\/revisions"}],"predecessor-version":[{"id":83496,"href":"https:\/\/vosgesinfo.fr\/remiremontinfo\/wp-json\/wp\/v2\/posts\/83487\/revisions\/83496"}],"wp:featuredmedia":[{"embeddable":true,"href":"https:\/\/vosgesinfo.fr\/remiremontinfo\/wp-json\/wp\/v2\/media\/83491"}],"wp:attachment":[{"href":"https:\/\/vosgesinfo.fr\/remiremontinfo\/wp-json\/wp\/v2\/media?parent=83487"}],"wp:term":[{"taxonomy":"category","embeddable":true,"href":"https:\/\/vosgesinfo.fr\/remiremontinfo\/wp-json\/wp\/v2\/categories?post=83487"},{"taxonomy":"post_tag","embeddable":true,"href":"https:\/\/vosgesinfo.fr\/remiremontinfo\/wp-json\/wp\/v2\/tags?post=83487"}],"curies":[{"name":"wp","href":"https:\/\/api.w.org\/{rel}","templated":true}]}}