{"id":83497,"date":"2025-07-05T12:30:38","date_gmt":"2025-07-05T10:30:38","guid":{"rendered":"https:\/\/vosgesinfo.fr\/remiremontinfo\/?p=83497"},"modified":"2025-07-05T10:50:02","modified_gmt":"2025-07-05T08:50:02","slug":"les-cm1-cm2-de-pouxeux-a-la-decouverte-du-fort-darches-avec-mathieu-laine","status":"publish","type":"post","link":"https:\/\/vosgesinfo.fr\/remiremontinfo\/2025\/07\/les-cm1-cm2-de-pouxeux-a-la-decouverte-du-fort-darches-avec-mathieu-laine\/","title":{"rendered":"Les CM1-CM2 de Pouxeux \u00e0 la d\u00e9couverte du fort d\u2019Arches avec Mathieu Lain\u00e9"},"content":{"rendered":"<p data-start=\"171\" data-end=\"446\"><a href=\"https:\/\/vosgesinfo.fr\/app\/uploads\/sites\/5\/2025\/07\/fort-d-arches-intervention2-copie-scaled.jpg\"><img decoding=\"async\" class=\"aligncenter wp-image-83499 size-full\" src=\"https:\/\/vosgesinfo.fr\/app\/uploads\/sites\/5\/2025\/07\/fort-d-arches-intervention2-copie-scaled.jpg\" alt=\"\" width=\"2560\" height=\"1916\" srcset=\"https:\/\/vosgesinfo.fr\/app\/uploads\/sites\/5\/2025\/07\/fort-d-arches-intervention2-copie-scaled.jpg 2560w, https:\/\/vosgesinfo.fr\/app\/uploads\/sites\/5\/2025\/07\/fort-d-arches-intervention2-copie-300x224.jpg 300w, https:\/\/vosgesinfo.fr\/app\/uploads\/sites\/5\/2025\/07\/fort-d-arches-intervention2-copie-1024x766.jpg 1024w, https:\/\/vosgesinfo.fr\/app\/uploads\/sites\/5\/2025\/07\/fort-d-arches-intervention2-copie-768x575.jpg 768w, https:\/\/vosgesinfo.fr\/app\/uploads\/sites\/5\/2025\/07\/fort-d-arches-intervention2-copie-1536x1149.jpg 1536w, https:\/\/vosgesinfo.fr\/app\/uploads\/sites\/5\/2025\/07\/fort-d-arches-intervention2-copie-2048x1532.jpg 2048w\" sizes=\"(max-width: 2560px) 100vw, 2560px\" \/><\/a><\/p>\n<p data-start=\"171\" data-end=\"446\"><strong>Le vendredi 27 juin, les \u00e9l\u00e8ves des classes de CM1-CM2 de Mme Fath et Mme Morel ont plong\u00e9 dans l\u2019histoire locale gr\u00e2ce \u00e0 l\u2019intervention passionn\u00e9e de Mathieu Lain\u00e9, pr\u00e9sident de l&rsquo;ARFA (Association pour la Restauration du Fort d&rsquo;Arches), venu leur pr\u00e9senter le fort d\u2019Arches, \u00e9difice militaire embl\u00e9matique datant de la guerre de 1870.<\/strong><\/p>\n<p data-start=\"448\" data-end=\"842\">Pendant environ une heure par classe, l\u2019intervenant est remont\u00e9 aux origines du fort, retra\u00e7ant son histoire strat\u00e9gique, ses caract\u00e9ristiques techniques, et son r\u00f4le militaire dans le dispositif d\u00e9fensif vosgien. Gr\u00e2ce \u00e0 de nombreuses photos d\u2019archives, les enfants ont pu d\u00e9couvrir l\u2019\u00e9volution du site, y compris l\u2019int\u00e9rieur du fort, rarement accessible au public.<\/p>\n<p data-start=\"844\" data-end=\"1214\">L\u2019\u00e9change a \u00e9galement \u00e9t\u00e9 enrichi par la pr\u00e9sentation de casques militaires fran\u00e7ais et allemands, \u00e9l\u00e9ments concrets qui ont suscit\u00e9 beaucoup de curiosit\u00e9 et d\u2019enthousiasme parmi les \u00e9l\u00e8ves. Tr\u00e8s r\u00e9ceptifs, ces derniers ont pos\u00e9 de nombreuses questions tout au long de la pr\u00e9sentation, montrant un r\u00e9el int\u00e9r\u00eat pour cette page d\u2019histoire locale souvent m\u00e9connue.<\/p>\n<p data-start=\"1216\" data-end=\"1484\">Une belle initiative p\u00e9dagogique, salu\u00e9e tant par les enseignants que par les \u00e9l\u00e8ves, qui leur a permis de se r\u00e9approprier un lieu patrimonial tout proche et de mieux comprendre l\u2019importance historique du fort d\u2019Arches dans la m\u00e9moire collective du territoire.<\/p>\n<p data-start=\"1216\" data-end=\"1484\"><a href=\"https:\/\/vosgesinfo.fr\/app\/uploads\/sites\/5\/2025\/07\/fort-d-arches-intervention1-copie-scaled.jpg\"><img decoding=\"async\" class=\"aligncenter wp-image-83498 size-full\" src=\"https:\/\/vosgesinfo.fr\/app\/uploads\/sites\/5\/2025\/07\/fort-d-arches-intervention1-copie-scaled.jpg\" alt=\"\" width=\"2560\" height=\"1244\" srcset=\"https:\/\/vosgesinfo.fr\/app\/uploads\/sites\/5\/2025\/07\/fort-d-arches-intervention1-copie-scaled.jpg 2560w, https:\/\/vosgesinfo.fr\/app\/uploads\/sites\/5\/2025\/07\/fort-d-arches-intervention1-copie-300x146.jpg 300w, https:\/\/vosgesinfo.fr\/app\/uploads\/sites\/5\/2025\/07\/fort-d-arches-intervention1-copie-1024x498.jpg 1024w, https:\/\/vosgesinfo.fr\/app\/uploads\/sites\/5\/2025\/07\/fort-d-arches-intervention1-copie-768x373.jpg 768w, https:\/\/vosgesinfo.fr\/app\/uploads\/sites\/5\/2025\/07\/fort-d-arches-intervention1-copie-1536x747.jpg 1536w, https:\/\/vosgesinfo.fr\/app\/uploads\/sites\/5\/2025\/07\/fort-d-arches-intervention1-copie-2048x996.jpg 2048w\" sizes=\"(max-width: 2560px) 100vw, 2560px\" \/><\/a><\/p>\n","protected":false},"excerpt":{"rendered":"<p>Le vendredi 27 juin, les \u00e9l\u00e8ves des classes de CM1-CM2 de Mme Fath et Mme Morel ont plong\u00e9 dans l\u2019histoire [&hellip;]<\/p>\n","protected":false},"author":418,"featured_media":83499,"comment_status":"open","ping_status":"open","sticky":false,"template":"","format":"standard","meta":{"footnotes":""},"categories":[26,6,108,106,43],"tags":[1540,6094],"class_list":["post-83497","post","type-post","status-publish","format-standard","has-post-thumbnail","hentry","category-a-la-une","category-education","category-epinal","category-pouxeux","category-remiremont-remiremont-son-canton","tag-association-pour-la-restauration-du-fort-darches","tag-fort-darches"],"acf":[],"yoast_head":"<!-- This site is optimized with the Yoast SEO plugin v22.5 - https:\/\/yoast.com\/wordpress\/plugins\/seo\/ -->\n<title>Les CM1-CM2 de Pouxeux \u00e0 la d\u00e9couverte du fort d\u2019Arches avec Mathieu Lain\u00e9 - Remiremont Info<\/title>\n<meta name=\"robots\" content=\"index, follow, max-snippet:-1, max-image-preview:large, max-video-preview:-1\" \/>\n<link rel=\"canonical\" href=\"https:\/\/vosgesinfo.fr\/remiremontinfo\/2025\/07\/les-cm1-cm2-de-pouxeux-a-la-decouverte-du-fort-darches-avec-mathieu-laine\/\" \/>\n<meta name=\"twitter:card\" content=\"summary_large_image\" \/>\n<meta name=\"twitter:title\" content=\"Les CM1-CM2 de Pouxeux \u00e0 la d\u00e9couverte du fort d\u2019Arches avec Mathieu Lain\u00e9 - Remiremont Info\" \/>\n<meta name=\"twitter:description\" content=\"Le vendredi 27 juin, les \u00e9l\u00e8ves des classes de CM1-CM2 de Mme Fath et Mme Morel ont plong\u00e9 dans l\u2019histoire [&hellip;]\" \/>\n<meta name=\"twitter:image\" content=\"https:\/\/vosgesinfo.fr\/app\/uploads\/sites\/5\/2025\/07\/fort-d-arches-intervention2-copie-scaled.jpg\" \/>\n<meta name=\"twitter:creator\" content=\"@VosgesInfo88\" \/>\n<meta name=\"twitter:site\" content=\"@VosgesInfo88\" \/>\n<meta name=\"twitter:label1\" content=\"\u00c9crit par\" \/>\n\t<meta name=\"twitter:data1\" content=\"C.M\" \/>\n\t<meta name=\"twitter:label2\" content=\"Dur\u00e9e de lecture estim\u00e9e\" \/>\n\t<meta name=\"twitter:data2\" content=\"1 minute\" \/>\n<script type=\"application\/ld+json\" class=\"yoast-schema-graph\">{\"@context\":\"https:\/\/schema.org\",\"@graph\":[{\"@type\":\"Article\",\"@id\":\"https:\/\/vosgesinfo.fr\/remiremontinfo\/2025\/07\/les-cm1-cm2-de-pouxeux-a-la-decouverte-du-fort-darches-avec-mathieu-laine\/#article\",\"isPartOf\":{\"@id\":\"https:\/\/vosgesinfo.fr\/remiremontinfo\/2025\/07\/les-cm1-cm2-de-pouxeux-a-la-decouverte-du-fort-darches-avec-mathieu-laine\/\"},\"author\":{\"name\":\"C.M\",\"@id\":\"https:\/\/vosgesinfo.fr\/remiremontinfo\/#\/schema\/person\/4f38cd3068e342935b7304695c797d08\"},\"headline\":\"Les CM1-CM2 de Pouxeux \u00e0 la d\u00e9couverte du fort d\u2019Arches avec Mathieu Lain\u00e9\",\"datePublished\":\"2025-07-05T10:30:38+00:00\",\"dateModified\":\"2025-07-05T08:50:02+00:00\",\"mainEntityOfPage\":{\"@id\":\"https:\/\/vosgesinfo.fr\/remiremontinfo\/2025\/07\/les-cm1-cm2-de-pouxeux-a-la-decouverte-du-fort-darches-avec-mathieu-laine\/\"},\"wordCount\":254,\"commentCount\":0,\"publisher\":{\"@id\":\"https:\/\/vosgesinfo.fr\/remiremontinfo\/#organization\"},\"image\":{\"@id\":\"https:\/\/vosgesinfo.fr\/remiremontinfo\/2025\/07\/les-cm1-cm2-de-pouxeux-a-la-decouverte-du-fort-darches-avec-mathieu-laine\/#primaryimage\"},\"thumbnailUrl\":\"https:\/\/vosgesinfo.fr\/app\/uploads\/sites\/5\/2025\/07\/fort-d-arches-intervention2-copie-scaled.jpg\",\"keywords\":[\"Association pour la restauration du fort d'arches\",\"Fort d'Arches\"],\"articleSection\":[\"A la Une\",\"\u00c9ducation\",\"Epinal\",\"Pouxeux\",\"Remiremont\"],\"inLanguage\":\"fr-FR\",\"potentialAction\":[{\"@type\":\"CommentAction\",\"name\":\"Comment\",\"target\":[\"https:\/\/vosgesinfo.fr\/remiremontinfo\/2025\/07\/les-cm1-cm2-de-pouxeux-a-la-decouverte-du-fort-darches-avec-mathieu-laine\/#respond\"]}]},{\"@type\":\"WebPage\",\"@id\":\"https:\/\/vosgesinfo.fr\/remiremontinfo\/2025\/07\/les-cm1-cm2-de-pouxeux-a-la-decouverte-du-fort-darches-avec-mathieu-laine\/\",\"url\":\"https:\/\/vosgesinfo.fr\/remiremontinfo\/2025\/07\/les-cm1-cm2-de-pouxeux-a-la-decouverte-du-fort-darches-avec-mathieu-laine\/\",\"name\":\"Les CM1-CM2 de Pouxeux \u00e0 la d\u00e9couverte du fort d\u2019Arches avec Mathieu Lain\u00e9 - Remiremont Info\",\"isPartOf\":{\"@id\":\"https:\/\/vosgesinfo.fr\/remiremontinfo\/#website\"},\"primaryImageOfPage\":{\"@id\":\"https:\/\/vosgesinfo.fr\/remiremontinfo\/2025\/07\/les-cm1-cm2-de-pouxeux-a-la-decouverte-du-fort-darches-avec-mathieu-laine\/#primaryimage\"},\"image\":{\"@id\":\"https:\/\/vosgesinfo.fr\/remiremontinfo\/2025\/07\/les-cm1-cm2-de-pouxeux-a-la-decouverte-du-fort-darches-avec-mathieu-laine\/#primaryimage\"},\"thumbnailUrl\":\"https:\/\/vosgesinfo.fr\/app\/uploads\/sites\/5\/2025\/07\/fort-d-arches-intervention2-copie-scaled.jpg\",\"datePublished\":\"2025-07-05T10:30:38+00:00\",\"dateModified\":\"2025-07-05T08:50:02+00:00\",\"breadcrumb\":{\"@id\":\"https:\/\/vosgesinfo.fr\/remiremontinfo\/2025\/07\/les-cm1-cm2-de-pouxeux-a-la-decouverte-du-fort-darches-avec-mathieu-laine\/#breadcrumb\"},\"inLanguage\":\"fr-FR\",\"potentialAction\":[{\"@type\":\"ReadAction\",\"target\":[\"https:\/\/vosgesinfo.fr\/remiremontinfo\/2025\/07\/les-cm1-cm2-de-pouxeux-a-la-decouverte-du-fort-darches-avec-mathieu-laine\/\"]}]},{\"@type\":\"ImageObject\",\"inLanguage\":\"fr-FR\",\"@id\":\"https:\/\/vosgesinfo.fr\/remiremontinfo\/2025\/07\/les-cm1-cm2-de-pouxeux-a-la-decouverte-du-fort-darches-avec-mathieu-laine\/#primaryimage\",\"url\":\"https:\/\/vosgesinfo.fr\/app\/uploads\/sites\/5\/2025\/07\/fort-d-arches-intervention2-copie-scaled.jpg\",\"contentUrl\":\"https:\/\/vosgesinfo.fr\/app\/uploads\/sites\/5\/2025\/07\/fort-d-arches-intervention2-copie-scaled.jpg\",\"width\":2560,\"height\":1916},{\"@type\":\"BreadcrumbList\",\"@id\":\"https:\/\/vosgesinfo.fr\/remiremontinfo\/2025\/07\/les-cm1-cm2-de-pouxeux-a-la-decouverte-du-fort-darches-avec-mathieu-laine\/#breadcrumb\",\"itemListElement\":[{\"@type\":\"ListItem\",\"position\":1,\"name\":\"Home\",\"item\":\"https:\/\/vosgesinfo.fr\/remiremontinfo\/\"},{\"@type\":\"ListItem\",\"position\":2,\"name\":\"Les CM1-CM2 de Pouxeux \u00e0 la d\u00e9couverte du fort d\u2019Arches avec Mathieu Lain\u00e9\"}]},{\"@type\":\"WebSite\",\"@id\":\"https:\/\/vosgesinfo.fr\/remiremontinfo\/#website\",\"url\":\"https:\/\/vosgesinfo.fr\/remiremontinfo\/\",\"name\":\"Remiremont Info\",\"description\":\"Toute l&#039;actualit\u00e9 de Remiremont\",\"publisher\":{\"@id\":\"https:\/\/vosgesinfo.fr\/remiremontinfo\/#organization\"},\"alternateName\":\"Toute l'actualit\u00e9 de Remiremont\",\"potentialAction\":[{\"@type\":\"SearchAction\",\"target\":{\"@type\":\"EntryPoint\",\"urlTemplate\":\"https:\/\/vosgesinfo.fr\/remiremontinfo\/?s={search_term_string}\"},\"query-input\":\"required name=search_term_string\"}],\"inLanguage\":\"fr-FR\"},{\"@type\":\"Organization\",\"@id\":\"https:\/\/vosgesinfo.fr\/remiremontinfo\/#organization\",\"name\":\"Remiremont Info\",\"url\":\"https:\/\/vosgesinfo.fr\/remiremontinfo\/\",\"logo\":{\"@type\":\"ImageObject\",\"inLanguage\":\"fr-FR\",\"@id\":\"https:\/\/vosgesinfo.fr\/remiremontinfo\/#\/schema\/logo\/image\/\",\"url\":\"https:\/\/vosgesinfo.fr\/app\/uploads\/sites\/5\/2023\/08\/favicon-remiremontinfo.png\",\"contentUrl\":\"https:\/\/vosgesinfo.fr\/app\/uploads\/sites\/5\/2023\/08\/favicon-remiremontinfo.png\",\"width\":512,\"height\":512,\"caption\":\"Remiremont Info\"},\"image\":{\"@id\":\"https:\/\/vosgesinfo.fr\/remiremontinfo\/#\/schema\/logo\/image\/\"},\"sameAs\":[\"https:\/\/www.facebook.com\/remiremontinfo\",\"https:\/\/x.com\/VosgesInfo88\",\"https:\/\/www.youtube.com\/@vosgesinfo\"]},{\"@type\":\"Person\",\"@id\":\"https:\/\/vosgesinfo.fr\/remiremontinfo\/#\/schema\/person\/4f38cd3068e342935b7304695c797d08\",\"name\":\"C.M\",\"image\":{\"@type\":\"ImageObject\",\"inLanguage\":\"fr-FR\",\"@id\":\"https:\/\/vosgesinfo.fr\/remiremontinfo\/#\/schema\/person\/image\/\",\"url\":\"https:\/\/secure.gravatar.com\/avatar\/fe9daaef0164d920717484172682f3c5c9bcf7d42aa8c7048c76c34f0eb6c8da?s=96&d=mm&r=g\",\"contentUrl\":\"https:\/\/secure.gravatar.com\/avatar\/fe9daaef0164d920717484172682f3c5c9bcf7d42aa8c7048c76c34f0eb6c8da?s=96&d=mm&r=g\",\"caption\":\"C.M\"},\"url\":\"https:\/\/vosgesinfo.fr\/remiremontinfo\/author\/cm88200\/\"}]}<\/script>\n<!-- \/ Yoast SEO plugin. -->","yoast_head_json":{"title":"Les CM1-CM2 de Pouxeux \u00e0 la d\u00e9couverte du fort d\u2019Arches avec Mathieu Lain\u00e9 - Remiremont Info","robots":{"index":"index","follow":"follow","max-snippet":"max-snippet:-1","max-image-preview":"max-image-preview:large","max-video-preview":"max-video-preview:-1"},"canonical":"https:\/\/vosgesinfo.fr\/remiremontinfo\/2025\/07\/les-cm1-cm2-de-pouxeux-a-la-decouverte-du-fort-darches-avec-mathieu-laine\/","twitter_card":"summary_large_image","twitter_title":"Les CM1-CM2 de Pouxeux \u00e0 la d\u00e9couverte du fort d\u2019Arches avec Mathieu Lain\u00e9 - Remiremont Info","twitter_description":"Le vendredi 27 juin, les \u00e9l\u00e8ves des classes de CM1-CM2 de Mme Fath et Mme Morel ont plong\u00e9 dans l\u2019histoire [&hellip;]","twitter_image":"https:\/\/vosgesinfo.fr\/app\/uploads\/sites\/5\/2025\/07\/fort-d-arches-intervention2-copie-scaled.jpg","twitter_creator":"@VosgesInfo88","twitter_site":"@VosgesInfo88","twitter_misc":{"\u00c9crit par":"C.M","Dur\u00e9e de lecture estim\u00e9e":"1 minute"},"schema":{"@context":"https:\/\/schema.org","@graph":[{"@type":"Article","@id":"https:\/\/vosgesinfo.fr\/remiremontinfo\/2025\/07\/les-cm1-cm2-de-pouxeux-a-la-decouverte-du-fort-darches-avec-mathieu-laine\/#article","isPartOf":{"@id":"https:\/\/vosgesinfo.fr\/remiremontinfo\/2025\/07\/les-cm1-cm2-de-pouxeux-a-la-decouverte-du-fort-darches-avec-mathieu-laine\/"},"author":{"name":"C.M","@id":"https:\/\/vosgesinfo.fr\/remiremontinfo\/#\/schema\/person\/4f38cd3068e342935b7304695c797d08"},"headline":"Les CM1-CM2 de Pouxeux \u00e0 la d\u00e9couverte du fort d\u2019Arches avec Mathieu Lain\u00e9","datePublished":"2025-07-05T10:30:38+00:00","dateModified":"2025-07-05T08:50:02+00:00","mainEntityOfPage":{"@id":"https:\/\/vosgesinfo.fr\/remiremontinfo\/2025\/07\/les-cm1-cm2-de-pouxeux-a-la-decouverte-du-fort-darches-avec-mathieu-laine\/"},"wordCount":254,"commentCount":0,"publisher":{"@id":"https:\/\/vosgesinfo.fr\/remiremontinfo\/#organization"},"image":{"@id":"https:\/\/vosgesinfo.fr\/remiremontinfo\/2025\/07\/les-cm1-cm2-de-pouxeux-a-la-decouverte-du-fort-darches-avec-mathieu-laine\/#primaryimage"},"thumbnailUrl":"https:\/\/vosgesinfo.fr\/app\/uploads\/sites\/5\/2025\/07\/fort-d-arches-intervention2-copie-scaled.jpg","keywords":["Association pour la restauration du fort d'arches","Fort d'Arches"],"articleSection":["A la Une","\u00c9ducation","Epinal","Pouxeux","Remiremont"],"inLanguage":"fr-FR","potentialAction":[{"@type":"CommentAction","name":"Comment","target":["https:\/\/vosgesinfo.fr\/remiremontinfo\/2025\/07\/les-cm1-cm2-de-pouxeux-a-la-decouverte-du-fort-darches-avec-mathieu-laine\/#respond"]}]},{"@type":"WebPage","@id":"https:\/\/vosgesinfo.fr\/remiremontinfo\/2025\/07\/les-cm1-cm2-de-pouxeux-a-la-decouverte-du-fort-darches-avec-mathieu-laine\/","url":"https:\/\/vosgesinfo.fr\/remiremontinfo\/2025\/07\/les-cm1-cm2-de-pouxeux-a-la-decouverte-du-fort-darches-avec-mathieu-laine\/","name":"Les CM1-CM2 de Pouxeux \u00e0 la d\u00e9couverte du fort d\u2019Arches avec Mathieu Lain\u00e9 - Remiremont Info","isPartOf":{"@id":"https:\/\/vosgesinfo.fr\/remiremontinfo\/#website"},"primaryImageOfPage":{"@id":"https:\/\/vosgesinfo.fr\/remiremontinfo\/2025\/07\/les-cm1-cm2-de-pouxeux-a-la-decouverte-du-fort-darches-avec-mathieu-laine\/#primaryimage"},"image":{"@id":"https:\/\/vosgesinfo.fr\/remiremontinfo\/2025\/07\/les-cm1-cm2-de-pouxeux-a-la-decouverte-du-fort-darches-avec-mathieu-laine\/#primaryimage"},"thumbnailUrl":"https:\/\/vosgesinfo.fr\/app\/uploads\/sites\/5\/2025\/07\/fort-d-arches-intervention2-copie-scaled.jpg","datePublished":"2025-07-05T10:30:38+00:00","dateModified":"2025-07-05T08:50:02+00:00","breadcrumb":{"@id":"https:\/\/vosgesinfo.fr\/remiremontinfo\/2025\/07\/les-cm1-cm2-de-pouxeux-a-la-decouverte-du-fort-darches-avec-mathieu-laine\/#breadcrumb"},"inLanguage":"fr-FR","potentialAction":[{"@type":"ReadAction","target":["https:\/\/vosgesinfo.fr\/remiremontinfo\/2025\/07\/les-cm1-cm2-de-pouxeux-a-la-decouverte-du-fort-darches-avec-mathieu-laine\/"]}]},{"@type":"ImageObject","inLanguage":"fr-FR","@id":"https:\/\/vosgesinfo.fr\/remiremontinfo\/2025\/07\/les-cm1-cm2-de-pouxeux-a-la-decouverte-du-fort-darches-avec-mathieu-laine\/#primaryimage","url":"https:\/\/vosgesinfo.fr\/app\/uploads\/sites\/5\/2025\/07\/fort-d-arches-intervention2-copie-scaled.jpg","contentUrl":"https:\/\/vosgesinfo.fr\/app\/uploads\/sites\/5\/2025\/07\/fort-d-arches-intervention2-copie-scaled.jpg","width":2560,"height":1916},{"@type":"BreadcrumbList","@id":"https:\/\/vosgesinfo.fr\/remiremontinfo\/2025\/07\/les-cm1-cm2-de-pouxeux-a-la-decouverte-du-fort-darches-avec-mathieu-laine\/#breadcrumb","itemListElement":[{"@type":"ListItem","position":1,"name":"Home","item":"https:\/\/vosgesinfo.fr\/remiremontinfo\/"},{"@type":"ListItem","position":2,"name":"Les CM1-CM2 de Pouxeux \u00e0 la d\u00e9couverte du fort d\u2019Arches avec Mathieu Lain\u00e9"}]},{"@type":"WebSite","@id":"https:\/\/vosgesinfo.fr\/remiremontinfo\/#website","url":"https:\/\/vosgesinfo.fr\/remiremontinfo\/","name":"Remiremont Info","description":"Toute l&#039;actualit\u00e9 de Remiremont","publisher":{"@id":"https:\/\/vosgesinfo.fr\/remiremontinfo\/#organization"},"alternateName":"Toute l'actualit\u00e9 de Remiremont","potentialAction":[{"@type":"SearchAction","target":{"@type":"EntryPoint","urlTemplate":"https:\/\/vosgesinfo.fr\/remiremontinfo\/?s={search_term_string}"},"query-input":"required name=search_term_string"}],"inLanguage":"fr-FR"},{"@type":"Organization","@id":"https:\/\/vosgesinfo.fr\/remiremontinfo\/#organization","name":"Remiremont Info","url":"https:\/\/vosgesinfo.fr\/remiremontinfo\/","logo":{"@type":"ImageObject","inLanguage":"fr-FR","@id":"https:\/\/vosgesinfo.fr\/remiremontinfo\/#\/schema\/logo\/image\/","url":"https:\/\/vosgesinfo.fr\/app\/uploads\/sites\/5\/2023\/08\/favicon-remiremontinfo.png","contentUrl":"https:\/\/vosgesinfo.fr\/app\/uploads\/sites\/5\/2023\/08\/favicon-remiremontinfo.png","width":512,"height":512,"caption":"Remiremont Info"},"image":{"@id":"https:\/\/vosgesinfo.fr\/remiremontinfo\/#\/schema\/logo\/image\/"},"sameAs":["https:\/\/www.facebook.com\/remiremontinfo","https:\/\/x.com\/VosgesInfo88","https:\/\/www.youtube.com\/@vosgesinfo"]},{"@type":"Person","@id":"https:\/\/vosgesinfo.fr\/remiremontinfo\/#\/schema\/person\/4f38cd3068e342935b7304695c797d08","name":"C.M","image":{"@type":"ImageObject","inLanguage":"fr-FR","@id":"https:\/\/vosgesinfo.fr\/remiremontinfo\/#\/schema\/person\/image\/","url":"https:\/\/secure.gravatar.com\/avatar\/fe9daaef0164d920717484172682f3c5c9bcf7d42aa8c7048c76c34f0eb6c8da?s=96&d=mm&r=g","contentUrl":"https:\/\/secure.gravatar.com\/avatar\/fe9daaef0164d920717484172682f3c5c9bcf7d42aa8c7048c76c34f0eb6c8da?s=96&d=mm&r=g","caption":"C.M"},"url":"https:\/\/vosgesinfo.fr\/remiremontinfo\/author\/cm88200\/"}]}},"_links":{"self":[{"href":"https:\/\/vosgesinfo.fr\/remiremontinfo\/wp-json\/wp\/v2\/posts\/83497","targetHints":{"allow":["GET"]}}],"collection":[{"href":"https:\/\/vosgesinfo.fr\/remiremontinfo\/wp-json\/wp\/v2\/posts"}],"about":[{"href":"https:\/\/vosgesinfo.fr\/remiremontinfo\/wp-json\/wp\/v2\/types\/post"}],"author":[{"embeddable":true,"href":"https:\/\/vosgesinfo.fr\/remiremontinfo\/wp-json\/wp\/v2\/users\/418"}],"replies":[{"embeddable":true,"href":"https:\/\/vosgesinfo.fr\/remiremontinfo\/wp-json\/wp\/v2\/comments?post=83497"}],"version-history":[{"count":1,"href":"https:\/\/vosgesinfo.fr\/remiremontinfo\/wp-json\/wp\/v2\/posts\/83497\/revisions"}],"predecessor-version":[{"id":83500,"href":"https:\/\/vosgesinfo.fr\/remiremontinfo\/wp-json\/wp\/v2\/posts\/83497\/revisions\/83500"}],"wp:featuredmedia":[{"embeddable":true,"href":"https:\/\/vosgesinfo.fr\/remiremontinfo\/wp-json\/wp\/v2\/media\/83499"}],"wp:attachment":[{"href":"https:\/\/vosgesinfo.fr\/remiremontinfo\/wp-json\/wp\/v2\/media?parent=83497"}],"wp:term":[{"taxonomy":"category","embeddable":true,"href":"https:\/\/vosgesinfo.fr\/remiremontinfo\/wp-json\/wp\/v2\/categories?post=83497"},{"taxonomy":"post_tag","embeddable":true,"href":"https:\/\/vosgesinfo.fr\/remiremontinfo\/wp-json\/wp\/v2\/tags?post=83497"}],"curies":[{"name":"wp","href":"https:\/\/api.w.org\/{rel}","templated":true}]}}