{"id":83517,"date":"2025-07-07T10:20:01","date_gmt":"2025-07-07T08:20:01","guid":{"rendered":"https:\/\/vosgesinfo.fr\/remiremontinfo\/?p=83517"},"modified":"2025-07-07T09:56:46","modified_gmt":"2025-07-07T07:56:46","slug":"la-quadrette-jean-dos-santos-de-beaulieu-remporte-le-12eme-challenge-pierre-poignet","status":"publish","type":"post","link":"https:\/\/vosgesinfo.fr\/remiremontinfo\/2025\/07\/la-quadrette-jean-dos-santos-de-beaulieu-remporte-le-12eme-challenge-pierre-poignet\/","title":{"rendered":"La Quadrette Jean DOS SANTOS de BEAULIEU remporte le 12\u00e8me Challenge Pierre POIGNET"},"content":{"rendered":"<div class=\"page\" title=\"Page 1\">\n<div class=\"layoutArea\">\n<div class=\"column\">\n<p><a href=\"https:\/\/vosgesinfo.fr\/app\/uploads\/sites\/5\/2025\/07\/gcl.jpg\"><img decoding=\"async\" class=\"aligncenter wp-image-83518 size-large\" src=\"https:\/\/vosgesinfo.fr\/app\/uploads\/sites\/5\/2025\/07\/gcl-787x1024.jpg\" alt=\"\" width=\"787\" height=\"1024\" srcset=\"https:\/\/vosgesinfo.fr\/app\/uploads\/sites\/5\/2025\/07\/gcl-787x1024.jpg 787w, https:\/\/vosgesinfo.fr\/app\/uploads\/sites\/5\/2025\/07\/gcl-231x300.jpg 231w, https:\/\/vosgesinfo.fr\/app\/uploads\/sites\/5\/2025\/07\/gcl-768x999.jpg 768w, https:\/\/vosgesinfo.fr\/app\/uploads\/sites\/5\/2025\/07\/gcl.jpg 956w\" sizes=\"(max-width: 787px) 100vw, 787px\" \/><\/a><\/p>\n<p><strong>Activite\u0301 SPORT-BOULES LYONNAISES<\/strong><\/p>\n<p><strong>La Quadrette Jean DOS SANTOS de BEAULIEU remporte le 12e\u0300me Challenge Pierre POIGNET<\/strong><\/p>\n<p>Jeudi 3 Juillet a\u0300 9H le GCL a organise\u0301 le 12e\u0300me Challenge Pierre POIGNET Concours Loisir (+ de 50ans) 8 quadrettes sur 4 parties.<\/p>\n<p>Le concours s&rsquo;est de\u0301roule\u0301 par chance sous une tempe\u0301rature agre\u0301able apre\u0300s une pe\u0301riode caniculaire, deux parties furent joue\u0301es le matin et deux l&rsquo;apre\u0300s midi apre\u0300s le repas de midi pre\u0301pare\u0301 par le traiteur Christophe LOUIS de Saint-Maurice sur Moselle, le classement est le suivant :<\/p>\n<div class=\"page\" title=\"Page 1\">\n<div class=\"layoutArea\">\n<div class=\"column\">\n<p>1er) DOS SANTOS Jean (AB BEAULIEU MANDEURE) Coupe Cre\u0301dit Agricole LE THILLOT<br \/>\n2e\u0300me) GERMAIN Claude (GCL LE THILLOT) Coupe Cre\u0301dit Agricole LE THILLOT<\/p>\n<p>3e\u0300me) LEVAL Bruno (VINCEY) Coupe Le Marathonien REMIREMONT 4e\u0300me) BAGNOLINI Marcello ( UB MULHOUSE)<br \/>\n5e\u0300me) ORIAT Claude (ASM BELFORT)<br \/>\n6e\u0300me) DUCRET Bruno (LUXEUIL)<\/p>\n<p>7e\u0300me) MULLER Roger (BLAINVILLE) 8e\u0300me) PORTE Jean-Marie (TOUL)<\/p>\n<p>Le GCL organisera prochainement 2 autres concours : Dimanche 27 juillet 9H00 Challenge de la Ville 32 Doubles Loisir.<\/p>\n<p>Dimanche 21 septembre 9H00 Challenge des Mynes du Thillot 16 Quadrettes Promotion.<\/p>\n<p>L&rsquo;animation Lyonnaise se de\u0301roule chaque vendredi a\u0300 15H00 en avril, mai, juin, septembre et octobre et chaque mardi a\u0300 15H00 en juillet et aou\u0302t .<\/p>\n<p>Renseignements RAMPAZZO Jean-Pierre 06.76.24.37.67.<\/p>\n<div class=\"page\" title=\"Page 2\">\n<div class=\"layoutArea\">\n<div class=\"column\">\n<p><strong>Activite\u0301 PETANQUE<\/strong><\/p>\n<p>Le Championnat des Clubs Ve\u0301te\u0301ran vient de s&rsquo;achever et le GCL termine 2e\u0300me de sa poule avec 12 Points avec un Point Average de 0 pour 3 victoires, 1 nul et 1 de\u0301faite dont les re\u0301sultats ont e\u0301te\u0301 les suivants.<\/p>\n<p><strong>Division D3A Ve\u0301te\u0301ran<\/strong><\/p>\n<p>Mardi 8 Avril 14H30 au VAL D&rsquo;AJOL GCL &#8211; VDL XONRUPT \u00ab B \u00bb &#8211; GCL 30 &#8211; 6 Mardi 22 Avril 14H30 a\u0300 XONRUPT<br \/>\nGCL \u2013 SAINTE- MARGUERITE 8 \u2013 28<\/p>\n<p>Mardi 13 Mai 14H30 a\u0300 REMIREMONT<br \/>\nGCL -LABRESSE\u00abC\u00bb18-18<br \/>\nMardi 27 Mai 14H30 a\u0300 BRUYERES<br \/>\nGCL -LEVALD&rsquo;AJOL\u00abA\u00bb24-12<br \/>\nMardi 10 Juin 14H30 a\u0300 SAINTE-MARGUERITE GCL &#8211; REMIREMONT \u00ab D \u00bb 24 \u2013 12<\/p>\n<p><strong>Concours Vacanciers<\/strong><\/p>\n<p>Le GCL organisera 4 concours vacanciers en doublettes a\u0300 la me\u0302le\u0301e tournante sur invitations les jeudis 10, 17, 24 et 31 Juillet au boulodrome (Exte\u0301rieur ou couvert suivant la me\u0301te\u0301o) du 46 rue de la Chaume au THILLOT a\u0300 partir de 14H.<\/p>\n<p>Frais de participation 4\u20ac par joueur pour 4 parties, Coupe au Vainqueur et lot a\u0300 chaque participant.<\/p>\n<p>Dimanche 10 aou\u0302t se de\u0301roulera le Souvenir Guy RUER en doublettes forme\u0301es Frais de participation 8 \u20ac par e\u0301quipe, Coupes aux Vainqueurs et lot a\u0300 chaque participant.<\/p>\n<p>L&rsquo;animation Pe\u0301tanque se de\u0301roule chaque mardi a\u0300 14H00 de de\u0301but septembre a\u0300 fin juin.<\/p>\n<p>Renseignements RAMPAZZO Jean-Pierre 06.76.24.37.67.<\/p>\n<\/div>\n<\/div>\n<\/div>\n<\/div>\n<\/div>\n<\/div>\n<\/div>\n<\/div>\n<\/div>\n","protected":false},"excerpt":{"rendered":"<p>Activite\u0301 SPORT-BOULES LYONNAISES La Quadrette Jean DOS SANTOS de BEAULIEU remporte le 12e\u0300me Challenge Pierre POIGNET Jeudi 3 Juillet a\u0300 [&hellip;]<\/p>\n","protected":false},"author":391,"featured_media":83518,"comment_status":"open","ping_status":"open","sticky":false,"template":"","format":"standard","meta":{"footnotes":""},"categories":[26,212,17],"tags":[1090],"class_list":["post-83517","post","type-post","status-publish","format-standard","has-post-thumbnail","hentry","category-a-la-une","category-le-thillot-le-thillot-son-canton","category-vie-associative","tag-gcl-petanque"],"acf":[],"yoast_head":"<!-- This site is optimized with the Yoast SEO plugin v22.5 - https:\/\/yoast.com\/wordpress\/plugins\/seo\/ -->\n<title>La Quadrette Jean DOS SANTOS de BEAULIEU remporte le 12\u00e8me Challenge Pierre POIGNET - Remiremont Info<\/title>\n<meta name=\"robots\" content=\"index, follow, max-snippet:-1, max-image-preview:large, max-video-preview:-1\" \/>\n<link rel=\"canonical\" href=\"https:\/\/vosgesinfo.fr\/remiremontinfo\/2025\/07\/la-quadrette-jean-dos-santos-de-beaulieu-remporte-le-12eme-challenge-pierre-poignet\/\" \/>\n<meta name=\"twitter:card\" content=\"summary_large_image\" \/>\n<meta name=\"twitter:title\" content=\"La Quadrette Jean DOS SANTOS de BEAULIEU remporte le 12\u00e8me Challenge Pierre POIGNET - Remiremont Info\" \/>\n<meta name=\"twitter:description\" content=\"Activite\u0301 SPORT-BOULES LYONNAISES La Quadrette Jean DOS SANTOS de BEAULIEU remporte le 12e\u0300me Challenge Pierre POIGNET Jeudi 3 Juillet a\u0300 [&hellip;]\" \/>\n<meta name=\"twitter:image\" content=\"https:\/\/vosgesinfo.fr\/app\/uploads\/sites\/5\/2025\/07\/gcl.jpg\" \/>\n<meta name=\"twitter:creator\" content=\"@VosgesInfo88\" \/>\n<meta name=\"twitter:site\" content=\"@VosgesInfo88\" \/>\n<meta name=\"twitter:label1\" content=\"\u00c9crit par\" \/>\n\t<meta name=\"twitter:data1\" content=\"La redaction\" \/>\n\t<meta name=\"twitter:label2\" content=\"Dur\u00e9e de lecture estim\u00e9e\" \/>\n\t<meta name=\"twitter:data2\" content=\"2 minutes\" \/>\n<script type=\"application\/ld+json\" class=\"yoast-schema-graph\">{\"@context\":\"https:\/\/schema.org\",\"@graph\":[{\"@type\":\"Article\",\"@id\":\"https:\/\/vosgesinfo.fr\/remiremontinfo\/2025\/07\/la-quadrette-jean-dos-santos-de-beaulieu-remporte-le-12eme-challenge-pierre-poignet\/#article\",\"isPartOf\":{\"@id\":\"https:\/\/vosgesinfo.fr\/remiremontinfo\/2025\/07\/la-quadrette-jean-dos-santos-de-beaulieu-remporte-le-12eme-challenge-pierre-poignet\/\"},\"author\":{\"name\":\"La redaction\",\"@id\":\"https:\/\/vosgesinfo.fr\/remiremontinfo\/#\/schema\/person\/27a3695b06db98895b354c0765cdfc31\"},\"headline\":\"La Quadrette Jean DOS SANTOS de BEAULIEU remporte le 12\u00e8me Challenge Pierre POIGNET\",\"datePublished\":\"2025-07-07T08:20:01+00:00\",\"dateModified\":\"2025-07-07T07:56:46+00:00\",\"mainEntityOfPage\":{\"@id\":\"https:\/\/vosgesinfo.fr\/remiremontinfo\/2025\/07\/la-quadrette-jean-dos-santos-de-beaulieu-remporte-le-12eme-challenge-pierre-poignet\/\"},\"wordCount\":431,\"commentCount\":1,\"publisher\":{\"@id\":\"https:\/\/vosgesinfo.fr\/remiremontinfo\/#organization\"},\"image\":{\"@id\":\"https:\/\/vosgesinfo.fr\/remiremontinfo\/2025\/07\/la-quadrette-jean-dos-santos-de-beaulieu-remporte-le-12eme-challenge-pierre-poignet\/#primaryimage\"},\"thumbnailUrl\":\"https:\/\/vosgesinfo.fr\/app\/uploads\/sites\/5\/2025\/07\/gcl.jpg\",\"keywords\":[\"GCL P\u00e9tanque\"],\"articleSection\":[\"A la Une\",\"Le Thillot\",\"Vie associative\"],\"inLanguage\":\"fr-FR\",\"potentialAction\":[{\"@type\":\"CommentAction\",\"name\":\"Comment\",\"target\":[\"https:\/\/vosgesinfo.fr\/remiremontinfo\/2025\/07\/la-quadrette-jean-dos-santos-de-beaulieu-remporte-le-12eme-challenge-pierre-poignet\/#respond\"]}]},{\"@type\":\"WebPage\",\"@id\":\"https:\/\/vosgesinfo.fr\/remiremontinfo\/2025\/07\/la-quadrette-jean-dos-santos-de-beaulieu-remporte-le-12eme-challenge-pierre-poignet\/\",\"url\":\"https:\/\/vosgesinfo.fr\/remiremontinfo\/2025\/07\/la-quadrette-jean-dos-santos-de-beaulieu-remporte-le-12eme-challenge-pierre-poignet\/\",\"name\":\"La Quadrette Jean DOS SANTOS de BEAULIEU remporte le 12\u00e8me Challenge Pierre POIGNET - Remiremont Info\",\"isPartOf\":{\"@id\":\"https:\/\/vosgesinfo.fr\/remiremontinfo\/#website\"},\"primaryImageOfPage\":{\"@id\":\"https:\/\/vosgesinfo.fr\/remiremontinfo\/2025\/07\/la-quadrette-jean-dos-santos-de-beaulieu-remporte-le-12eme-challenge-pierre-poignet\/#primaryimage\"},\"image\":{\"@id\":\"https:\/\/vosgesinfo.fr\/remiremontinfo\/2025\/07\/la-quadrette-jean-dos-santos-de-beaulieu-remporte-le-12eme-challenge-pierre-poignet\/#primaryimage\"},\"thumbnailUrl\":\"https:\/\/vosgesinfo.fr\/app\/uploads\/sites\/5\/2025\/07\/gcl.jpg\",\"datePublished\":\"2025-07-07T08:20:01+00:00\",\"dateModified\":\"2025-07-07T07:56:46+00:00\",\"breadcrumb\":{\"@id\":\"https:\/\/vosgesinfo.fr\/remiremontinfo\/2025\/07\/la-quadrette-jean-dos-santos-de-beaulieu-remporte-le-12eme-challenge-pierre-poignet\/#breadcrumb\"},\"inLanguage\":\"fr-FR\",\"potentialAction\":[{\"@type\":\"ReadAction\",\"target\":[\"https:\/\/vosgesinfo.fr\/remiremontinfo\/2025\/07\/la-quadrette-jean-dos-santos-de-beaulieu-remporte-le-12eme-challenge-pierre-poignet\/\"]}]},{\"@type\":\"ImageObject\",\"inLanguage\":\"fr-FR\",\"@id\":\"https:\/\/vosgesinfo.fr\/remiremontinfo\/2025\/07\/la-quadrette-jean-dos-santos-de-beaulieu-remporte-le-12eme-challenge-pierre-poignet\/#primaryimage\",\"url\":\"https:\/\/vosgesinfo.fr\/app\/uploads\/sites\/5\/2025\/07\/gcl.jpg\",\"contentUrl\":\"https:\/\/vosgesinfo.fr\/app\/uploads\/sites\/5\/2025\/07\/gcl.jpg\",\"width\":956,\"height\":1244},{\"@type\":\"BreadcrumbList\",\"@id\":\"https:\/\/vosgesinfo.fr\/remiremontinfo\/2025\/07\/la-quadrette-jean-dos-santos-de-beaulieu-remporte-le-12eme-challenge-pierre-poignet\/#breadcrumb\",\"itemListElement\":[{\"@type\":\"ListItem\",\"position\":1,\"name\":\"Home\",\"item\":\"https:\/\/vosgesinfo.fr\/remiremontinfo\/\"},{\"@type\":\"ListItem\",\"position\":2,\"name\":\"La Quadrette Jean DOS SANTOS de BEAULIEU remporte le 12\u00e8me Challenge Pierre POIGNET\"}]},{\"@type\":\"WebSite\",\"@id\":\"https:\/\/vosgesinfo.fr\/remiremontinfo\/#website\",\"url\":\"https:\/\/vosgesinfo.fr\/remiremontinfo\/\",\"name\":\"Remiremont Info\",\"description\":\"Toute l&#039;actualit\u00e9 de Remiremont\",\"publisher\":{\"@id\":\"https:\/\/vosgesinfo.fr\/remiremontinfo\/#organization\"},\"alternateName\":\"Toute l'actualit\u00e9 de Remiremont\",\"potentialAction\":[{\"@type\":\"SearchAction\",\"target\":{\"@type\":\"EntryPoint\",\"urlTemplate\":\"https:\/\/vosgesinfo.fr\/remiremontinfo\/?s={search_term_string}\"},\"query-input\":\"required name=search_term_string\"}],\"inLanguage\":\"fr-FR\"},{\"@type\":\"Organization\",\"@id\":\"https:\/\/vosgesinfo.fr\/remiremontinfo\/#organization\",\"name\":\"Remiremont Info\",\"url\":\"https:\/\/vosgesinfo.fr\/remiremontinfo\/\",\"logo\":{\"@type\":\"ImageObject\",\"inLanguage\":\"fr-FR\",\"@id\":\"https:\/\/vosgesinfo.fr\/remiremontinfo\/#\/schema\/logo\/image\/\",\"url\":\"https:\/\/vosgesinfo.fr\/app\/uploads\/sites\/5\/2023\/08\/favicon-remiremontinfo.png\",\"contentUrl\":\"https:\/\/vosgesinfo.fr\/app\/uploads\/sites\/5\/2023\/08\/favicon-remiremontinfo.png\",\"width\":512,\"height\":512,\"caption\":\"Remiremont Info\"},\"image\":{\"@id\":\"https:\/\/vosgesinfo.fr\/remiremontinfo\/#\/schema\/logo\/image\/\"},\"sameAs\":[\"https:\/\/www.facebook.com\/remiremontinfo\",\"https:\/\/x.com\/VosgesInfo88\",\"https:\/\/www.youtube.com\/@vosgesinfo\"]},{\"@type\":\"Person\",\"@id\":\"https:\/\/vosgesinfo.fr\/remiremontinfo\/#\/schema\/person\/27a3695b06db98895b354c0765cdfc31\",\"name\":\"La redaction\",\"image\":{\"@type\":\"ImageObject\",\"inLanguage\":\"fr-FR\",\"@id\":\"https:\/\/vosgesinfo.fr\/remiremontinfo\/#\/schema\/person\/image\/\",\"url\":\"https:\/\/secure.gravatar.com\/avatar\/64c76a78e501cedee55736f43f332df901e1896ae9cd8fad269ae2236dd0e8b6?s=96&d=mm&r=g\",\"contentUrl\":\"https:\/\/secure.gravatar.com\/avatar\/64c76a78e501cedee55736f43f332df901e1896ae9cd8fad269ae2236dd0e8b6?s=96&d=mm&r=g\",\"caption\":\"La redaction\"},\"url\":\"https:\/\/vosgesinfo.fr\/remiremontinfo\/author\/la-redaction\/\"}]}<\/script>\n<!-- \/ Yoast SEO plugin. -->","yoast_head_json":{"title":"La Quadrette Jean DOS SANTOS de BEAULIEU remporte le 12\u00e8me Challenge Pierre POIGNET - Remiremont Info","robots":{"index":"index","follow":"follow","max-snippet":"max-snippet:-1","max-image-preview":"max-image-preview:large","max-video-preview":"max-video-preview:-1"},"canonical":"https:\/\/vosgesinfo.fr\/remiremontinfo\/2025\/07\/la-quadrette-jean-dos-santos-de-beaulieu-remporte-le-12eme-challenge-pierre-poignet\/","twitter_card":"summary_large_image","twitter_title":"La Quadrette Jean DOS SANTOS de BEAULIEU remporte le 12\u00e8me Challenge Pierre POIGNET - Remiremont Info","twitter_description":"Activite\u0301 SPORT-BOULES LYONNAISES La Quadrette Jean DOS SANTOS de BEAULIEU remporte le 12e\u0300me Challenge Pierre POIGNET Jeudi 3 Juillet a\u0300 [&hellip;]","twitter_image":"https:\/\/vosgesinfo.fr\/app\/uploads\/sites\/5\/2025\/07\/gcl.jpg","twitter_creator":"@VosgesInfo88","twitter_site":"@VosgesInfo88","twitter_misc":{"\u00c9crit par":"La redaction","Dur\u00e9e de lecture estim\u00e9e":"2 minutes"},"schema":{"@context":"https:\/\/schema.org","@graph":[{"@type":"Article","@id":"https:\/\/vosgesinfo.fr\/remiremontinfo\/2025\/07\/la-quadrette-jean-dos-santos-de-beaulieu-remporte-le-12eme-challenge-pierre-poignet\/#article","isPartOf":{"@id":"https:\/\/vosgesinfo.fr\/remiremontinfo\/2025\/07\/la-quadrette-jean-dos-santos-de-beaulieu-remporte-le-12eme-challenge-pierre-poignet\/"},"author":{"name":"La redaction","@id":"https:\/\/vosgesinfo.fr\/remiremontinfo\/#\/schema\/person\/27a3695b06db98895b354c0765cdfc31"},"headline":"La Quadrette Jean DOS SANTOS de BEAULIEU remporte le 12\u00e8me Challenge Pierre POIGNET","datePublished":"2025-07-07T08:20:01+00:00","dateModified":"2025-07-07T07:56:46+00:00","mainEntityOfPage":{"@id":"https:\/\/vosgesinfo.fr\/remiremontinfo\/2025\/07\/la-quadrette-jean-dos-santos-de-beaulieu-remporte-le-12eme-challenge-pierre-poignet\/"},"wordCount":431,"commentCount":1,"publisher":{"@id":"https:\/\/vosgesinfo.fr\/remiremontinfo\/#organization"},"image":{"@id":"https:\/\/vosgesinfo.fr\/remiremontinfo\/2025\/07\/la-quadrette-jean-dos-santos-de-beaulieu-remporte-le-12eme-challenge-pierre-poignet\/#primaryimage"},"thumbnailUrl":"https:\/\/vosgesinfo.fr\/app\/uploads\/sites\/5\/2025\/07\/gcl.jpg","keywords":["GCL P\u00e9tanque"],"articleSection":["A la Une","Le Thillot","Vie associative"],"inLanguage":"fr-FR","potentialAction":[{"@type":"CommentAction","name":"Comment","target":["https:\/\/vosgesinfo.fr\/remiremontinfo\/2025\/07\/la-quadrette-jean-dos-santos-de-beaulieu-remporte-le-12eme-challenge-pierre-poignet\/#respond"]}]},{"@type":"WebPage","@id":"https:\/\/vosgesinfo.fr\/remiremontinfo\/2025\/07\/la-quadrette-jean-dos-santos-de-beaulieu-remporte-le-12eme-challenge-pierre-poignet\/","url":"https:\/\/vosgesinfo.fr\/remiremontinfo\/2025\/07\/la-quadrette-jean-dos-santos-de-beaulieu-remporte-le-12eme-challenge-pierre-poignet\/","name":"La Quadrette Jean DOS SANTOS de BEAULIEU remporte le 12\u00e8me Challenge Pierre POIGNET - Remiremont Info","isPartOf":{"@id":"https:\/\/vosgesinfo.fr\/remiremontinfo\/#website"},"primaryImageOfPage":{"@id":"https:\/\/vosgesinfo.fr\/remiremontinfo\/2025\/07\/la-quadrette-jean-dos-santos-de-beaulieu-remporte-le-12eme-challenge-pierre-poignet\/#primaryimage"},"image":{"@id":"https:\/\/vosgesinfo.fr\/remiremontinfo\/2025\/07\/la-quadrette-jean-dos-santos-de-beaulieu-remporte-le-12eme-challenge-pierre-poignet\/#primaryimage"},"thumbnailUrl":"https:\/\/vosgesinfo.fr\/app\/uploads\/sites\/5\/2025\/07\/gcl.jpg","datePublished":"2025-07-07T08:20:01+00:00","dateModified":"2025-07-07T07:56:46+00:00","breadcrumb":{"@id":"https:\/\/vosgesinfo.fr\/remiremontinfo\/2025\/07\/la-quadrette-jean-dos-santos-de-beaulieu-remporte-le-12eme-challenge-pierre-poignet\/#breadcrumb"},"inLanguage":"fr-FR","potentialAction":[{"@type":"ReadAction","target":["https:\/\/vosgesinfo.fr\/remiremontinfo\/2025\/07\/la-quadrette-jean-dos-santos-de-beaulieu-remporte-le-12eme-challenge-pierre-poignet\/"]}]},{"@type":"ImageObject","inLanguage":"fr-FR","@id":"https:\/\/vosgesinfo.fr\/remiremontinfo\/2025\/07\/la-quadrette-jean-dos-santos-de-beaulieu-remporte-le-12eme-challenge-pierre-poignet\/#primaryimage","url":"https:\/\/vosgesinfo.fr\/app\/uploads\/sites\/5\/2025\/07\/gcl.jpg","contentUrl":"https:\/\/vosgesinfo.fr\/app\/uploads\/sites\/5\/2025\/07\/gcl.jpg","width":956,"height":1244},{"@type":"BreadcrumbList","@id":"https:\/\/vosgesinfo.fr\/remiremontinfo\/2025\/07\/la-quadrette-jean-dos-santos-de-beaulieu-remporte-le-12eme-challenge-pierre-poignet\/#breadcrumb","itemListElement":[{"@type":"ListItem","position":1,"name":"Home","item":"https:\/\/vosgesinfo.fr\/remiremontinfo\/"},{"@type":"ListItem","position":2,"name":"La Quadrette Jean DOS SANTOS de BEAULIEU remporte le 12\u00e8me Challenge Pierre POIGNET"}]},{"@type":"WebSite","@id":"https:\/\/vosgesinfo.fr\/remiremontinfo\/#website","url":"https:\/\/vosgesinfo.fr\/remiremontinfo\/","name":"Remiremont Info","description":"Toute l&#039;actualit\u00e9 de Remiremont","publisher":{"@id":"https:\/\/vosgesinfo.fr\/remiremontinfo\/#organization"},"alternateName":"Toute l'actualit\u00e9 de Remiremont","potentialAction":[{"@type":"SearchAction","target":{"@type":"EntryPoint","urlTemplate":"https:\/\/vosgesinfo.fr\/remiremontinfo\/?s={search_term_string}"},"query-input":"required name=search_term_string"}],"inLanguage":"fr-FR"},{"@type":"Organization","@id":"https:\/\/vosgesinfo.fr\/remiremontinfo\/#organization","name":"Remiremont Info","url":"https:\/\/vosgesinfo.fr\/remiremontinfo\/","logo":{"@type":"ImageObject","inLanguage":"fr-FR","@id":"https:\/\/vosgesinfo.fr\/remiremontinfo\/#\/schema\/logo\/image\/","url":"https:\/\/vosgesinfo.fr\/app\/uploads\/sites\/5\/2023\/08\/favicon-remiremontinfo.png","contentUrl":"https:\/\/vosgesinfo.fr\/app\/uploads\/sites\/5\/2023\/08\/favicon-remiremontinfo.png","width":512,"height":512,"caption":"Remiremont Info"},"image":{"@id":"https:\/\/vosgesinfo.fr\/remiremontinfo\/#\/schema\/logo\/image\/"},"sameAs":["https:\/\/www.facebook.com\/remiremontinfo","https:\/\/x.com\/VosgesInfo88","https:\/\/www.youtube.com\/@vosgesinfo"]},{"@type":"Person","@id":"https:\/\/vosgesinfo.fr\/remiremontinfo\/#\/schema\/person\/27a3695b06db98895b354c0765cdfc31","name":"La redaction","image":{"@type":"ImageObject","inLanguage":"fr-FR","@id":"https:\/\/vosgesinfo.fr\/remiremontinfo\/#\/schema\/person\/image\/","url":"https:\/\/secure.gravatar.com\/avatar\/64c76a78e501cedee55736f43f332df901e1896ae9cd8fad269ae2236dd0e8b6?s=96&d=mm&r=g","contentUrl":"https:\/\/secure.gravatar.com\/avatar\/64c76a78e501cedee55736f43f332df901e1896ae9cd8fad269ae2236dd0e8b6?s=96&d=mm&r=g","caption":"La redaction"},"url":"https:\/\/vosgesinfo.fr\/remiremontinfo\/author\/la-redaction\/"}]}},"_links":{"self":[{"href":"https:\/\/vosgesinfo.fr\/remiremontinfo\/wp-json\/wp\/v2\/posts\/83517","targetHints":{"allow":["GET"]}}],"collection":[{"href":"https:\/\/vosgesinfo.fr\/remiremontinfo\/wp-json\/wp\/v2\/posts"}],"about":[{"href":"https:\/\/vosgesinfo.fr\/remiremontinfo\/wp-json\/wp\/v2\/types\/post"}],"author":[{"embeddable":true,"href":"https:\/\/vosgesinfo.fr\/remiremontinfo\/wp-json\/wp\/v2\/users\/391"}],"replies":[{"embeddable":true,"href":"https:\/\/vosgesinfo.fr\/remiremontinfo\/wp-json\/wp\/v2\/comments?post=83517"}],"version-history":[{"count":1,"href":"https:\/\/vosgesinfo.fr\/remiremontinfo\/wp-json\/wp\/v2\/posts\/83517\/revisions"}],"predecessor-version":[{"id":83519,"href":"https:\/\/vosgesinfo.fr\/remiremontinfo\/wp-json\/wp\/v2\/posts\/83517\/revisions\/83519"}],"wp:featuredmedia":[{"embeddable":true,"href":"https:\/\/vosgesinfo.fr\/remiremontinfo\/wp-json\/wp\/v2\/media\/83518"}],"wp:attachment":[{"href":"https:\/\/vosgesinfo.fr\/remiremontinfo\/wp-json\/wp\/v2\/media?parent=83517"}],"wp:term":[{"taxonomy":"category","embeddable":true,"href":"https:\/\/vosgesinfo.fr\/remiremontinfo\/wp-json\/wp\/v2\/categories?post=83517"},{"taxonomy":"post_tag","embeddable":true,"href":"https:\/\/vosgesinfo.fr\/remiremontinfo\/wp-json\/wp\/v2\/tags?post=83517"}],"curies":[{"name":"wp","href":"https:\/\/api.w.org\/{rel}","templated":true}]}}