{"id":83522,"date":"2025-07-07T11:30:10","date_gmt":"2025-07-07T09:30:10","guid":{"rendered":"https:\/\/vosgesinfo.fr\/remiremontinfo\/?p=83522"},"modified":"2025-07-07T10:13:12","modified_gmt":"2025-07-07T08:13:12","slug":"inauguration-du-nouveau-pont-des-truches-a-rochesson","status":"publish","type":"post","link":"https:\/\/vosgesinfo.fr\/remiremontinfo\/2025\/07\/inauguration-du-nouveau-pont-des-truches-a-rochesson\/","title":{"rendered":"Inauguration du nouveau pont des Truches \u00e0 Rochesson"},"content":{"rendered":"<div id=\"attachment_83523\" style=\"width: 778px\" class=\"wp-caption aligncenter\"><a href=\"https:\/\/vosgesinfo.fr\/app\/uploads\/sites\/5\/2025\/07\/pont-des-truches.jpg\"><img decoding=\"async\" aria-describedby=\"caption-attachment-83523\" class=\"wp-image-83523 size-full\" src=\"https:\/\/vosgesinfo.fr\/app\/uploads\/sites\/5\/2025\/07\/pont-des-truches.jpg\" alt=\"\" width=\"768\" height=\"575\" srcset=\"https:\/\/vosgesinfo.fr\/app\/uploads\/sites\/5\/2025\/07\/pont-des-truches.jpg 768w, https:\/\/vosgesinfo.fr\/app\/uploads\/sites\/5\/2025\/07\/pont-des-truches-300x225.jpg 300w\" sizes=\"(max-width: 768px) 100vw, 768px\" \/><\/a><p id=\"caption-attachment-83523\" class=\"wp-caption-text\">Photographie : Pr\u00e9fecture des Vosges.<\/p><\/div>\n<p data-start=\"123\" data-end=\"429\"><strong>Ce samedi 5 juillet, la commune de Rochesson a c\u00e9l\u00e9br\u00e9 l\u2019inauguration du pont des Truches, un axe essentiel pour la circulation locale. Enti\u00e8rement reconstruit en dix mois, cet ouvrage symbolise l\u2019engagement conjoint de l\u2019\u00c9tat et des collectivit\u00e9s pour la modernisation des infrastructures en milieu rural.<\/strong><\/p>\n<p data-start=\"431\" data-end=\"585\">\u00c0 cette occasion, Nicolas Gaillard, sous-pr\u00e9fet de Neufch\u00e2teau, a repr\u00e9sent\u00e9 Mme la Pr\u00e9f\u00e8te pour souligner l\u2019aboutissement de ce chantier d\u2019envergure.<\/p>\n<p data-start=\"587\" data-end=\"878\">Un investissement de plus de 200 000 euros a \u00e9t\u00e9 mobilis\u00e9 dans le cadre du Plan Ponts, programme national pilot\u00e9 par l\u2019\u00c9tat via le Cerema. Cet effort financier a permis de s\u00e9curiser durablement le pont et d\u2019am\u00e9liorer la voirie attenante, renfor\u00e7ant ainsi la s\u00e9curit\u00e9 des usagers.<\/p>\n<p data-start=\"880\" data-end=\"1156\">Outre les aspects techniques, le chantier a \u00e9t\u00e9 conduit dans le respect de l\u2019environnement, avec une attention particuli\u00e8re port\u00e9e \u00e0 la pr\u00e9servation de la qualit\u00e9 de l\u2019eau et des esp\u00e8ces pr\u00e9sentes, notamment le cincle plongeur, oiseau embl\u00e9matique des rivi\u00e8res vosgiennes.<\/p>\n<p data-start=\"1158\" data-end=\"1364\">Ce projet illustre concr\u00e8tement la volont\u00e9 de l\u2019\u00c9tat d\u2019accompagner les communes rurales dans leurs efforts de modernisation, tout en int\u00e9grant des enjeux de s\u00e9curit\u00e9 et de transition \u00e9cologique.<\/p>\n","protected":false},"excerpt":{"rendered":"<p>Ce samedi 5 juillet, la commune de Rochesson a c\u00e9l\u00e9br\u00e9 l\u2019inauguration du pont des Truches, un axe essentiel pour la [&hellip;]<\/p>\n","protected":false},"author":418,"featured_media":83523,"comment_status":"open","ping_status":"open","sticky":false,"template":"","format":"standard","meta":{"footnotes":""},"categories":[26,1547,43,90],"tags":[8245,92],"class_list":["post-83522","post","type-post","status-publish","format-standard","has-post-thumbnail","hentry","category-a-la-une","category-gerardmer-2","category-remiremont-remiremont-son-canton","category-rochesson","tag-pont-des-truches","tag-rochesson"],"acf":[],"yoast_head":"<!-- This site is optimized with the Yoast SEO plugin v22.5 - https:\/\/yoast.com\/wordpress\/plugins\/seo\/ -->\n<title>Inauguration du nouveau pont des Truches \u00e0 Rochesson - Remiremont Info<\/title>\n<meta name=\"robots\" content=\"index, follow, max-snippet:-1, max-image-preview:large, max-video-preview:-1\" \/>\n<link rel=\"canonical\" href=\"https:\/\/vosgesinfo.fr\/remiremontinfo\/2025\/07\/inauguration-du-nouveau-pont-des-truches-a-rochesson\/\" \/>\n<meta name=\"twitter:card\" content=\"summary_large_image\" \/>\n<meta name=\"twitter:title\" content=\"Inauguration du nouveau pont des Truches \u00e0 Rochesson - Remiremont Info\" \/>\n<meta name=\"twitter:description\" content=\"Ce samedi 5 juillet, la commune de Rochesson a c\u00e9l\u00e9br\u00e9 l\u2019inauguration du pont des Truches, un axe essentiel pour la [&hellip;]\" \/>\n<meta name=\"twitter:image\" content=\"https:\/\/vosgesinfo.fr\/app\/uploads\/sites\/5\/2025\/07\/pont-des-truches.jpg\" \/>\n<meta name=\"twitter:creator\" content=\"@VosgesInfo88\" \/>\n<meta name=\"twitter:site\" content=\"@VosgesInfo88\" \/>\n<meta name=\"twitter:label1\" content=\"\u00c9crit par\" \/>\n\t<meta name=\"twitter:data1\" content=\"C.M\" \/>\n\t<meta name=\"twitter:label2\" content=\"Dur\u00e9e de lecture estim\u00e9e\" \/>\n\t<meta name=\"twitter:data2\" content=\"1 minute\" \/>\n<script type=\"application\/ld+json\" class=\"yoast-schema-graph\">{\"@context\":\"https:\/\/schema.org\",\"@graph\":[{\"@type\":\"Article\",\"@id\":\"https:\/\/vosgesinfo.fr\/remiremontinfo\/2025\/07\/inauguration-du-nouveau-pont-des-truches-a-rochesson\/#article\",\"isPartOf\":{\"@id\":\"https:\/\/vosgesinfo.fr\/remiremontinfo\/2025\/07\/inauguration-du-nouveau-pont-des-truches-a-rochesson\/\"},\"author\":{\"name\":\"C.M\",\"@id\":\"https:\/\/vosgesinfo.fr\/remiremontinfo\/#\/schema\/person\/4f38cd3068e342935b7304695c797d08\"},\"headline\":\"Inauguration du nouveau pont des Truches \u00e0 Rochesson\",\"datePublished\":\"2025-07-07T09:30:10+00:00\",\"dateModified\":\"2025-07-07T08:13:12+00:00\",\"mainEntityOfPage\":{\"@id\":\"https:\/\/vosgesinfo.fr\/remiremontinfo\/2025\/07\/inauguration-du-nouveau-pont-des-truches-a-rochesson\/\"},\"wordCount\":227,\"commentCount\":0,\"publisher\":{\"@id\":\"https:\/\/vosgesinfo.fr\/remiremontinfo\/#organization\"},\"image\":{\"@id\":\"https:\/\/vosgesinfo.fr\/remiremontinfo\/2025\/07\/inauguration-du-nouveau-pont-des-truches-a-rochesson\/#primaryimage\"},\"thumbnailUrl\":\"https:\/\/vosgesinfo.fr\/app\/uploads\/sites\/5\/2025\/07\/pont-des-truches.jpg\",\"keywords\":[\"Pont des Truches\",\"rochesson\"],\"articleSection\":[\"A la Une\",\"Gerardmer\",\"Remiremont\",\"Rochesson\"],\"inLanguage\":\"fr-FR\",\"potentialAction\":[{\"@type\":\"CommentAction\",\"name\":\"Comment\",\"target\":[\"https:\/\/vosgesinfo.fr\/remiremontinfo\/2025\/07\/inauguration-du-nouveau-pont-des-truches-a-rochesson\/#respond\"]}]},{\"@type\":\"WebPage\",\"@id\":\"https:\/\/vosgesinfo.fr\/remiremontinfo\/2025\/07\/inauguration-du-nouveau-pont-des-truches-a-rochesson\/\",\"url\":\"https:\/\/vosgesinfo.fr\/remiremontinfo\/2025\/07\/inauguration-du-nouveau-pont-des-truches-a-rochesson\/\",\"name\":\"Inauguration du nouveau pont des Truches \u00e0 Rochesson - Remiremont Info\",\"isPartOf\":{\"@id\":\"https:\/\/vosgesinfo.fr\/remiremontinfo\/#website\"},\"primaryImageOfPage\":{\"@id\":\"https:\/\/vosgesinfo.fr\/remiremontinfo\/2025\/07\/inauguration-du-nouveau-pont-des-truches-a-rochesson\/#primaryimage\"},\"image\":{\"@id\":\"https:\/\/vosgesinfo.fr\/remiremontinfo\/2025\/07\/inauguration-du-nouveau-pont-des-truches-a-rochesson\/#primaryimage\"},\"thumbnailUrl\":\"https:\/\/vosgesinfo.fr\/app\/uploads\/sites\/5\/2025\/07\/pont-des-truches.jpg\",\"datePublished\":\"2025-07-07T09:30:10+00:00\",\"dateModified\":\"2025-07-07T08:13:12+00:00\",\"breadcrumb\":{\"@id\":\"https:\/\/vosgesinfo.fr\/remiremontinfo\/2025\/07\/inauguration-du-nouveau-pont-des-truches-a-rochesson\/#breadcrumb\"},\"inLanguage\":\"fr-FR\",\"potentialAction\":[{\"@type\":\"ReadAction\",\"target\":[\"https:\/\/vosgesinfo.fr\/remiremontinfo\/2025\/07\/inauguration-du-nouveau-pont-des-truches-a-rochesson\/\"]}]},{\"@type\":\"ImageObject\",\"inLanguage\":\"fr-FR\",\"@id\":\"https:\/\/vosgesinfo.fr\/remiremontinfo\/2025\/07\/inauguration-du-nouveau-pont-des-truches-a-rochesson\/#primaryimage\",\"url\":\"https:\/\/vosgesinfo.fr\/app\/uploads\/sites\/5\/2025\/07\/pont-des-truches.jpg\",\"contentUrl\":\"https:\/\/vosgesinfo.fr\/app\/uploads\/sites\/5\/2025\/07\/pont-des-truches.jpg\",\"width\":768,\"height\":575,\"caption\":\"Photographie : Pr\u00e9fecture des Vosges.\"},{\"@type\":\"BreadcrumbList\",\"@id\":\"https:\/\/vosgesinfo.fr\/remiremontinfo\/2025\/07\/inauguration-du-nouveau-pont-des-truches-a-rochesson\/#breadcrumb\",\"itemListElement\":[{\"@type\":\"ListItem\",\"position\":1,\"name\":\"Home\",\"item\":\"https:\/\/vosgesinfo.fr\/remiremontinfo\/\"},{\"@type\":\"ListItem\",\"position\":2,\"name\":\"Inauguration du nouveau pont des Truches \u00e0 Rochesson\"}]},{\"@type\":\"WebSite\",\"@id\":\"https:\/\/vosgesinfo.fr\/remiremontinfo\/#website\",\"url\":\"https:\/\/vosgesinfo.fr\/remiremontinfo\/\",\"name\":\"Remiremont Info\",\"description\":\"Toute l&#039;actualit\u00e9 de Remiremont\",\"publisher\":{\"@id\":\"https:\/\/vosgesinfo.fr\/remiremontinfo\/#organization\"},\"alternateName\":\"Toute l'actualit\u00e9 de Remiremont\",\"potentialAction\":[{\"@type\":\"SearchAction\",\"target\":{\"@type\":\"EntryPoint\",\"urlTemplate\":\"https:\/\/vosgesinfo.fr\/remiremontinfo\/?s={search_term_string}\"},\"query-input\":\"required name=search_term_string\"}],\"inLanguage\":\"fr-FR\"},{\"@type\":\"Organization\",\"@id\":\"https:\/\/vosgesinfo.fr\/remiremontinfo\/#organization\",\"name\":\"Remiremont Info\",\"url\":\"https:\/\/vosgesinfo.fr\/remiremontinfo\/\",\"logo\":{\"@type\":\"ImageObject\",\"inLanguage\":\"fr-FR\",\"@id\":\"https:\/\/vosgesinfo.fr\/remiremontinfo\/#\/schema\/logo\/image\/\",\"url\":\"https:\/\/vosgesinfo.fr\/app\/uploads\/sites\/5\/2023\/08\/favicon-remiremontinfo.png\",\"contentUrl\":\"https:\/\/vosgesinfo.fr\/app\/uploads\/sites\/5\/2023\/08\/favicon-remiremontinfo.png\",\"width\":512,\"height\":512,\"caption\":\"Remiremont Info\"},\"image\":{\"@id\":\"https:\/\/vosgesinfo.fr\/remiremontinfo\/#\/schema\/logo\/image\/\"},\"sameAs\":[\"https:\/\/www.facebook.com\/remiremontinfo\",\"https:\/\/x.com\/VosgesInfo88\",\"https:\/\/www.youtube.com\/@vosgesinfo\"]},{\"@type\":\"Person\",\"@id\":\"https:\/\/vosgesinfo.fr\/remiremontinfo\/#\/schema\/person\/4f38cd3068e342935b7304695c797d08\",\"name\":\"C.M\",\"image\":{\"@type\":\"ImageObject\",\"inLanguage\":\"fr-FR\",\"@id\":\"https:\/\/vosgesinfo.fr\/remiremontinfo\/#\/schema\/person\/image\/\",\"url\":\"https:\/\/secure.gravatar.com\/avatar\/fe9daaef0164d920717484172682f3c5c9bcf7d42aa8c7048c76c34f0eb6c8da?s=96&d=mm&r=g\",\"contentUrl\":\"https:\/\/secure.gravatar.com\/avatar\/fe9daaef0164d920717484172682f3c5c9bcf7d42aa8c7048c76c34f0eb6c8da?s=96&d=mm&r=g\",\"caption\":\"C.M\"},\"url\":\"https:\/\/vosgesinfo.fr\/remiremontinfo\/author\/cm88200\/\"}]}<\/script>\n<!-- \/ Yoast SEO plugin. -->","yoast_head_json":{"title":"Inauguration du nouveau pont des Truches \u00e0 Rochesson - Remiremont Info","robots":{"index":"index","follow":"follow","max-snippet":"max-snippet:-1","max-image-preview":"max-image-preview:large","max-video-preview":"max-video-preview:-1"},"canonical":"https:\/\/vosgesinfo.fr\/remiremontinfo\/2025\/07\/inauguration-du-nouveau-pont-des-truches-a-rochesson\/","twitter_card":"summary_large_image","twitter_title":"Inauguration du nouveau pont des Truches \u00e0 Rochesson - Remiremont Info","twitter_description":"Ce samedi 5 juillet, la commune de Rochesson a c\u00e9l\u00e9br\u00e9 l\u2019inauguration du pont des Truches, un axe essentiel pour la [&hellip;]","twitter_image":"https:\/\/vosgesinfo.fr\/app\/uploads\/sites\/5\/2025\/07\/pont-des-truches.jpg","twitter_creator":"@VosgesInfo88","twitter_site":"@VosgesInfo88","twitter_misc":{"\u00c9crit par":"C.M","Dur\u00e9e de lecture estim\u00e9e":"1 minute"},"schema":{"@context":"https:\/\/schema.org","@graph":[{"@type":"Article","@id":"https:\/\/vosgesinfo.fr\/remiremontinfo\/2025\/07\/inauguration-du-nouveau-pont-des-truches-a-rochesson\/#article","isPartOf":{"@id":"https:\/\/vosgesinfo.fr\/remiremontinfo\/2025\/07\/inauguration-du-nouveau-pont-des-truches-a-rochesson\/"},"author":{"name":"C.M","@id":"https:\/\/vosgesinfo.fr\/remiremontinfo\/#\/schema\/person\/4f38cd3068e342935b7304695c797d08"},"headline":"Inauguration du nouveau pont des Truches \u00e0 Rochesson","datePublished":"2025-07-07T09:30:10+00:00","dateModified":"2025-07-07T08:13:12+00:00","mainEntityOfPage":{"@id":"https:\/\/vosgesinfo.fr\/remiremontinfo\/2025\/07\/inauguration-du-nouveau-pont-des-truches-a-rochesson\/"},"wordCount":227,"commentCount":0,"publisher":{"@id":"https:\/\/vosgesinfo.fr\/remiremontinfo\/#organization"},"image":{"@id":"https:\/\/vosgesinfo.fr\/remiremontinfo\/2025\/07\/inauguration-du-nouveau-pont-des-truches-a-rochesson\/#primaryimage"},"thumbnailUrl":"https:\/\/vosgesinfo.fr\/app\/uploads\/sites\/5\/2025\/07\/pont-des-truches.jpg","keywords":["Pont des Truches","rochesson"],"articleSection":["A la Une","Gerardmer","Remiremont","Rochesson"],"inLanguage":"fr-FR","potentialAction":[{"@type":"CommentAction","name":"Comment","target":["https:\/\/vosgesinfo.fr\/remiremontinfo\/2025\/07\/inauguration-du-nouveau-pont-des-truches-a-rochesson\/#respond"]}]},{"@type":"WebPage","@id":"https:\/\/vosgesinfo.fr\/remiremontinfo\/2025\/07\/inauguration-du-nouveau-pont-des-truches-a-rochesson\/","url":"https:\/\/vosgesinfo.fr\/remiremontinfo\/2025\/07\/inauguration-du-nouveau-pont-des-truches-a-rochesson\/","name":"Inauguration du nouveau pont des Truches \u00e0 Rochesson - Remiremont Info","isPartOf":{"@id":"https:\/\/vosgesinfo.fr\/remiremontinfo\/#website"},"primaryImageOfPage":{"@id":"https:\/\/vosgesinfo.fr\/remiremontinfo\/2025\/07\/inauguration-du-nouveau-pont-des-truches-a-rochesson\/#primaryimage"},"image":{"@id":"https:\/\/vosgesinfo.fr\/remiremontinfo\/2025\/07\/inauguration-du-nouveau-pont-des-truches-a-rochesson\/#primaryimage"},"thumbnailUrl":"https:\/\/vosgesinfo.fr\/app\/uploads\/sites\/5\/2025\/07\/pont-des-truches.jpg","datePublished":"2025-07-07T09:30:10+00:00","dateModified":"2025-07-07T08:13:12+00:00","breadcrumb":{"@id":"https:\/\/vosgesinfo.fr\/remiremontinfo\/2025\/07\/inauguration-du-nouveau-pont-des-truches-a-rochesson\/#breadcrumb"},"inLanguage":"fr-FR","potentialAction":[{"@type":"ReadAction","target":["https:\/\/vosgesinfo.fr\/remiremontinfo\/2025\/07\/inauguration-du-nouveau-pont-des-truches-a-rochesson\/"]}]},{"@type":"ImageObject","inLanguage":"fr-FR","@id":"https:\/\/vosgesinfo.fr\/remiremontinfo\/2025\/07\/inauguration-du-nouveau-pont-des-truches-a-rochesson\/#primaryimage","url":"https:\/\/vosgesinfo.fr\/app\/uploads\/sites\/5\/2025\/07\/pont-des-truches.jpg","contentUrl":"https:\/\/vosgesinfo.fr\/app\/uploads\/sites\/5\/2025\/07\/pont-des-truches.jpg","width":768,"height":575,"caption":"Photographie : Pr\u00e9fecture des Vosges."},{"@type":"BreadcrumbList","@id":"https:\/\/vosgesinfo.fr\/remiremontinfo\/2025\/07\/inauguration-du-nouveau-pont-des-truches-a-rochesson\/#breadcrumb","itemListElement":[{"@type":"ListItem","position":1,"name":"Home","item":"https:\/\/vosgesinfo.fr\/remiremontinfo\/"},{"@type":"ListItem","position":2,"name":"Inauguration du nouveau pont des Truches \u00e0 Rochesson"}]},{"@type":"WebSite","@id":"https:\/\/vosgesinfo.fr\/remiremontinfo\/#website","url":"https:\/\/vosgesinfo.fr\/remiremontinfo\/","name":"Remiremont Info","description":"Toute l&#039;actualit\u00e9 de Remiremont","publisher":{"@id":"https:\/\/vosgesinfo.fr\/remiremontinfo\/#organization"},"alternateName":"Toute l'actualit\u00e9 de Remiremont","potentialAction":[{"@type":"SearchAction","target":{"@type":"EntryPoint","urlTemplate":"https:\/\/vosgesinfo.fr\/remiremontinfo\/?s={search_term_string}"},"query-input":"required name=search_term_string"}],"inLanguage":"fr-FR"},{"@type":"Organization","@id":"https:\/\/vosgesinfo.fr\/remiremontinfo\/#organization","name":"Remiremont Info","url":"https:\/\/vosgesinfo.fr\/remiremontinfo\/","logo":{"@type":"ImageObject","inLanguage":"fr-FR","@id":"https:\/\/vosgesinfo.fr\/remiremontinfo\/#\/schema\/logo\/image\/","url":"https:\/\/vosgesinfo.fr\/app\/uploads\/sites\/5\/2023\/08\/favicon-remiremontinfo.png","contentUrl":"https:\/\/vosgesinfo.fr\/app\/uploads\/sites\/5\/2023\/08\/favicon-remiremontinfo.png","width":512,"height":512,"caption":"Remiremont Info"},"image":{"@id":"https:\/\/vosgesinfo.fr\/remiremontinfo\/#\/schema\/logo\/image\/"},"sameAs":["https:\/\/www.facebook.com\/remiremontinfo","https:\/\/x.com\/VosgesInfo88","https:\/\/www.youtube.com\/@vosgesinfo"]},{"@type":"Person","@id":"https:\/\/vosgesinfo.fr\/remiremontinfo\/#\/schema\/person\/4f38cd3068e342935b7304695c797d08","name":"C.M","image":{"@type":"ImageObject","inLanguage":"fr-FR","@id":"https:\/\/vosgesinfo.fr\/remiremontinfo\/#\/schema\/person\/image\/","url":"https:\/\/secure.gravatar.com\/avatar\/fe9daaef0164d920717484172682f3c5c9bcf7d42aa8c7048c76c34f0eb6c8da?s=96&d=mm&r=g","contentUrl":"https:\/\/secure.gravatar.com\/avatar\/fe9daaef0164d920717484172682f3c5c9bcf7d42aa8c7048c76c34f0eb6c8da?s=96&d=mm&r=g","caption":"C.M"},"url":"https:\/\/vosgesinfo.fr\/remiremontinfo\/author\/cm88200\/"}]}},"_links":{"self":[{"href":"https:\/\/vosgesinfo.fr\/remiremontinfo\/wp-json\/wp\/v2\/posts\/83522","targetHints":{"allow":["GET"]}}],"collection":[{"href":"https:\/\/vosgesinfo.fr\/remiremontinfo\/wp-json\/wp\/v2\/posts"}],"about":[{"href":"https:\/\/vosgesinfo.fr\/remiremontinfo\/wp-json\/wp\/v2\/types\/post"}],"author":[{"embeddable":true,"href":"https:\/\/vosgesinfo.fr\/remiremontinfo\/wp-json\/wp\/v2\/users\/418"}],"replies":[{"embeddable":true,"href":"https:\/\/vosgesinfo.fr\/remiremontinfo\/wp-json\/wp\/v2\/comments?post=83522"}],"version-history":[{"count":1,"href":"https:\/\/vosgesinfo.fr\/remiremontinfo\/wp-json\/wp\/v2\/posts\/83522\/revisions"}],"predecessor-version":[{"id":83524,"href":"https:\/\/vosgesinfo.fr\/remiremontinfo\/wp-json\/wp\/v2\/posts\/83522\/revisions\/83524"}],"wp:featuredmedia":[{"embeddable":true,"href":"https:\/\/vosgesinfo.fr\/remiremontinfo\/wp-json\/wp\/v2\/media\/83523"}],"wp:attachment":[{"href":"https:\/\/vosgesinfo.fr\/remiremontinfo\/wp-json\/wp\/v2\/media?parent=83522"}],"wp:term":[{"taxonomy":"category","embeddable":true,"href":"https:\/\/vosgesinfo.fr\/remiremontinfo\/wp-json\/wp\/v2\/categories?post=83522"},{"taxonomy":"post_tag","embeddable":true,"href":"https:\/\/vosgesinfo.fr\/remiremontinfo\/wp-json\/wp\/v2\/tags?post=83522"}],"curies":[{"name":"wp","href":"https:\/\/api.w.org\/{rel}","templated":true}]}}