{"id":83537,"date":"2025-07-07T16:00:50","date_gmt":"2025-07-07T14:00:50","guid":{"rendered":"https:\/\/vosgesinfo.fr\/remiremontinfo\/?p=83537"},"modified":"2025-07-07T15:36:34","modified_gmt":"2025-07-07T13:36:34","slug":"ordre-du-jour-du-prochain-conseil-municipal-de-vagney-6","status":"publish","type":"post","link":"https:\/\/vosgesinfo.fr\/remiremontinfo\/2025\/07\/ordre-du-jour-du-prochain-conseil-municipal-de-vagney-6\/","title":{"rendered":"Ordre du jour du prochain conseil municipal de Vagney"},"content":{"rendered":"<div class=\"page\" title=\"Page 1\">\n<div class=\"layoutArea\">\n<div class=\"column\">\n<p><a href=\"https:\/\/vosgesinfo.fr\/app\/uploads\/sites\/5\/2024\/02\/mairie-vagney-scaled.jpg\"><img decoding=\"async\" class=\"aligncenter size-medium wp-image-4528\" src=\"https:\/\/vosgesinfo.fr\/app\/uploads\/sites\/5\/2024\/02\/mairie-vagney-300x225.jpg\" alt=\"\" width=\"300\" height=\"225\" srcset=\"https:\/\/vosgesinfo.fr\/app\/uploads\/sites\/5\/2024\/02\/mairie-vagney-300x225.jpg 300w, https:\/\/vosgesinfo.fr\/app\/uploads\/sites\/5\/2024\/02\/mairie-vagney-1024x768.jpg 1024w, https:\/\/vosgesinfo.fr\/app\/uploads\/sites\/5\/2024\/02\/mairie-vagney-768x576.jpg 768w, https:\/\/vosgesinfo.fr\/app\/uploads\/sites\/5\/2024\/02\/mairie-vagney-1536x1152.jpg 1536w, https:\/\/vosgesinfo.fr\/app\/uploads\/sites\/5\/2024\/02\/mairie-vagney-2048x1536.jpg 2048w\" sizes=\"(max-width: 300px) 100vw, 300px\" \/><\/a><\/p>\n<p><strong>ORDRE DU JOUR DU CONSEIL MUNICIPAL DU LUNDI 07 JUILLET 2025 A 20h00<\/strong><\/p>\n<ul>\n<li>Examen et validation du proce\u0300s-verbal de la se\u0301ance du 04 juin 2025.<\/li>\n<li>Compte rendu des de\u0301le\u0301gations du Conseil Municipal au Maire<\/li>\n<\/ul>\n<p>o Exercice du droit de pre\u0301emption urbain.<br \/>\no Devis et contrats divers.<br \/>\no Signature d\u2019un contrat de pre\u0302t pour ligne de tre\u0301sorerie avec le cre\u0301dit mutuel pour un<\/p>\n<p>montant de 100 000,00 \u20ac.<br \/>\no Finances\u2013Budgetprincipal\u2013de\u0301cisionsmodificativesbudge\u0301tairesn\u00b02etn\u00b03.<br \/>\no Sinistres \u2013 Lettre d\u2019acceptation du remboursement des dommages suite a\u0300 l\u2019incendie<\/p>\n<p>du chalet du Haut des Charmes.<\/p>\n<p>1 \u2013 Finances \u2013 Participation financie\u0300re aux travaux de re\u0301fection du pont de la Lombarde situe\u0301 sur les Communes de Vagney et Le Tholy.<br \/>\n2 \u2013 Personnel \u2013 Re\u0301gime indemnitaire de la filie\u0300re police municipale \u2013 Indemnite\u0301 spe\u0301ciale de fonction et d\u2019engagement.<\/p>\n<p>3 \u2013 Personnel \u2013 Signature d\u2019une convention cadre de mise a\u0300 disposition de personnel contractuel a\u0300 titre temporaire par le centre de gestion des Vosges<br \/>\n4 \u2013 Personnel \u2013 Autorisation de signature d\u2019une convention de mise a\u0300 disposition de personnel communal avec le syndicat scolaire du Ban de Vagney.<\/p>\n<p>5 \u2013 Domaines \u2013 Achat de terrain a\u0300 Monsieur Ste\u0301phane ANDREUX d\u2019une partie de parcelle AK11 pour terrain d\u2019emprise d\u2019un poste de transformation du re\u0301seau e\u0301lectrique et d\u2019un poste de relevage d\u2019assainissement.<br \/>\n6 \u2013 Associations \u2013 Re\u0300glement de location du ve\u0301hicule municipal aux associations \u2013 Modificatifs.<\/p>\n<p>7 \u2013 Questions et informations diverses<\/p>\n<p>o Travaux.<br \/>\no Agenda.<br \/>\no Fusion des associations \u00ab La Cabane des Sotre\u0301s \u00bb et \u00ab Les p\u2019tites gueules \u00bb a\u0300 effet au 1er<\/p>\n<p>septembre 2025.<br \/>\no Antenne relais au Bois Abeck \u2013 retrait de la de\u0301cision de non-opposition a\u0300 de\u0301claration<\/p>\n<p>pre\u0301alable.<\/p>\n<\/div>\n<\/div>\n<\/div>\n","protected":false},"excerpt":{"rendered":"<p>ORDRE DU JOUR DU CONSEIL MUNICIPAL DU LUNDI 07 JUILLET 2025 A 20h00 Examen et validation du proce\u0300s-verbal de la [&hellip;]<\/p>\n","protected":false},"author":391,"featured_media":4528,"comment_status":"open","ping_status":"open","sticky":false,"template":"","format":"standard","meta":{"footnotes":""},"categories":[26,594,2,36],"tags":[581,1552,160],"class_list":["post-83537","post","type-post","status-publish","format-standard","has-post-thumbnail","hentry","category-a-la-une","category-agenda","category-annonces-legales","category-vagney","tag-conseil-municipal","tag-ordre-du-jour","tag-vagney"],"acf":[],"yoast_head":"<!-- This site is optimized with the Yoast SEO plugin v22.5 - https:\/\/yoast.com\/wordpress\/plugins\/seo\/ -->\n<title>Ordre du jour du prochain conseil municipal de Vagney - Remiremont Info<\/title>\n<meta name=\"robots\" content=\"index, follow, max-snippet:-1, max-image-preview:large, max-video-preview:-1\" \/>\n<link rel=\"canonical\" href=\"https:\/\/vosgesinfo.fr\/remiremontinfo\/2025\/07\/ordre-du-jour-du-prochain-conseil-municipal-de-vagney-6\/\" \/>\n<meta name=\"twitter:card\" content=\"summary_large_image\" \/>\n<meta name=\"twitter:title\" content=\"Ordre du jour du prochain conseil municipal de Vagney - Remiremont Info\" \/>\n<meta name=\"twitter:description\" content=\"ORDRE DU JOUR DU CONSEIL MUNICIPAL DU LUNDI 07 JUILLET 2025 A 20h00 Examen et validation du proce\u0300s-verbal de la [&hellip;]\" \/>\n<meta name=\"twitter:image\" content=\"https:\/\/vosgesinfo.fr\/app\/uploads\/sites\/5\/2024\/02\/mairie-vagney-scaled.jpg\" \/>\n<meta name=\"twitter:creator\" content=\"@VosgesInfo88\" \/>\n<meta name=\"twitter:site\" content=\"@VosgesInfo88\" \/>\n<meta name=\"twitter:label1\" content=\"\u00c9crit par\" \/>\n\t<meta name=\"twitter:data1\" content=\"La redaction\" \/>\n\t<meta name=\"twitter:label2\" content=\"Dur\u00e9e de lecture estim\u00e9e\" \/>\n\t<meta name=\"twitter:data2\" content=\"1 minute\" \/>\n<script type=\"application\/ld+json\" class=\"yoast-schema-graph\">{\"@context\":\"https:\/\/schema.org\",\"@graph\":[{\"@type\":\"Article\",\"@id\":\"https:\/\/vosgesinfo.fr\/remiremontinfo\/2025\/07\/ordre-du-jour-du-prochain-conseil-municipal-de-vagney-6\/#article\",\"isPartOf\":{\"@id\":\"https:\/\/vosgesinfo.fr\/remiremontinfo\/2025\/07\/ordre-du-jour-du-prochain-conseil-municipal-de-vagney-6\/\"},\"author\":{\"name\":\"La redaction\",\"@id\":\"https:\/\/vosgesinfo.fr\/remiremontinfo\/#\/schema\/person\/27a3695b06db98895b354c0765cdfc31\"},\"headline\":\"Ordre du jour du prochain conseil municipal de Vagney\",\"datePublished\":\"2025-07-07T14:00:50+00:00\",\"dateModified\":\"2025-07-07T13:36:34+00:00\",\"mainEntityOfPage\":{\"@id\":\"https:\/\/vosgesinfo.fr\/remiremontinfo\/2025\/07\/ordre-du-jour-du-prochain-conseil-municipal-de-vagney-6\/\"},\"wordCount\":284,\"commentCount\":0,\"publisher\":{\"@id\":\"https:\/\/vosgesinfo.fr\/remiremontinfo\/#organization\"},\"image\":{\"@id\":\"https:\/\/vosgesinfo.fr\/remiremontinfo\/2025\/07\/ordre-du-jour-du-prochain-conseil-municipal-de-vagney-6\/#primaryimage\"},\"thumbnailUrl\":\"https:\/\/vosgesinfo.fr\/app\/uploads\/sites\/5\/2024\/02\/mairie-vagney-scaled.jpg\",\"keywords\":[\"conseil municipal\",\"Ordre du jour\",\"vagney\"],\"articleSection\":[\"A la Une\",\"Agenda\",\"Annonces L\u00e9gales\",\"Vagney\"],\"inLanguage\":\"fr-FR\",\"potentialAction\":[{\"@type\":\"CommentAction\",\"name\":\"Comment\",\"target\":[\"https:\/\/vosgesinfo.fr\/remiremontinfo\/2025\/07\/ordre-du-jour-du-prochain-conseil-municipal-de-vagney-6\/#respond\"]}]},{\"@type\":\"WebPage\",\"@id\":\"https:\/\/vosgesinfo.fr\/remiremontinfo\/2025\/07\/ordre-du-jour-du-prochain-conseil-municipal-de-vagney-6\/\",\"url\":\"https:\/\/vosgesinfo.fr\/remiremontinfo\/2025\/07\/ordre-du-jour-du-prochain-conseil-municipal-de-vagney-6\/\",\"name\":\"Ordre du jour du prochain conseil municipal de Vagney - Remiremont Info\",\"isPartOf\":{\"@id\":\"https:\/\/vosgesinfo.fr\/remiremontinfo\/#website\"},\"primaryImageOfPage\":{\"@id\":\"https:\/\/vosgesinfo.fr\/remiremontinfo\/2025\/07\/ordre-du-jour-du-prochain-conseil-municipal-de-vagney-6\/#primaryimage\"},\"image\":{\"@id\":\"https:\/\/vosgesinfo.fr\/remiremontinfo\/2025\/07\/ordre-du-jour-du-prochain-conseil-municipal-de-vagney-6\/#primaryimage\"},\"thumbnailUrl\":\"https:\/\/vosgesinfo.fr\/app\/uploads\/sites\/5\/2024\/02\/mairie-vagney-scaled.jpg\",\"datePublished\":\"2025-07-07T14:00:50+00:00\",\"dateModified\":\"2025-07-07T13:36:34+00:00\",\"breadcrumb\":{\"@id\":\"https:\/\/vosgesinfo.fr\/remiremontinfo\/2025\/07\/ordre-du-jour-du-prochain-conseil-municipal-de-vagney-6\/#breadcrumb\"},\"inLanguage\":\"fr-FR\",\"potentialAction\":[{\"@type\":\"ReadAction\",\"target\":[\"https:\/\/vosgesinfo.fr\/remiremontinfo\/2025\/07\/ordre-du-jour-du-prochain-conseil-municipal-de-vagney-6\/\"]}]},{\"@type\":\"ImageObject\",\"inLanguage\":\"fr-FR\",\"@id\":\"https:\/\/vosgesinfo.fr\/remiremontinfo\/2025\/07\/ordre-du-jour-du-prochain-conseil-municipal-de-vagney-6\/#primaryimage\",\"url\":\"https:\/\/vosgesinfo.fr\/app\/uploads\/sites\/5\/2024\/02\/mairie-vagney-scaled.jpg\",\"contentUrl\":\"https:\/\/vosgesinfo.fr\/app\/uploads\/sites\/5\/2024\/02\/mairie-vagney-scaled.jpg\",\"width\":2560,\"height\":1920},{\"@type\":\"BreadcrumbList\",\"@id\":\"https:\/\/vosgesinfo.fr\/remiremontinfo\/2025\/07\/ordre-du-jour-du-prochain-conseil-municipal-de-vagney-6\/#breadcrumb\",\"itemListElement\":[{\"@type\":\"ListItem\",\"position\":1,\"name\":\"Home\",\"item\":\"https:\/\/vosgesinfo.fr\/remiremontinfo\/\"},{\"@type\":\"ListItem\",\"position\":2,\"name\":\"Ordre du jour du prochain conseil municipal de Vagney\"}]},{\"@type\":\"WebSite\",\"@id\":\"https:\/\/vosgesinfo.fr\/remiremontinfo\/#website\",\"url\":\"https:\/\/vosgesinfo.fr\/remiremontinfo\/\",\"name\":\"Remiremont Info\",\"description\":\"Toute l&#039;actualit\u00e9 de Remiremont\",\"publisher\":{\"@id\":\"https:\/\/vosgesinfo.fr\/remiremontinfo\/#organization\"},\"alternateName\":\"Toute l'actualit\u00e9 de Remiremont\",\"potentialAction\":[{\"@type\":\"SearchAction\",\"target\":{\"@type\":\"EntryPoint\",\"urlTemplate\":\"https:\/\/vosgesinfo.fr\/remiremontinfo\/?s={search_term_string}\"},\"query-input\":\"required name=search_term_string\"}],\"inLanguage\":\"fr-FR\"},{\"@type\":\"Organization\",\"@id\":\"https:\/\/vosgesinfo.fr\/remiremontinfo\/#organization\",\"name\":\"Remiremont Info\",\"url\":\"https:\/\/vosgesinfo.fr\/remiremontinfo\/\",\"logo\":{\"@type\":\"ImageObject\",\"inLanguage\":\"fr-FR\",\"@id\":\"https:\/\/vosgesinfo.fr\/remiremontinfo\/#\/schema\/logo\/image\/\",\"url\":\"https:\/\/vosgesinfo.fr\/app\/uploads\/sites\/5\/2023\/08\/favicon-remiremontinfo.png\",\"contentUrl\":\"https:\/\/vosgesinfo.fr\/app\/uploads\/sites\/5\/2023\/08\/favicon-remiremontinfo.png\",\"width\":512,\"height\":512,\"caption\":\"Remiremont Info\"},\"image\":{\"@id\":\"https:\/\/vosgesinfo.fr\/remiremontinfo\/#\/schema\/logo\/image\/\"},\"sameAs\":[\"https:\/\/www.facebook.com\/remiremontinfo\",\"https:\/\/x.com\/VosgesInfo88\",\"https:\/\/www.youtube.com\/@vosgesinfo\"]},{\"@type\":\"Person\",\"@id\":\"https:\/\/vosgesinfo.fr\/remiremontinfo\/#\/schema\/person\/27a3695b06db98895b354c0765cdfc31\",\"name\":\"La redaction\",\"image\":{\"@type\":\"ImageObject\",\"inLanguage\":\"fr-FR\",\"@id\":\"https:\/\/vosgesinfo.fr\/remiremontinfo\/#\/schema\/person\/image\/\",\"url\":\"https:\/\/secure.gravatar.com\/avatar\/64c76a78e501cedee55736f43f332df901e1896ae9cd8fad269ae2236dd0e8b6?s=96&d=mm&r=g\",\"contentUrl\":\"https:\/\/secure.gravatar.com\/avatar\/64c76a78e501cedee55736f43f332df901e1896ae9cd8fad269ae2236dd0e8b6?s=96&d=mm&r=g\",\"caption\":\"La redaction\"},\"url\":\"https:\/\/vosgesinfo.fr\/remiremontinfo\/author\/la-redaction\/\"}]}<\/script>\n<!-- \/ Yoast SEO plugin. -->","yoast_head_json":{"title":"Ordre du jour du prochain conseil municipal de Vagney - Remiremont Info","robots":{"index":"index","follow":"follow","max-snippet":"max-snippet:-1","max-image-preview":"max-image-preview:large","max-video-preview":"max-video-preview:-1"},"canonical":"https:\/\/vosgesinfo.fr\/remiremontinfo\/2025\/07\/ordre-du-jour-du-prochain-conseil-municipal-de-vagney-6\/","twitter_card":"summary_large_image","twitter_title":"Ordre du jour du prochain conseil municipal de Vagney - Remiremont Info","twitter_description":"ORDRE DU JOUR DU CONSEIL MUNICIPAL DU LUNDI 07 JUILLET 2025 A 20h00 Examen et validation du proce\u0300s-verbal de la [&hellip;]","twitter_image":"https:\/\/vosgesinfo.fr\/app\/uploads\/sites\/5\/2024\/02\/mairie-vagney-scaled.jpg","twitter_creator":"@VosgesInfo88","twitter_site":"@VosgesInfo88","twitter_misc":{"\u00c9crit par":"La redaction","Dur\u00e9e de lecture estim\u00e9e":"1 minute"},"schema":{"@context":"https:\/\/schema.org","@graph":[{"@type":"Article","@id":"https:\/\/vosgesinfo.fr\/remiremontinfo\/2025\/07\/ordre-du-jour-du-prochain-conseil-municipal-de-vagney-6\/#article","isPartOf":{"@id":"https:\/\/vosgesinfo.fr\/remiremontinfo\/2025\/07\/ordre-du-jour-du-prochain-conseil-municipal-de-vagney-6\/"},"author":{"name":"La redaction","@id":"https:\/\/vosgesinfo.fr\/remiremontinfo\/#\/schema\/person\/27a3695b06db98895b354c0765cdfc31"},"headline":"Ordre du jour du prochain conseil municipal de Vagney","datePublished":"2025-07-07T14:00:50+00:00","dateModified":"2025-07-07T13:36:34+00:00","mainEntityOfPage":{"@id":"https:\/\/vosgesinfo.fr\/remiremontinfo\/2025\/07\/ordre-du-jour-du-prochain-conseil-municipal-de-vagney-6\/"},"wordCount":284,"commentCount":0,"publisher":{"@id":"https:\/\/vosgesinfo.fr\/remiremontinfo\/#organization"},"image":{"@id":"https:\/\/vosgesinfo.fr\/remiremontinfo\/2025\/07\/ordre-du-jour-du-prochain-conseil-municipal-de-vagney-6\/#primaryimage"},"thumbnailUrl":"https:\/\/vosgesinfo.fr\/app\/uploads\/sites\/5\/2024\/02\/mairie-vagney-scaled.jpg","keywords":["conseil municipal","Ordre du jour","vagney"],"articleSection":["A la Une","Agenda","Annonces L\u00e9gales","Vagney"],"inLanguage":"fr-FR","potentialAction":[{"@type":"CommentAction","name":"Comment","target":["https:\/\/vosgesinfo.fr\/remiremontinfo\/2025\/07\/ordre-du-jour-du-prochain-conseil-municipal-de-vagney-6\/#respond"]}]},{"@type":"WebPage","@id":"https:\/\/vosgesinfo.fr\/remiremontinfo\/2025\/07\/ordre-du-jour-du-prochain-conseil-municipal-de-vagney-6\/","url":"https:\/\/vosgesinfo.fr\/remiremontinfo\/2025\/07\/ordre-du-jour-du-prochain-conseil-municipal-de-vagney-6\/","name":"Ordre du jour du prochain conseil municipal de Vagney - Remiremont Info","isPartOf":{"@id":"https:\/\/vosgesinfo.fr\/remiremontinfo\/#website"},"primaryImageOfPage":{"@id":"https:\/\/vosgesinfo.fr\/remiremontinfo\/2025\/07\/ordre-du-jour-du-prochain-conseil-municipal-de-vagney-6\/#primaryimage"},"image":{"@id":"https:\/\/vosgesinfo.fr\/remiremontinfo\/2025\/07\/ordre-du-jour-du-prochain-conseil-municipal-de-vagney-6\/#primaryimage"},"thumbnailUrl":"https:\/\/vosgesinfo.fr\/app\/uploads\/sites\/5\/2024\/02\/mairie-vagney-scaled.jpg","datePublished":"2025-07-07T14:00:50+00:00","dateModified":"2025-07-07T13:36:34+00:00","breadcrumb":{"@id":"https:\/\/vosgesinfo.fr\/remiremontinfo\/2025\/07\/ordre-du-jour-du-prochain-conseil-municipal-de-vagney-6\/#breadcrumb"},"inLanguage":"fr-FR","potentialAction":[{"@type":"ReadAction","target":["https:\/\/vosgesinfo.fr\/remiremontinfo\/2025\/07\/ordre-du-jour-du-prochain-conseil-municipal-de-vagney-6\/"]}]},{"@type":"ImageObject","inLanguage":"fr-FR","@id":"https:\/\/vosgesinfo.fr\/remiremontinfo\/2025\/07\/ordre-du-jour-du-prochain-conseil-municipal-de-vagney-6\/#primaryimage","url":"https:\/\/vosgesinfo.fr\/app\/uploads\/sites\/5\/2024\/02\/mairie-vagney-scaled.jpg","contentUrl":"https:\/\/vosgesinfo.fr\/app\/uploads\/sites\/5\/2024\/02\/mairie-vagney-scaled.jpg","width":2560,"height":1920},{"@type":"BreadcrumbList","@id":"https:\/\/vosgesinfo.fr\/remiremontinfo\/2025\/07\/ordre-du-jour-du-prochain-conseil-municipal-de-vagney-6\/#breadcrumb","itemListElement":[{"@type":"ListItem","position":1,"name":"Home","item":"https:\/\/vosgesinfo.fr\/remiremontinfo\/"},{"@type":"ListItem","position":2,"name":"Ordre du jour du prochain conseil municipal de Vagney"}]},{"@type":"WebSite","@id":"https:\/\/vosgesinfo.fr\/remiremontinfo\/#website","url":"https:\/\/vosgesinfo.fr\/remiremontinfo\/","name":"Remiremont Info","description":"Toute l&#039;actualit\u00e9 de Remiremont","publisher":{"@id":"https:\/\/vosgesinfo.fr\/remiremontinfo\/#organization"},"alternateName":"Toute l'actualit\u00e9 de Remiremont","potentialAction":[{"@type":"SearchAction","target":{"@type":"EntryPoint","urlTemplate":"https:\/\/vosgesinfo.fr\/remiremontinfo\/?s={search_term_string}"},"query-input":"required name=search_term_string"}],"inLanguage":"fr-FR"},{"@type":"Organization","@id":"https:\/\/vosgesinfo.fr\/remiremontinfo\/#organization","name":"Remiremont Info","url":"https:\/\/vosgesinfo.fr\/remiremontinfo\/","logo":{"@type":"ImageObject","inLanguage":"fr-FR","@id":"https:\/\/vosgesinfo.fr\/remiremontinfo\/#\/schema\/logo\/image\/","url":"https:\/\/vosgesinfo.fr\/app\/uploads\/sites\/5\/2023\/08\/favicon-remiremontinfo.png","contentUrl":"https:\/\/vosgesinfo.fr\/app\/uploads\/sites\/5\/2023\/08\/favicon-remiremontinfo.png","width":512,"height":512,"caption":"Remiremont Info"},"image":{"@id":"https:\/\/vosgesinfo.fr\/remiremontinfo\/#\/schema\/logo\/image\/"},"sameAs":["https:\/\/www.facebook.com\/remiremontinfo","https:\/\/x.com\/VosgesInfo88","https:\/\/www.youtube.com\/@vosgesinfo"]},{"@type":"Person","@id":"https:\/\/vosgesinfo.fr\/remiremontinfo\/#\/schema\/person\/27a3695b06db98895b354c0765cdfc31","name":"La redaction","image":{"@type":"ImageObject","inLanguage":"fr-FR","@id":"https:\/\/vosgesinfo.fr\/remiremontinfo\/#\/schema\/person\/image\/","url":"https:\/\/secure.gravatar.com\/avatar\/64c76a78e501cedee55736f43f332df901e1896ae9cd8fad269ae2236dd0e8b6?s=96&d=mm&r=g","contentUrl":"https:\/\/secure.gravatar.com\/avatar\/64c76a78e501cedee55736f43f332df901e1896ae9cd8fad269ae2236dd0e8b6?s=96&d=mm&r=g","caption":"La redaction"},"url":"https:\/\/vosgesinfo.fr\/remiremontinfo\/author\/la-redaction\/"}]}},"_links":{"self":[{"href":"https:\/\/vosgesinfo.fr\/remiremontinfo\/wp-json\/wp\/v2\/posts\/83537","targetHints":{"allow":["GET"]}}],"collection":[{"href":"https:\/\/vosgesinfo.fr\/remiremontinfo\/wp-json\/wp\/v2\/posts"}],"about":[{"href":"https:\/\/vosgesinfo.fr\/remiremontinfo\/wp-json\/wp\/v2\/types\/post"}],"author":[{"embeddable":true,"href":"https:\/\/vosgesinfo.fr\/remiremontinfo\/wp-json\/wp\/v2\/users\/391"}],"replies":[{"embeddable":true,"href":"https:\/\/vosgesinfo.fr\/remiremontinfo\/wp-json\/wp\/v2\/comments?post=83537"}],"version-history":[{"count":1,"href":"https:\/\/vosgesinfo.fr\/remiremontinfo\/wp-json\/wp\/v2\/posts\/83537\/revisions"}],"predecessor-version":[{"id":83538,"href":"https:\/\/vosgesinfo.fr\/remiremontinfo\/wp-json\/wp\/v2\/posts\/83537\/revisions\/83538"}],"wp:featuredmedia":[{"embeddable":true,"href":"https:\/\/vosgesinfo.fr\/remiremontinfo\/wp-json\/wp\/v2\/media\/4528"}],"wp:attachment":[{"href":"https:\/\/vosgesinfo.fr\/remiremontinfo\/wp-json\/wp\/v2\/media?parent=83537"}],"wp:term":[{"taxonomy":"category","embeddable":true,"href":"https:\/\/vosgesinfo.fr\/remiremontinfo\/wp-json\/wp\/v2\/categories?post=83537"},{"taxonomy":"post_tag","embeddable":true,"href":"https:\/\/vosgesinfo.fr\/remiremontinfo\/wp-json\/wp\/v2\/tags?post=83537"}],"curies":[{"name":"wp","href":"https:\/\/api.w.org\/{rel}","templated":true}]}}