{"id":83626,"date":"2025-07-11T14:00:51","date_gmt":"2025-07-11T12:00:51","guid":{"rendered":"https:\/\/vosgesinfo.fr\/remiremontinfo\/?p=83626"},"modified":"2025-07-11T13:12:22","modified_gmt":"2025-07-11T11:12:22","slug":"remiremont-sacree-ville-la-plus-sympa-par-la-radio-ici-sud-lorraine","status":"publish","type":"post","link":"https:\/\/vosgesinfo.fr\/remiremontinfo\/2025\/07\/remiremont-sacree-ville-la-plus-sympa-par-la-radio-ici-sud-lorraine\/","title":{"rendered":"Remiremont sacr\u00e9e \u00ab\u00a0Ville la plus sympa\u00a0\u00bb par la radio Ici Sud Lorraine !"},"content":{"rendered":"<p data-start=\"121\" data-end=\"452\"><a href=\"https:\/\/vosgesinfo.fr\/app\/uploads\/sites\/5\/2025\/07\/ville-la-plus-sympa-remiremont2-copie-scaled.jpg\"><img decoding=\"async\" class=\"aligncenter size-full wp-image-83628\" src=\"https:\/\/vosgesinfo.fr\/app\/uploads\/sites\/5\/2025\/07\/ville-la-plus-sympa-remiremont2-copie-scaled.jpg\" alt=\"\" width=\"2560\" height=\"1920\" srcset=\"https:\/\/vosgesinfo.fr\/app\/uploads\/sites\/5\/2025\/07\/ville-la-plus-sympa-remiremont2-copie-scaled.jpg 2560w, https:\/\/vosgesinfo.fr\/app\/uploads\/sites\/5\/2025\/07\/ville-la-plus-sympa-remiremont2-copie-300x225.jpg 300w, https:\/\/vosgesinfo.fr\/app\/uploads\/sites\/5\/2025\/07\/ville-la-plus-sympa-remiremont2-copie-1024x768.jpg 1024w, https:\/\/vosgesinfo.fr\/app\/uploads\/sites\/5\/2025\/07\/ville-la-plus-sympa-remiremont2-copie-768x576.jpg 768w, https:\/\/vosgesinfo.fr\/app\/uploads\/sites\/5\/2025\/07\/ville-la-plus-sympa-remiremont2-copie-1536x1152.jpg 1536w, https:\/\/vosgesinfo.fr\/app\/uploads\/sites\/5\/2025\/07\/ville-la-plus-sympa-remiremont2-copie-2048x1536.jpg 2048w\" sizes=\"(max-width: 2560px) 100vw, 2560px\" \/><\/a><\/p>\n<p data-start=\"121\" data-end=\"452\"><strong>Ce vendredi 11 juillet, la Ville de Remiremont a \u00e9t\u00e9 officiellement d\u00e9sign\u00e9e \u00ab\u00a0Ville la plus sympa\u00a0\u00bb par la radio Ici Sud Lorraine, \u00e0 l\u2019issue d\u2019une enqu\u00eate participative men\u00e9e aupr\u00e8s de ses auditeurs. Une premi\u00e8re \u00e9dition de ce concours, lanc\u00e9 pour mettre en lumi\u00e8re les communes dynamiques et accueillantes de la r\u00e9gion.<\/strong><\/p>\n<p data-start=\"454\" data-end=\"726\">C\u2019est Jean-Beno\u00eet Tisserand, maire de Remiremont, qui a re\u00e7u le titre des mains de Nathalie Broutin, directrice de la radio, en pr\u00e9sence des \u00e9lus municipaux. Une belle reconnaissance pour la commune, qui devient la toute premi\u00e8re laur\u00e9ate de ce concours local.<\/p>\n<p data-start=\"728\" data-end=\"783\"><strong>Les auditeurs conquis par l\u2019ambiance romarimontaine<\/strong><\/p>\n<p data-start=\"785\" data-end=\"1097\">De nombreux commentaires ont accompagn\u00e9 les votes des auditeurs. Clarisse r\u00e9sume le ressenti g\u00e9n\u00e9ral : <em data-start=\"892\" data-end=\"935\">\u00ab\u00a0Tout est fait pour qu\u2019on s\u2019y sente bien\u00a0\u00bb<\/em>, tandis que Pierre souligne que <em data-start=\"972\" data-end=\"1000\">\u00ab\u00a0Remiremont est charmante\u00a0\u00bb<\/em>, en saluant notamment les efforts d\u00e9ploy\u00e9s pour l\u2019animation de la ville tout au long de l\u2019ann\u00e9e.<\/p>\n<p data-start=\"1099\" data-end=\"1149\"><strong>Une ville d\u00e9j\u00e0 remarqu\u00e9e \u00e0 l\u2019\u00e9chelle nationale<\/strong><\/p>\n<p data-start=\"1151\" data-end=\"1215\">Cette distinction locale s\u2019ajoute \u00e0 d\u2019autres reconnaissances :<\/p>\n<ul data-start=\"1216\" data-end=\"1456\">\n<li data-start=\"1216\" data-end=\"1324\">\n<p data-start=\"1218\" data-end=\"1324\">19e place dans le classement national des <em data-start=\"1264\" data-end=\"1296\">\u00ab\u00a0Villes qui vous font du bien\u00a0\u00bb<\/em> publi\u00e9 par <em data-start=\"1308\" data-end=\"1321\">Le Parisien<\/em>,<\/p>\n<\/li>\n<li data-start=\"1325\" data-end=\"1456\">\n<p data-start=\"1327\" data-end=\"1456\">3e place d\u00e9partementale dans le classement des <em data-start=\"1378\" data-end=\"1419\">Villes et villages o\u00f9 il fait bon vivre<\/em> \u00e9tabli par <em data-start=\"1431\" data-end=\"1455\">Le Journal du Dimanche<\/em>.<\/p>\n<\/li>\n<\/ul>\n<p data-start=\"1458\" data-end=\"1625\">Autant de classements qui confirment le cadre de vie agr\u00e9able et l\u2019attrait croissant de Remiremont, qui s\u00e9duit \u00e0 la fois ses habitants et les visiteurs de passage.<\/p>\n<p data-start=\"1458\" data-end=\"1625\"><a href=\"https:\/\/vosgesinfo.fr\/app\/uploads\/sites\/5\/2025\/07\/ville-la-plus-sympa-remiremont1-copie-scaled.jpg\"><img decoding=\"async\" class=\"aligncenter size-full wp-image-83627\" src=\"https:\/\/vosgesinfo.fr\/app\/uploads\/sites\/5\/2025\/07\/ville-la-plus-sympa-remiremont1-copie-scaled.jpg\" alt=\"\" width=\"2560\" height=\"1920\" srcset=\"https:\/\/vosgesinfo.fr\/app\/uploads\/sites\/5\/2025\/07\/ville-la-plus-sympa-remiremont1-copie-scaled.jpg 2560w, https:\/\/vosgesinfo.fr\/app\/uploads\/sites\/5\/2025\/07\/ville-la-plus-sympa-remiremont1-copie-300x225.jpg 300w, https:\/\/vosgesinfo.fr\/app\/uploads\/sites\/5\/2025\/07\/ville-la-plus-sympa-remiremont1-copie-1024x768.jpg 1024w, https:\/\/vosgesinfo.fr\/app\/uploads\/sites\/5\/2025\/07\/ville-la-plus-sympa-remiremont1-copie-768x576.jpg 768w, https:\/\/vosgesinfo.fr\/app\/uploads\/sites\/5\/2025\/07\/ville-la-plus-sympa-remiremont1-copie-1536x1152.jpg 1536w, https:\/\/vosgesinfo.fr\/app\/uploads\/sites\/5\/2025\/07\/ville-la-plus-sympa-remiremont1-copie-2048x1536.jpg 2048w\" sizes=\"(max-width: 2560px) 100vw, 2560px\" \/><\/a><\/p>\n","protected":false},"excerpt":{"rendered":"<p>Ce vendredi 11 juillet, la Ville de Remiremont a \u00e9t\u00e9 officiellement d\u00e9sign\u00e9e \u00ab\u00a0Ville la plus sympa\u00a0\u00bb par la radio Ici [&hellip;]<\/p>\n","protected":false},"author":418,"featured_media":83627,"comment_status":"open","ping_status":"open","sticky":false,"template":"","format":"standard","meta":{"footnotes":""},"categories":[26,43,13,18],"tags":[8274,44,8273],"class_list":["post-83626","post","type-post","status-publish","format-standard","has-post-thumbnail","hentry","category-a-la-une","category-remiremont-remiremont-son-canton","category-societe","category-vosges","tag-ici-sud-lorraine","tag-remiremont","tag-ville-la-plus-sympa"],"acf":[],"yoast_head":"<!-- This site is optimized with the Yoast SEO plugin v22.5 - https:\/\/yoast.com\/wordpress\/plugins\/seo\/ -->\n<title>Remiremont sacr\u00e9e &quot;Ville la plus sympa&quot; par la radio Ici Sud Lorraine ! - Remiremont Info<\/title>\n<meta name=\"robots\" content=\"index, follow, max-snippet:-1, max-image-preview:large, max-video-preview:-1\" \/>\n<link rel=\"canonical\" href=\"https:\/\/vosgesinfo.fr\/remiremontinfo\/2025\/07\/remiremont-sacree-ville-la-plus-sympa-par-la-radio-ici-sud-lorraine\/\" \/>\n<meta name=\"twitter:card\" content=\"summary_large_image\" \/>\n<meta name=\"twitter:title\" content=\"Remiremont sacr\u00e9e &quot;Ville la plus sympa&quot; par la radio Ici Sud Lorraine ! - Remiremont Info\" \/>\n<meta name=\"twitter:description\" content=\"Ce vendredi 11 juillet, la Ville de Remiremont a \u00e9t\u00e9 officiellement d\u00e9sign\u00e9e \u00ab\u00a0Ville la plus sympa\u00a0\u00bb par la radio Ici [&hellip;]\" \/>\n<meta name=\"twitter:image\" content=\"https:\/\/vosgesinfo.fr\/app\/uploads\/sites\/5\/2025\/07\/ville-la-plus-sympa-remiremont1-copie-scaled.jpg\" \/>\n<meta name=\"twitter:creator\" content=\"@VosgesInfo88\" \/>\n<meta name=\"twitter:site\" content=\"@VosgesInfo88\" \/>\n<meta name=\"twitter:label1\" content=\"\u00c9crit par\" \/>\n\t<meta name=\"twitter:data1\" content=\"C.M\" \/>\n\t<meta name=\"twitter:label2\" content=\"Dur\u00e9e de lecture estim\u00e9e\" \/>\n\t<meta name=\"twitter:data2\" content=\"1 minute\" \/>\n<script type=\"application\/ld+json\" class=\"yoast-schema-graph\">{\"@context\":\"https:\/\/schema.org\",\"@graph\":[{\"@type\":\"Article\",\"@id\":\"https:\/\/vosgesinfo.fr\/remiremontinfo\/2025\/07\/remiremont-sacree-ville-la-plus-sympa-par-la-radio-ici-sud-lorraine\/#article\",\"isPartOf\":{\"@id\":\"https:\/\/vosgesinfo.fr\/remiremontinfo\/2025\/07\/remiremont-sacree-ville-la-plus-sympa-par-la-radio-ici-sud-lorraine\/\"},\"author\":{\"name\":\"C.M\",\"@id\":\"https:\/\/vosgesinfo.fr\/remiremontinfo\/#\/schema\/person\/4f38cd3068e342935b7304695c797d08\"},\"headline\":\"Remiremont sacr\u00e9e \u00ab\u00a0Ville la plus sympa\u00a0\u00bb par la radio Ici Sud Lorraine !\",\"datePublished\":\"2025-07-11T12:00:51+00:00\",\"dateModified\":\"2025-07-11T11:12:22+00:00\",\"mainEntityOfPage\":{\"@id\":\"https:\/\/vosgesinfo.fr\/remiremontinfo\/2025\/07\/remiremont-sacree-ville-la-plus-sympa-par-la-radio-ici-sud-lorraine\/\"},\"wordCount\":267,\"commentCount\":0,\"publisher\":{\"@id\":\"https:\/\/vosgesinfo.fr\/remiremontinfo\/#organization\"},\"image\":{\"@id\":\"https:\/\/vosgesinfo.fr\/remiremontinfo\/2025\/07\/remiremont-sacree-ville-la-plus-sympa-par-la-radio-ici-sud-lorraine\/#primaryimage\"},\"thumbnailUrl\":\"https:\/\/vosgesinfo.fr\/app\/uploads\/sites\/5\/2025\/07\/ville-la-plus-sympa-remiremont1-copie-scaled.jpg\",\"keywords\":[\"Ici Sud Lorraine\",\"remiremont\",\"Ville la plus Sympa\"],\"articleSection\":[\"A la Une\",\"Remiremont\",\"Soci\u00e9t\u00e9\",\"Vosges\"],\"inLanguage\":\"fr-FR\",\"potentialAction\":[{\"@type\":\"CommentAction\",\"name\":\"Comment\",\"target\":[\"https:\/\/vosgesinfo.fr\/remiremontinfo\/2025\/07\/remiremont-sacree-ville-la-plus-sympa-par-la-radio-ici-sud-lorraine\/#respond\"]}]},{\"@type\":\"WebPage\",\"@id\":\"https:\/\/vosgesinfo.fr\/remiremontinfo\/2025\/07\/remiremont-sacree-ville-la-plus-sympa-par-la-radio-ici-sud-lorraine\/\",\"url\":\"https:\/\/vosgesinfo.fr\/remiremontinfo\/2025\/07\/remiremont-sacree-ville-la-plus-sympa-par-la-radio-ici-sud-lorraine\/\",\"name\":\"Remiremont sacr\u00e9e \\\"Ville la plus sympa\\\" par la radio Ici Sud Lorraine ! - Remiremont Info\",\"isPartOf\":{\"@id\":\"https:\/\/vosgesinfo.fr\/remiremontinfo\/#website\"},\"primaryImageOfPage\":{\"@id\":\"https:\/\/vosgesinfo.fr\/remiremontinfo\/2025\/07\/remiremont-sacree-ville-la-plus-sympa-par-la-radio-ici-sud-lorraine\/#primaryimage\"},\"image\":{\"@id\":\"https:\/\/vosgesinfo.fr\/remiremontinfo\/2025\/07\/remiremont-sacree-ville-la-plus-sympa-par-la-radio-ici-sud-lorraine\/#primaryimage\"},\"thumbnailUrl\":\"https:\/\/vosgesinfo.fr\/app\/uploads\/sites\/5\/2025\/07\/ville-la-plus-sympa-remiremont1-copie-scaled.jpg\",\"datePublished\":\"2025-07-11T12:00:51+00:00\",\"dateModified\":\"2025-07-11T11:12:22+00:00\",\"breadcrumb\":{\"@id\":\"https:\/\/vosgesinfo.fr\/remiremontinfo\/2025\/07\/remiremont-sacree-ville-la-plus-sympa-par-la-radio-ici-sud-lorraine\/#breadcrumb\"},\"inLanguage\":\"fr-FR\",\"potentialAction\":[{\"@type\":\"ReadAction\",\"target\":[\"https:\/\/vosgesinfo.fr\/remiremontinfo\/2025\/07\/remiremont-sacree-ville-la-plus-sympa-par-la-radio-ici-sud-lorraine\/\"]}]},{\"@type\":\"ImageObject\",\"inLanguage\":\"fr-FR\",\"@id\":\"https:\/\/vosgesinfo.fr\/remiremontinfo\/2025\/07\/remiremont-sacree-ville-la-plus-sympa-par-la-radio-ici-sud-lorraine\/#primaryimage\",\"url\":\"https:\/\/vosgesinfo.fr\/app\/uploads\/sites\/5\/2025\/07\/ville-la-plus-sympa-remiremont1-copie-scaled.jpg\",\"contentUrl\":\"https:\/\/vosgesinfo.fr\/app\/uploads\/sites\/5\/2025\/07\/ville-la-plus-sympa-remiremont1-copie-scaled.jpg\",\"width\":2560,\"height\":1920},{\"@type\":\"BreadcrumbList\",\"@id\":\"https:\/\/vosgesinfo.fr\/remiremontinfo\/2025\/07\/remiremont-sacree-ville-la-plus-sympa-par-la-radio-ici-sud-lorraine\/#breadcrumb\",\"itemListElement\":[{\"@type\":\"ListItem\",\"position\":1,\"name\":\"Home\",\"item\":\"https:\/\/vosgesinfo.fr\/remiremontinfo\/\"},{\"@type\":\"ListItem\",\"position\":2,\"name\":\"Remiremont sacr\u00e9e \u00ab\u00a0Ville la plus sympa\u00a0\u00bb par la radio Ici Sud Lorraine !\"}]},{\"@type\":\"WebSite\",\"@id\":\"https:\/\/vosgesinfo.fr\/remiremontinfo\/#website\",\"url\":\"https:\/\/vosgesinfo.fr\/remiremontinfo\/\",\"name\":\"Remiremont Info\",\"description\":\"Toute l&#039;actualit\u00e9 de Remiremont\",\"publisher\":{\"@id\":\"https:\/\/vosgesinfo.fr\/remiremontinfo\/#organization\"},\"alternateName\":\"Toute l'actualit\u00e9 de Remiremont\",\"potentialAction\":[{\"@type\":\"SearchAction\",\"target\":{\"@type\":\"EntryPoint\",\"urlTemplate\":\"https:\/\/vosgesinfo.fr\/remiremontinfo\/?s={search_term_string}\"},\"query-input\":\"required name=search_term_string\"}],\"inLanguage\":\"fr-FR\"},{\"@type\":\"Organization\",\"@id\":\"https:\/\/vosgesinfo.fr\/remiremontinfo\/#organization\",\"name\":\"Remiremont Info\",\"url\":\"https:\/\/vosgesinfo.fr\/remiremontinfo\/\",\"logo\":{\"@type\":\"ImageObject\",\"inLanguage\":\"fr-FR\",\"@id\":\"https:\/\/vosgesinfo.fr\/remiremontinfo\/#\/schema\/logo\/image\/\",\"url\":\"https:\/\/vosgesinfo.fr\/app\/uploads\/sites\/5\/2023\/08\/favicon-remiremontinfo.png\",\"contentUrl\":\"https:\/\/vosgesinfo.fr\/app\/uploads\/sites\/5\/2023\/08\/favicon-remiremontinfo.png\",\"width\":512,\"height\":512,\"caption\":\"Remiremont Info\"},\"image\":{\"@id\":\"https:\/\/vosgesinfo.fr\/remiremontinfo\/#\/schema\/logo\/image\/\"},\"sameAs\":[\"https:\/\/www.facebook.com\/remiremontinfo\",\"https:\/\/x.com\/VosgesInfo88\",\"https:\/\/www.youtube.com\/@vosgesinfo\"]},{\"@type\":\"Person\",\"@id\":\"https:\/\/vosgesinfo.fr\/remiremontinfo\/#\/schema\/person\/4f38cd3068e342935b7304695c797d08\",\"name\":\"C.M\",\"image\":{\"@type\":\"ImageObject\",\"inLanguage\":\"fr-FR\",\"@id\":\"https:\/\/vosgesinfo.fr\/remiremontinfo\/#\/schema\/person\/image\/\",\"url\":\"https:\/\/secure.gravatar.com\/avatar\/fe9daaef0164d920717484172682f3c5c9bcf7d42aa8c7048c76c34f0eb6c8da?s=96&d=mm&r=g\",\"contentUrl\":\"https:\/\/secure.gravatar.com\/avatar\/fe9daaef0164d920717484172682f3c5c9bcf7d42aa8c7048c76c34f0eb6c8da?s=96&d=mm&r=g\",\"caption\":\"C.M\"},\"url\":\"https:\/\/vosgesinfo.fr\/remiremontinfo\/author\/cm88200\/\"}]}<\/script>\n<!-- \/ Yoast SEO plugin. -->","yoast_head_json":{"title":"Remiremont sacr\u00e9e \"Ville la plus sympa\" par la radio Ici Sud Lorraine ! - Remiremont Info","robots":{"index":"index","follow":"follow","max-snippet":"max-snippet:-1","max-image-preview":"max-image-preview:large","max-video-preview":"max-video-preview:-1"},"canonical":"https:\/\/vosgesinfo.fr\/remiremontinfo\/2025\/07\/remiremont-sacree-ville-la-plus-sympa-par-la-radio-ici-sud-lorraine\/","twitter_card":"summary_large_image","twitter_title":"Remiremont sacr\u00e9e \"Ville la plus sympa\" par la radio Ici Sud Lorraine ! - Remiremont Info","twitter_description":"Ce vendredi 11 juillet, la Ville de Remiremont a \u00e9t\u00e9 officiellement d\u00e9sign\u00e9e \u00ab\u00a0Ville la plus sympa\u00a0\u00bb par la radio Ici [&hellip;]","twitter_image":"https:\/\/vosgesinfo.fr\/app\/uploads\/sites\/5\/2025\/07\/ville-la-plus-sympa-remiremont1-copie-scaled.jpg","twitter_creator":"@VosgesInfo88","twitter_site":"@VosgesInfo88","twitter_misc":{"\u00c9crit par":"C.M","Dur\u00e9e de lecture estim\u00e9e":"1 minute"},"schema":{"@context":"https:\/\/schema.org","@graph":[{"@type":"Article","@id":"https:\/\/vosgesinfo.fr\/remiremontinfo\/2025\/07\/remiremont-sacree-ville-la-plus-sympa-par-la-radio-ici-sud-lorraine\/#article","isPartOf":{"@id":"https:\/\/vosgesinfo.fr\/remiremontinfo\/2025\/07\/remiremont-sacree-ville-la-plus-sympa-par-la-radio-ici-sud-lorraine\/"},"author":{"name":"C.M","@id":"https:\/\/vosgesinfo.fr\/remiremontinfo\/#\/schema\/person\/4f38cd3068e342935b7304695c797d08"},"headline":"Remiremont sacr\u00e9e \u00ab\u00a0Ville la plus sympa\u00a0\u00bb par la radio Ici Sud Lorraine !","datePublished":"2025-07-11T12:00:51+00:00","dateModified":"2025-07-11T11:12:22+00:00","mainEntityOfPage":{"@id":"https:\/\/vosgesinfo.fr\/remiremontinfo\/2025\/07\/remiremont-sacree-ville-la-plus-sympa-par-la-radio-ici-sud-lorraine\/"},"wordCount":267,"commentCount":0,"publisher":{"@id":"https:\/\/vosgesinfo.fr\/remiremontinfo\/#organization"},"image":{"@id":"https:\/\/vosgesinfo.fr\/remiremontinfo\/2025\/07\/remiremont-sacree-ville-la-plus-sympa-par-la-radio-ici-sud-lorraine\/#primaryimage"},"thumbnailUrl":"https:\/\/vosgesinfo.fr\/app\/uploads\/sites\/5\/2025\/07\/ville-la-plus-sympa-remiremont1-copie-scaled.jpg","keywords":["Ici Sud Lorraine","remiremont","Ville la plus Sympa"],"articleSection":["A la Une","Remiremont","Soci\u00e9t\u00e9","Vosges"],"inLanguage":"fr-FR","potentialAction":[{"@type":"CommentAction","name":"Comment","target":["https:\/\/vosgesinfo.fr\/remiremontinfo\/2025\/07\/remiremont-sacree-ville-la-plus-sympa-par-la-radio-ici-sud-lorraine\/#respond"]}]},{"@type":"WebPage","@id":"https:\/\/vosgesinfo.fr\/remiremontinfo\/2025\/07\/remiremont-sacree-ville-la-plus-sympa-par-la-radio-ici-sud-lorraine\/","url":"https:\/\/vosgesinfo.fr\/remiremontinfo\/2025\/07\/remiremont-sacree-ville-la-plus-sympa-par-la-radio-ici-sud-lorraine\/","name":"Remiremont sacr\u00e9e \"Ville la plus sympa\" par la radio Ici Sud Lorraine ! - Remiremont Info","isPartOf":{"@id":"https:\/\/vosgesinfo.fr\/remiremontinfo\/#website"},"primaryImageOfPage":{"@id":"https:\/\/vosgesinfo.fr\/remiremontinfo\/2025\/07\/remiremont-sacree-ville-la-plus-sympa-par-la-radio-ici-sud-lorraine\/#primaryimage"},"image":{"@id":"https:\/\/vosgesinfo.fr\/remiremontinfo\/2025\/07\/remiremont-sacree-ville-la-plus-sympa-par-la-radio-ici-sud-lorraine\/#primaryimage"},"thumbnailUrl":"https:\/\/vosgesinfo.fr\/app\/uploads\/sites\/5\/2025\/07\/ville-la-plus-sympa-remiremont1-copie-scaled.jpg","datePublished":"2025-07-11T12:00:51+00:00","dateModified":"2025-07-11T11:12:22+00:00","breadcrumb":{"@id":"https:\/\/vosgesinfo.fr\/remiremontinfo\/2025\/07\/remiremont-sacree-ville-la-plus-sympa-par-la-radio-ici-sud-lorraine\/#breadcrumb"},"inLanguage":"fr-FR","potentialAction":[{"@type":"ReadAction","target":["https:\/\/vosgesinfo.fr\/remiremontinfo\/2025\/07\/remiremont-sacree-ville-la-plus-sympa-par-la-radio-ici-sud-lorraine\/"]}]},{"@type":"ImageObject","inLanguage":"fr-FR","@id":"https:\/\/vosgesinfo.fr\/remiremontinfo\/2025\/07\/remiremont-sacree-ville-la-plus-sympa-par-la-radio-ici-sud-lorraine\/#primaryimage","url":"https:\/\/vosgesinfo.fr\/app\/uploads\/sites\/5\/2025\/07\/ville-la-plus-sympa-remiremont1-copie-scaled.jpg","contentUrl":"https:\/\/vosgesinfo.fr\/app\/uploads\/sites\/5\/2025\/07\/ville-la-plus-sympa-remiremont1-copie-scaled.jpg","width":2560,"height":1920},{"@type":"BreadcrumbList","@id":"https:\/\/vosgesinfo.fr\/remiremontinfo\/2025\/07\/remiremont-sacree-ville-la-plus-sympa-par-la-radio-ici-sud-lorraine\/#breadcrumb","itemListElement":[{"@type":"ListItem","position":1,"name":"Home","item":"https:\/\/vosgesinfo.fr\/remiremontinfo\/"},{"@type":"ListItem","position":2,"name":"Remiremont sacr\u00e9e \u00ab\u00a0Ville la plus sympa\u00a0\u00bb par la radio Ici Sud Lorraine !"}]},{"@type":"WebSite","@id":"https:\/\/vosgesinfo.fr\/remiremontinfo\/#website","url":"https:\/\/vosgesinfo.fr\/remiremontinfo\/","name":"Remiremont Info","description":"Toute l&#039;actualit\u00e9 de Remiremont","publisher":{"@id":"https:\/\/vosgesinfo.fr\/remiremontinfo\/#organization"},"alternateName":"Toute l'actualit\u00e9 de Remiremont","potentialAction":[{"@type":"SearchAction","target":{"@type":"EntryPoint","urlTemplate":"https:\/\/vosgesinfo.fr\/remiremontinfo\/?s={search_term_string}"},"query-input":"required name=search_term_string"}],"inLanguage":"fr-FR"},{"@type":"Organization","@id":"https:\/\/vosgesinfo.fr\/remiremontinfo\/#organization","name":"Remiremont Info","url":"https:\/\/vosgesinfo.fr\/remiremontinfo\/","logo":{"@type":"ImageObject","inLanguage":"fr-FR","@id":"https:\/\/vosgesinfo.fr\/remiremontinfo\/#\/schema\/logo\/image\/","url":"https:\/\/vosgesinfo.fr\/app\/uploads\/sites\/5\/2023\/08\/favicon-remiremontinfo.png","contentUrl":"https:\/\/vosgesinfo.fr\/app\/uploads\/sites\/5\/2023\/08\/favicon-remiremontinfo.png","width":512,"height":512,"caption":"Remiremont Info"},"image":{"@id":"https:\/\/vosgesinfo.fr\/remiremontinfo\/#\/schema\/logo\/image\/"},"sameAs":["https:\/\/www.facebook.com\/remiremontinfo","https:\/\/x.com\/VosgesInfo88","https:\/\/www.youtube.com\/@vosgesinfo"]},{"@type":"Person","@id":"https:\/\/vosgesinfo.fr\/remiremontinfo\/#\/schema\/person\/4f38cd3068e342935b7304695c797d08","name":"C.M","image":{"@type":"ImageObject","inLanguage":"fr-FR","@id":"https:\/\/vosgesinfo.fr\/remiremontinfo\/#\/schema\/person\/image\/","url":"https:\/\/secure.gravatar.com\/avatar\/fe9daaef0164d920717484172682f3c5c9bcf7d42aa8c7048c76c34f0eb6c8da?s=96&d=mm&r=g","contentUrl":"https:\/\/secure.gravatar.com\/avatar\/fe9daaef0164d920717484172682f3c5c9bcf7d42aa8c7048c76c34f0eb6c8da?s=96&d=mm&r=g","caption":"C.M"},"url":"https:\/\/vosgesinfo.fr\/remiremontinfo\/author\/cm88200\/"}]}},"_links":{"self":[{"href":"https:\/\/vosgesinfo.fr\/remiremontinfo\/wp-json\/wp\/v2\/posts\/83626","targetHints":{"allow":["GET"]}}],"collection":[{"href":"https:\/\/vosgesinfo.fr\/remiremontinfo\/wp-json\/wp\/v2\/posts"}],"about":[{"href":"https:\/\/vosgesinfo.fr\/remiremontinfo\/wp-json\/wp\/v2\/types\/post"}],"author":[{"embeddable":true,"href":"https:\/\/vosgesinfo.fr\/remiremontinfo\/wp-json\/wp\/v2\/users\/418"}],"replies":[{"embeddable":true,"href":"https:\/\/vosgesinfo.fr\/remiremontinfo\/wp-json\/wp\/v2\/comments?post=83626"}],"version-history":[{"count":1,"href":"https:\/\/vosgesinfo.fr\/remiremontinfo\/wp-json\/wp\/v2\/posts\/83626\/revisions"}],"predecessor-version":[{"id":83629,"href":"https:\/\/vosgesinfo.fr\/remiremontinfo\/wp-json\/wp\/v2\/posts\/83626\/revisions\/83629"}],"wp:featuredmedia":[{"embeddable":true,"href":"https:\/\/vosgesinfo.fr\/remiremontinfo\/wp-json\/wp\/v2\/media\/83627"}],"wp:attachment":[{"href":"https:\/\/vosgesinfo.fr\/remiremontinfo\/wp-json\/wp\/v2\/media?parent=83626"}],"wp:term":[{"taxonomy":"category","embeddable":true,"href":"https:\/\/vosgesinfo.fr\/remiremontinfo\/wp-json\/wp\/v2\/categories?post=83626"},{"taxonomy":"post_tag","embeddable":true,"href":"https:\/\/vosgesinfo.fr\/remiremontinfo\/wp-json\/wp\/v2\/tags?post=83626"}],"curies":[{"name":"wp","href":"https:\/\/api.w.org\/{rel}","templated":true}]}}