{"id":83630,"date":"2025-07-11T14:30:33","date_gmt":"2025-07-11T12:30:33","guid":{"rendered":"https:\/\/vosgesinfo.fr\/remiremontinfo\/?p=83630"},"modified":"2025-07-11T13:43:37","modified_gmt":"2025-07-11T11:43:37","slug":"pouxeux-la-banderole-de-lademat-h-volee-une-plainte-deposee","status":"publish","type":"post","link":"https:\/\/vosgesinfo.fr\/remiremontinfo\/2025\/07\/pouxeux-la-banderole-de-lademat-h-volee-une-plainte-deposee\/","title":{"rendered":"Pouxeux : la banderole de l\u2019ADEMAT-H vol\u00e9e, une plainte d\u00e9pos\u00e9e"},"content":{"rendered":"<p data-start=\"137\" data-end=\"412\"><a href=\"https:\/\/vosgesinfo.fr\/app\/uploads\/sites\/5\/2025\/07\/banderole-ademat-h-pouxeux-copie.jpg\"><img decoding=\"async\" class=\"aligncenter size-full wp-image-83631\" src=\"https:\/\/vosgesinfo.fr\/app\/uploads\/sites\/5\/2025\/07\/banderole-ademat-h-pouxeux-copie.jpg\" alt=\"\" width=\"651\" height=\"490\" srcset=\"https:\/\/vosgesinfo.fr\/app\/uploads\/sites\/5\/2025\/07\/banderole-ademat-h-pouxeux-copie.jpg 651w, https:\/\/vosgesinfo.fr\/app\/uploads\/sites\/5\/2025\/07\/banderole-ademat-h-pouxeux-copie-300x226.jpg 300w\" sizes=\"(max-width: 651px) 100vw, 651px\" \/><\/a><\/p>\n<p data-start=\"137\" data-end=\"412\"><strong>\u00c0 Pouxeux, la mobilisation de l\u2019ADEMAT-H contre la fermeture des urgences la nuit \u00e0 \u00c9pinal et Remiremont a \u00e9t\u00e9 brutalement interrompue. La banderole accroch\u00e9e par l\u2019association pour alerter l\u2019opinion a \u00e9t\u00e9 vol\u00e9e.<\/strong><\/p>\n<p data-start=\"414\" data-end=\"660\">Sur cette banderole, install\u00e9e sur la grille de la cour de l&rsquo;\u00e9cole, on pouvait lire :<br data-start=\"480\" data-end=\"483\" \/>\u00ab\u00a0Urgences 24\/24 \u00e0 \u00c9pinal et Remiremont. \u00c7a urge !\u00a0\u00bb<br data-start=\"537\" data-end=\"540\" \/>Un message fort, symbolisant l\u2019inqui\u00e9tude croissante face \u00e0 la r\u00e9duction de l\u2019acc\u00e8s aux soins d\u2019urgence dans les Vosges.<\/p>\n<p data-start=\"701\" data-end=\"941\">L\u2019ADEMAT-H a annonc\u00e9 avoir d\u00e9pos\u00e9 plainte \u00e0 la gendarmerie suite \u00e0 la disparition de la banderole.<\/p>\n<p data-start=\"971\" data-end=\"1265\">\n","protected":false},"excerpt":{"rendered":"<p>\u00c0 Pouxeux, la mobilisation de l\u2019ADEMAT-H contre la fermeture des urgences la nuit \u00e0 \u00c9pinal et Remiremont a \u00e9t\u00e9 brutalement [&hellip;]<\/p>\n","protected":false},"author":418,"featured_media":83631,"comment_status":"open","ping_status":"open","sticky":false,"template":"","format":"standard","meta":{"footnotes":""},"categories":[26,108,8,43],"tags":[518,107,2907],"class_list":["post-83630","post","type-post","status-publish","format-standard","has-post-thumbnail","hentry","category-a-la-une","category-epinal","category-faits-divers","category-remiremont-remiremont-son-canton","tag-ademat-h","tag-pouxeux","tag-vol"],"acf":[],"yoast_head":"<!-- This site is optimized with the Yoast SEO plugin v22.5 - https:\/\/yoast.com\/wordpress\/plugins\/seo\/ -->\n<title>Pouxeux : la banderole de l\u2019ADEMAT-H vol\u00e9e, une plainte d\u00e9pos\u00e9e - Remiremont Info<\/title>\n<meta name=\"robots\" content=\"index, follow, max-snippet:-1, max-image-preview:large, max-video-preview:-1\" \/>\n<link rel=\"canonical\" href=\"https:\/\/vosgesinfo.fr\/remiremontinfo\/2025\/07\/pouxeux-la-banderole-de-lademat-h-volee-une-plainte-deposee\/\" \/>\n<meta name=\"twitter:card\" content=\"summary_large_image\" \/>\n<meta name=\"twitter:title\" content=\"Pouxeux : la banderole de l\u2019ADEMAT-H vol\u00e9e, une plainte d\u00e9pos\u00e9e - Remiremont Info\" \/>\n<meta name=\"twitter:description\" content=\"\u00c0 Pouxeux, la mobilisation de l\u2019ADEMAT-H contre la fermeture des urgences la nuit \u00e0 \u00c9pinal et Remiremont a \u00e9t\u00e9 brutalement [&hellip;]\" \/>\n<meta name=\"twitter:image\" content=\"https:\/\/vosgesinfo.fr\/app\/uploads\/sites\/5\/2025\/07\/banderole-ademat-h-pouxeux-copie.jpg\" \/>\n<meta name=\"twitter:creator\" content=\"@VosgesInfo88\" \/>\n<meta name=\"twitter:site\" content=\"@VosgesInfo88\" \/>\n<meta name=\"twitter:label1\" content=\"\u00c9crit par\" \/>\n\t<meta name=\"twitter:data1\" content=\"C.M\" \/>\n<script type=\"application\/ld+json\" class=\"yoast-schema-graph\">{\"@context\":\"https:\/\/schema.org\",\"@graph\":[{\"@type\":\"Article\",\"@id\":\"https:\/\/vosgesinfo.fr\/remiremontinfo\/2025\/07\/pouxeux-la-banderole-de-lademat-h-volee-une-plainte-deposee\/#article\",\"isPartOf\":{\"@id\":\"https:\/\/vosgesinfo.fr\/remiremontinfo\/2025\/07\/pouxeux-la-banderole-de-lademat-h-volee-une-plainte-deposee\/\"},\"author\":{\"name\":\"C.M\",\"@id\":\"https:\/\/vosgesinfo.fr\/remiremontinfo\/#\/schema\/person\/4f38cd3068e342935b7304695c797d08\"},\"headline\":\"Pouxeux : la banderole de l\u2019ADEMAT-H vol\u00e9e, une plainte d\u00e9pos\u00e9e\",\"datePublished\":\"2025-07-11T12:30:33+00:00\",\"dateModified\":\"2025-07-11T11:43:37+00:00\",\"mainEntityOfPage\":{\"@id\":\"https:\/\/vosgesinfo.fr\/remiremontinfo\/2025\/07\/pouxeux-la-banderole-de-lademat-h-volee-une-plainte-deposee\/\"},\"wordCount\":110,\"commentCount\":3,\"publisher\":{\"@id\":\"https:\/\/vosgesinfo.fr\/remiremontinfo\/#organization\"},\"image\":{\"@id\":\"https:\/\/vosgesinfo.fr\/remiremontinfo\/2025\/07\/pouxeux-la-banderole-de-lademat-h-volee-une-plainte-deposee\/#primaryimage\"},\"thumbnailUrl\":\"https:\/\/vosgesinfo.fr\/app\/uploads\/sites\/5\/2025\/07\/banderole-ademat-h-pouxeux-copie.jpg\",\"keywords\":[\"ademat-h\",\"Pouxeux\",\"Vol\"],\"articleSection\":[\"A la Une\",\"Epinal\",\"Faits-divers\",\"Remiremont\"],\"inLanguage\":\"fr-FR\",\"potentialAction\":[{\"@type\":\"CommentAction\",\"name\":\"Comment\",\"target\":[\"https:\/\/vosgesinfo.fr\/remiremontinfo\/2025\/07\/pouxeux-la-banderole-de-lademat-h-volee-une-plainte-deposee\/#respond\"]}]},{\"@type\":\"WebPage\",\"@id\":\"https:\/\/vosgesinfo.fr\/remiremontinfo\/2025\/07\/pouxeux-la-banderole-de-lademat-h-volee-une-plainte-deposee\/\",\"url\":\"https:\/\/vosgesinfo.fr\/remiremontinfo\/2025\/07\/pouxeux-la-banderole-de-lademat-h-volee-une-plainte-deposee\/\",\"name\":\"Pouxeux : la banderole de l\u2019ADEMAT-H vol\u00e9e, une plainte d\u00e9pos\u00e9e - Remiremont Info\",\"isPartOf\":{\"@id\":\"https:\/\/vosgesinfo.fr\/remiremontinfo\/#website\"},\"primaryImageOfPage\":{\"@id\":\"https:\/\/vosgesinfo.fr\/remiremontinfo\/2025\/07\/pouxeux-la-banderole-de-lademat-h-volee-une-plainte-deposee\/#primaryimage\"},\"image\":{\"@id\":\"https:\/\/vosgesinfo.fr\/remiremontinfo\/2025\/07\/pouxeux-la-banderole-de-lademat-h-volee-une-plainte-deposee\/#primaryimage\"},\"thumbnailUrl\":\"https:\/\/vosgesinfo.fr\/app\/uploads\/sites\/5\/2025\/07\/banderole-ademat-h-pouxeux-copie.jpg\",\"datePublished\":\"2025-07-11T12:30:33+00:00\",\"dateModified\":\"2025-07-11T11:43:37+00:00\",\"breadcrumb\":{\"@id\":\"https:\/\/vosgesinfo.fr\/remiremontinfo\/2025\/07\/pouxeux-la-banderole-de-lademat-h-volee-une-plainte-deposee\/#breadcrumb\"},\"inLanguage\":\"fr-FR\",\"potentialAction\":[{\"@type\":\"ReadAction\",\"target\":[\"https:\/\/vosgesinfo.fr\/remiremontinfo\/2025\/07\/pouxeux-la-banderole-de-lademat-h-volee-une-plainte-deposee\/\"]}]},{\"@type\":\"ImageObject\",\"inLanguage\":\"fr-FR\",\"@id\":\"https:\/\/vosgesinfo.fr\/remiremontinfo\/2025\/07\/pouxeux-la-banderole-de-lademat-h-volee-une-plainte-deposee\/#primaryimage\",\"url\":\"https:\/\/vosgesinfo.fr\/app\/uploads\/sites\/5\/2025\/07\/banderole-ademat-h-pouxeux-copie.jpg\",\"contentUrl\":\"https:\/\/vosgesinfo.fr\/app\/uploads\/sites\/5\/2025\/07\/banderole-ademat-h-pouxeux-copie.jpg\",\"width\":651,\"height\":490},{\"@type\":\"BreadcrumbList\",\"@id\":\"https:\/\/vosgesinfo.fr\/remiremontinfo\/2025\/07\/pouxeux-la-banderole-de-lademat-h-volee-une-plainte-deposee\/#breadcrumb\",\"itemListElement\":[{\"@type\":\"ListItem\",\"position\":1,\"name\":\"Home\",\"item\":\"https:\/\/vosgesinfo.fr\/remiremontinfo\/\"},{\"@type\":\"ListItem\",\"position\":2,\"name\":\"Pouxeux : la banderole de l\u2019ADEMAT-H vol\u00e9e, une plainte d\u00e9pos\u00e9e\"}]},{\"@type\":\"WebSite\",\"@id\":\"https:\/\/vosgesinfo.fr\/remiremontinfo\/#website\",\"url\":\"https:\/\/vosgesinfo.fr\/remiremontinfo\/\",\"name\":\"Remiremont Info\",\"description\":\"Toute l&#039;actualit\u00e9 de Remiremont\",\"publisher\":{\"@id\":\"https:\/\/vosgesinfo.fr\/remiremontinfo\/#organization\"},\"alternateName\":\"Toute l'actualit\u00e9 de Remiremont\",\"potentialAction\":[{\"@type\":\"SearchAction\",\"target\":{\"@type\":\"EntryPoint\",\"urlTemplate\":\"https:\/\/vosgesinfo.fr\/remiremontinfo\/?s={search_term_string}\"},\"query-input\":\"required name=search_term_string\"}],\"inLanguage\":\"fr-FR\"},{\"@type\":\"Organization\",\"@id\":\"https:\/\/vosgesinfo.fr\/remiremontinfo\/#organization\",\"name\":\"Remiremont Info\",\"url\":\"https:\/\/vosgesinfo.fr\/remiremontinfo\/\",\"logo\":{\"@type\":\"ImageObject\",\"inLanguage\":\"fr-FR\",\"@id\":\"https:\/\/vosgesinfo.fr\/remiremontinfo\/#\/schema\/logo\/image\/\",\"url\":\"https:\/\/vosgesinfo.fr\/app\/uploads\/sites\/5\/2023\/08\/favicon-remiremontinfo.png\",\"contentUrl\":\"https:\/\/vosgesinfo.fr\/app\/uploads\/sites\/5\/2023\/08\/favicon-remiremontinfo.png\",\"width\":512,\"height\":512,\"caption\":\"Remiremont Info\"},\"image\":{\"@id\":\"https:\/\/vosgesinfo.fr\/remiremontinfo\/#\/schema\/logo\/image\/\"},\"sameAs\":[\"https:\/\/www.facebook.com\/remiremontinfo\",\"https:\/\/x.com\/VosgesInfo88\",\"https:\/\/www.youtube.com\/@vosgesinfo\"]},{\"@type\":\"Person\",\"@id\":\"https:\/\/vosgesinfo.fr\/remiremontinfo\/#\/schema\/person\/4f38cd3068e342935b7304695c797d08\",\"name\":\"C.M\",\"image\":{\"@type\":\"ImageObject\",\"inLanguage\":\"fr-FR\",\"@id\":\"https:\/\/vosgesinfo.fr\/remiremontinfo\/#\/schema\/person\/image\/\",\"url\":\"https:\/\/secure.gravatar.com\/avatar\/fe9daaef0164d920717484172682f3c5c9bcf7d42aa8c7048c76c34f0eb6c8da?s=96&d=mm&r=g\",\"contentUrl\":\"https:\/\/secure.gravatar.com\/avatar\/fe9daaef0164d920717484172682f3c5c9bcf7d42aa8c7048c76c34f0eb6c8da?s=96&d=mm&r=g\",\"caption\":\"C.M\"},\"url\":\"https:\/\/vosgesinfo.fr\/remiremontinfo\/author\/cm88200\/\"}]}<\/script>\n<!-- \/ Yoast SEO plugin. -->","yoast_head_json":{"title":"Pouxeux : la banderole de l\u2019ADEMAT-H vol\u00e9e, une plainte d\u00e9pos\u00e9e - Remiremont Info","robots":{"index":"index","follow":"follow","max-snippet":"max-snippet:-1","max-image-preview":"max-image-preview:large","max-video-preview":"max-video-preview:-1"},"canonical":"https:\/\/vosgesinfo.fr\/remiremontinfo\/2025\/07\/pouxeux-la-banderole-de-lademat-h-volee-une-plainte-deposee\/","twitter_card":"summary_large_image","twitter_title":"Pouxeux : la banderole de l\u2019ADEMAT-H vol\u00e9e, une plainte d\u00e9pos\u00e9e - Remiremont Info","twitter_description":"\u00c0 Pouxeux, la mobilisation de l\u2019ADEMAT-H contre la fermeture des urgences la nuit \u00e0 \u00c9pinal et Remiremont a \u00e9t\u00e9 brutalement [&hellip;]","twitter_image":"https:\/\/vosgesinfo.fr\/app\/uploads\/sites\/5\/2025\/07\/banderole-ademat-h-pouxeux-copie.jpg","twitter_creator":"@VosgesInfo88","twitter_site":"@VosgesInfo88","twitter_misc":{"\u00c9crit par":"C.M"},"schema":{"@context":"https:\/\/schema.org","@graph":[{"@type":"Article","@id":"https:\/\/vosgesinfo.fr\/remiremontinfo\/2025\/07\/pouxeux-la-banderole-de-lademat-h-volee-une-plainte-deposee\/#article","isPartOf":{"@id":"https:\/\/vosgesinfo.fr\/remiremontinfo\/2025\/07\/pouxeux-la-banderole-de-lademat-h-volee-une-plainte-deposee\/"},"author":{"name":"C.M","@id":"https:\/\/vosgesinfo.fr\/remiremontinfo\/#\/schema\/person\/4f38cd3068e342935b7304695c797d08"},"headline":"Pouxeux : la banderole de l\u2019ADEMAT-H vol\u00e9e, une plainte d\u00e9pos\u00e9e","datePublished":"2025-07-11T12:30:33+00:00","dateModified":"2025-07-11T11:43:37+00:00","mainEntityOfPage":{"@id":"https:\/\/vosgesinfo.fr\/remiremontinfo\/2025\/07\/pouxeux-la-banderole-de-lademat-h-volee-une-plainte-deposee\/"},"wordCount":110,"commentCount":3,"publisher":{"@id":"https:\/\/vosgesinfo.fr\/remiremontinfo\/#organization"},"image":{"@id":"https:\/\/vosgesinfo.fr\/remiremontinfo\/2025\/07\/pouxeux-la-banderole-de-lademat-h-volee-une-plainte-deposee\/#primaryimage"},"thumbnailUrl":"https:\/\/vosgesinfo.fr\/app\/uploads\/sites\/5\/2025\/07\/banderole-ademat-h-pouxeux-copie.jpg","keywords":["ademat-h","Pouxeux","Vol"],"articleSection":["A la Une","Epinal","Faits-divers","Remiremont"],"inLanguage":"fr-FR","potentialAction":[{"@type":"CommentAction","name":"Comment","target":["https:\/\/vosgesinfo.fr\/remiremontinfo\/2025\/07\/pouxeux-la-banderole-de-lademat-h-volee-une-plainte-deposee\/#respond"]}]},{"@type":"WebPage","@id":"https:\/\/vosgesinfo.fr\/remiremontinfo\/2025\/07\/pouxeux-la-banderole-de-lademat-h-volee-une-plainte-deposee\/","url":"https:\/\/vosgesinfo.fr\/remiremontinfo\/2025\/07\/pouxeux-la-banderole-de-lademat-h-volee-une-plainte-deposee\/","name":"Pouxeux : la banderole de l\u2019ADEMAT-H vol\u00e9e, une plainte d\u00e9pos\u00e9e - Remiremont Info","isPartOf":{"@id":"https:\/\/vosgesinfo.fr\/remiremontinfo\/#website"},"primaryImageOfPage":{"@id":"https:\/\/vosgesinfo.fr\/remiremontinfo\/2025\/07\/pouxeux-la-banderole-de-lademat-h-volee-une-plainte-deposee\/#primaryimage"},"image":{"@id":"https:\/\/vosgesinfo.fr\/remiremontinfo\/2025\/07\/pouxeux-la-banderole-de-lademat-h-volee-une-plainte-deposee\/#primaryimage"},"thumbnailUrl":"https:\/\/vosgesinfo.fr\/app\/uploads\/sites\/5\/2025\/07\/banderole-ademat-h-pouxeux-copie.jpg","datePublished":"2025-07-11T12:30:33+00:00","dateModified":"2025-07-11T11:43:37+00:00","breadcrumb":{"@id":"https:\/\/vosgesinfo.fr\/remiremontinfo\/2025\/07\/pouxeux-la-banderole-de-lademat-h-volee-une-plainte-deposee\/#breadcrumb"},"inLanguage":"fr-FR","potentialAction":[{"@type":"ReadAction","target":["https:\/\/vosgesinfo.fr\/remiremontinfo\/2025\/07\/pouxeux-la-banderole-de-lademat-h-volee-une-plainte-deposee\/"]}]},{"@type":"ImageObject","inLanguage":"fr-FR","@id":"https:\/\/vosgesinfo.fr\/remiremontinfo\/2025\/07\/pouxeux-la-banderole-de-lademat-h-volee-une-plainte-deposee\/#primaryimage","url":"https:\/\/vosgesinfo.fr\/app\/uploads\/sites\/5\/2025\/07\/banderole-ademat-h-pouxeux-copie.jpg","contentUrl":"https:\/\/vosgesinfo.fr\/app\/uploads\/sites\/5\/2025\/07\/banderole-ademat-h-pouxeux-copie.jpg","width":651,"height":490},{"@type":"BreadcrumbList","@id":"https:\/\/vosgesinfo.fr\/remiremontinfo\/2025\/07\/pouxeux-la-banderole-de-lademat-h-volee-une-plainte-deposee\/#breadcrumb","itemListElement":[{"@type":"ListItem","position":1,"name":"Home","item":"https:\/\/vosgesinfo.fr\/remiremontinfo\/"},{"@type":"ListItem","position":2,"name":"Pouxeux : la banderole de l\u2019ADEMAT-H vol\u00e9e, une plainte d\u00e9pos\u00e9e"}]},{"@type":"WebSite","@id":"https:\/\/vosgesinfo.fr\/remiremontinfo\/#website","url":"https:\/\/vosgesinfo.fr\/remiremontinfo\/","name":"Remiremont Info","description":"Toute l&#039;actualit\u00e9 de Remiremont","publisher":{"@id":"https:\/\/vosgesinfo.fr\/remiremontinfo\/#organization"},"alternateName":"Toute l'actualit\u00e9 de Remiremont","potentialAction":[{"@type":"SearchAction","target":{"@type":"EntryPoint","urlTemplate":"https:\/\/vosgesinfo.fr\/remiremontinfo\/?s={search_term_string}"},"query-input":"required name=search_term_string"}],"inLanguage":"fr-FR"},{"@type":"Organization","@id":"https:\/\/vosgesinfo.fr\/remiremontinfo\/#organization","name":"Remiremont Info","url":"https:\/\/vosgesinfo.fr\/remiremontinfo\/","logo":{"@type":"ImageObject","inLanguage":"fr-FR","@id":"https:\/\/vosgesinfo.fr\/remiremontinfo\/#\/schema\/logo\/image\/","url":"https:\/\/vosgesinfo.fr\/app\/uploads\/sites\/5\/2023\/08\/favicon-remiremontinfo.png","contentUrl":"https:\/\/vosgesinfo.fr\/app\/uploads\/sites\/5\/2023\/08\/favicon-remiremontinfo.png","width":512,"height":512,"caption":"Remiremont Info"},"image":{"@id":"https:\/\/vosgesinfo.fr\/remiremontinfo\/#\/schema\/logo\/image\/"},"sameAs":["https:\/\/www.facebook.com\/remiremontinfo","https:\/\/x.com\/VosgesInfo88","https:\/\/www.youtube.com\/@vosgesinfo"]},{"@type":"Person","@id":"https:\/\/vosgesinfo.fr\/remiremontinfo\/#\/schema\/person\/4f38cd3068e342935b7304695c797d08","name":"C.M","image":{"@type":"ImageObject","inLanguage":"fr-FR","@id":"https:\/\/vosgesinfo.fr\/remiremontinfo\/#\/schema\/person\/image\/","url":"https:\/\/secure.gravatar.com\/avatar\/fe9daaef0164d920717484172682f3c5c9bcf7d42aa8c7048c76c34f0eb6c8da?s=96&d=mm&r=g","contentUrl":"https:\/\/secure.gravatar.com\/avatar\/fe9daaef0164d920717484172682f3c5c9bcf7d42aa8c7048c76c34f0eb6c8da?s=96&d=mm&r=g","caption":"C.M"},"url":"https:\/\/vosgesinfo.fr\/remiremontinfo\/author\/cm88200\/"}]}},"_links":{"self":[{"href":"https:\/\/vosgesinfo.fr\/remiremontinfo\/wp-json\/wp\/v2\/posts\/83630","targetHints":{"allow":["GET"]}}],"collection":[{"href":"https:\/\/vosgesinfo.fr\/remiremontinfo\/wp-json\/wp\/v2\/posts"}],"about":[{"href":"https:\/\/vosgesinfo.fr\/remiremontinfo\/wp-json\/wp\/v2\/types\/post"}],"author":[{"embeddable":true,"href":"https:\/\/vosgesinfo.fr\/remiremontinfo\/wp-json\/wp\/v2\/users\/418"}],"replies":[{"embeddable":true,"href":"https:\/\/vosgesinfo.fr\/remiremontinfo\/wp-json\/wp\/v2\/comments?post=83630"}],"version-history":[{"count":1,"href":"https:\/\/vosgesinfo.fr\/remiremontinfo\/wp-json\/wp\/v2\/posts\/83630\/revisions"}],"predecessor-version":[{"id":83632,"href":"https:\/\/vosgesinfo.fr\/remiremontinfo\/wp-json\/wp\/v2\/posts\/83630\/revisions\/83632"}],"wp:featuredmedia":[{"embeddable":true,"href":"https:\/\/vosgesinfo.fr\/remiremontinfo\/wp-json\/wp\/v2\/media\/83631"}],"wp:attachment":[{"href":"https:\/\/vosgesinfo.fr\/remiremontinfo\/wp-json\/wp\/v2\/media?parent=83630"}],"wp:term":[{"taxonomy":"category","embeddable":true,"href":"https:\/\/vosgesinfo.fr\/remiremontinfo\/wp-json\/wp\/v2\/categories?post=83630"},{"taxonomy":"post_tag","embeddable":true,"href":"https:\/\/vosgesinfo.fr\/remiremontinfo\/wp-json\/wp\/v2\/tags?post=83630"}],"curies":[{"name":"wp","href":"https:\/\/api.w.org\/{rel}","templated":true}]}}