{"id":83763,"date":"2025-07-16T14:27:43","date_gmt":"2025-07-16T12:27:43","guid":{"rendered":"https:\/\/vosgesinfo.fr\/remiremontinfo\/?p=83763"},"modified":"2025-07-16T14:06:29","modified_gmt":"2025-07-16T12:06:29","slug":"lassociation-ctps-a-tenu-son-assemblee-generale","status":"publish","type":"post","link":"https:\/\/vosgesinfo.fr\/remiremontinfo\/2025\/07\/lassociation-ctps-a-tenu-son-assemblee-generale\/","title":{"rendered":"L\u2019association CTPS a tenu son Assembl\u00e9e G\u00e9n\u00e9rale"},"content":{"rendered":"<p data-pm-slice=\"1 1 []\"><a href=\"https:\/\/vosgesinfo.fr\/app\/uploads\/sites\/5\/2025\/07\/lassemblee.png\"><img decoding=\"async\" class=\"alignright size-large wp-image-83764\" src=\"https:\/\/vosgesinfo.fr\/app\/uploads\/sites\/5\/2025\/07\/lassemblee-1024x622.png\" alt=\"\" width=\"1024\" height=\"622\" srcset=\"https:\/\/vosgesinfo.fr\/app\/uploads\/sites\/5\/2025\/07\/lassemblee-1024x622.png 1024w, https:\/\/vosgesinfo.fr\/app\/uploads\/sites\/5\/2025\/07\/lassemblee-300x182.png 300w, https:\/\/vosgesinfo.fr\/app\/uploads\/sites\/5\/2025\/07\/lassemblee-768x467.png 768w, https:\/\/vosgesinfo.fr\/app\/uploads\/sites\/5\/2025\/07\/lassemblee.png 1486w\" sizes=\"(max-width: 1024px) 100vw, 1024px\" \/><\/a><\/p>\n<p><strong>Une quarantaine de personnes, adh\u00e9rents, partenaires, b\u00e9n\u00e9voles et \u00e9lus, se sont retrouv\u00e9es le mardi 8 juillet au th\u00e9\u00e2tre de la Miroiterie, pour assister \u00e0 l\u2019assembl\u00e9e g\u00e9n\u00e9rale de l\u2019exercice 2024 de l\u2019association romarimontaine CTPS (Culture, Th\u00e9\u00e2tre, Peinture, Sculpture).<\/strong><\/p>\n<p>Dans son rapport moral, la pr\u00e9sidente, Catherine Philippe a rappel\u00e9 les valeurs fondatrices de l\u2019association : la culture pour toutes et tous par toutes et tous.<\/p>\n<p>Elle s\u2019est f\u00e9licit\u00e9e de la bonne sant\u00e9 de l\u2019association qui a comptabilis\u00e9, en 2024, 351 adh\u00e9rents.<\/p>\n<p>Des remerciements ont \u00e9t\u00e9 adress\u00e9s aux salari\u00e9s et aux b\u00e9n\u00e9voles de l\u2019association, une \u00e9quipe solide, efficace et tr\u00e8s investie, avec un hommage particulier \u00e0 Alain Bolmont, membre fondateur qui vient de faire valoir ses droits \u00e0 la retraite. La pr\u00e9sidente a ensuite \u00e9voqu\u00e9 les temps forts de l\u2019ann\u00e9e 2024 dans les trois domaines d\u2019activit\u00e9 de l\u2019association\u00a0: l\u2019insertion, la formation et la sc\u00e8ne culturelle.<\/p>\n<p>Karin Andr\u00e9, directrice de CTPS, a ensuite pr\u00e9sent\u00e9 le d\u00e9tail des nombreuses activit\u00e9s men\u00e9es et quelques usagers de l\u2019association ont tenu \u00e0 t\u00e9moigner de leur parcours de vie et de ce que leur apporte CTPS en termes de vie sociale et de confiance en eux. Marina Ferreirera, tr\u00e9sori\u00e8re, a pr\u00e9sent\u00e9 de mani\u00e8re tr\u00e8s p\u00e9dagogique le rapport financier, qui a \u00e9galement \u00e9t\u00e9 approuv\u00e9 par un commissaire aux comptes, pr\u00e9sent \u00e0 l\u2019assembl\u00e9e g\u00e9n\u00e9rale, qui est venu confirmer des finances saines et une gestion rigoureuse. La pr\u00e9sidente a \u00e9voqu\u00e9 l\u2019inqui\u00e9tude du monde associatif face \u00e0 la baisse des budgets allou\u00e9s aux associations en g\u00e9n\u00e9ral et aux associations culturelles en particulier, qui sont fortement g\u00e9n\u00e9ratrices d\u2019emplois, particuli\u00e8rement dans les Vosges.<\/p>\n<p>L\u2019AG s\u2019est cl\u00f4tur\u00e9e autour d\u2019un verre, se prolongeant ainsi en discussions amicales et positives.<\/p>\n<p><strong>PM avec la participation de Catherine Philippe<\/strong><\/p>\n<div id=\"attachment_83765\" style=\"width: 310px\" class=\"wp-caption alignright\"><a href=\"https:\/\/vosgesinfo.fr\/app\/uploads\/sites\/5\/2025\/07\/karin-andre-et-marina-ferreira.png\"><img decoding=\"async\" aria-describedby=\"caption-attachment-83765\" class=\"size-medium wp-image-83765\" src=\"https:\/\/vosgesinfo.fr\/app\/uploads\/sites\/5\/2025\/07\/karin-andre-et-marina-ferreira-300x210.png\" alt=\"\" width=\"300\" height=\"210\" srcset=\"https:\/\/vosgesinfo.fr\/app\/uploads\/sites\/5\/2025\/07\/karin-andre-et-marina-ferreira-300x210.png 300w, https:\/\/vosgesinfo.fr\/app\/uploads\/sites\/5\/2025\/07\/karin-andre-et-marina-ferreira-1024x716.png 1024w, https:\/\/vosgesinfo.fr\/app\/uploads\/sites\/5\/2025\/07\/karin-andre-et-marina-ferreira-768x537.png 768w, https:\/\/vosgesinfo.fr\/app\/uploads\/sites\/5\/2025\/07\/karin-andre-et-marina-ferreira.png 1292w\" sizes=\"(max-width: 300px) 100vw, 300px\" \/><\/a><p id=\"caption-attachment-83765\" class=\"wp-caption-text\">karin Andr\u00e9 et Marina Ferreira<\/p><\/div>\n","protected":false},"excerpt":{"rendered":"<p>Une quarantaine de personnes, adh\u00e9rents, partenaires, b\u00e9n\u00e9voles et \u00e9lus, se sont retrouv\u00e9es le mardi 8 juillet au th\u00e9\u00e2tre de la [&hellip;]<\/p>\n","protected":false},"author":413,"featured_media":83764,"comment_status":"open","ping_status":"open","sticky":false,"template":"","format":"standard","meta":{"footnotes":""},"categories":[26,4,35,17],"tags":[6687,279],"class_list":["post-83763","post","type-post","status-publish","format-standard","has-post-thumbnail","hentry","category-a-la-une","category-culture","category-remiremont-son-canton","category-vie-associative","tag-ctps","tag-theatre-de-la-miroiterie"],"acf":[],"yoast_head":"<!-- This site is optimized with the Yoast SEO plugin v22.5 - https:\/\/yoast.com\/wordpress\/plugins\/seo\/ -->\n<title>L\u2019association CTPS a tenu son Assembl\u00e9e G\u00e9n\u00e9rale - Remiremont Info<\/title>\n<meta name=\"robots\" content=\"index, follow, max-snippet:-1, max-image-preview:large, max-video-preview:-1\" \/>\n<link rel=\"canonical\" href=\"https:\/\/vosgesinfo.fr\/remiremontinfo\/2025\/07\/lassociation-ctps-a-tenu-son-assemblee-generale\/\" \/>\n<meta name=\"twitter:card\" content=\"summary_large_image\" \/>\n<meta name=\"twitter:title\" content=\"L\u2019association CTPS a tenu son Assembl\u00e9e G\u00e9n\u00e9rale - Remiremont Info\" \/>\n<meta name=\"twitter:description\" content=\"Une quarantaine de personnes, adh\u00e9rents, partenaires, b\u00e9n\u00e9voles et \u00e9lus, se sont retrouv\u00e9es le mardi 8 juillet au th\u00e9\u00e2tre de la [&hellip;]\" \/>\n<meta name=\"twitter:image\" content=\"https:\/\/vosgesinfo.fr\/app\/uploads\/sites\/5\/2025\/07\/lassemblee.png\" \/>\n<meta name=\"twitter:creator\" content=\"@VosgesInfo88\" \/>\n<meta name=\"twitter:site\" content=\"@VosgesInfo88\" \/>\n<meta name=\"twitter:label1\" content=\"\u00c9crit par\" \/>\n\t<meta name=\"twitter:data1\" content=\"P.M\" \/>\n\t<meta name=\"twitter:label2\" content=\"Dur\u00e9e de lecture estim\u00e9e\" \/>\n\t<meta name=\"twitter:data2\" content=\"3 minutes\" \/>\n<script type=\"application\/ld+json\" class=\"yoast-schema-graph\">{\"@context\":\"https:\/\/schema.org\",\"@graph\":[{\"@type\":\"Article\",\"@id\":\"https:\/\/vosgesinfo.fr\/remiremontinfo\/2025\/07\/lassociation-ctps-a-tenu-son-assemblee-generale\/#article\",\"isPartOf\":{\"@id\":\"https:\/\/vosgesinfo.fr\/remiremontinfo\/2025\/07\/lassociation-ctps-a-tenu-son-assemblee-generale\/\"},\"author\":{\"name\":\"P.M\",\"@id\":\"https:\/\/vosgesinfo.fr\/remiremontinfo\/#\/schema\/person\/a6fd2dde36da20be3679f2058b94c5b8\"},\"headline\":\"L\u2019association CTPS a tenu son Assembl\u00e9e G\u00e9n\u00e9rale\",\"datePublished\":\"2025-07-16T12:27:43+00:00\",\"dateModified\":\"2025-07-16T12:06:29+00:00\",\"mainEntityOfPage\":{\"@id\":\"https:\/\/vosgesinfo.fr\/remiremontinfo\/2025\/07\/lassociation-ctps-a-tenu-son-assemblee-generale\/\"},\"wordCount\":354,\"commentCount\":0,\"publisher\":{\"@id\":\"https:\/\/vosgesinfo.fr\/remiremontinfo\/#organization\"},\"image\":{\"@id\":\"https:\/\/vosgesinfo.fr\/remiremontinfo\/2025\/07\/lassociation-ctps-a-tenu-son-assemblee-generale\/#primaryimage\"},\"thumbnailUrl\":\"https:\/\/vosgesinfo.fr\/app\/uploads\/sites\/5\/2025\/07\/lassemblee.png\",\"keywords\":[\"CTPS\",\"th\u00e9\u00e2tre de la Miroiterie\"],\"articleSection\":[\"A la Une\",\"Culture\",\"Remiremont &amp; son canton\",\"Vie associative\"],\"inLanguage\":\"fr-FR\",\"potentialAction\":[{\"@type\":\"CommentAction\",\"name\":\"Comment\",\"target\":[\"https:\/\/vosgesinfo.fr\/remiremontinfo\/2025\/07\/lassociation-ctps-a-tenu-son-assemblee-generale\/#respond\"]}]},{\"@type\":\"WebPage\",\"@id\":\"https:\/\/vosgesinfo.fr\/remiremontinfo\/2025\/07\/lassociation-ctps-a-tenu-son-assemblee-generale\/\",\"url\":\"https:\/\/vosgesinfo.fr\/remiremontinfo\/2025\/07\/lassociation-ctps-a-tenu-son-assemblee-generale\/\",\"name\":\"L\u2019association CTPS a tenu son Assembl\u00e9e G\u00e9n\u00e9rale - Remiremont Info\",\"isPartOf\":{\"@id\":\"https:\/\/vosgesinfo.fr\/remiremontinfo\/#website\"},\"primaryImageOfPage\":{\"@id\":\"https:\/\/vosgesinfo.fr\/remiremontinfo\/2025\/07\/lassociation-ctps-a-tenu-son-assemblee-generale\/#primaryimage\"},\"image\":{\"@id\":\"https:\/\/vosgesinfo.fr\/remiremontinfo\/2025\/07\/lassociation-ctps-a-tenu-son-assemblee-generale\/#primaryimage\"},\"thumbnailUrl\":\"https:\/\/vosgesinfo.fr\/app\/uploads\/sites\/5\/2025\/07\/lassemblee.png\",\"datePublished\":\"2025-07-16T12:27:43+00:00\",\"dateModified\":\"2025-07-16T12:06:29+00:00\",\"breadcrumb\":{\"@id\":\"https:\/\/vosgesinfo.fr\/remiremontinfo\/2025\/07\/lassociation-ctps-a-tenu-son-assemblee-generale\/#breadcrumb\"},\"inLanguage\":\"fr-FR\",\"potentialAction\":[{\"@type\":\"ReadAction\",\"target\":[\"https:\/\/vosgesinfo.fr\/remiremontinfo\/2025\/07\/lassociation-ctps-a-tenu-son-assemblee-generale\/\"]}]},{\"@type\":\"ImageObject\",\"inLanguage\":\"fr-FR\",\"@id\":\"https:\/\/vosgesinfo.fr\/remiremontinfo\/2025\/07\/lassociation-ctps-a-tenu-son-assemblee-generale\/#primaryimage\",\"url\":\"https:\/\/vosgesinfo.fr\/app\/uploads\/sites\/5\/2025\/07\/lassemblee.png\",\"contentUrl\":\"https:\/\/vosgesinfo.fr\/app\/uploads\/sites\/5\/2025\/07\/lassemblee.png\",\"width\":1486,\"height\":903},{\"@type\":\"BreadcrumbList\",\"@id\":\"https:\/\/vosgesinfo.fr\/remiremontinfo\/2025\/07\/lassociation-ctps-a-tenu-son-assemblee-generale\/#breadcrumb\",\"itemListElement\":[{\"@type\":\"ListItem\",\"position\":1,\"name\":\"Home\",\"item\":\"https:\/\/vosgesinfo.fr\/remiremontinfo\/\"},{\"@type\":\"ListItem\",\"position\":2,\"name\":\"L\u2019association CTPS a tenu son Assembl\u00e9e G\u00e9n\u00e9rale\"}]},{\"@type\":\"WebSite\",\"@id\":\"https:\/\/vosgesinfo.fr\/remiremontinfo\/#website\",\"url\":\"https:\/\/vosgesinfo.fr\/remiremontinfo\/\",\"name\":\"Remiremont Info\",\"description\":\"Toute l&#039;actualit\u00e9 de Remiremont\",\"publisher\":{\"@id\":\"https:\/\/vosgesinfo.fr\/remiremontinfo\/#organization\"},\"alternateName\":\"Toute l'actualit\u00e9 de Remiremont\",\"potentialAction\":[{\"@type\":\"SearchAction\",\"target\":{\"@type\":\"EntryPoint\",\"urlTemplate\":\"https:\/\/vosgesinfo.fr\/remiremontinfo\/?s={search_term_string}\"},\"query-input\":\"required name=search_term_string\"}],\"inLanguage\":\"fr-FR\"},{\"@type\":\"Organization\",\"@id\":\"https:\/\/vosgesinfo.fr\/remiremontinfo\/#organization\",\"name\":\"Remiremont Info\",\"url\":\"https:\/\/vosgesinfo.fr\/remiremontinfo\/\",\"logo\":{\"@type\":\"ImageObject\",\"inLanguage\":\"fr-FR\",\"@id\":\"https:\/\/vosgesinfo.fr\/remiremontinfo\/#\/schema\/logo\/image\/\",\"url\":\"https:\/\/vosgesinfo.fr\/app\/uploads\/sites\/5\/2023\/08\/favicon-remiremontinfo.png\",\"contentUrl\":\"https:\/\/vosgesinfo.fr\/app\/uploads\/sites\/5\/2023\/08\/favicon-remiremontinfo.png\",\"width\":512,\"height\":512,\"caption\":\"Remiremont Info\"},\"image\":{\"@id\":\"https:\/\/vosgesinfo.fr\/remiremontinfo\/#\/schema\/logo\/image\/\"},\"sameAs\":[\"https:\/\/www.facebook.com\/remiremontinfo\",\"https:\/\/x.com\/VosgesInfo88\",\"https:\/\/www.youtube.com\/@vosgesinfo\"]},{\"@type\":\"Person\",\"@id\":\"https:\/\/vosgesinfo.fr\/remiremontinfo\/#\/schema\/person\/a6fd2dde36da20be3679f2058b94c5b8\",\"name\":\"P.M\",\"image\":{\"@type\":\"ImageObject\",\"inLanguage\":\"fr-FR\",\"@id\":\"https:\/\/vosgesinfo.fr\/remiremontinfo\/#\/schema\/person\/image\/\",\"url\":\"https:\/\/secure.gravatar.com\/avatar\/db38f6ef38bb165f6f4d352563f264129673ed4536984fbbcddf700bd12f8a9a?s=96&d=mm&r=g\",\"contentUrl\":\"https:\/\/secure.gravatar.com\/avatar\/db38f6ef38bb165f6f4d352563f264129673ed4536984fbbcddf700bd12f8a9a?s=96&d=mm&r=g\",\"caption\":\"P.M\"},\"url\":\"https:\/\/vosgesinfo.fr\/remiremontinfo\/author\/p-mangel88\/\"}]}<\/script>\n<!-- \/ Yoast SEO plugin. -->","yoast_head_json":{"title":"L\u2019association CTPS a tenu son Assembl\u00e9e G\u00e9n\u00e9rale - Remiremont Info","robots":{"index":"index","follow":"follow","max-snippet":"max-snippet:-1","max-image-preview":"max-image-preview:large","max-video-preview":"max-video-preview:-1"},"canonical":"https:\/\/vosgesinfo.fr\/remiremontinfo\/2025\/07\/lassociation-ctps-a-tenu-son-assemblee-generale\/","twitter_card":"summary_large_image","twitter_title":"L\u2019association CTPS a tenu son Assembl\u00e9e G\u00e9n\u00e9rale - Remiremont Info","twitter_description":"Une quarantaine de personnes, adh\u00e9rents, partenaires, b\u00e9n\u00e9voles et \u00e9lus, se sont retrouv\u00e9es le mardi 8 juillet au th\u00e9\u00e2tre de la [&hellip;]","twitter_image":"https:\/\/vosgesinfo.fr\/app\/uploads\/sites\/5\/2025\/07\/lassemblee.png","twitter_creator":"@VosgesInfo88","twitter_site":"@VosgesInfo88","twitter_misc":{"\u00c9crit par":"P.M","Dur\u00e9e de lecture estim\u00e9e":"3 minutes"},"schema":{"@context":"https:\/\/schema.org","@graph":[{"@type":"Article","@id":"https:\/\/vosgesinfo.fr\/remiremontinfo\/2025\/07\/lassociation-ctps-a-tenu-son-assemblee-generale\/#article","isPartOf":{"@id":"https:\/\/vosgesinfo.fr\/remiremontinfo\/2025\/07\/lassociation-ctps-a-tenu-son-assemblee-generale\/"},"author":{"name":"P.M","@id":"https:\/\/vosgesinfo.fr\/remiremontinfo\/#\/schema\/person\/a6fd2dde36da20be3679f2058b94c5b8"},"headline":"L\u2019association CTPS a tenu son Assembl\u00e9e G\u00e9n\u00e9rale","datePublished":"2025-07-16T12:27:43+00:00","dateModified":"2025-07-16T12:06:29+00:00","mainEntityOfPage":{"@id":"https:\/\/vosgesinfo.fr\/remiremontinfo\/2025\/07\/lassociation-ctps-a-tenu-son-assemblee-generale\/"},"wordCount":354,"commentCount":0,"publisher":{"@id":"https:\/\/vosgesinfo.fr\/remiremontinfo\/#organization"},"image":{"@id":"https:\/\/vosgesinfo.fr\/remiremontinfo\/2025\/07\/lassociation-ctps-a-tenu-son-assemblee-generale\/#primaryimage"},"thumbnailUrl":"https:\/\/vosgesinfo.fr\/app\/uploads\/sites\/5\/2025\/07\/lassemblee.png","keywords":["CTPS","th\u00e9\u00e2tre de la Miroiterie"],"articleSection":["A la Une","Culture","Remiremont &amp; son canton","Vie associative"],"inLanguage":"fr-FR","potentialAction":[{"@type":"CommentAction","name":"Comment","target":["https:\/\/vosgesinfo.fr\/remiremontinfo\/2025\/07\/lassociation-ctps-a-tenu-son-assemblee-generale\/#respond"]}]},{"@type":"WebPage","@id":"https:\/\/vosgesinfo.fr\/remiremontinfo\/2025\/07\/lassociation-ctps-a-tenu-son-assemblee-generale\/","url":"https:\/\/vosgesinfo.fr\/remiremontinfo\/2025\/07\/lassociation-ctps-a-tenu-son-assemblee-generale\/","name":"L\u2019association CTPS a tenu son Assembl\u00e9e G\u00e9n\u00e9rale - Remiremont Info","isPartOf":{"@id":"https:\/\/vosgesinfo.fr\/remiremontinfo\/#website"},"primaryImageOfPage":{"@id":"https:\/\/vosgesinfo.fr\/remiremontinfo\/2025\/07\/lassociation-ctps-a-tenu-son-assemblee-generale\/#primaryimage"},"image":{"@id":"https:\/\/vosgesinfo.fr\/remiremontinfo\/2025\/07\/lassociation-ctps-a-tenu-son-assemblee-generale\/#primaryimage"},"thumbnailUrl":"https:\/\/vosgesinfo.fr\/app\/uploads\/sites\/5\/2025\/07\/lassemblee.png","datePublished":"2025-07-16T12:27:43+00:00","dateModified":"2025-07-16T12:06:29+00:00","breadcrumb":{"@id":"https:\/\/vosgesinfo.fr\/remiremontinfo\/2025\/07\/lassociation-ctps-a-tenu-son-assemblee-generale\/#breadcrumb"},"inLanguage":"fr-FR","potentialAction":[{"@type":"ReadAction","target":["https:\/\/vosgesinfo.fr\/remiremontinfo\/2025\/07\/lassociation-ctps-a-tenu-son-assemblee-generale\/"]}]},{"@type":"ImageObject","inLanguage":"fr-FR","@id":"https:\/\/vosgesinfo.fr\/remiremontinfo\/2025\/07\/lassociation-ctps-a-tenu-son-assemblee-generale\/#primaryimage","url":"https:\/\/vosgesinfo.fr\/app\/uploads\/sites\/5\/2025\/07\/lassemblee.png","contentUrl":"https:\/\/vosgesinfo.fr\/app\/uploads\/sites\/5\/2025\/07\/lassemblee.png","width":1486,"height":903},{"@type":"BreadcrumbList","@id":"https:\/\/vosgesinfo.fr\/remiremontinfo\/2025\/07\/lassociation-ctps-a-tenu-son-assemblee-generale\/#breadcrumb","itemListElement":[{"@type":"ListItem","position":1,"name":"Home","item":"https:\/\/vosgesinfo.fr\/remiremontinfo\/"},{"@type":"ListItem","position":2,"name":"L\u2019association CTPS a tenu son Assembl\u00e9e G\u00e9n\u00e9rale"}]},{"@type":"WebSite","@id":"https:\/\/vosgesinfo.fr\/remiremontinfo\/#website","url":"https:\/\/vosgesinfo.fr\/remiremontinfo\/","name":"Remiremont Info","description":"Toute l&#039;actualit\u00e9 de Remiremont","publisher":{"@id":"https:\/\/vosgesinfo.fr\/remiremontinfo\/#organization"},"alternateName":"Toute l'actualit\u00e9 de Remiremont","potentialAction":[{"@type":"SearchAction","target":{"@type":"EntryPoint","urlTemplate":"https:\/\/vosgesinfo.fr\/remiremontinfo\/?s={search_term_string}"},"query-input":"required name=search_term_string"}],"inLanguage":"fr-FR"},{"@type":"Organization","@id":"https:\/\/vosgesinfo.fr\/remiremontinfo\/#organization","name":"Remiremont Info","url":"https:\/\/vosgesinfo.fr\/remiremontinfo\/","logo":{"@type":"ImageObject","inLanguage":"fr-FR","@id":"https:\/\/vosgesinfo.fr\/remiremontinfo\/#\/schema\/logo\/image\/","url":"https:\/\/vosgesinfo.fr\/app\/uploads\/sites\/5\/2023\/08\/favicon-remiremontinfo.png","contentUrl":"https:\/\/vosgesinfo.fr\/app\/uploads\/sites\/5\/2023\/08\/favicon-remiremontinfo.png","width":512,"height":512,"caption":"Remiremont Info"},"image":{"@id":"https:\/\/vosgesinfo.fr\/remiremontinfo\/#\/schema\/logo\/image\/"},"sameAs":["https:\/\/www.facebook.com\/remiremontinfo","https:\/\/x.com\/VosgesInfo88","https:\/\/www.youtube.com\/@vosgesinfo"]},{"@type":"Person","@id":"https:\/\/vosgesinfo.fr\/remiremontinfo\/#\/schema\/person\/a6fd2dde36da20be3679f2058b94c5b8","name":"P.M","image":{"@type":"ImageObject","inLanguage":"fr-FR","@id":"https:\/\/vosgesinfo.fr\/remiremontinfo\/#\/schema\/person\/image\/","url":"https:\/\/secure.gravatar.com\/avatar\/db38f6ef38bb165f6f4d352563f264129673ed4536984fbbcddf700bd12f8a9a?s=96&d=mm&r=g","contentUrl":"https:\/\/secure.gravatar.com\/avatar\/db38f6ef38bb165f6f4d352563f264129673ed4536984fbbcddf700bd12f8a9a?s=96&d=mm&r=g","caption":"P.M"},"url":"https:\/\/vosgesinfo.fr\/remiremontinfo\/author\/p-mangel88\/"}]}},"_links":{"self":[{"href":"https:\/\/vosgesinfo.fr\/remiremontinfo\/wp-json\/wp\/v2\/posts\/83763","targetHints":{"allow":["GET"]}}],"collection":[{"href":"https:\/\/vosgesinfo.fr\/remiremontinfo\/wp-json\/wp\/v2\/posts"}],"about":[{"href":"https:\/\/vosgesinfo.fr\/remiremontinfo\/wp-json\/wp\/v2\/types\/post"}],"author":[{"embeddable":true,"href":"https:\/\/vosgesinfo.fr\/remiremontinfo\/wp-json\/wp\/v2\/users\/413"}],"replies":[{"embeddable":true,"href":"https:\/\/vosgesinfo.fr\/remiremontinfo\/wp-json\/wp\/v2\/comments?post=83763"}],"version-history":[{"count":4,"href":"https:\/\/vosgesinfo.fr\/remiremontinfo\/wp-json\/wp\/v2\/posts\/83763\/revisions"}],"predecessor-version":[{"id":83769,"href":"https:\/\/vosgesinfo.fr\/remiremontinfo\/wp-json\/wp\/v2\/posts\/83763\/revisions\/83769"}],"wp:featuredmedia":[{"embeddable":true,"href":"https:\/\/vosgesinfo.fr\/remiremontinfo\/wp-json\/wp\/v2\/media\/83764"}],"wp:attachment":[{"href":"https:\/\/vosgesinfo.fr\/remiremontinfo\/wp-json\/wp\/v2\/media?parent=83763"}],"wp:term":[{"taxonomy":"category","embeddable":true,"href":"https:\/\/vosgesinfo.fr\/remiremontinfo\/wp-json\/wp\/v2\/categories?post=83763"},{"taxonomy":"post_tag","embeddable":true,"href":"https:\/\/vosgesinfo.fr\/remiremontinfo\/wp-json\/wp\/v2\/tags?post=83763"}],"curies":[{"name":"wp","href":"https:\/\/api.w.org\/{rel}","templated":true}]}}