{"id":83817,"date":"2025-07-18T14:32:09","date_gmt":"2025-07-18T12:32:09","guid":{"rendered":"https:\/\/vosgesinfo.fr\/remiremontinfo\/?p=83817"},"modified":"2025-07-18T14:10:58","modified_gmt":"2025-07-18T12:10:58","slug":"les-travaux-du-reseau-de-chaleur-urbain-de-remiremont-se-terminent","status":"publish","type":"post","link":"https:\/\/vosgesinfo.fr\/remiremontinfo\/2025\/07\/les-travaux-du-reseau-de-chaleur-urbain-de-remiremont-se-terminent\/","title":{"rendered":"Les travaux du r\u00e9seau de chaleur urbain de Remiremont se terminent."},"content":{"rendered":"<p><a href=\"https:\/\/vosgesinfo.fr\/app\/uploads\/sites\/5\/2025\/07\/capture-decran-2025-07-17-233445.png\"><img decoding=\"async\" class=\"size-large wp-image-83819 aligncenter\" src=\"https:\/\/vosgesinfo.fr\/app\/uploads\/sites\/5\/2025\/07\/capture-decran-2025-07-17-233445-1024x730.png\" alt=\"\" width=\"1024\" height=\"730\" srcset=\"https:\/\/vosgesinfo.fr\/app\/uploads\/sites\/5\/2025\/07\/capture-decran-2025-07-17-233445-1024x730.png 1024w, https:\/\/vosgesinfo.fr\/app\/uploads\/sites\/5\/2025\/07\/capture-decran-2025-07-17-233445-300x214.png 300w, https:\/\/vosgesinfo.fr\/app\/uploads\/sites\/5\/2025\/07\/capture-decran-2025-07-17-233445-768x547.png 768w, https:\/\/vosgesinfo.fr\/app\/uploads\/sites\/5\/2025\/07\/capture-decran-2025-07-17-233445.png 1256w\" sizes=\"(max-width: 1024px) 100vw, 1024px\" \/><\/a><\/p>\n<p><strong>Malgr\u00e9 les nombreuses contraintes techniques, les dimensions hors normes des travaux et les al\u00e9as inh\u00e9rents \u00e0 ce type de chantier, les travaux du r\u00e9seau de chaleur urbain de Remiremont touchent \u00e0 leur fin dans les d\u00e9lais pr\u00e9vus. \u00c0 la fin de ce mois de juillet, les travaux de voirie impactant la circulation depuis de nombreux mois seront termin\u00e9s, \u00e0 l\u2019exception de quelques petites finitions.<\/strong><\/p>\n<p>Ce jeudi matin, le maire Jean-Beno\u00eet Tisserand et l\u2019adjoint au maire en charge de la voirie Roger Bourcelot, entour\u00e9s d&rsquo;Andr\u00e9e-Anne Ravet, la directrice des services techniques, de Kevin Nicot, du cabinet \u00c9pure Ing\u00e9nierie et de Florian Aubry, chef de projet Dalkia, \u00e9taient heureux et fiers de faire ce dernier point avant la mise en service vers mi-octobre.<\/p>\n<p>Ce chantier vise, comme a tenu \u00e0 le rappeler Jean-Beno\u00eet Tisserand, 3 objectifs\u00a0:<\/p>\n<p>\u2013 \u00c9cologie\u00a0: avec une diminution pr\u00e9vue de 85 % d&rsquo;\u00e9missions de CO\u2082.<\/p>\n<p>\u2013 Patriotisme \u00e9nerg\u00e9tique : remplacement du gaz venant hors d\u2019Europe par du bois local.<\/p>\n<p>\u2013 \u00c9conomique\u00a0: 300 000\u20ac d&rsquo;\u00e9conomis\u00e9s par an pour les b\u00e2timents publics (confirm\u00e9 par l\u2019\u00e9tude du cabinet \u00c9pure).<\/p>\n<p>Quelques chiffres pour mieux comprendre les dimensions du chantier\u00a0: 9 km de r\u00e9seau, 60 b\u00e2timents publics raccord\u00e9s, pr\u00e8s d\u2019un million d\u2019euros d\u2019\u00e9conomies par an (public et priv\u00e9), plusieurs dizaines de chaudi\u00e8res d\u00e9mont\u00e9es dont une quinzaine c\u00e9d\u00e9es \u00e0 d&rsquo;autres collectivit\u00e9s\u2026<\/p>\n<p>Il est aussi n\u00e9cessaire de rappeler que ce projet, bient\u00f4t r\u00e9alit\u00e9, ne co\u00fbte rien pour les finances de la ville (50 % financ\u00e9s par la soci\u00e9t\u00e9 Dalkia et 50 % couverts par des subventions, notamment de L\u2019Europe).<\/p>\n<p>\u00c0 noter aussi que durant les travaux, l\u2019Institut national de recherches arch\u00e9ologiques a fait quelques d\u00e9couvertes int\u00e9ressantes, telles les vestiges \u00ab\u00a0d\u2019un r\u00e9seau de chaleur\u00a0\u00bb \u00e0 quelques m\u00e8tres de l\u2019\u00e9glise ou encore des ossements qui restent \u00e0 expertiser\u2026 Mais pour en savoir plus, il faudra attendre environ deux ans avant la publication officielle du rapport de l\u2019institut.<\/p>\n<p>En attendant, la ville va retrouver sa s\u00e9r\u00e9nit\u00e9, \u00e0 l\u2019exception de la rue Paul Doumer qui, apr\u00e8s les travaux du r\u00e9seau de chaleur, va connaitre en septembre des travaux de renouvellement total du r\u00e9seau d\u2019eau et partiel du r\u00e9seau \u00e9lectrique avant la pose d&rsquo;un rev\u00eatement d\u00e9finitif.<\/p>\n<p>Prochain \u00e9v\u00e8nement significatif de ce grand projet, le 12 septembre avec le 1\u1d49\u02b3 feu dans la chaudi\u00e8re principale.<\/p>\n<p><strong>PM<\/strong><\/p>\n<div id=\"attachment_83818\" style=\"width: 1034px\" class=\"wp-caption aligncenter\"><a href=\"https:\/\/vosgesinfo.fr\/app\/uploads\/sites\/5\/2025\/07\/capture-decran-2025-07-18-110654.png\"><img decoding=\"async\" aria-describedby=\"caption-attachment-83818\" class=\"wp-image-83818 size-large\" src=\"https:\/\/vosgesinfo.fr\/app\/uploads\/sites\/5\/2025\/07\/capture-decran-2025-07-18-110654-1024x686.png\" alt=\"\" width=\"1024\" height=\"686\" srcset=\"https:\/\/vosgesinfo.fr\/app\/uploads\/sites\/5\/2025\/07\/capture-decran-2025-07-18-110654-1024x686.png 1024w, https:\/\/vosgesinfo.fr\/app\/uploads\/sites\/5\/2025\/07\/capture-decran-2025-07-18-110654-300x201.png 300w, https:\/\/vosgesinfo.fr\/app\/uploads\/sites\/5\/2025\/07\/capture-decran-2025-07-18-110654-768x514.png 768w, https:\/\/vosgesinfo.fr\/app\/uploads\/sites\/5\/2025\/07\/capture-decran-2025-07-18-110654.png 1354w\" sizes=\"(max-width: 1024px) 100vw, 1024px\" \/><\/a><p id=\"caption-attachment-83818\" class=\"wp-caption-text\">La rue Julien M\u00e9line et sont nouveau rev\u00eatement.<\/p><\/div>\n","protected":false},"excerpt":{"rendered":"<p>Malgr\u00e9 les nombreuses contraintes techniques, les dimensions hors normes des travaux et les al\u00e9as inh\u00e9rents \u00e0 ce type de chantier, [&hellip;]<\/p>\n","protected":false},"author":413,"featured_media":83818,"comment_status":"open","ping_status":"open","sticky":false,"template":"","format":"standard","meta":{"footnotes":""},"categories":[26,70,618,1556,35],"tags":[1301],"class_list":["post-83817","post","type-post","status-publish","format-standard","has-post-thumbnail","hentry","category-a-la-une","category-circulation","category-energie","category-remiremont-remiremont-son-canton-2","category-remiremont-son-canton","tag-reseau-de-chaleur-urbaine"],"acf":[],"yoast_head":"<!-- This site is optimized with the Yoast SEO plugin v22.5 - https:\/\/yoast.com\/wordpress\/plugins\/seo\/ -->\n<title>Les travaux du r\u00e9seau de chaleur urbain de Remiremont se terminent. - Remiremont Info<\/title>\n<meta name=\"robots\" content=\"index, follow, max-snippet:-1, max-image-preview:large, max-video-preview:-1\" \/>\n<link rel=\"canonical\" href=\"https:\/\/vosgesinfo.fr\/remiremontinfo\/2025\/07\/les-travaux-du-reseau-de-chaleur-urbain-de-remiremont-se-terminent\/\" \/>\n<meta name=\"twitter:card\" content=\"summary_large_image\" \/>\n<meta name=\"twitter:title\" content=\"Les travaux du r\u00e9seau de chaleur urbain de Remiremont se terminent. - Remiremont Info\" \/>\n<meta name=\"twitter:description\" content=\"Malgr\u00e9 les nombreuses contraintes techniques, les dimensions hors normes des travaux et les al\u00e9as inh\u00e9rents \u00e0 ce type de chantier, [&hellip;]\" \/>\n<meta name=\"twitter:image\" content=\"https:\/\/vosgesinfo.fr\/app\/uploads\/sites\/5\/2025\/07\/capture-decran-2025-07-18-110654.png\" \/>\n<meta name=\"twitter:creator\" content=\"@VosgesInfo88\" \/>\n<meta name=\"twitter:site\" content=\"@VosgesInfo88\" \/>\n<meta name=\"twitter:label1\" content=\"\u00c9crit par\" \/>\n\t<meta name=\"twitter:data1\" content=\"P.M\" \/>\n\t<meta name=\"twitter:label2\" content=\"Dur\u00e9e de lecture estim\u00e9e\" \/>\n\t<meta name=\"twitter:data2\" content=\"3 minutes\" \/>\n<script type=\"application\/ld+json\" class=\"yoast-schema-graph\">{\"@context\":\"https:\/\/schema.org\",\"@graph\":[{\"@type\":\"Article\",\"@id\":\"https:\/\/vosgesinfo.fr\/remiremontinfo\/2025\/07\/les-travaux-du-reseau-de-chaleur-urbain-de-remiremont-se-terminent\/#article\",\"isPartOf\":{\"@id\":\"https:\/\/vosgesinfo.fr\/remiremontinfo\/2025\/07\/les-travaux-du-reseau-de-chaleur-urbain-de-remiremont-se-terminent\/\"},\"author\":{\"name\":\"P.M\",\"@id\":\"https:\/\/vosgesinfo.fr\/remiremontinfo\/#\/schema\/person\/a6fd2dde36da20be3679f2058b94c5b8\"},\"headline\":\"Les travaux du r\u00e9seau de chaleur urbain de Remiremont se terminent.\",\"datePublished\":\"2025-07-18T12:32:09+00:00\",\"dateModified\":\"2025-07-18T12:10:58+00:00\",\"mainEntityOfPage\":{\"@id\":\"https:\/\/vosgesinfo.fr\/remiremontinfo\/2025\/07\/les-travaux-du-reseau-de-chaleur-urbain-de-remiremont-se-terminent\/\"},\"wordCount\":441,\"commentCount\":2,\"publisher\":{\"@id\":\"https:\/\/vosgesinfo.fr\/remiremontinfo\/#organization\"},\"image\":{\"@id\":\"https:\/\/vosgesinfo.fr\/remiremontinfo\/2025\/07\/les-travaux-du-reseau-de-chaleur-urbain-de-remiremont-se-terminent\/#primaryimage\"},\"thumbnailUrl\":\"https:\/\/vosgesinfo.fr\/app\/uploads\/sites\/5\/2025\/07\/capture-decran-2025-07-18-110654.png\",\"keywords\":[\"r\u00e9seau de chaleur urbaine\"],\"articleSection\":[\"A la Une\",\"Circulation\",\"Energie\",\"Remiremont\",\"Remiremont &amp; son canton\"],\"inLanguage\":\"fr-FR\",\"potentialAction\":[{\"@type\":\"CommentAction\",\"name\":\"Comment\",\"target\":[\"https:\/\/vosgesinfo.fr\/remiremontinfo\/2025\/07\/les-travaux-du-reseau-de-chaleur-urbain-de-remiremont-se-terminent\/#respond\"]}]},{\"@type\":\"WebPage\",\"@id\":\"https:\/\/vosgesinfo.fr\/remiremontinfo\/2025\/07\/les-travaux-du-reseau-de-chaleur-urbain-de-remiremont-se-terminent\/\",\"url\":\"https:\/\/vosgesinfo.fr\/remiremontinfo\/2025\/07\/les-travaux-du-reseau-de-chaleur-urbain-de-remiremont-se-terminent\/\",\"name\":\"Les travaux du r\u00e9seau de chaleur urbain de Remiremont se terminent. - Remiremont Info\",\"isPartOf\":{\"@id\":\"https:\/\/vosgesinfo.fr\/remiremontinfo\/#website\"},\"primaryImageOfPage\":{\"@id\":\"https:\/\/vosgesinfo.fr\/remiremontinfo\/2025\/07\/les-travaux-du-reseau-de-chaleur-urbain-de-remiremont-se-terminent\/#primaryimage\"},\"image\":{\"@id\":\"https:\/\/vosgesinfo.fr\/remiremontinfo\/2025\/07\/les-travaux-du-reseau-de-chaleur-urbain-de-remiremont-se-terminent\/#primaryimage\"},\"thumbnailUrl\":\"https:\/\/vosgesinfo.fr\/app\/uploads\/sites\/5\/2025\/07\/capture-decran-2025-07-18-110654.png\",\"datePublished\":\"2025-07-18T12:32:09+00:00\",\"dateModified\":\"2025-07-18T12:10:58+00:00\",\"breadcrumb\":{\"@id\":\"https:\/\/vosgesinfo.fr\/remiremontinfo\/2025\/07\/les-travaux-du-reseau-de-chaleur-urbain-de-remiremont-se-terminent\/#breadcrumb\"},\"inLanguage\":\"fr-FR\",\"potentialAction\":[{\"@type\":\"ReadAction\",\"target\":[\"https:\/\/vosgesinfo.fr\/remiremontinfo\/2025\/07\/les-travaux-du-reseau-de-chaleur-urbain-de-remiremont-se-terminent\/\"]}]},{\"@type\":\"ImageObject\",\"inLanguage\":\"fr-FR\",\"@id\":\"https:\/\/vosgesinfo.fr\/remiremontinfo\/2025\/07\/les-travaux-du-reseau-de-chaleur-urbain-de-remiremont-se-terminent\/#primaryimage\",\"url\":\"https:\/\/vosgesinfo.fr\/app\/uploads\/sites\/5\/2025\/07\/capture-decran-2025-07-18-110654.png\",\"contentUrl\":\"https:\/\/vosgesinfo.fr\/app\/uploads\/sites\/5\/2025\/07\/capture-decran-2025-07-18-110654.png\",\"width\":1354,\"height\":907,\"caption\":\"La rue Julien M\u00e9line et sont nouveau rev\u00eatement.\"},{\"@type\":\"BreadcrumbList\",\"@id\":\"https:\/\/vosgesinfo.fr\/remiremontinfo\/2025\/07\/les-travaux-du-reseau-de-chaleur-urbain-de-remiremont-se-terminent\/#breadcrumb\",\"itemListElement\":[{\"@type\":\"ListItem\",\"position\":1,\"name\":\"Home\",\"item\":\"https:\/\/vosgesinfo.fr\/remiremontinfo\/\"},{\"@type\":\"ListItem\",\"position\":2,\"name\":\"Les travaux du r\u00e9seau de chaleur urbain de Remiremont se terminent.\"}]},{\"@type\":\"WebSite\",\"@id\":\"https:\/\/vosgesinfo.fr\/remiremontinfo\/#website\",\"url\":\"https:\/\/vosgesinfo.fr\/remiremontinfo\/\",\"name\":\"Remiremont Info\",\"description\":\"Toute l&#039;actualit\u00e9 de Remiremont\",\"publisher\":{\"@id\":\"https:\/\/vosgesinfo.fr\/remiremontinfo\/#organization\"},\"alternateName\":\"Toute l'actualit\u00e9 de Remiremont\",\"potentialAction\":[{\"@type\":\"SearchAction\",\"target\":{\"@type\":\"EntryPoint\",\"urlTemplate\":\"https:\/\/vosgesinfo.fr\/remiremontinfo\/?s={search_term_string}\"},\"query-input\":\"required name=search_term_string\"}],\"inLanguage\":\"fr-FR\"},{\"@type\":\"Organization\",\"@id\":\"https:\/\/vosgesinfo.fr\/remiremontinfo\/#organization\",\"name\":\"Remiremont Info\",\"url\":\"https:\/\/vosgesinfo.fr\/remiremontinfo\/\",\"logo\":{\"@type\":\"ImageObject\",\"inLanguage\":\"fr-FR\",\"@id\":\"https:\/\/vosgesinfo.fr\/remiremontinfo\/#\/schema\/logo\/image\/\",\"url\":\"https:\/\/vosgesinfo.fr\/app\/uploads\/sites\/5\/2023\/08\/favicon-remiremontinfo.png\",\"contentUrl\":\"https:\/\/vosgesinfo.fr\/app\/uploads\/sites\/5\/2023\/08\/favicon-remiremontinfo.png\",\"width\":512,\"height\":512,\"caption\":\"Remiremont Info\"},\"image\":{\"@id\":\"https:\/\/vosgesinfo.fr\/remiremontinfo\/#\/schema\/logo\/image\/\"},\"sameAs\":[\"https:\/\/www.facebook.com\/remiremontinfo\",\"https:\/\/x.com\/VosgesInfo88\",\"https:\/\/www.youtube.com\/@vosgesinfo\"]},{\"@type\":\"Person\",\"@id\":\"https:\/\/vosgesinfo.fr\/remiremontinfo\/#\/schema\/person\/a6fd2dde36da20be3679f2058b94c5b8\",\"name\":\"P.M\",\"image\":{\"@type\":\"ImageObject\",\"inLanguage\":\"fr-FR\",\"@id\":\"https:\/\/vosgesinfo.fr\/remiremontinfo\/#\/schema\/person\/image\/\",\"url\":\"https:\/\/secure.gravatar.com\/avatar\/db38f6ef38bb165f6f4d352563f264129673ed4536984fbbcddf700bd12f8a9a?s=96&d=mm&r=g\",\"contentUrl\":\"https:\/\/secure.gravatar.com\/avatar\/db38f6ef38bb165f6f4d352563f264129673ed4536984fbbcddf700bd12f8a9a?s=96&d=mm&r=g\",\"caption\":\"P.M\"},\"url\":\"https:\/\/vosgesinfo.fr\/remiremontinfo\/author\/p-mangel88\/\"}]}<\/script>\n<!-- \/ Yoast SEO plugin. -->","yoast_head_json":{"title":"Les travaux du r\u00e9seau de chaleur urbain de Remiremont se terminent. - Remiremont Info","robots":{"index":"index","follow":"follow","max-snippet":"max-snippet:-1","max-image-preview":"max-image-preview:large","max-video-preview":"max-video-preview:-1"},"canonical":"https:\/\/vosgesinfo.fr\/remiremontinfo\/2025\/07\/les-travaux-du-reseau-de-chaleur-urbain-de-remiremont-se-terminent\/","twitter_card":"summary_large_image","twitter_title":"Les travaux du r\u00e9seau de chaleur urbain de Remiremont se terminent. - Remiremont Info","twitter_description":"Malgr\u00e9 les nombreuses contraintes techniques, les dimensions hors normes des travaux et les al\u00e9as inh\u00e9rents \u00e0 ce type de chantier, [&hellip;]","twitter_image":"https:\/\/vosgesinfo.fr\/app\/uploads\/sites\/5\/2025\/07\/capture-decran-2025-07-18-110654.png","twitter_creator":"@VosgesInfo88","twitter_site":"@VosgesInfo88","twitter_misc":{"\u00c9crit par":"P.M","Dur\u00e9e de lecture estim\u00e9e":"3 minutes"},"schema":{"@context":"https:\/\/schema.org","@graph":[{"@type":"Article","@id":"https:\/\/vosgesinfo.fr\/remiremontinfo\/2025\/07\/les-travaux-du-reseau-de-chaleur-urbain-de-remiremont-se-terminent\/#article","isPartOf":{"@id":"https:\/\/vosgesinfo.fr\/remiremontinfo\/2025\/07\/les-travaux-du-reseau-de-chaleur-urbain-de-remiremont-se-terminent\/"},"author":{"name":"P.M","@id":"https:\/\/vosgesinfo.fr\/remiremontinfo\/#\/schema\/person\/a6fd2dde36da20be3679f2058b94c5b8"},"headline":"Les travaux du r\u00e9seau de chaleur urbain de Remiremont se terminent.","datePublished":"2025-07-18T12:32:09+00:00","dateModified":"2025-07-18T12:10:58+00:00","mainEntityOfPage":{"@id":"https:\/\/vosgesinfo.fr\/remiremontinfo\/2025\/07\/les-travaux-du-reseau-de-chaleur-urbain-de-remiremont-se-terminent\/"},"wordCount":441,"commentCount":2,"publisher":{"@id":"https:\/\/vosgesinfo.fr\/remiremontinfo\/#organization"},"image":{"@id":"https:\/\/vosgesinfo.fr\/remiremontinfo\/2025\/07\/les-travaux-du-reseau-de-chaleur-urbain-de-remiremont-se-terminent\/#primaryimage"},"thumbnailUrl":"https:\/\/vosgesinfo.fr\/app\/uploads\/sites\/5\/2025\/07\/capture-decran-2025-07-18-110654.png","keywords":["r\u00e9seau de chaleur urbaine"],"articleSection":["A la Une","Circulation","Energie","Remiremont","Remiremont &amp; son canton"],"inLanguage":"fr-FR","potentialAction":[{"@type":"CommentAction","name":"Comment","target":["https:\/\/vosgesinfo.fr\/remiremontinfo\/2025\/07\/les-travaux-du-reseau-de-chaleur-urbain-de-remiremont-se-terminent\/#respond"]}]},{"@type":"WebPage","@id":"https:\/\/vosgesinfo.fr\/remiremontinfo\/2025\/07\/les-travaux-du-reseau-de-chaleur-urbain-de-remiremont-se-terminent\/","url":"https:\/\/vosgesinfo.fr\/remiremontinfo\/2025\/07\/les-travaux-du-reseau-de-chaleur-urbain-de-remiremont-se-terminent\/","name":"Les travaux du r\u00e9seau de chaleur urbain de Remiremont se terminent. - Remiremont Info","isPartOf":{"@id":"https:\/\/vosgesinfo.fr\/remiremontinfo\/#website"},"primaryImageOfPage":{"@id":"https:\/\/vosgesinfo.fr\/remiremontinfo\/2025\/07\/les-travaux-du-reseau-de-chaleur-urbain-de-remiremont-se-terminent\/#primaryimage"},"image":{"@id":"https:\/\/vosgesinfo.fr\/remiremontinfo\/2025\/07\/les-travaux-du-reseau-de-chaleur-urbain-de-remiremont-se-terminent\/#primaryimage"},"thumbnailUrl":"https:\/\/vosgesinfo.fr\/app\/uploads\/sites\/5\/2025\/07\/capture-decran-2025-07-18-110654.png","datePublished":"2025-07-18T12:32:09+00:00","dateModified":"2025-07-18T12:10:58+00:00","breadcrumb":{"@id":"https:\/\/vosgesinfo.fr\/remiremontinfo\/2025\/07\/les-travaux-du-reseau-de-chaleur-urbain-de-remiremont-se-terminent\/#breadcrumb"},"inLanguage":"fr-FR","potentialAction":[{"@type":"ReadAction","target":["https:\/\/vosgesinfo.fr\/remiremontinfo\/2025\/07\/les-travaux-du-reseau-de-chaleur-urbain-de-remiremont-se-terminent\/"]}]},{"@type":"ImageObject","inLanguage":"fr-FR","@id":"https:\/\/vosgesinfo.fr\/remiremontinfo\/2025\/07\/les-travaux-du-reseau-de-chaleur-urbain-de-remiremont-se-terminent\/#primaryimage","url":"https:\/\/vosgesinfo.fr\/app\/uploads\/sites\/5\/2025\/07\/capture-decran-2025-07-18-110654.png","contentUrl":"https:\/\/vosgesinfo.fr\/app\/uploads\/sites\/5\/2025\/07\/capture-decran-2025-07-18-110654.png","width":1354,"height":907,"caption":"La rue Julien M\u00e9line et sont nouveau rev\u00eatement."},{"@type":"BreadcrumbList","@id":"https:\/\/vosgesinfo.fr\/remiremontinfo\/2025\/07\/les-travaux-du-reseau-de-chaleur-urbain-de-remiremont-se-terminent\/#breadcrumb","itemListElement":[{"@type":"ListItem","position":1,"name":"Home","item":"https:\/\/vosgesinfo.fr\/remiremontinfo\/"},{"@type":"ListItem","position":2,"name":"Les travaux du r\u00e9seau de chaleur urbain de Remiremont se terminent."}]},{"@type":"WebSite","@id":"https:\/\/vosgesinfo.fr\/remiremontinfo\/#website","url":"https:\/\/vosgesinfo.fr\/remiremontinfo\/","name":"Remiremont Info","description":"Toute l&#039;actualit\u00e9 de Remiremont","publisher":{"@id":"https:\/\/vosgesinfo.fr\/remiremontinfo\/#organization"},"alternateName":"Toute l'actualit\u00e9 de Remiremont","potentialAction":[{"@type":"SearchAction","target":{"@type":"EntryPoint","urlTemplate":"https:\/\/vosgesinfo.fr\/remiremontinfo\/?s={search_term_string}"},"query-input":"required name=search_term_string"}],"inLanguage":"fr-FR"},{"@type":"Organization","@id":"https:\/\/vosgesinfo.fr\/remiremontinfo\/#organization","name":"Remiremont Info","url":"https:\/\/vosgesinfo.fr\/remiremontinfo\/","logo":{"@type":"ImageObject","inLanguage":"fr-FR","@id":"https:\/\/vosgesinfo.fr\/remiremontinfo\/#\/schema\/logo\/image\/","url":"https:\/\/vosgesinfo.fr\/app\/uploads\/sites\/5\/2023\/08\/favicon-remiremontinfo.png","contentUrl":"https:\/\/vosgesinfo.fr\/app\/uploads\/sites\/5\/2023\/08\/favicon-remiremontinfo.png","width":512,"height":512,"caption":"Remiremont Info"},"image":{"@id":"https:\/\/vosgesinfo.fr\/remiremontinfo\/#\/schema\/logo\/image\/"},"sameAs":["https:\/\/www.facebook.com\/remiremontinfo","https:\/\/x.com\/VosgesInfo88","https:\/\/www.youtube.com\/@vosgesinfo"]},{"@type":"Person","@id":"https:\/\/vosgesinfo.fr\/remiremontinfo\/#\/schema\/person\/a6fd2dde36da20be3679f2058b94c5b8","name":"P.M","image":{"@type":"ImageObject","inLanguage":"fr-FR","@id":"https:\/\/vosgesinfo.fr\/remiremontinfo\/#\/schema\/person\/image\/","url":"https:\/\/secure.gravatar.com\/avatar\/db38f6ef38bb165f6f4d352563f264129673ed4536984fbbcddf700bd12f8a9a?s=96&d=mm&r=g","contentUrl":"https:\/\/secure.gravatar.com\/avatar\/db38f6ef38bb165f6f4d352563f264129673ed4536984fbbcddf700bd12f8a9a?s=96&d=mm&r=g","caption":"P.M"},"url":"https:\/\/vosgesinfo.fr\/remiremontinfo\/author\/p-mangel88\/"}]}},"_links":{"self":[{"href":"https:\/\/vosgesinfo.fr\/remiremontinfo\/wp-json\/wp\/v2\/posts\/83817","targetHints":{"allow":["GET"]}}],"collection":[{"href":"https:\/\/vosgesinfo.fr\/remiremontinfo\/wp-json\/wp\/v2\/posts"}],"about":[{"href":"https:\/\/vosgesinfo.fr\/remiremontinfo\/wp-json\/wp\/v2\/types\/post"}],"author":[{"embeddable":true,"href":"https:\/\/vosgesinfo.fr\/remiremontinfo\/wp-json\/wp\/v2\/users\/413"}],"replies":[{"embeddable":true,"href":"https:\/\/vosgesinfo.fr\/remiremontinfo\/wp-json\/wp\/v2\/comments?post=83817"}],"version-history":[{"count":4,"href":"https:\/\/vosgesinfo.fr\/remiremontinfo\/wp-json\/wp\/v2\/posts\/83817\/revisions"}],"predecessor-version":[{"id":83829,"href":"https:\/\/vosgesinfo.fr\/remiremontinfo\/wp-json\/wp\/v2\/posts\/83817\/revisions\/83829"}],"wp:featuredmedia":[{"embeddable":true,"href":"https:\/\/vosgesinfo.fr\/remiremontinfo\/wp-json\/wp\/v2\/media\/83818"}],"wp:attachment":[{"href":"https:\/\/vosgesinfo.fr\/remiremontinfo\/wp-json\/wp\/v2\/media?parent=83817"}],"wp:term":[{"taxonomy":"category","embeddable":true,"href":"https:\/\/vosgesinfo.fr\/remiremontinfo\/wp-json\/wp\/v2\/categories?post=83817"},{"taxonomy":"post_tag","embeddable":true,"href":"https:\/\/vosgesinfo.fr\/remiremontinfo\/wp-json\/wp\/v2\/tags?post=83817"}],"curies":[{"name":"wp","href":"https:\/\/api.w.org\/{rel}","templated":true}]}}