{"id":83838,"date":"2025-07-18T19:26:35","date_gmt":"2025-07-18T17:26:35","guid":{"rendered":"https:\/\/vosgesinfo.fr\/remiremontinfo\/?p=83838"},"modified":"2025-07-18T19:05:45","modified_gmt":"2025-07-18T17:05:45","slug":"deuxieme-concours-vacanciers-avec-le-cgl","status":"publish","type":"post","link":"https:\/\/vosgesinfo.fr\/remiremontinfo\/2025\/07\/deuxieme-concours-vacanciers-avec-le-cgl\/","title":{"rendered":"Deuxi\u00e8me concours vacanciers avec le CGL"},"content":{"rendered":"<p><a href=\"https:\/\/vosgesinfo.fr\/app\/uploads\/sites\/5\/2025\/07\/cgl-petanque-loisir-2.jpg\"><img decoding=\"async\" class=\"aligncenter size-full wp-image-83839\" src=\"https:\/\/vosgesinfo.fr\/app\/uploads\/sites\/5\/2025\/07\/cgl-petanque-loisir-2.jpg\" alt=\"\" width=\"544\" height=\"549\" srcset=\"https:\/\/vosgesinfo.fr\/app\/uploads\/sites\/5\/2025\/07\/cgl-petanque-loisir-2.jpg 544w, https:\/\/vosgesinfo.fr\/app\/uploads\/sites\/5\/2025\/07\/cgl-petanque-loisir-2-297x300.jpg 297w, https:\/\/vosgesinfo.fr\/app\/uploads\/sites\/5\/2025\/07\/cgl-petanque-loisir-2-150x150.jpg 150w\" sizes=\"(max-width: 544px) 100vw, 544px\" \/><\/a><br \/>\nJeudi 17 juillet, l&rsquo;activit\u00e9 P\u00e9tanque Loisir du GCL a organis\u00e9 son deuxi\u00e8me concours vacanciers en doublettes \u00e0 la m\u00eal\u00e9e tournante dot\u00e9 de la Coupe GCL.<br \/>\nChaque participant a jou\u00e9 4 parties \u00e0 l&rsquo;issue desquelles chacun a re\u00e7u un lot suivant le classement \u00e9tabli.<br \/>\n<a href=\"https:\/\/vosgesinfo.fr\/app\/uploads\/sites\/5\/2025\/07\/cgl-petanque-loisir-1.jpg\"><img decoding=\"async\" class=\"alignright size-medium wp-image-83840\" src=\"https:\/\/vosgesinfo.fr\/app\/uploads\/sites\/5\/2025\/07\/cgl-petanque-loisir-1-227x300.jpg\" alt=\"\" width=\"227\" height=\"300\" srcset=\"https:\/\/vosgesinfo.fr\/app\/uploads\/sites\/5\/2025\/07\/cgl-petanque-loisir-1-227x300.jpg 227w, https:\/\/vosgesinfo.fr\/app\/uploads\/sites\/5\/2025\/07\/cgl-petanque-loisir-1-775x1024.jpg 775w, https:\/\/vosgesinfo.fr\/app\/uploads\/sites\/5\/2025\/07\/cgl-petanque-loisir-1-768x1015.jpg 768w, https:\/\/vosgesinfo.fr\/app\/uploads\/sites\/5\/2025\/07\/cgl-petanque-loisir-1.jpg 986w\" sizes=\"(max-width: 227px) 100vw, 227px\" \/><\/a>1er) Georges LALOT<br \/>\n2\u00e8me) Daniel MASQUELIER<br \/>\n3\u00e8me) Luc HOLVECK<br \/>\n4\u00e8me) Ren\u00e9 STOECKLIN<br \/>\n5\u00e8me) Daniel PIQUARD<br \/>\n6\u00e8me) Pascal COLIN<br \/>\n7\u00e8me) Aboubakar MIRADJI<br \/>\n8\u00e8me) Antoine CUNAT<br \/>\nLes lots ont \u00e9t\u00e9 offerts par CREDIT AGRICOLE LE THILLOT,<br \/>\nINTERMARCHE LE THILLOT, FACKELMAN BUSSANG, BAREPICERIE<br \/>\nJean-Pierre AMET REMANVILLERS FERDRUPT, PULSAT<br \/>\nLE THILLOT, MARCHE AUX AFFAIRES LE THILLOT, LA<br \/>\nMONTAGNE GOURMANDE FERDRUPT, L&rsquo;INDY KART LE MENIL, LE<br \/>\nJARDIN DE BONNEGOUTTE TRAVEXIN-CORNIMONT, LES HAUTES<br \/>\nMYNES LE THILLOT et FRESSE-MINI-TRAIN.<br \/>\nLes prochains concours toujours suivant la m\u00eame formule sont programm\u00e9s les jeudis 24 et 31 juillet au boulodrome du GCL (Ext\u00e9rieur ou couvert suivant la m\u00e9t\u00e9o) 46 rue de la Chaume au THILLOT.<br \/>\nDimanche 10 ao\u00fbt se d\u00e9roulera le Premier Souvenir Guy RUER en doublettes form\u00e9es.<br \/>\nFrais de participation 8 \u20ac par \u00e9quipe, Troph\u00e9es aux Vainqueurs et lot \u00e0 chaque participant.<br \/>\nLe GCL accueille toute nouvelle personne d\u00e9sirant pratiquer la P\u00e9tanque,<br \/>\nL&rsquo;animation se d\u00e9roule chaque mardi \u00e0 14H00 de d\u00e9but septembre \u00e0 fin juin et la cotisation annuelle est de 15 \u20ac.<br \/>\nRenseignements RAMPAZZO Jean-Pierre au 06.76.24.37.67<\/p>\n","protected":false},"excerpt":{"rendered":"<p>Jeudi 17 juillet, l&rsquo;activit\u00e9 P\u00e9tanque Loisir du GCL a organis\u00e9 son deuxi\u00e8me concours vacanciers en doublettes \u00e0 la m\u00eal\u00e9e tournante [&hellip;]<\/p>\n","protected":false},"author":391,"featured_media":83839,"comment_status":"open","ping_status":"open","sticky":false,"template":"","format":"standard","meta":{"footnotes":""},"categories":[26,43,14,15],"tags":[1090],"class_list":["post-83838","post","type-post","status-publish","format-standard","has-post-thumbnail","hentry","category-a-la-une","category-remiremont-remiremont-son-canton","category-sport","category-tourisme","tag-gcl-petanque"],"acf":[],"yoast_head":"<!-- This site is optimized with the Yoast SEO plugin v22.5 - https:\/\/yoast.com\/wordpress\/plugins\/seo\/ -->\n<title>Deuxi\u00e8me concours vacanciers avec le CGL - Remiremont Info<\/title>\n<meta name=\"robots\" content=\"index, follow, max-snippet:-1, max-image-preview:large, max-video-preview:-1\" \/>\n<link rel=\"canonical\" href=\"https:\/\/vosgesinfo.fr\/remiremontinfo\/2025\/07\/deuxieme-concours-vacanciers-avec-le-cgl\/\" \/>\n<meta name=\"twitter:card\" content=\"summary_large_image\" \/>\n<meta name=\"twitter:title\" content=\"Deuxi\u00e8me concours vacanciers avec le CGL - Remiremont Info\" \/>\n<meta name=\"twitter:description\" content=\"Jeudi 17 juillet, l&rsquo;activit\u00e9 P\u00e9tanque Loisir du GCL a organis\u00e9 son deuxi\u00e8me concours vacanciers en doublettes \u00e0 la m\u00eal\u00e9e tournante [&hellip;]\" \/>\n<meta name=\"twitter:image\" content=\"https:\/\/vosgesinfo.fr\/app\/uploads\/sites\/5\/2025\/07\/cgl-petanque-loisir-2.jpg\" \/>\n<meta name=\"twitter:creator\" content=\"@VosgesInfo88\" \/>\n<meta name=\"twitter:site\" content=\"@VosgesInfo88\" \/>\n<meta name=\"twitter:label1\" content=\"\u00c9crit par\" \/>\n\t<meta name=\"twitter:data1\" content=\"La redaction\" \/>\n\t<meta name=\"twitter:label2\" content=\"Dur\u00e9e de lecture estim\u00e9e\" \/>\n\t<meta name=\"twitter:data2\" content=\"1 minute\" \/>\n<script type=\"application\/ld+json\" class=\"yoast-schema-graph\">{\"@context\":\"https:\/\/schema.org\",\"@graph\":[{\"@type\":\"Article\",\"@id\":\"https:\/\/vosgesinfo.fr\/remiremontinfo\/2025\/07\/deuxieme-concours-vacanciers-avec-le-cgl\/#article\",\"isPartOf\":{\"@id\":\"https:\/\/vosgesinfo.fr\/remiremontinfo\/2025\/07\/deuxieme-concours-vacanciers-avec-le-cgl\/\"},\"author\":{\"name\":\"La redaction\",\"@id\":\"https:\/\/vosgesinfo.fr\/remiremontinfo\/#\/schema\/person\/27a3695b06db98895b354c0765cdfc31\"},\"headline\":\"Deuxi\u00e8me concours vacanciers avec le CGL\",\"datePublished\":\"2025-07-18T17:26:35+00:00\",\"dateModified\":\"2025-07-18T17:05:45+00:00\",\"mainEntityOfPage\":{\"@id\":\"https:\/\/vosgesinfo.fr\/remiremontinfo\/2025\/07\/deuxieme-concours-vacanciers-avec-le-cgl\/\"},\"wordCount\":225,\"commentCount\":0,\"publisher\":{\"@id\":\"https:\/\/vosgesinfo.fr\/remiremontinfo\/#organization\"},\"image\":{\"@id\":\"https:\/\/vosgesinfo.fr\/remiremontinfo\/2025\/07\/deuxieme-concours-vacanciers-avec-le-cgl\/#primaryimage\"},\"thumbnailUrl\":\"https:\/\/vosgesinfo.fr\/app\/uploads\/sites\/5\/2025\/07\/cgl-petanque-loisir-2.jpg\",\"keywords\":[\"GCL P\u00e9tanque\"],\"articleSection\":[\"A la Une\",\"Remiremont\",\"Sport\",\"Tourisme\"],\"inLanguage\":\"fr-FR\",\"potentialAction\":[{\"@type\":\"CommentAction\",\"name\":\"Comment\",\"target\":[\"https:\/\/vosgesinfo.fr\/remiremontinfo\/2025\/07\/deuxieme-concours-vacanciers-avec-le-cgl\/#respond\"]}]},{\"@type\":\"WebPage\",\"@id\":\"https:\/\/vosgesinfo.fr\/remiremontinfo\/2025\/07\/deuxieme-concours-vacanciers-avec-le-cgl\/\",\"url\":\"https:\/\/vosgesinfo.fr\/remiremontinfo\/2025\/07\/deuxieme-concours-vacanciers-avec-le-cgl\/\",\"name\":\"Deuxi\u00e8me concours vacanciers avec le CGL - Remiremont Info\",\"isPartOf\":{\"@id\":\"https:\/\/vosgesinfo.fr\/remiremontinfo\/#website\"},\"primaryImageOfPage\":{\"@id\":\"https:\/\/vosgesinfo.fr\/remiremontinfo\/2025\/07\/deuxieme-concours-vacanciers-avec-le-cgl\/#primaryimage\"},\"image\":{\"@id\":\"https:\/\/vosgesinfo.fr\/remiremontinfo\/2025\/07\/deuxieme-concours-vacanciers-avec-le-cgl\/#primaryimage\"},\"thumbnailUrl\":\"https:\/\/vosgesinfo.fr\/app\/uploads\/sites\/5\/2025\/07\/cgl-petanque-loisir-2.jpg\",\"datePublished\":\"2025-07-18T17:26:35+00:00\",\"dateModified\":\"2025-07-18T17:05:45+00:00\",\"breadcrumb\":{\"@id\":\"https:\/\/vosgesinfo.fr\/remiremontinfo\/2025\/07\/deuxieme-concours-vacanciers-avec-le-cgl\/#breadcrumb\"},\"inLanguage\":\"fr-FR\",\"potentialAction\":[{\"@type\":\"ReadAction\",\"target\":[\"https:\/\/vosgesinfo.fr\/remiremontinfo\/2025\/07\/deuxieme-concours-vacanciers-avec-le-cgl\/\"]}]},{\"@type\":\"ImageObject\",\"inLanguage\":\"fr-FR\",\"@id\":\"https:\/\/vosgesinfo.fr\/remiremontinfo\/2025\/07\/deuxieme-concours-vacanciers-avec-le-cgl\/#primaryimage\",\"url\":\"https:\/\/vosgesinfo.fr\/app\/uploads\/sites\/5\/2025\/07\/cgl-petanque-loisir-2.jpg\",\"contentUrl\":\"https:\/\/vosgesinfo.fr\/app\/uploads\/sites\/5\/2025\/07\/cgl-petanque-loisir-2.jpg\",\"width\":544,\"height\":549},{\"@type\":\"BreadcrumbList\",\"@id\":\"https:\/\/vosgesinfo.fr\/remiremontinfo\/2025\/07\/deuxieme-concours-vacanciers-avec-le-cgl\/#breadcrumb\",\"itemListElement\":[{\"@type\":\"ListItem\",\"position\":1,\"name\":\"Home\",\"item\":\"https:\/\/vosgesinfo.fr\/remiremontinfo\/\"},{\"@type\":\"ListItem\",\"position\":2,\"name\":\"Deuxi\u00e8me concours vacanciers avec le CGL\"}]},{\"@type\":\"WebSite\",\"@id\":\"https:\/\/vosgesinfo.fr\/remiremontinfo\/#website\",\"url\":\"https:\/\/vosgesinfo.fr\/remiremontinfo\/\",\"name\":\"Remiremont Info\",\"description\":\"Toute l&#039;actualit\u00e9 de Remiremont\",\"publisher\":{\"@id\":\"https:\/\/vosgesinfo.fr\/remiremontinfo\/#organization\"},\"alternateName\":\"Toute l'actualit\u00e9 de Remiremont\",\"potentialAction\":[{\"@type\":\"SearchAction\",\"target\":{\"@type\":\"EntryPoint\",\"urlTemplate\":\"https:\/\/vosgesinfo.fr\/remiremontinfo\/?s={search_term_string}\"},\"query-input\":\"required name=search_term_string\"}],\"inLanguage\":\"fr-FR\"},{\"@type\":\"Organization\",\"@id\":\"https:\/\/vosgesinfo.fr\/remiremontinfo\/#organization\",\"name\":\"Remiremont Info\",\"url\":\"https:\/\/vosgesinfo.fr\/remiremontinfo\/\",\"logo\":{\"@type\":\"ImageObject\",\"inLanguage\":\"fr-FR\",\"@id\":\"https:\/\/vosgesinfo.fr\/remiremontinfo\/#\/schema\/logo\/image\/\",\"url\":\"https:\/\/vosgesinfo.fr\/app\/uploads\/sites\/5\/2023\/08\/favicon-remiremontinfo.png\",\"contentUrl\":\"https:\/\/vosgesinfo.fr\/app\/uploads\/sites\/5\/2023\/08\/favicon-remiremontinfo.png\",\"width\":512,\"height\":512,\"caption\":\"Remiremont Info\"},\"image\":{\"@id\":\"https:\/\/vosgesinfo.fr\/remiremontinfo\/#\/schema\/logo\/image\/\"},\"sameAs\":[\"https:\/\/www.facebook.com\/remiremontinfo\",\"https:\/\/x.com\/VosgesInfo88\",\"https:\/\/www.youtube.com\/@vosgesinfo\"]},{\"@type\":\"Person\",\"@id\":\"https:\/\/vosgesinfo.fr\/remiremontinfo\/#\/schema\/person\/27a3695b06db98895b354c0765cdfc31\",\"name\":\"La redaction\",\"image\":{\"@type\":\"ImageObject\",\"inLanguage\":\"fr-FR\",\"@id\":\"https:\/\/vosgesinfo.fr\/remiremontinfo\/#\/schema\/person\/image\/\",\"url\":\"https:\/\/secure.gravatar.com\/avatar\/64c76a78e501cedee55736f43f332df901e1896ae9cd8fad269ae2236dd0e8b6?s=96&d=mm&r=g\",\"contentUrl\":\"https:\/\/secure.gravatar.com\/avatar\/64c76a78e501cedee55736f43f332df901e1896ae9cd8fad269ae2236dd0e8b6?s=96&d=mm&r=g\",\"caption\":\"La redaction\"},\"url\":\"https:\/\/vosgesinfo.fr\/remiremontinfo\/author\/la-redaction\/\"}]}<\/script>\n<!-- \/ Yoast SEO plugin. -->","yoast_head_json":{"title":"Deuxi\u00e8me concours vacanciers avec le CGL - Remiremont Info","robots":{"index":"index","follow":"follow","max-snippet":"max-snippet:-1","max-image-preview":"max-image-preview:large","max-video-preview":"max-video-preview:-1"},"canonical":"https:\/\/vosgesinfo.fr\/remiremontinfo\/2025\/07\/deuxieme-concours-vacanciers-avec-le-cgl\/","twitter_card":"summary_large_image","twitter_title":"Deuxi\u00e8me concours vacanciers avec le CGL - Remiremont Info","twitter_description":"Jeudi 17 juillet, l&rsquo;activit\u00e9 P\u00e9tanque Loisir du GCL a organis\u00e9 son deuxi\u00e8me concours vacanciers en doublettes \u00e0 la m\u00eal\u00e9e tournante [&hellip;]","twitter_image":"https:\/\/vosgesinfo.fr\/app\/uploads\/sites\/5\/2025\/07\/cgl-petanque-loisir-2.jpg","twitter_creator":"@VosgesInfo88","twitter_site":"@VosgesInfo88","twitter_misc":{"\u00c9crit par":"La redaction","Dur\u00e9e de lecture estim\u00e9e":"1 minute"},"schema":{"@context":"https:\/\/schema.org","@graph":[{"@type":"Article","@id":"https:\/\/vosgesinfo.fr\/remiremontinfo\/2025\/07\/deuxieme-concours-vacanciers-avec-le-cgl\/#article","isPartOf":{"@id":"https:\/\/vosgesinfo.fr\/remiremontinfo\/2025\/07\/deuxieme-concours-vacanciers-avec-le-cgl\/"},"author":{"name":"La redaction","@id":"https:\/\/vosgesinfo.fr\/remiremontinfo\/#\/schema\/person\/27a3695b06db98895b354c0765cdfc31"},"headline":"Deuxi\u00e8me concours vacanciers avec le CGL","datePublished":"2025-07-18T17:26:35+00:00","dateModified":"2025-07-18T17:05:45+00:00","mainEntityOfPage":{"@id":"https:\/\/vosgesinfo.fr\/remiremontinfo\/2025\/07\/deuxieme-concours-vacanciers-avec-le-cgl\/"},"wordCount":225,"commentCount":0,"publisher":{"@id":"https:\/\/vosgesinfo.fr\/remiremontinfo\/#organization"},"image":{"@id":"https:\/\/vosgesinfo.fr\/remiremontinfo\/2025\/07\/deuxieme-concours-vacanciers-avec-le-cgl\/#primaryimage"},"thumbnailUrl":"https:\/\/vosgesinfo.fr\/app\/uploads\/sites\/5\/2025\/07\/cgl-petanque-loisir-2.jpg","keywords":["GCL P\u00e9tanque"],"articleSection":["A la Une","Remiremont","Sport","Tourisme"],"inLanguage":"fr-FR","potentialAction":[{"@type":"CommentAction","name":"Comment","target":["https:\/\/vosgesinfo.fr\/remiremontinfo\/2025\/07\/deuxieme-concours-vacanciers-avec-le-cgl\/#respond"]}]},{"@type":"WebPage","@id":"https:\/\/vosgesinfo.fr\/remiremontinfo\/2025\/07\/deuxieme-concours-vacanciers-avec-le-cgl\/","url":"https:\/\/vosgesinfo.fr\/remiremontinfo\/2025\/07\/deuxieme-concours-vacanciers-avec-le-cgl\/","name":"Deuxi\u00e8me concours vacanciers avec le CGL - Remiremont Info","isPartOf":{"@id":"https:\/\/vosgesinfo.fr\/remiremontinfo\/#website"},"primaryImageOfPage":{"@id":"https:\/\/vosgesinfo.fr\/remiremontinfo\/2025\/07\/deuxieme-concours-vacanciers-avec-le-cgl\/#primaryimage"},"image":{"@id":"https:\/\/vosgesinfo.fr\/remiremontinfo\/2025\/07\/deuxieme-concours-vacanciers-avec-le-cgl\/#primaryimage"},"thumbnailUrl":"https:\/\/vosgesinfo.fr\/app\/uploads\/sites\/5\/2025\/07\/cgl-petanque-loisir-2.jpg","datePublished":"2025-07-18T17:26:35+00:00","dateModified":"2025-07-18T17:05:45+00:00","breadcrumb":{"@id":"https:\/\/vosgesinfo.fr\/remiremontinfo\/2025\/07\/deuxieme-concours-vacanciers-avec-le-cgl\/#breadcrumb"},"inLanguage":"fr-FR","potentialAction":[{"@type":"ReadAction","target":["https:\/\/vosgesinfo.fr\/remiremontinfo\/2025\/07\/deuxieme-concours-vacanciers-avec-le-cgl\/"]}]},{"@type":"ImageObject","inLanguage":"fr-FR","@id":"https:\/\/vosgesinfo.fr\/remiremontinfo\/2025\/07\/deuxieme-concours-vacanciers-avec-le-cgl\/#primaryimage","url":"https:\/\/vosgesinfo.fr\/app\/uploads\/sites\/5\/2025\/07\/cgl-petanque-loisir-2.jpg","contentUrl":"https:\/\/vosgesinfo.fr\/app\/uploads\/sites\/5\/2025\/07\/cgl-petanque-loisir-2.jpg","width":544,"height":549},{"@type":"BreadcrumbList","@id":"https:\/\/vosgesinfo.fr\/remiremontinfo\/2025\/07\/deuxieme-concours-vacanciers-avec-le-cgl\/#breadcrumb","itemListElement":[{"@type":"ListItem","position":1,"name":"Home","item":"https:\/\/vosgesinfo.fr\/remiremontinfo\/"},{"@type":"ListItem","position":2,"name":"Deuxi\u00e8me concours vacanciers avec le CGL"}]},{"@type":"WebSite","@id":"https:\/\/vosgesinfo.fr\/remiremontinfo\/#website","url":"https:\/\/vosgesinfo.fr\/remiremontinfo\/","name":"Remiremont Info","description":"Toute l&#039;actualit\u00e9 de Remiremont","publisher":{"@id":"https:\/\/vosgesinfo.fr\/remiremontinfo\/#organization"},"alternateName":"Toute l'actualit\u00e9 de Remiremont","potentialAction":[{"@type":"SearchAction","target":{"@type":"EntryPoint","urlTemplate":"https:\/\/vosgesinfo.fr\/remiremontinfo\/?s={search_term_string}"},"query-input":"required name=search_term_string"}],"inLanguage":"fr-FR"},{"@type":"Organization","@id":"https:\/\/vosgesinfo.fr\/remiremontinfo\/#organization","name":"Remiremont Info","url":"https:\/\/vosgesinfo.fr\/remiremontinfo\/","logo":{"@type":"ImageObject","inLanguage":"fr-FR","@id":"https:\/\/vosgesinfo.fr\/remiremontinfo\/#\/schema\/logo\/image\/","url":"https:\/\/vosgesinfo.fr\/app\/uploads\/sites\/5\/2023\/08\/favicon-remiremontinfo.png","contentUrl":"https:\/\/vosgesinfo.fr\/app\/uploads\/sites\/5\/2023\/08\/favicon-remiremontinfo.png","width":512,"height":512,"caption":"Remiremont Info"},"image":{"@id":"https:\/\/vosgesinfo.fr\/remiremontinfo\/#\/schema\/logo\/image\/"},"sameAs":["https:\/\/www.facebook.com\/remiremontinfo","https:\/\/x.com\/VosgesInfo88","https:\/\/www.youtube.com\/@vosgesinfo"]},{"@type":"Person","@id":"https:\/\/vosgesinfo.fr\/remiremontinfo\/#\/schema\/person\/27a3695b06db98895b354c0765cdfc31","name":"La redaction","image":{"@type":"ImageObject","inLanguage":"fr-FR","@id":"https:\/\/vosgesinfo.fr\/remiremontinfo\/#\/schema\/person\/image\/","url":"https:\/\/secure.gravatar.com\/avatar\/64c76a78e501cedee55736f43f332df901e1896ae9cd8fad269ae2236dd0e8b6?s=96&d=mm&r=g","contentUrl":"https:\/\/secure.gravatar.com\/avatar\/64c76a78e501cedee55736f43f332df901e1896ae9cd8fad269ae2236dd0e8b6?s=96&d=mm&r=g","caption":"La redaction"},"url":"https:\/\/vosgesinfo.fr\/remiremontinfo\/author\/la-redaction\/"}]}},"_links":{"self":[{"href":"https:\/\/vosgesinfo.fr\/remiremontinfo\/wp-json\/wp\/v2\/posts\/83838","targetHints":{"allow":["GET"]}}],"collection":[{"href":"https:\/\/vosgesinfo.fr\/remiremontinfo\/wp-json\/wp\/v2\/posts"}],"about":[{"href":"https:\/\/vosgesinfo.fr\/remiremontinfo\/wp-json\/wp\/v2\/types\/post"}],"author":[{"embeddable":true,"href":"https:\/\/vosgesinfo.fr\/remiremontinfo\/wp-json\/wp\/v2\/users\/391"}],"replies":[{"embeddable":true,"href":"https:\/\/vosgesinfo.fr\/remiremontinfo\/wp-json\/wp\/v2\/comments?post=83838"}],"version-history":[{"count":1,"href":"https:\/\/vosgesinfo.fr\/remiremontinfo\/wp-json\/wp\/v2\/posts\/83838\/revisions"}],"predecessor-version":[{"id":83841,"href":"https:\/\/vosgesinfo.fr\/remiremontinfo\/wp-json\/wp\/v2\/posts\/83838\/revisions\/83841"}],"wp:featuredmedia":[{"embeddable":true,"href":"https:\/\/vosgesinfo.fr\/remiremontinfo\/wp-json\/wp\/v2\/media\/83839"}],"wp:attachment":[{"href":"https:\/\/vosgesinfo.fr\/remiremontinfo\/wp-json\/wp\/v2\/media?parent=83838"}],"wp:term":[{"taxonomy":"category","embeddable":true,"href":"https:\/\/vosgesinfo.fr\/remiremontinfo\/wp-json\/wp\/v2\/categories?post=83838"},{"taxonomy":"post_tag","embeddable":true,"href":"https:\/\/vosgesinfo.fr\/remiremontinfo\/wp-json\/wp\/v2\/tags?post=83838"}],"curies":[{"name":"wp","href":"https:\/\/api.w.org\/{rel}","templated":true}]}}