{"id":83842,"date":"2025-07-18T19:40:49","date_gmt":"2025-07-18T17:40:49","guid":{"rendered":"https:\/\/vosgesinfo.fr\/remiremontinfo\/?p=83842"},"modified":"2025-07-18T19:17:13","modified_gmt":"2025-07-18T17:17:13","slug":"agora-de-remiremont-23-juillet-le-collectif-citoyen-espoir-poursuit-son-ascension","status":"publish","type":"post","link":"https:\/\/vosgesinfo.fr\/remiremontinfo\/2025\/07\/agora-de-remiremont-23-juillet-le-collectif-citoyen-espoir-poursuit-son-ascension\/","title":{"rendered":"Agora de Remiremont &#8211; 23 Juillet &#8211; Le collectif citoyen ESPOIR poursuit son ascension"},"content":{"rendered":"<p><a href=\"https:\/\/vosgesinfo.fr\/app\/uploads\/sites\/5\/2025\/07\/logo-avec-valeurs-espoir-noir-transparent-final.jpg\"><img decoding=\"async\" class=\"aligncenter size-medium wp-image-83844\" src=\"https:\/\/vosgesinfo.fr\/app\/uploads\/sites\/5\/2025\/07\/logo-avec-valeurs-espoir-noir-transparent-final-300x300.jpg\" alt=\"\" width=\"300\" height=\"300\" srcset=\"https:\/\/vosgesinfo.fr\/app\/uploads\/sites\/5\/2025\/07\/logo-avec-valeurs-espoir-noir-transparent-final-300x300.jpg 300w, https:\/\/vosgesinfo.fr\/app\/uploads\/sites\/5\/2025\/07\/logo-avec-valeurs-espoir-noir-transparent-final-150x150.jpg 150w, https:\/\/vosgesinfo.fr\/app\/uploads\/sites\/5\/2025\/07\/logo-avec-valeurs-espoir-noir-transparent-final.jpg 552w\" sizes=\"(max-width: 300px) 100vw, 300px\" \/><\/a><\/p>\n<p>\u00ab\u00a0Nous, citoyennes et citoyens du collectif de Remiremont vous invitons \u00e0 nous rejoindre pour construire un r\u00e9el projet d\u00e9mocratique, solidaire et durable au service des Romarimontain\u2e31 es et du territoire.<\/p>\n<p><a href=\"https:\/\/vosgesinfo.fr\/app\/uploads\/sites\/5\/2025\/07\/agora-de-lespoir.jpg\"><img decoding=\"async\" class=\"alignright size-medium wp-image-83843\" src=\"https:\/\/vosgesinfo.fr\/app\/uploads\/sites\/5\/2025\/07\/agora-de-lespoir-212x300.jpg\" alt=\"\" width=\"212\" height=\"300\" srcset=\"https:\/\/vosgesinfo.fr\/app\/uploads\/sites\/5\/2025\/07\/agora-de-lespoir-212x300.jpg 212w, https:\/\/vosgesinfo.fr\/app\/uploads\/sites\/5\/2025\/07\/agora-de-lespoir-724x1024.jpg 724w, https:\/\/vosgesinfo.fr\/app\/uploads\/sites\/5\/2025\/07\/agora-de-lespoir-768x1086.jpg 768w, https:\/\/vosgesinfo.fr\/app\/uploads\/sites\/5\/2025\/07\/agora-de-lespoir-1086x1536.jpg 1086w, https:\/\/vosgesinfo.fr\/app\/uploads\/sites\/5\/2025\/07\/agora-de-lespoir.jpg 1241w\" sizes=\"(max-width: 212px) 100vw, 212px\" \/><\/a>Le collectif citoyen organise une Agora (\u00ab une assembl\u00e9e du Peuple\u00bb) le mercredi 23 Juillet \u00e0 partir de 18h30 \u00e0 la Ruche \u00e0 Remiremont. Tout\u2e31es les habitant\u2e31es de Remiremont et des alentours sont invit\u00e9\u2e31es \u00e0 d\u00e9couvrir (et rejoindre) cette d\u00e9marche participative !<br \/>\nSon ambition : Offrir un lieu d\u2019\u00e9change et de partage pour tout\u2e31es, sans jugement ni discrimination, sur vos ressentis d\u2019habitant\u2e31es<\/p>\n<p>Une rencontre citoyenne ouverte \u00e0 tou\u00b7tes le 23 Juillet \u00e0 \u00ab La Ruche \u00bb<br \/>\nPour faire vivre la d\u00e9mocratie autrement et donner v\u00e9ritablement la parole et le pouvoir aux citoyen\u2e31nes, toutes les actions men\u00e9es par notre collectif s\u2019inscrivent dans une approche participative et inclusive.<br \/>\nOuverte \u00e0 tou\u00b7tes, cette rencontre publique, organis\u00e9e \u00e0 la Ruche, a pour objectifs de partager, s\u2019\u00e9couter, faire germer des id\u00e9es, inspirer, faire connaissance, tisser du lien entre habitant\u00b7es,<br \/>\nrenforcer la solidarit\u00e9 entre les citoyen\u00b7nes de Remiremont !<br \/>\nActuellement compos\u00e9 de plus d\u2019une vingtaine de citoyen\u00b7nes d\u2019horizons vari\u00e9s, le collectif demeure ouvert \u00e0 toute personne r\u00e9sidant ou travaillant sur le territoire de la Communaut\u00e9 de Communes de la Porte des Vosges M\u00e9ridionales : novice, initi\u00e9\u2e31e ou simple curieux\u2e31se, venez comme vous \u00eates !<br \/>\n<strong>Qui sommes-nous ?<\/strong><br \/>\n\u00ab ESPOIR \u00bb est n\u00e9 de valeurs qui nous sont ch\u00e8res :<br \/>\nEcologie, Services Publics, Ouverture &amp; Inclusivit\u00e9 \u00e0 Remiremont.<br \/>\nNous sommes un collectif citoyen compos\u00e9 de femmes et d\u2019hommes, de tous \u00e2ges, d\u2019actif\u2e31ves et de<br \/>\nretrait\u00e9\u2e31es, de ch\u00f4meur\u2e31ses, de militant\u2e31es, de salari\u00e9\u2e31es et d\u2019ind\u00e9pendant\u2e31es d\u00e9sireux\u2e31ses de<br \/>\nconstruire une politique locale inclusive, solidaire et respectueuse de l\u2019environnement.<br \/>\nConstitu\u00e9 en janvier 2025 dans la perspective des prochaines \u00e9lections municipales, le collectif<br \/>\ncitoyen porte des valeurs et une raison d\u2019\u00eatre : am\u00e9liorer le quotidien des Romarimontain\u2e31es.<br \/>\nNous avons ainsi pour ambitions de recr\u00e9er du lien entre les habitant\u2e31es, de pr\u00e9server les services<br \/>\npublics, notamment en d\u00e9fendant l\u2019h\u00f4pital et les modes de transports publics, d\u2019agir en faveur de<br \/>\nl\u2019environnement, de dynamiser et diversifier l\u2019offre culturelle, de lutter contre l\u2019exclusion et toute<br \/>\nforme de discriminations&#8230;<br \/>\nNos pistes d\u2019action : nous souhaitons avant tout que chacun.e puisse prendre conscience de sa<br \/>\ncapacit\u00e9 d\u2019agir et ainsi exercer au quotidien son agentivit\u00e9. C\u2019est pourquoi nous proposons aussi bien<br \/>\ndes formations citoyennes (nomm\u00e9es les \u00ab Lundis Apprenants \u00bb chaque 1er lundi du mois sur des<br \/>\nth\u00e9matiques de la ville), que des ap\u00e9ros de quartier et, gr\u00e2ce \u00e0 de multiples partenariats que nous<br \/>\nsommes en train de nouer, nous pourrons \u00e9galement tr\u00e8s bient\u00f4t animer des forums citoyens, des<br \/>\ngroupes de r\u00e9flexion ainsi que des ateliers d\u2019\u00e9criture.<br \/>\nNotre site internet est actuellement en construction mais sera bient\u00f4t disponible : www.espoir.cc<br \/>\nA l\u2019instar de la Volont\u2019R pour les commer\u00e7ants, nous souhaitons constituer cet espace qui fait<br \/>\nlien pour tou\u2e31tes les habitant\u2e31es !<br \/>\nUn collectif citoyen pour faire (avec les habitant\u2e31es) de la \u00ab politique \u00bb autrement<br \/>\nNotre objectif est de revenir \u00e0 la d\u00e9finition la plus pure de la politique, l\u2019organisation du pouvoir local<br \/>\ndans une soci\u00e9t\u00e9 organis\u00e9e. Nous constatons la d\u00e9fiance croissante (et le d\u00e9sint\u00e9r\u00eat toujours plus<br \/>\nmarqu\u00e9) des citoyen\u2e31nes \u00e0 l\u2019\u00e9gard de la politique et de leurs repr\u00e9sentant\u2e31es car ils se sentent peu ou<br \/>\nmal repr\u00e9sent\u00e9\u2e31es. Cela doit nous interroger sur la fa\u00e7on de faire vivre notre d\u00e9mocratie \u00e0 l\u2019\u00e9chelle<br \/>\nd\u2019une ville comme Remiremont.<br \/>\nLa liste unique et l\u2019explosion de l\u2019abstention qui ont caract\u00e9ris\u00e9 les derni\u00e8res municipales (avec<br \/>\nseulement 25% de participation) ne peuvent constituer une r\u00e9ponse cr\u00e9dible \u00e0 ces d\u00e9fis.<br \/>\nC\u2019est pourquoi, nous nous fixons comme objectif de constituer une liste citoyenne et participative<br \/>\npour les prochaines \u00e9lections municipales, ce collectif proposera une nouvelle offre politique aux<br \/>\nromarimontain\u2e31es, une liste pleine d\u2019Espoir. Les candidat\u2e31es seront alors d\u00e9sign\u00e9\u2e31es par un processus<br \/>\ninterne et d\u00e9mocratique en temps voulu, aucune t\u00eate de liste n\u2019est actuellement envisag\u00e9e.<br \/>\nLes citoyen\u2e31nes seront enfin de v\u00e9ritables acteur\u2e31rices de la cit\u00e9 !\u00a0\u00bb<\/p>\n","protected":false},"excerpt":{"rendered":"<p>\u00ab\u00a0Nous, citoyennes et citoyens du collectif de Remiremont vous invitons \u00e0 nous rejoindre pour construire un r\u00e9el projet d\u00e9mocratique, solidaire [&hellip;]<\/p>\n","protected":false},"author":391,"featured_media":83843,"comment_status":"closed","ping_status":"open","sticky":false,"template":"","format":"standard","meta":{"footnotes":""},"categories":[26,43,13,60],"tags":[8312],"class_list":["post-83842","post","type-post","status-publish","format-standard","has-post-thumbnail","hentry","category-a-la-une","category-remiremont-remiremont-son-canton","category-societe","category-solidarite","tag-lagora-de-lespoir"],"acf":[],"yoast_head":"<!-- This site is optimized with the Yoast SEO plugin v22.5 - https:\/\/yoast.com\/wordpress\/plugins\/seo\/ -->\n<title>Agora de Remiremont - 23 Juillet - Le collectif citoyen ESPOIR poursuit son ascension - Remiremont Info<\/title>\n<meta name=\"robots\" content=\"index, follow, max-snippet:-1, max-image-preview:large, max-video-preview:-1\" \/>\n<link rel=\"canonical\" href=\"https:\/\/vosgesinfo.fr\/remiremontinfo\/2025\/07\/agora-de-remiremont-23-juillet-le-collectif-citoyen-espoir-poursuit-son-ascension\/\" \/>\n<meta name=\"twitter:card\" content=\"summary_large_image\" \/>\n<meta name=\"twitter:title\" content=\"Agora de Remiremont - 23 Juillet - Le collectif citoyen ESPOIR poursuit son ascension - Remiremont Info\" \/>\n<meta name=\"twitter:description\" content=\"\u00ab\u00a0Nous, citoyennes et citoyens du collectif de Remiremont vous invitons \u00e0 nous rejoindre pour construire un r\u00e9el projet d\u00e9mocratique, solidaire [&hellip;]\" \/>\n<meta name=\"twitter:image\" content=\"https:\/\/vosgesinfo.fr\/app\/uploads\/sites\/5\/2025\/07\/agora-de-lespoir.jpg\" \/>\n<meta name=\"twitter:creator\" content=\"@VosgesInfo88\" \/>\n<meta name=\"twitter:site\" content=\"@VosgesInfo88\" \/>\n<meta name=\"twitter:label1\" content=\"\u00c9crit par\" \/>\n\t<meta name=\"twitter:data1\" content=\"La redaction\" \/>\n\t<meta name=\"twitter:label2\" content=\"Dur\u00e9e de lecture estim\u00e9e\" \/>\n\t<meta name=\"twitter:data2\" content=\"4 minutes\" \/>\n<script type=\"application\/ld+json\" class=\"yoast-schema-graph\">{\"@context\":\"https:\/\/schema.org\",\"@graph\":[{\"@type\":\"Article\",\"@id\":\"https:\/\/vosgesinfo.fr\/remiremontinfo\/2025\/07\/agora-de-remiremont-23-juillet-le-collectif-citoyen-espoir-poursuit-son-ascension\/#article\",\"isPartOf\":{\"@id\":\"https:\/\/vosgesinfo.fr\/remiremontinfo\/2025\/07\/agora-de-remiremont-23-juillet-le-collectif-citoyen-espoir-poursuit-son-ascension\/\"},\"author\":{\"name\":\"La redaction\",\"@id\":\"https:\/\/vosgesinfo.fr\/remiremontinfo\/#\/schema\/person\/27a3695b06db98895b354c0765cdfc31\"},\"headline\":\"Agora de Remiremont &#8211; 23 Juillet &#8211; Le collectif citoyen ESPOIR poursuit son ascension\",\"datePublished\":\"2025-07-18T17:40:49+00:00\",\"dateModified\":\"2025-07-18T17:17:13+00:00\",\"mainEntityOfPage\":{\"@id\":\"https:\/\/vosgesinfo.fr\/remiremontinfo\/2025\/07\/agora-de-remiremont-23-juillet-le-collectif-citoyen-espoir-poursuit-son-ascension\/\"},\"wordCount\":738,\"publisher\":{\"@id\":\"https:\/\/vosgesinfo.fr\/remiremontinfo\/#organization\"},\"image\":{\"@id\":\"https:\/\/vosgesinfo.fr\/remiremontinfo\/2025\/07\/agora-de-remiremont-23-juillet-le-collectif-citoyen-espoir-poursuit-son-ascension\/#primaryimage\"},\"thumbnailUrl\":\"https:\/\/vosgesinfo.fr\/app\/uploads\/sites\/5\/2025\/07\/agora-de-lespoir.jpg\",\"keywords\":[\"l'agora de l'espoir\"],\"articleSection\":[\"A la Une\",\"Remiremont\",\"Soci\u00e9t\u00e9\",\"Solidarit\u00e9\"],\"inLanguage\":\"fr-FR\"},{\"@type\":\"WebPage\",\"@id\":\"https:\/\/vosgesinfo.fr\/remiremontinfo\/2025\/07\/agora-de-remiremont-23-juillet-le-collectif-citoyen-espoir-poursuit-son-ascension\/\",\"url\":\"https:\/\/vosgesinfo.fr\/remiremontinfo\/2025\/07\/agora-de-remiremont-23-juillet-le-collectif-citoyen-espoir-poursuit-son-ascension\/\",\"name\":\"Agora de Remiremont - 23 Juillet - Le collectif citoyen ESPOIR poursuit son ascension - Remiremont Info\",\"isPartOf\":{\"@id\":\"https:\/\/vosgesinfo.fr\/remiremontinfo\/#website\"},\"primaryImageOfPage\":{\"@id\":\"https:\/\/vosgesinfo.fr\/remiremontinfo\/2025\/07\/agora-de-remiremont-23-juillet-le-collectif-citoyen-espoir-poursuit-son-ascension\/#primaryimage\"},\"image\":{\"@id\":\"https:\/\/vosgesinfo.fr\/remiremontinfo\/2025\/07\/agora-de-remiremont-23-juillet-le-collectif-citoyen-espoir-poursuit-son-ascension\/#primaryimage\"},\"thumbnailUrl\":\"https:\/\/vosgesinfo.fr\/app\/uploads\/sites\/5\/2025\/07\/agora-de-lespoir.jpg\",\"datePublished\":\"2025-07-18T17:40:49+00:00\",\"dateModified\":\"2025-07-18T17:17:13+00:00\",\"breadcrumb\":{\"@id\":\"https:\/\/vosgesinfo.fr\/remiremontinfo\/2025\/07\/agora-de-remiremont-23-juillet-le-collectif-citoyen-espoir-poursuit-son-ascension\/#breadcrumb\"},\"inLanguage\":\"fr-FR\",\"potentialAction\":[{\"@type\":\"ReadAction\",\"target\":[\"https:\/\/vosgesinfo.fr\/remiremontinfo\/2025\/07\/agora-de-remiremont-23-juillet-le-collectif-citoyen-espoir-poursuit-son-ascension\/\"]}]},{\"@type\":\"ImageObject\",\"inLanguage\":\"fr-FR\",\"@id\":\"https:\/\/vosgesinfo.fr\/remiremontinfo\/2025\/07\/agora-de-remiremont-23-juillet-le-collectif-citoyen-espoir-poursuit-son-ascension\/#primaryimage\",\"url\":\"https:\/\/vosgesinfo.fr\/app\/uploads\/sites\/5\/2025\/07\/agora-de-lespoir.jpg\",\"contentUrl\":\"https:\/\/vosgesinfo.fr\/app\/uploads\/sites\/5\/2025\/07\/agora-de-lespoir.jpg\",\"width\":1241,\"height\":1755},{\"@type\":\"BreadcrumbList\",\"@id\":\"https:\/\/vosgesinfo.fr\/remiremontinfo\/2025\/07\/agora-de-remiremont-23-juillet-le-collectif-citoyen-espoir-poursuit-son-ascension\/#breadcrumb\",\"itemListElement\":[{\"@type\":\"ListItem\",\"position\":1,\"name\":\"Home\",\"item\":\"https:\/\/vosgesinfo.fr\/remiremontinfo\/\"},{\"@type\":\"ListItem\",\"position\":2,\"name\":\"Agora de Remiremont &#8211; 23 Juillet &#8211; Le collectif citoyen ESPOIR poursuit son ascension\"}]},{\"@type\":\"WebSite\",\"@id\":\"https:\/\/vosgesinfo.fr\/remiremontinfo\/#website\",\"url\":\"https:\/\/vosgesinfo.fr\/remiremontinfo\/\",\"name\":\"Remiremont Info\",\"description\":\"Toute l&#039;actualit\u00e9 de Remiremont\",\"publisher\":{\"@id\":\"https:\/\/vosgesinfo.fr\/remiremontinfo\/#organization\"},\"alternateName\":\"Toute l'actualit\u00e9 de Remiremont\",\"potentialAction\":[{\"@type\":\"SearchAction\",\"target\":{\"@type\":\"EntryPoint\",\"urlTemplate\":\"https:\/\/vosgesinfo.fr\/remiremontinfo\/?s={search_term_string}\"},\"query-input\":\"required name=search_term_string\"}],\"inLanguage\":\"fr-FR\"},{\"@type\":\"Organization\",\"@id\":\"https:\/\/vosgesinfo.fr\/remiremontinfo\/#organization\",\"name\":\"Remiremont Info\",\"url\":\"https:\/\/vosgesinfo.fr\/remiremontinfo\/\",\"logo\":{\"@type\":\"ImageObject\",\"inLanguage\":\"fr-FR\",\"@id\":\"https:\/\/vosgesinfo.fr\/remiremontinfo\/#\/schema\/logo\/image\/\",\"url\":\"https:\/\/vosgesinfo.fr\/app\/uploads\/sites\/5\/2023\/08\/favicon-remiremontinfo.png\",\"contentUrl\":\"https:\/\/vosgesinfo.fr\/app\/uploads\/sites\/5\/2023\/08\/favicon-remiremontinfo.png\",\"width\":512,\"height\":512,\"caption\":\"Remiremont Info\"},\"image\":{\"@id\":\"https:\/\/vosgesinfo.fr\/remiremontinfo\/#\/schema\/logo\/image\/\"},\"sameAs\":[\"https:\/\/www.facebook.com\/remiremontinfo\",\"https:\/\/x.com\/VosgesInfo88\",\"https:\/\/www.youtube.com\/@vosgesinfo\"]},{\"@type\":\"Person\",\"@id\":\"https:\/\/vosgesinfo.fr\/remiremontinfo\/#\/schema\/person\/27a3695b06db98895b354c0765cdfc31\",\"name\":\"La redaction\",\"image\":{\"@type\":\"ImageObject\",\"inLanguage\":\"fr-FR\",\"@id\":\"https:\/\/vosgesinfo.fr\/remiremontinfo\/#\/schema\/person\/image\/\",\"url\":\"https:\/\/secure.gravatar.com\/avatar\/64c76a78e501cedee55736f43f332df901e1896ae9cd8fad269ae2236dd0e8b6?s=96&d=mm&r=g\",\"contentUrl\":\"https:\/\/secure.gravatar.com\/avatar\/64c76a78e501cedee55736f43f332df901e1896ae9cd8fad269ae2236dd0e8b6?s=96&d=mm&r=g\",\"caption\":\"La redaction\"},\"url\":\"https:\/\/vosgesinfo.fr\/remiremontinfo\/author\/la-redaction\/\"}]}<\/script>\n<!-- \/ Yoast SEO plugin. -->","yoast_head_json":{"title":"Agora de Remiremont - 23 Juillet - Le collectif citoyen ESPOIR poursuit son ascension - Remiremont Info","robots":{"index":"index","follow":"follow","max-snippet":"max-snippet:-1","max-image-preview":"max-image-preview:large","max-video-preview":"max-video-preview:-1"},"canonical":"https:\/\/vosgesinfo.fr\/remiremontinfo\/2025\/07\/agora-de-remiremont-23-juillet-le-collectif-citoyen-espoir-poursuit-son-ascension\/","twitter_card":"summary_large_image","twitter_title":"Agora de Remiremont - 23 Juillet - Le collectif citoyen ESPOIR poursuit son ascension - Remiremont Info","twitter_description":"\u00ab\u00a0Nous, citoyennes et citoyens du collectif de Remiremont vous invitons \u00e0 nous rejoindre pour construire un r\u00e9el projet d\u00e9mocratique, solidaire [&hellip;]","twitter_image":"https:\/\/vosgesinfo.fr\/app\/uploads\/sites\/5\/2025\/07\/agora-de-lespoir.jpg","twitter_creator":"@VosgesInfo88","twitter_site":"@VosgesInfo88","twitter_misc":{"\u00c9crit par":"La redaction","Dur\u00e9e de lecture estim\u00e9e":"4 minutes"},"schema":{"@context":"https:\/\/schema.org","@graph":[{"@type":"Article","@id":"https:\/\/vosgesinfo.fr\/remiremontinfo\/2025\/07\/agora-de-remiremont-23-juillet-le-collectif-citoyen-espoir-poursuit-son-ascension\/#article","isPartOf":{"@id":"https:\/\/vosgesinfo.fr\/remiremontinfo\/2025\/07\/agora-de-remiremont-23-juillet-le-collectif-citoyen-espoir-poursuit-son-ascension\/"},"author":{"name":"La redaction","@id":"https:\/\/vosgesinfo.fr\/remiremontinfo\/#\/schema\/person\/27a3695b06db98895b354c0765cdfc31"},"headline":"Agora de Remiremont &#8211; 23 Juillet &#8211; Le collectif citoyen ESPOIR poursuit son ascension","datePublished":"2025-07-18T17:40:49+00:00","dateModified":"2025-07-18T17:17:13+00:00","mainEntityOfPage":{"@id":"https:\/\/vosgesinfo.fr\/remiremontinfo\/2025\/07\/agora-de-remiremont-23-juillet-le-collectif-citoyen-espoir-poursuit-son-ascension\/"},"wordCount":738,"publisher":{"@id":"https:\/\/vosgesinfo.fr\/remiremontinfo\/#organization"},"image":{"@id":"https:\/\/vosgesinfo.fr\/remiremontinfo\/2025\/07\/agora-de-remiremont-23-juillet-le-collectif-citoyen-espoir-poursuit-son-ascension\/#primaryimage"},"thumbnailUrl":"https:\/\/vosgesinfo.fr\/app\/uploads\/sites\/5\/2025\/07\/agora-de-lespoir.jpg","keywords":["l'agora de l'espoir"],"articleSection":["A la Une","Remiremont","Soci\u00e9t\u00e9","Solidarit\u00e9"],"inLanguage":"fr-FR"},{"@type":"WebPage","@id":"https:\/\/vosgesinfo.fr\/remiremontinfo\/2025\/07\/agora-de-remiremont-23-juillet-le-collectif-citoyen-espoir-poursuit-son-ascension\/","url":"https:\/\/vosgesinfo.fr\/remiremontinfo\/2025\/07\/agora-de-remiremont-23-juillet-le-collectif-citoyen-espoir-poursuit-son-ascension\/","name":"Agora de Remiremont - 23 Juillet - Le collectif citoyen ESPOIR poursuit son ascension - Remiremont Info","isPartOf":{"@id":"https:\/\/vosgesinfo.fr\/remiremontinfo\/#website"},"primaryImageOfPage":{"@id":"https:\/\/vosgesinfo.fr\/remiremontinfo\/2025\/07\/agora-de-remiremont-23-juillet-le-collectif-citoyen-espoir-poursuit-son-ascension\/#primaryimage"},"image":{"@id":"https:\/\/vosgesinfo.fr\/remiremontinfo\/2025\/07\/agora-de-remiremont-23-juillet-le-collectif-citoyen-espoir-poursuit-son-ascension\/#primaryimage"},"thumbnailUrl":"https:\/\/vosgesinfo.fr\/app\/uploads\/sites\/5\/2025\/07\/agora-de-lespoir.jpg","datePublished":"2025-07-18T17:40:49+00:00","dateModified":"2025-07-18T17:17:13+00:00","breadcrumb":{"@id":"https:\/\/vosgesinfo.fr\/remiremontinfo\/2025\/07\/agora-de-remiremont-23-juillet-le-collectif-citoyen-espoir-poursuit-son-ascension\/#breadcrumb"},"inLanguage":"fr-FR","potentialAction":[{"@type":"ReadAction","target":["https:\/\/vosgesinfo.fr\/remiremontinfo\/2025\/07\/agora-de-remiremont-23-juillet-le-collectif-citoyen-espoir-poursuit-son-ascension\/"]}]},{"@type":"ImageObject","inLanguage":"fr-FR","@id":"https:\/\/vosgesinfo.fr\/remiremontinfo\/2025\/07\/agora-de-remiremont-23-juillet-le-collectif-citoyen-espoir-poursuit-son-ascension\/#primaryimage","url":"https:\/\/vosgesinfo.fr\/app\/uploads\/sites\/5\/2025\/07\/agora-de-lespoir.jpg","contentUrl":"https:\/\/vosgesinfo.fr\/app\/uploads\/sites\/5\/2025\/07\/agora-de-lespoir.jpg","width":1241,"height":1755},{"@type":"BreadcrumbList","@id":"https:\/\/vosgesinfo.fr\/remiremontinfo\/2025\/07\/agora-de-remiremont-23-juillet-le-collectif-citoyen-espoir-poursuit-son-ascension\/#breadcrumb","itemListElement":[{"@type":"ListItem","position":1,"name":"Home","item":"https:\/\/vosgesinfo.fr\/remiremontinfo\/"},{"@type":"ListItem","position":2,"name":"Agora de Remiremont &#8211; 23 Juillet &#8211; Le collectif citoyen ESPOIR poursuit son ascension"}]},{"@type":"WebSite","@id":"https:\/\/vosgesinfo.fr\/remiremontinfo\/#website","url":"https:\/\/vosgesinfo.fr\/remiremontinfo\/","name":"Remiremont Info","description":"Toute l&#039;actualit\u00e9 de Remiremont","publisher":{"@id":"https:\/\/vosgesinfo.fr\/remiremontinfo\/#organization"},"alternateName":"Toute l'actualit\u00e9 de Remiremont","potentialAction":[{"@type":"SearchAction","target":{"@type":"EntryPoint","urlTemplate":"https:\/\/vosgesinfo.fr\/remiremontinfo\/?s={search_term_string}"},"query-input":"required name=search_term_string"}],"inLanguage":"fr-FR"},{"@type":"Organization","@id":"https:\/\/vosgesinfo.fr\/remiremontinfo\/#organization","name":"Remiremont Info","url":"https:\/\/vosgesinfo.fr\/remiremontinfo\/","logo":{"@type":"ImageObject","inLanguage":"fr-FR","@id":"https:\/\/vosgesinfo.fr\/remiremontinfo\/#\/schema\/logo\/image\/","url":"https:\/\/vosgesinfo.fr\/app\/uploads\/sites\/5\/2023\/08\/favicon-remiremontinfo.png","contentUrl":"https:\/\/vosgesinfo.fr\/app\/uploads\/sites\/5\/2023\/08\/favicon-remiremontinfo.png","width":512,"height":512,"caption":"Remiremont Info"},"image":{"@id":"https:\/\/vosgesinfo.fr\/remiremontinfo\/#\/schema\/logo\/image\/"},"sameAs":["https:\/\/www.facebook.com\/remiremontinfo","https:\/\/x.com\/VosgesInfo88","https:\/\/www.youtube.com\/@vosgesinfo"]},{"@type":"Person","@id":"https:\/\/vosgesinfo.fr\/remiremontinfo\/#\/schema\/person\/27a3695b06db98895b354c0765cdfc31","name":"La redaction","image":{"@type":"ImageObject","inLanguage":"fr-FR","@id":"https:\/\/vosgesinfo.fr\/remiremontinfo\/#\/schema\/person\/image\/","url":"https:\/\/secure.gravatar.com\/avatar\/64c76a78e501cedee55736f43f332df901e1896ae9cd8fad269ae2236dd0e8b6?s=96&d=mm&r=g","contentUrl":"https:\/\/secure.gravatar.com\/avatar\/64c76a78e501cedee55736f43f332df901e1896ae9cd8fad269ae2236dd0e8b6?s=96&d=mm&r=g","caption":"La redaction"},"url":"https:\/\/vosgesinfo.fr\/remiremontinfo\/author\/la-redaction\/"}]}},"_links":{"self":[{"href":"https:\/\/vosgesinfo.fr\/remiremontinfo\/wp-json\/wp\/v2\/posts\/83842","targetHints":{"allow":["GET"]}}],"collection":[{"href":"https:\/\/vosgesinfo.fr\/remiremontinfo\/wp-json\/wp\/v2\/posts"}],"about":[{"href":"https:\/\/vosgesinfo.fr\/remiremontinfo\/wp-json\/wp\/v2\/types\/post"}],"author":[{"embeddable":true,"href":"https:\/\/vosgesinfo.fr\/remiremontinfo\/wp-json\/wp\/v2\/users\/391"}],"replies":[{"embeddable":true,"href":"https:\/\/vosgesinfo.fr\/remiremontinfo\/wp-json\/wp\/v2\/comments?post=83842"}],"version-history":[{"count":1,"href":"https:\/\/vosgesinfo.fr\/remiremontinfo\/wp-json\/wp\/v2\/posts\/83842\/revisions"}],"predecessor-version":[{"id":83845,"href":"https:\/\/vosgesinfo.fr\/remiremontinfo\/wp-json\/wp\/v2\/posts\/83842\/revisions\/83845"}],"wp:featuredmedia":[{"embeddable":true,"href":"https:\/\/vosgesinfo.fr\/remiremontinfo\/wp-json\/wp\/v2\/media\/83843"}],"wp:attachment":[{"href":"https:\/\/vosgesinfo.fr\/remiremontinfo\/wp-json\/wp\/v2\/media?parent=83842"}],"wp:term":[{"taxonomy":"category","embeddable":true,"href":"https:\/\/vosgesinfo.fr\/remiremontinfo\/wp-json\/wp\/v2\/categories?post=83842"},{"taxonomy":"post_tag","embeddable":true,"href":"https:\/\/vosgesinfo.fr\/remiremontinfo\/wp-json\/wp\/v2\/tags?post=83842"}],"curies":[{"name":"wp","href":"https:\/\/api.w.org\/{rel}","templated":true}]}}