{"id":84468,"date":"2025-08-22T09:20:05","date_gmt":"2025-08-22T07:20:05","guid":{"rendered":"https:\/\/vosgesinfo.fr\/remiremontinfo\/?p=84468"},"modified":"2025-08-22T08:55:21","modified_gmt":"2025-08-22T06:55:21","slug":"soiree-inedite-patrimoine-journee-du-patrimoine-a-saint-maurice-sur-moselle","status":"publish","type":"post","link":"https:\/\/vosgesinfo.fr\/remiremontinfo\/2025\/08\/soiree-inedite-patrimoine-journee-du-patrimoine-a-saint-maurice-sur-moselle\/","title":{"rendered":"Soir\u00e9e in\u00e9dite PATRIMOINE &#038; JOURNEE DU PATRIMOINE \u00e0 Saint Maurice Sur Moselle"},"content":{"rendered":"<ul type=\"disc\">\n<li class=\"x_MsoListParagraph\"><b><u data-olk-copy-source=\"MessageBody\">JEUDI 18 SEPTEMBRE 2025 \u2013 SALLE MULTI ACTIVITES \u2013 19h<\/u><\/b><\/li>\n<li style=\"list-style-type: none;\">\n<ul type=\"circle\">\n<li class=\"x_MsoListParagraph\"><b><u>SOIREE PATRIMOINE\u00a0: <\/u><\/b>A la suite du classement au titre des Monuments Historiques des Grandes Orgues de l\u2019\u00e9glise Notre-Dame-des-Neiges et dans le prolongement des diff\u00e9rentes actions (journ\u00e9e du patrimoine, nuit des \u00e9glises, concerts, visites des \u00e9coliers, \u2026) men\u00e9es par la Municipalit\u00e9 nous avons lanc\u00e9s une \u00e9tude aupr\u00e8s de M. Christian LUTZ, Technicien Conseil sur les Grandes Orgues. De ce fait, nous vous proposons une soir\u00e9e \u00ab patrimoine \u00bb le jeudi 18 septembre 2025 \u00e0 19h00 \u00e0 la Salle Multi-Activit\u00e9s de la Commune pour une restitution compl\u00e8te de l\u2019\u00e9tude par M. LUTZ, mais aussi :\n<ul>\n<li style=\"list-style-type: none;\">\n<ul type=\"disc\">\n<li class=\"x_MsoListParagraph\"><a href=\"https:\/\/vosgesinfo.fr\/app\/uploads\/sites\/5\/2025\/08\/soiree-patrimoine-4.png\"><img decoding=\"async\" class=\"alignright size-medium wp-image-84469\" src=\"https:\/\/vosgesinfo.fr\/app\/uploads\/sites\/5\/2025\/08\/soiree-patrimoine-4-212x300.png\" alt=\"\" width=\"212\" height=\"300\" srcset=\"https:\/\/vosgesinfo.fr\/app\/uploads\/sites\/5\/2025\/08\/soiree-patrimoine-4-212x300.png 212w, https:\/\/vosgesinfo.fr\/app\/uploads\/sites\/5\/2025\/08\/soiree-patrimoine-4-724x1024.png 724w, https:\/\/vosgesinfo.fr\/app\/uploads\/sites\/5\/2025\/08\/soiree-patrimoine-4-768x1086.png 768w, https:\/\/vosgesinfo.fr\/app\/uploads\/sites\/5\/2025\/08\/soiree-patrimoine-4-1086x1536.png 1086w, https:\/\/vosgesinfo.fr\/app\/uploads\/sites\/5\/2025\/08\/soiree-patrimoine-4.png 1414w\" sizes=\"(max-width: 212px) 100vw, 212px\" \/><\/a>Visionnage d\u2019un film in\u00e9dit sur notre \u00e9glise retra\u00e7ant les dates cl\u00e9 depuis sa construction,<\/li>\n<li class=\"x_MsoListParagraph\">Pr\u00e9sentation des actions initi\u00e9es depuis 2020 pour faire d\u00e9couvrir cet instrument culturel de la commune,<\/li>\n<li class=\"x_MsoListParagraph\">Pr\u00e9sentation des Grandes Orgues de notre \u00e9glise,<\/li>\n<li class=\"x_MsoListParagraph\">Explication du classement au titre des Monuments Historiques,<\/li>\n<li class=\"x_MsoListParagraph\">Intervention de Mme GLOC, Conservatrice des monuments historiques de la Direction R\u00e9gionale des Affaires Culturelles,<\/li>\n<li class=\"x_MsoListParagraph\">Intervention de M. FREMONT, D\u00e9l\u00e9gu\u00e9 d\u00e9partemental de la Fondation du Patrimoine.<\/li>\n<\/ul>\n<\/li>\n<\/ul>\n<\/li>\n<\/ul>\n<\/li>\n<\/ul>\n<p class=\"x_MsoNormal\" aria-hidden=\"true\">\n<ul type=\"disc\">\n<li class=\"x_MsoListParagraph\"><b><u>SAMEDI 20 SEPTEMBRE 2025 \u2013 EGLISE \u2013 14h \u2013 15H \u2013 16H<\/u><\/b>\n<ul type=\"circle\">\n<li class=\"x_MsoListParagraph\"><b><u>JOURNEE EUROPEENNE DU PATRIMOINE\u00a0: <\/u><\/b>4\u00b0 \u00e9dition de la journ\u00e9e du patrimoine avec 3 cr\u00e9neaux\u00a0: 14h explications et d\u00e9monstration des orgues, 15h, visite comment\u00e9e de l\u2019\u00e9glise et 16h visite du clocher avec explications et visionnage d\u2019un film.<\/li>\n<\/ul>\n<\/li>\n<\/ul>\n<p><a href=\"https:\/\/vosgesinfo.fr\/app\/uploads\/sites\/5\/2025\/08\/journee-du-patrimoine-2025.png\"><img decoding=\"async\" class=\"aligncenter size-medium wp-image-84470\" src=\"https:\/\/vosgesinfo.fr\/app\/uploads\/sites\/5\/2025\/08\/journee-du-patrimoine-2025-212x300.png\" alt=\"\" width=\"212\" height=\"300\" srcset=\"https:\/\/vosgesinfo.fr\/app\/uploads\/sites\/5\/2025\/08\/journee-du-patrimoine-2025-212x300.png 212w, https:\/\/vosgesinfo.fr\/app\/uploads\/sites\/5\/2025\/08\/journee-du-patrimoine-2025-724x1024.png 724w, https:\/\/vosgesinfo.fr\/app\/uploads\/sites\/5\/2025\/08\/journee-du-patrimoine-2025-768x1086.png 768w, https:\/\/vosgesinfo.fr\/app\/uploads\/sites\/5\/2025\/08\/journee-du-patrimoine-2025-1086x1536.png 1086w, https:\/\/vosgesinfo.fr\/app\/uploads\/sites\/5\/2025\/08\/journee-du-patrimoine-2025.png 1414w\" sizes=\"(max-width: 212px) 100vw, 212px\" \/><\/a><\/p>\n","protected":false},"excerpt":{"rendered":"<p>JEUDI 18 SEPTEMBRE 2025 \u2013 SALLE MULTI ACTIVITES \u2013 19h SOIREE PATRIMOINE\u00a0: A la suite du classement au titre des [&hellip;]<\/p>\n","protected":false},"author":391,"featured_media":84470,"comment_status":"open","ping_status":"open","sticky":false,"template":"","format":"standard","meta":{"footnotes":""},"categories":[26,4,43],"tags":[4707,354],"class_list":["post-84468","post","type-post","status-publish","format-standard","has-post-thumbnail","hentry","category-a-la-une","category-culture","category-remiremont-remiremont-son-canton","tag-journees-europeennes-du-patrimoine","tag-saint-maurice-sur-moselle"],"acf":[],"yoast_head":"<!-- This site is optimized with the Yoast SEO plugin v22.5 - https:\/\/yoast.com\/wordpress\/plugins\/seo\/ -->\n<title>Soir\u00e9e in\u00e9dite PATRIMOINE &amp; JOURNEE DU PATRIMOINE \u00e0 Saint Maurice Sur Moselle - Remiremont Info<\/title>\n<meta name=\"robots\" content=\"index, follow, max-snippet:-1, max-image-preview:large, max-video-preview:-1\" \/>\n<link rel=\"canonical\" href=\"https:\/\/vosgesinfo.fr\/remiremontinfo\/2025\/08\/soiree-inedite-patrimoine-journee-du-patrimoine-a-saint-maurice-sur-moselle\/\" \/>\n<meta name=\"twitter:card\" content=\"summary_large_image\" \/>\n<meta name=\"twitter:title\" content=\"Soir\u00e9e in\u00e9dite PATRIMOINE &amp; JOURNEE DU PATRIMOINE \u00e0 Saint Maurice Sur Moselle - Remiremont Info\" \/>\n<meta name=\"twitter:description\" content=\"JEUDI 18 SEPTEMBRE 2025 \u2013 SALLE MULTI ACTIVITES \u2013 19h SOIREE PATRIMOINE\u00a0: A la suite du classement au titre des [&hellip;]\" \/>\n<meta name=\"twitter:image\" content=\"https:\/\/vosgesinfo.fr\/app\/uploads\/sites\/5\/2025\/08\/journee-du-patrimoine-2025.png\" \/>\n<meta name=\"twitter:creator\" content=\"@VosgesInfo88\" \/>\n<meta name=\"twitter:site\" content=\"@VosgesInfo88\" \/>\n<meta name=\"twitter:label1\" content=\"\u00c9crit par\" \/>\n\t<meta name=\"twitter:data1\" content=\"La redaction\" \/>\n\t<meta name=\"twitter:label2\" content=\"Dur\u00e9e de lecture estim\u00e9e\" \/>\n\t<meta name=\"twitter:data2\" content=\"1 minute\" \/>\n<script type=\"application\/ld+json\" class=\"yoast-schema-graph\">{\"@context\":\"https:\/\/schema.org\",\"@graph\":[{\"@type\":\"Article\",\"@id\":\"https:\/\/vosgesinfo.fr\/remiremontinfo\/2025\/08\/soiree-inedite-patrimoine-journee-du-patrimoine-a-saint-maurice-sur-moselle\/#article\",\"isPartOf\":{\"@id\":\"https:\/\/vosgesinfo.fr\/remiremontinfo\/2025\/08\/soiree-inedite-patrimoine-journee-du-patrimoine-a-saint-maurice-sur-moselle\/\"},\"author\":{\"name\":\"La redaction\",\"@id\":\"https:\/\/vosgesinfo.fr\/remiremontinfo\/#\/schema\/person\/27a3695b06db98895b354c0765cdfc31\"},\"headline\":\"Soir\u00e9e in\u00e9dite PATRIMOINE &#038; JOURNEE DU PATRIMOINE \u00e0 Saint Maurice Sur Moselle\",\"datePublished\":\"2025-08-22T07:20:05+00:00\",\"dateModified\":\"2025-08-22T06:55:21+00:00\",\"mainEntityOfPage\":{\"@id\":\"https:\/\/vosgesinfo.fr\/remiremontinfo\/2025\/08\/soiree-inedite-patrimoine-journee-du-patrimoine-a-saint-maurice-sur-moselle\/\"},\"wordCount\":239,\"commentCount\":0,\"publisher\":{\"@id\":\"https:\/\/vosgesinfo.fr\/remiremontinfo\/#organization\"},\"image\":{\"@id\":\"https:\/\/vosgesinfo.fr\/remiremontinfo\/2025\/08\/soiree-inedite-patrimoine-journee-du-patrimoine-a-saint-maurice-sur-moselle\/#primaryimage\"},\"thumbnailUrl\":\"https:\/\/vosgesinfo.fr\/app\/uploads\/sites\/5\/2025\/08\/journee-du-patrimoine-2025.png\",\"keywords\":[\"Journ\u00e9es europ\u00e9ennes du patrimoine\",\"saint-maurice-sur-moselle\"],\"articleSection\":[\"A la Une\",\"Culture\",\"Remiremont\"],\"inLanguage\":\"fr-FR\",\"potentialAction\":[{\"@type\":\"CommentAction\",\"name\":\"Comment\",\"target\":[\"https:\/\/vosgesinfo.fr\/remiremontinfo\/2025\/08\/soiree-inedite-patrimoine-journee-du-patrimoine-a-saint-maurice-sur-moselle\/#respond\"]}]},{\"@type\":\"WebPage\",\"@id\":\"https:\/\/vosgesinfo.fr\/remiremontinfo\/2025\/08\/soiree-inedite-patrimoine-journee-du-patrimoine-a-saint-maurice-sur-moselle\/\",\"url\":\"https:\/\/vosgesinfo.fr\/remiremontinfo\/2025\/08\/soiree-inedite-patrimoine-journee-du-patrimoine-a-saint-maurice-sur-moselle\/\",\"name\":\"Soir\u00e9e in\u00e9dite PATRIMOINE & JOURNEE DU PATRIMOINE \u00e0 Saint Maurice Sur Moselle - Remiremont Info\",\"isPartOf\":{\"@id\":\"https:\/\/vosgesinfo.fr\/remiremontinfo\/#website\"},\"primaryImageOfPage\":{\"@id\":\"https:\/\/vosgesinfo.fr\/remiremontinfo\/2025\/08\/soiree-inedite-patrimoine-journee-du-patrimoine-a-saint-maurice-sur-moselle\/#primaryimage\"},\"image\":{\"@id\":\"https:\/\/vosgesinfo.fr\/remiremontinfo\/2025\/08\/soiree-inedite-patrimoine-journee-du-patrimoine-a-saint-maurice-sur-moselle\/#primaryimage\"},\"thumbnailUrl\":\"https:\/\/vosgesinfo.fr\/app\/uploads\/sites\/5\/2025\/08\/journee-du-patrimoine-2025.png\",\"datePublished\":\"2025-08-22T07:20:05+00:00\",\"dateModified\":\"2025-08-22T06:55:21+00:00\",\"breadcrumb\":{\"@id\":\"https:\/\/vosgesinfo.fr\/remiremontinfo\/2025\/08\/soiree-inedite-patrimoine-journee-du-patrimoine-a-saint-maurice-sur-moselle\/#breadcrumb\"},\"inLanguage\":\"fr-FR\",\"potentialAction\":[{\"@type\":\"ReadAction\",\"target\":[\"https:\/\/vosgesinfo.fr\/remiremontinfo\/2025\/08\/soiree-inedite-patrimoine-journee-du-patrimoine-a-saint-maurice-sur-moselle\/\"]}]},{\"@type\":\"ImageObject\",\"inLanguage\":\"fr-FR\",\"@id\":\"https:\/\/vosgesinfo.fr\/remiremontinfo\/2025\/08\/soiree-inedite-patrimoine-journee-du-patrimoine-a-saint-maurice-sur-moselle\/#primaryimage\",\"url\":\"https:\/\/vosgesinfo.fr\/app\/uploads\/sites\/5\/2025\/08\/journee-du-patrimoine-2025.png\",\"contentUrl\":\"https:\/\/vosgesinfo.fr\/app\/uploads\/sites\/5\/2025\/08\/journee-du-patrimoine-2025.png\",\"width\":1414,\"height\":2000},{\"@type\":\"BreadcrumbList\",\"@id\":\"https:\/\/vosgesinfo.fr\/remiremontinfo\/2025\/08\/soiree-inedite-patrimoine-journee-du-patrimoine-a-saint-maurice-sur-moselle\/#breadcrumb\",\"itemListElement\":[{\"@type\":\"ListItem\",\"position\":1,\"name\":\"Home\",\"item\":\"https:\/\/vosgesinfo.fr\/remiremontinfo\/\"},{\"@type\":\"ListItem\",\"position\":2,\"name\":\"Soir\u00e9e in\u00e9dite PATRIMOINE &#038; JOURNEE DU PATRIMOINE \u00e0 Saint Maurice Sur Moselle\"}]},{\"@type\":\"WebSite\",\"@id\":\"https:\/\/vosgesinfo.fr\/remiremontinfo\/#website\",\"url\":\"https:\/\/vosgesinfo.fr\/remiremontinfo\/\",\"name\":\"Remiremont Info\",\"description\":\"Toute l&#039;actualit\u00e9 de Remiremont\",\"publisher\":{\"@id\":\"https:\/\/vosgesinfo.fr\/remiremontinfo\/#organization\"},\"alternateName\":\"Toute l'actualit\u00e9 de Remiremont\",\"potentialAction\":[{\"@type\":\"SearchAction\",\"target\":{\"@type\":\"EntryPoint\",\"urlTemplate\":\"https:\/\/vosgesinfo.fr\/remiremontinfo\/?s={search_term_string}\"},\"query-input\":\"required name=search_term_string\"}],\"inLanguage\":\"fr-FR\"},{\"@type\":\"Organization\",\"@id\":\"https:\/\/vosgesinfo.fr\/remiremontinfo\/#organization\",\"name\":\"Remiremont Info\",\"url\":\"https:\/\/vosgesinfo.fr\/remiremontinfo\/\",\"logo\":{\"@type\":\"ImageObject\",\"inLanguage\":\"fr-FR\",\"@id\":\"https:\/\/vosgesinfo.fr\/remiremontinfo\/#\/schema\/logo\/image\/\",\"url\":\"https:\/\/vosgesinfo.fr\/app\/uploads\/sites\/5\/2023\/08\/favicon-remiremontinfo.png\",\"contentUrl\":\"https:\/\/vosgesinfo.fr\/app\/uploads\/sites\/5\/2023\/08\/favicon-remiremontinfo.png\",\"width\":512,\"height\":512,\"caption\":\"Remiremont Info\"},\"image\":{\"@id\":\"https:\/\/vosgesinfo.fr\/remiremontinfo\/#\/schema\/logo\/image\/\"},\"sameAs\":[\"https:\/\/www.facebook.com\/remiremontinfo\",\"https:\/\/x.com\/VosgesInfo88\",\"https:\/\/www.youtube.com\/@vosgesinfo\"]},{\"@type\":\"Person\",\"@id\":\"https:\/\/vosgesinfo.fr\/remiremontinfo\/#\/schema\/person\/27a3695b06db98895b354c0765cdfc31\",\"name\":\"La redaction\",\"image\":{\"@type\":\"ImageObject\",\"inLanguage\":\"fr-FR\",\"@id\":\"https:\/\/vosgesinfo.fr\/remiremontinfo\/#\/schema\/person\/image\/\",\"url\":\"https:\/\/secure.gravatar.com\/avatar\/64c76a78e501cedee55736f43f332df901e1896ae9cd8fad269ae2236dd0e8b6?s=96&d=mm&r=g\",\"contentUrl\":\"https:\/\/secure.gravatar.com\/avatar\/64c76a78e501cedee55736f43f332df901e1896ae9cd8fad269ae2236dd0e8b6?s=96&d=mm&r=g\",\"caption\":\"La redaction\"},\"url\":\"https:\/\/vosgesinfo.fr\/remiremontinfo\/author\/la-redaction\/\"}]}<\/script>\n<!-- \/ Yoast SEO plugin. -->","yoast_head_json":{"title":"Soir\u00e9e in\u00e9dite PATRIMOINE & JOURNEE DU PATRIMOINE \u00e0 Saint Maurice Sur Moselle - Remiremont Info","robots":{"index":"index","follow":"follow","max-snippet":"max-snippet:-1","max-image-preview":"max-image-preview:large","max-video-preview":"max-video-preview:-1"},"canonical":"https:\/\/vosgesinfo.fr\/remiremontinfo\/2025\/08\/soiree-inedite-patrimoine-journee-du-patrimoine-a-saint-maurice-sur-moselle\/","twitter_card":"summary_large_image","twitter_title":"Soir\u00e9e in\u00e9dite PATRIMOINE & JOURNEE DU PATRIMOINE \u00e0 Saint Maurice Sur Moselle - Remiremont Info","twitter_description":"JEUDI 18 SEPTEMBRE 2025 \u2013 SALLE MULTI ACTIVITES \u2013 19h SOIREE PATRIMOINE\u00a0: A la suite du classement au titre des [&hellip;]","twitter_image":"https:\/\/vosgesinfo.fr\/app\/uploads\/sites\/5\/2025\/08\/journee-du-patrimoine-2025.png","twitter_creator":"@VosgesInfo88","twitter_site":"@VosgesInfo88","twitter_misc":{"\u00c9crit par":"La redaction","Dur\u00e9e de lecture estim\u00e9e":"1 minute"},"schema":{"@context":"https:\/\/schema.org","@graph":[{"@type":"Article","@id":"https:\/\/vosgesinfo.fr\/remiremontinfo\/2025\/08\/soiree-inedite-patrimoine-journee-du-patrimoine-a-saint-maurice-sur-moselle\/#article","isPartOf":{"@id":"https:\/\/vosgesinfo.fr\/remiremontinfo\/2025\/08\/soiree-inedite-patrimoine-journee-du-patrimoine-a-saint-maurice-sur-moselle\/"},"author":{"name":"La redaction","@id":"https:\/\/vosgesinfo.fr\/remiremontinfo\/#\/schema\/person\/27a3695b06db98895b354c0765cdfc31"},"headline":"Soir\u00e9e in\u00e9dite PATRIMOINE &#038; JOURNEE DU PATRIMOINE \u00e0 Saint Maurice Sur Moselle","datePublished":"2025-08-22T07:20:05+00:00","dateModified":"2025-08-22T06:55:21+00:00","mainEntityOfPage":{"@id":"https:\/\/vosgesinfo.fr\/remiremontinfo\/2025\/08\/soiree-inedite-patrimoine-journee-du-patrimoine-a-saint-maurice-sur-moselle\/"},"wordCount":239,"commentCount":0,"publisher":{"@id":"https:\/\/vosgesinfo.fr\/remiremontinfo\/#organization"},"image":{"@id":"https:\/\/vosgesinfo.fr\/remiremontinfo\/2025\/08\/soiree-inedite-patrimoine-journee-du-patrimoine-a-saint-maurice-sur-moselle\/#primaryimage"},"thumbnailUrl":"https:\/\/vosgesinfo.fr\/app\/uploads\/sites\/5\/2025\/08\/journee-du-patrimoine-2025.png","keywords":["Journ\u00e9es europ\u00e9ennes du patrimoine","saint-maurice-sur-moselle"],"articleSection":["A la Une","Culture","Remiremont"],"inLanguage":"fr-FR","potentialAction":[{"@type":"CommentAction","name":"Comment","target":["https:\/\/vosgesinfo.fr\/remiremontinfo\/2025\/08\/soiree-inedite-patrimoine-journee-du-patrimoine-a-saint-maurice-sur-moselle\/#respond"]}]},{"@type":"WebPage","@id":"https:\/\/vosgesinfo.fr\/remiremontinfo\/2025\/08\/soiree-inedite-patrimoine-journee-du-patrimoine-a-saint-maurice-sur-moselle\/","url":"https:\/\/vosgesinfo.fr\/remiremontinfo\/2025\/08\/soiree-inedite-patrimoine-journee-du-patrimoine-a-saint-maurice-sur-moselle\/","name":"Soir\u00e9e in\u00e9dite PATRIMOINE & JOURNEE DU PATRIMOINE \u00e0 Saint Maurice Sur Moselle - Remiremont Info","isPartOf":{"@id":"https:\/\/vosgesinfo.fr\/remiremontinfo\/#website"},"primaryImageOfPage":{"@id":"https:\/\/vosgesinfo.fr\/remiremontinfo\/2025\/08\/soiree-inedite-patrimoine-journee-du-patrimoine-a-saint-maurice-sur-moselle\/#primaryimage"},"image":{"@id":"https:\/\/vosgesinfo.fr\/remiremontinfo\/2025\/08\/soiree-inedite-patrimoine-journee-du-patrimoine-a-saint-maurice-sur-moselle\/#primaryimage"},"thumbnailUrl":"https:\/\/vosgesinfo.fr\/app\/uploads\/sites\/5\/2025\/08\/journee-du-patrimoine-2025.png","datePublished":"2025-08-22T07:20:05+00:00","dateModified":"2025-08-22T06:55:21+00:00","breadcrumb":{"@id":"https:\/\/vosgesinfo.fr\/remiremontinfo\/2025\/08\/soiree-inedite-patrimoine-journee-du-patrimoine-a-saint-maurice-sur-moselle\/#breadcrumb"},"inLanguage":"fr-FR","potentialAction":[{"@type":"ReadAction","target":["https:\/\/vosgesinfo.fr\/remiremontinfo\/2025\/08\/soiree-inedite-patrimoine-journee-du-patrimoine-a-saint-maurice-sur-moselle\/"]}]},{"@type":"ImageObject","inLanguage":"fr-FR","@id":"https:\/\/vosgesinfo.fr\/remiremontinfo\/2025\/08\/soiree-inedite-patrimoine-journee-du-patrimoine-a-saint-maurice-sur-moselle\/#primaryimage","url":"https:\/\/vosgesinfo.fr\/app\/uploads\/sites\/5\/2025\/08\/journee-du-patrimoine-2025.png","contentUrl":"https:\/\/vosgesinfo.fr\/app\/uploads\/sites\/5\/2025\/08\/journee-du-patrimoine-2025.png","width":1414,"height":2000},{"@type":"BreadcrumbList","@id":"https:\/\/vosgesinfo.fr\/remiremontinfo\/2025\/08\/soiree-inedite-patrimoine-journee-du-patrimoine-a-saint-maurice-sur-moselle\/#breadcrumb","itemListElement":[{"@type":"ListItem","position":1,"name":"Home","item":"https:\/\/vosgesinfo.fr\/remiremontinfo\/"},{"@type":"ListItem","position":2,"name":"Soir\u00e9e in\u00e9dite PATRIMOINE &#038; JOURNEE DU PATRIMOINE \u00e0 Saint Maurice Sur Moselle"}]},{"@type":"WebSite","@id":"https:\/\/vosgesinfo.fr\/remiremontinfo\/#website","url":"https:\/\/vosgesinfo.fr\/remiremontinfo\/","name":"Remiremont Info","description":"Toute l&#039;actualit\u00e9 de Remiremont","publisher":{"@id":"https:\/\/vosgesinfo.fr\/remiremontinfo\/#organization"},"alternateName":"Toute l'actualit\u00e9 de Remiremont","potentialAction":[{"@type":"SearchAction","target":{"@type":"EntryPoint","urlTemplate":"https:\/\/vosgesinfo.fr\/remiremontinfo\/?s={search_term_string}"},"query-input":"required name=search_term_string"}],"inLanguage":"fr-FR"},{"@type":"Organization","@id":"https:\/\/vosgesinfo.fr\/remiremontinfo\/#organization","name":"Remiremont Info","url":"https:\/\/vosgesinfo.fr\/remiremontinfo\/","logo":{"@type":"ImageObject","inLanguage":"fr-FR","@id":"https:\/\/vosgesinfo.fr\/remiremontinfo\/#\/schema\/logo\/image\/","url":"https:\/\/vosgesinfo.fr\/app\/uploads\/sites\/5\/2023\/08\/favicon-remiremontinfo.png","contentUrl":"https:\/\/vosgesinfo.fr\/app\/uploads\/sites\/5\/2023\/08\/favicon-remiremontinfo.png","width":512,"height":512,"caption":"Remiremont Info"},"image":{"@id":"https:\/\/vosgesinfo.fr\/remiremontinfo\/#\/schema\/logo\/image\/"},"sameAs":["https:\/\/www.facebook.com\/remiremontinfo","https:\/\/x.com\/VosgesInfo88","https:\/\/www.youtube.com\/@vosgesinfo"]},{"@type":"Person","@id":"https:\/\/vosgesinfo.fr\/remiremontinfo\/#\/schema\/person\/27a3695b06db98895b354c0765cdfc31","name":"La redaction","image":{"@type":"ImageObject","inLanguage":"fr-FR","@id":"https:\/\/vosgesinfo.fr\/remiremontinfo\/#\/schema\/person\/image\/","url":"https:\/\/secure.gravatar.com\/avatar\/64c76a78e501cedee55736f43f332df901e1896ae9cd8fad269ae2236dd0e8b6?s=96&d=mm&r=g","contentUrl":"https:\/\/secure.gravatar.com\/avatar\/64c76a78e501cedee55736f43f332df901e1896ae9cd8fad269ae2236dd0e8b6?s=96&d=mm&r=g","caption":"La redaction"},"url":"https:\/\/vosgesinfo.fr\/remiremontinfo\/author\/la-redaction\/"}]}},"_links":{"self":[{"href":"https:\/\/vosgesinfo.fr\/remiremontinfo\/wp-json\/wp\/v2\/posts\/84468","targetHints":{"allow":["GET"]}}],"collection":[{"href":"https:\/\/vosgesinfo.fr\/remiremontinfo\/wp-json\/wp\/v2\/posts"}],"about":[{"href":"https:\/\/vosgesinfo.fr\/remiremontinfo\/wp-json\/wp\/v2\/types\/post"}],"author":[{"embeddable":true,"href":"https:\/\/vosgesinfo.fr\/remiremontinfo\/wp-json\/wp\/v2\/users\/391"}],"replies":[{"embeddable":true,"href":"https:\/\/vosgesinfo.fr\/remiremontinfo\/wp-json\/wp\/v2\/comments?post=84468"}],"version-history":[{"count":1,"href":"https:\/\/vosgesinfo.fr\/remiremontinfo\/wp-json\/wp\/v2\/posts\/84468\/revisions"}],"predecessor-version":[{"id":84471,"href":"https:\/\/vosgesinfo.fr\/remiremontinfo\/wp-json\/wp\/v2\/posts\/84468\/revisions\/84471"}],"wp:featuredmedia":[{"embeddable":true,"href":"https:\/\/vosgesinfo.fr\/remiremontinfo\/wp-json\/wp\/v2\/media\/84470"}],"wp:attachment":[{"href":"https:\/\/vosgesinfo.fr\/remiremontinfo\/wp-json\/wp\/v2\/media?parent=84468"}],"wp:term":[{"taxonomy":"category","embeddable":true,"href":"https:\/\/vosgesinfo.fr\/remiremontinfo\/wp-json\/wp\/v2\/categories?post=84468"},{"taxonomy":"post_tag","embeddable":true,"href":"https:\/\/vosgesinfo.fr\/remiremontinfo\/wp-json\/wp\/v2\/tags?post=84468"}],"curies":[{"name":"wp","href":"https:\/\/api.w.org\/{rel}","templated":true}]}}