{"id":84558,"date":"2025-08-27T10:25:51","date_gmt":"2025-08-27T08:25:51","guid":{"rendered":"https:\/\/vosgesinfo.fr\/remiremontinfo\/?p=84558"},"modified":"2025-08-27T10:20:47","modified_gmt":"2025-08-27T08:20:47","slug":"remiremont-une-fresque-monumentale-en-hommage-a-frida-kahlo","status":"publish","type":"post","link":"https:\/\/vosgesinfo.fr\/remiremontinfo\/2025\/08\/remiremont-une-fresque-monumentale-en-hommage-a-frida-kahlo\/","title":{"rendered":"Remiremont : une fresque monumentale en hommage \u00e0 Frida Kahlo"},"content":{"rendered":"<div id=\"attachment_84559\" style=\"width: 2058px\" class=\"wp-caption aligncenter\"><a href=\"https:\/\/vosgesinfo.fr\/app\/uploads\/sites\/5\/2025\/08\/539197129-795926362998433-4670651059402970053-n.jpg\"><img decoding=\"async\" aria-describedby=\"caption-attachment-84559\" class=\"size-full wp-image-84559\" src=\"https:\/\/vosgesinfo.fr\/app\/uploads\/sites\/5\/2025\/08\/539197129-795926362998433-4670651059402970053-n.jpg\" alt=\"\" width=\"2048\" height=\"1365\" srcset=\"https:\/\/vosgesinfo.fr\/app\/uploads\/sites\/5\/2025\/08\/539197129-795926362998433-4670651059402970053-n.jpg 2048w, https:\/\/vosgesinfo.fr\/app\/uploads\/sites\/5\/2025\/08\/539197129-795926362998433-4670651059402970053-n-300x200.jpg 300w, https:\/\/vosgesinfo.fr\/app\/uploads\/sites\/5\/2025\/08\/539197129-795926362998433-4670651059402970053-n-1024x683.jpg 1024w, https:\/\/vosgesinfo.fr\/app\/uploads\/sites\/5\/2025\/08\/539197129-795926362998433-4670651059402970053-n-768x512.jpg 768w, https:\/\/vosgesinfo.fr\/app\/uploads\/sites\/5\/2025\/08\/539197129-795926362998433-4670651059402970053-n-1536x1024.jpg 1536w\" sizes=\"(max-width: 2048px) 100vw, 2048px\" \/><\/a><p id=\"caption-attachment-84559\" class=\"wp-caption-text\">photo Ville de Remiremont<\/p><\/div>\n<h2 data-start=\"138\" data-end=\"353\"><strong>\u00c0 Remiremont, le mur de la rue du Canton a chang\u00e9 de visage. Sur une surface de 40 m\u00b2, l\u2019artiste Lori Valdenaire a achev\u00e9 une fresque haute en couleurs, rendant hommage \u00e0 l\u2019ic\u00f4ne mexicaine Frida Kahlo.<\/strong><\/h2>\n<h3 data-start=\"355\" data-end=\"395\"><\/h3>\n<h3 data-start=\"355\" data-end=\"395\">Une \u0153uvre n\u00e9e d\u2019une id\u00e9e municipale<\/h3>\n<p data-start=\"396\" data-end=\"705\">Le projet a vu le jour sous l\u2019impulsion du maire, Jean-Beno\u00eet Tisserand, qui souhaitait offrir une seconde vie \u00e0 ce pan de mur en plein c\u0153ur de la ville. L\u2019initiative s\u2019inscrit dans une volont\u00e9 de mettre l\u2019art \u00e0 la port\u00e9e de tous et de dynamiser l\u2019espace urbain par des cr\u00e9ations culturelles fortes.<\/p>\n<h3 data-start=\"707\" data-end=\"742\">Frida Kahlo, symbole universel<\/h3>\n<p data-start=\"743\" data-end=\"1025\">Connue pour son \u0153uvre singuli\u00e8re, son engagement et sa r\u00e9silience, Frida Kahlo inspire bien au-del\u00e0 du monde artistique. En choisissant ce visage embl\u00e9matique, Lori Valdenaire a voulu c\u00e9l\u00e9brer \u00e0 la fois la force, la libert\u00e9 et l\u2019humanit\u00e9 qui caract\u00e9risent l\u2019artiste mexicaine.<\/p>\n<h3 data-start=\"1027\" data-end=\"1070\">Un nouveau rep\u00e8re visuel pour la ville<\/h3>\n<p data-start=\"1071\" data-end=\"1312\">La fresque attire d\u00e9j\u00e0 les regards des passants. Avec ses couleurs \u00e9clatantes et son style affirm\u00e9, elle apporte une touche de vie et de po\u00e9sie \u00e0 la rue du Canton.<\/p>\n","protected":false},"excerpt":{"rendered":"<p>\u00c0 Remiremont, le mur de la rue du Canton a chang\u00e9 de visage. Sur une surface de 40 m\u00b2, l\u2019artiste [&hellip;]<\/p>\n","protected":false},"author":52,"featured_media":84559,"comment_status":"open","ping_status":"open","sticky":false,"template":"","format":"standard","meta":{"footnotes":""},"categories":[26,43],"tags":[],"class_list":["post-84558","post","type-post","status-publish","format-standard","has-post-thumbnail","hentry","category-a-la-une","category-remiremont-remiremont-son-canton"],"acf":[],"yoast_head":"<!-- This site is optimized with the Yoast SEO plugin v22.5 - https:\/\/yoast.com\/wordpress\/plugins\/seo\/ -->\n<title>Remiremont : une fresque monumentale en hommage \u00e0 Frida Kahlo - Remiremont Info<\/title>\n<meta name=\"robots\" content=\"index, follow, max-snippet:-1, max-image-preview:large, max-video-preview:-1\" \/>\n<link rel=\"canonical\" href=\"https:\/\/vosgesinfo.fr\/remiremontinfo\/2025\/08\/remiremont-une-fresque-monumentale-en-hommage-a-frida-kahlo\/\" \/>\n<meta name=\"twitter:card\" content=\"summary_large_image\" \/>\n<meta name=\"twitter:title\" content=\"Remiremont : une fresque monumentale en hommage \u00e0 Frida Kahlo - Remiremont Info\" \/>\n<meta name=\"twitter:description\" content=\"\u00c0 Remiremont, le mur de la rue du Canton a chang\u00e9 de visage. Sur une surface de 40 m\u00b2, l\u2019artiste [&hellip;]\" \/>\n<meta name=\"twitter:image\" content=\"https:\/\/vosgesinfo.fr\/app\/uploads\/sites\/5\/2025\/08\/539197129-795926362998433-4670651059402970053-n.jpg\" \/>\n<meta name=\"twitter:creator\" content=\"@VosgesInfo88\" \/>\n<meta name=\"twitter:site\" content=\"@VosgesInfo88\" \/>\n<meta name=\"twitter:label1\" content=\"\u00c9crit par\" \/>\n\t<meta name=\"twitter:data1\" content=\"C.K.\" \/>\n\t<meta name=\"twitter:label2\" content=\"Dur\u00e9e de lecture estim\u00e9e\" \/>\n\t<meta name=\"twitter:data2\" content=\"1 minute\" \/>\n<script type=\"application\/ld+json\" class=\"yoast-schema-graph\">{\"@context\":\"https:\/\/schema.org\",\"@graph\":[{\"@type\":\"Article\",\"@id\":\"https:\/\/vosgesinfo.fr\/remiremontinfo\/2025\/08\/remiremont-une-fresque-monumentale-en-hommage-a-frida-kahlo\/#article\",\"isPartOf\":{\"@id\":\"https:\/\/vosgesinfo.fr\/remiremontinfo\/2025\/08\/remiremont-une-fresque-monumentale-en-hommage-a-frida-kahlo\/\"},\"author\":{\"name\":\"C.K.\",\"@id\":\"https:\/\/vosgesinfo.fr\/remiremontinfo\/#\/schema\/person\/6f9a650eeea99d969b6c4ab78fccbe81\"},\"headline\":\"Remiremont : une fresque monumentale en hommage \u00e0 Frida Kahlo\",\"datePublished\":\"2025-08-27T08:25:51+00:00\",\"dateModified\":\"2025-08-27T08:20:47+00:00\",\"mainEntityOfPage\":{\"@id\":\"https:\/\/vosgesinfo.fr\/remiremontinfo\/2025\/08\/remiremont-une-fresque-monumentale-en-hommage-a-frida-kahlo\/\"},\"wordCount\":214,\"commentCount\":0,\"publisher\":{\"@id\":\"https:\/\/vosgesinfo.fr\/remiremontinfo\/#organization\"},\"image\":{\"@id\":\"https:\/\/vosgesinfo.fr\/remiremontinfo\/2025\/08\/remiremont-une-fresque-monumentale-en-hommage-a-frida-kahlo\/#primaryimage\"},\"thumbnailUrl\":\"https:\/\/vosgesinfo.fr\/app\/uploads\/sites\/5\/2025\/08\/539197129-795926362998433-4670651059402970053-n.jpg\",\"articleSection\":[\"A la Une\",\"Remiremont\"],\"inLanguage\":\"fr-FR\",\"potentialAction\":[{\"@type\":\"CommentAction\",\"name\":\"Comment\",\"target\":[\"https:\/\/vosgesinfo.fr\/remiremontinfo\/2025\/08\/remiremont-une-fresque-monumentale-en-hommage-a-frida-kahlo\/#respond\"]}]},{\"@type\":\"WebPage\",\"@id\":\"https:\/\/vosgesinfo.fr\/remiremontinfo\/2025\/08\/remiremont-une-fresque-monumentale-en-hommage-a-frida-kahlo\/\",\"url\":\"https:\/\/vosgesinfo.fr\/remiremontinfo\/2025\/08\/remiremont-une-fresque-monumentale-en-hommage-a-frida-kahlo\/\",\"name\":\"Remiremont : une fresque monumentale en hommage \u00e0 Frida Kahlo - Remiremont Info\",\"isPartOf\":{\"@id\":\"https:\/\/vosgesinfo.fr\/remiremontinfo\/#website\"},\"primaryImageOfPage\":{\"@id\":\"https:\/\/vosgesinfo.fr\/remiremontinfo\/2025\/08\/remiremont-une-fresque-monumentale-en-hommage-a-frida-kahlo\/#primaryimage\"},\"image\":{\"@id\":\"https:\/\/vosgesinfo.fr\/remiremontinfo\/2025\/08\/remiremont-une-fresque-monumentale-en-hommage-a-frida-kahlo\/#primaryimage\"},\"thumbnailUrl\":\"https:\/\/vosgesinfo.fr\/app\/uploads\/sites\/5\/2025\/08\/539197129-795926362998433-4670651059402970053-n.jpg\",\"datePublished\":\"2025-08-27T08:25:51+00:00\",\"dateModified\":\"2025-08-27T08:20:47+00:00\",\"breadcrumb\":{\"@id\":\"https:\/\/vosgesinfo.fr\/remiremontinfo\/2025\/08\/remiremont-une-fresque-monumentale-en-hommage-a-frida-kahlo\/#breadcrumb\"},\"inLanguage\":\"fr-FR\",\"potentialAction\":[{\"@type\":\"ReadAction\",\"target\":[\"https:\/\/vosgesinfo.fr\/remiremontinfo\/2025\/08\/remiremont-une-fresque-monumentale-en-hommage-a-frida-kahlo\/\"]}]},{\"@type\":\"ImageObject\",\"inLanguage\":\"fr-FR\",\"@id\":\"https:\/\/vosgesinfo.fr\/remiremontinfo\/2025\/08\/remiremont-une-fresque-monumentale-en-hommage-a-frida-kahlo\/#primaryimage\",\"url\":\"https:\/\/vosgesinfo.fr\/app\/uploads\/sites\/5\/2025\/08\/539197129-795926362998433-4670651059402970053-n.jpg\",\"contentUrl\":\"https:\/\/vosgesinfo.fr\/app\/uploads\/sites\/5\/2025\/08\/539197129-795926362998433-4670651059402970053-n.jpg\",\"width\":2048,\"height\":1365,\"caption\":\"photo Ville de Remiremont\"},{\"@type\":\"BreadcrumbList\",\"@id\":\"https:\/\/vosgesinfo.fr\/remiremontinfo\/2025\/08\/remiremont-une-fresque-monumentale-en-hommage-a-frida-kahlo\/#breadcrumb\",\"itemListElement\":[{\"@type\":\"ListItem\",\"position\":1,\"name\":\"Home\",\"item\":\"https:\/\/vosgesinfo.fr\/remiremontinfo\/\"},{\"@type\":\"ListItem\",\"position\":2,\"name\":\"Remiremont : une fresque monumentale en hommage \u00e0 Frida Kahlo\"}]},{\"@type\":\"WebSite\",\"@id\":\"https:\/\/vosgesinfo.fr\/remiremontinfo\/#website\",\"url\":\"https:\/\/vosgesinfo.fr\/remiremontinfo\/\",\"name\":\"Remiremont Info\",\"description\":\"Toute l&#039;actualit\u00e9 de Remiremont\",\"publisher\":{\"@id\":\"https:\/\/vosgesinfo.fr\/remiremontinfo\/#organization\"},\"alternateName\":\"Toute l'actualit\u00e9 de Remiremont\",\"potentialAction\":[{\"@type\":\"SearchAction\",\"target\":{\"@type\":\"EntryPoint\",\"urlTemplate\":\"https:\/\/vosgesinfo.fr\/remiremontinfo\/?s={search_term_string}\"},\"query-input\":\"required name=search_term_string\"}],\"inLanguage\":\"fr-FR\"},{\"@type\":\"Organization\",\"@id\":\"https:\/\/vosgesinfo.fr\/remiremontinfo\/#organization\",\"name\":\"Remiremont Info\",\"url\":\"https:\/\/vosgesinfo.fr\/remiremontinfo\/\",\"logo\":{\"@type\":\"ImageObject\",\"inLanguage\":\"fr-FR\",\"@id\":\"https:\/\/vosgesinfo.fr\/remiremontinfo\/#\/schema\/logo\/image\/\",\"url\":\"https:\/\/vosgesinfo.fr\/app\/uploads\/sites\/5\/2023\/08\/favicon-remiremontinfo.png\",\"contentUrl\":\"https:\/\/vosgesinfo.fr\/app\/uploads\/sites\/5\/2023\/08\/favicon-remiremontinfo.png\",\"width\":512,\"height\":512,\"caption\":\"Remiremont Info\"},\"image\":{\"@id\":\"https:\/\/vosgesinfo.fr\/remiremontinfo\/#\/schema\/logo\/image\/\"},\"sameAs\":[\"https:\/\/www.facebook.com\/remiremontinfo\",\"https:\/\/x.com\/VosgesInfo88\",\"https:\/\/www.youtube.com\/@vosgesinfo\"]},{\"@type\":\"Person\",\"@id\":\"https:\/\/vosgesinfo.fr\/remiremontinfo\/#\/schema\/person\/6f9a650eeea99d969b6c4ab78fccbe81\",\"name\":\"C.K.\",\"image\":{\"@type\":\"ImageObject\",\"inLanguage\":\"fr-FR\",\"@id\":\"https:\/\/vosgesinfo.fr\/remiremontinfo\/#\/schema\/person\/image\/\",\"url\":\"https:\/\/secure.gravatar.com\/avatar\/48e3fc7f8421ba8942be6b74a2b7f014ca39bc00dece156b7a8e098ae7dc87bf?s=96&d=mm&r=g\",\"contentUrl\":\"https:\/\/secure.gravatar.com\/avatar\/48e3fc7f8421ba8942be6b74a2b7f014ca39bc00dece156b7a8e098ae7dc87bf?s=96&d=mm&r=g\",\"caption\":\"C.K.\"},\"url\":\"https:\/\/vosgesinfo.fr\/remiremontinfo\/author\/celia-k-n\/\"}]}<\/script>\n<!-- \/ Yoast SEO plugin. -->","yoast_head_json":{"title":"Remiremont : une fresque monumentale en hommage \u00e0 Frida Kahlo - Remiremont Info","robots":{"index":"index","follow":"follow","max-snippet":"max-snippet:-1","max-image-preview":"max-image-preview:large","max-video-preview":"max-video-preview:-1"},"canonical":"https:\/\/vosgesinfo.fr\/remiremontinfo\/2025\/08\/remiremont-une-fresque-monumentale-en-hommage-a-frida-kahlo\/","twitter_card":"summary_large_image","twitter_title":"Remiremont : une fresque monumentale en hommage \u00e0 Frida Kahlo - Remiremont Info","twitter_description":"\u00c0 Remiremont, le mur de la rue du Canton a chang\u00e9 de visage. Sur une surface de 40 m\u00b2, l\u2019artiste [&hellip;]","twitter_image":"https:\/\/vosgesinfo.fr\/app\/uploads\/sites\/5\/2025\/08\/539197129-795926362998433-4670651059402970053-n.jpg","twitter_creator":"@VosgesInfo88","twitter_site":"@VosgesInfo88","twitter_misc":{"\u00c9crit par":"C.K.","Dur\u00e9e de lecture estim\u00e9e":"1 minute"},"schema":{"@context":"https:\/\/schema.org","@graph":[{"@type":"Article","@id":"https:\/\/vosgesinfo.fr\/remiremontinfo\/2025\/08\/remiremont-une-fresque-monumentale-en-hommage-a-frida-kahlo\/#article","isPartOf":{"@id":"https:\/\/vosgesinfo.fr\/remiremontinfo\/2025\/08\/remiremont-une-fresque-monumentale-en-hommage-a-frida-kahlo\/"},"author":{"name":"C.K.","@id":"https:\/\/vosgesinfo.fr\/remiremontinfo\/#\/schema\/person\/6f9a650eeea99d969b6c4ab78fccbe81"},"headline":"Remiremont : une fresque monumentale en hommage \u00e0 Frida Kahlo","datePublished":"2025-08-27T08:25:51+00:00","dateModified":"2025-08-27T08:20:47+00:00","mainEntityOfPage":{"@id":"https:\/\/vosgesinfo.fr\/remiremontinfo\/2025\/08\/remiremont-une-fresque-monumentale-en-hommage-a-frida-kahlo\/"},"wordCount":214,"commentCount":0,"publisher":{"@id":"https:\/\/vosgesinfo.fr\/remiremontinfo\/#organization"},"image":{"@id":"https:\/\/vosgesinfo.fr\/remiremontinfo\/2025\/08\/remiremont-une-fresque-monumentale-en-hommage-a-frida-kahlo\/#primaryimage"},"thumbnailUrl":"https:\/\/vosgesinfo.fr\/app\/uploads\/sites\/5\/2025\/08\/539197129-795926362998433-4670651059402970053-n.jpg","articleSection":["A la Une","Remiremont"],"inLanguage":"fr-FR","potentialAction":[{"@type":"CommentAction","name":"Comment","target":["https:\/\/vosgesinfo.fr\/remiremontinfo\/2025\/08\/remiremont-une-fresque-monumentale-en-hommage-a-frida-kahlo\/#respond"]}]},{"@type":"WebPage","@id":"https:\/\/vosgesinfo.fr\/remiremontinfo\/2025\/08\/remiremont-une-fresque-monumentale-en-hommage-a-frida-kahlo\/","url":"https:\/\/vosgesinfo.fr\/remiremontinfo\/2025\/08\/remiremont-une-fresque-monumentale-en-hommage-a-frida-kahlo\/","name":"Remiremont : une fresque monumentale en hommage \u00e0 Frida Kahlo - Remiremont Info","isPartOf":{"@id":"https:\/\/vosgesinfo.fr\/remiremontinfo\/#website"},"primaryImageOfPage":{"@id":"https:\/\/vosgesinfo.fr\/remiremontinfo\/2025\/08\/remiremont-une-fresque-monumentale-en-hommage-a-frida-kahlo\/#primaryimage"},"image":{"@id":"https:\/\/vosgesinfo.fr\/remiremontinfo\/2025\/08\/remiremont-une-fresque-monumentale-en-hommage-a-frida-kahlo\/#primaryimage"},"thumbnailUrl":"https:\/\/vosgesinfo.fr\/app\/uploads\/sites\/5\/2025\/08\/539197129-795926362998433-4670651059402970053-n.jpg","datePublished":"2025-08-27T08:25:51+00:00","dateModified":"2025-08-27T08:20:47+00:00","breadcrumb":{"@id":"https:\/\/vosgesinfo.fr\/remiremontinfo\/2025\/08\/remiremont-une-fresque-monumentale-en-hommage-a-frida-kahlo\/#breadcrumb"},"inLanguage":"fr-FR","potentialAction":[{"@type":"ReadAction","target":["https:\/\/vosgesinfo.fr\/remiremontinfo\/2025\/08\/remiremont-une-fresque-monumentale-en-hommage-a-frida-kahlo\/"]}]},{"@type":"ImageObject","inLanguage":"fr-FR","@id":"https:\/\/vosgesinfo.fr\/remiremontinfo\/2025\/08\/remiremont-une-fresque-monumentale-en-hommage-a-frida-kahlo\/#primaryimage","url":"https:\/\/vosgesinfo.fr\/app\/uploads\/sites\/5\/2025\/08\/539197129-795926362998433-4670651059402970053-n.jpg","contentUrl":"https:\/\/vosgesinfo.fr\/app\/uploads\/sites\/5\/2025\/08\/539197129-795926362998433-4670651059402970053-n.jpg","width":2048,"height":1365,"caption":"photo Ville de Remiremont"},{"@type":"BreadcrumbList","@id":"https:\/\/vosgesinfo.fr\/remiremontinfo\/2025\/08\/remiremont-une-fresque-monumentale-en-hommage-a-frida-kahlo\/#breadcrumb","itemListElement":[{"@type":"ListItem","position":1,"name":"Home","item":"https:\/\/vosgesinfo.fr\/remiremontinfo\/"},{"@type":"ListItem","position":2,"name":"Remiremont : une fresque monumentale en hommage \u00e0 Frida Kahlo"}]},{"@type":"WebSite","@id":"https:\/\/vosgesinfo.fr\/remiremontinfo\/#website","url":"https:\/\/vosgesinfo.fr\/remiremontinfo\/","name":"Remiremont Info","description":"Toute l&#039;actualit\u00e9 de Remiremont","publisher":{"@id":"https:\/\/vosgesinfo.fr\/remiremontinfo\/#organization"},"alternateName":"Toute l'actualit\u00e9 de Remiremont","potentialAction":[{"@type":"SearchAction","target":{"@type":"EntryPoint","urlTemplate":"https:\/\/vosgesinfo.fr\/remiremontinfo\/?s={search_term_string}"},"query-input":"required name=search_term_string"}],"inLanguage":"fr-FR"},{"@type":"Organization","@id":"https:\/\/vosgesinfo.fr\/remiremontinfo\/#organization","name":"Remiremont Info","url":"https:\/\/vosgesinfo.fr\/remiremontinfo\/","logo":{"@type":"ImageObject","inLanguage":"fr-FR","@id":"https:\/\/vosgesinfo.fr\/remiremontinfo\/#\/schema\/logo\/image\/","url":"https:\/\/vosgesinfo.fr\/app\/uploads\/sites\/5\/2023\/08\/favicon-remiremontinfo.png","contentUrl":"https:\/\/vosgesinfo.fr\/app\/uploads\/sites\/5\/2023\/08\/favicon-remiremontinfo.png","width":512,"height":512,"caption":"Remiremont Info"},"image":{"@id":"https:\/\/vosgesinfo.fr\/remiremontinfo\/#\/schema\/logo\/image\/"},"sameAs":["https:\/\/www.facebook.com\/remiremontinfo","https:\/\/x.com\/VosgesInfo88","https:\/\/www.youtube.com\/@vosgesinfo"]},{"@type":"Person","@id":"https:\/\/vosgesinfo.fr\/remiremontinfo\/#\/schema\/person\/6f9a650eeea99d969b6c4ab78fccbe81","name":"C.K.","image":{"@type":"ImageObject","inLanguage":"fr-FR","@id":"https:\/\/vosgesinfo.fr\/remiremontinfo\/#\/schema\/person\/image\/","url":"https:\/\/secure.gravatar.com\/avatar\/48e3fc7f8421ba8942be6b74a2b7f014ca39bc00dece156b7a8e098ae7dc87bf?s=96&d=mm&r=g","contentUrl":"https:\/\/secure.gravatar.com\/avatar\/48e3fc7f8421ba8942be6b74a2b7f014ca39bc00dece156b7a8e098ae7dc87bf?s=96&d=mm&r=g","caption":"C.K."},"url":"https:\/\/vosgesinfo.fr\/remiremontinfo\/author\/celia-k-n\/"}]}},"_links":{"self":[{"href":"https:\/\/vosgesinfo.fr\/remiremontinfo\/wp-json\/wp\/v2\/posts\/84558","targetHints":{"allow":["GET"]}}],"collection":[{"href":"https:\/\/vosgesinfo.fr\/remiremontinfo\/wp-json\/wp\/v2\/posts"}],"about":[{"href":"https:\/\/vosgesinfo.fr\/remiremontinfo\/wp-json\/wp\/v2\/types\/post"}],"author":[{"embeddable":true,"href":"https:\/\/vosgesinfo.fr\/remiremontinfo\/wp-json\/wp\/v2\/users\/52"}],"replies":[{"embeddable":true,"href":"https:\/\/vosgesinfo.fr\/remiremontinfo\/wp-json\/wp\/v2\/comments?post=84558"}],"version-history":[{"count":1,"href":"https:\/\/vosgesinfo.fr\/remiremontinfo\/wp-json\/wp\/v2\/posts\/84558\/revisions"}],"predecessor-version":[{"id":84560,"href":"https:\/\/vosgesinfo.fr\/remiremontinfo\/wp-json\/wp\/v2\/posts\/84558\/revisions\/84560"}],"wp:featuredmedia":[{"embeddable":true,"href":"https:\/\/vosgesinfo.fr\/remiremontinfo\/wp-json\/wp\/v2\/media\/84559"}],"wp:attachment":[{"href":"https:\/\/vosgesinfo.fr\/remiremontinfo\/wp-json\/wp\/v2\/media?parent=84558"}],"wp:term":[{"taxonomy":"category","embeddable":true,"href":"https:\/\/vosgesinfo.fr\/remiremontinfo\/wp-json\/wp\/v2\/categories?post=84558"},{"taxonomy":"post_tag","embeddable":true,"href":"https:\/\/vosgesinfo.fr\/remiremontinfo\/wp-json\/wp\/v2\/tags?post=84558"}],"curies":[{"name":"wp","href":"https:\/\/api.w.org\/{rel}","templated":true}]}}