{"id":84591,"date":"2025-08-28T16:30:13","date_gmt":"2025-08-28T14:30:13","guid":{"rendered":"https:\/\/vosgesinfo.fr\/remiremontinfo\/?p=84591"},"modified":"2025-08-28T15:37:39","modified_gmt":"2025-08-28T13:37:39","slug":"epivoge-une-epicerie-participative-a-la-voge-les-bains","status":"publish","type":"post","link":"https:\/\/vosgesinfo.fr\/remiremontinfo\/2025\/08\/epivoge-une-epicerie-participative-a-la-voge-les-bains\/","title":{"rendered":"EpiV\u00f4ge &#8211; une \u00e9picerie participative \u00e0 la V\u00f4ge-les-Bains"},"content":{"rendered":"<h3>EpiV\u00f4ge, l&rsquo;association pour une \u00e9picerie participative \u00e0 la V\u00f4ge-les-Bains a vu le jour le 4 avril 2025 !<\/h3>\n<div>\n<p>&nbsp;<\/p>\n<p>L&rsquo;association a rejoint le R\u00e9seau National d&rsquo;Epiceries Participatives \u00ab\u00a0MON EPI\u00a0\u00bb qui met \u00e0 disposition tous les outils pour cr\u00e9er et faire vivre l&rsquo;\u00e9picerie, notamment par le biais d&rsquo;une plateforme informatique ludique et simple d&rsquo;utilisation, totalement gratuite<\/p>\n<p>Il suffit d&rsquo;adh\u00e9rer \u00e0 l&rsquo;association en versant une adh\u00e9sion annuelle qui permettra de couvrir les frais divers de fonctionnement de l&rsquo;association (voir R\u00e8glement Int\u00e9rieur pour plus de pr\u00e9cisions). Ensuite votre recharge de compte personnelle vous permettra d&rsquo;acheter vos produits en ligne, puis de les recevoir au local.<\/p>\n<p>Epiv\u00f4ge propose dans un premier temps des commandes group\u00e9es, avec livraison au local, et au fur et \u00e0 mesure de son \u00e9volution, pourra commencer \u00e0 approvisionner les rayons de l&rsquo;\u00e9picerie.<br \/>\nChaque foyer pourra contribuer au fonctionnement \u00e0 raison de 2h par mois minimum. (planning et comptage d&rsquo;heures sur votre compte en ligne sur notre site internet)<\/p>\n<p><strong>C&rsquo;est o\u00f9 ?<\/strong><\/p>\n<p>Le local d&rsquo;accueil provisoire se situe au 5 rue des Anciens Moulins \u00e0 Bains-les-Bains, \u00e0 l&rsquo;arri\u00e8re d&rsquo;une maisonnette compos\u00e9e de 6 studios. Ce local d&rsquo;environ 25 m2 nous est mis \u00e0 disposition gracieusement par la municipalit\u00e9,<br \/>\nL&rsquo;association est dans l&rsquo;attente de travaux sur l&rsquo;avant de cette m\u00eame maisonnette, qui offriront un espace de 50 m2 d\u00e9di\u00e9 \u00e0 l&rsquo;accueil, aux animations, au stockage, \u00e0 la vente, &#8230; bref, \u00e0 la Vie de l&rsquo;Association et son \u00e9picerie.<\/p>\n<\/div>\n<p>Les premi\u00e8res permanences d&rsquo;aide \u00e0 l&rsquo;inscription auront lieu : Vendredi 29 Ao\u00fbt de 10 h \u00e0 12 h, Mardi 2 septembre de 18h30 \u00e0 19h30, Vendredi 5 septembre de 17h \u00e0 19h.<\/p>\n<p>Page officielle :\u00a0<a href=\"https:\/\/www.monepi.fr\/epivoge\">https:\/\/www.monepi.fr\/epivoge<\/a><\/p>\n<p><a href=\"https:\/\/vosgesinfo.fr\/app\/uploads\/sites\/5\/2025\/08\/flyer-epivoge.png\"><img decoding=\"async\" class=\"aligncenter size-full wp-image-84592\" src=\"https:\/\/vosgesinfo.fr\/app\/uploads\/sites\/5\/2025\/08\/flyer-epivoge.png\" alt=\"\" width=\"542\" height=\"768\" srcset=\"https:\/\/vosgesinfo.fr\/app\/uploads\/sites\/5\/2025\/08\/flyer-epivoge.png 542w, https:\/\/vosgesinfo.fr\/app\/uploads\/sites\/5\/2025\/08\/flyer-epivoge-212x300.png 212w\" sizes=\"(max-width: 542px) 100vw, 542px\" \/><\/a><\/p>\n","protected":false},"excerpt":{"rendered":"<p>EpiV\u00f4ge, l&rsquo;association pour une \u00e9picerie participative \u00e0 la V\u00f4ge-les-Bains a vu le jour le 4 avril 2025 ! &nbsp; L&rsquo;association [&hellip;]<\/p>\n","protected":false},"author":391,"featured_media":84592,"comment_status":"open","ping_status":"open","sticky":false,"template":"","format":"standard","meta":{"footnotes":""},"categories":[26,47,108,43,17],"tags":[8403],"class_list":["post-84591","post","type-post","status-publish","format-standard","has-post-thumbnail","hentry","category-a-la-une","category-agriculture","category-epinal","category-remiremont-remiremont-son-canton","category-vie-associative","tag-epivoge"],"acf":[],"yoast_head":"<!-- This site is optimized with the Yoast SEO plugin v22.5 - https:\/\/yoast.com\/wordpress\/plugins\/seo\/ -->\n<title>EpiV\u00f4ge - une \u00e9picerie participative \u00e0 la V\u00f4ge-les-Bains - Remiremont Info<\/title>\n<meta name=\"robots\" content=\"index, follow, max-snippet:-1, max-image-preview:large, max-video-preview:-1\" \/>\n<link rel=\"canonical\" href=\"https:\/\/vosgesinfo.fr\/remiremontinfo\/2025\/08\/epivoge-une-epicerie-participative-a-la-voge-les-bains\/\" \/>\n<meta name=\"twitter:card\" content=\"summary_large_image\" \/>\n<meta name=\"twitter:title\" content=\"EpiV\u00f4ge - une \u00e9picerie participative \u00e0 la V\u00f4ge-les-Bains - Remiremont Info\" \/>\n<meta name=\"twitter:description\" content=\"EpiV\u00f4ge, l&rsquo;association pour une \u00e9picerie participative \u00e0 la V\u00f4ge-les-Bains a vu le jour le 4 avril 2025 ! &nbsp; L&rsquo;association [&hellip;]\" \/>\n<meta name=\"twitter:image\" content=\"https:\/\/vosgesinfo.fr\/app\/uploads\/sites\/5\/2025\/08\/flyer-epivoge.png\" \/>\n<meta name=\"twitter:creator\" content=\"@VosgesInfo88\" \/>\n<meta name=\"twitter:site\" content=\"@VosgesInfo88\" \/>\n<meta name=\"twitter:label1\" content=\"\u00c9crit par\" \/>\n\t<meta name=\"twitter:data1\" content=\"La redaction\" \/>\n\t<meta name=\"twitter:label2\" content=\"Dur\u00e9e de lecture estim\u00e9e\" \/>\n\t<meta name=\"twitter:data2\" content=\"1 minute\" \/>\n<script type=\"application\/ld+json\" class=\"yoast-schema-graph\">{\"@context\":\"https:\/\/schema.org\",\"@graph\":[{\"@type\":\"Article\",\"@id\":\"https:\/\/vosgesinfo.fr\/remiremontinfo\/2025\/08\/epivoge-une-epicerie-participative-a-la-voge-les-bains\/#article\",\"isPartOf\":{\"@id\":\"https:\/\/vosgesinfo.fr\/remiremontinfo\/2025\/08\/epivoge-une-epicerie-participative-a-la-voge-les-bains\/\"},\"author\":{\"name\":\"La redaction\",\"@id\":\"https:\/\/vosgesinfo.fr\/remiremontinfo\/#\/schema\/person\/27a3695b06db98895b354c0765cdfc31\"},\"headline\":\"EpiV\u00f4ge &#8211; une \u00e9picerie participative \u00e0 la V\u00f4ge-les-Bains\",\"datePublished\":\"2025-08-28T14:30:13+00:00\",\"dateModified\":\"2025-08-28T13:37:39+00:00\",\"mainEntityOfPage\":{\"@id\":\"https:\/\/vosgesinfo.fr\/remiremontinfo\/2025\/08\/epivoge-une-epicerie-participative-a-la-voge-les-bains\/\"},\"wordCount\":294,\"commentCount\":0,\"publisher\":{\"@id\":\"https:\/\/vosgesinfo.fr\/remiremontinfo\/#organization\"},\"image\":{\"@id\":\"https:\/\/vosgesinfo.fr\/remiremontinfo\/2025\/08\/epivoge-une-epicerie-participative-a-la-voge-les-bains\/#primaryimage\"},\"thumbnailUrl\":\"https:\/\/vosgesinfo.fr\/app\/uploads\/sites\/5\/2025\/08\/flyer-epivoge.png\",\"keywords\":[\"Epiv\u00f6ge\"],\"articleSection\":[\"A la Une\",\"Agriculture\",\"Epinal\",\"Remiremont\",\"Vie associative\"],\"inLanguage\":\"fr-FR\",\"potentialAction\":[{\"@type\":\"CommentAction\",\"name\":\"Comment\",\"target\":[\"https:\/\/vosgesinfo.fr\/remiremontinfo\/2025\/08\/epivoge-une-epicerie-participative-a-la-voge-les-bains\/#respond\"]}]},{\"@type\":\"WebPage\",\"@id\":\"https:\/\/vosgesinfo.fr\/remiremontinfo\/2025\/08\/epivoge-une-epicerie-participative-a-la-voge-les-bains\/\",\"url\":\"https:\/\/vosgesinfo.fr\/remiremontinfo\/2025\/08\/epivoge-une-epicerie-participative-a-la-voge-les-bains\/\",\"name\":\"EpiV\u00f4ge - une \u00e9picerie participative \u00e0 la V\u00f4ge-les-Bains - Remiremont Info\",\"isPartOf\":{\"@id\":\"https:\/\/vosgesinfo.fr\/remiremontinfo\/#website\"},\"primaryImageOfPage\":{\"@id\":\"https:\/\/vosgesinfo.fr\/remiremontinfo\/2025\/08\/epivoge-une-epicerie-participative-a-la-voge-les-bains\/#primaryimage\"},\"image\":{\"@id\":\"https:\/\/vosgesinfo.fr\/remiremontinfo\/2025\/08\/epivoge-une-epicerie-participative-a-la-voge-les-bains\/#primaryimage\"},\"thumbnailUrl\":\"https:\/\/vosgesinfo.fr\/app\/uploads\/sites\/5\/2025\/08\/flyer-epivoge.png\",\"datePublished\":\"2025-08-28T14:30:13+00:00\",\"dateModified\":\"2025-08-28T13:37:39+00:00\",\"breadcrumb\":{\"@id\":\"https:\/\/vosgesinfo.fr\/remiremontinfo\/2025\/08\/epivoge-une-epicerie-participative-a-la-voge-les-bains\/#breadcrumb\"},\"inLanguage\":\"fr-FR\",\"potentialAction\":[{\"@type\":\"ReadAction\",\"target\":[\"https:\/\/vosgesinfo.fr\/remiremontinfo\/2025\/08\/epivoge-une-epicerie-participative-a-la-voge-les-bains\/\"]}]},{\"@type\":\"ImageObject\",\"inLanguage\":\"fr-FR\",\"@id\":\"https:\/\/vosgesinfo.fr\/remiremontinfo\/2025\/08\/epivoge-une-epicerie-participative-a-la-voge-les-bains\/#primaryimage\",\"url\":\"https:\/\/vosgesinfo.fr\/app\/uploads\/sites\/5\/2025\/08\/flyer-epivoge.png\",\"contentUrl\":\"https:\/\/vosgesinfo.fr\/app\/uploads\/sites\/5\/2025\/08\/flyer-epivoge.png\",\"width\":542,\"height\":768},{\"@type\":\"BreadcrumbList\",\"@id\":\"https:\/\/vosgesinfo.fr\/remiremontinfo\/2025\/08\/epivoge-une-epicerie-participative-a-la-voge-les-bains\/#breadcrumb\",\"itemListElement\":[{\"@type\":\"ListItem\",\"position\":1,\"name\":\"Home\",\"item\":\"https:\/\/vosgesinfo.fr\/remiremontinfo\/\"},{\"@type\":\"ListItem\",\"position\":2,\"name\":\"EpiV\u00f4ge &#8211; une \u00e9picerie participative \u00e0 la V\u00f4ge-les-Bains\"}]},{\"@type\":\"WebSite\",\"@id\":\"https:\/\/vosgesinfo.fr\/remiremontinfo\/#website\",\"url\":\"https:\/\/vosgesinfo.fr\/remiremontinfo\/\",\"name\":\"Remiremont Info\",\"description\":\"Toute l&#039;actualit\u00e9 de Remiremont\",\"publisher\":{\"@id\":\"https:\/\/vosgesinfo.fr\/remiremontinfo\/#organization\"},\"alternateName\":\"Toute l'actualit\u00e9 de Remiremont\",\"potentialAction\":[{\"@type\":\"SearchAction\",\"target\":{\"@type\":\"EntryPoint\",\"urlTemplate\":\"https:\/\/vosgesinfo.fr\/remiremontinfo\/?s={search_term_string}\"},\"query-input\":\"required name=search_term_string\"}],\"inLanguage\":\"fr-FR\"},{\"@type\":\"Organization\",\"@id\":\"https:\/\/vosgesinfo.fr\/remiremontinfo\/#organization\",\"name\":\"Remiremont Info\",\"url\":\"https:\/\/vosgesinfo.fr\/remiremontinfo\/\",\"logo\":{\"@type\":\"ImageObject\",\"inLanguage\":\"fr-FR\",\"@id\":\"https:\/\/vosgesinfo.fr\/remiremontinfo\/#\/schema\/logo\/image\/\",\"url\":\"https:\/\/vosgesinfo.fr\/app\/uploads\/sites\/5\/2023\/08\/favicon-remiremontinfo.png\",\"contentUrl\":\"https:\/\/vosgesinfo.fr\/app\/uploads\/sites\/5\/2023\/08\/favicon-remiremontinfo.png\",\"width\":512,\"height\":512,\"caption\":\"Remiremont Info\"},\"image\":{\"@id\":\"https:\/\/vosgesinfo.fr\/remiremontinfo\/#\/schema\/logo\/image\/\"},\"sameAs\":[\"https:\/\/www.facebook.com\/remiremontinfo\",\"https:\/\/x.com\/VosgesInfo88\",\"https:\/\/www.youtube.com\/@vosgesinfo\"]},{\"@type\":\"Person\",\"@id\":\"https:\/\/vosgesinfo.fr\/remiremontinfo\/#\/schema\/person\/27a3695b06db98895b354c0765cdfc31\",\"name\":\"La redaction\",\"image\":{\"@type\":\"ImageObject\",\"inLanguage\":\"fr-FR\",\"@id\":\"https:\/\/vosgesinfo.fr\/remiremontinfo\/#\/schema\/person\/image\/\",\"url\":\"https:\/\/secure.gravatar.com\/avatar\/64c76a78e501cedee55736f43f332df901e1896ae9cd8fad269ae2236dd0e8b6?s=96&d=mm&r=g\",\"contentUrl\":\"https:\/\/secure.gravatar.com\/avatar\/64c76a78e501cedee55736f43f332df901e1896ae9cd8fad269ae2236dd0e8b6?s=96&d=mm&r=g\",\"caption\":\"La redaction\"},\"url\":\"https:\/\/vosgesinfo.fr\/remiremontinfo\/author\/la-redaction\/\"}]}<\/script>\n<!-- \/ Yoast SEO plugin. -->","yoast_head_json":{"title":"EpiV\u00f4ge - une \u00e9picerie participative \u00e0 la V\u00f4ge-les-Bains - Remiremont Info","robots":{"index":"index","follow":"follow","max-snippet":"max-snippet:-1","max-image-preview":"max-image-preview:large","max-video-preview":"max-video-preview:-1"},"canonical":"https:\/\/vosgesinfo.fr\/remiremontinfo\/2025\/08\/epivoge-une-epicerie-participative-a-la-voge-les-bains\/","twitter_card":"summary_large_image","twitter_title":"EpiV\u00f4ge - une \u00e9picerie participative \u00e0 la V\u00f4ge-les-Bains - Remiremont Info","twitter_description":"EpiV\u00f4ge, l&rsquo;association pour une \u00e9picerie participative \u00e0 la V\u00f4ge-les-Bains a vu le jour le 4 avril 2025 ! &nbsp; L&rsquo;association [&hellip;]","twitter_image":"https:\/\/vosgesinfo.fr\/app\/uploads\/sites\/5\/2025\/08\/flyer-epivoge.png","twitter_creator":"@VosgesInfo88","twitter_site":"@VosgesInfo88","twitter_misc":{"\u00c9crit par":"La redaction","Dur\u00e9e de lecture estim\u00e9e":"1 minute"},"schema":{"@context":"https:\/\/schema.org","@graph":[{"@type":"Article","@id":"https:\/\/vosgesinfo.fr\/remiremontinfo\/2025\/08\/epivoge-une-epicerie-participative-a-la-voge-les-bains\/#article","isPartOf":{"@id":"https:\/\/vosgesinfo.fr\/remiremontinfo\/2025\/08\/epivoge-une-epicerie-participative-a-la-voge-les-bains\/"},"author":{"name":"La redaction","@id":"https:\/\/vosgesinfo.fr\/remiremontinfo\/#\/schema\/person\/27a3695b06db98895b354c0765cdfc31"},"headline":"EpiV\u00f4ge &#8211; une \u00e9picerie participative \u00e0 la V\u00f4ge-les-Bains","datePublished":"2025-08-28T14:30:13+00:00","dateModified":"2025-08-28T13:37:39+00:00","mainEntityOfPage":{"@id":"https:\/\/vosgesinfo.fr\/remiremontinfo\/2025\/08\/epivoge-une-epicerie-participative-a-la-voge-les-bains\/"},"wordCount":294,"commentCount":0,"publisher":{"@id":"https:\/\/vosgesinfo.fr\/remiremontinfo\/#organization"},"image":{"@id":"https:\/\/vosgesinfo.fr\/remiremontinfo\/2025\/08\/epivoge-une-epicerie-participative-a-la-voge-les-bains\/#primaryimage"},"thumbnailUrl":"https:\/\/vosgesinfo.fr\/app\/uploads\/sites\/5\/2025\/08\/flyer-epivoge.png","keywords":["Epiv\u00f6ge"],"articleSection":["A la Une","Agriculture","Epinal","Remiremont","Vie associative"],"inLanguage":"fr-FR","potentialAction":[{"@type":"CommentAction","name":"Comment","target":["https:\/\/vosgesinfo.fr\/remiremontinfo\/2025\/08\/epivoge-une-epicerie-participative-a-la-voge-les-bains\/#respond"]}]},{"@type":"WebPage","@id":"https:\/\/vosgesinfo.fr\/remiremontinfo\/2025\/08\/epivoge-une-epicerie-participative-a-la-voge-les-bains\/","url":"https:\/\/vosgesinfo.fr\/remiremontinfo\/2025\/08\/epivoge-une-epicerie-participative-a-la-voge-les-bains\/","name":"EpiV\u00f4ge - une \u00e9picerie participative \u00e0 la V\u00f4ge-les-Bains - Remiremont Info","isPartOf":{"@id":"https:\/\/vosgesinfo.fr\/remiremontinfo\/#website"},"primaryImageOfPage":{"@id":"https:\/\/vosgesinfo.fr\/remiremontinfo\/2025\/08\/epivoge-une-epicerie-participative-a-la-voge-les-bains\/#primaryimage"},"image":{"@id":"https:\/\/vosgesinfo.fr\/remiremontinfo\/2025\/08\/epivoge-une-epicerie-participative-a-la-voge-les-bains\/#primaryimage"},"thumbnailUrl":"https:\/\/vosgesinfo.fr\/app\/uploads\/sites\/5\/2025\/08\/flyer-epivoge.png","datePublished":"2025-08-28T14:30:13+00:00","dateModified":"2025-08-28T13:37:39+00:00","breadcrumb":{"@id":"https:\/\/vosgesinfo.fr\/remiremontinfo\/2025\/08\/epivoge-une-epicerie-participative-a-la-voge-les-bains\/#breadcrumb"},"inLanguage":"fr-FR","potentialAction":[{"@type":"ReadAction","target":["https:\/\/vosgesinfo.fr\/remiremontinfo\/2025\/08\/epivoge-une-epicerie-participative-a-la-voge-les-bains\/"]}]},{"@type":"ImageObject","inLanguage":"fr-FR","@id":"https:\/\/vosgesinfo.fr\/remiremontinfo\/2025\/08\/epivoge-une-epicerie-participative-a-la-voge-les-bains\/#primaryimage","url":"https:\/\/vosgesinfo.fr\/app\/uploads\/sites\/5\/2025\/08\/flyer-epivoge.png","contentUrl":"https:\/\/vosgesinfo.fr\/app\/uploads\/sites\/5\/2025\/08\/flyer-epivoge.png","width":542,"height":768},{"@type":"BreadcrumbList","@id":"https:\/\/vosgesinfo.fr\/remiremontinfo\/2025\/08\/epivoge-une-epicerie-participative-a-la-voge-les-bains\/#breadcrumb","itemListElement":[{"@type":"ListItem","position":1,"name":"Home","item":"https:\/\/vosgesinfo.fr\/remiremontinfo\/"},{"@type":"ListItem","position":2,"name":"EpiV\u00f4ge &#8211; une \u00e9picerie participative \u00e0 la V\u00f4ge-les-Bains"}]},{"@type":"WebSite","@id":"https:\/\/vosgesinfo.fr\/remiremontinfo\/#website","url":"https:\/\/vosgesinfo.fr\/remiremontinfo\/","name":"Remiremont Info","description":"Toute l&#039;actualit\u00e9 de Remiremont","publisher":{"@id":"https:\/\/vosgesinfo.fr\/remiremontinfo\/#organization"},"alternateName":"Toute l'actualit\u00e9 de Remiremont","potentialAction":[{"@type":"SearchAction","target":{"@type":"EntryPoint","urlTemplate":"https:\/\/vosgesinfo.fr\/remiremontinfo\/?s={search_term_string}"},"query-input":"required name=search_term_string"}],"inLanguage":"fr-FR"},{"@type":"Organization","@id":"https:\/\/vosgesinfo.fr\/remiremontinfo\/#organization","name":"Remiremont Info","url":"https:\/\/vosgesinfo.fr\/remiremontinfo\/","logo":{"@type":"ImageObject","inLanguage":"fr-FR","@id":"https:\/\/vosgesinfo.fr\/remiremontinfo\/#\/schema\/logo\/image\/","url":"https:\/\/vosgesinfo.fr\/app\/uploads\/sites\/5\/2023\/08\/favicon-remiremontinfo.png","contentUrl":"https:\/\/vosgesinfo.fr\/app\/uploads\/sites\/5\/2023\/08\/favicon-remiremontinfo.png","width":512,"height":512,"caption":"Remiremont Info"},"image":{"@id":"https:\/\/vosgesinfo.fr\/remiremontinfo\/#\/schema\/logo\/image\/"},"sameAs":["https:\/\/www.facebook.com\/remiremontinfo","https:\/\/x.com\/VosgesInfo88","https:\/\/www.youtube.com\/@vosgesinfo"]},{"@type":"Person","@id":"https:\/\/vosgesinfo.fr\/remiremontinfo\/#\/schema\/person\/27a3695b06db98895b354c0765cdfc31","name":"La redaction","image":{"@type":"ImageObject","inLanguage":"fr-FR","@id":"https:\/\/vosgesinfo.fr\/remiremontinfo\/#\/schema\/person\/image\/","url":"https:\/\/secure.gravatar.com\/avatar\/64c76a78e501cedee55736f43f332df901e1896ae9cd8fad269ae2236dd0e8b6?s=96&d=mm&r=g","contentUrl":"https:\/\/secure.gravatar.com\/avatar\/64c76a78e501cedee55736f43f332df901e1896ae9cd8fad269ae2236dd0e8b6?s=96&d=mm&r=g","caption":"La redaction"},"url":"https:\/\/vosgesinfo.fr\/remiremontinfo\/author\/la-redaction\/"}]}},"_links":{"self":[{"href":"https:\/\/vosgesinfo.fr\/remiremontinfo\/wp-json\/wp\/v2\/posts\/84591","targetHints":{"allow":["GET"]}}],"collection":[{"href":"https:\/\/vosgesinfo.fr\/remiremontinfo\/wp-json\/wp\/v2\/posts"}],"about":[{"href":"https:\/\/vosgesinfo.fr\/remiremontinfo\/wp-json\/wp\/v2\/types\/post"}],"author":[{"embeddable":true,"href":"https:\/\/vosgesinfo.fr\/remiremontinfo\/wp-json\/wp\/v2\/users\/391"}],"replies":[{"embeddable":true,"href":"https:\/\/vosgesinfo.fr\/remiremontinfo\/wp-json\/wp\/v2\/comments?post=84591"}],"version-history":[{"count":1,"href":"https:\/\/vosgesinfo.fr\/remiremontinfo\/wp-json\/wp\/v2\/posts\/84591\/revisions"}],"predecessor-version":[{"id":84593,"href":"https:\/\/vosgesinfo.fr\/remiremontinfo\/wp-json\/wp\/v2\/posts\/84591\/revisions\/84593"}],"wp:featuredmedia":[{"embeddable":true,"href":"https:\/\/vosgesinfo.fr\/remiremontinfo\/wp-json\/wp\/v2\/media\/84592"}],"wp:attachment":[{"href":"https:\/\/vosgesinfo.fr\/remiremontinfo\/wp-json\/wp\/v2\/media?parent=84591"}],"wp:term":[{"taxonomy":"category","embeddable":true,"href":"https:\/\/vosgesinfo.fr\/remiremontinfo\/wp-json\/wp\/v2\/categories?post=84591"},{"taxonomy":"post_tag","embeddable":true,"href":"https:\/\/vosgesinfo.fr\/remiremontinfo\/wp-json\/wp\/v2\/tags?post=84591"}],"curies":[{"name":"wp","href":"https:\/\/api.w.org\/{rel}","templated":true}]}}