{"id":84609,"date":"2025-08-29T18:35:54","date_gmt":"2025-08-29T16:35:54","guid":{"rendered":"https:\/\/vosgesinfo.fr\/remiremontinfo\/?p=84609"},"modified":"2025-08-29T18:35:54","modified_gmt":"2025-08-29T16:35:54","slug":"rendez-vous-cest-nature-du-mercredi-03-septembre-des-refuges-pour-les-chauves-souris","status":"publish","type":"post","link":"https:\/\/vosgesinfo.fr\/remiremontinfo\/2025\/08\/rendez-vous-cest-nature-du-mercredi-03-septembre-des-refuges-pour-les-chauves-souris\/","title":{"rendered":"Rendez-vous C&rsquo;Est Nature du mercredi 03 septembre &#8211; des refuges pour les chauves-souris"},"content":{"rendered":"<h3>A l&rsquo;occasion de la 29\u00e8me \u00e9dition de la Nuit Internationale de la Chauve-Souris, le CEN Lorraine vous propose une pr\u00e9sentation sur les refuges naturels ou artificiels utilis\u00e9s par ces charmants mammif\u00e8res volants.<\/h3>\n<p><a href=\"https:\/\/vosgesinfo.fr\/app\/uploads\/sites\/6\/2025\/08\/rdv-c-nature.jpg\"><img decoding=\"async\" class=\"alignright size-medium wp-image-81797\" src=\"https:\/\/vosgesinfo.fr\/app\/uploads\/sites\/6\/2025\/08\/rdv-c-nature-212x300.jpg\" alt=\"\" width=\"212\" height=\"300\" \/><\/a><\/p>\n<p>Si les conditions m\u00e9t\u00e9o s&rsquo;y pr\u00eatent, l&rsquo;animation se poursuivra en ext\u00e9rieur \u00e0 la recherche des chauves-souris des environs.<\/p>\n<p>&nbsp;<\/p>\n<p>Comme d&rsquo;habitude, l&rsquo;inscription est obligatoire et un ap\u00e9ro partag\u00e9 est pr\u00e9vu pour cl\u00f4turer la soir\u00e9e.<\/p>\n<p>Inscriptions : d.arseguel@cen-lorraine.fr<\/p>\n<p>RDV mercredi 3 septembre 2025 \u00e0 19 h 00 dans les locaux du CEN (ancienne \u00e9cole des Xettes \u00e0 G\u00e9rardmer).<\/p>\n<p>Conf\u00e9rence en salle suivie de sortie nocturne.<\/p>\n<p>Alors \u00e0 bient\u00f4t et bonne rentr\u00e9e !<\/p>\n<p>&nbsp;<\/p>\n<p>Et n&rsquo;oubliez pas que vous pouvez soutenir les actions du Conservatoire d&rsquo;espaces naturels de Lorraine ici :<\/p>\n<p><a title=\"Ici\" href=\"https:\/\/501d9.r.ah.d.sendibm5.com\/mk\/cl\/f\/sh\/6rqJfgq8dINmNdZIWL5hlKwyKYc\/tHtfq5iZiaJi\" target=\"_blank\" rel=\"noopener\" data-saferedirecturl=\"https:\/\/www.google.com\/url?q=https:\/\/501d9.r.ah.d.sendibm5.com\/mk\/cl\/f\/sh\/6rqJfgq8dINmNdZIWL5hlKwyKYc\/tHtfq5iZiaJi&amp;source=gmail&amp;ust=1756569200054000&amp;usg=AOvVaw0ocCCRKPBlc9tjdWZDOTeu\">https:\/\/cen-lorraine.fr\/#\/<wbr \/>citoyens<\/a><\/p>\n<p>&nbsp;<\/p>\n","protected":false},"excerpt":{"rendered":"<p>A l&rsquo;occasion de la 29\u00e8me \u00e9dition de la Nuit Internationale de la Chauve-Souris, le CEN Lorraine vous propose une pr\u00e9sentation [&hellip;]<\/p>\n","protected":false},"author":391,"featured_media":84610,"comment_status":"open","ping_status":"open","sticky":false,"template":"","format":"standard","meta":{"footnotes":""},"categories":[26,7,108,62,43],"tags":[7144],"class_list":["post-84609","post","type-post","status-publish","format-standard","has-post-thumbnail","hentry","category-a-la-une","category-environnement","category-epinal","category-gerardmer","category-remiremont-remiremont-son-canton","tag-cen-lorraine"],"acf":[],"yoast_head":"<!-- This site is optimized with the Yoast SEO plugin v22.5 - https:\/\/yoast.com\/wordpress\/plugins\/seo\/ -->\n<title>Rendez-vous C&#039;Est Nature du mercredi 03 septembre - des refuges pour les chauves-souris - Remiremont Info<\/title>\n<meta name=\"robots\" content=\"index, follow, max-snippet:-1, max-image-preview:large, max-video-preview:-1\" \/>\n<link rel=\"canonical\" href=\"https:\/\/vosgesinfo.fr\/remiremontinfo\/2025\/08\/rendez-vous-cest-nature-du-mercredi-03-septembre-des-refuges-pour-les-chauves-souris\/\" \/>\n<meta name=\"twitter:card\" content=\"summary_large_image\" \/>\n<meta name=\"twitter:title\" content=\"Rendez-vous C&#039;Est Nature du mercredi 03 septembre - des refuges pour les chauves-souris - Remiremont Info\" \/>\n<meta name=\"twitter:description\" content=\"A l&rsquo;occasion de la 29\u00e8me \u00e9dition de la Nuit Internationale de la Chauve-Souris, le CEN Lorraine vous propose une pr\u00e9sentation [&hellip;]\" \/>\n<meta name=\"twitter:image\" content=\"https:\/\/vosgesinfo.fr\/app\/uploads\/sites\/5\/2025\/08\/rdv-c-nature.jpg\" \/>\n<meta name=\"twitter:creator\" content=\"@VosgesInfo88\" \/>\n<meta name=\"twitter:site\" content=\"@VosgesInfo88\" \/>\n<meta name=\"twitter:label1\" content=\"\u00c9crit par\" \/>\n\t<meta name=\"twitter:data1\" content=\"La redaction\" \/>\n\t<meta name=\"twitter:label2\" content=\"Dur\u00e9e de lecture estim\u00e9e\" \/>\n\t<meta name=\"twitter:data2\" content=\"1 minute\" \/>\n<script type=\"application\/ld+json\" class=\"yoast-schema-graph\">{\"@context\":\"https:\/\/schema.org\",\"@graph\":[{\"@type\":\"Article\",\"@id\":\"https:\/\/vosgesinfo.fr\/remiremontinfo\/2025\/08\/rendez-vous-cest-nature-du-mercredi-03-septembre-des-refuges-pour-les-chauves-souris\/#article\",\"isPartOf\":{\"@id\":\"https:\/\/vosgesinfo.fr\/remiremontinfo\/2025\/08\/rendez-vous-cest-nature-du-mercredi-03-septembre-des-refuges-pour-les-chauves-souris\/\"},\"author\":{\"name\":\"La redaction\",\"@id\":\"https:\/\/vosgesinfo.fr\/remiremontinfo\/#\/schema\/person\/27a3695b06db98895b354c0765cdfc31\"},\"headline\":\"Rendez-vous C&rsquo;Est Nature du mercredi 03 septembre &#8211; des refuges pour les chauves-souris\",\"datePublished\":\"2025-08-29T16:35:54+00:00\",\"dateModified\":\"2025-08-29T16:35:54+00:00\",\"mainEntityOfPage\":{\"@id\":\"https:\/\/vosgesinfo.fr\/remiremontinfo\/2025\/08\/rendez-vous-cest-nature-du-mercredi-03-septembre-des-refuges-pour-les-chauves-souris\/\"},\"wordCount\":153,\"commentCount\":0,\"publisher\":{\"@id\":\"https:\/\/vosgesinfo.fr\/remiremontinfo\/#organization\"},\"image\":{\"@id\":\"https:\/\/vosgesinfo.fr\/remiremontinfo\/2025\/08\/rendez-vous-cest-nature-du-mercredi-03-septembre-des-refuges-pour-les-chauves-souris\/#primaryimage\"},\"thumbnailUrl\":\"https:\/\/vosgesinfo.fr\/app\/uploads\/sites\/5\/2025\/08\/rdv-c-nature.jpg\",\"keywords\":[\"CEN Lorraine\"],\"articleSection\":[\"A la Une\",\"Environnement\",\"Epinal\",\"G\u00e9rardmer\",\"Remiremont\"],\"inLanguage\":\"fr-FR\",\"potentialAction\":[{\"@type\":\"CommentAction\",\"name\":\"Comment\",\"target\":[\"https:\/\/vosgesinfo.fr\/remiremontinfo\/2025\/08\/rendez-vous-cest-nature-du-mercredi-03-septembre-des-refuges-pour-les-chauves-souris\/#respond\"]}]},{\"@type\":\"WebPage\",\"@id\":\"https:\/\/vosgesinfo.fr\/remiremontinfo\/2025\/08\/rendez-vous-cest-nature-du-mercredi-03-septembre-des-refuges-pour-les-chauves-souris\/\",\"url\":\"https:\/\/vosgesinfo.fr\/remiremontinfo\/2025\/08\/rendez-vous-cest-nature-du-mercredi-03-septembre-des-refuges-pour-les-chauves-souris\/\",\"name\":\"Rendez-vous C'Est Nature du mercredi 03 septembre - des refuges pour les chauves-souris - Remiremont Info\",\"isPartOf\":{\"@id\":\"https:\/\/vosgesinfo.fr\/remiremontinfo\/#website\"},\"primaryImageOfPage\":{\"@id\":\"https:\/\/vosgesinfo.fr\/remiremontinfo\/2025\/08\/rendez-vous-cest-nature-du-mercredi-03-septembre-des-refuges-pour-les-chauves-souris\/#primaryimage\"},\"image\":{\"@id\":\"https:\/\/vosgesinfo.fr\/remiremontinfo\/2025\/08\/rendez-vous-cest-nature-du-mercredi-03-septembre-des-refuges-pour-les-chauves-souris\/#primaryimage\"},\"thumbnailUrl\":\"https:\/\/vosgesinfo.fr\/app\/uploads\/sites\/5\/2025\/08\/rdv-c-nature.jpg\",\"datePublished\":\"2025-08-29T16:35:54+00:00\",\"dateModified\":\"2025-08-29T16:35:54+00:00\",\"breadcrumb\":{\"@id\":\"https:\/\/vosgesinfo.fr\/remiremontinfo\/2025\/08\/rendez-vous-cest-nature-du-mercredi-03-septembre-des-refuges-pour-les-chauves-souris\/#breadcrumb\"},\"inLanguage\":\"fr-FR\",\"potentialAction\":[{\"@type\":\"ReadAction\",\"target\":[\"https:\/\/vosgesinfo.fr\/remiremontinfo\/2025\/08\/rendez-vous-cest-nature-du-mercredi-03-septembre-des-refuges-pour-les-chauves-souris\/\"]}]},{\"@type\":\"ImageObject\",\"inLanguage\":\"fr-FR\",\"@id\":\"https:\/\/vosgesinfo.fr\/remiremontinfo\/2025\/08\/rendez-vous-cest-nature-du-mercredi-03-septembre-des-refuges-pour-les-chauves-souris\/#primaryimage\",\"url\":\"https:\/\/vosgesinfo.fr\/app\/uploads\/sites\/5\/2025\/08\/rdv-c-nature.jpg\",\"contentUrl\":\"https:\/\/vosgesinfo.fr\/app\/uploads\/sites\/5\/2025\/08\/rdv-c-nature.jpg\",\"width\":1414,\"height\":2000},{\"@type\":\"BreadcrumbList\",\"@id\":\"https:\/\/vosgesinfo.fr\/remiremontinfo\/2025\/08\/rendez-vous-cest-nature-du-mercredi-03-septembre-des-refuges-pour-les-chauves-souris\/#breadcrumb\",\"itemListElement\":[{\"@type\":\"ListItem\",\"position\":1,\"name\":\"Home\",\"item\":\"https:\/\/vosgesinfo.fr\/remiremontinfo\/\"},{\"@type\":\"ListItem\",\"position\":2,\"name\":\"Rendez-vous C&rsquo;Est Nature du mercredi 03 septembre &#8211; des refuges pour les chauves-souris\"}]},{\"@type\":\"WebSite\",\"@id\":\"https:\/\/vosgesinfo.fr\/remiremontinfo\/#website\",\"url\":\"https:\/\/vosgesinfo.fr\/remiremontinfo\/\",\"name\":\"Remiremont Info\",\"description\":\"Toute l&#039;actualit\u00e9 de Remiremont\",\"publisher\":{\"@id\":\"https:\/\/vosgesinfo.fr\/remiremontinfo\/#organization\"},\"alternateName\":\"Toute l'actualit\u00e9 de Remiremont\",\"potentialAction\":[{\"@type\":\"SearchAction\",\"target\":{\"@type\":\"EntryPoint\",\"urlTemplate\":\"https:\/\/vosgesinfo.fr\/remiremontinfo\/?s={search_term_string}\"},\"query-input\":\"required name=search_term_string\"}],\"inLanguage\":\"fr-FR\"},{\"@type\":\"Organization\",\"@id\":\"https:\/\/vosgesinfo.fr\/remiremontinfo\/#organization\",\"name\":\"Remiremont Info\",\"url\":\"https:\/\/vosgesinfo.fr\/remiremontinfo\/\",\"logo\":{\"@type\":\"ImageObject\",\"inLanguage\":\"fr-FR\",\"@id\":\"https:\/\/vosgesinfo.fr\/remiremontinfo\/#\/schema\/logo\/image\/\",\"url\":\"https:\/\/vosgesinfo.fr\/app\/uploads\/sites\/5\/2023\/08\/favicon-remiremontinfo.png\",\"contentUrl\":\"https:\/\/vosgesinfo.fr\/app\/uploads\/sites\/5\/2023\/08\/favicon-remiremontinfo.png\",\"width\":512,\"height\":512,\"caption\":\"Remiremont Info\"},\"image\":{\"@id\":\"https:\/\/vosgesinfo.fr\/remiremontinfo\/#\/schema\/logo\/image\/\"},\"sameAs\":[\"https:\/\/www.facebook.com\/remiremontinfo\",\"https:\/\/x.com\/VosgesInfo88\",\"https:\/\/www.youtube.com\/@vosgesinfo\"]},{\"@type\":\"Person\",\"@id\":\"https:\/\/vosgesinfo.fr\/remiremontinfo\/#\/schema\/person\/27a3695b06db98895b354c0765cdfc31\",\"name\":\"La redaction\",\"image\":{\"@type\":\"ImageObject\",\"inLanguage\":\"fr-FR\",\"@id\":\"https:\/\/vosgesinfo.fr\/remiremontinfo\/#\/schema\/person\/image\/\",\"url\":\"https:\/\/secure.gravatar.com\/avatar\/64c76a78e501cedee55736f43f332df901e1896ae9cd8fad269ae2236dd0e8b6?s=96&d=mm&r=g\",\"contentUrl\":\"https:\/\/secure.gravatar.com\/avatar\/64c76a78e501cedee55736f43f332df901e1896ae9cd8fad269ae2236dd0e8b6?s=96&d=mm&r=g\",\"caption\":\"La redaction\"},\"url\":\"https:\/\/vosgesinfo.fr\/remiremontinfo\/author\/la-redaction\/\"}]}<\/script>\n<!-- \/ Yoast SEO plugin. -->","yoast_head_json":{"title":"Rendez-vous C'Est Nature du mercredi 03 septembre - des refuges pour les chauves-souris - Remiremont Info","robots":{"index":"index","follow":"follow","max-snippet":"max-snippet:-1","max-image-preview":"max-image-preview:large","max-video-preview":"max-video-preview:-1"},"canonical":"https:\/\/vosgesinfo.fr\/remiremontinfo\/2025\/08\/rendez-vous-cest-nature-du-mercredi-03-septembre-des-refuges-pour-les-chauves-souris\/","twitter_card":"summary_large_image","twitter_title":"Rendez-vous C'Est Nature du mercredi 03 septembre - des refuges pour les chauves-souris - Remiremont Info","twitter_description":"A l&rsquo;occasion de la 29\u00e8me \u00e9dition de la Nuit Internationale de la Chauve-Souris, le CEN Lorraine vous propose une pr\u00e9sentation [&hellip;]","twitter_image":"https:\/\/vosgesinfo.fr\/app\/uploads\/sites\/5\/2025\/08\/rdv-c-nature.jpg","twitter_creator":"@VosgesInfo88","twitter_site":"@VosgesInfo88","twitter_misc":{"\u00c9crit par":"La redaction","Dur\u00e9e de lecture estim\u00e9e":"1 minute"},"schema":{"@context":"https:\/\/schema.org","@graph":[{"@type":"Article","@id":"https:\/\/vosgesinfo.fr\/remiremontinfo\/2025\/08\/rendez-vous-cest-nature-du-mercredi-03-septembre-des-refuges-pour-les-chauves-souris\/#article","isPartOf":{"@id":"https:\/\/vosgesinfo.fr\/remiremontinfo\/2025\/08\/rendez-vous-cest-nature-du-mercredi-03-septembre-des-refuges-pour-les-chauves-souris\/"},"author":{"name":"La redaction","@id":"https:\/\/vosgesinfo.fr\/remiremontinfo\/#\/schema\/person\/27a3695b06db98895b354c0765cdfc31"},"headline":"Rendez-vous C&rsquo;Est Nature du mercredi 03 septembre &#8211; des refuges pour les chauves-souris","datePublished":"2025-08-29T16:35:54+00:00","dateModified":"2025-08-29T16:35:54+00:00","mainEntityOfPage":{"@id":"https:\/\/vosgesinfo.fr\/remiremontinfo\/2025\/08\/rendez-vous-cest-nature-du-mercredi-03-septembre-des-refuges-pour-les-chauves-souris\/"},"wordCount":153,"commentCount":0,"publisher":{"@id":"https:\/\/vosgesinfo.fr\/remiremontinfo\/#organization"},"image":{"@id":"https:\/\/vosgesinfo.fr\/remiremontinfo\/2025\/08\/rendez-vous-cest-nature-du-mercredi-03-septembre-des-refuges-pour-les-chauves-souris\/#primaryimage"},"thumbnailUrl":"https:\/\/vosgesinfo.fr\/app\/uploads\/sites\/5\/2025\/08\/rdv-c-nature.jpg","keywords":["CEN Lorraine"],"articleSection":["A la Une","Environnement","Epinal","G\u00e9rardmer","Remiremont"],"inLanguage":"fr-FR","potentialAction":[{"@type":"CommentAction","name":"Comment","target":["https:\/\/vosgesinfo.fr\/remiremontinfo\/2025\/08\/rendez-vous-cest-nature-du-mercredi-03-septembre-des-refuges-pour-les-chauves-souris\/#respond"]}]},{"@type":"WebPage","@id":"https:\/\/vosgesinfo.fr\/remiremontinfo\/2025\/08\/rendez-vous-cest-nature-du-mercredi-03-septembre-des-refuges-pour-les-chauves-souris\/","url":"https:\/\/vosgesinfo.fr\/remiremontinfo\/2025\/08\/rendez-vous-cest-nature-du-mercredi-03-septembre-des-refuges-pour-les-chauves-souris\/","name":"Rendez-vous C'Est Nature du mercredi 03 septembre - des refuges pour les chauves-souris - Remiremont Info","isPartOf":{"@id":"https:\/\/vosgesinfo.fr\/remiremontinfo\/#website"},"primaryImageOfPage":{"@id":"https:\/\/vosgesinfo.fr\/remiremontinfo\/2025\/08\/rendez-vous-cest-nature-du-mercredi-03-septembre-des-refuges-pour-les-chauves-souris\/#primaryimage"},"image":{"@id":"https:\/\/vosgesinfo.fr\/remiremontinfo\/2025\/08\/rendez-vous-cest-nature-du-mercredi-03-septembre-des-refuges-pour-les-chauves-souris\/#primaryimage"},"thumbnailUrl":"https:\/\/vosgesinfo.fr\/app\/uploads\/sites\/5\/2025\/08\/rdv-c-nature.jpg","datePublished":"2025-08-29T16:35:54+00:00","dateModified":"2025-08-29T16:35:54+00:00","breadcrumb":{"@id":"https:\/\/vosgesinfo.fr\/remiremontinfo\/2025\/08\/rendez-vous-cest-nature-du-mercredi-03-septembre-des-refuges-pour-les-chauves-souris\/#breadcrumb"},"inLanguage":"fr-FR","potentialAction":[{"@type":"ReadAction","target":["https:\/\/vosgesinfo.fr\/remiremontinfo\/2025\/08\/rendez-vous-cest-nature-du-mercredi-03-septembre-des-refuges-pour-les-chauves-souris\/"]}]},{"@type":"ImageObject","inLanguage":"fr-FR","@id":"https:\/\/vosgesinfo.fr\/remiremontinfo\/2025\/08\/rendez-vous-cest-nature-du-mercredi-03-septembre-des-refuges-pour-les-chauves-souris\/#primaryimage","url":"https:\/\/vosgesinfo.fr\/app\/uploads\/sites\/5\/2025\/08\/rdv-c-nature.jpg","contentUrl":"https:\/\/vosgesinfo.fr\/app\/uploads\/sites\/5\/2025\/08\/rdv-c-nature.jpg","width":1414,"height":2000},{"@type":"BreadcrumbList","@id":"https:\/\/vosgesinfo.fr\/remiremontinfo\/2025\/08\/rendez-vous-cest-nature-du-mercredi-03-septembre-des-refuges-pour-les-chauves-souris\/#breadcrumb","itemListElement":[{"@type":"ListItem","position":1,"name":"Home","item":"https:\/\/vosgesinfo.fr\/remiremontinfo\/"},{"@type":"ListItem","position":2,"name":"Rendez-vous C&rsquo;Est Nature du mercredi 03 septembre &#8211; des refuges pour les chauves-souris"}]},{"@type":"WebSite","@id":"https:\/\/vosgesinfo.fr\/remiremontinfo\/#website","url":"https:\/\/vosgesinfo.fr\/remiremontinfo\/","name":"Remiremont Info","description":"Toute l&#039;actualit\u00e9 de Remiremont","publisher":{"@id":"https:\/\/vosgesinfo.fr\/remiremontinfo\/#organization"},"alternateName":"Toute l'actualit\u00e9 de Remiremont","potentialAction":[{"@type":"SearchAction","target":{"@type":"EntryPoint","urlTemplate":"https:\/\/vosgesinfo.fr\/remiremontinfo\/?s={search_term_string}"},"query-input":"required name=search_term_string"}],"inLanguage":"fr-FR"},{"@type":"Organization","@id":"https:\/\/vosgesinfo.fr\/remiremontinfo\/#organization","name":"Remiremont Info","url":"https:\/\/vosgesinfo.fr\/remiremontinfo\/","logo":{"@type":"ImageObject","inLanguage":"fr-FR","@id":"https:\/\/vosgesinfo.fr\/remiremontinfo\/#\/schema\/logo\/image\/","url":"https:\/\/vosgesinfo.fr\/app\/uploads\/sites\/5\/2023\/08\/favicon-remiremontinfo.png","contentUrl":"https:\/\/vosgesinfo.fr\/app\/uploads\/sites\/5\/2023\/08\/favicon-remiremontinfo.png","width":512,"height":512,"caption":"Remiremont Info"},"image":{"@id":"https:\/\/vosgesinfo.fr\/remiremontinfo\/#\/schema\/logo\/image\/"},"sameAs":["https:\/\/www.facebook.com\/remiremontinfo","https:\/\/x.com\/VosgesInfo88","https:\/\/www.youtube.com\/@vosgesinfo"]},{"@type":"Person","@id":"https:\/\/vosgesinfo.fr\/remiremontinfo\/#\/schema\/person\/27a3695b06db98895b354c0765cdfc31","name":"La redaction","image":{"@type":"ImageObject","inLanguage":"fr-FR","@id":"https:\/\/vosgesinfo.fr\/remiremontinfo\/#\/schema\/person\/image\/","url":"https:\/\/secure.gravatar.com\/avatar\/64c76a78e501cedee55736f43f332df901e1896ae9cd8fad269ae2236dd0e8b6?s=96&d=mm&r=g","contentUrl":"https:\/\/secure.gravatar.com\/avatar\/64c76a78e501cedee55736f43f332df901e1896ae9cd8fad269ae2236dd0e8b6?s=96&d=mm&r=g","caption":"La redaction"},"url":"https:\/\/vosgesinfo.fr\/remiremontinfo\/author\/la-redaction\/"}]}},"_links":{"self":[{"href":"https:\/\/vosgesinfo.fr\/remiremontinfo\/wp-json\/wp\/v2\/posts\/84609","targetHints":{"allow":["GET"]}}],"collection":[{"href":"https:\/\/vosgesinfo.fr\/remiremontinfo\/wp-json\/wp\/v2\/posts"}],"about":[{"href":"https:\/\/vosgesinfo.fr\/remiremontinfo\/wp-json\/wp\/v2\/types\/post"}],"author":[{"embeddable":true,"href":"https:\/\/vosgesinfo.fr\/remiremontinfo\/wp-json\/wp\/v2\/users\/391"}],"replies":[{"embeddable":true,"href":"https:\/\/vosgesinfo.fr\/remiremontinfo\/wp-json\/wp\/v2\/comments?post=84609"}],"version-history":[{"count":0,"href":"https:\/\/vosgesinfo.fr\/remiremontinfo\/wp-json\/wp\/v2\/posts\/84609\/revisions"}],"wp:featuredmedia":[{"embeddable":true,"href":"https:\/\/vosgesinfo.fr\/remiremontinfo\/wp-json\/wp\/v2\/media\/84610"}],"wp:attachment":[{"href":"https:\/\/vosgesinfo.fr\/remiremontinfo\/wp-json\/wp\/v2\/media?parent=84609"}],"wp:term":[{"taxonomy":"category","embeddable":true,"href":"https:\/\/vosgesinfo.fr\/remiremontinfo\/wp-json\/wp\/v2\/categories?post=84609"},{"taxonomy":"post_tag","embeddable":true,"href":"https:\/\/vosgesinfo.fr\/remiremontinfo\/wp-json\/wp\/v2\/tags?post=84609"}],"curies":[{"name":"wp","href":"https:\/\/api.w.org\/{rel}","templated":true}]}}