{"id":84611,"date":"2025-08-29T19:22:53","date_gmt":"2025-08-29T17:22:53","guid":{"rendered":"https:\/\/vosgesinfo.fr\/remiremontinfo\/?p=84611"},"modified":"2025-08-29T18:31:14","modified_gmt":"2025-08-29T16:31:14","slug":"les-vosges-secretes-se-devoilent-lors-des-journees-europeennes-du-patrimoine","status":"publish","type":"post","link":"https:\/\/vosgesinfo.fr\/remiremontinfo\/2025\/08\/les-vosges-secretes-se-devoilent-lors-des-journees-europeennes-du-patrimoine\/","title":{"rendered":"Les Vosges Secr\u00e8tes se d\u00e9voilent lors des Journ\u00e9es Europ\u00e9ennes du Patrimoine"},"content":{"rendered":"<p><strong>Samedi 20 et dimanche 21 septembre 2025, les Journ\u00e9es Europ\u00e9ennes du Patrimoine sont de retour pour leur 42\u00e8me \u00e9dition, sur le th\u00e8me \u00ab patrimoine architectural \u00bb. Les Vosges Secr\u00e8tes vous r\u00e9servent un riche programme de visites et d\u2019animations \u00e0 d\u00e9couvrir d\u00e8s maintenant !<\/strong><\/p>\n<p><strong>VOTRE PROGRAMME DE VISITES ET D\u2019ANIMATIONS !<\/strong><br \/>\n<a href=\"https:\/\/vosgesinfo.fr\/app\/uploads\/sites\/5\/2025\/08\/journees-europennes-patrimoine-2025-brochure.png\"><img decoding=\"async\" class=\"alignright size-medium wp-image-84612\" src=\"https:\/\/vosgesinfo.fr\/app\/uploads\/sites\/5\/2025\/08\/journees-europennes-patrimoine-2025-brochure-223x300.png\" alt=\"\" width=\"223\" height=\"300\" srcset=\"https:\/\/vosgesinfo.fr\/app\/uploads\/sites\/5\/2025\/08\/journees-europennes-patrimoine-2025-brochure-223x300.png 223w, https:\/\/vosgesinfo.fr\/app\/uploads\/sites\/5\/2025\/08\/journees-europennes-patrimoine-2025-brochure-763x1024.png 763w, https:\/\/vosgesinfo.fr\/app\/uploads\/sites\/5\/2025\/08\/journees-europennes-patrimoine-2025-brochure-768x1031.png 768w, https:\/\/vosgesinfo.fr\/app\/uploads\/sites\/5\/2025\/08\/journees-europennes-patrimoine-2025-brochure.png 800w\" sizes=\"(max-width: 223px) 100vw, 223px\" \/><\/a>\u00c0 l\u2019occasion de la 42\u00e8me \u00e9dition des Journ\u00e9es Europ\u00e9ennes du Patrimoine, les Vosges Secr\u00e8tes s\u2019emparent du th\u00e8me national \u00ab Patrimoine architectural \u00bb pour c\u00e9l\u00e9brer l\u2019architecture sous toutes ses formes. Des tr\u00e9sors de Remiremont, marqu\u00e9s par l\u2019empreinte des puissantes Chanoinesses, aux mille balcons de Plombi\u00e8res-les-Bains, en<br \/>\npassant par l\u2019ouvrage militaire du Fort du Parmont, chaque pierre raconte un r\u00e9cit. Les autres communes de la destination ne sont pas en reste. Le Girmont-Val-d\u2019Ajol, Saint-Am\u00e9, Le Val-d\u2019Ajol, Dommartin-l\u00e8s-Remiremont et Saint-Nabord regorgent d\u2019autres d\u00e9couvertes !<br \/>\nCes Journ\u00e9es du Patrimoine sont une opportunit\u00e9 unique d\u2019explorer les lieux familiers autrement, d\u2019ouvrir des portes parfois ferm\u00e9es et de porter un regard neuf sur notre patrimoine architectural. Un patrimoine vivant, inspirant et profond\u00e9ment enracin\u00e9 dans l\u2019histoire et les paysages des Vosges Secr\u00e8tes.<\/p>\n<p>D\u00e9couvrez le programme des Journ\u00e9es Europ\u00e9ennes du Patrimoine 2025 dans les bureaux de l\u2019office de tourisme et sur le site Internet :<br \/>\n<a href=\"http:\/\/www.tourisme-remiremont-plombieres.com\/decouvrir\/histoire-etpatrimoine\/journees-europeennes-du-patrimoine\">http:\/\/www.tourisme-remiremont-plombieres.com\/decouvrir\/histoire-etpatrimoine\/journees-europeennes-du-patrimoine<\/a><\/p>\n<p>&nbsp;<\/p>\n<p>Zoom sur : LES VISITES GUID\u00c9ES DE L\u2019OFFICE DE TOURISME \u00c0 REMIREMONT<br \/>\nTout au long du weekend, les guides conf\u00e9renci\u00e8res de l\u2019office de tourisme vous proposent des visites guid\u00e9es gratuites de 45min pour d\u00e9couvrir les incontournables de la ville :<br \/>\nLe quartier canonial : samedi \u00e0 15h et dimanche \u00e0 17h<br \/>\nL\u2019\u00e9glise haute : samedi \u00e0 10h et dimanche \u00e0 15h<br \/>\nLes vitraux de l\u2019\u00e9glise : dimanche \u00e0 14h<br \/>\nLa crypte de l\u2019\u00e9glise : samedi \u00e0 11h et dimanche \u00e0 16h<br \/>\nLe palais abbatial : samedi \u00e0 14h et dimanche \u00e0 11h<br \/>\nLes belles demeures : dimanche \u00e0 10h<br \/>\nLe cimeti\u00e8re : samedi \u00e0 16h<br \/>\nR\u00e9servation obligatoire aupr\u00e8s de l\u2019office de tourisme au 03 29 62 23 70 (places limit\u00e9es).<\/p>\n","protected":false},"excerpt":{"rendered":"<p>Samedi 20 et dimanche 21 septembre 2025, les Journ\u00e9es Europ\u00e9ennes du Patrimoine sont de retour pour leur 42\u00e8me \u00e9dition, sur [&hellip;]<\/p>\n","protected":false},"author":391,"featured_media":84612,"comment_status":"open","ping_status":"open","sticky":false,"template":"","format":"standard","meta":{"footnotes":""},"categories":[26,4,43],"tags":[4707,3352],"class_list":["post-84611","post","type-post","status-publish","format-standard","has-post-thumbnail","hentry","category-a-la-une","category-culture","category-remiremont-remiremont-son-canton","tag-journees-europeennes-du-patrimoine","tag-vosges-secretes"],"acf":[],"yoast_head":"<!-- This site is optimized with the Yoast SEO plugin v22.5 - https:\/\/yoast.com\/wordpress\/plugins\/seo\/ -->\n<title>Les Vosges Secr\u00e8tes se d\u00e9voilent lors des Journ\u00e9es Europ\u00e9ennes du Patrimoine - Remiremont Info<\/title>\n<meta name=\"robots\" content=\"index, follow, max-snippet:-1, max-image-preview:large, max-video-preview:-1\" \/>\n<link rel=\"canonical\" href=\"https:\/\/vosgesinfo.fr\/remiremontinfo\/2025\/08\/les-vosges-secretes-se-devoilent-lors-des-journees-europeennes-du-patrimoine\/\" \/>\n<meta name=\"twitter:card\" content=\"summary_large_image\" \/>\n<meta name=\"twitter:title\" content=\"Les Vosges Secr\u00e8tes se d\u00e9voilent lors des Journ\u00e9es Europ\u00e9ennes du Patrimoine - Remiremont Info\" \/>\n<meta name=\"twitter:description\" content=\"Samedi 20 et dimanche 21 septembre 2025, les Journ\u00e9es Europ\u00e9ennes du Patrimoine sont de retour pour leur 42\u00e8me \u00e9dition, sur [&hellip;]\" \/>\n<meta name=\"twitter:image\" content=\"https:\/\/vosgesinfo.fr\/app\/uploads\/sites\/5\/2025\/08\/journees-europennes-patrimoine-2025-brochure.png\" \/>\n<meta name=\"twitter:creator\" content=\"@VosgesInfo88\" \/>\n<meta name=\"twitter:site\" content=\"@VosgesInfo88\" \/>\n<meta name=\"twitter:label1\" content=\"\u00c9crit par\" \/>\n\t<meta name=\"twitter:data1\" content=\"La redaction\" \/>\n\t<meta name=\"twitter:label2\" content=\"Dur\u00e9e de lecture estim\u00e9e\" \/>\n\t<meta name=\"twitter:data2\" content=\"2 minutes\" \/>\n<script type=\"application\/ld+json\" class=\"yoast-schema-graph\">{\"@context\":\"https:\/\/schema.org\",\"@graph\":[{\"@type\":\"Article\",\"@id\":\"https:\/\/vosgesinfo.fr\/remiremontinfo\/2025\/08\/les-vosges-secretes-se-devoilent-lors-des-journees-europeennes-du-patrimoine\/#article\",\"isPartOf\":{\"@id\":\"https:\/\/vosgesinfo.fr\/remiremontinfo\/2025\/08\/les-vosges-secretes-se-devoilent-lors-des-journees-europeennes-du-patrimoine\/\"},\"author\":{\"name\":\"La redaction\",\"@id\":\"https:\/\/vosgesinfo.fr\/remiremontinfo\/#\/schema\/person\/27a3695b06db98895b354c0765cdfc31\"},\"headline\":\"Les Vosges Secr\u00e8tes se d\u00e9voilent lors des Journ\u00e9es Europ\u00e9ennes du Patrimoine\",\"datePublished\":\"2025-08-29T17:22:53+00:00\",\"dateModified\":\"2025-08-29T16:31:14+00:00\",\"mainEntityOfPage\":{\"@id\":\"https:\/\/vosgesinfo.fr\/remiremontinfo\/2025\/08\/les-vosges-secretes-se-devoilent-lors-des-journees-europeennes-du-patrimoine\/\"},\"wordCount\":354,\"commentCount\":0,\"publisher\":{\"@id\":\"https:\/\/vosgesinfo.fr\/remiremontinfo\/#organization\"},\"image\":{\"@id\":\"https:\/\/vosgesinfo.fr\/remiremontinfo\/2025\/08\/les-vosges-secretes-se-devoilent-lors-des-journees-europeennes-du-patrimoine\/#primaryimage\"},\"thumbnailUrl\":\"https:\/\/vosgesinfo.fr\/app\/uploads\/sites\/5\/2025\/08\/journees-europennes-patrimoine-2025-brochure.png\",\"keywords\":[\"Journ\u00e9es europ\u00e9ennes du patrimoine\",\"vosges secr\u00e8tes\"],\"articleSection\":[\"A la Une\",\"Culture\",\"Remiremont\"],\"inLanguage\":\"fr-FR\",\"potentialAction\":[{\"@type\":\"CommentAction\",\"name\":\"Comment\",\"target\":[\"https:\/\/vosgesinfo.fr\/remiremontinfo\/2025\/08\/les-vosges-secretes-se-devoilent-lors-des-journees-europeennes-du-patrimoine\/#respond\"]}]},{\"@type\":\"WebPage\",\"@id\":\"https:\/\/vosgesinfo.fr\/remiremontinfo\/2025\/08\/les-vosges-secretes-se-devoilent-lors-des-journees-europeennes-du-patrimoine\/\",\"url\":\"https:\/\/vosgesinfo.fr\/remiremontinfo\/2025\/08\/les-vosges-secretes-se-devoilent-lors-des-journees-europeennes-du-patrimoine\/\",\"name\":\"Les Vosges Secr\u00e8tes se d\u00e9voilent lors des Journ\u00e9es Europ\u00e9ennes du Patrimoine - Remiremont Info\",\"isPartOf\":{\"@id\":\"https:\/\/vosgesinfo.fr\/remiremontinfo\/#website\"},\"primaryImageOfPage\":{\"@id\":\"https:\/\/vosgesinfo.fr\/remiremontinfo\/2025\/08\/les-vosges-secretes-se-devoilent-lors-des-journees-europeennes-du-patrimoine\/#primaryimage\"},\"image\":{\"@id\":\"https:\/\/vosgesinfo.fr\/remiremontinfo\/2025\/08\/les-vosges-secretes-se-devoilent-lors-des-journees-europeennes-du-patrimoine\/#primaryimage\"},\"thumbnailUrl\":\"https:\/\/vosgesinfo.fr\/app\/uploads\/sites\/5\/2025\/08\/journees-europennes-patrimoine-2025-brochure.png\",\"datePublished\":\"2025-08-29T17:22:53+00:00\",\"dateModified\":\"2025-08-29T16:31:14+00:00\",\"breadcrumb\":{\"@id\":\"https:\/\/vosgesinfo.fr\/remiremontinfo\/2025\/08\/les-vosges-secretes-se-devoilent-lors-des-journees-europeennes-du-patrimoine\/#breadcrumb\"},\"inLanguage\":\"fr-FR\",\"potentialAction\":[{\"@type\":\"ReadAction\",\"target\":[\"https:\/\/vosgesinfo.fr\/remiremontinfo\/2025\/08\/les-vosges-secretes-se-devoilent-lors-des-journees-europeennes-du-patrimoine\/\"]}]},{\"@type\":\"ImageObject\",\"inLanguage\":\"fr-FR\",\"@id\":\"https:\/\/vosgesinfo.fr\/remiremontinfo\/2025\/08\/les-vosges-secretes-se-devoilent-lors-des-journees-europeennes-du-patrimoine\/#primaryimage\",\"url\":\"https:\/\/vosgesinfo.fr\/app\/uploads\/sites\/5\/2025\/08\/journees-europennes-patrimoine-2025-brochure.png\",\"contentUrl\":\"https:\/\/vosgesinfo.fr\/app\/uploads\/sites\/5\/2025\/08\/journees-europennes-patrimoine-2025-brochure.png\",\"width\":800,\"height\":1074},{\"@type\":\"BreadcrumbList\",\"@id\":\"https:\/\/vosgesinfo.fr\/remiremontinfo\/2025\/08\/les-vosges-secretes-se-devoilent-lors-des-journees-europeennes-du-patrimoine\/#breadcrumb\",\"itemListElement\":[{\"@type\":\"ListItem\",\"position\":1,\"name\":\"Home\",\"item\":\"https:\/\/vosgesinfo.fr\/remiremontinfo\/\"},{\"@type\":\"ListItem\",\"position\":2,\"name\":\"Les Vosges Secr\u00e8tes se d\u00e9voilent lors des Journ\u00e9es Europ\u00e9ennes du Patrimoine\"}]},{\"@type\":\"WebSite\",\"@id\":\"https:\/\/vosgesinfo.fr\/remiremontinfo\/#website\",\"url\":\"https:\/\/vosgesinfo.fr\/remiremontinfo\/\",\"name\":\"Remiremont Info\",\"description\":\"Toute l&#039;actualit\u00e9 de Remiremont\",\"publisher\":{\"@id\":\"https:\/\/vosgesinfo.fr\/remiremontinfo\/#organization\"},\"alternateName\":\"Toute l'actualit\u00e9 de Remiremont\",\"potentialAction\":[{\"@type\":\"SearchAction\",\"target\":{\"@type\":\"EntryPoint\",\"urlTemplate\":\"https:\/\/vosgesinfo.fr\/remiremontinfo\/?s={search_term_string}\"},\"query-input\":\"required name=search_term_string\"}],\"inLanguage\":\"fr-FR\"},{\"@type\":\"Organization\",\"@id\":\"https:\/\/vosgesinfo.fr\/remiremontinfo\/#organization\",\"name\":\"Remiremont Info\",\"url\":\"https:\/\/vosgesinfo.fr\/remiremontinfo\/\",\"logo\":{\"@type\":\"ImageObject\",\"inLanguage\":\"fr-FR\",\"@id\":\"https:\/\/vosgesinfo.fr\/remiremontinfo\/#\/schema\/logo\/image\/\",\"url\":\"https:\/\/vosgesinfo.fr\/app\/uploads\/sites\/5\/2023\/08\/favicon-remiremontinfo.png\",\"contentUrl\":\"https:\/\/vosgesinfo.fr\/app\/uploads\/sites\/5\/2023\/08\/favicon-remiremontinfo.png\",\"width\":512,\"height\":512,\"caption\":\"Remiremont Info\"},\"image\":{\"@id\":\"https:\/\/vosgesinfo.fr\/remiremontinfo\/#\/schema\/logo\/image\/\"},\"sameAs\":[\"https:\/\/www.facebook.com\/remiremontinfo\",\"https:\/\/x.com\/VosgesInfo88\",\"https:\/\/www.youtube.com\/@vosgesinfo\"]},{\"@type\":\"Person\",\"@id\":\"https:\/\/vosgesinfo.fr\/remiremontinfo\/#\/schema\/person\/27a3695b06db98895b354c0765cdfc31\",\"name\":\"La redaction\",\"image\":{\"@type\":\"ImageObject\",\"inLanguage\":\"fr-FR\",\"@id\":\"https:\/\/vosgesinfo.fr\/remiremontinfo\/#\/schema\/person\/image\/\",\"url\":\"https:\/\/secure.gravatar.com\/avatar\/64c76a78e501cedee55736f43f332df901e1896ae9cd8fad269ae2236dd0e8b6?s=96&d=mm&r=g\",\"contentUrl\":\"https:\/\/secure.gravatar.com\/avatar\/64c76a78e501cedee55736f43f332df901e1896ae9cd8fad269ae2236dd0e8b6?s=96&d=mm&r=g\",\"caption\":\"La redaction\"},\"url\":\"https:\/\/vosgesinfo.fr\/remiremontinfo\/author\/la-redaction\/\"}]}<\/script>\n<!-- \/ Yoast SEO plugin. -->","yoast_head_json":{"title":"Les Vosges Secr\u00e8tes se d\u00e9voilent lors des Journ\u00e9es Europ\u00e9ennes du Patrimoine - Remiremont Info","robots":{"index":"index","follow":"follow","max-snippet":"max-snippet:-1","max-image-preview":"max-image-preview:large","max-video-preview":"max-video-preview:-1"},"canonical":"https:\/\/vosgesinfo.fr\/remiremontinfo\/2025\/08\/les-vosges-secretes-se-devoilent-lors-des-journees-europeennes-du-patrimoine\/","twitter_card":"summary_large_image","twitter_title":"Les Vosges Secr\u00e8tes se d\u00e9voilent lors des Journ\u00e9es Europ\u00e9ennes du Patrimoine - Remiremont Info","twitter_description":"Samedi 20 et dimanche 21 septembre 2025, les Journ\u00e9es Europ\u00e9ennes du Patrimoine sont de retour pour leur 42\u00e8me \u00e9dition, sur [&hellip;]","twitter_image":"https:\/\/vosgesinfo.fr\/app\/uploads\/sites\/5\/2025\/08\/journees-europennes-patrimoine-2025-brochure.png","twitter_creator":"@VosgesInfo88","twitter_site":"@VosgesInfo88","twitter_misc":{"\u00c9crit par":"La redaction","Dur\u00e9e de lecture estim\u00e9e":"2 minutes"},"schema":{"@context":"https:\/\/schema.org","@graph":[{"@type":"Article","@id":"https:\/\/vosgesinfo.fr\/remiremontinfo\/2025\/08\/les-vosges-secretes-se-devoilent-lors-des-journees-europeennes-du-patrimoine\/#article","isPartOf":{"@id":"https:\/\/vosgesinfo.fr\/remiremontinfo\/2025\/08\/les-vosges-secretes-se-devoilent-lors-des-journees-europeennes-du-patrimoine\/"},"author":{"name":"La redaction","@id":"https:\/\/vosgesinfo.fr\/remiremontinfo\/#\/schema\/person\/27a3695b06db98895b354c0765cdfc31"},"headline":"Les Vosges Secr\u00e8tes se d\u00e9voilent lors des Journ\u00e9es Europ\u00e9ennes du Patrimoine","datePublished":"2025-08-29T17:22:53+00:00","dateModified":"2025-08-29T16:31:14+00:00","mainEntityOfPage":{"@id":"https:\/\/vosgesinfo.fr\/remiremontinfo\/2025\/08\/les-vosges-secretes-se-devoilent-lors-des-journees-europeennes-du-patrimoine\/"},"wordCount":354,"commentCount":0,"publisher":{"@id":"https:\/\/vosgesinfo.fr\/remiremontinfo\/#organization"},"image":{"@id":"https:\/\/vosgesinfo.fr\/remiremontinfo\/2025\/08\/les-vosges-secretes-se-devoilent-lors-des-journees-europeennes-du-patrimoine\/#primaryimage"},"thumbnailUrl":"https:\/\/vosgesinfo.fr\/app\/uploads\/sites\/5\/2025\/08\/journees-europennes-patrimoine-2025-brochure.png","keywords":["Journ\u00e9es europ\u00e9ennes du patrimoine","vosges secr\u00e8tes"],"articleSection":["A la Une","Culture","Remiremont"],"inLanguage":"fr-FR","potentialAction":[{"@type":"CommentAction","name":"Comment","target":["https:\/\/vosgesinfo.fr\/remiremontinfo\/2025\/08\/les-vosges-secretes-se-devoilent-lors-des-journees-europeennes-du-patrimoine\/#respond"]}]},{"@type":"WebPage","@id":"https:\/\/vosgesinfo.fr\/remiremontinfo\/2025\/08\/les-vosges-secretes-se-devoilent-lors-des-journees-europeennes-du-patrimoine\/","url":"https:\/\/vosgesinfo.fr\/remiremontinfo\/2025\/08\/les-vosges-secretes-se-devoilent-lors-des-journees-europeennes-du-patrimoine\/","name":"Les Vosges Secr\u00e8tes se d\u00e9voilent lors des Journ\u00e9es Europ\u00e9ennes du Patrimoine - Remiremont Info","isPartOf":{"@id":"https:\/\/vosgesinfo.fr\/remiremontinfo\/#website"},"primaryImageOfPage":{"@id":"https:\/\/vosgesinfo.fr\/remiremontinfo\/2025\/08\/les-vosges-secretes-se-devoilent-lors-des-journees-europeennes-du-patrimoine\/#primaryimage"},"image":{"@id":"https:\/\/vosgesinfo.fr\/remiremontinfo\/2025\/08\/les-vosges-secretes-se-devoilent-lors-des-journees-europeennes-du-patrimoine\/#primaryimage"},"thumbnailUrl":"https:\/\/vosgesinfo.fr\/app\/uploads\/sites\/5\/2025\/08\/journees-europennes-patrimoine-2025-brochure.png","datePublished":"2025-08-29T17:22:53+00:00","dateModified":"2025-08-29T16:31:14+00:00","breadcrumb":{"@id":"https:\/\/vosgesinfo.fr\/remiremontinfo\/2025\/08\/les-vosges-secretes-se-devoilent-lors-des-journees-europeennes-du-patrimoine\/#breadcrumb"},"inLanguage":"fr-FR","potentialAction":[{"@type":"ReadAction","target":["https:\/\/vosgesinfo.fr\/remiremontinfo\/2025\/08\/les-vosges-secretes-se-devoilent-lors-des-journees-europeennes-du-patrimoine\/"]}]},{"@type":"ImageObject","inLanguage":"fr-FR","@id":"https:\/\/vosgesinfo.fr\/remiremontinfo\/2025\/08\/les-vosges-secretes-se-devoilent-lors-des-journees-europeennes-du-patrimoine\/#primaryimage","url":"https:\/\/vosgesinfo.fr\/app\/uploads\/sites\/5\/2025\/08\/journees-europennes-patrimoine-2025-brochure.png","contentUrl":"https:\/\/vosgesinfo.fr\/app\/uploads\/sites\/5\/2025\/08\/journees-europennes-patrimoine-2025-brochure.png","width":800,"height":1074},{"@type":"BreadcrumbList","@id":"https:\/\/vosgesinfo.fr\/remiremontinfo\/2025\/08\/les-vosges-secretes-se-devoilent-lors-des-journees-europeennes-du-patrimoine\/#breadcrumb","itemListElement":[{"@type":"ListItem","position":1,"name":"Home","item":"https:\/\/vosgesinfo.fr\/remiremontinfo\/"},{"@type":"ListItem","position":2,"name":"Les Vosges Secr\u00e8tes se d\u00e9voilent lors des Journ\u00e9es Europ\u00e9ennes du Patrimoine"}]},{"@type":"WebSite","@id":"https:\/\/vosgesinfo.fr\/remiremontinfo\/#website","url":"https:\/\/vosgesinfo.fr\/remiremontinfo\/","name":"Remiremont Info","description":"Toute l&#039;actualit\u00e9 de Remiremont","publisher":{"@id":"https:\/\/vosgesinfo.fr\/remiremontinfo\/#organization"},"alternateName":"Toute l'actualit\u00e9 de Remiremont","potentialAction":[{"@type":"SearchAction","target":{"@type":"EntryPoint","urlTemplate":"https:\/\/vosgesinfo.fr\/remiremontinfo\/?s={search_term_string}"},"query-input":"required name=search_term_string"}],"inLanguage":"fr-FR"},{"@type":"Organization","@id":"https:\/\/vosgesinfo.fr\/remiremontinfo\/#organization","name":"Remiremont Info","url":"https:\/\/vosgesinfo.fr\/remiremontinfo\/","logo":{"@type":"ImageObject","inLanguage":"fr-FR","@id":"https:\/\/vosgesinfo.fr\/remiremontinfo\/#\/schema\/logo\/image\/","url":"https:\/\/vosgesinfo.fr\/app\/uploads\/sites\/5\/2023\/08\/favicon-remiremontinfo.png","contentUrl":"https:\/\/vosgesinfo.fr\/app\/uploads\/sites\/5\/2023\/08\/favicon-remiremontinfo.png","width":512,"height":512,"caption":"Remiremont Info"},"image":{"@id":"https:\/\/vosgesinfo.fr\/remiremontinfo\/#\/schema\/logo\/image\/"},"sameAs":["https:\/\/www.facebook.com\/remiremontinfo","https:\/\/x.com\/VosgesInfo88","https:\/\/www.youtube.com\/@vosgesinfo"]},{"@type":"Person","@id":"https:\/\/vosgesinfo.fr\/remiremontinfo\/#\/schema\/person\/27a3695b06db98895b354c0765cdfc31","name":"La redaction","image":{"@type":"ImageObject","inLanguage":"fr-FR","@id":"https:\/\/vosgesinfo.fr\/remiremontinfo\/#\/schema\/person\/image\/","url":"https:\/\/secure.gravatar.com\/avatar\/64c76a78e501cedee55736f43f332df901e1896ae9cd8fad269ae2236dd0e8b6?s=96&d=mm&r=g","contentUrl":"https:\/\/secure.gravatar.com\/avatar\/64c76a78e501cedee55736f43f332df901e1896ae9cd8fad269ae2236dd0e8b6?s=96&d=mm&r=g","caption":"La redaction"},"url":"https:\/\/vosgesinfo.fr\/remiremontinfo\/author\/la-redaction\/"}]}},"_links":{"self":[{"href":"https:\/\/vosgesinfo.fr\/remiremontinfo\/wp-json\/wp\/v2\/posts\/84611","targetHints":{"allow":["GET"]}}],"collection":[{"href":"https:\/\/vosgesinfo.fr\/remiremontinfo\/wp-json\/wp\/v2\/posts"}],"about":[{"href":"https:\/\/vosgesinfo.fr\/remiremontinfo\/wp-json\/wp\/v2\/types\/post"}],"author":[{"embeddable":true,"href":"https:\/\/vosgesinfo.fr\/remiremontinfo\/wp-json\/wp\/v2\/users\/391"}],"replies":[{"embeddable":true,"href":"https:\/\/vosgesinfo.fr\/remiremontinfo\/wp-json\/wp\/v2\/comments?post=84611"}],"version-history":[{"count":3,"href":"https:\/\/vosgesinfo.fr\/remiremontinfo\/wp-json\/wp\/v2\/posts\/84611\/revisions"}],"predecessor-version":[{"id":84615,"href":"https:\/\/vosgesinfo.fr\/remiremontinfo\/wp-json\/wp\/v2\/posts\/84611\/revisions\/84615"}],"wp:featuredmedia":[{"embeddable":true,"href":"https:\/\/vosgesinfo.fr\/remiremontinfo\/wp-json\/wp\/v2\/media\/84612"}],"wp:attachment":[{"href":"https:\/\/vosgesinfo.fr\/remiremontinfo\/wp-json\/wp\/v2\/media?parent=84611"}],"wp:term":[{"taxonomy":"category","embeddable":true,"href":"https:\/\/vosgesinfo.fr\/remiremontinfo\/wp-json\/wp\/v2\/categories?post=84611"},{"taxonomy":"post_tag","embeddable":true,"href":"https:\/\/vosgesinfo.fr\/remiremontinfo\/wp-json\/wp\/v2\/tags?post=84611"}],"curies":[{"name":"wp","href":"https:\/\/api.w.org\/{rel}","templated":true}]}}