{"id":84618,"date":"2025-08-29T18:40:56","date_gmt":"2025-08-29T16:40:56","guid":{"rendered":"https:\/\/vosgesinfo.fr\/remiremontinfo\/?p=84618"},"modified":"2025-08-29T18:35:28","modified_gmt":"2025-08-29T16:35:28","slug":"inauguration-du-nouveau-cabinet-de-sante-a-la-bresse","status":"publish","type":"post","link":"https:\/\/vosgesinfo.fr\/remiremontinfo\/2025\/08\/inauguration-du-nouveau-cabinet-de-sante-a-la-bresse\/","title":{"rendered":"Inauguration du nouveau cabinet de sant\u00e9 \u00e0 La Bresse"},"content":{"rendered":"<div id=\"attachment_84619\" style=\"width: 2058px\" class=\"wp-caption aligncenter\"><a href=\"https:\/\/vosgesinfo.fr\/app\/uploads\/sites\/5\/2025\/08\/540893829-1172777241550377-8775180213172476374-n.jpg\"><img decoding=\"async\" aria-describedby=\"caption-attachment-84619\" class=\"size-full wp-image-84619\" src=\"https:\/\/vosgesinfo.fr\/app\/uploads\/sites\/5\/2025\/08\/540893829-1172777241550377-8775180213172476374-n.jpg\" alt=\"\" width=\"2048\" height=\"1536\" srcset=\"https:\/\/vosgesinfo.fr\/app\/uploads\/sites\/5\/2025\/08\/540893829-1172777241550377-8775180213172476374-n.jpg 2048w, https:\/\/vosgesinfo.fr\/app\/uploads\/sites\/5\/2025\/08\/540893829-1172777241550377-8775180213172476374-n-300x225.jpg 300w, https:\/\/vosgesinfo.fr\/app\/uploads\/sites\/5\/2025\/08\/540893829-1172777241550377-8775180213172476374-n-1024x768.jpg 1024w, https:\/\/vosgesinfo.fr\/app\/uploads\/sites\/5\/2025\/08\/540893829-1172777241550377-8775180213172476374-n-768x576.jpg 768w, https:\/\/vosgesinfo.fr\/app\/uploads\/sites\/5\/2025\/08\/540893829-1172777241550377-8775180213172476374-n-1536x1152.jpg 1536w\" sizes=\"(max-width: 2048px) 100vw, 2048px\" \/><\/a><p id=\"caption-attachment-84619\" class=\"wp-caption-text\">photo Mairie de La Bresse<\/p><\/div>\n<h2><strong>Hier soir, jeudi 28 ao\u00fbt, le nouveau cabinet de sant\u00e9 situ\u00e9 2 rue des Boudi\u00e8res a \u00e9t\u00e9 inaugur\u00e9 en pr\u00e9sence de Mme le Maire, accompagn\u00e9e de J\u00e9r\u00f4me Mathieu, premier adjoint, ainsi que des parlementaires Daniel Gremillet et Jean Hingray, s\u00e9nateurs, et Christophe Naegelen, d\u00e9put\u00e9.<\/strong><\/h2>\n<p>Cette ouverture marque une \u00e9tape importante dans la volont\u00e9 municipale de r\u00e9pondre \u00e0 la probl\u00e9matique de la d\u00e9sertification m\u00e9dicale. La structure, pens\u00e9e comme un lieu d\u2019accueil moderne et fonctionnel, est destin\u00e9e \u00e0 recevoir des m\u00e9decins g\u00e9n\u00e9ralistes, dont la recherche active demeure une priorit\u00e9 pour la commune.<\/p>\n<p>Parall\u00e8lement, la municipalit\u00e9 m\u00e8ne de front un projet d\u2019envergure : la r\u00e9habilitation d\u2019une partie de l\u2019ancien coll\u00e8ge voisin, c\u00e9d\u00e9 par le D\u00e9partement \u00e0 l\u2019euro symbolique. Les travaux, estim\u00e9s \u00e0 800 000 euros, permettront d\u2019am\u00e9nager quatre nouveaux bureaux destin\u00e9s aux m\u00e9decins. L\u2019objectif est clair : favoriser l\u2019installation durable de praticiens et renforcer l\u2019offre de soins.<\/p>\n<p>Cette d\u00e9marche s\u2019inscrit dans une strat\u00e9gie plus globale. La Bresse pr\u00e9pare \u00e9galement la r\u00e9novation d\u2019autres locaux pour accueillir un panel de professionnels de sant\u00e9. Infirmi\u00e8res, kin\u00e9sith\u00e9rapeutes et dentistes se sont d\u00e9j\u00e0 d\u00e9clar\u00e9s partants pour rejoindre cette future maison m\u00e9dicale \u00e9largie.<\/p>\n<p>L\u2019urgence est r\u00e9elle : la commune ne compte plus qu\u2019un seul m\u00e9decin de ville. Les \u00e9lus redoublent donc d\u2019efforts afin de cr\u00e9er les conditions favorables \u00e0 l\u2019arriv\u00e9e de nouveaux praticiens, garants d\u2019un acc\u00e8s aux soins de proximit\u00e9 pour l\u2019ensemble des habitants.<\/p>\n","protected":false},"excerpt":{"rendered":"<p>Hier soir, jeudi 28 ao\u00fbt, le nouveau cabinet de sant\u00e9 situ\u00e9 2 rue des Boudi\u00e8res a \u00e9t\u00e9 inaugur\u00e9 en pr\u00e9sence [&hellip;]<\/p>\n","protected":false},"author":52,"featured_media":84619,"comment_status":"open","ping_status":"open","sticky":false,"template":"","format":"standard","meta":{"footnotes":""},"categories":[26,25,43],"tags":[],"class_list":["post-84618","post","type-post","status-publish","format-standard","has-post-thumbnail","hentry","category-a-la-une","category-la-bresse-son-canton","category-remiremont-remiremont-son-canton"],"acf":[],"yoast_head":"<!-- This site is optimized with the Yoast SEO plugin v22.5 - https:\/\/yoast.com\/wordpress\/plugins\/seo\/ -->\n<title>Inauguration du nouveau cabinet de sant\u00e9 \u00e0 La Bresse - Remiremont Info<\/title>\n<meta name=\"robots\" content=\"index, follow, max-snippet:-1, max-image-preview:large, max-video-preview:-1\" \/>\n<link rel=\"canonical\" href=\"https:\/\/vosgesinfo.fr\/remiremontinfo\/2025\/08\/inauguration-du-nouveau-cabinet-de-sante-a-la-bresse\/\" \/>\n<meta name=\"twitter:card\" content=\"summary_large_image\" \/>\n<meta name=\"twitter:title\" content=\"Inauguration du nouveau cabinet de sant\u00e9 \u00e0 La Bresse - Remiremont Info\" \/>\n<meta name=\"twitter:description\" content=\"Hier soir, jeudi 28 ao\u00fbt, le nouveau cabinet de sant\u00e9 situ\u00e9 2 rue des Boudi\u00e8res a \u00e9t\u00e9 inaugur\u00e9 en pr\u00e9sence [&hellip;]\" \/>\n<meta name=\"twitter:image\" content=\"https:\/\/vosgesinfo.fr\/app\/uploads\/sites\/5\/2025\/08\/540893829-1172777241550377-8775180213172476374-n.jpg\" \/>\n<meta name=\"twitter:creator\" content=\"@VosgesInfo88\" \/>\n<meta name=\"twitter:site\" content=\"@VosgesInfo88\" \/>\n<meta name=\"twitter:label1\" content=\"\u00c9crit par\" \/>\n\t<meta name=\"twitter:data1\" content=\"C.K.\" \/>\n\t<meta name=\"twitter:label2\" content=\"Dur\u00e9e de lecture estim\u00e9e\" \/>\n\t<meta name=\"twitter:data2\" content=\"1 minute\" \/>\n<script type=\"application\/ld+json\" class=\"yoast-schema-graph\">{\"@context\":\"https:\/\/schema.org\",\"@graph\":[{\"@type\":\"Article\",\"@id\":\"https:\/\/vosgesinfo.fr\/remiremontinfo\/2025\/08\/inauguration-du-nouveau-cabinet-de-sante-a-la-bresse\/#article\",\"isPartOf\":{\"@id\":\"https:\/\/vosgesinfo.fr\/remiremontinfo\/2025\/08\/inauguration-du-nouveau-cabinet-de-sante-a-la-bresse\/\"},\"author\":{\"name\":\"C.K.\",\"@id\":\"https:\/\/vosgesinfo.fr\/remiremontinfo\/#\/schema\/person\/6f9a650eeea99d969b6c4ab78fccbe81\"},\"headline\":\"Inauguration du nouveau cabinet de sant\u00e9 \u00e0 La Bresse\",\"datePublished\":\"2025-08-29T16:40:56+00:00\",\"dateModified\":\"2025-08-29T16:35:28+00:00\",\"mainEntityOfPage\":{\"@id\":\"https:\/\/vosgesinfo.fr\/remiremontinfo\/2025\/08\/inauguration-du-nouveau-cabinet-de-sante-a-la-bresse\/\"},\"wordCount\":293,\"commentCount\":0,\"publisher\":{\"@id\":\"https:\/\/vosgesinfo.fr\/remiremontinfo\/#organization\"},\"image\":{\"@id\":\"https:\/\/vosgesinfo.fr\/remiremontinfo\/2025\/08\/inauguration-du-nouveau-cabinet-de-sante-a-la-bresse\/#primaryimage\"},\"thumbnailUrl\":\"https:\/\/vosgesinfo.fr\/app\/uploads\/sites\/5\/2025\/08\/540893829-1172777241550377-8775180213172476374-n.jpg\",\"articleSection\":[\"A la Une\",\"La Bresse &amp; son canton\",\"Remiremont\"],\"inLanguage\":\"fr-FR\",\"potentialAction\":[{\"@type\":\"CommentAction\",\"name\":\"Comment\",\"target\":[\"https:\/\/vosgesinfo.fr\/remiremontinfo\/2025\/08\/inauguration-du-nouveau-cabinet-de-sante-a-la-bresse\/#respond\"]}]},{\"@type\":\"WebPage\",\"@id\":\"https:\/\/vosgesinfo.fr\/remiremontinfo\/2025\/08\/inauguration-du-nouveau-cabinet-de-sante-a-la-bresse\/\",\"url\":\"https:\/\/vosgesinfo.fr\/remiremontinfo\/2025\/08\/inauguration-du-nouveau-cabinet-de-sante-a-la-bresse\/\",\"name\":\"Inauguration du nouveau cabinet de sant\u00e9 \u00e0 La Bresse - Remiremont Info\",\"isPartOf\":{\"@id\":\"https:\/\/vosgesinfo.fr\/remiremontinfo\/#website\"},\"primaryImageOfPage\":{\"@id\":\"https:\/\/vosgesinfo.fr\/remiremontinfo\/2025\/08\/inauguration-du-nouveau-cabinet-de-sante-a-la-bresse\/#primaryimage\"},\"image\":{\"@id\":\"https:\/\/vosgesinfo.fr\/remiremontinfo\/2025\/08\/inauguration-du-nouveau-cabinet-de-sante-a-la-bresse\/#primaryimage\"},\"thumbnailUrl\":\"https:\/\/vosgesinfo.fr\/app\/uploads\/sites\/5\/2025\/08\/540893829-1172777241550377-8775180213172476374-n.jpg\",\"datePublished\":\"2025-08-29T16:40:56+00:00\",\"dateModified\":\"2025-08-29T16:35:28+00:00\",\"breadcrumb\":{\"@id\":\"https:\/\/vosgesinfo.fr\/remiremontinfo\/2025\/08\/inauguration-du-nouveau-cabinet-de-sante-a-la-bresse\/#breadcrumb\"},\"inLanguage\":\"fr-FR\",\"potentialAction\":[{\"@type\":\"ReadAction\",\"target\":[\"https:\/\/vosgesinfo.fr\/remiremontinfo\/2025\/08\/inauguration-du-nouveau-cabinet-de-sante-a-la-bresse\/\"]}]},{\"@type\":\"ImageObject\",\"inLanguage\":\"fr-FR\",\"@id\":\"https:\/\/vosgesinfo.fr\/remiremontinfo\/2025\/08\/inauguration-du-nouveau-cabinet-de-sante-a-la-bresse\/#primaryimage\",\"url\":\"https:\/\/vosgesinfo.fr\/app\/uploads\/sites\/5\/2025\/08\/540893829-1172777241550377-8775180213172476374-n.jpg\",\"contentUrl\":\"https:\/\/vosgesinfo.fr\/app\/uploads\/sites\/5\/2025\/08\/540893829-1172777241550377-8775180213172476374-n.jpg\",\"width\":2048,\"height\":1536,\"caption\":\"photo Mairie de La Bresse\"},{\"@type\":\"BreadcrumbList\",\"@id\":\"https:\/\/vosgesinfo.fr\/remiremontinfo\/2025\/08\/inauguration-du-nouveau-cabinet-de-sante-a-la-bresse\/#breadcrumb\",\"itemListElement\":[{\"@type\":\"ListItem\",\"position\":1,\"name\":\"Home\",\"item\":\"https:\/\/vosgesinfo.fr\/remiremontinfo\/\"},{\"@type\":\"ListItem\",\"position\":2,\"name\":\"Inauguration du nouveau cabinet de sant\u00e9 \u00e0 La Bresse\"}]},{\"@type\":\"WebSite\",\"@id\":\"https:\/\/vosgesinfo.fr\/remiremontinfo\/#website\",\"url\":\"https:\/\/vosgesinfo.fr\/remiremontinfo\/\",\"name\":\"Remiremont Info\",\"description\":\"Toute l&#039;actualit\u00e9 de Remiremont\",\"publisher\":{\"@id\":\"https:\/\/vosgesinfo.fr\/remiremontinfo\/#organization\"},\"alternateName\":\"Toute l'actualit\u00e9 de Remiremont\",\"potentialAction\":[{\"@type\":\"SearchAction\",\"target\":{\"@type\":\"EntryPoint\",\"urlTemplate\":\"https:\/\/vosgesinfo.fr\/remiremontinfo\/?s={search_term_string}\"},\"query-input\":\"required name=search_term_string\"}],\"inLanguage\":\"fr-FR\"},{\"@type\":\"Organization\",\"@id\":\"https:\/\/vosgesinfo.fr\/remiremontinfo\/#organization\",\"name\":\"Remiremont Info\",\"url\":\"https:\/\/vosgesinfo.fr\/remiremontinfo\/\",\"logo\":{\"@type\":\"ImageObject\",\"inLanguage\":\"fr-FR\",\"@id\":\"https:\/\/vosgesinfo.fr\/remiremontinfo\/#\/schema\/logo\/image\/\",\"url\":\"https:\/\/vosgesinfo.fr\/app\/uploads\/sites\/5\/2023\/08\/favicon-remiremontinfo.png\",\"contentUrl\":\"https:\/\/vosgesinfo.fr\/app\/uploads\/sites\/5\/2023\/08\/favicon-remiremontinfo.png\",\"width\":512,\"height\":512,\"caption\":\"Remiremont Info\"},\"image\":{\"@id\":\"https:\/\/vosgesinfo.fr\/remiremontinfo\/#\/schema\/logo\/image\/\"},\"sameAs\":[\"https:\/\/www.facebook.com\/remiremontinfo\",\"https:\/\/x.com\/VosgesInfo88\",\"https:\/\/www.youtube.com\/@vosgesinfo\"]},{\"@type\":\"Person\",\"@id\":\"https:\/\/vosgesinfo.fr\/remiremontinfo\/#\/schema\/person\/6f9a650eeea99d969b6c4ab78fccbe81\",\"name\":\"C.K.\",\"image\":{\"@type\":\"ImageObject\",\"inLanguage\":\"fr-FR\",\"@id\":\"https:\/\/vosgesinfo.fr\/remiremontinfo\/#\/schema\/person\/image\/\",\"url\":\"https:\/\/secure.gravatar.com\/avatar\/48e3fc7f8421ba8942be6b74a2b7f014ca39bc00dece156b7a8e098ae7dc87bf?s=96&d=mm&r=g\",\"contentUrl\":\"https:\/\/secure.gravatar.com\/avatar\/48e3fc7f8421ba8942be6b74a2b7f014ca39bc00dece156b7a8e098ae7dc87bf?s=96&d=mm&r=g\",\"caption\":\"C.K.\"},\"url\":\"https:\/\/vosgesinfo.fr\/remiremontinfo\/author\/celia-k-n\/\"}]}<\/script>\n<!-- \/ Yoast SEO plugin. -->","yoast_head_json":{"title":"Inauguration du nouveau cabinet de sant\u00e9 \u00e0 La Bresse - Remiremont Info","robots":{"index":"index","follow":"follow","max-snippet":"max-snippet:-1","max-image-preview":"max-image-preview:large","max-video-preview":"max-video-preview:-1"},"canonical":"https:\/\/vosgesinfo.fr\/remiremontinfo\/2025\/08\/inauguration-du-nouveau-cabinet-de-sante-a-la-bresse\/","twitter_card":"summary_large_image","twitter_title":"Inauguration du nouveau cabinet de sant\u00e9 \u00e0 La Bresse - Remiremont Info","twitter_description":"Hier soir, jeudi 28 ao\u00fbt, le nouveau cabinet de sant\u00e9 situ\u00e9 2 rue des Boudi\u00e8res a \u00e9t\u00e9 inaugur\u00e9 en pr\u00e9sence [&hellip;]","twitter_image":"https:\/\/vosgesinfo.fr\/app\/uploads\/sites\/5\/2025\/08\/540893829-1172777241550377-8775180213172476374-n.jpg","twitter_creator":"@VosgesInfo88","twitter_site":"@VosgesInfo88","twitter_misc":{"\u00c9crit par":"C.K.","Dur\u00e9e de lecture estim\u00e9e":"1 minute"},"schema":{"@context":"https:\/\/schema.org","@graph":[{"@type":"Article","@id":"https:\/\/vosgesinfo.fr\/remiremontinfo\/2025\/08\/inauguration-du-nouveau-cabinet-de-sante-a-la-bresse\/#article","isPartOf":{"@id":"https:\/\/vosgesinfo.fr\/remiremontinfo\/2025\/08\/inauguration-du-nouveau-cabinet-de-sante-a-la-bresse\/"},"author":{"name":"C.K.","@id":"https:\/\/vosgesinfo.fr\/remiremontinfo\/#\/schema\/person\/6f9a650eeea99d969b6c4ab78fccbe81"},"headline":"Inauguration du nouveau cabinet de sant\u00e9 \u00e0 La Bresse","datePublished":"2025-08-29T16:40:56+00:00","dateModified":"2025-08-29T16:35:28+00:00","mainEntityOfPage":{"@id":"https:\/\/vosgesinfo.fr\/remiremontinfo\/2025\/08\/inauguration-du-nouveau-cabinet-de-sante-a-la-bresse\/"},"wordCount":293,"commentCount":0,"publisher":{"@id":"https:\/\/vosgesinfo.fr\/remiremontinfo\/#organization"},"image":{"@id":"https:\/\/vosgesinfo.fr\/remiremontinfo\/2025\/08\/inauguration-du-nouveau-cabinet-de-sante-a-la-bresse\/#primaryimage"},"thumbnailUrl":"https:\/\/vosgesinfo.fr\/app\/uploads\/sites\/5\/2025\/08\/540893829-1172777241550377-8775180213172476374-n.jpg","articleSection":["A la Une","La Bresse &amp; son canton","Remiremont"],"inLanguage":"fr-FR","potentialAction":[{"@type":"CommentAction","name":"Comment","target":["https:\/\/vosgesinfo.fr\/remiremontinfo\/2025\/08\/inauguration-du-nouveau-cabinet-de-sante-a-la-bresse\/#respond"]}]},{"@type":"WebPage","@id":"https:\/\/vosgesinfo.fr\/remiremontinfo\/2025\/08\/inauguration-du-nouveau-cabinet-de-sante-a-la-bresse\/","url":"https:\/\/vosgesinfo.fr\/remiremontinfo\/2025\/08\/inauguration-du-nouveau-cabinet-de-sante-a-la-bresse\/","name":"Inauguration du nouveau cabinet de sant\u00e9 \u00e0 La Bresse - Remiremont Info","isPartOf":{"@id":"https:\/\/vosgesinfo.fr\/remiremontinfo\/#website"},"primaryImageOfPage":{"@id":"https:\/\/vosgesinfo.fr\/remiremontinfo\/2025\/08\/inauguration-du-nouveau-cabinet-de-sante-a-la-bresse\/#primaryimage"},"image":{"@id":"https:\/\/vosgesinfo.fr\/remiremontinfo\/2025\/08\/inauguration-du-nouveau-cabinet-de-sante-a-la-bresse\/#primaryimage"},"thumbnailUrl":"https:\/\/vosgesinfo.fr\/app\/uploads\/sites\/5\/2025\/08\/540893829-1172777241550377-8775180213172476374-n.jpg","datePublished":"2025-08-29T16:40:56+00:00","dateModified":"2025-08-29T16:35:28+00:00","breadcrumb":{"@id":"https:\/\/vosgesinfo.fr\/remiremontinfo\/2025\/08\/inauguration-du-nouveau-cabinet-de-sante-a-la-bresse\/#breadcrumb"},"inLanguage":"fr-FR","potentialAction":[{"@type":"ReadAction","target":["https:\/\/vosgesinfo.fr\/remiremontinfo\/2025\/08\/inauguration-du-nouveau-cabinet-de-sante-a-la-bresse\/"]}]},{"@type":"ImageObject","inLanguage":"fr-FR","@id":"https:\/\/vosgesinfo.fr\/remiremontinfo\/2025\/08\/inauguration-du-nouveau-cabinet-de-sante-a-la-bresse\/#primaryimage","url":"https:\/\/vosgesinfo.fr\/app\/uploads\/sites\/5\/2025\/08\/540893829-1172777241550377-8775180213172476374-n.jpg","contentUrl":"https:\/\/vosgesinfo.fr\/app\/uploads\/sites\/5\/2025\/08\/540893829-1172777241550377-8775180213172476374-n.jpg","width":2048,"height":1536,"caption":"photo Mairie de La Bresse"},{"@type":"BreadcrumbList","@id":"https:\/\/vosgesinfo.fr\/remiremontinfo\/2025\/08\/inauguration-du-nouveau-cabinet-de-sante-a-la-bresse\/#breadcrumb","itemListElement":[{"@type":"ListItem","position":1,"name":"Home","item":"https:\/\/vosgesinfo.fr\/remiremontinfo\/"},{"@type":"ListItem","position":2,"name":"Inauguration du nouveau cabinet de sant\u00e9 \u00e0 La Bresse"}]},{"@type":"WebSite","@id":"https:\/\/vosgesinfo.fr\/remiremontinfo\/#website","url":"https:\/\/vosgesinfo.fr\/remiremontinfo\/","name":"Remiremont Info","description":"Toute l&#039;actualit\u00e9 de Remiremont","publisher":{"@id":"https:\/\/vosgesinfo.fr\/remiremontinfo\/#organization"},"alternateName":"Toute l'actualit\u00e9 de Remiremont","potentialAction":[{"@type":"SearchAction","target":{"@type":"EntryPoint","urlTemplate":"https:\/\/vosgesinfo.fr\/remiremontinfo\/?s={search_term_string}"},"query-input":"required name=search_term_string"}],"inLanguage":"fr-FR"},{"@type":"Organization","@id":"https:\/\/vosgesinfo.fr\/remiremontinfo\/#organization","name":"Remiremont Info","url":"https:\/\/vosgesinfo.fr\/remiremontinfo\/","logo":{"@type":"ImageObject","inLanguage":"fr-FR","@id":"https:\/\/vosgesinfo.fr\/remiremontinfo\/#\/schema\/logo\/image\/","url":"https:\/\/vosgesinfo.fr\/app\/uploads\/sites\/5\/2023\/08\/favicon-remiremontinfo.png","contentUrl":"https:\/\/vosgesinfo.fr\/app\/uploads\/sites\/5\/2023\/08\/favicon-remiremontinfo.png","width":512,"height":512,"caption":"Remiremont Info"},"image":{"@id":"https:\/\/vosgesinfo.fr\/remiremontinfo\/#\/schema\/logo\/image\/"},"sameAs":["https:\/\/www.facebook.com\/remiremontinfo","https:\/\/x.com\/VosgesInfo88","https:\/\/www.youtube.com\/@vosgesinfo"]},{"@type":"Person","@id":"https:\/\/vosgesinfo.fr\/remiremontinfo\/#\/schema\/person\/6f9a650eeea99d969b6c4ab78fccbe81","name":"C.K.","image":{"@type":"ImageObject","inLanguage":"fr-FR","@id":"https:\/\/vosgesinfo.fr\/remiremontinfo\/#\/schema\/person\/image\/","url":"https:\/\/secure.gravatar.com\/avatar\/48e3fc7f8421ba8942be6b74a2b7f014ca39bc00dece156b7a8e098ae7dc87bf?s=96&d=mm&r=g","contentUrl":"https:\/\/secure.gravatar.com\/avatar\/48e3fc7f8421ba8942be6b74a2b7f014ca39bc00dece156b7a8e098ae7dc87bf?s=96&d=mm&r=g","caption":"C.K."},"url":"https:\/\/vosgesinfo.fr\/remiremontinfo\/author\/celia-k-n\/"}]}},"_links":{"self":[{"href":"https:\/\/vosgesinfo.fr\/remiremontinfo\/wp-json\/wp\/v2\/posts\/84618","targetHints":{"allow":["GET"]}}],"collection":[{"href":"https:\/\/vosgesinfo.fr\/remiremontinfo\/wp-json\/wp\/v2\/posts"}],"about":[{"href":"https:\/\/vosgesinfo.fr\/remiremontinfo\/wp-json\/wp\/v2\/types\/post"}],"author":[{"embeddable":true,"href":"https:\/\/vosgesinfo.fr\/remiremontinfo\/wp-json\/wp\/v2\/users\/52"}],"replies":[{"embeddable":true,"href":"https:\/\/vosgesinfo.fr\/remiremontinfo\/wp-json\/wp\/v2\/comments?post=84618"}],"version-history":[{"count":1,"href":"https:\/\/vosgesinfo.fr\/remiremontinfo\/wp-json\/wp\/v2\/posts\/84618\/revisions"}],"predecessor-version":[{"id":84620,"href":"https:\/\/vosgesinfo.fr\/remiremontinfo\/wp-json\/wp\/v2\/posts\/84618\/revisions\/84620"}],"wp:featuredmedia":[{"embeddable":true,"href":"https:\/\/vosgesinfo.fr\/remiremontinfo\/wp-json\/wp\/v2\/media\/84619"}],"wp:attachment":[{"href":"https:\/\/vosgesinfo.fr\/remiremontinfo\/wp-json\/wp\/v2\/media?parent=84618"}],"wp:term":[{"taxonomy":"category","embeddable":true,"href":"https:\/\/vosgesinfo.fr\/remiremontinfo\/wp-json\/wp\/v2\/categories?post=84618"},{"taxonomy":"post_tag","embeddable":true,"href":"https:\/\/vosgesinfo.fr\/remiremontinfo\/wp-json\/wp\/v2\/tags?post=84618"}],"curies":[{"name":"wp","href":"https:\/\/api.w.org\/{rel}","templated":true}]}}