{"id":84621,"date":"2025-08-29T18:45:13","date_gmt":"2025-08-29T16:45:13","guid":{"rendered":"https:\/\/vosgesinfo.fr\/remiremontinfo\/?p=84621"},"modified":"2025-08-29T18:43:48","modified_gmt":"2025-08-29T16:43:48","slug":"travaux-de-refection-de-chaussee-rue-du-canton-a-remiremont","status":"publish","type":"post","link":"https:\/\/vosgesinfo.fr\/remiremontinfo\/2025\/08\/travaux-de-refection-de-chaussee-rue-du-canton-a-remiremont\/","title":{"rendered":"Travaux de r\u00e9fection de chauss\u00e9e \u2013 Rue du Canton \u00e0 Remiremont"},"content":{"rendered":"<div id=\"attachment_84622\" style=\"width: 1546px\" class=\"wp-caption aligncenter\"><a href=\"https:\/\/vosgesinfo.fr\/app\/uploads\/sites\/5\/2025\/08\/539855057-798762419381494-1747983543099480346-n.jpg\"><img decoding=\"async\" aria-describedby=\"caption-attachment-84622\" class=\"size-full wp-image-84622\" src=\"https:\/\/vosgesinfo.fr\/app\/uploads\/sites\/5\/2025\/08\/539855057-798762419381494-1747983543099480346-n.jpg\" alt=\"\" width=\"1536\" height=\"2048\" srcset=\"https:\/\/vosgesinfo.fr\/app\/uploads\/sites\/5\/2025\/08\/539855057-798762419381494-1747983543099480346-n.jpg 1536w, https:\/\/vosgesinfo.fr\/app\/uploads\/sites\/5\/2025\/08\/539855057-798762419381494-1747983543099480346-n-225x300.jpg 225w, https:\/\/vosgesinfo.fr\/app\/uploads\/sites\/5\/2025\/08\/539855057-798762419381494-1747983543099480346-n-768x1024.jpg 768w, https:\/\/vosgesinfo.fr\/app\/uploads\/sites\/5\/2025\/08\/539855057-798762419381494-1747983543099480346-n-1152x1536.jpg 1152w\" sizes=\"(max-width: 1536px) 100vw, 1536px\" \/><\/a><p id=\"caption-attachment-84622\" class=\"wp-caption-text\">photo Ville de Remiremont<\/p><\/div>\n<p data-start=\"130\" data-end=\"427\">La Ville de Remiremont informe les riverains et usagers que des <strong data-start=\"194\" data-end=\"230\">travaux de r\u00e9fection de chauss\u00e9e<\/strong> auront lieu dans la rue du Canton, sur le tron\u00e7on compris entre :<br data-start=\"296\" data-end=\"299\" \/>\u27a1\ufe0f l\u2019intersection avec la <strong data-start=\"325\" data-end=\"353\">rue du Sergent Fleurette<\/strong><br data-start=\"353\" data-end=\"356\" \/>\u27a1\ufe0f et l\u2019intersection avec la <strong data-start=\"385\" data-end=\"424\">rue de la Xav\u00e9e \/ Faubourg d\u2019\u00c9pinal<\/strong>.<\/p>\n<h3 data-start=\"429\" data-end=\"481\">\ud83d\udcc5 Calendrier pr\u00e9visionnel des interventions :<\/h3>\n<ul data-start=\"482\" data-end=\"1128\">\n<li data-start=\"482\" data-end=\"657\">\n<p data-start=\"484\" data-end=\"657\">\ud83d\udee0\ufe0f <strong data-start=\"488\" data-end=\"515\">Rabotage de la chauss\u00e9e<\/strong> : nuits du <strong data-start=\"527\" data-end=\"567\">mardi 2 et mercredi 3 septembre 2025<\/strong>, de 18h00 \u00e0 6h00<br data-start=\"584\" data-end=\"587\" \/>\ud83d\udc49 Acc\u00e8s aux habitations et garages interdit durant cette p\u00e9riode.<\/p>\n<\/li>\n<li data-start=\"659\" data-end=\"828\">\n<p data-start=\"661\" data-end=\"828\">\ud83d\udee0\ufe0f <strong data-start=\"665\" data-end=\"695\">Mise \u00e0 niveau des ouvrages<\/strong> (tampons d\u2019assainissement, bouches \u00e0 cl\u00e9s) : <strong data-start=\"741\" data-end=\"767\">jeudi 4 septembre 2025<\/strong><br data-start=\"767\" data-end=\"770\" \/>\ud83d\udc49 Acc\u00e8s aux habitations maintenu autant que possible.<\/p>\n<\/li>\n<li data-start=\"830\" data-end=\"1128\">\n<p data-start=\"832\" data-end=\"1128\">\ud83d\udee0\ufe0f <strong data-start=\"836\" data-end=\"870\">Pose de la couche de roulement<\/strong> : nuits du <strong data-start=\"882\" data-end=\"922\">jeudi 4 et vendredi 5 septembre 2025<\/strong>, de 18h00 \u00e0 6h00<br data-start=\"939\" data-end=\"942\" \/>\ud83d\udc49 Circulation totalement interdite.<br data-start=\"980\" data-end=\"983\" \/>\ud83d\udc49 Les riverains sont invit\u00e9s \u00e0 garer leurs v\u00e9hicules <strong data-start=\"1039\" data-end=\"1079\">\u00e0 l\u2019ext\u00e9rieur de la zone de chantier<\/strong> pour faciliter le bon d\u00e9roulement des travaux.<\/p>\n<\/li>\n<\/ul>\n<h3 data-start=\"1130\" data-end=\"1161\">\u2139\ufe0f Informations pratiques<\/h3>\n<ul data-start=\"1162\" data-end=\"1445\">\n<li data-start=\"1162\" data-end=\"1275\">\n<p data-start=\"1164\" data-end=\"1275\">\u267b\ufe0f La <strong data-start=\"1170\" data-end=\"1223\">collecte du tri s\u00e9lectif et des ordures m\u00e9nag\u00e8res<\/strong> sera maintenue durant toute la dur\u00e9e du chantier.<\/p>\n<\/li>\n<li data-start=\"1276\" data-end=\"1445\">\n<p data-start=\"1278\" data-end=\"1445\">\ud83d\ude4f La municipalit\u00e9 remercie les habitants pour leur compr\u00e9hension et leur coop\u00e9ration pendant cette p\u00e9riode de travaux, n\u00e9cessaires \u00e0 l\u2019am\u00e9lioration du cadre de vie.<\/p>\n<\/li>\n<\/ul>\n","protected":false},"excerpt":{"rendered":"<p>La Ville de Remiremont informe les riverains et usagers que des travaux de r\u00e9fection de chauss\u00e9e auront lieu dans la [&hellip;]<\/p>\n","protected":false},"author":52,"featured_media":84622,"comment_status":"open","ping_status":"open","sticky":false,"template":"","format":"standard","meta":{"footnotes":""},"categories":[26,43],"tags":[],"class_list":["post-84621","post","type-post","status-publish","format-standard","has-post-thumbnail","hentry","category-a-la-une","category-remiremont-remiremont-son-canton"],"acf":[],"yoast_head":"<!-- This site is optimized with the Yoast SEO plugin v22.5 - https:\/\/yoast.com\/wordpress\/plugins\/seo\/ -->\n<title>Travaux de r\u00e9fection de chauss\u00e9e \u2013 Rue du Canton \u00e0 Remiremont - Remiremont Info<\/title>\n<meta name=\"robots\" content=\"index, follow, max-snippet:-1, max-image-preview:large, max-video-preview:-1\" \/>\n<link rel=\"canonical\" href=\"https:\/\/vosgesinfo.fr\/remiremontinfo\/2025\/08\/travaux-de-refection-de-chaussee-rue-du-canton-a-remiremont\/\" \/>\n<meta name=\"twitter:card\" content=\"summary_large_image\" \/>\n<meta name=\"twitter:title\" content=\"Travaux de r\u00e9fection de chauss\u00e9e \u2013 Rue du Canton \u00e0 Remiremont - Remiremont Info\" \/>\n<meta name=\"twitter:description\" content=\"La Ville de Remiremont informe les riverains et usagers que des travaux de r\u00e9fection de chauss\u00e9e auront lieu dans la [&hellip;]\" \/>\n<meta name=\"twitter:image\" content=\"https:\/\/vosgesinfo.fr\/app\/uploads\/sites\/5\/2025\/08\/539855057-798762419381494-1747983543099480346-n.jpg\" \/>\n<meta name=\"twitter:creator\" content=\"@VosgesInfo88\" \/>\n<meta name=\"twitter:site\" content=\"@VosgesInfo88\" \/>\n<meta name=\"twitter:label1\" content=\"\u00c9crit par\" \/>\n\t<meta name=\"twitter:data1\" content=\"C.K.\" \/>\n\t<meta name=\"twitter:label2\" content=\"Dur\u00e9e de lecture estim\u00e9e\" \/>\n\t<meta name=\"twitter:data2\" content=\"1 minute\" \/>\n<script type=\"application\/ld+json\" class=\"yoast-schema-graph\">{\"@context\":\"https:\/\/schema.org\",\"@graph\":[{\"@type\":\"Article\",\"@id\":\"https:\/\/vosgesinfo.fr\/remiremontinfo\/2025\/08\/travaux-de-refection-de-chaussee-rue-du-canton-a-remiremont\/#article\",\"isPartOf\":{\"@id\":\"https:\/\/vosgesinfo.fr\/remiremontinfo\/2025\/08\/travaux-de-refection-de-chaussee-rue-du-canton-a-remiremont\/\"},\"author\":{\"name\":\"C.K.\",\"@id\":\"https:\/\/vosgesinfo.fr\/remiremontinfo\/#\/schema\/person\/6f9a650eeea99d969b6c4ab78fccbe81\"},\"headline\":\"Travaux de r\u00e9fection de chauss\u00e9e \u2013 Rue du Canton \u00e0 Remiremont\",\"datePublished\":\"2025-08-29T16:45:13+00:00\",\"dateModified\":\"2025-08-29T16:43:48+00:00\",\"mainEntityOfPage\":{\"@id\":\"https:\/\/vosgesinfo.fr\/remiremontinfo\/2025\/08\/travaux-de-refection-de-chaussee-rue-du-canton-a-remiremont\/\"},\"wordCount\":218,\"commentCount\":0,\"publisher\":{\"@id\":\"https:\/\/vosgesinfo.fr\/remiremontinfo\/#organization\"},\"image\":{\"@id\":\"https:\/\/vosgesinfo.fr\/remiremontinfo\/2025\/08\/travaux-de-refection-de-chaussee-rue-du-canton-a-remiremont\/#primaryimage\"},\"thumbnailUrl\":\"https:\/\/vosgesinfo.fr\/app\/uploads\/sites\/5\/2025\/08\/539855057-798762419381494-1747983543099480346-n.jpg\",\"articleSection\":[\"A la Une\",\"Remiremont\"],\"inLanguage\":\"fr-FR\",\"potentialAction\":[{\"@type\":\"CommentAction\",\"name\":\"Comment\",\"target\":[\"https:\/\/vosgesinfo.fr\/remiremontinfo\/2025\/08\/travaux-de-refection-de-chaussee-rue-du-canton-a-remiremont\/#respond\"]}]},{\"@type\":\"WebPage\",\"@id\":\"https:\/\/vosgesinfo.fr\/remiremontinfo\/2025\/08\/travaux-de-refection-de-chaussee-rue-du-canton-a-remiremont\/\",\"url\":\"https:\/\/vosgesinfo.fr\/remiremontinfo\/2025\/08\/travaux-de-refection-de-chaussee-rue-du-canton-a-remiremont\/\",\"name\":\"Travaux de r\u00e9fection de chauss\u00e9e \u2013 Rue du Canton \u00e0 Remiremont - Remiremont Info\",\"isPartOf\":{\"@id\":\"https:\/\/vosgesinfo.fr\/remiremontinfo\/#website\"},\"primaryImageOfPage\":{\"@id\":\"https:\/\/vosgesinfo.fr\/remiremontinfo\/2025\/08\/travaux-de-refection-de-chaussee-rue-du-canton-a-remiremont\/#primaryimage\"},\"image\":{\"@id\":\"https:\/\/vosgesinfo.fr\/remiremontinfo\/2025\/08\/travaux-de-refection-de-chaussee-rue-du-canton-a-remiremont\/#primaryimage\"},\"thumbnailUrl\":\"https:\/\/vosgesinfo.fr\/app\/uploads\/sites\/5\/2025\/08\/539855057-798762419381494-1747983543099480346-n.jpg\",\"datePublished\":\"2025-08-29T16:45:13+00:00\",\"dateModified\":\"2025-08-29T16:43:48+00:00\",\"breadcrumb\":{\"@id\":\"https:\/\/vosgesinfo.fr\/remiremontinfo\/2025\/08\/travaux-de-refection-de-chaussee-rue-du-canton-a-remiremont\/#breadcrumb\"},\"inLanguage\":\"fr-FR\",\"potentialAction\":[{\"@type\":\"ReadAction\",\"target\":[\"https:\/\/vosgesinfo.fr\/remiremontinfo\/2025\/08\/travaux-de-refection-de-chaussee-rue-du-canton-a-remiremont\/\"]}]},{\"@type\":\"ImageObject\",\"inLanguage\":\"fr-FR\",\"@id\":\"https:\/\/vosgesinfo.fr\/remiremontinfo\/2025\/08\/travaux-de-refection-de-chaussee-rue-du-canton-a-remiremont\/#primaryimage\",\"url\":\"https:\/\/vosgesinfo.fr\/app\/uploads\/sites\/5\/2025\/08\/539855057-798762419381494-1747983543099480346-n.jpg\",\"contentUrl\":\"https:\/\/vosgesinfo.fr\/app\/uploads\/sites\/5\/2025\/08\/539855057-798762419381494-1747983543099480346-n.jpg\",\"width\":1536,\"height\":2048,\"caption\":\"photo Ville de Remiremont\"},{\"@type\":\"BreadcrumbList\",\"@id\":\"https:\/\/vosgesinfo.fr\/remiremontinfo\/2025\/08\/travaux-de-refection-de-chaussee-rue-du-canton-a-remiremont\/#breadcrumb\",\"itemListElement\":[{\"@type\":\"ListItem\",\"position\":1,\"name\":\"Home\",\"item\":\"https:\/\/vosgesinfo.fr\/remiremontinfo\/\"},{\"@type\":\"ListItem\",\"position\":2,\"name\":\"Travaux de r\u00e9fection de chauss\u00e9e \u2013 Rue du Canton \u00e0 Remiremont\"}]},{\"@type\":\"WebSite\",\"@id\":\"https:\/\/vosgesinfo.fr\/remiremontinfo\/#website\",\"url\":\"https:\/\/vosgesinfo.fr\/remiremontinfo\/\",\"name\":\"Remiremont Info\",\"description\":\"Toute l&#039;actualit\u00e9 de Remiremont\",\"publisher\":{\"@id\":\"https:\/\/vosgesinfo.fr\/remiremontinfo\/#organization\"},\"alternateName\":\"Toute l'actualit\u00e9 de Remiremont\",\"potentialAction\":[{\"@type\":\"SearchAction\",\"target\":{\"@type\":\"EntryPoint\",\"urlTemplate\":\"https:\/\/vosgesinfo.fr\/remiremontinfo\/?s={search_term_string}\"},\"query-input\":\"required name=search_term_string\"}],\"inLanguage\":\"fr-FR\"},{\"@type\":\"Organization\",\"@id\":\"https:\/\/vosgesinfo.fr\/remiremontinfo\/#organization\",\"name\":\"Remiremont Info\",\"url\":\"https:\/\/vosgesinfo.fr\/remiremontinfo\/\",\"logo\":{\"@type\":\"ImageObject\",\"inLanguage\":\"fr-FR\",\"@id\":\"https:\/\/vosgesinfo.fr\/remiremontinfo\/#\/schema\/logo\/image\/\",\"url\":\"https:\/\/vosgesinfo.fr\/app\/uploads\/sites\/5\/2023\/08\/favicon-remiremontinfo.png\",\"contentUrl\":\"https:\/\/vosgesinfo.fr\/app\/uploads\/sites\/5\/2023\/08\/favicon-remiremontinfo.png\",\"width\":512,\"height\":512,\"caption\":\"Remiremont Info\"},\"image\":{\"@id\":\"https:\/\/vosgesinfo.fr\/remiremontinfo\/#\/schema\/logo\/image\/\"},\"sameAs\":[\"https:\/\/www.facebook.com\/remiremontinfo\",\"https:\/\/x.com\/VosgesInfo88\",\"https:\/\/www.youtube.com\/@vosgesinfo\"]},{\"@type\":\"Person\",\"@id\":\"https:\/\/vosgesinfo.fr\/remiremontinfo\/#\/schema\/person\/6f9a650eeea99d969b6c4ab78fccbe81\",\"name\":\"C.K.\",\"image\":{\"@type\":\"ImageObject\",\"inLanguage\":\"fr-FR\",\"@id\":\"https:\/\/vosgesinfo.fr\/remiremontinfo\/#\/schema\/person\/image\/\",\"url\":\"https:\/\/secure.gravatar.com\/avatar\/48e3fc7f8421ba8942be6b74a2b7f014ca39bc00dece156b7a8e098ae7dc87bf?s=96&d=mm&r=g\",\"contentUrl\":\"https:\/\/secure.gravatar.com\/avatar\/48e3fc7f8421ba8942be6b74a2b7f014ca39bc00dece156b7a8e098ae7dc87bf?s=96&d=mm&r=g\",\"caption\":\"C.K.\"},\"url\":\"https:\/\/vosgesinfo.fr\/remiremontinfo\/author\/celia-k-n\/\"}]}<\/script>\n<!-- \/ Yoast SEO plugin. -->","yoast_head_json":{"title":"Travaux de r\u00e9fection de chauss\u00e9e \u2013 Rue du Canton \u00e0 Remiremont - Remiremont Info","robots":{"index":"index","follow":"follow","max-snippet":"max-snippet:-1","max-image-preview":"max-image-preview:large","max-video-preview":"max-video-preview:-1"},"canonical":"https:\/\/vosgesinfo.fr\/remiremontinfo\/2025\/08\/travaux-de-refection-de-chaussee-rue-du-canton-a-remiremont\/","twitter_card":"summary_large_image","twitter_title":"Travaux de r\u00e9fection de chauss\u00e9e \u2013 Rue du Canton \u00e0 Remiremont - Remiremont Info","twitter_description":"La Ville de Remiremont informe les riverains et usagers que des travaux de r\u00e9fection de chauss\u00e9e auront lieu dans la [&hellip;]","twitter_image":"https:\/\/vosgesinfo.fr\/app\/uploads\/sites\/5\/2025\/08\/539855057-798762419381494-1747983543099480346-n.jpg","twitter_creator":"@VosgesInfo88","twitter_site":"@VosgesInfo88","twitter_misc":{"\u00c9crit par":"C.K.","Dur\u00e9e de lecture estim\u00e9e":"1 minute"},"schema":{"@context":"https:\/\/schema.org","@graph":[{"@type":"Article","@id":"https:\/\/vosgesinfo.fr\/remiremontinfo\/2025\/08\/travaux-de-refection-de-chaussee-rue-du-canton-a-remiremont\/#article","isPartOf":{"@id":"https:\/\/vosgesinfo.fr\/remiremontinfo\/2025\/08\/travaux-de-refection-de-chaussee-rue-du-canton-a-remiremont\/"},"author":{"name":"C.K.","@id":"https:\/\/vosgesinfo.fr\/remiremontinfo\/#\/schema\/person\/6f9a650eeea99d969b6c4ab78fccbe81"},"headline":"Travaux de r\u00e9fection de chauss\u00e9e \u2013 Rue du Canton \u00e0 Remiremont","datePublished":"2025-08-29T16:45:13+00:00","dateModified":"2025-08-29T16:43:48+00:00","mainEntityOfPage":{"@id":"https:\/\/vosgesinfo.fr\/remiremontinfo\/2025\/08\/travaux-de-refection-de-chaussee-rue-du-canton-a-remiremont\/"},"wordCount":218,"commentCount":0,"publisher":{"@id":"https:\/\/vosgesinfo.fr\/remiremontinfo\/#organization"},"image":{"@id":"https:\/\/vosgesinfo.fr\/remiremontinfo\/2025\/08\/travaux-de-refection-de-chaussee-rue-du-canton-a-remiremont\/#primaryimage"},"thumbnailUrl":"https:\/\/vosgesinfo.fr\/app\/uploads\/sites\/5\/2025\/08\/539855057-798762419381494-1747983543099480346-n.jpg","articleSection":["A la Une","Remiremont"],"inLanguage":"fr-FR","potentialAction":[{"@type":"CommentAction","name":"Comment","target":["https:\/\/vosgesinfo.fr\/remiremontinfo\/2025\/08\/travaux-de-refection-de-chaussee-rue-du-canton-a-remiremont\/#respond"]}]},{"@type":"WebPage","@id":"https:\/\/vosgesinfo.fr\/remiremontinfo\/2025\/08\/travaux-de-refection-de-chaussee-rue-du-canton-a-remiremont\/","url":"https:\/\/vosgesinfo.fr\/remiremontinfo\/2025\/08\/travaux-de-refection-de-chaussee-rue-du-canton-a-remiremont\/","name":"Travaux de r\u00e9fection de chauss\u00e9e \u2013 Rue du Canton \u00e0 Remiremont - Remiremont Info","isPartOf":{"@id":"https:\/\/vosgesinfo.fr\/remiremontinfo\/#website"},"primaryImageOfPage":{"@id":"https:\/\/vosgesinfo.fr\/remiremontinfo\/2025\/08\/travaux-de-refection-de-chaussee-rue-du-canton-a-remiremont\/#primaryimage"},"image":{"@id":"https:\/\/vosgesinfo.fr\/remiremontinfo\/2025\/08\/travaux-de-refection-de-chaussee-rue-du-canton-a-remiremont\/#primaryimage"},"thumbnailUrl":"https:\/\/vosgesinfo.fr\/app\/uploads\/sites\/5\/2025\/08\/539855057-798762419381494-1747983543099480346-n.jpg","datePublished":"2025-08-29T16:45:13+00:00","dateModified":"2025-08-29T16:43:48+00:00","breadcrumb":{"@id":"https:\/\/vosgesinfo.fr\/remiremontinfo\/2025\/08\/travaux-de-refection-de-chaussee-rue-du-canton-a-remiremont\/#breadcrumb"},"inLanguage":"fr-FR","potentialAction":[{"@type":"ReadAction","target":["https:\/\/vosgesinfo.fr\/remiremontinfo\/2025\/08\/travaux-de-refection-de-chaussee-rue-du-canton-a-remiremont\/"]}]},{"@type":"ImageObject","inLanguage":"fr-FR","@id":"https:\/\/vosgesinfo.fr\/remiremontinfo\/2025\/08\/travaux-de-refection-de-chaussee-rue-du-canton-a-remiremont\/#primaryimage","url":"https:\/\/vosgesinfo.fr\/app\/uploads\/sites\/5\/2025\/08\/539855057-798762419381494-1747983543099480346-n.jpg","contentUrl":"https:\/\/vosgesinfo.fr\/app\/uploads\/sites\/5\/2025\/08\/539855057-798762419381494-1747983543099480346-n.jpg","width":1536,"height":2048,"caption":"photo Ville de Remiremont"},{"@type":"BreadcrumbList","@id":"https:\/\/vosgesinfo.fr\/remiremontinfo\/2025\/08\/travaux-de-refection-de-chaussee-rue-du-canton-a-remiremont\/#breadcrumb","itemListElement":[{"@type":"ListItem","position":1,"name":"Home","item":"https:\/\/vosgesinfo.fr\/remiremontinfo\/"},{"@type":"ListItem","position":2,"name":"Travaux de r\u00e9fection de chauss\u00e9e \u2013 Rue du Canton \u00e0 Remiremont"}]},{"@type":"WebSite","@id":"https:\/\/vosgesinfo.fr\/remiremontinfo\/#website","url":"https:\/\/vosgesinfo.fr\/remiremontinfo\/","name":"Remiremont Info","description":"Toute l&#039;actualit\u00e9 de Remiremont","publisher":{"@id":"https:\/\/vosgesinfo.fr\/remiremontinfo\/#organization"},"alternateName":"Toute l'actualit\u00e9 de Remiremont","potentialAction":[{"@type":"SearchAction","target":{"@type":"EntryPoint","urlTemplate":"https:\/\/vosgesinfo.fr\/remiremontinfo\/?s={search_term_string}"},"query-input":"required name=search_term_string"}],"inLanguage":"fr-FR"},{"@type":"Organization","@id":"https:\/\/vosgesinfo.fr\/remiremontinfo\/#organization","name":"Remiremont Info","url":"https:\/\/vosgesinfo.fr\/remiremontinfo\/","logo":{"@type":"ImageObject","inLanguage":"fr-FR","@id":"https:\/\/vosgesinfo.fr\/remiremontinfo\/#\/schema\/logo\/image\/","url":"https:\/\/vosgesinfo.fr\/app\/uploads\/sites\/5\/2023\/08\/favicon-remiremontinfo.png","contentUrl":"https:\/\/vosgesinfo.fr\/app\/uploads\/sites\/5\/2023\/08\/favicon-remiremontinfo.png","width":512,"height":512,"caption":"Remiremont Info"},"image":{"@id":"https:\/\/vosgesinfo.fr\/remiremontinfo\/#\/schema\/logo\/image\/"},"sameAs":["https:\/\/www.facebook.com\/remiremontinfo","https:\/\/x.com\/VosgesInfo88","https:\/\/www.youtube.com\/@vosgesinfo"]},{"@type":"Person","@id":"https:\/\/vosgesinfo.fr\/remiremontinfo\/#\/schema\/person\/6f9a650eeea99d969b6c4ab78fccbe81","name":"C.K.","image":{"@type":"ImageObject","inLanguage":"fr-FR","@id":"https:\/\/vosgesinfo.fr\/remiremontinfo\/#\/schema\/person\/image\/","url":"https:\/\/secure.gravatar.com\/avatar\/48e3fc7f8421ba8942be6b74a2b7f014ca39bc00dece156b7a8e098ae7dc87bf?s=96&d=mm&r=g","contentUrl":"https:\/\/secure.gravatar.com\/avatar\/48e3fc7f8421ba8942be6b74a2b7f014ca39bc00dece156b7a8e098ae7dc87bf?s=96&d=mm&r=g","caption":"C.K."},"url":"https:\/\/vosgesinfo.fr\/remiremontinfo\/author\/celia-k-n\/"}]}},"_links":{"self":[{"href":"https:\/\/vosgesinfo.fr\/remiremontinfo\/wp-json\/wp\/v2\/posts\/84621","targetHints":{"allow":["GET"]}}],"collection":[{"href":"https:\/\/vosgesinfo.fr\/remiremontinfo\/wp-json\/wp\/v2\/posts"}],"about":[{"href":"https:\/\/vosgesinfo.fr\/remiremontinfo\/wp-json\/wp\/v2\/types\/post"}],"author":[{"embeddable":true,"href":"https:\/\/vosgesinfo.fr\/remiremontinfo\/wp-json\/wp\/v2\/users\/52"}],"replies":[{"embeddable":true,"href":"https:\/\/vosgesinfo.fr\/remiremontinfo\/wp-json\/wp\/v2\/comments?post=84621"}],"version-history":[{"count":1,"href":"https:\/\/vosgesinfo.fr\/remiremontinfo\/wp-json\/wp\/v2\/posts\/84621\/revisions"}],"predecessor-version":[{"id":84623,"href":"https:\/\/vosgesinfo.fr\/remiremontinfo\/wp-json\/wp\/v2\/posts\/84621\/revisions\/84623"}],"wp:featuredmedia":[{"embeddable":true,"href":"https:\/\/vosgesinfo.fr\/remiremontinfo\/wp-json\/wp\/v2\/media\/84622"}],"wp:attachment":[{"href":"https:\/\/vosgesinfo.fr\/remiremontinfo\/wp-json\/wp\/v2\/media?parent=84621"}],"wp:term":[{"taxonomy":"category","embeddable":true,"href":"https:\/\/vosgesinfo.fr\/remiremontinfo\/wp-json\/wp\/v2\/categories?post=84621"},{"taxonomy":"post_tag","embeddable":true,"href":"https:\/\/vosgesinfo.fr\/remiremontinfo\/wp-json\/wp\/v2\/tags?post=84621"}],"curies":[{"name":"wp","href":"https:\/\/api.w.org\/{rel}","templated":true}]}}