{"id":84626,"date":"2025-08-30T10:45:02","date_gmt":"2025-08-30T08:45:02","guid":{"rendered":"https:\/\/vosgesinfo.fr\/remiremontinfo\/?p=84626"},"modified":"2025-08-30T10:45:02","modified_gmt":"2025-08-30T08:45:02","slug":"marche-nocturne-de-pouxeux-une-belle-reussite-malgre-la-meteo","status":"publish","type":"post","link":"https:\/\/vosgesinfo.fr\/remiremontinfo\/2025\/08\/marche-nocturne-de-pouxeux-une-belle-reussite-malgre-la-meteo\/","title":{"rendered":"March\u00e9 nocturne de Pouxeux : une belle r\u00e9ussite malgr\u00e9 la m\u00e9t\u00e9o"},"content":{"rendered":"<h2 data-start=\"166\" data-end=\"482\"><strong><a href=\"https:\/\/vosgesinfo.fr\/app\/uploads\/sites\/3\/2025\/08\/marche-nocturne-pouxeux3.jpg\"><img decoding=\"async\" class=\"aligncenter size-full wp-image-134761\" src=\"https:\/\/vosgesinfo.fr\/app\/uploads\/sites\/3\/2025\/08\/marche-nocturne-pouxeux3.jpg\" alt=\"\" width=\"800\" height=\"600\" \/><\/a>Ce vendredi soir, Pouxeux a vibr\u00e9 au rythme de son march\u00e9 nocturne, qui a su attirer de nombreux visiteurs malgr\u00e9 un temps capricieux. Les all\u00e9es anim\u00e9es ont offert un moment convivial, o\u00f9 habitants et curieux ont pu profiter des stands, des produits locaux et de l\u2019ambiance chaleureuse propre \u00e0 ce rendez-vous estival.<\/strong><\/h2>\n<p data-start=\"484\" data-end=\"842\">Parmi les personnalit\u00e9s pr\u00e9sentes, on notait la venue de <strong data-start=\"541\" data-end=\"583\">Christophe Naegelen, d\u00e9put\u00e9 des Vosges<\/strong>, ainsi que celle de <strong data-start=\"604\" data-end=\"644\">Dominique Pagelot, maire de Jarm\u00e9nil<\/strong>, et de <strong data-start=\"652\" data-end=\"691\">Jean-Louis Thomas, maire de Pouxeux<\/strong>, venus saluer commer\u00e7ants et visiteurs. Leur pr\u00e9sence a marqu\u00e9 l\u2019importance de ce march\u00e9 dans la vie locale et son r\u00f4le de dynamiseur du territoire.<\/p>\n<p data-start=\"844\" data-end=\"1022\">La soir\u00e9e a \u00e9t\u00e9 ponctu\u00e9e d\u2019animations festives, notamment avec la <strong data-start=\"910\" data-end=\"921\">Fandare<\/strong>, qui a d\u00e9fil\u00e9 dans les rues et apport\u00e9 une touche musicale et color\u00e9e, au grand plaisir du public.<\/p>\n<p data-start=\"1024\" data-end=\"1261\">Malgr\u00e9 les caprices du ciel, l\u2019\u00e9v\u00e9nement a une nouvelle fois prouv\u00e9 sa capacit\u00e9 \u00e0 rassembler et \u00e0 cr\u00e9er du lien. Le march\u00e9 nocturne de Pouxeux s\u2019affirme ainsi comme un moment incontournable de convivialit\u00e9 et de partage dans la vall\u00e9e.<\/p>\n\n\t\t<style type=\"text\/css\">\n\t\t\t#gallery-1 {\n\t\t\t\tmargin: auto;\n\t\t\t}\n\t\t\t#gallery-1 .gallery-item {\n\t\t\t\tfloat: left;\n\t\t\t\tmargin-top: 10px;\n\t\t\t\ttext-align: center;\n\t\t\t\twidth: 33%;\n\t\t\t}\n\t\t\t#gallery-1 img {\n\t\t\t\tborder: 2px solid #cfcfcf;\n\t\t\t}\n\t\t\t#gallery-1 .gallery-caption {\n\t\t\t\tmargin-left: 0;\n\t\t\t}\n\t\t\t\/* see gallery_shortcode() in wp-includes\/media.php *\/\n\t\t<\/style>\n\t\t<div id='gallery-1' class='gallery galleryid-84626 gallery-columns-3 gallery-size-thumbnail'><dl class='gallery-item'>\n\t\t\t<dt class='gallery-icon landscape'>\n\t\t\t\t<a href='https:\/\/vosgesinfo.fr\/app\/uploads\/sites\/5\/2025\/08\/marche-nocturne-pouxeux.jpg'><img decoding=\"async\" width=\"150\" height=\"150\" src=\"https:\/\/vosgesinfo.fr\/app\/uploads\/sites\/5\/2025\/08\/marche-nocturne-pouxeux-150x150.jpg\" class=\"attachment-thumbnail size-thumbnail\" alt=\"\" \/><\/a>\n\t\t\t<\/dt><\/dl><dl class='gallery-item'>\n\t\t\t<dt class='gallery-icon landscape'>\n\t\t\t\t<a href='https:\/\/vosgesinfo.fr\/app\/uploads\/sites\/5\/2025\/08\/marche-nocturne-pouxeux2.jpg'><img decoding=\"async\" width=\"150\" height=\"150\" src=\"https:\/\/vosgesinfo.fr\/app\/uploads\/sites\/5\/2025\/08\/marche-nocturne-pouxeux2-150x150.jpg\" class=\"attachment-thumbnail size-thumbnail\" alt=\"\" \/><\/a>\n\t\t\t<\/dt><\/dl>\n\t\t\t<br style='clear: both' \/>\n\t\t<\/div>\n\n","protected":false},"excerpt":{"rendered":"<p>Ce vendredi soir, Pouxeux a vibr\u00e9 au rythme de son march\u00e9 nocturne, qui a su attirer de nombreux visiteurs malgr\u00e9 [&hellip;]<\/p>\n","protected":false},"author":52,"featured_media":84627,"comment_status":"open","ping_status":"open","sticky":false,"template":"","format":"standard","meta":{"footnotes":""},"categories":[26,406,108,43],"tags":[],"class_list":["post-84626","post","type-post","status-publish","format-standard","has-post-thumbnail","hentry","category-a-la-une","category-divertissement","category-epinal","category-remiremont-remiremont-son-canton"],"acf":[],"yoast_head":"<!-- This site is optimized with the Yoast SEO plugin v22.5 - https:\/\/yoast.com\/wordpress\/plugins\/seo\/ -->\n<title>March\u00e9 nocturne de Pouxeux : une belle r\u00e9ussite malgr\u00e9 la m\u00e9t\u00e9o - Remiremont Info<\/title>\n<meta name=\"robots\" content=\"index, follow, max-snippet:-1, max-image-preview:large, max-video-preview:-1\" \/>\n<link rel=\"canonical\" href=\"https:\/\/vosgesinfo.fr\/remiremontinfo\/2025\/08\/marche-nocturne-de-pouxeux-une-belle-reussite-malgre-la-meteo\/\" \/>\n<meta name=\"twitter:card\" content=\"summary_large_image\" \/>\n<meta name=\"twitter:title\" content=\"March\u00e9 nocturne de Pouxeux : une belle r\u00e9ussite malgr\u00e9 la m\u00e9t\u00e9o - Remiremont Info\" \/>\n<meta name=\"twitter:description\" content=\"Ce vendredi soir, Pouxeux a vibr\u00e9 au rythme de son march\u00e9 nocturne, qui a su attirer de nombreux visiteurs malgr\u00e9 [&hellip;]\" \/>\n<meta name=\"twitter:image\" content=\"https:\/\/vosgesinfo.fr\/app\/uploads\/sites\/5\/2025\/08\/marche-nocturne-pouxeux3.jpg\" \/>\n<meta name=\"twitter:creator\" content=\"@VosgesInfo88\" \/>\n<meta name=\"twitter:site\" content=\"@VosgesInfo88\" \/>\n<meta name=\"twitter:label1\" content=\"\u00c9crit par\" \/>\n\t<meta name=\"twitter:data1\" content=\"C.K.\" \/>\n\t<meta name=\"twitter:label2\" content=\"Dur\u00e9e de lecture estim\u00e9e\" \/>\n\t<meta name=\"twitter:data2\" content=\"1 minute\" \/>\n<script type=\"application\/ld+json\" class=\"yoast-schema-graph\">{\"@context\":\"https:\/\/schema.org\",\"@graph\":[{\"@type\":\"Article\",\"@id\":\"https:\/\/vosgesinfo.fr\/remiremontinfo\/2025\/08\/marche-nocturne-de-pouxeux-une-belle-reussite-malgre-la-meteo\/#article\",\"isPartOf\":{\"@id\":\"https:\/\/vosgesinfo.fr\/remiremontinfo\/2025\/08\/marche-nocturne-de-pouxeux-une-belle-reussite-malgre-la-meteo\/\"},\"author\":{\"name\":\"C.K.\",\"@id\":\"https:\/\/vosgesinfo.fr\/remiremontinfo\/#\/schema\/person\/6f9a650eeea99d969b6c4ab78fccbe81\"},\"headline\":\"March\u00e9 nocturne de Pouxeux : une belle r\u00e9ussite malgr\u00e9 la m\u00e9t\u00e9o\",\"datePublished\":\"2025-08-30T08:45:02+00:00\",\"dateModified\":\"2025-08-30T08:45:02+00:00\",\"mainEntityOfPage\":{\"@id\":\"https:\/\/vosgesinfo.fr\/remiremontinfo\/2025\/08\/marche-nocturne-de-pouxeux-une-belle-reussite-malgre-la-meteo\/\"},\"wordCount\":209,\"commentCount\":0,\"publisher\":{\"@id\":\"https:\/\/vosgesinfo.fr\/remiremontinfo\/#organization\"},\"image\":{\"@id\":\"https:\/\/vosgesinfo.fr\/remiremontinfo\/2025\/08\/marche-nocturne-de-pouxeux-une-belle-reussite-malgre-la-meteo\/#primaryimage\"},\"thumbnailUrl\":\"https:\/\/vosgesinfo.fr\/app\/uploads\/sites\/5\/2025\/08\/marche-nocturne-pouxeux3.jpg\",\"articleSection\":[\"A la Une\",\"Divertissement\",\"Epinal\",\"Remiremont\"],\"inLanguage\":\"fr-FR\",\"potentialAction\":[{\"@type\":\"CommentAction\",\"name\":\"Comment\",\"target\":[\"https:\/\/vosgesinfo.fr\/remiremontinfo\/2025\/08\/marche-nocturne-de-pouxeux-une-belle-reussite-malgre-la-meteo\/#respond\"]}]},{\"@type\":\"WebPage\",\"@id\":\"https:\/\/vosgesinfo.fr\/remiremontinfo\/2025\/08\/marche-nocturne-de-pouxeux-une-belle-reussite-malgre-la-meteo\/\",\"url\":\"https:\/\/vosgesinfo.fr\/remiremontinfo\/2025\/08\/marche-nocturne-de-pouxeux-une-belle-reussite-malgre-la-meteo\/\",\"name\":\"March\u00e9 nocturne de Pouxeux : une belle r\u00e9ussite malgr\u00e9 la m\u00e9t\u00e9o - Remiremont Info\",\"isPartOf\":{\"@id\":\"https:\/\/vosgesinfo.fr\/remiremontinfo\/#website\"},\"primaryImageOfPage\":{\"@id\":\"https:\/\/vosgesinfo.fr\/remiremontinfo\/2025\/08\/marche-nocturne-de-pouxeux-une-belle-reussite-malgre-la-meteo\/#primaryimage\"},\"image\":{\"@id\":\"https:\/\/vosgesinfo.fr\/remiremontinfo\/2025\/08\/marche-nocturne-de-pouxeux-une-belle-reussite-malgre-la-meteo\/#primaryimage\"},\"thumbnailUrl\":\"https:\/\/vosgesinfo.fr\/app\/uploads\/sites\/5\/2025\/08\/marche-nocturne-pouxeux3.jpg\",\"datePublished\":\"2025-08-30T08:45:02+00:00\",\"dateModified\":\"2025-08-30T08:45:02+00:00\",\"breadcrumb\":{\"@id\":\"https:\/\/vosgesinfo.fr\/remiremontinfo\/2025\/08\/marche-nocturne-de-pouxeux-une-belle-reussite-malgre-la-meteo\/#breadcrumb\"},\"inLanguage\":\"fr-FR\",\"potentialAction\":[{\"@type\":\"ReadAction\",\"target\":[\"https:\/\/vosgesinfo.fr\/remiremontinfo\/2025\/08\/marche-nocturne-de-pouxeux-une-belle-reussite-malgre-la-meteo\/\"]}]},{\"@type\":\"ImageObject\",\"inLanguage\":\"fr-FR\",\"@id\":\"https:\/\/vosgesinfo.fr\/remiremontinfo\/2025\/08\/marche-nocturne-de-pouxeux-une-belle-reussite-malgre-la-meteo\/#primaryimage\",\"url\":\"https:\/\/vosgesinfo.fr\/app\/uploads\/sites\/5\/2025\/08\/marche-nocturne-pouxeux3.jpg\",\"contentUrl\":\"https:\/\/vosgesinfo.fr\/app\/uploads\/sites\/5\/2025\/08\/marche-nocturne-pouxeux3.jpg\",\"width\":800,\"height\":600},{\"@type\":\"BreadcrumbList\",\"@id\":\"https:\/\/vosgesinfo.fr\/remiremontinfo\/2025\/08\/marche-nocturne-de-pouxeux-une-belle-reussite-malgre-la-meteo\/#breadcrumb\",\"itemListElement\":[{\"@type\":\"ListItem\",\"position\":1,\"name\":\"Home\",\"item\":\"https:\/\/vosgesinfo.fr\/remiremontinfo\/\"},{\"@type\":\"ListItem\",\"position\":2,\"name\":\"March\u00e9 nocturne de Pouxeux : une belle r\u00e9ussite malgr\u00e9 la m\u00e9t\u00e9o\"}]},{\"@type\":\"WebSite\",\"@id\":\"https:\/\/vosgesinfo.fr\/remiremontinfo\/#website\",\"url\":\"https:\/\/vosgesinfo.fr\/remiremontinfo\/\",\"name\":\"Remiremont Info\",\"description\":\"Toute l&#039;actualit\u00e9 de Remiremont\",\"publisher\":{\"@id\":\"https:\/\/vosgesinfo.fr\/remiremontinfo\/#organization\"},\"alternateName\":\"Toute l'actualit\u00e9 de Remiremont\",\"potentialAction\":[{\"@type\":\"SearchAction\",\"target\":{\"@type\":\"EntryPoint\",\"urlTemplate\":\"https:\/\/vosgesinfo.fr\/remiremontinfo\/?s={search_term_string}\"},\"query-input\":\"required name=search_term_string\"}],\"inLanguage\":\"fr-FR\"},{\"@type\":\"Organization\",\"@id\":\"https:\/\/vosgesinfo.fr\/remiremontinfo\/#organization\",\"name\":\"Remiremont Info\",\"url\":\"https:\/\/vosgesinfo.fr\/remiremontinfo\/\",\"logo\":{\"@type\":\"ImageObject\",\"inLanguage\":\"fr-FR\",\"@id\":\"https:\/\/vosgesinfo.fr\/remiremontinfo\/#\/schema\/logo\/image\/\",\"url\":\"https:\/\/vosgesinfo.fr\/app\/uploads\/sites\/5\/2023\/08\/favicon-remiremontinfo.png\",\"contentUrl\":\"https:\/\/vosgesinfo.fr\/app\/uploads\/sites\/5\/2023\/08\/favicon-remiremontinfo.png\",\"width\":512,\"height\":512,\"caption\":\"Remiremont Info\"},\"image\":{\"@id\":\"https:\/\/vosgesinfo.fr\/remiremontinfo\/#\/schema\/logo\/image\/\"},\"sameAs\":[\"https:\/\/www.facebook.com\/remiremontinfo\",\"https:\/\/x.com\/VosgesInfo88\",\"https:\/\/www.youtube.com\/@vosgesinfo\"]},{\"@type\":\"Person\",\"@id\":\"https:\/\/vosgesinfo.fr\/remiremontinfo\/#\/schema\/person\/6f9a650eeea99d969b6c4ab78fccbe81\",\"name\":\"C.K.\",\"image\":{\"@type\":\"ImageObject\",\"inLanguage\":\"fr-FR\",\"@id\":\"https:\/\/vosgesinfo.fr\/remiremontinfo\/#\/schema\/person\/image\/\",\"url\":\"https:\/\/secure.gravatar.com\/avatar\/48e3fc7f8421ba8942be6b74a2b7f014ca39bc00dece156b7a8e098ae7dc87bf?s=96&d=mm&r=g\",\"contentUrl\":\"https:\/\/secure.gravatar.com\/avatar\/48e3fc7f8421ba8942be6b74a2b7f014ca39bc00dece156b7a8e098ae7dc87bf?s=96&d=mm&r=g\",\"caption\":\"C.K.\"},\"url\":\"https:\/\/vosgesinfo.fr\/remiremontinfo\/author\/celia-k-n\/\"}]}<\/script>\n<!-- \/ Yoast SEO plugin. -->","yoast_head_json":{"title":"March\u00e9 nocturne de Pouxeux : une belle r\u00e9ussite malgr\u00e9 la m\u00e9t\u00e9o - Remiremont Info","robots":{"index":"index","follow":"follow","max-snippet":"max-snippet:-1","max-image-preview":"max-image-preview:large","max-video-preview":"max-video-preview:-1"},"canonical":"https:\/\/vosgesinfo.fr\/remiremontinfo\/2025\/08\/marche-nocturne-de-pouxeux-une-belle-reussite-malgre-la-meteo\/","twitter_card":"summary_large_image","twitter_title":"March\u00e9 nocturne de Pouxeux : une belle r\u00e9ussite malgr\u00e9 la m\u00e9t\u00e9o - Remiremont Info","twitter_description":"Ce vendredi soir, Pouxeux a vibr\u00e9 au rythme de son march\u00e9 nocturne, qui a su attirer de nombreux visiteurs malgr\u00e9 [&hellip;]","twitter_image":"https:\/\/vosgesinfo.fr\/app\/uploads\/sites\/5\/2025\/08\/marche-nocturne-pouxeux3.jpg","twitter_creator":"@VosgesInfo88","twitter_site":"@VosgesInfo88","twitter_misc":{"\u00c9crit par":"C.K.","Dur\u00e9e de lecture estim\u00e9e":"1 minute"},"schema":{"@context":"https:\/\/schema.org","@graph":[{"@type":"Article","@id":"https:\/\/vosgesinfo.fr\/remiremontinfo\/2025\/08\/marche-nocturne-de-pouxeux-une-belle-reussite-malgre-la-meteo\/#article","isPartOf":{"@id":"https:\/\/vosgesinfo.fr\/remiremontinfo\/2025\/08\/marche-nocturne-de-pouxeux-une-belle-reussite-malgre-la-meteo\/"},"author":{"name":"C.K.","@id":"https:\/\/vosgesinfo.fr\/remiremontinfo\/#\/schema\/person\/6f9a650eeea99d969b6c4ab78fccbe81"},"headline":"March\u00e9 nocturne de Pouxeux : une belle r\u00e9ussite malgr\u00e9 la m\u00e9t\u00e9o","datePublished":"2025-08-30T08:45:02+00:00","dateModified":"2025-08-30T08:45:02+00:00","mainEntityOfPage":{"@id":"https:\/\/vosgesinfo.fr\/remiremontinfo\/2025\/08\/marche-nocturne-de-pouxeux-une-belle-reussite-malgre-la-meteo\/"},"wordCount":209,"commentCount":0,"publisher":{"@id":"https:\/\/vosgesinfo.fr\/remiremontinfo\/#organization"},"image":{"@id":"https:\/\/vosgesinfo.fr\/remiremontinfo\/2025\/08\/marche-nocturne-de-pouxeux-une-belle-reussite-malgre-la-meteo\/#primaryimage"},"thumbnailUrl":"https:\/\/vosgesinfo.fr\/app\/uploads\/sites\/5\/2025\/08\/marche-nocturne-pouxeux3.jpg","articleSection":["A la Une","Divertissement","Epinal","Remiremont"],"inLanguage":"fr-FR","potentialAction":[{"@type":"CommentAction","name":"Comment","target":["https:\/\/vosgesinfo.fr\/remiremontinfo\/2025\/08\/marche-nocturne-de-pouxeux-une-belle-reussite-malgre-la-meteo\/#respond"]}]},{"@type":"WebPage","@id":"https:\/\/vosgesinfo.fr\/remiremontinfo\/2025\/08\/marche-nocturne-de-pouxeux-une-belle-reussite-malgre-la-meteo\/","url":"https:\/\/vosgesinfo.fr\/remiremontinfo\/2025\/08\/marche-nocturne-de-pouxeux-une-belle-reussite-malgre-la-meteo\/","name":"March\u00e9 nocturne de Pouxeux : une belle r\u00e9ussite malgr\u00e9 la m\u00e9t\u00e9o - Remiremont Info","isPartOf":{"@id":"https:\/\/vosgesinfo.fr\/remiremontinfo\/#website"},"primaryImageOfPage":{"@id":"https:\/\/vosgesinfo.fr\/remiremontinfo\/2025\/08\/marche-nocturne-de-pouxeux-une-belle-reussite-malgre-la-meteo\/#primaryimage"},"image":{"@id":"https:\/\/vosgesinfo.fr\/remiremontinfo\/2025\/08\/marche-nocturne-de-pouxeux-une-belle-reussite-malgre-la-meteo\/#primaryimage"},"thumbnailUrl":"https:\/\/vosgesinfo.fr\/app\/uploads\/sites\/5\/2025\/08\/marche-nocturne-pouxeux3.jpg","datePublished":"2025-08-30T08:45:02+00:00","dateModified":"2025-08-30T08:45:02+00:00","breadcrumb":{"@id":"https:\/\/vosgesinfo.fr\/remiremontinfo\/2025\/08\/marche-nocturne-de-pouxeux-une-belle-reussite-malgre-la-meteo\/#breadcrumb"},"inLanguage":"fr-FR","potentialAction":[{"@type":"ReadAction","target":["https:\/\/vosgesinfo.fr\/remiremontinfo\/2025\/08\/marche-nocturne-de-pouxeux-une-belle-reussite-malgre-la-meteo\/"]}]},{"@type":"ImageObject","inLanguage":"fr-FR","@id":"https:\/\/vosgesinfo.fr\/remiremontinfo\/2025\/08\/marche-nocturne-de-pouxeux-une-belle-reussite-malgre-la-meteo\/#primaryimage","url":"https:\/\/vosgesinfo.fr\/app\/uploads\/sites\/5\/2025\/08\/marche-nocturne-pouxeux3.jpg","contentUrl":"https:\/\/vosgesinfo.fr\/app\/uploads\/sites\/5\/2025\/08\/marche-nocturne-pouxeux3.jpg","width":800,"height":600},{"@type":"BreadcrumbList","@id":"https:\/\/vosgesinfo.fr\/remiremontinfo\/2025\/08\/marche-nocturne-de-pouxeux-une-belle-reussite-malgre-la-meteo\/#breadcrumb","itemListElement":[{"@type":"ListItem","position":1,"name":"Home","item":"https:\/\/vosgesinfo.fr\/remiremontinfo\/"},{"@type":"ListItem","position":2,"name":"March\u00e9 nocturne de Pouxeux : une belle r\u00e9ussite malgr\u00e9 la m\u00e9t\u00e9o"}]},{"@type":"WebSite","@id":"https:\/\/vosgesinfo.fr\/remiremontinfo\/#website","url":"https:\/\/vosgesinfo.fr\/remiremontinfo\/","name":"Remiremont Info","description":"Toute l&#039;actualit\u00e9 de Remiremont","publisher":{"@id":"https:\/\/vosgesinfo.fr\/remiremontinfo\/#organization"},"alternateName":"Toute l'actualit\u00e9 de Remiremont","potentialAction":[{"@type":"SearchAction","target":{"@type":"EntryPoint","urlTemplate":"https:\/\/vosgesinfo.fr\/remiremontinfo\/?s={search_term_string}"},"query-input":"required name=search_term_string"}],"inLanguage":"fr-FR"},{"@type":"Organization","@id":"https:\/\/vosgesinfo.fr\/remiremontinfo\/#organization","name":"Remiremont Info","url":"https:\/\/vosgesinfo.fr\/remiremontinfo\/","logo":{"@type":"ImageObject","inLanguage":"fr-FR","@id":"https:\/\/vosgesinfo.fr\/remiremontinfo\/#\/schema\/logo\/image\/","url":"https:\/\/vosgesinfo.fr\/app\/uploads\/sites\/5\/2023\/08\/favicon-remiremontinfo.png","contentUrl":"https:\/\/vosgesinfo.fr\/app\/uploads\/sites\/5\/2023\/08\/favicon-remiremontinfo.png","width":512,"height":512,"caption":"Remiremont Info"},"image":{"@id":"https:\/\/vosgesinfo.fr\/remiremontinfo\/#\/schema\/logo\/image\/"},"sameAs":["https:\/\/www.facebook.com\/remiremontinfo","https:\/\/x.com\/VosgesInfo88","https:\/\/www.youtube.com\/@vosgesinfo"]},{"@type":"Person","@id":"https:\/\/vosgesinfo.fr\/remiremontinfo\/#\/schema\/person\/6f9a650eeea99d969b6c4ab78fccbe81","name":"C.K.","image":{"@type":"ImageObject","inLanguage":"fr-FR","@id":"https:\/\/vosgesinfo.fr\/remiremontinfo\/#\/schema\/person\/image\/","url":"https:\/\/secure.gravatar.com\/avatar\/48e3fc7f8421ba8942be6b74a2b7f014ca39bc00dece156b7a8e098ae7dc87bf?s=96&d=mm&r=g","contentUrl":"https:\/\/secure.gravatar.com\/avatar\/48e3fc7f8421ba8942be6b74a2b7f014ca39bc00dece156b7a8e098ae7dc87bf?s=96&d=mm&r=g","caption":"C.K."},"url":"https:\/\/vosgesinfo.fr\/remiremontinfo\/author\/celia-k-n\/"}]}},"_links":{"self":[{"href":"https:\/\/vosgesinfo.fr\/remiremontinfo\/wp-json\/wp\/v2\/posts\/84626","targetHints":{"allow":["GET"]}}],"collection":[{"href":"https:\/\/vosgesinfo.fr\/remiremontinfo\/wp-json\/wp\/v2\/posts"}],"about":[{"href":"https:\/\/vosgesinfo.fr\/remiremontinfo\/wp-json\/wp\/v2\/types\/post"}],"author":[{"embeddable":true,"href":"https:\/\/vosgesinfo.fr\/remiremontinfo\/wp-json\/wp\/v2\/users\/52"}],"replies":[{"embeddable":true,"href":"https:\/\/vosgesinfo.fr\/remiremontinfo\/wp-json\/wp\/v2\/comments?post=84626"}],"version-history":[{"count":0,"href":"https:\/\/vosgesinfo.fr\/remiremontinfo\/wp-json\/wp\/v2\/posts\/84626\/revisions"}],"wp:featuredmedia":[{"embeddable":true,"href":"https:\/\/vosgesinfo.fr\/remiremontinfo\/wp-json\/wp\/v2\/media\/84627"}],"wp:attachment":[{"href":"https:\/\/vosgesinfo.fr\/remiremontinfo\/wp-json\/wp\/v2\/media?parent=84626"}],"wp:term":[{"taxonomy":"category","embeddable":true,"href":"https:\/\/vosgesinfo.fr\/remiremontinfo\/wp-json\/wp\/v2\/categories?post=84626"},{"taxonomy":"post_tag","embeddable":true,"href":"https:\/\/vosgesinfo.fr\/remiremontinfo\/wp-json\/wp\/v2\/tags?post=84626"}],"curies":[{"name":"wp","href":"https:\/\/api.w.org\/{rel}","templated":true}]}}