{"id":84631,"date":"2025-08-30T15:51:47","date_gmt":"2025-08-30T13:51:47","guid":{"rendered":"https:\/\/vosgesinfo.fr\/remiremontinfo\/?p=84631"},"modified":"2025-08-30T15:29:58","modified_gmt":"2025-08-30T13:29:58","slug":"un-nouveau-scenario-a-ecrire-pour-le-cinema-lentractes","status":"publish","type":"post","link":"https:\/\/vosgesinfo.fr\/remiremontinfo\/2025\/08\/un-nouveau-scenario-a-ecrire-pour-le-cinema-lentractes\/","title":{"rendered":"Un nouveau sc\u00e9nario \u00e0 \u00e9crire pour le cin\u00e9ma L&rsquo;Entr&rsquo;Actes"},"content":{"rendered":"<p><a href=\"https:\/\/vosgesinfo.fr\/app\/uploads\/sites\/5\/2025\/08\/inauguration-officielle-cinema-vagney-enteactes-1.jpg\"><img decoding=\"async\" class=\"aligncenter size-large wp-image-84635\" src=\"https:\/\/vosgesinfo.fr\/app\/uploads\/sites\/5\/2025\/08\/inauguration-officielle-cinema-vagney-enteactes-1-1024x768.jpg\" alt=\"\" width=\"1024\" height=\"768\" srcset=\"https:\/\/vosgesinfo.fr\/app\/uploads\/sites\/5\/2025\/08\/inauguration-officielle-cinema-vagney-enteactes-1-1024x768.jpg 1024w, https:\/\/vosgesinfo.fr\/app\/uploads\/sites\/5\/2025\/08\/inauguration-officielle-cinema-vagney-enteactes-1-300x225.jpg 300w, https:\/\/vosgesinfo.fr\/app\/uploads\/sites\/5\/2025\/08\/inauguration-officielle-cinema-vagney-enteactes-1-768x576.jpg 768w, https:\/\/vosgesinfo.fr\/app\/uploads\/sites\/5\/2025\/08\/inauguration-officielle-cinema-vagney-enteactes-1-1536x1152.jpg 1536w, https:\/\/vosgesinfo.fr\/app\/uploads\/sites\/5\/2025\/08\/inauguration-officielle-cinema-vagney-enteactes-1.jpg 2000w\" sizes=\"(max-width: 1024px) 100vw, 1024px\" \/><\/a><\/p>\n\n\t\t<style type=\"text\/css\">\n\t\t\t#gallery-1 {\n\t\t\t\tmargin: auto;\n\t\t\t}\n\t\t\t#gallery-1 .gallery-item {\n\t\t\t\tfloat: left;\n\t\t\t\tmargin-top: 10px;\n\t\t\t\ttext-align: center;\n\t\t\t\twidth: 50%;\n\t\t\t}\n\t\t\t#gallery-1 img {\n\t\t\t\tborder: 2px solid #cfcfcf;\n\t\t\t}\n\t\t\t#gallery-1 .gallery-caption {\n\t\t\t\tmargin-left: 0;\n\t\t\t}\n\t\t\t\/* see gallery_shortcode() in wp-includes\/media.php *\/\n\t\t<\/style>\n\t\t<div id='gallery-1' class='gallery galleryid-84631 gallery-columns-2 gallery-size-medium'><dl class='gallery-item'>\n\t\t\t<dt class='gallery-icon landscape'>\n\t\t\t\t<a href='https:\/\/vosgesinfo.fr\/app\/uploads\/sites\/5\/2025\/08\/inauguration-officielle-cinema-vagney-enteactes-3.jpg'><img decoding=\"async\" width=\"300\" height=\"225\" src=\"https:\/\/vosgesinfo.fr\/app\/uploads\/sites\/5\/2025\/08\/inauguration-officielle-cinema-vagney-enteactes-3-300x225.jpg\" class=\"attachment-medium size-medium\" alt=\"\" srcset=\"https:\/\/vosgesinfo.fr\/app\/uploads\/sites\/5\/2025\/08\/inauguration-officielle-cinema-vagney-enteactes-3-300x225.jpg 300w, https:\/\/vosgesinfo.fr\/app\/uploads\/sites\/5\/2025\/08\/inauguration-officielle-cinema-vagney-enteactes-3-1024x768.jpg 1024w, https:\/\/vosgesinfo.fr\/app\/uploads\/sites\/5\/2025\/08\/inauguration-officielle-cinema-vagney-enteactes-3-768x576.jpg 768w, https:\/\/vosgesinfo.fr\/app\/uploads\/sites\/5\/2025\/08\/inauguration-officielle-cinema-vagney-enteactes-3-1536x1152.jpg 1536w, https:\/\/vosgesinfo.fr\/app\/uploads\/sites\/5\/2025\/08\/inauguration-officielle-cinema-vagney-enteactes-3.jpg 2048w\" sizes=\"(max-width: 300px) 100vw, 300px\" \/><\/a>\n\t\t\t<\/dt><\/dl><dl class='gallery-item'>\n\t\t\t<dt class='gallery-icon landscape'>\n\t\t\t\t<a href='https:\/\/vosgesinfo.fr\/app\/uploads\/sites\/5\/2025\/08\/inauguration-officielle-cinema-vagney-enteactes-9.jpg'><img decoding=\"async\" width=\"300\" height=\"225\" src=\"https:\/\/vosgesinfo.fr\/app\/uploads\/sites\/5\/2025\/08\/inauguration-officielle-cinema-vagney-enteactes-9-300x225.jpg\" class=\"attachment-medium size-medium\" alt=\"L&#039;entr&#039;Actes\" srcset=\"https:\/\/vosgesinfo.fr\/app\/uploads\/sites\/5\/2025\/08\/inauguration-officielle-cinema-vagney-enteactes-9-300x225.jpg 300w, https:\/\/vosgesinfo.fr\/app\/uploads\/sites\/5\/2025\/08\/inauguration-officielle-cinema-vagney-enteactes-9-1024x768.jpg 1024w, https:\/\/vosgesinfo.fr\/app\/uploads\/sites\/5\/2025\/08\/inauguration-officielle-cinema-vagney-enteactes-9-768x576.jpg 768w, https:\/\/vosgesinfo.fr\/app\/uploads\/sites\/5\/2025\/08\/inauguration-officielle-cinema-vagney-enteactes-9-1536x1152.jpg 1536w, https:\/\/vosgesinfo.fr\/app\/uploads\/sites\/5\/2025\/08\/inauguration-officielle-cinema-vagney-enteactes-9.jpg 2048w\" sizes=\"(max-width: 300px) 100vw, 300px\" \/><\/a>\n\t\t\t<\/dt><\/dl><br style=\"clear: both\" \/><dl class='gallery-item'>\n\t\t\t<dt class='gallery-icon landscape'>\n\t\t\t\t<a href='https:\/\/vosgesinfo.fr\/app\/uploads\/sites\/5\/2025\/08\/inauguration-officielle-cinema-vagney-enteactes-4.jpg'><img decoding=\"async\" width=\"300\" height=\"225\" src=\"https:\/\/vosgesinfo.fr\/app\/uploads\/sites\/5\/2025\/08\/inauguration-officielle-cinema-vagney-enteactes-4-300x225.jpg\" class=\"attachment-medium size-medium\" alt=\"\" srcset=\"https:\/\/vosgesinfo.fr\/app\/uploads\/sites\/5\/2025\/08\/inauguration-officielle-cinema-vagney-enteactes-4-300x225.jpg 300w, https:\/\/vosgesinfo.fr\/app\/uploads\/sites\/5\/2025\/08\/inauguration-officielle-cinema-vagney-enteactes-4-1024x768.jpg 1024w, https:\/\/vosgesinfo.fr\/app\/uploads\/sites\/5\/2025\/08\/inauguration-officielle-cinema-vagney-enteactes-4-768x576.jpg 768w, https:\/\/vosgesinfo.fr\/app\/uploads\/sites\/5\/2025\/08\/inauguration-officielle-cinema-vagney-enteactes-4-1536x1152.jpg 1536w, https:\/\/vosgesinfo.fr\/app\/uploads\/sites\/5\/2025\/08\/inauguration-officielle-cinema-vagney-enteactes-4.jpg 2000w\" sizes=\"(max-width: 300px) 100vw, 300px\" \/><\/a>\n\t\t\t<\/dt><\/dl><dl class='gallery-item'>\n\t\t\t<dt class='gallery-icon landscape'>\n\t\t\t\t<a href='https:\/\/vosgesinfo.fr\/app\/uploads\/sites\/5\/2025\/08\/inauguration-officielle-cinema-vagney-enteactes-2.jpg'><img decoding=\"async\" width=\"300\" height=\"225\" src=\"https:\/\/vosgesinfo.fr\/app\/uploads\/sites\/5\/2025\/08\/inauguration-officielle-cinema-vagney-enteactes-2-300x225.jpg\" class=\"attachment-medium size-medium\" alt=\"\" srcset=\"https:\/\/vosgesinfo.fr\/app\/uploads\/sites\/5\/2025\/08\/inauguration-officielle-cinema-vagney-enteactes-2-300x225.jpg 300w, https:\/\/vosgesinfo.fr\/app\/uploads\/sites\/5\/2025\/08\/inauguration-officielle-cinema-vagney-enteactes-2-1024x768.jpg 1024w, https:\/\/vosgesinfo.fr\/app\/uploads\/sites\/5\/2025\/08\/inauguration-officielle-cinema-vagney-enteactes-2-768x576.jpg 768w, https:\/\/vosgesinfo.fr\/app\/uploads\/sites\/5\/2025\/08\/inauguration-officielle-cinema-vagney-enteactes-2-1536x1152.jpg 1536w, https:\/\/vosgesinfo.fr\/app\/uploads\/sites\/5\/2025\/08\/inauguration-officielle-cinema-vagney-enteactes-2.jpg 2048w\" sizes=\"(max-width: 300px) 100vw, 300px\" \/><\/a>\n\t\t\t<\/dt><\/dl><br style=\"clear: both\" \/><dl class='gallery-item'>\n\t\t\t<dt class='gallery-icon landscape'>\n\t\t\t\t<a href='https:\/\/vosgesinfo.fr\/app\/uploads\/sites\/5\/2025\/08\/inauguration-officielle-cinema-vagney-enteactes-8.jpg'><img decoding=\"async\" width=\"300\" height=\"225\" src=\"https:\/\/vosgesinfo.fr\/app\/uploads\/sites\/5\/2025\/08\/inauguration-officielle-cinema-vagney-enteactes-8-300x225.jpg\" class=\"attachment-medium size-medium\" alt=\"\" srcset=\"https:\/\/vosgesinfo.fr\/app\/uploads\/sites\/5\/2025\/08\/inauguration-officielle-cinema-vagney-enteactes-8-300x225.jpg 300w, https:\/\/vosgesinfo.fr\/app\/uploads\/sites\/5\/2025\/08\/inauguration-officielle-cinema-vagney-enteactes-8-1024x768.jpg 1024w, https:\/\/vosgesinfo.fr\/app\/uploads\/sites\/5\/2025\/08\/inauguration-officielle-cinema-vagney-enteactes-8-768x576.jpg 768w, https:\/\/vosgesinfo.fr\/app\/uploads\/sites\/5\/2025\/08\/inauguration-officielle-cinema-vagney-enteactes-8-1536x1152.jpg 1536w, https:\/\/vosgesinfo.fr\/app\/uploads\/sites\/5\/2025\/08\/inauguration-officielle-cinema-vagney-enteactes-8.jpg 2048w\" sizes=\"(max-width: 300px) 100vw, 300px\" \/><\/a>\n\t\t\t<\/dt><\/dl><dl class='gallery-item'>\n\t\t\t<dt class='gallery-icon landscape'>\n\t\t\t\t<a href='https:\/\/vosgesinfo.fr\/app\/uploads\/sites\/5\/2025\/08\/inauguration-officielle-cinema-vagney-enteactes-6.jpg'><img decoding=\"async\" width=\"300\" height=\"225\" src=\"https:\/\/vosgesinfo.fr\/app\/uploads\/sites\/5\/2025\/08\/inauguration-officielle-cinema-vagney-enteactes-6-300x225.jpg\" class=\"attachment-medium size-medium\" alt=\"\" srcset=\"https:\/\/vosgesinfo.fr\/app\/uploads\/sites\/5\/2025\/08\/inauguration-officielle-cinema-vagney-enteactes-6-300x225.jpg 300w, https:\/\/vosgesinfo.fr\/app\/uploads\/sites\/5\/2025\/08\/inauguration-officielle-cinema-vagney-enteactes-6-1024x768.jpg 1024w, https:\/\/vosgesinfo.fr\/app\/uploads\/sites\/5\/2025\/08\/inauguration-officielle-cinema-vagney-enteactes-6-768x576.jpg 768w, https:\/\/vosgesinfo.fr\/app\/uploads\/sites\/5\/2025\/08\/inauguration-officielle-cinema-vagney-enteactes-6-1536x1152.jpg 1536w, https:\/\/vosgesinfo.fr\/app\/uploads\/sites\/5\/2025\/08\/inauguration-officielle-cinema-vagney-enteactes-6.jpg 2048w\" sizes=\"(max-width: 300px) 100vw, 300px\" \/><\/a>\n\t\t\t<\/dt><\/dl><br style=\"clear: both\" \/>\n\t\t<\/div>\n\n<p data-pm-slice=\"1 1 []\"><strong>Apr\u00e8s sa r\u00e9ouverture cet \u00e9t\u00e9, le cin\u00e9ma intercommunal de Vagney dans sa nouvelle version a officiellement \u00e9t\u00e9 inaugur\u00e9 ce samedi matin en pr\u00e9sence de nombreux \u00e9lus et b\u00e9n\u00e9voles de l&rsquo;association Vagney-Loisirs (sans oublier leurs homologues de La Bresse). C&rsquo;est un magnifique projet amorc\u00e9 il y a pr\u00e8s de 8 ans qui a fini par aboutir gr\u00e2ce \u00e0 un effort collectif remarquable, permettant ainsi de redonner vie \u00e0 ce lieu embl\u00e9matique et historique.<\/strong><\/p>\n<div id=\"attachment_84633\" style=\"width: 310px\" class=\"wp-caption alignright\"><a href=\"https:\/\/vosgesinfo.fr\/app\/uploads\/sites\/5\/2025\/08\/inauguration-officielle-cinema-vagney-enteactes-7.jpg\"><img decoding=\"async\" aria-describedby=\"caption-attachment-84633\" class=\"size-medium wp-image-84633\" src=\"https:\/\/vosgesinfo.fr\/app\/uploads\/sites\/5\/2025\/08\/inauguration-officielle-cinema-vagney-enteactes-7-300x225.jpg\" alt=\"\" width=\"300\" height=\"225\" srcset=\"https:\/\/vosgesinfo.fr\/app\/uploads\/sites\/5\/2025\/08\/inauguration-officielle-cinema-vagney-enteactes-7-300x225.jpg 300w, https:\/\/vosgesinfo.fr\/app\/uploads\/sites\/5\/2025\/08\/inauguration-officielle-cinema-vagney-enteactes-7-1024x768.jpg 1024w, https:\/\/vosgesinfo.fr\/app\/uploads\/sites\/5\/2025\/08\/inauguration-officielle-cinema-vagney-enteactes-7-768x576.jpg 768w, https:\/\/vosgesinfo.fr\/app\/uploads\/sites\/5\/2025\/08\/inauguration-officielle-cinema-vagney-enteactes-7-1536x1152.jpg 1536w, https:\/\/vosgesinfo.fr\/app\/uploads\/sites\/5\/2025\/08\/inauguration-officielle-cinema-vagney-enteactes-7.jpg 2048w\" sizes=\"(max-width: 300px) 100vw, 300px\" \/><\/a><p id=\"caption-attachment-84633\" class=\"wp-caption-text\">Erik Grandemange au micro en compagnie de C. Naegelen et D. Houot.<\/p><\/div>\n<p>Le maire de Vagney et pr\u00e9sident de la CCHV Didier Houot, ainsi que son vice-pr\u00e9sident \u00e0 la culture et aux loisirs Erik Grandemange, pouvaient avoir le sourire ce matin au moment de prendre la parole dans la nouvelle salle de projection. Le projet de r\u00e9novation int\u00e9grale de L&rsquo;Entr&rsquo;Actes avait, rappelons-le, \u00e9merg\u00e9 en 2017, et ce n&rsquo;est qu&rsquo;en 2022 qu&rsquo;une dynamique active s&rsquo;\u00e9tait mise en place sous l&rsquo;impulsion de la communaut\u00e9 de communes, avec une mention sp\u00e9ciale pour Estelle Lanoix, charg\u00e9e de projets qui n&rsquo;a pas m\u00e9nag\u00e9 ses efforts en vue de d\u00e9crocher de pr\u00e9cieuses subventions. Et le jeu en valait la chandelle, car sur un budget de 2 000 000 d&rsquo;euros, pas moins de 80 % ont \u00e9t\u00e9 pris en charge par l\u2019\u00c9tat et les collectivit\u00e9s. <em>\u00ab\u00a0C&rsquo;est probablement la derni\u00e8re fois qu&rsquo;on voit \u00e7a<\/em>\u00ab\u00a0, d\u00e9clarait d&rsquo;ailleurs J\u00e9r\u00f4me Mathieu, vice-pr\u00e9sident du Conseil d\u00e9partemental, faisant allusion au contexte \u00e9conomique national que chacun qualifiera \u00e0 sa mani\u00e8re\u2026 Mais c&rsquo;est une belle preuve que \u00ab\u00a0<em>le travail en commun paye et c&rsquo;est comme cela qu&rsquo;on fait avancer des territoires, notamment dans le monde de la culture<\/em>\u00ab\u00a0, ajoutera le d\u00e9put\u00e9 Christophe Naegelen, lui aussi attach\u00e9 \u00e0 ce \u00ab\u00a0<em>b\u00e2timent symbolique<\/em>\u00a0\u00bb qu&rsquo;il connait bien et a fr\u00e9quent\u00e9 dans sa jeunesse.<\/p>\n<p><a href=\"https:\/\/vosgesinfo.fr\/app\/uploads\/sites\/5\/2025\/08\/inauguration-officielle-cinema-vagney-enteactes-5.jpg\"><img decoding=\"async\" class=\"alignright size-medium wp-image-84639\" src=\"https:\/\/vosgesinfo.fr\/app\/uploads\/sites\/5\/2025\/08\/inauguration-officielle-cinema-vagney-enteactes-5-300x225.jpg\" alt=\"\" width=\"300\" height=\"225\" srcset=\"https:\/\/vosgesinfo.fr\/app\/uploads\/sites\/5\/2025\/08\/inauguration-officielle-cinema-vagney-enteactes-5-300x225.jpg 300w, https:\/\/vosgesinfo.fr\/app\/uploads\/sites\/5\/2025\/08\/inauguration-officielle-cinema-vagney-enteactes-5-1024x768.jpg 1024w, https:\/\/vosgesinfo.fr\/app\/uploads\/sites\/5\/2025\/08\/inauguration-officielle-cinema-vagney-enteactes-5-768x576.jpg 768w, https:\/\/vosgesinfo.fr\/app\/uploads\/sites\/5\/2025\/08\/inauguration-officielle-cinema-vagney-enteactes-5-1536x1152.jpg 1536w, https:\/\/vosgesinfo.fr\/app\/uploads\/sites\/5\/2025\/08\/inauguration-officielle-cinema-vagney-enteactes-5.jpg 2000w\" sizes=\"(max-width: 300px) 100vw, 300px\" \/><\/a>Mais le projet et le chantier n&rsquo;auront pas \u00e9t\u00e9 un long fleuve tranquille pour arriver \u00e0 ce r\u00e9sultat qui devrait, \u00e0 n&rsquo;en pas douter, donner satisfaction. Cet Entr&rsquo;Actes a tout pour plaire : il est moins \u00e9nergivore et r\u00e9pond aux attentes de Climaxion, il r\u00e9unit le confort \u00e0 tous les niveaux ainsi que les am\u00e9liorations esth\u00e9tiques (chapeau \u00e0 Lori pour la d\u00e9co murale du couloir) et la polyvalence. Car comme l&rsquo;a rappel\u00e9 Didier Houot, il a \u00e9t\u00e9 pens\u00e9 et \u00e9quip\u00e9 afin qu&rsquo;il n&rsquo;y ait pas que du cin\u00e9ma, m\u00eame si cela restera la priorit\u00e9. Cette nouvelle salle doit vivre, \u00eatre dynamis\u00e9e et accueillir des spectacles, des conf\u00e9rences, des concerts, etc. C&rsquo;est aux \u00e9lus, aux usagers et aux associations d&rsquo;\u00eatre force de proposition d\u00e9sormais. \u00ab\u00a0Ce lieu n&rsquo;appartient pas \u00e0 la Ville, il appartient \u00e0 tous, au public\u00a0\u00bb, ajoutera le premier magistrat. Un bel avenir semble donc tendre les bras au cin\u00e9ma de Vagney apr\u00e8s cette renaissance qu&rsquo;il m\u00e9ritait et qu&rsquo;il attendait depuis plusieurs ann\u00e9es. C&rsquo;est \u00e9galement une belle r\u00e9compense pour toutes celles et ceux qui se sont engag\u00e9s dans ce projet, y compris les b\u00e9n\u00e9voles qui continuent \u00e0 faire vivre l&rsquo;Entr&rsquo;Actes et le cin\u00e9ma, synonymes de magie collective et de partage d&rsquo;\u00e9motions.<\/p>\n<p>&nbsp;<\/p>\n","protected":false},"excerpt":{"rendered":"<p>Apr\u00e8s sa r\u00e9ouverture cet \u00e9t\u00e9, le cin\u00e9ma intercommunal de Vagney dans sa nouvelle version a officiellement \u00e9t\u00e9 inaugur\u00e9 ce samedi [&hellip;]<\/p>\n","protected":false},"author":42,"featured_media":84640,"comment_status":"open","ping_status":"open","sticky":false,"template":"","format":"standard","meta":{"footnotes":""},"categories":[26,4,43,36],"tags":[],"class_list":["post-84631","post","type-post","status-publish","format-standard","has-post-thumbnail","hentry","category-a-la-une","category-culture","category-remiremont-remiremont-son-canton","category-vagney"],"acf":[],"yoast_head":"<!-- This site is optimized with the Yoast SEO plugin v22.5 - https:\/\/yoast.com\/wordpress\/plugins\/seo\/ -->\n<title>Un nouveau sc\u00e9nario \u00e0 \u00e9crire pour le cin\u00e9ma L&#039;Entr&#039;Actes - Remiremont Info<\/title>\n<meta name=\"robots\" content=\"index, follow, max-snippet:-1, max-image-preview:large, max-video-preview:-1\" \/>\n<link rel=\"canonical\" href=\"https:\/\/vosgesinfo.fr\/remiremontinfo\/2025\/08\/un-nouveau-scenario-a-ecrire-pour-le-cinema-lentractes\/\" \/>\n<meta name=\"twitter:card\" content=\"summary_large_image\" \/>\n<meta name=\"twitter:title\" content=\"Un nouveau sc\u00e9nario \u00e0 \u00e9crire pour le cin\u00e9ma L&#039;Entr&#039;Actes - Remiremont Info\" \/>\n<meta name=\"twitter:description\" content=\"Apr\u00e8s sa r\u00e9ouverture cet \u00e9t\u00e9, le cin\u00e9ma intercommunal de Vagney dans sa nouvelle version a officiellement \u00e9t\u00e9 inaugur\u00e9 ce samedi [&hellip;]\" \/>\n<meta name=\"twitter:image\" content=\"https:\/\/vosgesinfo.fr\/app\/uploads\/sites\/5\/2025\/08\/inauguration-officielle-cinema-vagney-enteactes-9.jpg\" \/>\n<meta name=\"twitter:creator\" content=\"@VosgesInfo88\" \/>\n<meta name=\"twitter:site\" content=\"@VosgesInfo88\" \/>\n<meta name=\"twitter:label1\" content=\"\u00c9crit par\" \/>\n\t<meta name=\"twitter:data1\" content=\"QG\" \/>\n\t<meta name=\"twitter:label2\" content=\"Dur\u00e9e de lecture estim\u00e9e\" \/>\n\t<meta name=\"twitter:data2\" content=\"2 minutes\" \/>\n<script type=\"application\/ld+json\" class=\"yoast-schema-graph\">{\"@context\":\"https:\/\/schema.org\",\"@graph\":[{\"@type\":\"Article\",\"@id\":\"https:\/\/vosgesinfo.fr\/remiremontinfo\/2025\/08\/un-nouveau-scenario-a-ecrire-pour-le-cinema-lentractes\/#article\",\"isPartOf\":{\"@id\":\"https:\/\/vosgesinfo.fr\/remiremontinfo\/2025\/08\/un-nouveau-scenario-a-ecrire-pour-le-cinema-lentractes\/\"},\"author\":{\"name\":\"QG\",\"@id\":\"https:\/\/vosgesinfo.fr\/remiremontinfo\/#\/schema\/person\/db5605779a843dad16b5368f3e7613a5\"},\"headline\":\"Un nouveau sc\u00e9nario \u00e0 \u00e9crire pour le cin\u00e9ma L&rsquo;Entr&rsquo;Actes\",\"datePublished\":\"2025-08-30T13:51:47+00:00\",\"dateModified\":\"2025-08-30T13:29:58+00:00\",\"mainEntityOfPage\":{\"@id\":\"https:\/\/vosgesinfo.fr\/remiremontinfo\/2025\/08\/un-nouveau-scenario-a-ecrire-pour-le-cinema-lentractes\/\"},\"wordCount\":576,\"commentCount\":0,\"publisher\":{\"@id\":\"https:\/\/vosgesinfo.fr\/remiremontinfo\/#organization\"},\"image\":{\"@id\":\"https:\/\/vosgesinfo.fr\/remiremontinfo\/2025\/08\/un-nouveau-scenario-a-ecrire-pour-le-cinema-lentractes\/#primaryimage\"},\"thumbnailUrl\":\"https:\/\/vosgesinfo.fr\/app\/uploads\/sites\/5\/2025\/08\/inauguration-officielle-cinema-vagney-enteactes-9.jpg\",\"articleSection\":[\"A la Une\",\"Culture\",\"Remiremont\",\"Vagney\"],\"inLanguage\":\"fr-FR\",\"potentialAction\":[{\"@type\":\"CommentAction\",\"name\":\"Comment\",\"target\":[\"https:\/\/vosgesinfo.fr\/remiremontinfo\/2025\/08\/un-nouveau-scenario-a-ecrire-pour-le-cinema-lentractes\/#respond\"]}]},{\"@type\":\"WebPage\",\"@id\":\"https:\/\/vosgesinfo.fr\/remiremontinfo\/2025\/08\/un-nouveau-scenario-a-ecrire-pour-le-cinema-lentractes\/\",\"url\":\"https:\/\/vosgesinfo.fr\/remiremontinfo\/2025\/08\/un-nouveau-scenario-a-ecrire-pour-le-cinema-lentractes\/\",\"name\":\"Un nouveau sc\u00e9nario \u00e0 \u00e9crire pour le cin\u00e9ma L'Entr'Actes - Remiremont Info\",\"isPartOf\":{\"@id\":\"https:\/\/vosgesinfo.fr\/remiremontinfo\/#website\"},\"primaryImageOfPage\":{\"@id\":\"https:\/\/vosgesinfo.fr\/remiremontinfo\/2025\/08\/un-nouveau-scenario-a-ecrire-pour-le-cinema-lentractes\/#primaryimage\"},\"image\":{\"@id\":\"https:\/\/vosgesinfo.fr\/remiremontinfo\/2025\/08\/un-nouveau-scenario-a-ecrire-pour-le-cinema-lentractes\/#primaryimage\"},\"thumbnailUrl\":\"https:\/\/vosgesinfo.fr\/app\/uploads\/sites\/5\/2025\/08\/inauguration-officielle-cinema-vagney-enteactes-9.jpg\",\"datePublished\":\"2025-08-30T13:51:47+00:00\",\"dateModified\":\"2025-08-30T13:29:58+00:00\",\"breadcrumb\":{\"@id\":\"https:\/\/vosgesinfo.fr\/remiremontinfo\/2025\/08\/un-nouveau-scenario-a-ecrire-pour-le-cinema-lentractes\/#breadcrumb\"},\"inLanguage\":\"fr-FR\",\"potentialAction\":[{\"@type\":\"ReadAction\",\"target\":[\"https:\/\/vosgesinfo.fr\/remiremontinfo\/2025\/08\/un-nouveau-scenario-a-ecrire-pour-le-cinema-lentractes\/\"]}]},{\"@type\":\"ImageObject\",\"inLanguage\":\"fr-FR\",\"@id\":\"https:\/\/vosgesinfo.fr\/remiremontinfo\/2025\/08\/un-nouveau-scenario-a-ecrire-pour-le-cinema-lentractes\/#primaryimage\",\"url\":\"https:\/\/vosgesinfo.fr\/app\/uploads\/sites\/5\/2025\/08\/inauguration-officielle-cinema-vagney-enteactes-9.jpg\",\"contentUrl\":\"https:\/\/vosgesinfo.fr\/app\/uploads\/sites\/5\/2025\/08\/inauguration-officielle-cinema-vagney-enteactes-9.jpg\",\"width\":2048,\"height\":1536,\"caption\":\"L'entr'Actes\"},{\"@type\":\"BreadcrumbList\",\"@id\":\"https:\/\/vosgesinfo.fr\/remiremontinfo\/2025\/08\/un-nouveau-scenario-a-ecrire-pour-le-cinema-lentractes\/#breadcrumb\",\"itemListElement\":[{\"@type\":\"ListItem\",\"position\":1,\"name\":\"Home\",\"item\":\"https:\/\/vosgesinfo.fr\/remiremontinfo\/\"},{\"@type\":\"ListItem\",\"position\":2,\"name\":\"Un nouveau sc\u00e9nario \u00e0 \u00e9crire pour le cin\u00e9ma L&rsquo;Entr&rsquo;Actes\"}]},{\"@type\":\"WebSite\",\"@id\":\"https:\/\/vosgesinfo.fr\/remiremontinfo\/#website\",\"url\":\"https:\/\/vosgesinfo.fr\/remiremontinfo\/\",\"name\":\"Remiremont Info\",\"description\":\"Toute l&#039;actualit\u00e9 de Remiremont\",\"publisher\":{\"@id\":\"https:\/\/vosgesinfo.fr\/remiremontinfo\/#organization\"},\"alternateName\":\"Toute l'actualit\u00e9 de Remiremont\",\"potentialAction\":[{\"@type\":\"SearchAction\",\"target\":{\"@type\":\"EntryPoint\",\"urlTemplate\":\"https:\/\/vosgesinfo.fr\/remiremontinfo\/?s={search_term_string}\"},\"query-input\":\"required name=search_term_string\"}],\"inLanguage\":\"fr-FR\"},{\"@type\":\"Organization\",\"@id\":\"https:\/\/vosgesinfo.fr\/remiremontinfo\/#organization\",\"name\":\"Remiremont Info\",\"url\":\"https:\/\/vosgesinfo.fr\/remiremontinfo\/\",\"logo\":{\"@type\":\"ImageObject\",\"inLanguage\":\"fr-FR\",\"@id\":\"https:\/\/vosgesinfo.fr\/remiremontinfo\/#\/schema\/logo\/image\/\",\"url\":\"https:\/\/vosgesinfo.fr\/app\/uploads\/sites\/5\/2023\/08\/favicon-remiremontinfo.png\",\"contentUrl\":\"https:\/\/vosgesinfo.fr\/app\/uploads\/sites\/5\/2023\/08\/favicon-remiremontinfo.png\",\"width\":512,\"height\":512,\"caption\":\"Remiremont Info\"},\"image\":{\"@id\":\"https:\/\/vosgesinfo.fr\/remiremontinfo\/#\/schema\/logo\/image\/\"},\"sameAs\":[\"https:\/\/www.facebook.com\/remiremontinfo\",\"https:\/\/x.com\/VosgesInfo88\",\"https:\/\/www.youtube.com\/@vosgesinfo\"]},{\"@type\":\"Person\",\"@id\":\"https:\/\/vosgesinfo.fr\/remiremontinfo\/#\/schema\/person\/db5605779a843dad16b5368f3e7613a5\",\"name\":\"QG\",\"image\":{\"@type\":\"ImageObject\",\"inLanguage\":\"fr-FR\",\"@id\":\"https:\/\/vosgesinfo.fr\/remiremontinfo\/#\/schema\/person\/image\/\",\"url\":\"https:\/\/secure.gravatar.com\/avatar\/ea80c42c204b534408512832fde52504ecabb9706bcb6151cf6175e5b64e6793?s=96&d=mm&r=g\",\"contentUrl\":\"https:\/\/secure.gravatar.com\/avatar\/ea80c42c204b534408512832fde52504ecabb9706bcb6151cf6175e5b64e6793?s=96&d=mm&r=g\",\"caption\":\"QG\"},\"url\":\"https:\/\/vosgesinfo.fr\/remiremontinfo\/author\/quentin88\/\"}]}<\/script>\n<!-- \/ Yoast SEO plugin. -->","yoast_head_json":{"title":"Un nouveau sc\u00e9nario \u00e0 \u00e9crire pour le cin\u00e9ma L'Entr'Actes - Remiremont Info","robots":{"index":"index","follow":"follow","max-snippet":"max-snippet:-1","max-image-preview":"max-image-preview:large","max-video-preview":"max-video-preview:-1"},"canonical":"https:\/\/vosgesinfo.fr\/remiremontinfo\/2025\/08\/un-nouveau-scenario-a-ecrire-pour-le-cinema-lentractes\/","twitter_card":"summary_large_image","twitter_title":"Un nouveau sc\u00e9nario \u00e0 \u00e9crire pour le cin\u00e9ma L'Entr'Actes - Remiremont Info","twitter_description":"Apr\u00e8s sa r\u00e9ouverture cet \u00e9t\u00e9, le cin\u00e9ma intercommunal de Vagney dans sa nouvelle version a officiellement \u00e9t\u00e9 inaugur\u00e9 ce samedi [&hellip;]","twitter_image":"https:\/\/vosgesinfo.fr\/app\/uploads\/sites\/5\/2025\/08\/inauguration-officielle-cinema-vagney-enteactes-9.jpg","twitter_creator":"@VosgesInfo88","twitter_site":"@VosgesInfo88","twitter_misc":{"\u00c9crit par":"QG","Dur\u00e9e de lecture estim\u00e9e":"2 minutes"},"schema":{"@context":"https:\/\/schema.org","@graph":[{"@type":"Article","@id":"https:\/\/vosgesinfo.fr\/remiremontinfo\/2025\/08\/un-nouveau-scenario-a-ecrire-pour-le-cinema-lentractes\/#article","isPartOf":{"@id":"https:\/\/vosgesinfo.fr\/remiremontinfo\/2025\/08\/un-nouveau-scenario-a-ecrire-pour-le-cinema-lentractes\/"},"author":{"name":"QG","@id":"https:\/\/vosgesinfo.fr\/remiremontinfo\/#\/schema\/person\/db5605779a843dad16b5368f3e7613a5"},"headline":"Un nouveau sc\u00e9nario \u00e0 \u00e9crire pour le cin\u00e9ma L&rsquo;Entr&rsquo;Actes","datePublished":"2025-08-30T13:51:47+00:00","dateModified":"2025-08-30T13:29:58+00:00","mainEntityOfPage":{"@id":"https:\/\/vosgesinfo.fr\/remiremontinfo\/2025\/08\/un-nouveau-scenario-a-ecrire-pour-le-cinema-lentractes\/"},"wordCount":576,"commentCount":0,"publisher":{"@id":"https:\/\/vosgesinfo.fr\/remiremontinfo\/#organization"},"image":{"@id":"https:\/\/vosgesinfo.fr\/remiremontinfo\/2025\/08\/un-nouveau-scenario-a-ecrire-pour-le-cinema-lentractes\/#primaryimage"},"thumbnailUrl":"https:\/\/vosgesinfo.fr\/app\/uploads\/sites\/5\/2025\/08\/inauguration-officielle-cinema-vagney-enteactes-9.jpg","articleSection":["A la Une","Culture","Remiremont","Vagney"],"inLanguage":"fr-FR","potentialAction":[{"@type":"CommentAction","name":"Comment","target":["https:\/\/vosgesinfo.fr\/remiremontinfo\/2025\/08\/un-nouveau-scenario-a-ecrire-pour-le-cinema-lentractes\/#respond"]}]},{"@type":"WebPage","@id":"https:\/\/vosgesinfo.fr\/remiremontinfo\/2025\/08\/un-nouveau-scenario-a-ecrire-pour-le-cinema-lentractes\/","url":"https:\/\/vosgesinfo.fr\/remiremontinfo\/2025\/08\/un-nouveau-scenario-a-ecrire-pour-le-cinema-lentractes\/","name":"Un nouveau sc\u00e9nario \u00e0 \u00e9crire pour le cin\u00e9ma L'Entr'Actes - Remiremont Info","isPartOf":{"@id":"https:\/\/vosgesinfo.fr\/remiremontinfo\/#website"},"primaryImageOfPage":{"@id":"https:\/\/vosgesinfo.fr\/remiremontinfo\/2025\/08\/un-nouveau-scenario-a-ecrire-pour-le-cinema-lentractes\/#primaryimage"},"image":{"@id":"https:\/\/vosgesinfo.fr\/remiremontinfo\/2025\/08\/un-nouveau-scenario-a-ecrire-pour-le-cinema-lentractes\/#primaryimage"},"thumbnailUrl":"https:\/\/vosgesinfo.fr\/app\/uploads\/sites\/5\/2025\/08\/inauguration-officielle-cinema-vagney-enteactes-9.jpg","datePublished":"2025-08-30T13:51:47+00:00","dateModified":"2025-08-30T13:29:58+00:00","breadcrumb":{"@id":"https:\/\/vosgesinfo.fr\/remiremontinfo\/2025\/08\/un-nouveau-scenario-a-ecrire-pour-le-cinema-lentractes\/#breadcrumb"},"inLanguage":"fr-FR","potentialAction":[{"@type":"ReadAction","target":["https:\/\/vosgesinfo.fr\/remiremontinfo\/2025\/08\/un-nouveau-scenario-a-ecrire-pour-le-cinema-lentractes\/"]}]},{"@type":"ImageObject","inLanguage":"fr-FR","@id":"https:\/\/vosgesinfo.fr\/remiremontinfo\/2025\/08\/un-nouveau-scenario-a-ecrire-pour-le-cinema-lentractes\/#primaryimage","url":"https:\/\/vosgesinfo.fr\/app\/uploads\/sites\/5\/2025\/08\/inauguration-officielle-cinema-vagney-enteactes-9.jpg","contentUrl":"https:\/\/vosgesinfo.fr\/app\/uploads\/sites\/5\/2025\/08\/inauguration-officielle-cinema-vagney-enteactes-9.jpg","width":2048,"height":1536,"caption":"L'entr'Actes"},{"@type":"BreadcrumbList","@id":"https:\/\/vosgesinfo.fr\/remiremontinfo\/2025\/08\/un-nouveau-scenario-a-ecrire-pour-le-cinema-lentractes\/#breadcrumb","itemListElement":[{"@type":"ListItem","position":1,"name":"Home","item":"https:\/\/vosgesinfo.fr\/remiremontinfo\/"},{"@type":"ListItem","position":2,"name":"Un nouveau sc\u00e9nario \u00e0 \u00e9crire pour le cin\u00e9ma L&rsquo;Entr&rsquo;Actes"}]},{"@type":"WebSite","@id":"https:\/\/vosgesinfo.fr\/remiremontinfo\/#website","url":"https:\/\/vosgesinfo.fr\/remiremontinfo\/","name":"Remiremont Info","description":"Toute l&#039;actualit\u00e9 de Remiremont","publisher":{"@id":"https:\/\/vosgesinfo.fr\/remiremontinfo\/#organization"},"alternateName":"Toute l'actualit\u00e9 de Remiremont","potentialAction":[{"@type":"SearchAction","target":{"@type":"EntryPoint","urlTemplate":"https:\/\/vosgesinfo.fr\/remiremontinfo\/?s={search_term_string}"},"query-input":"required name=search_term_string"}],"inLanguage":"fr-FR"},{"@type":"Organization","@id":"https:\/\/vosgesinfo.fr\/remiremontinfo\/#organization","name":"Remiremont Info","url":"https:\/\/vosgesinfo.fr\/remiremontinfo\/","logo":{"@type":"ImageObject","inLanguage":"fr-FR","@id":"https:\/\/vosgesinfo.fr\/remiremontinfo\/#\/schema\/logo\/image\/","url":"https:\/\/vosgesinfo.fr\/app\/uploads\/sites\/5\/2023\/08\/favicon-remiremontinfo.png","contentUrl":"https:\/\/vosgesinfo.fr\/app\/uploads\/sites\/5\/2023\/08\/favicon-remiremontinfo.png","width":512,"height":512,"caption":"Remiremont Info"},"image":{"@id":"https:\/\/vosgesinfo.fr\/remiremontinfo\/#\/schema\/logo\/image\/"},"sameAs":["https:\/\/www.facebook.com\/remiremontinfo","https:\/\/x.com\/VosgesInfo88","https:\/\/www.youtube.com\/@vosgesinfo"]},{"@type":"Person","@id":"https:\/\/vosgesinfo.fr\/remiremontinfo\/#\/schema\/person\/db5605779a843dad16b5368f3e7613a5","name":"QG","image":{"@type":"ImageObject","inLanguage":"fr-FR","@id":"https:\/\/vosgesinfo.fr\/remiremontinfo\/#\/schema\/person\/image\/","url":"https:\/\/secure.gravatar.com\/avatar\/ea80c42c204b534408512832fde52504ecabb9706bcb6151cf6175e5b64e6793?s=96&d=mm&r=g","contentUrl":"https:\/\/secure.gravatar.com\/avatar\/ea80c42c204b534408512832fde52504ecabb9706bcb6151cf6175e5b64e6793?s=96&d=mm&r=g","caption":"QG"},"url":"https:\/\/vosgesinfo.fr\/remiremontinfo\/author\/quentin88\/"}]}},"_links":{"self":[{"href":"https:\/\/vosgesinfo.fr\/remiremontinfo\/wp-json\/wp\/v2\/posts\/84631","targetHints":{"allow":["GET"]}}],"collection":[{"href":"https:\/\/vosgesinfo.fr\/remiremontinfo\/wp-json\/wp\/v2\/posts"}],"about":[{"href":"https:\/\/vosgesinfo.fr\/remiremontinfo\/wp-json\/wp\/v2\/types\/post"}],"author":[{"embeddable":true,"href":"https:\/\/vosgesinfo.fr\/remiremontinfo\/wp-json\/wp\/v2\/users\/42"}],"replies":[{"embeddable":true,"href":"https:\/\/vosgesinfo.fr\/remiremontinfo\/wp-json\/wp\/v2\/comments?post=84631"}],"version-history":[{"count":2,"href":"https:\/\/vosgesinfo.fr\/remiremontinfo\/wp-json\/wp\/v2\/posts\/84631\/revisions"}],"predecessor-version":[{"id":84642,"href":"https:\/\/vosgesinfo.fr\/remiremontinfo\/wp-json\/wp\/v2\/posts\/84631\/revisions\/84642"}],"wp:featuredmedia":[{"embeddable":true,"href":"https:\/\/vosgesinfo.fr\/remiremontinfo\/wp-json\/wp\/v2\/media\/84640"}],"wp:attachment":[{"href":"https:\/\/vosgesinfo.fr\/remiremontinfo\/wp-json\/wp\/v2\/media?parent=84631"}],"wp:term":[{"taxonomy":"category","embeddable":true,"href":"https:\/\/vosgesinfo.fr\/remiremontinfo\/wp-json\/wp\/v2\/categories?post=84631"},{"taxonomy":"post_tag","embeddable":true,"href":"https:\/\/vosgesinfo.fr\/remiremontinfo\/wp-json\/wp\/v2\/tags?post=84631"}],"curies":[{"name":"wp","href":"https:\/\/api.w.org\/{rel}","templated":true}]}}