{"id":84657,"date":"2025-09-01T05:56:14","date_gmt":"2025-09-01T03:56:14","guid":{"rendered":"https:\/\/vosgesinfo.fr\/remiremontinfo\/?p=84657"},"modified":"2025-08-31T13:59:18","modified_gmt":"2025-08-31T11:59:18","slug":"hopn-bloc-ouvre-ses-portes-une-journee-gratuite-festive-et-familiale","status":"publish","type":"post","link":"https:\/\/vosgesinfo.fr\/remiremontinfo\/2025\/09\/hopn-bloc-ouvre-ses-portes-une-journee-gratuite-festive-et-familiale\/","title":{"rendered":"Hop\u2019n Bloc ouvre ses portes : une journ\u00e9e gratuite, festive et familiale !"},"content":{"rendered":"<p><a href=\"https:\/\/vosgesinfo.fr\/app\/uploads\/sites\/5\/2025\/08\/hopnbloc-scaled.jpg\"><img decoding=\"async\" class=\"aligncenter size-medium wp-image-84659\" src=\"https:\/\/vosgesinfo.fr\/app\/uploads\/sites\/5\/2025\/08\/hopnbloc-300x200.jpg\" alt=\"\" width=\"300\" height=\"200\" srcset=\"https:\/\/vosgesinfo.fr\/app\/uploads\/sites\/5\/2025\/08\/hopnbloc-300x200.jpg 300w, https:\/\/vosgesinfo.fr\/app\/uploads\/sites\/5\/2025\/08\/hopnbloc-1024x683.jpg 1024w, https:\/\/vosgesinfo.fr\/app\/uploads\/sites\/5\/2025\/08\/hopnbloc-768x512.jpg 768w, https:\/\/vosgesinfo.fr\/app\/uploads\/sites\/5\/2025\/08\/hopnbloc-1536x1024.jpg 1536w, https:\/\/vosgesinfo.fr\/app\/uploads\/sites\/5\/2025\/08\/hopnbloc-2048x1365.jpg 2048w\" sizes=\"(max-width: 300px) 100vw, 300px\" \/><\/a><\/p>\n<p>&nbsp;<\/p>\n<p>La salle d\u2019escalade Hop\u2019n Bloc ouvre ses portes gratuitement pour une journ\u00e9e exceptionnelle pour f\u00eater ses 1 an\u00a0! Cette journ\u00e9e sera <b>gratuite<\/b>, ouverte \u00e0 toutes et \u00e0 tous ! L\u2019occasion id\u00e9ale de d\u00e9couvrir l\u2019escalade sous toutes ses formes, de rencontrer nos intervenants (yoga, acroyoga, danse\u2026) et de relever des <b>d\u00e9fis fous et ludiques<\/b> dans une ambiance conviviale et familiale.<\/p>\n<p><b><a href=\"https:\/\/vosgesinfo.fr\/app\/uploads\/sites\/5\/2025\/08\/hopn-bloc-anniv.png\"><img decoding=\"async\" class=\"alignright size-medium wp-image-84658\" src=\"https:\/\/vosgesinfo.fr\/app\/uploads\/sites\/5\/2025\/08\/hopn-bloc-anniv-211x300.png\" alt=\"\" width=\"211\" height=\"300\" srcset=\"https:\/\/vosgesinfo.fr\/app\/uploads\/sites\/5\/2025\/08\/hopn-bloc-anniv-211x300.png 211w, https:\/\/vosgesinfo.fr\/app\/uploads\/sites\/5\/2025\/08\/hopn-bloc-anniv.png 541w\" sizes=\"(max-width: 211px) 100vw, 211px\" \/><\/a>Une journ\u00e9e pour d\u00e9couvrir, s\u2019amuser et vibrer <\/b><span style=\"font-family: Segoe UI Emoji, sans-serif;\"><b>\ud83c\udf89<\/b><\/span><\/p>\n<p>Au programme :<\/p>\n<p><b>Espaces escalade libres<\/b> : zones de bloc et de voie surveill\u00e9es toute la journ\u00e9e<\/p>\n<p><b>D\u00e9fis d\u00e9jant\u00e9s<\/b> : twister escalade, slackline, suspension, mousquetonnage, jeu des minis prises de pieds, caisse \u00e0 bi\u00e8res, bras de fer vosgien\u2026<\/p>\n<p><b>Jeux et animations pour petits et grands<\/b> : Jeux en bois et mini-bloc enfant en ext\u00e9rieur<\/p>\n<p><b>Ateliers et initiations sur inscription<\/b> via notre site (www.hopnbloc.fr \u2013 onglet <i>Reservation \u2013 1 an<\/i>)<\/p>\n<p><b>Un programme riche en ateliers <\/b><span style=\"font-family: Segoe UI Emoji, sans-serif;\"><b>\ud83e\udd38<\/b><\/span><b>\u200d<\/b><span style=\"font-family: Segoe UI Emoji, sans-serif;\"><b>\u2640\ufe0f<\/b><\/span><\/p>\n<p>10h : Acroyoga lunaire (15 pers. max \u2013 au \u00ab\u00a0refuge\u00a0\u00bb)<\/p>\n<p>11h30 \u00e0 13h : S\u00e9ances d\u00e9couverte de Shiatsu individuel (5 cr\u00e9neaux de 15 min)<br \/>\n<i>Unique atelier payant<\/i><\/p>\n<p>13h &amp; 13h30 : Atelier descente en rappel (15 pers. max)<\/p>\n<p>13h30-14h30 : Acroyoga (15 pers. max \u2013 refuge)<\/p>\n<p>14h &amp; 14h30 : Atelier assurage en moulinette + Atelier bras de fer vosgien<\/p>\n<p>15h-16h : Yoga (10 pers. max \u2013 refuge)<\/p>\n<p>16h : D\u00e9mo contest \u2013 mini comp\u00e9tition de grimpe spectaculaire<\/p>\n<p>17h : Danse escalade sur mur \u00e0 corde (12 pers. Max, 1h30)<\/p>\n<p>18h : Animation mousquetonnage (15 pers. \u2013 deux entr\u00e9es \u00e0 gagner)<\/p>\n<p>18h30 : Animation suspension (15 pers. \u2013 deux entr\u00e9es \u00e0 gagner)<\/p>\n<p>19h : Jeu des caisses \u00e0 bi\u00e8res (zone \u00e0 corde \u2013 une pinte \u00e0 gagner <span style=\"font-family: Segoe UI Emoji, sans-serif;\">\ud83c\udf7a<\/span>)<\/p>\n<p>19h-20h30 : Cours de danse avec Manon G\u00e9hin (5 pers. Au refuge)<\/p>\n<p><b>Et le soir, place \u00e0 la f\u00eate ! <\/b><span style=\"font-family: Segoe UI Emoji, sans-serif;\"><b>\ud83c\udfb6<\/b><\/span><\/p>\n<p>Toute la journ\u00e9e, la talentueuse <b>DJ Lison<\/b> animera la salle en musique et prendra le micro pour ambiancer le public.<br \/>\nEt d\u00e8s <b>21h : boumboum gros son<\/b> \u2192 la soir\u00e9e s\u2019enflamme pour finir cette journ\u00e9e m\u00e9morable en beaut\u00e9 !<\/p>\n<p><b>Informations pratiques <\/b><span style=\"font-family: Segoe UI Emoji, sans-serif;\"><b>\u2139\ufe0f<\/b><\/span><\/p>\n<p>\ud83d\udcc5 Samedi 20 septembre 2025<br \/>\n<span style=\"font-family: Segoe UI Emoji, sans-serif;\">\ud83d\udd59<\/span> De 10h \u00e0 minuit<br \/>\n<span style=\"font-family: Segoe UI Emoji, sans-serif;\">\ud83d\udccd<\/span> Hop\u2019n Bloc \u2013 16 rue du V\u00e9lodrome, Saint-\u00c9tienne-l\u00e8s-Remiremont<br \/>\n<span style=\"font-family: Segoe UI Emoji, sans-serif;\">\ud83d\udcb8<\/span> Tout au long de la journ\u00e9e, l\u2019acc\u00e8s \u00e0 l\u2019escalade est <b>enti\u00e8rement gratuit<\/b> (location du baudrier et des chaussons non comprise, mais vous pouvez venir avec des chaussures propres). D\u00e9butants, curieux, passionn\u00e9s : chacun est le bienvenu !<br \/>\n<span style=\"font-family: Segoe UI Emoji, sans-serif;\">\ud83d\udc49<\/span> R\u00e9servations ateliers : www.hopnbloc.fr (<i>onglet Reservation \u2013 Un an<\/i>)<br \/>\nPlus d\u2019infos sur l\u2019\u00e9v\u00e8nement facebook\u00a0: <span style=\"color: #467886;\"><u><a href=\"https:\/\/www.facebook.com\/events\/1394623311647920\">https:\/\/www.facebook.com\/events\/1394623311647920<\/a><\/u><\/span><\/p>\n<p>&nbsp;<\/p>\n","protected":false},"excerpt":{"rendered":"<p>&nbsp; La salle d\u2019escalade Hop\u2019n Bloc ouvre ses portes gratuitement pour une journ\u00e9e exceptionnelle pour f\u00eater ses 1 an\u00a0! Cette [&hellip;]<\/p>\n","protected":false},"author":391,"featured_media":84658,"comment_status":"open","ping_status":"open","sticky":false,"template":"","format":"standard","meta":{"footnotes":""},"categories":[26,43],"tags":[5942],"class_list":["post-84657","post","type-post","status-publish","format-standard","has-post-thumbnail","hentry","category-a-la-une","category-remiremont-remiremont-son-canton","tag-hopn-bloc"],"acf":[],"yoast_head":"<!-- This site is optimized with the Yoast SEO plugin v22.5 - https:\/\/yoast.com\/wordpress\/plugins\/seo\/ -->\n<title>Hop\u2019n Bloc ouvre ses portes : une journ\u00e9e gratuite, festive et familiale ! - Remiremont Info<\/title>\n<meta name=\"robots\" content=\"index, follow, max-snippet:-1, max-image-preview:large, max-video-preview:-1\" \/>\n<link rel=\"canonical\" href=\"https:\/\/vosgesinfo.fr\/remiremontinfo\/2025\/09\/hopn-bloc-ouvre-ses-portes-une-journee-gratuite-festive-et-familiale\/\" \/>\n<meta name=\"twitter:card\" content=\"summary_large_image\" \/>\n<meta name=\"twitter:title\" content=\"Hop\u2019n Bloc ouvre ses portes : une journ\u00e9e gratuite, festive et familiale ! - Remiremont Info\" \/>\n<meta name=\"twitter:description\" content=\"&nbsp; La salle d\u2019escalade Hop\u2019n Bloc ouvre ses portes gratuitement pour une journ\u00e9e exceptionnelle pour f\u00eater ses 1 an\u00a0! Cette [&hellip;]\" \/>\n<meta name=\"twitter:image\" content=\"https:\/\/vosgesinfo.fr\/app\/uploads\/sites\/5\/2025\/08\/hopn-bloc-anniv.png\" \/>\n<meta name=\"twitter:creator\" content=\"@VosgesInfo88\" \/>\n<meta name=\"twitter:site\" content=\"@VosgesInfo88\" \/>\n<meta name=\"twitter:label1\" content=\"\u00c9crit par\" \/>\n\t<meta name=\"twitter:data1\" content=\"La redaction\" \/>\n\t<meta name=\"twitter:label2\" content=\"Dur\u00e9e de lecture estim\u00e9e\" \/>\n\t<meta name=\"twitter:data2\" content=\"2 minutes\" \/>\n<script type=\"application\/ld+json\" class=\"yoast-schema-graph\">{\"@context\":\"https:\/\/schema.org\",\"@graph\":[{\"@type\":\"Article\",\"@id\":\"https:\/\/vosgesinfo.fr\/remiremontinfo\/2025\/09\/hopn-bloc-ouvre-ses-portes-une-journee-gratuite-festive-et-familiale\/#article\",\"isPartOf\":{\"@id\":\"https:\/\/vosgesinfo.fr\/remiremontinfo\/2025\/09\/hopn-bloc-ouvre-ses-portes-une-journee-gratuite-festive-et-familiale\/\"},\"author\":{\"name\":\"La redaction\",\"@id\":\"https:\/\/vosgesinfo.fr\/remiremontinfo\/#\/schema\/person\/27a3695b06db98895b354c0765cdfc31\"},\"headline\":\"Hop\u2019n Bloc ouvre ses portes : une journ\u00e9e gratuite, festive et familiale !\",\"datePublished\":\"2025-09-01T03:56:14+00:00\",\"dateModified\":\"2025-08-31T11:59:18+00:00\",\"mainEntityOfPage\":{\"@id\":\"https:\/\/vosgesinfo.fr\/remiremontinfo\/2025\/09\/hopn-bloc-ouvre-ses-portes-une-journee-gratuite-festive-et-familiale\/\"},\"wordCount\":410,\"commentCount\":0,\"publisher\":{\"@id\":\"https:\/\/vosgesinfo.fr\/remiremontinfo\/#organization\"},\"image\":{\"@id\":\"https:\/\/vosgesinfo.fr\/remiremontinfo\/2025\/09\/hopn-bloc-ouvre-ses-portes-une-journee-gratuite-festive-et-familiale\/#primaryimage\"},\"thumbnailUrl\":\"https:\/\/vosgesinfo.fr\/app\/uploads\/sites\/5\/2025\/08\/hopn-bloc-anniv.png\",\"keywords\":[\"Hop'n bloc\"],\"articleSection\":[\"A la Une\",\"Remiremont\"],\"inLanguage\":\"fr-FR\",\"potentialAction\":[{\"@type\":\"CommentAction\",\"name\":\"Comment\",\"target\":[\"https:\/\/vosgesinfo.fr\/remiremontinfo\/2025\/09\/hopn-bloc-ouvre-ses-portes-une-journee-gratuite-festive-et-familiale\/#respond\"]}]},{\"@type\":\"WebPage\",\"@id\":\"https:\/\/vosgesinfo.fr\/remiremontinfo\/2025\/09\/hopn-bloc-ouvre-ses-portes-une-journee-gratuite-festive-et-familiale\/\",\"url\":\"https:\/\/vosgesinfo.fr\/remiremontinfo\/2025\/09\/hopn-bloc-ouvre-ses-portes-une-journee-gratuite-festive-et-familiale\/\",\"name\":\"Hop\u2019n Bloc ouvre ses portes : une journ\u00e9e gratuite, festive et familiale ! - Remiremont Info\",\"isPartOf\":{\"@id\":\"https:\/\/vosgesinfo.fr\/remiremontinfo\/#website\"},\"primaryImageOfPage\":{\"@id\":\"https:\/\/vosgesinfo.fr\/remiremontinfo\/2025\/09\/hopn-bloc-ouvre-ses-portes-une-journee-gratuite-festive-et-familiale\/#primaryimage\"},\"image\":{\"@id\":\"https:\/\/vosgesinfo.fr\/remiremontinfo\/2025\/09\/hopn-bloc-ouvre-ses-portes-une-journee-gratuite-festive-et-familiale\/#primaryimage\"},\"thumbnailUrl\":\"https:\/\/vosgesinfo.fr\/app\/uploads\/sites\/5\/2025\/08\/hopn-bloc-anniv.png\",\"datePublished\":\"2025-09-01T03:56:14+00:00\",\"dateModified\":\"2025-08-31T11:59:18+00:00\",\"breadcrumb\":{\"@id\":\"https:\/\/vosgesinfo.fr\/remiremontinfo\/2025\/09\/hopn-bloc-ouvre-ses-portes-une-journee-gratuite-festive-et-familiale\/#breadcrumb\"},\"inLanguage\":\"fr-FR\",\"potentialAction\":[{\"@type\":\"ReadAction\",\"target\":[\"https:\/\/vosgesinfo.fr\/remiremontinfo\/2025\/09\/hopn-bloc-ouvre-ses-portes-une-journee-gratuite-festive-et-familiale\/\"]}]},{\"@type\":\"ImageObject\",\"inLanguage\":\"fr-FR\",\"@id\":\"https:\/\/vosgesinfo.fr\/remiremontinfo\/2025\/09\/hopn-bloc-ouvre-ses-portes-une-journee-gratuite-festive-et-familiale\/#primaryimage\",\"url\":\"https:\/\/vosgesinfo.fr\/app\/uploads\/sites\/5\/2025\/08\/hopn-bloc-anniv.png\",\"contentUrl\":\"https:\/\/vosgesinfo.fr\/app\/uploads\/sites\/5\/2025\/08\/hopn-bloc-anniv.png\",\"width\":541,\"height\":771},{\"@type\":\"BreadcrumbList\",\"@id\":\"https:\/\/vosgesinfo.fr\/remiremontinfo\/2025\/09\/hopn-bloc-ouvre-ses-portes-une-journee-gratuite-festive-et-familiale\/#breadcrumb\",\"itemListElement\":[{\"@type\":\"ListItem\",\"position\":1,\"name\":\"Home\",\"item\":\"https:\/\/vosgesinfo.fr\/remiremontinfo\/\"},{\"@type\":\"ListItem\",\"position\":2,\"name\":\"Hop\u2019n Bloc ouvre ses portes : une journ\u00e9e gratuite, festive et familiale !\"}]},{\"@type\":\"WebSite\",\"@id\":\"https:\/\/vosgesinfo.fr\/remiremontinfo\/#website\",\"url\":\"https:\/\/vosgesinfo.fr\/remiremontinfo\/\",\"name\":\"Remiremont Info\",\"description\":\"Toute l&#039;actualit\u00e9 de Remiremont\",\"publisher\":{\"@id\":\"https:\/\/vosgesinfo.fr\/remiremontinfo\/#organization\"},\"alternateName\":\"Toute l'actualit\u00e9 de Remiremont\",\"potentialAction\":[{\"@type\":\"SearchAction\",\"target\":{\"@type\":\"EntryPoint\",\"urlTemplate\":\"https:\/\/vosgesinfo.fr\/remiremontinfo\/?s={search_term_string}\"},\"query-input\":\"required name=search_term_string\"}],\"inLanguage\":\"fr-FR\"},{\"@type\":\"Organization\",\"@id\":\"https:\/\/vosgesinfo.fr\/remiremontinfo\/#organization\",\"name\":\"Remiremont Info\",\"url\":\"https:\/\/vosgesinfo.fr\/remiremontinfo\/\",\"logo\":{\"@type\":\"ImageObject\",\"inLanguage\":\"fr-FR\",\"@id\":\"https:\/\/vosgesinfo.fr\/remiremontinfo\/#\/schema\/logo\/image\/\",\"url\":\"https:\/\/vosgesinfo.fr\/app\/uploads\/sites\/5\/2023\/08\/favicon-remiremontinfo.png\",\"contentUrl\":\"https:\/\/vosgesinfo.fr\/app\/uploads\/sites\/5\/2023\/08\/favicon-remiremontinfo.png\",\"width\":512,\"height\":512,\"caption\":\"Remiremont Info\"},\"image\":{\"@id\":\"https:\/\/vosgesinfo.fr\/remiremontinfo\/#\/schema\/logo\/image\/\"},\"sameAs\":[\"https:\/\/www.facebook.com\/remiremontinfo\",\"https:\/\/x.com\/VosgesInfo88\",\"https:\/\/www.youtube.com\/@vosgesinfo\"]},{\"@type\":\"Person\",\"@id\":\"https:\/\/vosgesinfo.fr\/remiremontinfo\/#\/schema\/person\/27a3695b06db98895b354c0765cdfc31\",\"name\":\"La redaction\",\"image\":{\"@type\":\"ImageObject\",\"inLanguage\":\"fr-FR\",\"@id\":\"https:\/\/vosgesinfo.fr\/remiremontinfo\/#\/schema\/person\/image\/\",\"url\":\"https:\/\/secure.gravatar.com\/avatar\/64c76a78e501cedee55736f43f332df901e1896ae9cd8fad269ae2236dd0e8b6?s=96&d=mm&r=g\",\"contentUrl\":\"https:\/\/secure.gravatar.com\/avatar\/64c76a78e501cedee55736f43f332df901e1896ae9cd8fad269ae2236dd0e8b6?s=96&d=mm&r=g\",\"caption\":\"La redaction\"},\"url\":\"https:\/\/vosgesinfo.fr\/remiremontinfo\/author\/la-redaction\/\"}]}<\/script>\n<!-- \/ Yoast SEO plugin. -->","yoast_head_json":{"title":"Hop\u2019n Bloc ouvre ses portes : une journ\u00e9e gratuite, festive et familiale ! - Remiremont Info","robots":{"index":"index","follow":"follow","max-snippet":"max-snippet:-1","max-image-preview":"max-image-preview:large","max-video-preview":"max-video-preview:-1"},"canonical":"https:\/\/vosgesinfo.fr\/remiremontinfo\/2025\/09\/hopn-bloc-ouvre-ses-portes-une-journee-gratuite-festive-et-familiale\/","twitter_card":"summary_large_image","twitter_title":"Hop\u2019n Bloc ouvre ses portes : une journ\u00e9e gratuite, festive et familiale ! - Remiremont Info","twitter_description":"&nbsp; La salle d\u2019escalade Hop\u2019n Bloc ouvre ses portes gratuitement pour une journ\u00e9e exceptionnelle pour f\u00eater ses 1 an\u00a0! Cette [&hellip;]","twitter_image":"https:\/\/vosgesinfo.fr\/app\/uploads\/sites\/5\/2025\/08\/hopn-bloc-anniv.png","twitter_creator":"@VosgesInfo88","twitter_site":"@VosgesInfo88","twitter_misc":{"\u00c9crit par":"La redaction","Dur\u00e9e de lecture estim\u00e9e":"2 minutes"},"schema":{"@context":"https:\/\/schema.org","@graph":[{"@type":"Article","@id":"https:\/\/vosgesinfo.fr\/remiremontinfo\/2025\/09\/hopn-bloc-ouvre-ses-portes-une-journee-gratuite-festive-et-familiale\/#article","isPartOf":{"@id":"https:\/\/vosgesinfo.fr\/remiremontinfo\/2025\/09\/hopn-bloc-ouvre-ses-portes-une-journee-gratuite-festive-et-familiale\/"},"author":{"name":"La redaction","@id":"https:\/\/vosgesinfo.fr\/remiremontinfo\/#\/schema\/person\/27a3695b06db98895b354c0765cdfc31"},"headline":"Hop\u2019n Bloc ouvre ses portes : une journ\u00e9e gratuite, festive et familiale !","datePublished":"2025-09-01T03:56:14+00:00","dateModified":"2025-08-31T11:59:18+00:00","mainEntityOfPage":{"@id":"https:\/\/vosgesinfo.fr\/remiremontinfo\/2025\/09\/hopn-bloc-ouvre-ses-portes-une-journee-gratuite-festive-et-familiale\/"},"wordCount":410,"commentCount":0,"publisher":{"@id":"https:\/\/vosgesinfo.fr\/remiremontinfo\/#organization"},"image":{"@id":"https:\/\/vosgesinfo.fr\/remiremontinfo\/2025\/09\/hopn-bloc-ouvre-ses-portes-une-journee-gratuite-festive-et-familiale\/#primaryimage"},"thumbnailUrl":"https:\/\/vosgesinfo.fr\/app\/uploads\/sites\/5\/2025\/08\/hopn-bloc-anniv.png","keywords":["Hop'n bloc"],"articleSection":["A la Une","Remiremont"],"inLanguage":"fr-FR","potentialAction":[{"@type":"CommentAction","name":"Comment","target":["https:\/\/vosgesinfo.fr\/remiremontinfo\/2025\/09\/hopn-bloc-ouvre-ses-portes-une-journee-gratuite-festive-et-familiale\/#respond"]}]},{"@type":"WebPage","@id":"https:\/\/vosgesinfo.fr\/remiremontinfo\/2025\/09\/hopn-bloc-ouvre-ses-portes-une-journee-gratuite-festive-et-familiale\/","url":"https:\/\/vosgesinfo.fr\/remiremontinfo\/2025\/09\/hopn-bloc-ouvre-ses-portes-une-journee-gratuite-festive-et-familiale\/","name":"Hop\u2019n Bloc ouvre ses portes : une journ\u00e9e gratuite, festive et familiale ! - Remiremont Info","isPartOf":{"@id":"https:\/\/vosgesinfo.fr\/remiremontinfo\/#website"},"primaryImageOfPage":{"@id":"https:\/\/vosgesinfo.fr\/remiremontinfo\/2025\/09\/hopn-bloc-ouvre-ses-portes-une-journee-gratuite-festive-et-familiale\/#primaryimage"},"image":{"@id":"https:\/\/vosgesinfo.fr\/remiremontinfo\/2025\/09\/hopn-bloc-ouvre-ses-portes-une-journee-gratuite-festive-et-familiale\/#primaryimage"},"thumbnailUrl":"https:\/\/vosgesinfo.fr\/app\/uploads\/sites\/5\/2025\/08\/hopn-bloc-anniv.png","datePublished":"2025-09-01T03:56:14+00:00","dateModified":"2025-08-31T11:59:18+00:00","breadcrumb":{"@id":"https:\/\/vosgesinfo.fr\/remiremontinfo\/2025\/09\/hopn-bloc-ouvre-ses-portes-une-journee-gratuite-festive-et-familiale\/#breadcrumb"},"inLanguage":"fr-FR","potentialAction":[{"@type":"ReadAction","target":["https:\/\/vosgesinfo.fr\/remiremontinfo\/2025\/09\/hopn-bloc-ouvre-ses-portes-une-journee-gratuite-festive-et-familiale\/"]}]},{"@type":"ImageObject","inLanguage":"fr-FR","@id":"https:\/\/vosgesinfo.fr\/remiremontinfo\/2025\/09\/hopn-bloc-ouvre-ses-portes-une-journee-gratuite-festive-et-familiale\/#primaryimage","url":"https:\/\/vosgesinfo.fr\/app\/uploads\/sites\/5\/2025\/08\/hopn-bloc-anniv.png","contentUrl":"https:\/\/vosgesinfo.fr\/app\/uploads\/sites\/5\/2025\/08\/hopn-bloc-anniv.png","width":541,"height":771},{"@type":"BreadcrumbList","@id":"https:\/\/vosgesinfo.fr\/remiremontinfo\/2025\/09\/hopn-bloc-ouvre-ses-portes-une-journee-gratuite-festive-et-familiale\/#breadcrumb","itemListElement":[{"@type":"ListItem","position":1,"name":"Home","item":"https:\/\/vosgesinfo.fr\/remiremontinfo\/"},{"@type":"ListItem","position":2,"name":"Hop\u2019n Bloc ouvre ses portes : une journ\u00e9e gratuite, festive et familiale !"}]},{"@type":"WebSite","@id":"https:\/\/vosgesinfo.fr\/remiremontinfo\/#website","url":"https:\/\/vosgesinfo.fr\/remiremontinfo\/","name":"Remiremont Info","description":"Toute l&#039;actualit\u00e9 de Remiremont","publisher":{"@id":"https:\/\/vosgesinfo.fr\/remiremontinfo\/#organization"},"alternateName":"Toute l'actualit\u00e9 de Remiremont","potentialAction":[{"@type":"SearchAction","target":{"@type":"EntryPoint","urlTemplate":"https:\/\/vosgesinfo.fr\/remiremontinfo\/?s={search_term_string}"},"query-input":"required name=search_term_string"}],"inLanguage":"fr-FR"},{"@type":"Organization","@id":"https:\/\/vosgesinfo.fr\/remiremontinfo\/#organization","name":"Remiremont Info","url":"https:\/\/vosgesinfo.fr\/remiremontinfo\/","logo":{"@type":"ImageObject","inLanguage":"fr-FR","@id":"https:\/\/vosgesinfo.fr\/remiremontinfo\/#\/schema\/logo\/image\/","url":"https:\/\/vosgesinfo.fr\/app\/uploads\/sites\/5\/2023\/08\/favicon-remiremontinfo.png","contentUrl":"https:\/\/vosgesinfo.fr\/app\/uploads\/sites\/5\/2023\/08\/favicon-remiremontinfo.png","width":512,"height":512,"caption":"Remiremont Info"},"image":{"@id":"https:\/\/vosgesinfo.fr\/remiremontinfo\/#\/schema\/logo\/image\/"},"sameAs":["https:\/\/www.facebook.com\/remiremontinfo","https:\/\/x.com\/VosgesInfo88","https:\/\/www.youtube.com\/@vosgesinfo"]},{"@type":"Person","@id":"https:\/\/vosgesinfo.fr\/remiremontinfo\/#\/schema\/person\/27a3695b06db98895b354c0765cdfc31","name":"La redaction","image":{"@type":"ImageObject","inLanguage":"fr-FR","@id":"https:\/\/vosgesinfo.fr\/remiremontinfo\/#\/schema\/person\/image\/","url":"https:\/\/secure.gravatar.com\/avatar\/64c76a78e501cedee55736f43f332df901e1896ae9cd8fad269ae2236dd0e8b6?s=96&d=mm&r=g","contentUrl":"https:\/\/secure.gravatar.com\/avatar\/64c76a78e501cedee55736f43f332df901e1896ae9cd8fad269ae2236dd0e8b6?s=96&d=mm&r=g","caption":"La redaction"},"url":"https:\/\/vosgesinfo.fr\/remiremontinfo\/author\/la-redaction\/"}]}},"_links":{"self":[{"href":"https:\/\/vosgesinfo.fr\/remiremontinfo\/wp-json\/wp\/v2\/posts\/84657","targetHints":{"allow":["GET"]}}],"collection":[{"href":"https:\/\/vosgesinfo.fr\/remiremontinfo\/wp-json\/wp\/v2\/posts"}],"about":[{"href":"https:\/\/vosgesinfo.fr\/remiremontinfo\/wp-json\/wp\/v2\/types\/post"}],"author":[{"embeddable":true,"href":"https:\/\/vosgesinfo.fr\/remiremontinfo\/wp-json\/wp\/v2\/users\/391"}],"replies":[{"embeddable":true,"href":"https:\/\/vosgesinfo.fr\/remiremontinfo\/wp-json\/wp\/v2\/comments?post=84657"}],"version-history":[{"count":1,"href":"https:\/\/vosgesinfo.fr\/remiremontinfo\/wp-json\/wp\/v2\/posts\/84657\/revisions"}],"predecessor-version":[{"id":84660,"href":"https:\/\/vosgesinfo.fr\/remiremontinfo\/wp-json\/wp\/v2\/posts\/84657\/revisions\/84660"}],"wp:featuredmedia":[{"embeddable":true,"href":"https:\/\/vosgesinfo.fr\/remiremontinfo\/wp-json\/wp\/v2\/media\/84658"}],"wp:attachment":[{"href":"https:\/\/vosgesinfo.fr\/remiremontinfo\/wp-json\/wp\/v2\/media?parent=84657"}],"wp:term":[{"taxonomy":"category","embeddable":true,"href":"https:\/\/vosgesinfo.fr\/remiremontinfo\/wp-json\/wp\/v2\/categories?post=84657"},{"taxonomy":"post_tag","embeddable":true,"href":"https:\/\/vosgesinfo.fr\/remiremontinfo\/wp-json\/wp\/v2\/tags?post=84657"}],"curies":[{"name":"wp","href":"https:\/\/api.w.org\/{rel}","templated":true}]}}