{"id":84661,"date":"2025-08-31T18:00:59","date_gmt":"2025-08-31T16:00:59","guid":{"rendered":"https:\/\/vosgesinfo.fr\/remiremontinfo\/?p=84661"},"modified":"2025-08-31T14:31:01","modified_gmt":"2025-08-31T12:31:01","slug":"remiremont-rotary-concert-caritatif-goldman-dion-au-profit-de-la-lutte-contre-le-cancer-du-sein","status":"publish","type":"post","link":"https:\/\/vosgesinfo.fr\/remiremontinfo\/2025\/08\/remiremont-rotary-concert-caritatif-goldman-dion-au-profit-de-la-lutte-contre-le-cancer-du-sein\/","title":{"rendered":"Remiremont &#8211; Rotary: Concert caritatif Goldman Dion au profit de la lutte contre le cancer du sein"},"content":{"rendered":"<div data-olk-copy-source=\"MessageBody\"><a href=\"https:\/\/vosgesinfo.fr\/app\/uploads\/sites\/5\/2025\/08\/rotary-.png\"><img decoding=\"async\" class=\"aligncenter size-large wp-image-84664\" src=\"https:\/\/vosgesinfo.fr\/app\/uploads\/sites\/5\/2025\/08\/rotary--1024x538.png\" alt=\"\" width=\"1024\" height=\"538\" srcset=\"https:\/\/vosgesinfo.fr\/app\/uploads\/sites\/5\/2025\/08\/rotary--1024x538.png 1024w, https:\/\/vosgesinfo.fr\/app\/uploads\/sites\/5\/2025\/08\/rotary--300x158.png 300w, https:\/\/vosgesinfo.fr\/app\/uploads\/sites\/5\/2025\/08\/rotary--768x403.png 768w, https:\/\/vosgesinfo.fr\/app\/uploads\/sites\/5\/2025\/08\/rotary-.png 1200w\" sizes=\"(max-width: 1024px) 100vw, 1024px\" \/><\/a><\/div>\n<div><\/div>\n<div><strong>Un concert tribute Goldman Dion de grande qualit\u00e9 est organis\u00e9 par le club Rotary de Remiremont au profit de la lutte contre le cancer du sein. A l&rsquo;approche de l&rsquo;op\u00e9ration Octobre Rose, Sylvie Mariotte pr\u00e9sidente et les rotariennes du club de Remiremont ont d\u00e9cid\u00e9 de faire revenir la Compagnie P\u00e9ricard au Palais des Congr\u00e8s de Remiremont le dimanche 21 septembre \u00e0 15h00.<\/strong><\/div>\n<div><\/div>\n<div><a href=\"https:\/\/vosgesinfo.fr\/app\/uploads\/sites\/5\/2025\/08\/rotary--rotated.jpg\"><img decoding=\"async\" class=\"alignright size-medium wp-image-84665\" src=\"https:\/\/vosgesinfo.fr\/app\/uploads\/sites\/5\/2025\/08\/rotary--146x300.jpg\" alt=\"\" width=\"146\" height=\"300\" srcset=\"https:\/\/vosgesinfo.fr\/app\/uploads\/sites\/5\/2025\/08\/rotary--146x300.jpg 146w, https:\/\/vosgesinfo.fr\/app\/uploads\/sites\/5\/2025\/08\/rotary--498x1024.jpg 498w, https:\/\/vosgesinfo.fr\/app\/uploads\/sites\/5\/2025\/08\/rotary--rotated.jpg 622w\" sizes=\"(max-width: 146px) 100vw, 146px\" \/><\/a>Les 25 chanteurs et danseurs de la compagnie interpr\u00e8teront les plus grands succ\u00e8s de Jean Jacques Goldman et C\u00e9line Dion dans un show particuli\u00e8rement rythm\u00e9.<\/div>\n<div>\u00ab\u00a0Le club Rotary de Remiremont a tenu \u00e0 rendre ce spectacle accessible au plus grand nombre (la place est \u00e0 25\u20ac). Au del\u00e0 du plaisir \u00e9vident d&rsquo;entendre les titres incontournables de ces 2 immenses artistes, le public participera activement \u00e0 la lutte contre le cancer du sein\u00a0\u00bb. Se faire plaisir tout en \u00e9tant utile en somme\u00a0\u00bb souligne la Pr\u00e9sidente Sylvie Mariotte.<\/div>\n<div><\/div>\n<div><strong>Rendez-vous le 21 septembre 15h00 au Palais des congr\u00e8s de Remiremont. 25\u20ac place assise, placement libre. Buvette sur place.<\/strong><\/div>\n<div><\/div>\n<div>R\u00e9servations:<\/div>\n<div>\n<ul>\n<li>Agence Fabien Lotz immobilier<\/li>\n<\/ul>\n<\/div>\n<div>\n<ul>\n<li>Ornella et Cie 7\u00e8me (bar du Champs de Mars)<\/li>\n<\/ul>\n<\/div>\n<div>\n<ul>\n<li>Billetweb <a id=\"LPlnk545639\" title=\"https:\/\/www.billetweb.fr\/concert-tribute-to-jean-jacques-goldman-celine-dion&amp;multi=u234799&amp;margin=no_margin&amp;color=635BFF&amp;parent=1&amp;margin=no_margin&amp;color=635BFF\" href=\"https:\/\/www.billetweb.fr\/concert-tribute-to-jean-jacques-goldman-celine-dion&amp;multi=u234799&amp;margin=no_margin&amp;color=635BFF&amp;parent=1&amp;margin=no_margin&amp;color=635BFF\" target=\"_blank\" rel=\"noreferrer noopener\" data-auth=\"NotApplicable\" data-linkindex=\"0\">https:\/\/www.billetweb.fr\/concert-tribute-to-jean-jacques-goldman-celine-dion&amp;multi=u234799&amp;margin=no_margin&amp;color=635BFF&amp;parent=1&amp;margin=no_margin&amp;color=635BFF<\/a><\/li>\n<\/ul>\n<\/div>\n","protected":false},"excerpt":{"rendered":"<p>Un concert tribute Goldman Dion de grande qualit\u00e9 est organis\u00e9 par le club Rotary de Remiremont au profit de la [&hellip;]<\/p>\n","protected":false},"author":391,"featured_media":84664,"comment_status":"closed","ping_status":"open","sticky":false,"template":"","format":"standard","meta":{"footnotes":""},"categories":[26,4,43,17],"tags":[295],"class_list":["post-84661","post","type-post","status-publish","format-standard","has-post-thumbnail","hentry","category-a-la-une","category-culture","category-remiremont-remiremont-son-canton","category-vie-associative","tag-rotary"],"acf":[],"yoast_head":"<!-- This site is optimized with the Yoast SEO plugin v22.5 - https:\/\/yoast.com\/wordpress\/plugins\/seo\/ -->\n<title>Remiremont - Rotary: Concert caritatif Goldman Dion au profit de la lutte contre le cancer du sein - Remiremont Info<\/title>\n<meta name=\"robots\" content=\"index, follow, max-snippet:-1, max-image-preview:large, max-video-preview:-1\" \/>\n<link rel=\"canonical\" href=\"https:\/\/vosgesinfo.fr\/remiremontinfo\/2025\/08\/remiremont-rotary-concert-caritatif-goldman-dion-au-profit-de-la-lutte-contre-le-cancer-du-sein\/\" \/>\n<meta name=\"twitter:card\" content=\"summary_large_image\" \/>\n<meta name=\"twitter:title\" content=\"Remiremont - Rotary: Concert caritatif Goldman Dion au profit de la lutte contre le cancer du sein - Remiremont Info\" \/>\n<meta name=\"twitter:description\" content=\"Un concert tribute Goldman Dion de grande qualit\u00e9 est organis\u00e9 par le club Rotary de Remiremont au profit de la [&hellip;]\" \/>\n<meta name=\"twitter:image\" content=\"https:\/\/vosgesinfo.fr\/app\/uploads\/sites\/5\/2025\/08\/rotary-.png\" \/>\n<meta name=\"twitter:creator\" content=\"@VosgesInfo88\" \/>\n<meta name=\"twitter:site\" content=\"@VosgesInfo88\" \/>\n<meta name=\"twitter:label1\" content=\"\u00c9crit par\" \/>\n\t<meta name=\"twitter:data1\" content=\"La redaction\" \/>\n\t<meta name=\"twitter:label2\" content=\"Dur\u00e9e de lecture estim\u00e9e\" \/>\n\t<meta name=\"twitter:data2\" content=\"2 minutes\" \/>\n<script type=\"application\/ld+json\" class=\"yoast-schema-graph\">{\"@context\":\"https:\/\/schema.org\",\"@graph\":[{\"@type\":\"Article\",\"@id\":\"https:\/\/vosgesinfo.fr\/remiremontinfo\/2025\/08\/remiremont-rotary-concert-caritatif-goldman-dion-au-profit-de-la-lutte-contre-le-cancer-du-sein\/#article\",\"isPartOf\":{\"@id\":\"https:\/\/vosgesinfo.fr\/remiremontinfo\/2025\/08\/remiremont-rotary-concert-caritatif-goldman-dion-au-profit-de-la-lutte-contre-le-cancer-du-sein\/\"},\"author\":{\"name\":\"La redaction\",\"@id\":\"https:\/\/vosgesinfo.fr\/remiremontinfo\/#\/schema\/person\/27a3695b06db98895b354c0765cdfc31\"},\"headline\":\"Remiremont &#8211; Rotary: Concert caritatif Goldman Dion au profit de la lutte contre le cancer du sein\",\"datePublished\":\"2025-08-31T16:00:59+00:00\",\"dateModified\":\"2025-08-31T12:31:01+00:00\",\"mainEntityOfPage\":{\"@id\":\"https:\/\/vosgesinfo.fr\/remiremontinfo\/2025\/08\/remiremont-rotary-concert-caritatif-goldman-dion-au-profit-de-la-lutte-contre-le-cancer-du-sein\/\"},\"wordCount\":228,\"publisher\":{\"@id\":\"https:\/\/vosgesinfo.fr\/remiremontinfo\/#organization\"},\"image\":{\"@id\":\"https:\/\/vosgesinfo.fr\/remiremontinfo\/2025\/08\/remiremont-rotary-concert-caritatif-goldman-dion-au-profit-de-la-lutte-contre-le-cancer-du-sein\/#primaryimage\"},\"thumbnailUrl\":\"https:\/\/vosgesinfo.fr\/app\/uploads\/sites\/5\/2025\/08\/rotary-.png\",\"keywords\":[\"Rotary\"],\"articleSection\":[\"A la Une\",\"Culture\",\"Remiremont\",\"Vie associative\"],\"inLanguage\":\"fr-FR\"},{\"@type\":\"WebPage\",\"@id\":\"https:\/\/vosgesinfo.fr\/remiremontinfo\/2025\/08\/remiremont-rotary-concert-caritatif-goldman-dion-au-profit-de-la-lutte-contre-le-cancer-du-sein\/\",\"url\":\"https:\/\/vosgesinfo.fr\/remiremontinfo\/2025\/08\/remiremont-rotary-concert-caritatif-goldman-dion-au-profit-de-la-lutte-contre-le-cancer-du-sein\/\",\"name\":\"Remiremont - Rotary: Concert caritatif Goldman Dion au profit de la lutte contre le cancer du sein - Remiremont Info\",\"isPartOf\":{\"@id\":\"https:\/\/vosgesinfo.fr\/remiremontinfo\/#website\"},\"primaryImageOfPage\":{\"@id\":\"https:\/\/vosgesinfo.fr\/remiremontinfo\/2025\/08\/remiremont-rotary-concert-caritatif-goldman-dion-au-profit-de-la-lutte-contre-le-cancer-du-sein\/#primaryimage\"},\"image\":{\"@id\":\"https:\/\/vosgesinfo.fr\/remiremontinfo\/2025\/08\/remiremont-rotary-concert-caritatif-goldman-dion-au-profit-de-la-lutte-contre-le-cancer-du-sein\/#primaryimage\"},\"thumbnailUrl\":\"https:\/\/vosgesinfo.fr\/app\/uploads\/sites\/5\/2025\/08\/rotary-.png\",\"datePublished\":\"2025-08-31T16:00:59+00:00\",\"dateModified\":\"2025-08-31T12:31:01+00:00\",\"breadcrumb\":{\"@id\":\"https:\/\/vosgesinfo.fr\/remiremontinfo\/2025\/08\/remiremont-rotary-concert-caritatif-goldman-dion-au-profit-de-la-lutte-contre-le-cancer-du-sein\/#breadcrumb\"},\"inLanguage\":\"fr-FR\",\"potentialAction\":[{\"@type\":\"ReadAction\",\"target\":[\"https:\/\/vosgesinfo.fr\/remiremontinfo\/2025\/08\/remiremont-rotary-concert-caritatif-goldman-dion-au-profit-de-la-lutte-contre-le-cancer-du-sein\/\"]}]},{\"@type\":\"ImageObject\",\"inLanguage\":\"fr-FR\",\"@id\":\"https:\/\/vosgesinfo.fr\/remiremontinfo\/2025\/08\/remiremont-rotary-concert-caritatif-goldman-dion-au-profit-de-la-lutte-contre-le-cancer-du-sein\/#primaryimage\",\"url\":\"https:\/\/vosgesinfo.fr\/app\/uploads\/sites\/5\/2025\/08\/rotary-.png\",\"contentUrl\":\"https:\/\/vosgesinfo.fr\/app\/uploads\/sites\/5\/2025\/08\/rotary-.png\",\"width\":1200,\"height\":630},{\"@type\":\"BreadcrumbList\",\"@id\":\"https:\/\/vosgesinfo.fr\/remiremontinfo\/2025\/08\/remiremont-rotary-concert-caritatif-goldman-dion-au-profit-de-la-lutte-contre-le-cancer-du-sein\/#breadcrumb\",\"itemListElement\":[{\"@type\":\"ListItem\",\"position\":1,\"name\":\"Home\",\"item\":\"https:\/\/vosgesinfo.fr\/remiremontinfo\/\"},{\"@type\":\"ListItem\",\"position\":2,\"name\":\"Remiremont &#8211; Rotary: Concert caritatif Goldman Dion au profit de la lutte contre le cancer du sein\"}]},{\"@type\":\"WebSite\",\"@id\":\"https:\/\/vosgesinfo.fr\/remiremontinfo\/#website\",\"url\":\"https:\/\/vosgesinfo.fr\/remiremontinfo\/\",\"name\":\"Remiremont Info\",\"description\":\"Toute l&#039;actualit\u00e9 de Remiremont\",\"publisher\":{\"@id\":\"https:\/\/vosgesinfo.fr\/remiremontinfo\/#organization\"},\"alternateName\":\"Toute l'actualit\u00e9 de Remiremont\",\"potentialAction\":[{\"@type\":\"SearchAction\",\"target\":{\"@type\":\"EntryPoint\",\"urlTemplate\":\"https:\/\/vosgesinfo.fr\/remiremontinfo\/?s={search_term_string}\"},\"query-input\":\"required name=search_term_string\"}],\"inLanguage\":\"fr-FR\"},{\"@type\":\"Organization\",\"@id\":\"https:\/\/vosgesinfo.fr\/remiremontinfo\/#organization\",\"name\":\"Remiremont Info\",\"url\":\"https:\/\/vosgesinfo.fr\/remiremontinfo\/\",\"logo\":{\"@type\":\"ImageObject\",\"inLanguage\":\"fr-FR\",\"@id\":\"https:\/\/vosgesinfo.fr\/remiremontinfo\/#\/schema\/logo\/image\/\",\"url\":\"https:\/\/vosgesinfo.fr\/app\/uploads\/sites\/5\/2023\/08\/favicon-remiremontinfo.png\",\"contentUrl\":\"https:\/\/vosgesinfo.fr\/app\/uploads\/sites\/5\/2023\/08\/favicon-remiremontinfo.png\",\"width\":512,\"height\":512,\"caption\":\"Remiremont Info\"},\"image\":{\"@id\":\"https:\/\/vosgesinfo.fr\/remiremontinfo\/#\/schema\/logo\/image\/\"},\"sameAs\":[\"https:\/\/www.facebook.com\/remiremontinfo\",\"https:\/\/x.com\/VosgesInfo88\",\"https:\/\/www.youtube.com\/@vosgesinfo\"]},{\"@type\":\"Person\",\"@id\":\"https:\/\/vosgesinfo.fr\/remiremontinfo\/#\/schema\/person\/27a3695b06db98895b354c0765cdfc31\",\"name\":\"La redaction\",\"image\":{\"@type\":\"ImageObject\",\"inLanguage\":\"fr-FR\",\"@id\":\"https:\/\/vosgesinfo.fr\/remiremontinfo\/#\/schema\/person\/image\/\",\"url\":\"https:\/\/secure.gravatar.com\/avatar\/64c76a78e501cedee55736f43f332df901e1896ae9cd8fad269ae2236dd0e8b6?s=96&d=mm&r=g\",\"contentUrl\":\"https:\/\/secure.gravatar.com\/avatar\/64c76a78e501cedee55736f43f332df901e1896ae9cd8fad269ae2236dd0e8b6?s=96&d=mm&r=g\",\"caption\":\"La redaction\"},\"url\":\"https:\/\/vosgesinfo.fr\/remiremontinfo\/author\/la-redaction\/\"}]}<\/script>\n<!-- \/ Yoast SEO plugin. -->","yoast_head_json":{"title":"Remiremont - Rotary: Concert caritatif Goldman Dion au profit de la lutte contre le cancer du sein - Remiremont Info","robots":{"index":"index","follow":"follow","max-snippet":"max-snippet:-1","max-image-preview":"max-image-preview:large","max-video-preview":"max-video-preview:-1"},"canonical":"https:\/\/vosgesinfo.fr\/remiremontinfo\/2025\/08\/remiremont-rotary-concert-caritatif-goldman-dion-au-profit-de-la-lutte-contre-le-cancer-du-sein\/","twitter_card":"summary_large_image","twitter_title":"Remiremont - Rotary: Concert caritatif Goldman Dion au profit de la lutte contre le cancer du sein - Remiremont Info","twitter_description":"Un concert tribute Goldman Dion de grande qualit\u00e9 est organis\u00e9 par le club Rotary de Remiremont au profit de la [&hellip;]","twitter_image":"https:\/\/vosgesinfo.fr\/app\/uploads\/sites\/5\/2025\/08\/rotary-.png","twitter_creator":"@VosgesInfo88","twitter_site":"@VosgesInfo88","twitter_misc":{"\u00c9crit par":"La redaction","Dur\u00e9e de lecture estim\u00e9e":"2 minutes"},"schema":{"@context":"https:\/\/schema.org","@graph":[{"@type":"Article","@id":"https:\/\/vosgesinfo.fr\/remiremontinfo\/2025\/08\/remiremont-rotary-concert-caritatif-goldman-dion-au-profit-de-la-lutte-contre-le-cancer-du-sein\/#article","isPartOf":{"@id":"https:\/\/vosgesinfo.fr\/remiremontinfo\/2025\/08\/remiremont-rotary-concert-caritatif-goldman-dion-au-profit-de-la-lutte-contre-le-cancer-du-sein\/"},"author":{"name":"La redaction","@id":"https:\/\/vosgesinfo.fr\/remiremontinfo\/#\/schema\/person\/27a3695b06db98895b354c0765cdfc31"},"headline":"Remiremont &#8211; Rotary: Concert caritatif Goldman Dion au profit de la lutte contre le cancer du sein","datePublished":"2025-08-31T16:00:59+00:00","dateModified":"2025-08-31T12:31:01+00:00","mainEntityOfPage":{"@id":"https:\/\/vosgesinfo.fr\/remiremontinfo\/2025\/08\/remiremont-rotary-concert-caritatif-goldman-dion-au-profit-de-la-lutte-contre-le-cancer-du-sein\/"},"wordCount":228,"publisher":{"@id":"https:\/\/vosgesinfo.fr\/remiremontinfo\/#organization"},"image":{"@id":"https:\/\/vosgesinfo.fr\/remiremontinfo\/2025\/08\/remiremont-rotary-concert-caritatif-goldman-dion-au-profit-de-la-lutte-contre-le-cancer-du-sein\/#primaryimage"},"thumbnailUrl":"https:\/\/vosgesinfo.fr\/app\/uploads\/sites\/5\/2025\/08\/rotary-.png","keywords":["Rotary"],"articleSection":["A la Une","Culture","Remiremont","Vie associative"],"inLanguage":"fr-FR"},{"@type":"WebPage","@id":"https:\/\/vosgesinfo.fr\/remiremontinfo\/2025\/08\/remiremont-rotary-concert-caritatif-goldman-dion-au-profit-de-la-lutte-contre-le-cancer-du-sein\/","url":"https:\/\/vosgesinfo.fr\/remiremontinfo\/2025\/08\/remiremont-rotary-concert-caritatif-goldman-dion-au-profit-de-la-lutte-contre-le-cancer-du-sein\/","name":"Remiremont - Rotary: Concert caritatif Goldman Dion au profit de la lutte contre le cancer du sein - Remiremont Info","isPartOf":{"@id":"https:\/\/vosgesinfo.fr\/remiremontinfo\/#website"},"primaryImageOfPage":{"@id":"https:\/\/vosgesinfo.fr\/remiremontinfo\/2025\/08\/remiremont-rotary-concert-caritatif-goldman-dion-au-profit-de-la-lutte-contre-le-cancer-du-sein\/#primaryimage"},"image":{"@id":"https:\/\/vosgesinfo.fr\/remiremontinfo\/2025\/08\/remiremont-rotary-concert-caritatif-goldman-dion-au-profit-de-la-lutte-contre-le-cancer-du-sein\/#primaryimage"},"thumbnailUrl":"https:\/\/vosgesinfo.fr\/app\/uploads\/sites\/5\/2025\/08\/rotary-.png","datePublished":"2025-08-31T16:00:59+00:00","dateModified":"2025-08-31T12:31:01+00:00","breadcrumb":{"@id":"https:\/\/vosgesinfo.fr\/remiremontinfo\/2025\/08\/remiremont-rotary-concert-caritatif-goldman-dion-au-profit-de-la-lutte-contre-le-cancer-du-sein\/#breadcrumb"},"inLanguage":"fr-FR","potentialAction":[{"@type":"ReadAction","target":["https:\/\/vosgesinfo.fr\/remiremontinfo\/2025\/08\/remiremont-rotary-concert-caritatif-goldman-dion-au-profit-de-la-lutte-contre-le-cancer-du-sein\/"]}]},{"@type":"ImageObject","inLanguage":"fr-FR","@id":"https:\/\/vosgesinfo.fr\/remiremontinfo\/2025\/08\/remiremont-rotary-concert-caritatif-goldman-dion-au-profit-de-la-lutte-contre-le-cancer-du-sein\/#primaryimage","url":"https:\/\/vosgesinfo.fr\/app\/uploads\/sites\/5\/2025\/08\/rotary-.png","contentUrl":"https:\/\/vosgesinfo.fr\/app\/uploads\/sites\/5\/2025\/08\/rotary-.png","width":1200,"height":630},{"@type":"BreadcrumbList","@id":"https:\/\/vosgesinfo.fr\/remiremontinfo\/2025\/08\/remiremont-rotary-concert-caritatif-goldman-dion-au-profit-de-la-lutte-contre-le-cancer-du-sein\/#breadcrumb","itemListElement":[{"@type":"ListItem","position":1,"name":"Home","item":"https:\/\/vosgesinfo.fr\/remiremontinfo\/"},{"@type":"ListItem","position":2,"name":"Remiremont &#8211; Rotary: Concert caritatif Goldman Dion au profit de la lutte contre le cancer du sein"}]},{"@type":"WebSite","@id":"https:\/\/vosgesinfo.fr\/remiremontinfo\/#website","url":"https:\/\/vosgesinfo.fr\/remiremontinfo\/","name":"Remiremont Info","description":"Toute l&#039;actualit\u00e9 de Remiremont","publisher":{"@id":"https:\/\/vosgesinfo.fr\/remiremontinfo\/#organization"},"alternateName":"Toute l'actualit\u00e9 de Remiremont","potentialAction":[{"@type":"SearchAction","target":{"@type":"EntryPoint","urlTemplate":"https:\/\/vosgesinfo.fr\/remiremontinfo\/?s={search_term_string}"},"query-input":"required name=search_term_string"}],"inLanguage":"fr-FR"},{"@type":"Organization","@id":"https:\/\/vosgesinfo.fr\/remiremontinfo\/#organization","name":"Remiremont Info","url":"https:\/\/vosgesinfo.fr\/remiremontinfo\/","logo":{"@type":"ImageObject","inLanguage":"fr-FR","@id":"https:\/\/vosgesinfo.fr\/remiremontinfo\/#\/schema\/logo\/image\/","url":"https:\/\/vosgesinfo.fr\/app\/uploads\/sites\/5\/2023\/08\/favicon-remiremontinfo.png","contentUrl":"https:\/\/vosgesinfo.fr\/app\/uploads\/sites\/5\/2023\/08\/favicon-remiremontinfo.png","width":512,"height":512,"caption":"Remiremont Info"},"image":{"@id":"https:\/\/vosgesinfo.fr\/remiremontinfo\/#\/schema\/logo\/image\/"},"sameAs":["https:\/\/www.facebook.com\/remiremontinfo","https:\/\/x.com\/VosgesInfo88","https:\/\/www.youtube.com\/@vosgesinfo"]},{"@type":"Person","@id":"https:\/\/vosgesinfo.fr\/remiremontinfo\/#\/schema\/person\/27a3695b06db98895b354c0765cdfc31","name":"La redaction","image":{"@type":"ImageObject","inLanguage":"fr-FR","@id":"https:\/\/vosgesinfo.fr\/remiremontinfo\/#\/schema\/person\/image\/","url":"https:\/\/secure.gravatar.com\/avatar\/64c76a78e501cedee55736f43f332df901e1896ae9cd8fad269ae2236dd0e8b6?s=96&d=mm&r=g","contentUrl":"https:\/\/secure.gravatar.com\/avatar\/64c76a78e501cedee55736f43f332df901e1896ae9cd8fad269ae2236dd0e8b6?s=96&d=mm&r=g","caption":"La redaction"},"url":"https:\/\/vosgesinfo.fr\/remiremontinfo\/author\/la-redaction\/"}]}},"_links":{"self":[{"href":"https:\/\/vosgesinfo.fr\/remiremontinfo\/wp-json\/wp\/v2\/posts\/84661","targetHints":{"allow":["GET"]}}],"collection":[{"href":"https:\/\/vosgesinfo.fr\/remiremontinfo\/wp-json\/wp\/v2\/posts"}],"about":[{"href":"https:\/\/vosgesinfo.fr\/remiremontinfo\/wp-json\/wp\/v2\/types\/post"}],"author":[{"embeddable":true,"href":"https:\/\/vosgesinfo.fr\/remiremontinfo\/wp-json\/wp\/v2\/users\/391"}],"replies":[{"embeddable":true,"href":"https:\/\/vosgesinfo.fr\/remiremontinfo\/wp-json\/wp\/v2\/comments?post=84661"}],"version-history":[{"count":1,"href":"https:\/\/vosgesinfo.fr\/remiremontinfo\/wp-json\/wp\/v2\/posts\/84661\/revisions"}],"predecessor-version":[{"id":84668,"href":"https:\/\/vosgesinfo.fr\/remiremontinfo\/wp-json\/wp\/v2\/posts\/84661\/revisions\/84668"}],"wp:featuredmedia":[{"embeddable":true,"href":"https:\/\/vosgesinfo.fr\/remiremontinfo\/wp-json\/wp\/v2\/media\/84664"}],"wp:attachment":[{"href":"https:\/\/vosgesinfo.fr\/remiremontinfo\/wp-json\/wp\/v2\/media?parent=84661"}],"wp:term":[{"taxonomy":"category","embeddable":true,"href":"https:\/\/vosgesinfo.fr\/remiremontinfo\/wp-json\/wp\/v2\/categories?post=84661"},{"taxonomy":"post_tag","embeddable":true,"href":"https:\/\/vosgesinfo.fr\/remiremontinfo\/wp-json\/wp\/v2\/tags?post=84661"}],"curies":[{"name":"wp","href":"https:\/\/api.w.org\/{rel}","templated":true}]}}