{"id":84674,"date":"2025-08-31T19:10:51","date_gmt":"2025-08-31T17:10:51","guid":{"rendered":"https:\/\/vosgesinfo.fr\/remiremontinfo\/?p=84674"},"modified":"2025-08-31T18:47:46","modified_gmt":"2025-08-31T16:47:46","slug":"le-collectif-citoyen-espoir-lance-le-bavar-le-1er-barometre-de-la-vie-associative-romarimontaine","status":"publish","type":"post","link":"https:\/\/vosgesinfo.fr\/remiremontinfo\/2025\/08\/le-collectif-citoyen-espoir-lance-le-bavar-le-1er-barometre-de-la-vie-associative-romarimontaine\/","title":{"rendered":"Le collectif citoyen ESPOIR lance le BAVAR ! Le 1er barom\u00e8tre de la vie associative romarimontaine"},"content":{"rendered":"<p align=\"justify\"><span style=\"color: #0000ff;\"><u><a href=\"https:\/\/www.linkedin.com\/company\/ccespoir\" name=\"https:\/\/www.linkedin.com\/company\/ccespoir\"><\/a><\/u><\/span><\/p>\n<p><a href=\"https:\/\/vosgesinfo.fr\/app\/uploads\/sites\/5\/2025\/08\/logo-avec-valeurs-espoir-vert-foret-transparent-thin.jpg\"><img decoding=\"async\" class=\"aligncenter size-medium wp-image-84675\" src=\"https:\/\/vosgesinfo.fr\/app\/uploads\/sites\/5\/2025\/08\/logo-avec-valeurs-espoir-vert-foret-transparent-thin-300x208.jpg\" alt=\"\" width=\"300\" height=\"208\" srcset=\"https:\/\/vosgesinfo.fr\/app\/uploads\/sites\/5\/2025\/08\/logo-avec-valeurs-espoir-vert-foret-transparent-thin-300x208.jpg 300w, https:\/\/vosgesinfo.fr\/app\/uploads\/sites\/5\/2025\/08\/logo-avec-valeurs-espoir-vert-foret-transparent-thin-1024x709.jpg 1024w, https:\/\/vosgesinfo.fr\/app\/uploads\/sites\/5\/2025\/08\/logo-avec-valeurs-espoir-vert-foret-transparent-thin-768x532.jpg 768w, https:\/\/vosgesinfo.fr\/app\/uploads\/sites\/5\/2025\/08\/logo-avec-valeurs-espoir-vert-foret-transparent-thin.jpg 1280w\" sizes=\"(max-width: 300px) 100vw, 300px\" \/><\/a><\/p>\n<p align=\"justify\"><span style=\"color: #0000ff;\"><u><a href=\"https:\/\/www.linkedin.com\/company\/ccespoir\" name=\"https:\/\/www.linkedin.com\/company\/ccespoir\"><\/a><\/u><\/span><\/p>\n<p>\u00c0 l\u2019occasion du forum des associations, qui se tiendra samedi 30 ao\u00fbt au Palais des Congr\u00e8s, le collectif citoyen ESPOIR lance une initiative in\u00e9dite : le Barom\u00e8tre de la Vie Associative Romarimontaine (BAVAR). Bien plus qu\u2019une simple enqu\u00eate, ce barom\u00e8tre ambitionne de mettre en lumi\u00e8re le r\u00f4le central des associations dans la vie locale,<br \/>\ntout en identifiant leurs besoins et leurs attentes pour mieux les accompagner.<\/p>\n<p align=\"justify\"><span style=\"color: #0000ff;\"><u><a href=\"https:\/\/www.linkedin.com\/company\/ccespoir\" name=\"https:\/\/www.linkedin.com\/company\/ccespoir\"><\/a><\/u><\/span><\/p>\n<p><strong>Un barom\u00e8tre pour dresser un \u00e9tat des lieux de la vie associative<\/strong><br \/>\nConnue pour la vitalit\u00e9 commer\u00e7ante de son centre-ville, Remiremont l\u2019est pas forc\u00e9ment pour sa vitalit\u00e9 associative. Pourtant, plus d\u2019une centaine d\u2019associations sont domicili\u00e9es sur la commune et elles m\u00e9riteraient d\u2019\u00eatre davantage valoris\u00e9es. Si c\u2019est l\u2019un des objectifs du Forum des Associations organis\u00e9 par la Mairie, celui-ci ne permet toutefois pas de r\u00e9v\u00e9ler toutes les r\u00e9alit\u00e9s de nos associations romarimontaines.<br \/>\nEn effet, les associations jouent un r\u00f4le cl\u00e9 dans le vivre-ensemble, en r\u00e9pondant aux besoins des habitant\u00b7es et en renfor\u00e7ant la coh\u00e9sion territoriale. Elles animent les quartiers, contribuent au lien social, \u00e0 la solidarit\u00e9 et participent au d\u00e9veloppement et \u00e0 l\u2019attractivit\u00e9 de notre territoire. A l\u2019heure o\u00f9 les urgences sociales, \u00e9cologiques et d\u00e9mocratiques s\u2019intensifient, les associations agissent chaque jour un peu plus pour pallier les reculs de l\u2019Etat et des collectivit\u00e9s. Mais elles le font dans un contexte de plus en plus difficile. Plus g\u00e9n\u00e9ralement, les financements publics sont toujours moindres, entra\u00eenant \u00e9galement la fragilisation de l\u2019emploi associatif, et la remise en cause de leur capacit\u00e9 d\u2019action. A l\u2019\u00e9chelle locale, ces d\u00e9fis pour les associations sont \u00e9galement bien pr\u00e9sents : de la pr\u00e9carit\u00e9 financi\u00e8re \u00e0 la difficult\u00e9 \u00e0 recruter des b\u00e9n\u00e9voles, en passant par le manque de locaux ou encore la complexit\u00e9 des relations avec les institutions.<br \/>\nAvec le BAVAR, ESPOIR souhaite dresser une photographie de la vie associative romarimontaine, comprendre leurs r\u00e9alit\u00e9s, identifier leurs attentes vis-\u00e0-vis de la municipalit\u00e9 et valoriser leur impact. L\u2019objectif est de montrer aux Romarimontain\u00b7es et aux \u00e9lu\u00b7es que les associations sont un levier essentiel pour le dynamisme et l\u2019attractivit\u00e9 de la ville.<br \/>\n\u00ab Les associations sont le ciment de notre soci\u00e9t\u00e9 locale. Le BAVAR est une occasion unique de leur donner la parole, de mesurer leur contribution, et de construire avec elles des solutions adapt\u00e9es \u00e0 leurs besoins \u00bb, explique Eva, membre du collectif.<\/p>\n<p align=\"justify\"><span style=\"color: #0000ff;\"><u><a href=\"https:\/\/www.linkedin.com\/company\/ccespoir\" name=\"https:\/\/www.linkedin.com\/company\/ccespoir\"><\/a><\/u><\/span><\/p>\n<p><strong>Un outil au service de l\u2019int\u00e9r\u00eat g\u00e9n\u00e9ral<\/strong><br \/>\nLe BAVAR s\u2019inscrit dans la d\u00e9marche citoyenne et collaborative du collectif ESPOIR. Les r\u00e9sultats permettront de nourrir le d\u00e9bat public, de proposer des pistes d\u2019action concr\u00e8tes aux \u00e9lu\u00b7es et aux services municipaux pour mieux accompagner les associations. Avec ce barom\u00e8tre, le collectif souhaite mobiliser les habitant\u00b7es autour des enjeux associatifs, en montrant comment chacun peut s\u2019impliquer ou soutenir ces acteur\u00b7ices de terrain.<br \/>\n\u00ab Ce barom\u00e8tre n\u2019est pas une fin en soi, mais un point de d\u00e9part. Nous voulons que ses conclusions servent \u00e0 am\u00e9liorer les politiques publiques locales et \u00e0 renforcer le dialogue entre la mairie, les associations et les citoyen\u00b7nes \u00bb, pr\u00e9cise Etienne, co-fondateur du collectif.<\/p>\n<p align=\"justify\"><span style=\"color: #0000ff;\"><u><a href=\"https:\/\/www.linkedin.com\/company\/ccespoir\" name=\"https:\/\/www.linkedin.com\/company\/ccespoir\"><\/a><\/u><\/span><\/p>\n<p>Comment participer ? =&gt; lien vers le formulaire de r\u00e9ponse\u00a0: https:\/\/tinyurl.com\/bavar-remiremont<br \/>\nLe BAVAR est ouvert \u00e0 toutes les associations de Remiremont, quelles que soient leur taille ou leur domaine d\u2019activit\u00e9. Il aborde des th\u00e8mes vari\u00e9s\u00a0: les chiffres-cl\u00e9s et moyens de l\u2019association, leur \u00e9tat d\u2019esprit dans la p\u00e9riode actuelle, leur relation avec la municipalit\u00e9 et propose \u00e9galement un espace d\u2019expression libre pour partager id\u00e9es, envies ou suggestions.<br \/>\nLes associations pourront r\u00e9pondre au barom\u00e8tre d\u00e8s le 30 ao\u00fbt, lors du Forum des Associations, ou en ligne dans les semaines suivantes. Les r\u00e9sultats seront analys\u00e9s, synth\u00e9tis\u00e9s et restitu\u00e9s publiquement, avant d\u2019\u00eatre partag\u00e9s avec les participant\u00b7es et les \u00e9lu\u00b7es.<br \/>\n\u00ab Le BAVAR est un exemple concret de notre m\u00e9thode : \u00e9couter les acteurs de terrain, analyser leurs besoins, et agir ensemble pour am\u00e9liorer le quotidien. Nous invitons toutes les associations \u00e0 s\u2019emparer de cet outil pour faire entendre leur voix et contribuer \u00e0 dessiner l\u2019avenir de Remiremont.<\/p>\n<p align=\"justify\"><span style=\"color: #0000ff;\"><u><a href=\"https:\/\/www.linkedin.com\/company\/ccespoir\" name=\"https:\/\/www.linkedin.com\/company\/ccespoir\"><\/a><\/u><\/span><\/p>\n<h4>\n\u00c0 propos du collectif citoyen ESPOIR<\/h4>\n<p>ESPOIR est un collectif citoyen compos\u00e9 de femmes et d\u2019hommes, d\u2019actif\u00b7ves et de retrait\u00e9\u00b7es, d\u2019habitant\u00b7es et de militant\u00b7es, d\u00e9sireux\u00b7ses de revivifier la d\u00e9mocratie locale et proposer une nouvelle donne politique aux Romarimontain\u00b7es&#8230;<br \/>\nConstitu\u00e9 en mars 2025 dans la perspectives des prochaines \u00e9lections municipales, le collectif portera un projet humaniste pour Remiremont \u00e0 travers une liste citoyenne et participative. Son ambition\u00a0est double\u00a0: redonner du pouvoir d\u2019agir aux habitant\u00b7es et am\u00e9liorer concr\u00e8tement leur quotidien. \u00c0 travers une approche r\u00e9solument citoyenne (au-del\u00e0 des logiques partisanes ou personnelles) et un programme co-construit avec les habitant\u00b7es (\u00e0 partir du v\u00e9cu de chacun\u00b7e), le collectif citoyen ESPOIR souhaite faire de la politique autrement.<br \/>\nAvec ESPOIR, pas de casting municipal pilot\u00e9 par une t\u00eate de liste autoproclam\u00e9e : la liste est ouverte \u00e0 tou\u00b7tes et sa composition discut\u00e9e et d\u00e9finie collectivement. Avec ESPOIR, pas de promesses bateaux ou d\u00e9mago : le programme est construit avec et pour les habitant\u00b7es. Avec ESPOIR, pas de professionnel\u00b7les de la politique mais des citoyen\u00b7nes impliqu\u00e9\u00b7es, ouvert\u00b7es, curieux\u00b7ses et \u00e0 l\u2019\u00e9coute.<\/p>\n<p align=\"justify\"><span style=\"color: #0000ff;\"><u><a href=\"https:\/\/www.linkedin.com\/company\/ccespoir\" name=\"https:\/\/www.linkedin.com\/company\/ccespoir\"><\/a><\/u><\/span><\/p>\n<p>Pour aller plus loin\u00a0:<br \/>\nRendez-vous sur notre site internet\u00a0: www.espoir.cc<br \/>\nPosez vos questions par mail \u00e0 l\u2019adresse suivante\u00a0: contact@espoir.cc<br \/>\nSuivez-nous sur Facebook (facebook.com\/ccespoir) Instagram (instagram.com\/collectifespoir) et LinkedIn<\/p>\n<p align=\"justify\"><span style=\"color: #0000ff;\"><u><a href=\"https:\/\/www.linkedin.com\/company\/ccespoir\" name=\"https:\/\/www.linkedin.com\/company\/ccespoir\"><\/a><\/u><\/span><\/p>\n","protected":false},"excerpt":{"rendered":"<p>\u00c0 l\u2019occasion du forum des associations, qui se tiendra samedi 30 ao\u00fbt au Palais des Congr\u00e8s, le collectif citoyen ESPOIR [&hellip;]<\/p>\n","protected":false},"author":391,"featured_media":84675,"comment_status":"closed","ping_status":"open","sticky":false,"template":"","format":"standard","meta":{"footnotes":""},"categories":[26,43,17],"tags":[8408,8406,8407],"class_list":["post-84674","post","type-post","status-publish","format-standard","has-post-thumbnail","hentry","category-a-la-une","category-remiremont-remiremont-son-canton","category-vie-associative","tag-barometre-de-la-vie-associative","tag-bavar","tag-espoir"],"acf":[],"yoast_head":"<!-- This site is optimized with the Yoast SEO plugin v22.5 - https:\/\/yoast.com\/wordpress\/plugins\/seo\/ -->\n<title>Le collectif citoyen ESPOIR lance le BAVAR ! Le 1er barom\u00e8tre de la vie associative romarimontaine - Remiremont Info<\/title>\n<meta name=\"robots\" content=\"index, follow, max-snippet:-1, max-image-preview:large, max-video-preview:-1\" \/>\n<link rel=\"canonical\" href=\"https:\/\/vosgesinfo.fr\/remiremontinfo\/2025\/08\/le-collectif-citoyen-espoir-lance-le-bavar-le-1er-barometre-de-la-vie-associative-romarimontaine\/\" \/>\n<meta name=\"twitter:card\" content=\"summary_large_image\" \/>\n<meta name=\"twitter:title\" content=\"Le collectif citoyen ESPOIR lance le BAVAR ! Le 1er barom\u00e8tre de la vie associative romarimontaine - Remiremont Info\" \/>\n<meta name=\"twitter:description\" content=\"\u00c0 l\u2019occasion du forum des associations, qui se tiendra samedi 30 ao\u00fbt au Palais des Congr\u00e8s, le collectif citoyen ESPOIR [&hellip;]\" \/>\n<meta name=\"twitter:image\" content=\"https:\/\/vosgesinfo.fr\/app\/uploads\/sites\/5\/2025\/08\/logo-avec-valeurs-espoir-vert-foret-transparent-thin.jpg\" \/>\n<meta name=\"twitter:creator\" content=\"@VosgesInfo88\" \/>\n<meta name=\"twitter:site\" content=\"@VosgesInfo88\" \/>\n<meta name=\"twitter:label1\" content=\"\u00c9crit par\" \/>\n\t<meta name=\"twitter:data1\" content=\"La redaction\" \/>\n\t<meta name=\"twitter:label2\" content=\"Dur\u00e9e de lecture estim\u00e9e\" \/>\n\t<meta name=\"twitter:data2\" content=\"5 minutes\" \/>\n<script type=\"application\/ld+json\" class=\"yoast-schema-graph\">{\"@context\":\"https:\/\/schema.org\",\"@graph\":[{\"@type\":\"Article\",\"@id\":\"https:\/\/vosgesinfo.fr\/remiremontinfo\/2025\/08\/le-collectif-citoyen-espoir-lance-le-bavar-le-1er-barometre-de-la-vie-associative-romarimontaine\/#article\",\"isPartOf\":{\"@id\":\"https:\/\/vosgesinfo.fr\/remiremontinfo\/2025\/08\/le-collectif-citoyen-espoir-lance-le-bavar-le-1er-barometre-de-la-vie-associative-romarimontaine\/\"},\"author\":{\"name\":\"La redaction\",\"@id\":\"https:\/\/vosgesinfo.fr\/remiremontinfo\/#\/schema\/person\/27a3695b06db98895b354c0765cdfc31\"},\"headline\":\"Le collectif citoyen ESPOIR lance le BAVAR ! Le 1er barom\u00e8tre de la vie associative romarimontaine\",\"datePublished\":\"2025-08-31T17:10:51+00:00\",\"dateModified\":\"2025-08-31T16:47:46+00:00\",\"mainEntityOfPage\":{\"@id\":\"https:\/\/vosgesinfo.fr\/remiremontinfo\/2025\/08\/le-collectif-citoyen-espoir-lance-le-bavar-le-1er-barometre-de-la-vie-associative-romarimontaine\/\"},\"wordCount\":983,\"publisher\":{\"@id\":\"https:\/\/vosgesinfo.fr\/remiremontinfo\/#organization\"},\"image\":{\"@id\":\"https:\/\/vosgesinfo.fr\/remiremontinfo\/2025\/08\/le-collectif-citoyen-espoir-lance-le-bavar-le-1er-barometre-de-la-vie-associative-romarimontaine\/#primaryimage\"},\"thumbnailUrl\":\"https:\/\/vosgesinfo.fr\/app\/uploads\/sites\/5\/2025\/08\/logo-avec-valeurs-espoir-vert-foret-transparent-thin.jpg\",\"keywords\":[\"Barom\u00e8tre de la vie associative\",\"BAVAR\",\"ESPOIR\"],\"articleSection\":[\"A la Une\",\"Remiremont\",\"Vie associative\"],\"inLanguage\":\"fr-FR\"},{\"@type\":\"WebPage\",\"@id\":\"https:\/\/vosgesinfo.fr\/remiremontinfo\/2025\/08\/le-collectif-citoyen-espoir-lance-le-bavar-le-1er-barometre-de-la-vie-associative-romarimontaine\/\",\"url\":\"https:\/\/vosgesinfo.fr\/remiremontinfo\/2025\/08\/le-collectif-citoyen-espoir-lance-le-bavar-le-1er-barometre-de-la-vie-associative-romarimontaine\/\",\"name\":\"Le collectif citoyen ESPOIR lance le BAVAR ! Le 1er barom\u00e8tre de la vie associative romarimontaine - Remiremont Info\",\"isPartOf\":{\"@id\":\"https:\/\/vosgesinfo.fr\/remiremontinfo\/#website\"},\"primaryImageOfPage\":{\"@id\":\"https:\/\/vosgesinfo.fr\/remiremontinfo\/2025\/08\/le-collectif-citoyen-espoir-lance-le-bavar-le-1er-barometre-de-la-vie-associative-romarimontaine\/#primaryimage\"},\"image\":{\"@id\":\"https:\/\/vosgesinfo.fr\/remiremontinfo\/2025\/08\/le-collectif-citoyen-espoir-lance-le-bavar-le-1er-barometre-de-la-vie-associative-romarimontaine\/#primaryimage\"},\"thumbnailUrl\":\"https:\/\/vosgesinfo.fr\/app\/uploads\/sites\/5\/2025\/08\/logo-avec-valeurs-espoir-vert-foret-transparent-thin.jpg\",\"datePublished\":\"2025-08-31T17:10:51+00:00\",\"dateModified\":\"2025-08-31T16:47:46+00:00\",\"breadcrumb\":{\"@id\":\"https:\/\/vosgesinfo.fr\/remiremontinfo\/2025\/08\/le-collectif-citoyen-espoir-lance-le-bavar-le-1er-barometre-de-la-vie-associative-romarimontaine\/#breadcrumb\"},\"inLanguage\":\"fr-FR\",\"potentialAction\":[{\"@type\":\"ReadAction\",\"target\":[\"https:\/\/vosgesinfo.fr\/remiremontinfo\/2025\/08\/le-collectif-citoyen-espoir-lance-le-bavar-le-1er-barometre-de-la-vie-associative-romarimontaine\/\"]}]},{\"@type\":\"ImageObject\",\"inLanguage\":\"fr-FR\",\"@id\":\"https:\/\/vosgesinfo.fr\/remiremontinfo\/2025\/08\/le-collectif-citoyen-espoir-lance-le-bavar-le-1er-barometre-de-la-vie-associative-romarimontaine\/#primaryimage\",\"url\":\"https:\/\/vosgesinfo.fr\/app\/uploads\/sites\/5\/2025\/08\/logo-avec-valeurs-espoir-vert-foret-transparent-thin.jpg\",\"contentUrl\":\"https:\/\/vosgesinfo.fr\/app\/uploads\/sites\/5\/2025\/08\/logo-avec-valeurs-espoir-vert-foret-transparent-thin.jpg\",\"width\":1280,\"height\":886},{\"@type\":\"BreadcrumbList\",\"@id\":\"https:\/\/vosgesinfo.fr\/remiremontinfo\/2025\/08\/le-collectif-citoyen-espoir-lance-le-bavar-le-1er-barometre-de-la-vie-associative-romarimontaine\/#breadcrumb\",\"itemListElement\":[{\"@type\":\"ListItem\",\"position\":1,\"name\":\"Home\",\"item\":\"https:\/\/vosgesinfo.fr\/remiremontinfo\/\"},{\"@type\":\"ListItem\",\"position\":2,\"name\":\"Le collectif citoyen ESPOIR lance le BAVAR ! Le 1er barom\u00e8tre de la vie associative romarimontaine\"}]},{\"@type\":\"WebSite\",\"@id\":\"https:\/\/vosgesinfo.fr\/remiremontinfo\/#website\",\"url\":\"https:\/\/vosgesinfo.fr\/remiremontinfo\/\",\"name\":\"Remiremont Info\",\"description\":\"Toute l&#039;actualit\u00e9 de Remiremont\",\"publisher\":{\"@id\":\"https:\/\/vosgesinfo.fr\/remiremontinfo\/#organization\"},\"alternateName\":\"Toute l'actualit\u00e9 de Remiremont\",\"potentialAction\":[{\"@type\":\"SearchAction\",\"target\":{\"@type\":\"EntryPoint\",\"urlTemplate\":\"https:\/\/vosgesinfo.fr\/remiremontinfo\/?s={search_term_string}\"},\"query-input\":\"required name=search_term_string\"}],\"inLanguage\":\"fr-FR\"},{\"@type\":\"Organization\",\"@id\":\"https:\/\/vosgesinfo.fr\/remiremontinfo\/#organization\",\"name\":\"Remiremont Info\",\"url\":\"https:\/\/vosgesinfo.fr\/remiremontinfo\/\",\"logo\":{\"@type\":\"ImageObject\",\"inLanguage\":\"fr-FR\",\"@id\":\"https:\/\/vosgesinfo.fr\/remiremontinfo\/#\/schema\/logo\/image\/\",\"url\":\"https:\/\/vosgesinfo.fr\/app\/uploads\/sites\/5\/2023\/08\/favicon-remiremontinfo.png\",\"contentUrl\":\"https:\/\/vosgesinfo.fr\/app\/uploads\/sites\/5\/2023\/08\/favicon-remiremontinfo.png\",\"width\":512,\"height\":512,\"caption\":\"Remiremont Info\"},\"image\":{\"@id\":\"https:\/\/vosgesinfo.fr\/remiremontinfo\/#\/schema\/logo\/image\/\"},\"sameAs\":[\"https:\/\/www.facebook.com\/remiremontinfo\",\"https:\/\/x.com\/VosgesInfo88\",\"https:\/\/www.youtube.com\/@vosgesinfo\"]},{\"@type\":\"Person\",\"@id\":\"https:\/\/vosgesinfo.fr\/remiremontinfo\/#\/schema\/person\/27a3695b06db98895b354c0765cdfc31\",\"name\":\"La redaction\",\"image\":{\"@type\":\"ImageObject\",\"inLanguage\":\"fr-FR\",\"@id\":\"https:\/\/vosgesinfo.fr\/remiremontinfo\/#\/schema\/person\/image\/\",\"url\":\"https:\/\/secure.gravatar.com\/avatar\/64c76a78e501cedee55736f43f332df901e1896ae9cd8fad269ae2236dd0e8b6?s=96&d=mm&r=g\",\"contentUrl\":\"https:\/\/secure.gravatar.com\/avatar\/64c76a78e501cedee55736f43f332df901e1896ae9cd8fad269ae2236dd0e8b6?s=96&d=mm&r=g\",\"caption\":\"La redaction\"},\"url\":\"https:\/\/vosgesinfo.fr\/remiremontinfo\/author\/la-redaction\/\"}]}<\/script>\n<!-- \/ Yoast SEO plugin. -->","yoast_head_json":{"title":"Le collectif citoyen ESPOIR lance le BAVAR ! Le 1er barom\u00e8tre de la vie associative romarimontaine - Remiremont Info","robots":{"index":"index","follow":"follow","max-snippet":"max-snippet:-1","max-image-preview":"max-image-preview:large","max-video-preview":"max-video-preview:-1"},"canonical":"https:\/\/vosgesinfo.fr\/remiremontinfo\/2025\/08\/le-collectif-citoyen-espoir-lance-le-bavar-le-1er-barometre-de-la-vie-associative-romarimontaine\/","twitter_card":"summary_large_image","twitter_title":"Le collectif citoyen ESPOIR lance le BAVAR ! Le 1er barom\u00e8tre de la vie associative romarimontaine - Remiremont Info","twitter_description":"\u00c0 l\u2019occasion du forum des associations, qui se tiendra samedi 30 ao\u00fbt au Palais des Congr\u00e8s, le collectif citoyen ESPOIR [&hellip;]","twitter_image":"https:\/\/vosgesinfo.fr\/app\/uploads\/sites\/5\/2025\/08\/logo-avec-valeurs-espoir-vert-foret-transparent-thin.jpg","twitter_creator":"@VosgesInfo88","twitter_site":"@VosgesInfo88","twitter_misc":{"\u00c9crit par":"La redaction","Dur\u00e9e de lecture estim\u00e9e":"5 minutes"},"schema":{"@context":"https:\/\/schema.org","@graph":[{"@type":"Article","@id":"https:\/\/vosgesinfo.fr\/remiremontinfo\/2025\/08\/le-collectif-citoyen-espoir-lance-le-bavar-le-1er-barometre-de-la-vie-associative-romarimontaine\/#article","isPartOf":{"@id":"https:\/\/vosgesinfo.fr\/remiremontinfo\/2025\/08\/le-collectif-citoyen-espoir-lance-le-bavar-le-1er-barometre-de-la-vie-associative-romarimontaine\/"},"author":{"name":"La redaction","@id":"https:\/\/vosgesinfo.fr\/remiremontinfo\/#\/schema\/person\/27a3695b06db98895b354c0765cdfc31"},"headline":"Le collectif citoyen ESPOIR lance le BAVAR ! Le 1er barom\u00e8tre de la vie associative romarimontaine","datePublished":"2025-08-31T17:10:51+00:00","dateModified":"2025-08-31T16:47:46+00:00","mainEntityOfPage":{"@id":"https:\/\/vosgesinfo.fr\/remiremontinfo\/2025\/08\/le-collectif-citoyen-espoir-lance-le-bavar-le-1er-barometre-de-la-vie-associative-romarimontaine\/"},"wordCount":983,"publisher":{"@id":"https:\/\/vosgesinfo.fr\/remiremontinfo\/#organization"},"image":{"@id":"https:\/\/vosgesinfo.fr\/remiremontinfo\/2025\/08\/le-collectif-citoyen-espoir-lance-le-bavar-le-1er-barometre-de-la-vie-associative-romarimontaine\/#primaryimage"},"thumbnailUrl":"https:\/\/vosgesinfo.fr\/app\/uploads\/sites\/5\/2025\/08\/logo-avec-valeurs-espoir-vert-foret-transparent-thin.jpg","keywords":["Barom\u00e8tre de la vie associative","BAVAR","ESPOIR"],"articleSection":["A la Une","Remiremont","Vie associative"],"inLanguage":"fr-FR"},{"@type":"WebPage","@id":"https:\/\/vosgesinfo.fr\/remiremontinfo\/2025\/08\/le-collectif-citoyen-espoir-lance-le-bavar-le-1er-barometre-de-la-vie-associative-romarimontaine\/","url":"https:\/\/vosgesinfo.fr\/remiremontinfo\/2025\/08\/le-collectif-citoyen-espoir-lance-le-bavar-le-1er-barometre-de-la-vie-associative-romarimontaine\/","name":"Le collectif citoyen ESPOIR lance le BAVAR ! Le 1er barom\u00e8tre de la vie associative romarimontaine - Remiremont Info","isPartOf":{"@id":"https:\/\/vosgesinfo.fr\/remiremontinfo\/#website"},"primaryImageOfPage":{"@id":"https:\/\/vosgesinfo.fr\/remiremontinfo\/2025\/08\/le-collectif-citoyen-espoir-lance-le-bavar-le-1er-barometre-de-la-vie-associative-romarimontaine\/#primaryimage"},"image":{"@id":"https:\/\/vosgesinfo.fr\/remiremontinfo\/2025\/08\/le-collectif-citoyen-espoir-lance-le-bavar-le-1er-barometre-de-la-vie-associative-romarimontaine\/#primaryimage"},"thumbnailUrl":"https:\/\/vosgesinfo.fr\/app\/uploads\/sites\/5\/2025\/08\/logo-avec-valeurs-espoir-vert-foret-transparent-thin.jpg","datePublished":"2025-08-31T17:10:51+00:00","dateModified":"2025-08-31T16:47:46+00:00","breadcrumb":{"@id":"https:\/\/vosgesinfo.fr\/remiremontinfo\/2025\/08\/le-collectif-citoyen-espoir-lance-le-bavar-le-1er-barometre-de-la-vie-associative-romarimontaine\/#breadcrumb"},"inLanguage":"fr-FR","potentialAction":[{"@type":"ReadAction","target":["https:\/\/vosgesinfo.fr\/remiremontinfo\/2025\/08\/le-collectif-citoyen-espoir-lance-le-bavar-le-1er-barometre-de-la-vie-associative-romarimontaine\/"]}]},{"@type":"ImageObject","inLanguage":"fr-FR","@id":"https:\/\/vosgesinfo.fr\/remiremontinfo\/2025\/08\/le-collectif-citoyen-espoir-lance-le-bavar-le-1er-barometre-de-la-vie-associative-romarimontaine\/#primaryimage","url":"https:\/\/vosgesinfo.fr\/app\/uploads\/sites\/5\/2025\/08\/logo-avec-valeurs-espoir-vert-foret-transparent-thin.jpg","contentUrl":"https:\/\/vosgesinfo.fr\/app\/uploads\/sites\/5\/2025\/08\/logo-avec-valeurs-espoir-vert-foret-transparent-thin.jpg","width":1280,"height":886},{"@type":"BreadcrumbList","@id":"https:\/\/vosgesinfo.fr\/remiremontinfo\/2025\/08\/le-collectif-citoyen-espoir-lance-le-bavar-le-1er-barometre-de-la-vie-associative-romarimontaine\/#breadcrumb","itemListElement":[{"@type":"ListItem","position":1,"name":"Home","item":"https:\/\/vosgesinfo.fr\/remiremontinfo\/"},{"@type":"ListItem","position":2,"name":"Le collectif citoyen ESPOIR lance le BAVAR ! Le 1er barom\u00e8tre de la vie associative romarimontaine"}]},{"@type":"WebSite","@id":"https:\/\/vosgesinfo.fr\/remiremontinfo\/#website","url":"https:\/\/vosgesinfo.fr\/remiremontinfo\/","name":"Remiremont Info","description":"Toute l&#039;actualit\u00e9 de Remiremont","publisher":{"@id":"https:\/\/vosgesinfo.fr\/remiremontinfo\/#organization"},"alternateName":"Toute l'actualit\u00e9 de Remiremont","potentialAction":[{"@type":"SearchAction","target":{"@type":"EntryPoint","urlTemplate":"https:\/\/vosgesinfo.fr\/remiremontinfo\/?s={search_term_string}"},"query-input":"required name=search_term_string"}],"inLanguage":"fr-FR"},{"@type":"Organization","@id":"https:\/\/vosgesinfo.fr\/remiremontinfo\/#organization","name":"Remiremont Info","url":"https:\/\/vosgesinfo.fr\/remiremontinfo\/","logo":{"@type":"ImageObject","inLanguage":"fr-FR","@id":"https:\/\/vosgesinfo.fr\/remiremontinfo\/#\/schema\/logo\/image\/","url":"https:\/\/vosgesinfo.fr\/app\/uploads\/sites\/5\/2023\/08\/favicon-remiremontinfo.png","contentUrl":"https:\/\/vosgesinfo.fr\/app\/uploads\/sites\/5\/2023\/08\/favicon-remiremontinfo.png","width":512,"height":512,"caption":"Remiremont Info"},"image":{"@id":"https:\/\/vosgesinfo.fr\/remiremontinfo\/#\/schema\/logo\/image\/"},"sameAs":["https:\/\/www.facebook.com\/remiremontinfo","https:\/\/x.com\/VosgesInfo88","https:\/\/www.youtube.com\/@vosgesinfo"]},{"@type":"Person","@id":"https:\/\/vosgesinfo.fr\/remiremontinfo\/#\/schema\/person\/27a3695b06db98895b354c0765cdfc31","name":"La redaction","image":{"@type":"ImageObject","inLanguage":"fr-FR","@id":"https:\/\/vosgesinfo.fr\/remiremontinfo\/#\/schema\/person\/image\/","url":"https:\/\/secure.gravatar.com\/avatar\/64c76a78e501cedee55736f43f332df901e1896ae9cd8fad269ae2236dd0e8b6?s=96&d=mm&r=g","contentUrl":"https:\/\/secure.gravatar.com\/avatar\/64c76a78e501cedee55736f43f332df901e1896ae9cd8fad269ae2236dd0e8b6?s=96&d=mm&r=g","caption":"La redaction"},"url":"https:\/\/vosgesinfo.fr\/remiremontinfo\/author\/la-redaction\/"}]}},"_links":{"self":[{"href":"https:\/\/vosgesinfo.fr\/remiremontinfo\/wp-json\/wp\/v2\/posts\/84674","targetHints":{"allow":["GET"]}}],"collection":[{"href":"https:\/\/vosgesinfo.fr\/remiremontinfo\/wp-json\/wp\/v2\/posts"}],"about":[{"href":"https:\/\/vosgesinfo.fr\/remiremontinfo\/wp-json\/wp\/v2\/types\/post"}],"author":[{"embeddable":true,"href":"https:\/\/vosgesinfo.fr\/remiremontinfo\/wp-json\/wp\/v2\/users\/391"}],"replies":[{"embeddable":true,"href":"https:\/\/vosgesinfo.fr\/remiremontinfo\/wp-json\/wp\/v2\/comments?post=84674"}],"version-history":[{"count":2,"href":"https:\/\/vosgesinfo.fr\/remiremontinfo\/wp-json\/wp\/v2\/posts\/84674\/revisions"}],"predecessor-version":[{"id":84677,"href":"https:\/\/vosgesinfo.fr\/remiremontinfo\/wp-json\/wp\/v2\/posts\/84674\/revisions\/84677"}],"wp:featuredmedia":[{"embeddable":true,"href":"https:\/\/vosgesinfo.fr\/remiremontinfo\/wp-json\/wp\/v2\/media\/84675"}],"wp:attachment":[{"href":"https:\/\/vosgesinfo.fr\/remiremontinfo\/wp-json\/wp\/v2\/media?parent=84674"}],"wp:term":[{"taxonomy":"category","embeddable":true,"href":"https:\/\/vosgesinfo.fr\/remiremontinfo\/wp-json\/wp\/v2\/categories?post=84674"},{"taxonomy":"post_tag","embeddable":true,"href":"https:\/\/vosgesinfo.fr\/remiremontinfo\/wp-json\/wp\/v2\/tags?post=84674"}],"curies":[{"name":"wp","href":"https:\/\/api.w.org\/{rel}","templated":true}]}}