{"id":84687,"date":"2025-09-01T12:10:55","date_gmt":"2025-09-01T10:10:55","guid":{"rendered":"https:\/\/vosgesinfo.fr\/remiremontinfo\/?p=84687"},"modified":"2025-09-01T12:02:55","modified_gmt":"2025-09-01T10:02:55","slug":"saint-etienne-les-remiremont-operation-conjointe-de-controle-dalcoolemie","status":"publish","type":"post","link":"https:\/\/vosgesinfo.fr\/remiremontinfo\/2025\/09\/saint-etienne-les-remiremont-operation-conjointe-de-controle-dalcoolemie\/","title":{"rendered":"Saint-\u00c9tienne-l\u00e8s-Remiremont : op\u00e9ration conjointe de contr\u00f4le d\u2019alcool\u00e9mie"},"content":{"rendered":"<h2 data-start=\"146\" data-end=\"482\"><strong><a href=\"https:\/\/vosgesinfo.fr\/app\/uploads\/sites\/5\/2025\/02\/police-nationale-01.jpg\"><img decoding=\"async\" class=\"aligncenter size-full wp-image-78609\" src=\"https:\/\/vosgesinfo.fr\/app\/uploads\/sites\/5\/2025\/02\/police-nationale-01.jpg\" alt=\"\" width=\"1024\" height=\"576\" srcset=\"https:\/\/vosgesinfo.fr\/app\/uploads\/sites\/5\/2025\/02\/police-nationale-01.jpg 1024w, https:\/\/vosgesinfo.fr\/app\/uploads\/sites\/5\/2025\/02\/police-nationale-01-300x169.jpg 300w, https:\/\/vosgesinfo.fr\/app\/uploads\/sites\/5\/2025\/02\/police-nationale-01-768x432.jpg 768w\" sizes=\"(max-width: 1024px) 100vw, 1024px\" \/><\/a>Le vendredi 29 ao\u00fbt, une op\u00e9ration de contr\u00f4le d\u2019alcool\u00e9mie a \u00e9t\u00e9 men\u00e9e sur la commune de Saint-\u00c9tienne-l\u00e8s-Remiremont. Cette action conjointe, mobilisant \u00e0 la fois la Police nationale et la Police municipale, visait \u00e0 renforcer la s\u00e9curit\u00e9 routi\u00e8re et \u00e0 sensibiliser les conducteurs aux dangers de l\u2019alcool au volant.<\/strong><\/h2>\n<p data-start=\"484\" data-end=\"784\">Au-del\u00e0 de la r\u00e9pression, l\u2019initiative s\u2019inscrit dans une v\u00e9ritable d\u00e9marche de <strong data-start=\"564\" data-end=\"578\">pr\u00e9vention<\/strong> et de <strong data-start=\"585\" data-end=\"623\">protection des usagers de la route<\/strong>. L\u2019objectif affich\u00e9 : r\u00e9duire les comportements \u00e0 risque et rappeler l\u2019importance de la vigilance au volant, particuli\u00e8rement en p\u00e9riode de circulation dense.<\/p>\n<p data-start=\"786\" data-end=\"984\">Les forces de l\u2019ordre soulignent que ce type d\u2019op\u00e9ration pourrait \u00eatre <strong data-start=\"857\" data-end=\"884\">renouvel\u00e9 r\u00e9guli\u00e8rement<\/strong> afin de maintenir une pr\u00e9sence accrue sur le terrain et garantir des routes plus s\u00fbres pour tous.<\/p>\n","protected":false},"excerpt":{"rendered":"<p>Le vendredi 29 ao\u00fbt, une op\u00e9ration de contr\u00f4le d\u2019alcool\u00e9mie a \u00e9t\u00e9 men\u00e9e sur la commune de Saint-\u00c9tienne-l\u00e8s-Remiremont. Cette action conjointe, [&hellip;]<\/p>\n","protected":false},"author":52,"featured_media":80835,"comment_status":"open","ping_status":"open","sticky":false,"template":"","format":"standard","meta":{"footnotes":""},"categories":[26,43],"tags":[],"class_list":["post-84687","post","type-post","status-publish","format-standard","has-post-thumbnail","hentry","category-a-la-une","category-remiremont-remiremont-son-canton"],"acf":[],"yoast_head":"<!-- This site is optimized with the Yoast SEO plugin v22.5 - https:\/\/yoast.com\/wordpress\/plugins\/seo\/ -->\n<title>Saint-\u00c9tienne-l\u00e8s-Remiremont : op\u00e9ration conjointe de contr\u00f4le d\u2019alcool\u00e9mie - Remiremont Info<\/title>\n<meta name=\"robots\" content=\"index, follow, max-snippet:-1, max-image-preview:large, max-video-preview:-1\" \/>\n<link rel=\"canonical\" href=\"https:\/\/vosgesinfo.fr\/remiremontinfo\/2025\/09\/saint-etienne-les-remiremont-operation-conjointe-de-controle-dalcoolemie\/\" \/>\n<meta name=\"twitter:card\" content=\"summary_large_image\" \/>\n<meta name=\"twitter:title\" content=\"Saint-\u00c9tienne-l\u00e8s-Remiremont : op\u00e9ration conjointe de contr\u00f4le d\u2019alcool\u00e9mie - Remiremont Info\" \/>\n<meta name=\"twitter:description\" content=\"Le vendredi 29 ao\u00fbt, une op\u00e9ration de contr\u00f4le d\u2019alcool\u00e9mie a \u00e9t\u00e9 men\u00e9e sur la commune de Saint-\u00c9tienne-l\u00e8s-Remiremont. Cette action conjointe, [&hellip;]\" \/>\n<meta name=\"twitter:image\" content=\"https:\/\/vosgesinfo.fr\/app\/uploads\/sites\/5\/2025\/04\/police-nationale-01.jpg\" \/>\n<meta name=\"twitter:creator\" content=\"@VosgesInfo88\" \/>\n<meta name=\"twitter:site\" content=\"@VosgesInfo88\" \/>\n<meta name=\"twitter:label1\" content=\"\u00c9crit par\" \/>\n\t<meta name=\"twitter:data1\" content=\"C.K.\" \/>\n\t<meta name=\"twitter:label2\" content=\"Dur\u00e9e de lecture estim\u00e9e\" \/>\n\t<meta name=\"twitter:data2\" content=\"1 minute\" \/>\n<script type=\"application\/ld+json\" class=\"yoast-schema-graph\">{\"@context\":\"https:\/\/schema.org\",\"@graph\":[{\"@type\":\"Article\",\"@id\":\"https:\/\/vosgesinfo.fr\/remiremontinfo\/2025\/09\/saint-etienne-les-remiremont-operation-conjointe-de-controle-dalcoolemie\/#article\",\"isPartOf\":{\"@id\":\"https:\/\/vosgesinfo.fr\/remiremontinfo\/2025\/09\/saint-etienne-les-remiremont-operation-conjointe-de-controle-dalcoolemie\/\"},\"author\":{\"name\":\"C.K.\",\"@id\":\"https:\/\/vosgesinfo.fr\/remiremontinfo\/#\/schema\/person\/6f9a650eeea99d969b6c4ab78fccbe81\"},\"headline\":\"Saint-\u00c9tienne-l\u00e8s-Remiremont : op\u00e9ration conjointe de contr\u00f4le d\u2019alcool\u00e9mie\",\"datePublished\":\"2025-09-01T10:10:55+00:00\",\"dateModified\":\"2025-09-01T10:02:55+00:00\",\"mainEntityOfPage\":{\"@id\":\"https:\/\/vosgesinfo.fr\/remiremontinfo\/2025\/09\/saint-etienne-les-remiremont-operation-conjointe-de-controle-dalcoolemie\/\"},\"wordCount\":155,\"commentCount\":1,\"publisher\":{\"@id\":\"https:\/\/vosgesinfo.fr\/remiremontinfo\/#organization\"},\"image\":{\"@id\":\"https:\/\/vosgesinfo.fr\/remiremontinfo\/2025\/09\/saint-etienne-les-remiremont-operation-conjointe-de-controle-dalcoolemie\/#primaryimage\"},\"thumbnailUrl\":\"https:\/\/vosgesinfo.fr\/app\/uploads\/sites\/5\/2025\/04\/police-nationale-01.jpg\",\"articleSection\":[\"A la Une\",\"Remiremont\"],\"inLanguage\":\"fr-FR\",\"potentialAction\":[{\"@type\":\"CommentAction\",\"name\":\"Comment\",\"target\":[\"https:\/\/vosgesinfo.fr\/remiremontinfo\/2025\/09\/saint-etienne-les-remiremont-operation-conjointe-de-controle-dalcoolemie\/#respond\"]}]},{\"@type\":\"WebPage\",\"@id\":\"https:\/\/vosgesinfo.fr\/remiremontinfo\/2025\/09\/saint-etienne-les-remiremont-operation-conjointe-de-controle-dalcoolemie\/\",\"url\":\"https:\/\/vosgesinfo.fr\/remiremontinfo\/2025\/09\/saint-etienne-les-remiremont-operation-conjointe-de-controle-dalcoolemie\/\",\"name\":\"Saint-\u00c9tienne-l\u00e8s-Remiremont : op\u00e9ration conjointe de contr\u00f4le d\u2019alcool\u00e9mie - Remiremont Info\",\"isPartOf\":{\"@id\":\"https:\/\/vosgesinfo.fr\/remiremontinfo\/#website\"},\"primaryImageOfPage\":{\"@id\":\"https:\/\/vosgesinfo.fr\/remiremontinfo\/2025\/09\/saint-etienne-les-remiremont-operation-conjointe-de-controle-dalcoolemie\/#primaryimage\"},\"image\":{\"@id\":\"https:\/\/vosgesinfo.fr\/remiremontinfo\/2025\/09\/saint-etienne-les-remiremont-operation-conjointe-de-controle-dalcoolemie\/#primaryimage\"},\"thumbnailUrl\":\"https:\/\/vosgesinfo.fr\/app\/uploads\/sites\/5\/2025\/04\/police-nationale-01.jpg\",\"datePublished\":\"2025-09-01T10:10:55+00:00\",\"dateModified\":\"2025-09-01T10:02:55+00:00\",\"breadcrumb\":{\"@id\":\"https:\/\/vosgesinfo.fr\/remiremontinfo\/2025\/09\/saint-etienne-les-remiremont-operation-conjointe-de-controle-dalcoolemie\/#breadcrumb\"},\"inLanguage\":\"fr-FR\",\"potentialAction\":[{\"@type\":\"ReadAction\",\"target\":[\"https:\/\/vosgesinfo.fr\/remiremontinfo\/2025\/09\/saint-etienne-les-remiremont-operation-conjointe-de-controle-dalcoolemie\/\"]}]},{\"@type\":\"ImageObject\",\"inLanguage\":\"fr-FR\",\"@id\":\"https:\/\/vosgesinfo.fr\/remiremontinfo\/2025\/09\/saint-etienne-les-remiremont-operation-conjointe-de-controle-dalcoolemie\/#primaryimage\",\"url\":\"https:\/\/vosgesinfo.fr\/app\/uploads\/sites\/5\/2025\/04\/police-nationale-01.jpg\",\"contentUrl\":\"https:\/\/vosgesinfo.fr\/app\/uploads\/sites\/5\/2025\/04\/police-nationale-01.jpg\",\"width\":1024,\"height\":576},{\"@type\":\"BreadcrumbList\",\"@id\":\"https:\/\/vosgesinfo.fr\/remiremontinfo\/2025\/09\/saint-etienne-les-remiremont-operation-conjointe-de-controle-dalcoolemie\/#breadcrumb\",\"itemListElement\":[{\"@type\":\"ListItem\",\"position\":1,\"name\":\"Home\",\"item\":\"https:\/\/vosgesinfo.fr\/remiremontinfo\/\"},{\"@type\":\"ListItem\",\"position\":2,\"name\":\"Saint-\u00c9tienne-l\u00e8s-Remiremont : op\u00e9ration conjointe de contr\u00f4le d\u2019alcool\u00e9mie\"}]},{\"@type\":\"WebSite\",\"@id\":\"https:\/\/vosgesinfo.fr\/remiremontinfo\/#website\",\"url\":\"https:\/\/vosgesinfo.fr\/remiremontinfo\/\",\"name\":\"Remiremont Info\",\"description\":\"Toute l&#039;actualit\u00e9 de Remiremont\",\"publisher\":{\"@id\":\"https:\/\/vosgesinfo.fr\/remiremontinfo\/#organization\"},\"alternateName\":\"Toute l'actualit\u00e9 de Remiremont\",\"potentialAction\":[{\"@type\":\"SearchAction\",\"target\":{\"@type\":\"EntryPoint\",\"urlTemplate\":\"https:\/\/vosgesinfo.fr\/remiremontinfo\/?s={search_term_string}\"},\"query-input\":\"required name=search_term_string\"}],\"inLanguage\":\"fr-FR\"},{\"@type\":\"Organization\",\"@id\":\"https:\/\/vosgesinfo.fr\/remiremontinfo\/#organization\",\"name\":\"Remiremont Info\",\"url\":\"https:\/\/vosgesinfo.fr\/remiremontinfo\/\",\"logo\":{\"@type\":\"ImageObject\",\"inLanguage\":\"fr-FR\",\"@id\":\"https:\/\/vosgesinfo.fr\/remiremontinfo\/#\/schema\/logo\/image\/\",\"url\":\"https:\/\/vosgesinfo.fr\/app\/uploads\/sites\/5\/2023\/08\/favicon-remiremontinfo.png\",\"contentUrl\":\"https:\/\/vosgesinfo.fr\/app\/uploads\/sites\/5\/2023\/08\/favicon-remiremontinfo.png\",\"width\":512,\"height\":512,\"caption\":\"Remiremont Info\"},\"image\":{\"@id\":\"https:\/\/vosgesinfo.fr\/remiremontinfo\/#\/schema\/logo\/image\/\"},\"sameAs\":[\"https:\/\/www.facebook.com\/remiremontinfo\",\"https:\/\/x.com\/VosgesInfo88\",\"https:\/\/www.youtube.com\/@vosgesinfo\"]},{\"@type\":\"Person\",\"@id\":\"https:\/\/vosgesinfo.fr\/remiremontinfo\/#\/schema\/person\/6f9a650eeea99d969b6c4ab78fccbe81\",\"name\":\"C.K.\",\"image\":{\"@type\":\"ImageObject\",\"inLanguage\":\"fr-FR\",\"@id\":\"https:\/\/vosgesinfo.fr\/remiremontinfo\/#\/schema\/person\/image\/\",\"url\":\"https:\/\/secure.gravatar.com\/avatar\/48e3fc7f8421ba8942be6b74a2b7f014ca39bc00dece156b7a8e098ae7dc87bf?s=96&d=mm&r=g\",\"contentUrl\":\"https:\/\/secure.gravatar.com\/avatar\/48e3fc7f8421ba8942be6b74a2b7f014ca39bc00dece156b7a8e098ae7dc87bf?s=96&d=mm&r=g\",\"caption\":\"C.K.\"},\"url\":\"https:\/\/vosgesinfo.fr\/remiremontinfo\/author\/celia-k-n\/\"}]}<\/script>\n<!-- \/ Yoast SEO plugin. -->","yoast_head_json":{"title":"Saint-\u00c9tienne-l\u00e8s-Remiremont : op\u00e9ration conjointe de contr\u00f4le d\u2019alcool\u00e9mie - Remiremont Info","robots":{"index":"index","follow":"follow","max-snippet":"max-snippet:-1","max-image-preview":"max-image-preview:large","max-video-preview":"max-video-preview:-1"},"canonical":"https:\/\/vosgesinfo.fr\/remiremontinfo\/2025\/09\/saint-etienne-les-remiremont-operation-conjointe-de-controle-dalcoolemie\/","twitter_card":"summary_large_image","twitter_title":"Saint-\u00c9tienne-l\u00e8s-Remiremont : op\u00e9ration conjointe de contr\u00f4le d\u2019alcool\u00e9mie - Remiremont Info","twitter_description":"Le vendredi 29 ao\u00fbt, une op\u00e9ration de contr\u00f4le d\u2019alcool\u00e9mie a \u00e9t\u00e9 men\u00e9e sur la commune de Saint-\u00c9tienne-l\u00e8s-Remiremont. Cette action conjointe, [&hellip;]","twitter_image":"https:\/\/vosgesinfo.fr\/app\/uploads\/sites\/5\/2025\/04\/police-nationale-01.jpg","twitter_creator":"@VosgesInfo88","twitter_site":"@VosgesInfo88","twitter_misc":{"\u00c9crit par":"C.K.","Dur\u00e9e de lecture estim\u00e9e":"1 minute"},"schema":{"@context":"https:\/\/schema.org","@graph":[{"@type":"Article","@id":"https:\/\/vosgesinfo.fr\/remiremontinfo\/2025\/09\/saint-etienne-les-remiremont-operation-conjointe-de-controle-dalcoolemie\/#article","isPartOf":{"@id":"https:\/\/vosgesinfo.fr\/remiremontinfo\/2025\/09\/saint-etienne-les-remiremont-operation-conjointe-de-controle-dalcoolemie\/"},"author":{"name":"C.K.","@id":"https:\/\/vosgesinfo.fr\/remiremontinfo\/#\/schema\/person\/6f9a650eeea99d969b6c4ab78fccbe81"},"headline":"Saint-\u00c9tienne-l\u00e8s-Remiremont : op\u00e9ration conjointe de contr\u00f4le d\u2019alcool\u00e9mie","datePublished":"2025-09-01T10:10:55+00:00","dateModified":"2025-09-01T10:02:55+00:00","mainEntityOfPage":{"@id":"https:\/\/vosgesinfo.fr\/remiremontinfo\/2025\/09\/saint-etienne-les-remiremont-operation-conjointe-de-controle-dalcoolemie\/"},"wordCount":155,"commentCount":1,"publisher":{"@id":"https:\/\/vosgesinfo.fr\/remiremontinfo\/#organization"},"image":{"@id":"https:\/\/vosgesinfo.fr\/remiremontinfo\/2025\/09\/saint-etienne-les-remiremont-operation-conjointe-de-controle-dalcoolemie\/#primaryimage"},"thumbnailUrl":"https:\/\/vosgesinfo.fr\/app\/uploads\/sites\/5\/2025\/04\/police-nationale-01.jpg","articleSection":["A la Une","Remiremont"],"inLanguage":"fr-FR","potentialAction":[{"@type":"CommentAction","name":"Comment","target":["https:\/\/vosgesinfo.fr\/remiremontinfo\/2025\/09\/saint-etienne-les-remiremont-operation-conjointe-de-controle-dalcoolemie\/#respond"]}]},{"@type":"WebPage","@id":"https:\/\/vosgesinfo.fr\/remiremontinfo\/2025\/09\/saint-etienne-les-remiremont-operation-conjointe-de-controle-dalcoolemie\/","url":"https:\/\/vosgesinfo.fr\/remiremontinfo\/2025\/09\/saint-etienne-les-remiremont-operation-conjointe-de-controle-dalcoolemie\/","name":"Saint-\u00c9tienne-l\u00e8s-Remiremont : op\u00e9ration conjointe de contr\u00f4le d\u2019alcool\u00e9mie - Remiremont Info","isPartOf":{"@id":"https:\/\/vosgesinfo.fr\/remiremontinfo\/#website"},"primaryImageOfPage":{"@id":"https:\/\/vosgesinfo.fr\/remiremontinfo\/2025\/09\/saint-etienne-les-remiremont-operation-conjointe-de-controle-dalcoolemie\/#primaryimage"},"image":{"@id":"https:\/\/vosgesinfo.fr\/remiremontinfo\/2025\/09\/saint-etienne-les-remiremont-operation-conjointe-de-controle-dalcoolemie\/#primaryimage"},"thumbnailUrl":"https:\/\/vosgesinfo.fr\/app\/uploads\/sites\/5\/2025\/04\/police-nationale-01.jpg","datePublished":"2025-09-01T10:10:55+00:00","dateModified":"2025-09-01T10:02:55+00:00","breadcrumb":{"@id":"https:\/\/vosgesinfo.fr\/remiremontinfo\/2025\/09\/saint-etienne-les-remiremont-operation-conjointe-de-controle-dalcoolemie\/#breadcrumb"},"inLanguage":"fr-FR","potentialAction":[{"@type":"ReadAction","target":["https:\/\/vosgesinfo.fr\/remiremontinfo\/2025\/09\/saint-etienne-les-remiremont-operation-conjointe-de-controle-dalcoolemie\/"]}]},{"@type":"ImageObject","inLanguage":"fr-FR","@id":"https:\/\/vosgesinfo.fr\/remiremontinfo\/2025\/09\/saint-etienne-les-remiremont-operation-conjointe-de-controle-dalcoolemie\/#primaryimage","url":"https:\/\/vosgesinfo.fr\/app\/uploads\/sites\/5\/2025\/04\/police-nationale-01.jpg","contentUrl":"https:\/\/vosgesinfo.fr\/app\/uploads\/sites\/5\/2025\/04\/police-nationale-01.jpg","width":1024,"height":576},{"@type":"BreadcrumbList","@id":"https:\/\/vosgesinfo.fr\/remiremontinfo\/2025\/09\/saint-etienne-les-remiremont-operation-conjointe-de-controle-dalcoolemie\/#breadcrumb","itemListElement":[{"@type":"ListItem","position":1,"name":"Home","item":"https:\/\/vosgesinfo.fr\/remiremontinfo\/"},{"@type":"ListItem","position":2,"name":"Saint-\u00c9tienne-l\u00e8s-Remiremont : op\u00e9ration conjointe de contr\u00f4le d\u2019alcool\u00e9mie"}]},{"@type":"WebSite","@id":"https:\/\/vosgesinfo.fr\/remiremontinfo\/#website","url":"https:\/\/vosgesinfo.fr\/remiremontinfo\/","name":"Remiremont Info","description":"Toute l&#039;actualit\u00e9 de Remiremont","publisher":{"@id":"https:\/\/vosgesinfo.fr\/remiremontinfo\/#organization"},"alternateName":"Toute l'actualit\u00e9 de Remiremont","potentialAction":[{"@type":"SearchAction","target":{"@type":"EntryPoint","urlTemplate":"https:\/\/vosgesinfo.fr\/remiremontinfo\/?s={search_term_string}"},"query-input":"required name=search_term_string"}],"inLanguage":"fr-FR"},{"@type":"Organization","@id":"https:\/\/vosgesinfo.fr\/remiremontinfo\/#organization","name":"Remiremont Info","url":"https:\/\/vosgesinfo.fr\/remiremontinfo\/","logo":{"@type":"ImageObject","inLanguage":"fr-FR","@id":"https:\/\/vosgesinfo.fr\/remiremontinfo\/#\/schema\/logo\/image\/","url":"https:\/\/vosgesinfo.fr\/app\/uploads\/sites\/5\/2023\/08\/favicon-remiremontinfo.png","contentUrl":"https:\/\/vosgesinfo.fr\/app\/uploads\/sites\/5\/2023\/08\/favicon-remiremontinfo.png","width":512,"height":512,"caption":"Remiremont Info"},"image":{"@id":"https:\/\/vosgesinfo.fr\/remiremontinfo\/#\/schema\/logo\/image\/"},"sameAs":["https:\/\/www.facebook.com\/remiremontinfo","https:\/\/x.com\/VosgesInfo88","https:\/\/www.youtube.com\/@vosgesinfo"]},{"@type":"Person","@id":"https:\/\/vosgesinfo.fr\/remiremontinfo\/#\/schema\/person\/6f9a650eeea99d969b6c4ab78fccbe81","name":"C.K.","image":{"@type":"ImageObject","inLanguage":"fr-FR","@id":"https:\/\/vosgesinfo.fr\/remiremontinfo\/#\/schema\/person\/image\/","url":"https:\/\/secure.gravatar.com\/avatar\/48e3fc7f8421ba8942be6b74a2b7f014ca39bc00dece156b7a8e098ae7dc87bf?s=96&d=mm&r=g","contentUrl":"https:\/\/secure.gravatar.com\/avatar\/48e3fc7f8421ba8942be6b74a2b7f014ca39bc00dece156b7a8e098ae7dc87bf?s=96&d=mm&r=g","caption":"C.K."},"url":"https:\/\/vosgesinfo.fr\/remiremontinfo\/author\/celia-k-n\/"}]}},"_links":{"self":[{"href":"https:\/\/vosgesinfo.fr\/remiremontinfo\/wp-json\/wp\/v2\/posts\/84687","targetHints":{"allow":["GET"]}}],"collection":[{"href":"https:\/\/vosgesinfo.fr\/remiremontinfo\/wp-json\/wp\/v2\/posts"}],"about":[{"href":"https:\/\/vosgesinfo.fr\/remiremontinfo\/wp-json\/wp\/v2\/types\/post"}],"author":[{"embeddable":true,"href":"https:\/\/vosgesinfo.fr\/remiremontinfo\/wp-json\/wp\/v2\/users\/52"}],"replies":[{"embeddable":true,"href":"https:\/\/vosgesinfo.fr\/remiremontinfo\/wp-json\/wp\/v2\/comments?post=84687"}],"version-history":[{"count":1,"href":"https:\/\/vosgesinfo.fr\/remiremontinfo\/wp-json\/wp\/v2\/posts\/84687\/revisions"}],"predecessor-version":[{"id":84688,"href":"https:\/\/vosgesinfo.fr\/remiremontinfo\/wp-json\/wp\/v2\/posts\/84687\/revisions\/84688"}],"wp:featuredmedia":[{"embeddable":true,"href":"https:\/\/vosgesinfo.fr\/remiremontinfo\/wp-json\/wp\/v2\/media\/80835"}],"wp:attachment":[{"href":"https:\/\/vosgesinfo.fr\/remiremontinfo\/wp-json\/wp\/v2\/media?parent=84687"}],"wp:term":[{"taxonomy":"category","embeddable":true,"href":"https:\/\/vosgesinfo.fr\/remiremontinfo\/wp-json\/wp\/v2\/categories?post=84687"},{"taxonomy":"post_tag","embeddable":true,"href":"https:\/\/vosgesinfo.fr\/remiremontinfo\/wp-json\/wp\/v2\/tags?post=84687"}],"curies":[{"name":"wp","href":"https:\/\/api.w.org\/{rel}","templated":true}]}}