{"id":84753,"date":"2025-09-04T12:25:01","date_gmt":"2025-09-04T10:25:01","guid":{"rendered":"https:\/\/vosgesinfo.fr\/remiremontinfo\/?p=84753"},"modified":"2025-09-04T13:44:03","modified_gmt":"2025-09-04T11:44:03","slug":"cine-debat-autour-du-film-goliath-avec-la-ldh-de-remiremont","status":"publish","type":"post","link":"https:\/\/vosgesinfo.fr\/remiremontinfo\/2025\/09\/cine-debat-autour-du-film-goliath-avec-la-ldh-de-remiremont\/","title":{"rendered":"Cin\u00e9 d\u00e9bat autour du film \u00ab\u00a0Goliath\u00a0\u00bb avec la LDH de REMIREMONT"},"content":{"rendered":"<p><strong>La Ligue des Droits de L&rsquo;Homme vous propose un cin\u00e9-d\u00e9bat pr\u00e9vu le mardi 16 septembre \u00e0 20h00 au cin\u00e9ma le Majestic.<\/strong><\/p>\n<h3><span data-olk-copy-source=\"MessageBody\">Le conf\u00e9rencier du jour sera Didier MELMOUX, administrateur d&rsquo;Anticor.\u00a0<\/span><\/h3>\n<p>&nbsp;<\/p>\n<p><a href=\"https:\/\/vosgesinfo.fr\/app\/uploads\/sites\/5\/2025\/09\/goliath-cine-debat-remiremont-anticor1.jpg\"><img decoding=\"async\" class=\"aligncenter size-full wp-image-84754\" src=\"https:\/\/vosgesinfo.fr\/app\/uploads\/sites\/5\/2025\/09\/goliath-cine-debat-remiremont-anticor1.jpg\" alt=\"\" width=\"620\" height=\"877\" srcset=\"https:\/\/vosgesinfo.fr\/app\/uploads\/sites\/5\/2025\/09\/goliath-cine-debat-remiremont-anticor1.jpg 620w, https:\/\/vosgesinfo.fr\/app\/uploads\/sites\/5\/2025\/09\/goliath-cine-debat-remiremont-anticor1-212x300.jpg 212w\" sizes=\"(max-width: 620px) 100vw, 620px\" \/><\/a><\/p>\n","protected":false},"excerpt":{"rendered":"<p>La Ligue des Droits de L&rsquo;Homme vous propose un cin\u00e9-d\u00e9bat pr\u00e9vu le mardi 16 septembre \u00e0 20h00 au cin\u00e9ma le [&hellip;]<\/p>\n","protected":false},"author":391,"featured_media":84754,"comment_status":"open","ping_status":"open","sticky":false,"template":"","format":"standard","meta":{"footnotes":""},"categories":[26,4,169,7,43],"tags":[8428,6108,8427],"class_list":["post-84753","post","type-post","status-publish","format-standard","has-post-thumbnail","hentry","category-a-la-une","category-culture","category-ecologie","category-environnement","category-remiremont-remiremont-son-canton","tag-anticor","tag-cinema-le-majestic","tag-goliath"],"acf":[],"yoast_head":"<!-- This site is optimized with the Yoast SEO plugin v22.5 - https:\/\/yoast.com\/wordpress\/plugins\/seo\/ -->\n<title>Cin\u00e9 d\u00e9bat autour du film &quot;Goliath&quot; avec la LDH de REMIREMONT - Remiremont Info<\/title>\n<meta name=\"robots\" content=\"index, follow, max-snippet:-1, max-image-preview:large, max-video-preview:-1\" \/>\n<link rel=\"canonical\" href=\"https:\/\/vosgesinfo.fr\/remiremontinfo\/2025\/09\/cine-debat-autour-du-film-goliath-avec-la-ldh-de-remiremont\/\" \/>\n<meta name=\"twitter:card\" content=\"summary_large_image\" \/>\n<meta name=\"twitter:title\" content=\"Cin\u00e9 d\u00e9bat autour du film &quot;Goliath&quot; avec la LDH de REMIREMONT - Remiremont Info\" \/>\n<meta name=\"twitter:description\" content=\"La Ligue des Droits de L&rsquo;Homme vous propose un cin\u00e9-d\u00e9bat pr\u00e9vu le mardi 16 septembre \u00e0 20h00 au cin\u00e9ma le [&hellip;]\" \/>\n<meta name=\"twitter:image\" content=\"https:\/\/vosgesinfo.fr\/app\/uploads\/sites\/5\/2025\/09\/goliath-cine-debat-remiremont-anticor1.jpg\" \/>\n<meta name=\"twitter:creator\" content=\"@VosgesInfo88\" \/>\n<meta name=\"twitter:site\" content=\"@VosgesInfo88\" \/>\n<meta name=\"twitter:label1\" content=\"\u00c9crit par\" \/>\n\t<meta name=\"twitter:data1\" content=\"La redaction\" \/>\n<script type=\"application\/ld+json\" class=\"yoast-schema-graph\">{\"@context\":\"https:\/\/schema.org\",\"@graph\":[{\"@type\":\"Article\",\"@id\":\"https:\/\/vosgesinfo.fr\/remiremontinfo\/2025\/09\/cine-debat-autour-du-film-goliath-avec-la-ldh-de-remiremont\/#article\",\"isPartOf\":{\"@id\":\"https:\/\/vosgesinfo.fr\/remiremontinfo\/2025\/09\/cine-debat-autour-du-film-goliath-avec-la-ldh-de-remiremont\/\"},\"author\":{\"name\":\"La redaction\",\"@id\":\"https:\/\/vosgesinfo.fr\/remiremontinfo\/#\/schema\/person\/27a3695b06db98895b354c0765cdfc31\"},\"headline\":\"Cin\u00e9 d\u00e9bat autour du film \u00ab\u00a0Goliath\u00a0\u00bb avec la LDH de REMIREMONT\",\"datePublished\":\"2025-09-04T10:25:01+00:00\",\"dateModified\":\"2025-09-04T11:44:03+00:00\",\"mainEntityOfPage\":{\"@id\":\"https:\/\/vosgesinfo.fr\/remiremontinfo\/2025\/09\/cine-debat-autour-du-film-goliath-avec-la-ldh-de-remiremont\/\"},\"wordCount\":48,\"commentCount\":0,\"publisher\":{\"@id\":\"https:\/\/vosgesinfo.fr\/remiremontinfo\/#organization\"},\"image\":{\"@id\":\"https:\/\/vosgesinfo.fr\/remiremontinfo\/2025\/09\/cine-debat-autour-du-film-goliath-avec-la-ldh-de-remiremont\/#primaryimage\"},\"thumbnailUrl\":\"https:\/\/vosgesinfo.fr\/app\/uploads\/sites\/5\/2025\/09\/goliath-cine-debat-remiremont-anticor1.jpg\",\"keywords\":[\"Anticor\",\"Cin\u00e9ma Le Majestic\",\"Goliath\"],\"articleSection\":[\"A la Une\",\"Culture\",\"Ecologie\",\"Environnement\",\"Remiremont\"],\"inLanguage\":\"fr-FR\",\"potentialAction\":[{\"@type\":\"CommentAction\",\"name\":\"Comment\",\"target\":[\"https:\/\/vosgesinfo.fr\/remiremontinfo\/2025\/09\/cine-debat-autour-du-film-goliath-avec-la-ldh-de-remiremont\/#respond\"]}]},{\"@type\":\"WebPage\",\"@id\":\"https:\/\/vosgesinfo.fr\/remiremontinfo\/2025\/09\/cine-debat-autour-du-film-goliath-avec-la-ldh-de-remiremont\/\",\"url\":\"https:\/\/vosgesinfo.fr\/remiremontinfo\/2025\/09\/cine-debat-autour-du-film-goliath-avec-la-ldh-de-remiremont\/\",\"name\":\"Cin\u00e9 d\u00e9bat autour du film \\\"Goliath\\\" avec la LDH de REMIREMONT - Remiremont Info\",\"isPartOf\":{\"@id\":\"https:\/\/vosgesinfo.fr\/remiremontinfo\/#website\"},\"primaryImageOfPage\":{\"@id\":\"https:\/\/vosgesinfo.fr\/remiremontinfo\/2025\/09\/cine-debat-autour-du-film-goliath-avec-la-ldh-de-remiremont\/#primaryimage\"},\"image\":{\"@id\":\"https:\/\/vosgesinfo.fr\/remiremontinfo\/2025\/09\/cine-debat-autour-du-film-goliath-avec-la-ldh-de-remiremont\/#primaryimage\"},\"thumbnailUrl\":\"https:\/\/vosgesinfo.fr\/app\/uploads\/sites\/5\/2025\/09\/goliath-cine-debat-remiremont-anticor1.jpg\",\"datePublished\":\"2025-09-04T10:25:01+00:00\",\"dateModified\":\"2025-09-04T11:44:03+00:00\",\"breadcrumb\":{\"@id\":\"https:\/\/vosgesinfo.fr\/remiremontinfo\/2025\/09\/cine-debat-autour-du-film-goliath-avec-la-ldh-de-remiremont\/#breadcrumb\"},\"inLanguage\":\"fr-FR\",\"potentialAction\":[{\"@type\":\"ReadAction\",\"target\":[\"https:\/\/vosgesinfo.fr\/remiremontinfo\/2025\/09\/cine-debat-autour-du-film-goliath-avec-la-ldh-de-remiremont\/\"]}]},{\"@type\":\"ImageObject\",\"inLanguage\":\"fr-FR\",\"@id\":\"https:\/\/vosgesinfo.fr\/remiremontinfo\/2025\/09\/cine-debat-autour-du-film-goliath-avec-la-ldh-de-remiremont\/#primaryimage\",\"url\":\"https:\/\/vosgesinfo.fr\/app\/uploads\/sites\/5\/2025\/09\/goliath-cine-debat-remiremont-anticor1.jpg\",\"contentUrl\":\"https:\/\/vosgesinfo.fr\/app\/uploads\/sites\/5\/2025\/09\/goliath-cine-debat-remiremont-anticor1.jpg\",\"width\":620,\"height\":877},{\"@type\":\"BreadcrumbList\",\"@id\":\"https:\/\/vosgesinfo.fr\/remiremontinfo\/2025\/09\/cine-debat-autour-du-film-goliath-avec-la-ldh-de-remiremont\/#breadcrumb\",\"itemListElement\":[{\"@type\":\"ListItem\",\"position\":1,\"name\":\"Home\",\"item\":\"https:\/\/vosgesinfo.fr\/remiremontinfo\/\"},{\"@type\":\"ListItem\",\"position\":2,\"name\":\"Cin\u00e9 d\u00e9bat autour du film &#8220;Goliath&#8221; avec la LDH de REMIREMONT\"}]},{\"@type\":\"WebSite\",\"@id\":\"https:\/\/vosgesinfo.fr\/remiremontinfo\/#website\",\"url\":\"https:\/\/vosgesinfo.fr\/remiremontinfo\/\",\"name\":\"Remiremont Info\",\"description\":\"Toute l&#039;actualit\u00e9 de Remiremont\",\"publisher\":{\"@id\":\"https:\/\/vosgesinfo.fr\/remiremontinfo\/#organization\"},\"alternateName\":\"Toute l'actualit\u00e9 de Remiremont\",\"potentialAction\":[{\"@type\":\"SearchAction\",\"target\":{\"@type\":\"EntryPoint\",\"urlTemplate\":\"https:\/\/vosgesinfo.fr\/remiremontinfo\/?s={search_term_string}\"},\"query-input\":\"required name=search_term_string\"}],\"inLanguage\":\"fr-FR\"},{\"@type\":\"Organization\",\"@id\":\"https:\/\/vosgesinfo.fr\/remiremontinfo\/#organization\",\"name\":\"Remiremont Info\",\"url\":\"https:\/\/vosgesinfo.fr\/remiremontinfo\/\",\"logo\":{\"@type\":\"ImageObject\",\"inLanguage\":\"fr-FR\",\"@id\":\"https:\/\/vosgesinfo.fr\/remiremontinfo\/#\/schema\/logo\/image\/\",\"url\":\"https:\/\/vosgesinfo.fr\/app\/uploads\/sites\/5\/2023\/08\/favicon-remiremontinfo.png\",\"contentUrl\":\"https:\/\/vosgesinfo.fr\/app\/uploads\/sites\/5\/2023\/08\/favicon-remiremontinfo.png\",\"width\":512,\"height\":512,\"caption\":\"Remiremont Info\"},\"image\":{\"@id\":\"https:\/\/vosgesinfo.fr\/remiremontinfo\/#\/schema\/logo\/image\/\"},\"sameAs\":[\"https:\/\/www.facebook.com\/remiremontinfo\",\"https:\/\/x.com\/VosgesInfo88\",\"https:\/\/www.youtube.com\/@vosgesinfo\"]},{\"@type\":\"Person\",\"@id\":\"https:\/\/vosgesinfo.fr\/remiremontinfo\/#\/schema\/person\/27a3695b06db98895b354c0765cdfc31\",\"name\":\"La redaction\",\"image\":{\"@type\":\"ImageObject\",\"inLanguage\":\"fr-FR\",\"@id\":\"https:\/\/vosgesinfo.fr\/remiremontinfo\/#\/schema\/person\/image\/\",\"url\":\"https:\/\/secure.gravatar.com\/avatar\/64c76a78e501cedee55736f43f332df901e1896ae9cd8fad269ae2236dd0e8b6?s=96&d=mm&r=g\",\"contentUrl\":\"https:\/\/secure.gravatar.com\/avatar\/64c76a78e501cedee55736f43f332df901e1896ae9cd8fad269ae2236dd0e8b6?s=96&d=mm&r=g\",\"caption\":\"La redaction\"},\"url\":\"https:\/\/vosgesinfo.fr\/remiremontinfo\/author\/la-redaction\/\"}]}<\/script>\n<!-- \/ Yoast SEO plugin. -->","yoast_head_json":{"title":"Cin\u00e9 d\u00e9bat autour du film \"Goliath\" avec la LDH de REMIREMONT - Remiremont Info","robots":{"index":"index","follow":"follow","max-snippet":"max-snippet:-1","max-image-preview":"max-image-preview:large","max-video-preview":"max-video-preview:-1"},"canonical":"https:\/\/vosgesinfo.fr\/remiremontinfo\/2025\/09\/cine-debat-autour-du-film-goliath-avec-la-ldh-de-remiremont\/","twitter_card":"summary_large_image","twitter_title":"Cin\u00e9 d\u00e9bat autour du film \"Goliath\" avec la LDH de REMIREMONT - Remiremont Info","twitter_description":"La Ligue des Droits de L&rsquo;Homme vous propose un cin\u00e9-d\u00e9bat pr\u00e9vu le mardi 16 septembre \u00e0 20h00 au cin\u00e9ma le [&hellip;]","twitter_image":"https:\/\/vosgesinfo.fr\/app\/uploads\/sites\/5\/2025\/09\/goliath-cine-debat-remiremont-anticor1.jpg","twitter_creator":"@VosgesInfo88","twitter_site":"@VosgesInfo88","twitter_misc":{"\u00c9crit par":"La redaction"},"schema":{"@context":"https:\/\/schema.org","@graph":[{"@type":"Article","@id":"https:\/\/vosgesinfo.fr\/remiremontinfo\/2025\/09\/cine-debat-autour-du-film-goliath-avec-la-ldh-de-remiremont\/#article","isPartOf":{"@id":"https:\/\/vosgesinfo.fr\/remiremontinfo\/2025\/09\/cine-debat-autour-du-film-goliath-avec-la-ldh-de-remiremont\/"},"author":{"name":"La redaction","@id":"https:\/\/vosgesinfo.fr\/remiremontinfo\/#\/schema\/person\/27a3695b06db98895b354c0765cdfc31"},"headline":"Cin\u00e9 d\u00e9bat autour du film \u00ab\u00a0Goliath\u00a0\u00bb avec la LDH de REMIREMONT","datePublished":"2025-09-04T10:25:01+00:00","dateModified":"2025-09-04T11:44:03+00:00","mainEntityOfPage":{"@id":"https:\/\/vosgesinfo.fr\/remiremontinfo\/2025\/09\/cine-debat-autour-du-film-goliath-avec-la-ldh-de-remiremont\/"},"wordCount":48,"commentCount":0,"publisher":{"@id":"https:\/\/vosgesinfo.fr\/remiremontinfo\/#organization"},"image":{"@id":"https:\/\/vosgesinfo.fr\/remiremontinfo\/2025\/09\/cine-debat-autour-du-film-goliath-avec-la-ldh-de-remiremont\/#primaryimage"},"thumbnailUrl":"https:\/\/vosgesinfo.fr\/app\/uploads\/sites\/5\/2025\/09\/goliath-cine-debat-remiremont-anticor1.jpg","keywords":["Anticor","Cin\u00e9ma Le Majestic","Goliath"],"articleSection":["A la Une","Culture","Ecologie","Environnement","Remiremont"],"inLanguage":"fr-FR","potentialAction":[{"@type":"CommentAction","name":"Comment","target":["https:\/\/vosgesinfo.fr\/remiremontinfo\/2025\/09\/cine-debat-autour-du-film-goliath-avec-la-ldh-de-remiremont\/#respond"]}]},{"@type":"WebPage","@id":"https:\/\/vosgesinfo.fr\/remiremontinfo\/2025\/09\/cine-debat-autour-du-film-goliath-avec-la-ldh-de-remiremont\/","url":"https:\/\/vosgesinfo.fr\/remiremontinfo\/2025\/09\/cine-debat-autour-du-film-goliath-avec-la-ldh-de-remiremont\/","name":"Cin\u00e9 d\u00e9bat autour du film \"Goliath\" avec la LDH de REMIREMONT - Remiremont Info","isPartOf":{"@id":"https:\/\/vosgesinfo.fr\/remiremontinfo\/#website"},"primaryImageOfPage":{"@id":"https:\/\/vosgesinfo.fr\/remiremontinfo\/2025\/09\/cine-debat-autour-du-film-goliath-avec-la-ldh-de-remiremont\/#primaryimage"},"image":{"@id":"https:\/\/vosgesinfo.fr\/remiremontinfo\/2025\/09\/cine-debat-autour-du-film-goliath-avec-la-ldh-de-remiremont\/#primaryimage"},"thumbnailUrl":"https:\/\/vosgesinfo.fr\/app\/uploads\/sites\/5\/2025\/09\/goliath-cine-debat-remiremont-anticor1.jpg","datePublished":"2025-09-04T10:25:01+00:00","dateModified":"2025-09-04T11:44:03+00:00","breadcrumb":{"@id":"https:\/\/vosgesinfo.fr\/remiremontinfo\/2025\/09\/cine-debat-autour-du-film-goliath-avec-la-ldh-de-remiremont\/#breadcrumb"},"inLanguage":"fr-FR","potentialAction":[{"@type":"ReadAction","target":["https:\/\/vosgesinfo.fr\/remiremontinfo\/2025\/09\/cine-debat-autour-du-film-goliath-avec-la-ldh-de-remiremont\/"]}]},{"@type":"ImageObject","inLanguage":"fr-FR","@id":"https:\/\/vosgesinfo.fr\/remiremontinfo\/2025\/09\/cine-debat-autour-du-film-goliath-avec-la-ldh-de-remiremont\/#primaryimage","url":"https:\/\/vosgesinfo.fr\/app\/uploads\/sites\/5\/2025\/09\/goliath-cine-debat-remiremont-anticor1.jpg","contentUrl":"https:\/\/vosgesinfo.fr\/app\/uploads\/sites\/5\/2025\/09\/goliath-cine-debat-remiremont-anticor1.jpg","width":620,"height":877},{"@type":"BreadcrumbList","@id":"https:\/\/vosgesinfo.fr\/remiremontinfo\/2025\/09\/cine-debat-autour-du-film-goliath-avec-la-ldh-de-remiremont\/#breadcrumb","itemListElement":[{"@type":"ListItem","position":1,"name":"Home","item":"https:\/\/vosgesinfo.fr\/remiremontinfo\/"},{"@type":"ListItem","position":2,"name":"Cin\u00e9 d\u00e9bat autour du film &#8220;Goliath&#8221; avec la LDH de REMIREMONT"}]},{"@type":"WebSite","@id":"https:\/\/vosgesinfo.fr\/remiremontinfo\/#website","url":"https:\/\/vosgesinfo.fr\/remiremontinfo\/","name":"Remiremont Info","description":"Toute l&#039;actualit\u00e9 de Remiremont","publisher":{"@id":"https:\/\/vosgesinfo.fr\/remiremontinfo\/#organization"},"alternateName":"Toute l'actualit\u00e9 de Remiremont","potentialAction":[{"@type":"SearchAction","target":{"@type":"EntryPoint","urlTemplate":"https:\/\/vosgesinfo.fr\/remiremontinfo\/?s={search_term_string}"},"query-input":"required name=search_term_string"}],"inLanguage":"fr-FR"},{"@type":"Organization","@id":"https:\/\/vosgesinfo.fr\/remiremontinfo\/#organization","name":"Remiremont Info","url":"https:\/\/vosgesinfo.fr\/remiremontinfo\/","logo":{"@type":"ImageObject","inLanguage":"fr-FR","@id":"https:\/\/vosgesinfo.fr\/remiremontinfo\/#\/schema\/logo\/image\/","url":"https:\/\/vosgesinfo.fr\/app\/uploads\/sites\/5\/2023\/08\/favicon-remiremontinfo.png","contentUrl":"https:\/\/vosgesinfo.fr\/app\/uploads\/sites\/5\/2023\/08\/favicon-remiremontinfo.png","width":512,"height":512,"caption":"Remiremont Info"},"image":{"@id":"https:\/\/vosgesinfo.fr\/remiremontinfo\/#\/schema\/logo\/image\/"},"sameAs":["https:\/\/www.facebook.com\/remiremontinfo","https:\/\/x.com\/VosgesInfo88","https:\/\/www.youtube.com\/@vosgesinfo"]},{"@type":"Person","@id":"https:\/\/vosgesinfo.fr\/remiremontinfo\/#\/schema\/person\/27a3695b06db98895b354c0765cdfc31","name":"La redaction","image":{"@type":"ImageObject","inLanguage":"fr-FR","@id":"https:\/\/vosgesinfo.fr\/remiremontinfo\/#\/schema\/person\/image\/","url":"https:\/\/secure.gravatar.com\/avatar\/64c76a78e501cedee55736f43f332df901e1896ae9cd8fad269ae2236dd0e8b6?s=96&d=mm&r=g","contentUrl":"https:\/\/secure.gravatar.com\/avatar\/64c76a78e501cedee55736f43f332df901e1896ae9cd8fad269ae2236dd0e8b6?s=96&d=mm&r=g","caption":"La redaction"},"url":"https:\/\/vosgesinfo.fr\/remiremontinfo\/author\/la-redaction\/"}]}},"_links":{"self":[{"href":"https:\/\/vosgesinfo.fr\/remiremontinfo\/wp-json\/wp\/v2\/posts\/84753","targetHints":{"allow":["GET"]}}],"collection":[{"href":"https:\/\/vosgesinfo.fr\/remiremontinfo\/wp-json\/wp\/v2\/posts"}],"about":[{"href":"https:\/\/vosgesinfo.fr\/remiremontinfo\/wp-json\/wp\/v2\/types\/post"}],"author":[{"embeddable":true,"href":"https:\/\/vosgesinfo.fr\/remiremontinfo\/wp-json\/wp\/v2\/users\/391"}],"replies":[{"embeddable":true,"href":"https:\/\/vosgesinfo.fr\/remiremontinfo\/wp-json\/wp\/v2\/comments?post=84753"}],"version-history":[{"count":1,"href":"https:\/\/vosgesinfo.fr\/remiremontinfo\/wp-json\/wp\/v2\/posts\/84753\/revisions"}],"predecessor-version":[{"id":84755,"href":"https:\/\/vosgesinfo.fr\/remiremontinfo\/wp-json\/wp\/v2\/posts\/84753\/revisions\/84755"}],"wp:featuredmedia":[{"embeddable":true,"href":"https:\/\/vosgesinfo.fr\/remiremontinfo\/wp-json\/wp\/v2\/media\/84754"}],"wp:attachment":[{"href":"https:\/\/vosgesinfo.fr\/remiremontinfo\/wp-json\/wp\/v2\/media?parent=84753"}],"wp:term":[{"taxonomy":"category","embeddable":true,"href":"https:\/\/vosgesinfo.fr\/remiremontinfo\/wp-json\/wp\/v2\/categories?post=84753"},{"taxonomy":"post_tag","embeddable":true,"href":"https:\/\/vosgesinfo.fr\/remiremontinfo\/wp-json\/wp\/v2\/tags?post=84753"}],"curies":[{"name":"wp","href":"https:\/\/api.w.org\/{rel}","templated":true}]}}