{"id":84768,"date":"2025-09-03T13:03:55","date_gmt":"2025-09-03T11:03:55","guid":{"rendered":"https:\/\/vosgesinfo.fr\/remiremontinfo\/?p=84768"},"modified":"2025-09-03T13:03:55","modified_gmt":"2025-09-03T11:03:55","slug":"un-ane-piege-dans-une-fosse-les-pompiers-a-la-rescousse","status":"publish","type":"post","link":"https:\/\/vosgesinfo.fr\/remiremontinfo\/2025\/09\/un-ane-piege-dans-une-fosse-les-pompiers-a-la-rescousse\/","title":{"rendered":"Un \u00e2ne pi\u00e9g\u00e9 dans une fosse : les pompiers \u00e0 la rescousse"},"content":{"rendered":"<div id=\"attachment_134905\" style=\"width: 2058px\" class=\"wp-caption aligncenter\"><a href=\"https:\/\/vosgesinfo.fr\/app\/uploads\/sites\/3\/2025\/09\/542588892-1188718166632511-6803704403709614642-n.jpg\"><img decoding=\"async\" aria-describedby=\"caption-attachment-134905\" class=\"size-full wp-image-134905\" src=\"https:\/\/vosgesinfo.fr\/app\/uploads\/sites\/3\/2025\/09\/542588892-1188718166632511-6803704403709614642-n.jpg\" alt=\"\" width=\"2048\" height=\"1365\" \/><\/a><p id=\"caption-attachment-134905\" class=\"wp-caption-text\">photos sapeurs-pompiers des Vosges<\/p><\/div>\n<h2 data-start=\"161\" data-end=\"409\"><strong>Hier, une op\u00e9ration de secours peu ordinaire s\u2019est d\u00e9roul\u00e9e \u00e0 Fresse-sur-Moselle. Quatorze sapeurs-pompiers ont \u00e9t\u00e9 mobilis\u00e9s pour venir en aide \u00e0 un \u00e2ne d\u2019environ 400 kg, tomb\u00e9 accidentellement dans une fosse de 1,50 m de profondeur.<\/strong><\/h2>\n<p data-start=\"411\" data-end=\"738\">Face \u00e0 cette situation d\u00e9licate, l\u2019<strong data-start=\"446\" data-end=\"489\">\u00e9quipe sp\u00e9cialis\u00e9e en secours animalier<\/strong>, accompagn\u00e9e de son r\u00e9f\u00e9rent et d\u2019un v\u00e9t\u00e9rinaire, a \u00e9t\u00e9 sollicit\u00e9e. Une \u00e9quipe <strong data-start=\"569\" data-end=\"594\">sauvetage-d\u00e9blaiement<\/strong> est \u00e9galement intervenue pour s\u00e9curiser le p\u00e9rim\u00e8tre et permettre une extraction sans risque, autant pour l\u2019animal que pour les intervenants.<\/p>\n<p data-start=\"740\" data-end=\"927\">Apr\u00e8s plusieurs heures de man\u0153uvres minutieuses et coordonn\u00e9es, l\u2019\u00e2ne a pu \u00eatre remont\u00e9 hors de la fosse. <strong data-start=\"846\" data-end=\"869\">\u00c9puis\u00e9 mais indemne<\/strong>, il a rapidement \u00e9t\u00e9 pris en charge et mis en s\u00e9curit\u00e9.<\/p>\n\n\t\t<style type=\"text\/css\">\n\t\t\t#gallery-1 {\n\t\t\t\tmargin: auto;\n\t\t\t}\n\t\t\t#gallery-1 .gallery-item {\n\t\t\t\tfloat: left;\n\t\t\t\tmargin-top: 10px;\n\t\t\t\ttext-align: center;\n\t\t\t\twidth: 33%;\n\t\t\t}\n\t\t\t#gallery-1 img {\n\t\t\t\tborder: 2px solid #cfcfcf;\n\t\t\t}\n\t\t\t#gallery-1 .gallery-caption {\n\t\t\t\tmargin-left: 0;\n\t\t\t}\n\t\t\t\/* see gallery_shortcode() in wp-includes\/media.php *\/\n\t\t<\/style>\n\t\t<div id='gallery-1' class='gallery galleryid-84768 gallery-columns-3 gallery-size-thumbnail'><dl class='gallery-item'>\n\t\t\t<dt class='gallery-icon landscape'>\n\t\t\t\t<a href='https:\/\/vosgesinfo.fr\/app\/uploads\/sites\/5\/2025\/09\/542685386-1188718206632507-3217338747337972708-n.jpg'><img decoding=\"async\" width=\"150\" height=\"150\" src=\"https:\/\/vosgesinfo.fr\/app\/uploads\/sites\/5\/2025\/09\/542685386-1188718206632507-3217338747337972708-n-150x150.jpg\" class=\"attachment-thumbnail size-thumbnail\" alt=\"\" \/><\/a>\n\t\t\t<\/dt><\/dl><dl class='gallery-item'>\n\t\t\t<dt class='gallery-icon landscape'>\n\t\t\t\t<a href='https:\/\/vosgesinfo.fr\/app\/uploads\/sites\/5\/2025\/09\/542752390-1188718179965843-3885457948220073729-n.jpg'><img decoding=\"async\" width=\"150\" height=\"150\" src=\"https:\/\/vosgesinfo.fr\/app\/uploads\/sites\/5\/2025\/09\/542752390-1188718179965843-3885457948220073729-n-150x150.jpg\" class=\"attachment-thumbnail size-thumbnail\" alt=\"\" \/><\/a>\n\t\t\t<\/dt><\/dl>\n\t\t\t<br style='clear: both' \/>\n\t\t<\/div>\n\n","protected":false},"excerpt":{"rendered":"<p>Hier, une op\u00e9ration de secours peu ordinaire s\u2019est d\u00e9roul\u00e9e \u00e0 Fresse-sur-Moselle. Quatorze sapeurs-pompiers ont \u00e9t\u00e9 mobilis\u00e9s pour venir en aide [&hellip;]<\/p>\n","protected":false},"author":52,"featured_media":84769,"comment_status":"open","ping_status":"open","sticky":false,"template":"","format":"standard","meta":{"footnotes":""},"categories":[26,108,6375,8,43,95,18],"tags":[],"class_list":["post-84768","post","type-post","status-publish","format-standard","has-post-thumbnail","hentry","category-a-la-une","category-epinal","category-fait-divers","category-faits-divers","category-remiremont-remiremont-son-canton","category-securite","category-vosges"],"acf":[],"yoast_head":"<!-- This site is optimized with the Yoast SEO plugin v22.5 - https:\/\/yoast.com\/wordpress\/plugins\/seo\/ -->\n<title>Un \u00e2ne pi\u00e9g\u00e9 dans une fosse : les pompiers \u00e0 la rescousse - Remiremont Info<\/title>\n<meta name=\"robots\" content=\"index, follow, max-snippet:-1, max-image-preview:large, max-video-preview:-1\" \/>\n<link rel=\"canonical\" href=\"https:\/\/vosgesinfo.fr\/remiremontinfo\/2025\/09\/un-ane-piege-dans-une-fosse-les-pompiers-a-la-rescousse\/\" \/>\n<meta name=\"twitter:card\" content=\"summary_large_image\" \/>\n<meta name=\"twitter:title\" content=\"Un \u00e2ne pi\u00e9g\u00e9 dans une fosse : les pompiers \u00e0 la rescousse - Remiremont Info\" \/>\n<meta name=\"twitter:description\" content=\"Hier, une op\u00e9ration de secours peu ordinaire s\u2019est d\u00e9roul\u00e9e \u00e0 Fresse-sur-Moselle. Quatorze sapeurs-pompiers ont \u00e9t\u00e9 mobilis\u00e9s pour venir en aide [&hellip;]\" \/>\n<meta name=\"twitter:image\" content=\"https:\/\/vosgesinfo.fr\/app\/uploads\/sites\/5\/2025\/09\/542588892-1188718166632511-6803704403709614642-n.jpg\" \/>\n<meta name=\"twitter:creator\" content=\"@VosgesInfo88\" \/>\n<meta name=\"twitter:site\" content=\"@VosgesInfo88\" \/>\n<meta name=\"twitter:label1\" content=\"\u00c9crit par\" \/>\n\t<meta name=\"twitter:data1\" content=\"C.K.\" \/>\n\t<meta name=\"twitter:label2\" content=\"Dur\u00e9e de lecture estim\u00e9e\" \/>\n\t<meta name=\"twitter:data2\" content=\"1 minute\" \/>\n<script type=\"application\/ld+json\" class=\"yoast-schema-graph\">{\"@context\":\"https:\/\/schema.org\",\"@graph\":[{\"@type\":\"Article\",\"@id\":\"https:\/\/vosgesinfo.fr\/remiremontinfo\/2025\/09\/un-ane-piege-dans-une-fosse-les-pompiers-a-la-rescousse\/#article\",\"isPartOf\":{\"@id\":\"https:\/\/vosgesinfo.fr\/remiremontinfo\/2025\/09\/un-ane-piege-dans-une-fosse-les-pompiers-a-la-rescousse\/\"},\"author\":{\"name\":\"C.K.\",\"@id\":\"https:\/\/vosgesinfo.fr\/remiremontinfo\/#\/schema\/person\/6f9a650eeea99d969b6c4ab78fccbe81\"},\"headline\":\"Un \u00e2ne pi\u00e9g\u00e9 dans une fosse : les pompiers \u00e0 la rescousse\",\"datePublished\":\"2025-09-03T11:03:55+00:00\",\"dateModified\":\"2025-09-03T11:03:55+00:00\",\"mainEntityOfPage\":{\"@id\":\"https:\/\/vosgesinfo.fr\/remiremontinfo\/2025\/09\/un-ane-piege-dans-une-fosse-les-pompiers-a-la-rescousse\/\"},\"wordCount\":158,\"commentCount\":0,\"publisher\":{\"@id\":\"https:\/\/vosgesinfo.fr\/remiremontinfo\/#organization\"},\"image\":{\"@id\":\"https:\/\/vosgesinfo.fr\/remiremontinfo\/2025\/09\/un-ane-piege-dans-une-fosse-les-pompiers-a-la-rescousse\/#primaryimage\"},\"thumbnailUrl\":\"https:\/\/vosgesinfo.fr\/app\/uploads\/sites\/5\/2025\/09\/542588892-1188718166632511-6803704403709614642-n.jpg\",\"articleSection\":[\"A la Une\",\"Epinal\",\"Fait Divers\",\"Faits-divers\",\"Remiremont\",\"S\u00e9curit\u00e9\",\"Vosges\"],\"inLanguage\":\"fr-FR\",\"potentialAction\":[{\"@type\":\"CommentAction\",\"name\":\"Comment\",\"target\":[\"https:\/\/vosgesinfo.fr\/remiremontinfo\/2025\/09\/un-ane-piege-dans-une-fosse-les-pompiers-a-la-rescousse\/#respond\"]}]},{\"@type\":\"WebPage\",\"@id\":\"https:\/\/vosgesinfo.fr\/remiremontinfo\/2025\/09\/un-ane-piege-dans-une-fosse-les-pompiers-a-la-rescousse\/\",\"url\":\"https:\/\/vosgesinfo.fr\/remiremontinfo\/2025\/09\/un-ane-piege-dans-une-fosse-les-pompiers-a-la-rescousse\/\",\"name\":\"Un \u00e2ne pi\u00e9g\u00e9 dans une fosse : les pompiers \u00e0 la rescousse - Remiremont Info\",\"isPartOf\":{\"@id\":\"https:\/\/vosgesinfo.fr\/remiremontinfo\/#website\"},\"primaryImageOfPage\":{\"@id\":\"https:\/\/vosgesinfo.fr\/remiremontinfo\/2025\/09\/un-ane-piege-dans-une-fosse-les-pompiers-a-la-rescousse\/#primaryimage\"},\"image\":{\"@id\":\"https:\/\/vosgesinfo.fr\/remiremontinfo\/2025\/09\/un-ane-piege-dans-une-fosse-les-pompiers-a-la-rescousse\/#primaryimage\"},\"thumbnailUrl\":\"https:\/\/vosgesinfo.fr\/app\/uploads\/sites\/5\/2025\/09\/542588892-1188718166632511-6803704403709614642-n.jpg\",\"datePublished\":\"2025-09-03T11:03:55+00:00\",\"dateModified\":\"2025-09-03T11:03:55+00:00\",\"breadcrumb\":{\"@id\":\"https:\/\/vosgesinfo.fr\/remiremontinfo\/2025\/09\/un-ane-piege-dans-une-fosse-les-pompiers-a-la-rescousse\/#breadcrumb\"},\"inLanguage\":\"fr-FR\",\"potentialAction\":[{\"@type\":\"ReadAction\",\"target\":[\"https:\/\/vosgesinfo.fr\/remiremontinfo\/2025\/09\/un-ane-piege-dans-une-fosse-les-pompiers-a-la-rescousse\/\"]}]},{\"@type\":\"ImageObject\",\"inLanguage\":\"fr-FR\",\"@id\":\"https:\/\/vosgesinfo.fr\/remiremontinfo\/2025\/09\/un-ane-piege-dans-une-fosse-les-pompiers-a-la-rescousse\/#primaryimage\",\"url\":\"https:\/\/vosgesinfo.fr\/app\/uploads\/sites\/5\/2025\/09\/542588892-1188718166632511-6803704403709614642-n.jpg\",\"contentUrl\":\"https:\/\/vosgesinfo.fr\/app\/uploads\/sites\/5\/2025\/09\/542588892-1188718166632511-6803704403709614642-n.jpg\",\"width\":2048,\"height\":1365},{\"@type\":\"BreadcrumbList\",\"@id\":\"https:\/\/vosgesinfo.fr\/remiremontinfo\/2025\/09\/un-ane-piege-dans-une-fosse-les-pompiers-a-la-rescousse\/#breadcrumb\",\"itemListElement\":[{\"@type\":\"ListItem\",\"position\":1,\"name\":\"Home\",\"item\":\"https:\/\/vosgesinfo.fr\/remiremontinfo\/\"},{\"@type\":\"ListItem\",\"position\":2,\"name\":\"Un \u00e2ne pi\u00e9g\u00e9 dans une fosse : les pompiers \u00e0 la rescousse\"}]},{\"@type\":\"WebSite\",\"@id\":\"https:\/\/vosgesinfo.fr\/remiremontinfo\/#website\",\"url\":\"https:\/\/vosgesinfo.fr\/remiremontinfo\/\",\"name\":\"Remiremont Info\",\"description\":\"Toute l&#039;actualit\u00e9 de Remiremont\",\"publisher\":{\"@id\":\"https:\/\/vosgesinfo.fr\/remiremontinfo\/#organization\"},\"alternateName\":\"Toute l'actualit\u00e9 de Remiremont\",\"potentialAction\":[{\"@type\":\"SearchAction\",\"target\":{\"@type\":\"EntryPoint\",\"urlTemplate\":\"https:\/\/vosgesinfo.fr\/remiremontinfo\/?s={search_term_string}\"},\"query-input\":\"required name=search_term_string\"}],\"inLanguage\":\"fr-FR\"},{\"@type\":\"Organization\",\"@id\":\"https:\/\/vosgesinfo.fr\/remiremontinfo\/#organization\",\"name\":\"Remiremont Info\",\"url\":\"https:\/\/vosgesinfo.fr\/remiremontinfo\/\",\"logo\":{\"@type\":\"ImageObject\",\"inLanguage\":\"fr-FR\",\"@id\":\"https:\/\/vosgesinfo.fr\/remiremontinfo\/#\/schema\/logo\/image\/\",\"url\":\"https:\/\/vosgesinfo.fr\/app\/uploads\/sites\/5\/2023\/08\/favicon-remiremontinfo.png\",\"contentUrl\":\"https:\/\/vosgesinfo.fr\/app\/uploads\/sites\/5\/2023\/08\/favicon-remiremontinfo.png\",\"width\":512,\"height\":512,\"caption\":\"Remiremont Info\"},\"image\":{\"@id\":\"https:\/\/vosgesinfo.fr\/remiremontinfo\/#\/schema\/logo\/image\/\"},\"sameAs\":[\"https:\/\/www.facebook.com\/remiremontinfo\",\"https:\/\/x.com\/VosgesInfo88\",\"https:\/\/www.youtube.com\/@vosgesinfo\"]},{\"@type\":\"Person\",\"@id\":\"https:\/\/vosgesinfo.fr\/remiremontinfo\/#\/schema\/person\/6f9a650eeea99d969b6c4ab78fccbe81\",\"name\":\"C.K.\",\"image\":{\"@type\":\"ImageObject\",\"inLanguage\":\"fr-FR\",\"@id\":\"https:\/\/vosgesinfo.fr\/remiremontinfo\/#\/schema\/person\/image\/\",\"url\":\"https:\/\/secure.gravatar.com\/avatar\/48e3fc7f8421ba8942be6b74a2b7f014ca39bc00dece156b7a8e098ae7dc87bf?s=96&d=mm&r=g\",\"contentUrl\":\"https:\/\/secure.gravatar.com\/avatar\/48e3fc7f8421ba8942be6b74a2b7f014ca39bc00dece156b7a8e098ae7dc87bf?s=96&d=mm&r=g\",\"caption\":\"C.K.\"},\"url\":\"https:\/\/vosgesinfo.fr\/remiremontinfo\/author\/celia-k-n\/\"}]}<\/script>\n<!-- \/ Yoast SEO plugin. -->","yoast_head_json":{"title":"Un \u00e2ne pi\u00e9g\u00e9 dans une fosse : les pompiers \u00e0 la rescousse - Remiremont Info","robots":{"index":"index","follow":"follow","max-snippet":"max-snippet:-1","max-image-preview":"max-image-preview:large","max-video-preview":"max-video-preview:-1"},"canonical":"https:\/\/vosgesinfo.fr\/remiremontinfo\/2025\/09\/un-ane-piege-dans-une-fosse-les-pompiers-a-la-rescousse\/","twitter_card":"summary_large_image","twitter_title":"Un \u00e2ne pi\u00e9g\u00e9 dans une fosse : les pompiers \u00e0 la rescousse - Remiremont Info","twitter_description":"Hier, une op\u00e9ration de secours peu ordinaire s\u2019est d\u00e9roul\u00e9e \u00e0 Fresse-sur-Moselle. Quatorze sapeurs-pompiers ont \u00e9t\u00e9 mobilis\u00e9s pour venir en aide [&hellip;]","twitter_image":"https:\/\/vosgesinfo.fr\/app\/uploads\/sites\/5\/2025\/09\/542588892-1188718166632511-6803704403709614642-n.jpg","twitter_creator":"@VosgesInfo88","twitter_site":"@VosgesInfo88","twitter_misc":{"\u00c9crit par":"C.K.","Dur\u00e9e de lecture estim\u00e9e":"1 minute"},"schema":{"@context":"https:\/\/schema.org","@graph":[{"@type":"Article","@id":"https:\/\/vosgesinfo.fr\/remiremontinfo\/2025\/09\/un-ane-piege-dans-une-fosse-les-pompiers-a-la-rescousse\/#article","isPartOf":{"@id":"https:\/\/vosgesinfo.fr\/remiremontinfo\/2025\/09\/un-ane-piege-dans-une-fosse-les-pompiers-a-la-rescousse\/"},"author":{"name":"C.K.","@id":"https:\/\/vosgesinfo.fr\/remiremontinfo\/#\/schema\/person\/6f9a650eeea99d969b6c4ab78fccbe81"},"headline":"Un \u00e2ne pi\u00e9g\u00e9 dans une fosse : les pompiers \u00e0 la rescousse","datePublished":"2025-09-03T11:03:55+00:00","dateModified":"2025-09-03T11:03:55+00:00","mainEntityOfPage":{"@id":"https:\/\/vosgesinfo.fr\/remiremontinfo\/2025\/09\/un-ane-piege-dans-une-fosse-les-pompiers-a-la-rescousse\/"},"wordCount":158,"commentCount":0,"publisher":{"@id":"https:\/\/vosgesinfo.fr\/remiremontinfo\/#organization"},"image":{"@id":"https:\/\/vosgesinfo.fr\/remiremontinfo\/2025\/09\/un-ane-piege-dans-une-fosse-les-pompiers-a-la-rescousse\/#primaryimage"},"thumbnailUrl":"https:\/\/vosgesinfo.fr\/app\/uploads\/sites\/5\/2025\/09\/542588892-1188718166632511-6803704403709614642-n.jpg","articleSection":["A la Une","Epinal","Fait Divers","Faits-divers","Remiremont","S\u00e9curit\u00e9","Vosges"],"inLanguage":"fr-FR","potentialAction":[{"@type":"CommentAction","name":"Comment","target":["https:\/\/vosgesinfo.fr\/remiremontinfo\/2025\/09\/un-ane-piege-dans-une-fosse-les-pompiers-a-la-rescousse\/#respond"]}]},{"@type":"WebPage","@id":"https:\/\/vosgesinfo.fr\/remiremontinfo\/2025\/09\/un-ane-piege-dans-une-fosse-les-pompiers-a-la-rescousse\/","url":"https:\/\/vosgesinfo.fr\/remiremontinfo\/2025\/09\/un-ane-piege-dans-une-fosse-les-pompiers-a-la-rescousse\/","name":"Un \u00e2ne pi\u00e9g\u00e9 dans une fosse : les pompiers \u00e0 la rescousse - Remiremont Info","isPartOf":{"@id":"https:\/\/vosgesinfo.fr\/remiremontinfo\/#website"},"primaryImageOfPage":{"@id":"https:\/\/vosgesinfo.fr\/remiremontinfo\/2025\/09\/un-ane-piege-dans-une-fosse-les-pompiers-a-la-rescousse\/#primaryimage"},"image":{"@id":"https:\/\/vosgesinfo.fr\/remiremontinfo\/2025\/09\/un-ane-piege-dans-une-fosse-les-pompiers-a-la-rescousse\/#primaryimage"},"thumbnailUrl":"https:\/\/vosgesinfo.fr\/app\/uploads\/sites\/5\/2025\/09\/542588892-1188718166632511-6803704403709614642-n.jpg","datePublished":"2025-09-03T11:03:55+00:00","dateModified":"2025-09-03T11:03:55+00:00","breadcrumb":{"@id":"https:\/\/vosgesinfo.fr\/remiremontinfo\/2025\/09\/un-ane-piege-dans-une-fosse-les-pompiers-a-la-rescousse\/#breadcrumb"},"inLanguage":"fr-FR","potentialAction":[{"@type":"ReadAction","target":["https:\/\/vosgesinfo.fr\/remiremontinfo\/2025\/09\/un-ane-piege-dans-une-fosse-les-pompiers-a-la-rescousse\/"]}]},{"@type":"ImageObject","inLanguage":"fr-FR","@id":"https:\/\/vosgesinfo.fr\/remiremontinfo\/2025\/09\/un-ane-piege-dans-une-fosse-les-pompiers-a-la-rescousse\/#primaryimage","url":"https:\/\/vosgesinfo.fr\/app\/uploads\/sites\/5\/2025\/09\/542588892-1188718166632511-6803704403709614642-n.jpg","contentUrl":"https:\/\/vosgesinfo.fr\/app\/uploads\/sites\/5\/2025\/09\/542588892-1188718166632511-6803704403709614642-n.jpg","width":2048,"height":1365},{"@type":"BreadcrumbList","@id":"https:\/\/vosgesinfo.fr\/remiremontinfo\/2025\/09\/un-ane-piege-dans-une-fosse-les-pompiers-a-la-rescousse\/#breadcrumb","itemListElement":[{"@type":"ListItem","position":1,"name":"Home","item":"https:\/\/vosgesinfo.fr\/remiremontinfo\/"},{"@type":"ListItem","position":2,"name":"Un \u00e2ne pi\u00e9g\u00e9 dans une fosse : les pompiers \u00e0 la rescousse"}]},{"@type":"WebSite","@id":"https:\/\/vosgesinfo.fr\/remiremontinfo\/#website","url":"https:\/\/vosgesinfo.fr\/remiremontinfo\/","name":"Remiremont Info","description":"Toute l&#039;actualit\u00e9 de Remiremont","publisher":{"@id":"https:\/\/vosgesinfo.fr\/remiremontinfo\/#organization"},"alternateName":"Toute l'actualit\u00e9 de Remiremont","potentialAction":[{"@type":"SearchAction","target":{"@type":"EntryPoint","urlTemplate":"https:\/\/vosgesinfo.fr\/remiremontinfo\/?s={search_term_string}"},"query-input":"required name=search_term_string"}],"inLanguage":"fr-FR"},{"@type":"Organization","@id":"https:\/\/vosgesinfo.fr\/remiremontinfo\/#organization","name":"Remiremont Info","url":"https:\/\/vosgesinfo.fr\/remiremontinfo\/","logo":{"@type":"ImageObject","inLanguage":"fr-FR","@id":"https:\/\/vosgesinfo.fr\/remiremontinfo\/#\/schema\/logo\/image\/","url":"https:\/\/vosgesinfo.fr\/app\/uploads\/sites\/5\/2023\/08\/favicon-remiremontinfo.png","contentUrl":"https:\/\/vosgesinfo.fr\/app\/uploads\/sites\/5\/2023\/08\/favicon-remiremontinfo.png","width":512,"height":512,"caption":"Remiremont Info"},"image":{"@id":"https:\/\/vosgesinfo.fr\/remiremontinfo\/#\/schema\/logo\/image\/"},"sameAs":["https:\/\/www.facebook.com\/remiremontinfo","https:\/\/x.com\/VosgesInfo88","https:\/\/www.youtube.com\/@vosgesinfo"]},{"@type":"Person","@id":"https:\/\/vosgesinfo.fr\/remiremontinfo\/#\/schema\/person\/6f9a650eeea99d969b6c4ab78fccbe81","name":"C.K.","image":{"@type":"ImageObject","inLanguage":"fr-FR","@id":"https:\/\/vosgesinfo.fr\/remiremontinfo\/#\/schema\/person\/image\/","url":"https:\/\/secure.gravatar.com\/avatar\/48e3fc7f8421ba8942be6b74a2b7f014ca39bc00dece156b7a8e098ae7dc87bf?s=96&d=mm&r=g","contentUrl":"https:\/\/secure.gravatar.com\/avatar\/48e3fc7f8421ba8942be6b74a2b7f014ca39bc00dece156b7a8e098ae7dc87bf?s=96&d=mm&r=g","caption":"C.K."},"url":"https:\/\/vosgesinfo.fr\/remiremontinfo\/author\/celia-k-n\/"}]}},"_links":{"self":[{"href":"https:\/\/vosgesinfo.fr\/remiremontinfo\/wp-json\/wp\/v2\/posts\/84768","targetHints":{"allow":["GET"]}}],"collection":[{"href":"https:\/\/vosgesinfo.fr\/remiremontinfo\/wp-json\/wp\/v2\/posts"}],"about":[{"href":"https:\/\/vosgesinfo.fr\/remiremontinfo\/wp-json\/wp\/v2\/types\/post"}],"author":[{"embeddable":true,"href":"https:\/\/vosgesinfo.fr\/remiremontinfo\/wp-json\/wp\/v2\/users\/52"}],"replies":[{"embeddable":true,"href":"https:\/\/vosgesinfo.fr\/remiremontinfo\/wp-json\/wp\/v2\/comments?post=84768"}],"version-history":[{"count":0,"href":"https:\/\/vosgesinfo.fr\/remiremontinfo\/wp-json\/wp\/v2\/posts\/84768\/revisions"}],"wp:featuredmedia":[{"embeddable":true,"href":"https:\/\/vosgesinfo.fr\/remiremontinfo\/wp-json\/wp\/v2\/media\/84769"}],"wp:attachment":[{"href":"https:\/\/vosgesinfo.fr\/remiremontinfo\/wp-json\/wp\/v2\/media?parent=84768"}],"wp:term":[{"taxonomy":"category","embeddable":true,"href":"https:\/\/vosgesinfo.fr\/remiremontinfo\/wp-json\/wp\/v2\/categories?post=84768"},{"taxonomy":"post_tag","embeddable":true,"href":"https:\/\/vosgesinfo.fr\/remiremontinfo\/wp-json\/wp\/v2\/tags?post=84768"}],"curies":[{"name":"wp","href":"https:\/\/api.w.org\/{rel}","templated":true}]}}