{"id":84770,"date":"2025-09-03T13:25:26","date_gmt":"2025-09-03T11:25:26","guid":{"rendered":"https:\/\/vosgesinfo.fr\/remiremontinfo\/?p=84770"},"modified":"2025-09-03T13:22:48","modified_gmt":"2025-09-03T11:22:48","slug":"remiremont-anais-chipeaux-rejoint-la-police-municipale","status":"publish","type":"post","link":"https:\/\/vosgesinfo.fr\/remiremontinfo\/2025\/09\/remiremont-anais-chipeaux-rejoint-la-police-municipale\/","title":{"rendered":"Remiremont : Ana\u00efs Chipeaux rejoint la police municipale"},"content":{"rendered":"<div id=\"attachment_84771\" style=\"width: 2058px\" class=\"wp-caption aligncenter\"><a href=\"https:\/\/vosgesinfo.fr\/app\/uploads\/sites\/5\/2025\/09\/542609023-802521749005561-1811927390684174807-n.jpg\"><img decoding=\"async\" aria-describedby=\"caption-attachment-84771\" class=\"size-full wp-image-84771\" src=\"https:\/\/vosgesinfo.fr\/app\/uploads\/sites\/5\/2025\/09\/542609023-802521749005561-1811927390684174807-n.jpg\" alt=\"\" width=\"2048\" height=\"1365\" srcset=\"https:\/\/vosgesinfo.fr\/app\/uploads\/sites\/5\/2025\/09\/542609023-802521749005561-1811927390684174807-n.jpg 2048w, https:\/\/vosgesinfo.fr\/app\/uploads\/sites\/5\/2025\/09\/542609023-802521749005561-1811927390684174807-n-300x200.jpg 300w, https:\/\/vosgesinfo.fr\/app\/uploads\/sites\/5\/2025\/09\/542609023-802521749005561-1811927390684174807-n-1024x683.jpg 1024w, https:\/\/vosgesinfo.fr\/app\/uploads\/sites\/5\/2025\/09\/542609023-802521749005561-1811927390684174807-n-768x512.jpg 768w, https:\/\/vosgesinfo.fr\/app\/uploads\/sites\/5\/2025\/09\/542609023-802521749005561-1811927390684174807-n-1536x1024.jpg 1536w\" sizes=\"(max-width: 2048px) 100vw, 2048px\" \/><\/a><p id=\"caption-attachment-84771\" class=\"wp-caption-text\">photo Ville de Remiremont<\/p><\/div>\n<h2 data-start=\"131\" data-end=\"472\"><strong>Le mardi 2 septembre, la municipalit\u00e9 de Remiremont a accueilli une nouvelle recrue au sein de sa police municipale : Ana\u00efs Chipeaux. La jeune femme, \u00e2g\u00e9e de 26 ans et originaire de Haute-Sa\u00f4ne, a officiellement pris ses fonctions en pr\u00e9sence du maire Jean-Beno\u00eet Tisserand et de son adjoint \u00e0 la s\u00e9curit\u00e9, Bernard Creusot.<\/strong><\/h2>\n<p data-start=\"474\" data-end=\"879\">Ancienne gendarme, elle exer\u00e7ait jusqu\u2019ici \u00e0 la police municipale de Montb\u00e9liard. Son arriv\u00e9e s\u2019inscrit dans la volont\u00e9 de la commune de renforcer ses effectifs pour accro\u00eetre la pr\u00e9sence sur le terrain et consolider la collaboration avec la police nationale. Cette orientation prolonge les actions d\u00e9j\u00e0 men\u00e9es, comme le d\u00e9ploiement de la vid\u00e9oprotection, dont les r\u00e9sultats sont jug\u00e9s positifs.<\/p>\n<h3 data-start=\"881\" data-end=\"931\">Des missions vari\u00e9es au service du quotidien<\/h3>\n<p data-start=\"932\" data-end=\"985\">\u00c0 Remiremont, la police municipale a pour r\u00f4le de : g\u00e9rer les conflits de voisinage, lutter contre les incivilit\u00e9s, assurer les contr\u00f4les routiers sur un axe fr\u00e9quent\u00e9 par pr\u00e8s de 20 000 v\u00e9hicules par jour, r\u00e9guler les nuisances sonores, notamment celles li\u00e9es aux deux-roues et encadrer les \u00e9v\u00e9nements organis\u00e9s par la ville.<\/p>\n<p data-start=\"1284\" data-end=\"1490\">Les effectifs actuels se composent de 3 policiers municipaux et 2 ASVP. La municipalit\u00e9 assure qu\u2019aucune r\u00e9duction n\u2019est envisag\u00e9e, la s\u00e9curit\u00e9 et la tranquillit\u00e9 publique demeurant des priorit\u00e9s.<\/p>\n<h3 data-start=\"1492\" data-end=\"1529\">Un choix guid\u00e9 par la proximit\u00e9<\/h3>\n<p data-start=\"1530\" data-end=\"1885\">Souhaitant se rapprocher de son domicile, Ana\u00efs Chipeaux a choisi la police municipale afin de d\u00e9velopper un lien direct avec les habitants et les commer\u00e7ants. Elle d\u00e9crit Remiremont comme une ville calme, o\u00f9 elle n\u2019a pas encore constat\u00e9 une forte d\u00e9linquance. Elle met en avant l\u2019\u00e9coute, le dialogue et la patience pour d\u00e9samorcer les tensions.<\/p>\n<p data-start=\"1887\" data-end=\"1934\">Le maire souligne d\u2019ailleurs cette approche : \u00ab On met la dimension humaine avant tout dans notre police municipale. Nous ne sommes pas dans la verbalisation imm\u00e9diate, mais privil\u00e9gions la pr\u00e9vention. \u00bb<\/p>\n<h3 data-start=\"2098\" data-end=\"2122\">Des moyens adapt\u00e9s<\/h3>\n<p data-start=\"2123\" data-end=\"2287\">La police municipale de Remiremont est arm\u00e9e et \u00e9quip\u00e9e de cam\u00e9ras-pi\u00e9tons, afin de garantir efficacit\u00e9 et transparence dans chacune de ses interventions.<\/p>\n\n\t\t<style type=\"text\/css\">\n\t\t\t#gallery-1 {\n\t\t\t\tmargin: auto;\n\t\t\t}\n\t\t\t#gallery-1 .gallery-item {\n\t\t\t\tfloat: left;\n\t\t\t\tmargin-top: 10px;\n\t\t\t\ttext-align: center;\n\t\t\t\twidth: 33%;\n\t\t\t}\n\t\t\t#gallery-1 img {\n\t\t\t\tborder: 2px solid #cfcfcf;\n\t\t\t}\n\t\t\t#gallery-1 .gallery-caption {\n\t\t\t\tmargin-left: 0;\n\t\t\t}\n\t\t\t\/* see gallery_shortcode() in wp-includes\/media.php *\/\n\t\t<\/style>\n\t\t<div id='gallery-1' class='gallery galleryid-84770 gallery-columns-3 gallery-size-large'><dl class='gallery-item'>\n\t\t\t<dt class='gallery-icon landscape'>\n\t\t\t\t<a href='https:\/\/vosgesinfo.fr\/app\/uploads\/sites\/5\/2025\/09\/541354007-802521822338887-646047956020364022-n.jpg'><img decoding=\"async\" width=\"1024\" height=\"683\" src=\"https:\/\/vosgesinfo.fr\/app\/uploads\/sites\/5\/2025\/09\/541354007-802521822338887-646047956020364022-n-1024x683.jpg\" class=\"attachment-large size-large\" alt=\"\" aria-describedby=\"gallery-1-84772\" srcset=\"https:\/\/vosgesinfo.fr\/app\/uploads\/sites\/5\/2025\/09\/541354007-802521822338887-646047956020364022-n-1024x683.jpg 1024w, https:\/\/vosgesinfo.fr\/app\/uploads\/sites\/5\/2025\/09\/541354007-802521822338887-646047956020364022-n-300x200.jpg 300w, https:\/\/vosgesinfo.fr\/app\/uploads\/sites\/5\/2025\/09\/541354007-802521822338887-646047956020364022-n-768x512.jpg 768w, https:\/\/vosgesinfo.fr\/app\/uploads\/sites\/5\/2025\/09\/541354007-802521822338887-646047956020364022-n-1536x1024.jpg 1536w, https:\/\/vosgesinfo.fr\/app\/uploads\/sites\/5\/2025\/09\/541354007-802521822338887-646047956020364022-n.jpg 2048w\" sizes=\"(max-width: 1024px) 100vw, 1024px\" \/><\/a>\n\t\t\t<\/dt>\n\t\t\t\t<dd class='wp-caption-text gallery-caption' id='gallery-1-84772'>\n\t\t\t\tphoto Ville de Remiremont\n\t\t\t\t<\/dd><\/dl><dl class='gallery-item'>\n\t\t\t<dt class='gallery-icon landscape'>\n\t\t\t\t<a href='https:\/\/vosgesinfo.fr\/app\/uploads\/sites\/5\/2025\/09\/541445381-802521779005558-8311244722716366503-n.jpg'><img decoding=\"async\" width=\"1024\" height=\"683\" src=\"https:\/\/vosgesinfo.fr\/app\/uploads\/sites\/5\/2025\/09\/541445381-802521779005558-8311244722716366503-n-1024x683.jpg\" class=\"attachment-large size-large\" alt=\"\" aria-describedby=\"gallery-1-84773\" srcset=\"https:\/\/vosgesinfo.fr\/app\/uploads\/sites\/5\/2025\/09\/541445381-802521779005558-8311244722716366503-n-1024x683.jpg 1024w, https:\/\/vosgesinfo.fr\/app\/uploads\/sites\/5\/2025\/09\/541445381-802521779005558-8311244722716366503-n-300x200.jpg 300w, https:\/\/vosgesinfo.fr\/app\/uploads\/sites\/5\/2025\/09\/541445381-802521779005558-8311244722716366503-n-768x512.jpg 768w, https:\/\/vosgesinfo.fr\/app\/uploads\/sites\/5\/2025\/09\/541445381-802521779005558-8311244722716366503-n-1536x1024.jpg 1536w, https:\/\/vosgesinfo.fr\/app\/uploads\/sites\/5\/2025\/09\/541445381-802521779005558-8311244722716366503-n.jpg 2048w\" sizes=\"(max-width: 1024px) 100vw, 1024px\" \/><\/a>\n\t\t\t<\/dt>\n\t\t\t\t<dd class='wp-caption-text gallery-caption' id='gallery-1-84773'>\n\t\t\t\tphoto Ville de Remiremont\n\t\t\t\t<\/dd><\/dl>\n\t\t\t<br style='clear: both' \/>\n\t\t<\/div>\n\n","protected":false},"excerpt":{"rendered":"<p>Le mardi 2 septembre, la municipalit\u00e9 de Remiremont a accueilli une nouvelle recrue au sein de sa police municipale : [&hellip;]<\/p>\n","protected":false},"author":52,"featured_media":84771,"comment_status":"open","ping_status":"open","sticky":false,"template":"","format":"standard","meta":{"footnotes":""},"categories":[26,43,95],"tags":[],"class_list":["post-84770","post","type-post","status-publish","format-standard","has-post-thumbnail","hentry","category-a-la-une","category-remiremont-remiremont-son-canton","category-securite"],"acf":[],"yoast_head":"<!-- This site is optimized with the Yoast SEO plugin v22.5 - https:\/\/yoast.com\/wordpress\/plugins\/seo\/ -->\n<title>Remiremont : Ana\u00efs Chipeaux rejoint la police municipale - Remiremont Info<\/title>\n<meta name=\"robots\" content=\"index, follow, max-snippet:-1, max-image-preview:large, max-video-preview:-1\" \/>\n<link rel=\"canonical\" href=\"https:\/\/vosgesinfo.fr\/remiremontinfo\/2025\/09\/remiremont-anais-chipeaux-rejoint-la-police-municipale\/\" \/>\n<meta name=\"twitter:card\" content=\"summary_large_image\" \/>\n<meta name=\"twitter:title\" content=\"Remiremont : Ana\u00efs Chipeaux rejoint la police municipale - Remiremont Info\" \/>\n<meta name=\"twitter:description\" content=\"Le mardi 2 septembre, la municipalit\u00e9 de Remiremont a accueilli une nouvelle recrue au sein de sa police municipale : [&hellip;]\" \/>\n<meta name=\"twitter:image\" content=\"https:\/\/vosgesinfo.fr\/app\/uploads\/sites\/5\/2025\/09\/542609023-802521749005561-1811927390684174807-n.jpg\" \/>\n<meta name=\"twitter:creator\" content=\"@VosgesInfo88\" \/>\n<meta name=\"twitter:site\" content=\"@VosgesInfo88\" \/>\n<meta name=\"twitter:label1\" content=\"\u00c9crit par\" \/>\n\t<meta name=\"twitter:data1\" content=\"C.K.\" \/>\n\t<meta name=\"twitter:label2\" content=\"Dur\u00e9e de lecture estim\u00e9e\" \/>\n\t<meta name=\"twitter:data2\" content=\"2 minutes\" \/>\n<script type=\"application\/ld+json\" class=\"yoast-schema-graph\">{\"@context\":\"https:\/\/schema.org\",\"@graph\":[{\"@type\":\"Article\",\"@id\":\"https:\/\/vosgesinfo.fr\/remiremontinfo\/2025\/09\/remiremont-anais-chipeaux-rejoint-la-police-municipale\/#article\",\"isPartOf\":{\"@id\":\"https:\/\/vosgesinfo.fr\/remiremontinfo\/2025\/09\/remiremont-anais-chipeaux-rejoint-la-police-municipale\/\"},\"author\":{\"name\":\"C.K.\",\"@id\":\"https:\/\/vosgesinfo.fr\/remiremontinfo\/#\/schema\/person\/6f9a650eeea99d969b6c4ab78fccbe81\"},\"headline\":\"Remiremont : Ana\u00efs Chipeaux rejoint la police municipale\",\"datePublished\":\"2025-09-03T11:25:26+00:00\",\"dateModified\":\"2025-09-03T11:22:48+00:00\",\"mainEntityOfPage\":{\"@id\":\"https:\/\/vosgesinfo.fr\/remiremontinfo\/2025\/09\/remiremont-anais-chipeaux-rejoint-la-police-municipale\/\"},\"wordCount\":381,\"commentCount\":1,\"publisher\":{\"@id\":\"https:\/\/vosgesinfo.fr\/remiremontinfo\/#organization\"},\"image\":{\"@id\":\"https:\/\/vosgesinfo.fr\/remiremontinfo\/2025\/09\/remiremont-anais-chipeaux-rejoint-la-police-municipale\/#primaryimage\"},\"thumbnailUrl\":\"https:\/\/vosgesinfo.fr\/app\/uploads\/sites\/5\/2025\/09\/542609023-802521749005561-1811927390684174807-n.jpg\",\"articleSection\":[\"A la Une\",\"Remiremont\",\"S\u00e9curit\u00e9\"],\"inLanguage\":\"fr-FR\",\"potentialAction\":[{\"@type\":\"CommentAction\",\"name\":\"Comment\",\"target\":[\"https:\/\/vosgesinfo.fr\/remiremontinfo\/2025\/09\/remiremont-anais-chipeaux-rejoint-la-police-municipale\/#respond\"]}]},{\"@type\":\"WebPage\",\"@id\":\"https:\/\/vosgesinfo.fr\/remiremontinfo\/2025\/09\/remiremont-anais-chipeaux-rejoint-la-police-municipale\/\",\"url\":\"https:\/\/vosgesinfo.fr\/remiremontinfo\/2025\/09\/remiremont-anais-chipeaux-rejoint-la-police-municipale\/\",\"name\":\"Remiremont : Ana\u00efs Chipeaux rejoint la police municipale - Remiremont Info\",\"isPartOf\":{\"@id\":\"https:\/\/vosgesinfo.fr\/remiremontinfo\/#website\"},\"primaryImageOfPage\":{\"@id\":\"https:\/\/vosgesinfo.fr\/remiremontinfo\/2025\/09\/remiremont-anais-chipeaux-rejoint-la-police-municipale\/#primaryimage\"},\"image\":{\"@id\":\"https:\/\/vosgesinfo.fr\/remiremontinfo\/2025\/09\/remiremont-anais-chipeaux-rejoint-la-police-municipale\/#primaryimage\"},\"thumbnailUrl\":\"https:\/\/vosgesinfo.fr\/app\/uploads\/sites\/5\/2025\/09\/542609023-802521749005561-1811927390684174807-n.jpg\",\"datePublished\":\"2025-09-03T11:25:26+00:00\",\"dateModified\":\"2025-09-03T11:22:48+00:00\",\"breadcrumb\":{\"@id\":\"https:\/\/vosgesinfo.fr\/remiremontinfo\/2025\/09\/remiremont-anais-chipeaux-rejoint-la-police-municipale\/#breadcrumb\"},\"inLanguage\":\"fr-FR\",\"potentialAction\":[{\"@type\":\"ReadAction\",\"target\":[\"https:\/\/vosgesinfo.fr\/remiremontinfo\/2025\/09\/remiremont-anais-chipeaux-rejoint-la-police-municipale\/\"]}]},{\"@type\":\"ImageObject\",\"inLanguage\":\"fr-FR\",\"@id\":\"https:\/\/vosgesinfo.fr\/remiremontinfo\/2025\/09\/remiremont-anais-chipeaux-rejoint-la-police-municipale\/#primaryimage\",\"url\":\"https:\/\/vosgesinfo.fr\/app\/uploads\/sites\/5\/2025\/09\/542609023-802521749005561-1811927390684174807-n.jpg\",\"contentUrl\":\"https:\/\/vosgesinfo.fr\/app\/uploads\/sites\/5\/2025\/09\/542609023-802521749005561-1811927390684174807-n.jpg\",\"width\":2048,\"height\":1365,\"caption\":\"photo Ville de Remiremont\"},{\"@type\":\"BreadcrumbList\",\"@id\":\"https:\/\/vosgesinfo.fr\/remiremontinfo\/2025\/09\/remiremont-anais-chipeaux-rejoint-la-police-municipale\/#breadcrumb\",\"itemListElement\":[{\"@type\":\"ListItem\",\"position\":1,\"name\":\"Home\",\"item\":\"https:\/\/vosgesinfo.fr\/remiremontinfo\/\"},{\"@type\":\"ListItem\",\"position\":2,\"name\":\"Remiremont : Ana\u00efs Chipeaux rejoint la police municipale\"}]},{\"@type\":\"WebSite\",\"@id\":\"https:\/\/vosgesinfo.fr\/remiremontinfo\/#website\",\"url\":\"https:\/\/vosgesinfo.fr\/remiremontinfo\/\",\"name\":\"Remiremont Info\",\"description\":\"Toute l&#039;actualit\u00e9 de Remiremont\",\"publisher\":{\"@id\":\"https:\/\/vosgesinfo.fr\/remiremontinfo\/#organization\"},\"alternateName\":\"Toute l'actualit\u00e9 de Remiremont\",\"potentialAction\":[{\"@type\":\"SearchAction\",\"target\":{\"@type\":\"EntryPoint\",\"urlTemplate\":\"https:\/\/vosgesinfo.fr\/remiremontinfo\/?s={search_term_string}\"},\"query-input\":\"required name=search_term_string\"}],\"inLanguage\":\"fr-FR\"},{\"@type\":\"Organization\",\"@id\":\"https:\/\/vosgesinfo.fr\/remiremontinfo\/#organization\",\"name\":\"Remiremont Info\",\"url\":\"https:\/\/vosgesinfo.fr\/remiremontinfo\/\",\"logo\":{\"@type\":\"ImageObject\",\"inLanguage\":\"fr-FR\",\"@id\":\"https:\/\/vosgesinfo.fr\/remiremontinfo\/#\/schema\/logo\/image\/\",\"url\":\"https:\/\/vosgesinfo.fr\/app\/uploads\/sites\/5\/2023\/08\/favicon-remiremontinfo.png\",\"contentUrl\":\"https:\/\/vosgesinfo.fr\/app\/uploads\/sites\/5\/2023\/08\/favicon-remiremontinfo.png\",\"width\":512,\"height\":512,\"caption\":\"Remiremont Info\"},\"image\":{\"@id\":\"https:\/\/vosgesinfo.fr\/remiremontinfo\/#\/schema\/logo\/image\/\"},\"sameAs\":[\"https:\/\/www.facebook.com\/remiremontinfo\",\"https:\/\/x.com\/VosgesInfo88\",\"https:\/\/www.youtube.com\/@vosgesinfo\"]},{\"@type\":\"Person\",\"@id\":\"https:\/\/vosgesinfo.fr\/remiremontinfo\/#\/schema\/person\/6f9a650eeea99d969b6c4ab78fccbe81\",\"name\":\"C.K.\",\"image\":{\"@type\":\"ImageObject\",\"inLanguage\":\"fr-FR\",\"@id\":\"https:\/\/vosgesinfo.fr\/remiremontinfo\/#\/schema\/person\/image\/\",\"url\":\"https:\/\/secure.gravatar.com\/avatar\/48e3fc7f8421ba8942be6b74a2b7f014ca39bc00dece156b7a8e098ae7dc87bf?s=96&d=mm&r=g\",\"contentUrl\":\"https:\/\/secure.gravatar.com\/avatar\/48e3fc7f8421ba8942be6b74a2b7f014ca39bc00dece156b7a8e098ae7dc87bf?s=96&d=mm&r=g\",\"caption\":\"C.K.\"},\"url\":\"https:\/\/vosgesinfo.fr\/remiremontinfo\/author\/celia-k-n\/\"}]}<\/script>\n<!-- \/ Yoast SEO plugin. -->","yoast_head_json":{"title":"Remiremont : Ana\u00efs Chipeaux rejoint la police municipale - Remiremont Info","robots":{"index":"index","follow":"follow","max-snippet":"max-snippet:-1","max-image-preview":"max-image-preview:large","max-video-preview":"max-video-preview:-1"},"canonical":"https:\/\/vosgesinfo.fr\/remiremontinfo\/2025\/09\/remiremont-anais-chipeaux-rejoint-la-police-municipale\/","twitter_card":"summary_large_image","twitter_title":"Remiremont : Ana\u00efs Chipeaux rejoint la police municipale - Remiremont Info","twitter_description":"Le mardi 2 septembre, la municipalit\u00e9 de Remiremont a accueilli une nouvelle recrue au sein de sa police municipale : [&hellip;]","twitter_image":"https:\/\/vosgesinfo.fr\/app\/uploads\/sites\/5\/2025\/09\/542609023-802521749005561-1811927390684174807-n.jpg","twitter_creator":"@VosgesInfo88","twitter_site":"@VosgesInfo88","twitter_misc":{"\u00c9crit par":"C.K.","Dur\u00e9e de lecture estim\u00e9e":"2 minutes"},"schema":{"@context":"https:\/\/schema.org","@graph":[{"@type":"Article","@id":"https:\/\/vosgesinfo.fr\/remiremontinfo\/2025\/09\/remiremont-anais-chipeaux-rejoint-la-police-municipale\/#article","isPartOf":{"@id":"https:\/\/vosgesinfo.fr\/remiremontinfo\/2025\/09\/remiremont-anais-chipeaux-rejoint-la-police-municipale\/"},"author":{"name":"C.K.","@id":"https:\/\/vosgesinfo.fr\/remiremontinfo\/#\/schema\/person\/6f9a650eeea99d969b6c4ab78fccbe81"},"headline":"Remiremont : Ana\u00efs Chipeaux rejoint la police municipale","datePublished":"2025-09-03T11:25:26+00:00","dateModified":"2025-09-03T11:22:48+00:00","mainEntityOfPage":{"@id":"https:\/\/vosgesinfo.fr\/remiremontinfo\/2025\/09\/remiremont-anais-chipeaux-rejoint-la-police-municipale\/"},"wordCount":381,"commentCount":1,"publisher":{"@id":"https:\/\/vosgesinfo.fr\/remiremontinfo\/#organization"},"image":{"@id":"https:\/\/vosgesinfo.fr\/remiremontinfo\/2025\/09\/remiremont-anais-chipeaux-rejoint-la-police-municipale\/#primaryimage"},"thumbnailUrl":"https:\/\/vosgesinfo.fr\/app\/uploads\/sites\/5\/2025\/09\/542609023-802521749005561-1811927390684174807-n.jpg","articleSection":["A la Une","Remiremont","S\u00e9curit\u00e9"],"inLanguage":"fr-FR","potentialAction":[{"@type":"CommentAction","name":"Comment","target":["https:\/\/vosgesinfo.fr\/remiremontinfo\/2025\/09\/remiremont-anais-chipeaux-rejoint-la-police-municipale\/#respond"]}]},{"@type":"WebPage","@id":"https:\/\/vosgesinfo.fr\/remiremontinfo\/2025\/09\/remiremont-anais-chipeaux-rejoint-la-police-municipale\/","url":"https:\/\/vosgesinfo.fr\/remiremontinfo\/2025\/09\/remiremont-anais-chipeaux-rejoint-la-police-municipale\/","name":"Remiremont : Ana\u00efs Chipeaux rejoint la police municipale - Remiremont Info","isPartOf":{"@id":"https:\/\/vosgesinfo.fr\/remiremontinfo\/#website"},"primaryImageOfPage":{"@id":"https:\/\/vosgesinfo.fr\/remiremontinfo\/2025\/09\/remiremont-anais-chipeaux-rejoint-la-police-municipale\/#primaryimage"},"image":{"@id":"https:\/\/vosgesinfo.fr\/remiremontinfo\/2025\/09\/remiremont-anais-chipeaux-rejoint-la-police-municipale\/#primaryimage"},"thumbnailUrl":"https:\/\/vosgesinfo.fr\/app\/uploads\/sites\/5\/2025\/09\/542609023-802521749005561-1811927390684174807-n.jpg","datePublished":"2025-09-03T11:25:26+00:00","dateModified":"2025-09-03T11:22:48+00:00","breadcrumb":{"@id":"https:\/\/vosgesinfo.fr\/remiremontinfo\/2025\/09\/remiremont-anais-chipeaux-rejoint-la-police-municipale\/#breadcrumb"},"inLanguage":"fr-FR","potentialAction":[{"@type":"ReadAction","target":["https:\/\/vosgesinfo.fr\/remiremontinfo\/2025\/09\/remiremont-anais-chipeaux-rejoint-la-police-municipale\/"]}]},{"@type":"ImageObject","inLanguage":"fr-FR","@id":"https:\/\/vosgesinfo.fr\/remiremontinfo\/2025\/09\/remiremont-anais-chipeaux-rejoint-la-police-municipale\/#primaryimage","url":"https:\/\/vosgesinfo.fr\/app\/uploads\/sites\/5\/2025\/09\/542609023-802521749005561-1811927390684174807-n.jpg","contentUrl":"https:\/\/vosgesinfo.fr\/app\/uploads\/sites\/5\/2025\/09\/542609023-802521749005561-1811927390684174807-n.jpg","width":2048,"height":1365,"caption":"photo Ville de Remiremont"},{"@type":"BreadcrumbList","@id":"https:\/\/vosgesinfo.fr\/remiremontinfo\/2025\/09\/remiremont-anais-chipeaux-rejoint-la-police-municipale\/#breadcrumb","itemListElement":[{"@type":"ListItem","position":1,"name":"Home","item":"https:\/\/vosgesinfo.fr\/remiremontinfo\/"},{"@type":"ListItem","position":2,"name":"Remiremont : Ana\u00efs Chipeaux rejoint la police municipale"}]},{"@type":"WebSite","@id":"https:\/\/vosgesinfo.fr\/remiremontinfo\/#website","url":"https:\/\/vosgesinfo.fr\/remiremontinfo\/","name":"Remiremont Info","description":"Toute l&#039;actualit\u00e9 de Remiremont","publisher":{"@id":"https:\/\/vosgesinfo.fr\/remiremontinfo\/#organization"},"alternateName":"Toute l'actualit\u00e9 de Remiremont","potentialAction":[{"@type":"SearchAction","target":{"@type":"EntryPoint","urlTemplate":"https:\/\/vosgesinfo.fr\/remiremontinfo\/?s={search_term_string}"},"query-input":"required name=search_term_string"}],"inLanguage":"fr-FR"},{"@type":"Organization","@id":"https:\/\/vosgesinfo.fr\/remiremontinfo\/#organization","name":"Remiremont Info","url":"https:\/\/vosgesinfo.fr\/remiremontinfo\/","logo":{"@type":"ImageObject","inLanguage":"fr-FR","@id":"https:\/\/vosgesinfo.fr\/remiremontinfo\/#\/schema\/logo\/image\/","url":"https:\/\/vosgesinfo.fr\/app\/uploads\/sites\/5\/2023\/08\/favicon-remiremontinfo.png","contentUrl":"https:\/\/vosgesinfo.fr\/app\/uploads\/sites\/5\/2023\/08\/favicon-remiremontinfo.png","width":512,"height":512,"caption":"Remiremont Info"},"image":{"@id":"https:\/\/vosgesinfo.fr\/remiremontinfo\/#\/schema\/logo\/image\/"},"sameAs":["https:\/\/www.facebook.com\/remiremontinfo","https:\/\/x.com\/VosgesInfo88","https:\/\/www.youtube.com\/@vosgesinfo"]},{"@type":"Person","@id":"https:\/\/vosgesinfo.fr\/remiremontinfo\/#\/schema\/person\/6f9a650eeea99d969b6c4ab78fccbe81","name":"C.K.","image":{"@type":"ImageObject","inLanguage":"fr-FR","@id":"https:\/\/vosgesinfo.fr\/remiremontinfo\/#\/schema\/person\/image\/","url":"https:\/\/secure.gravatar.com\/avatar\/48e3fc7f8421ba8942be6b74a2b7f014ca39bc00dece156b7a8e098ae7dc87bf?s=96&d=mm&r=g","contentUrl":"https:\/\/secure.gravatar.com\/avatar\/48e3fc7f8421ba8942be6b74a2b7f014ca39bc00dece156b7a8e098ae7dc87bf?s=96&d=mm&r=g","caption":"C.K."},"url":"https:\/\/vosgesinfo.fr\/remiremontinfo\/author\/celia-k-n\/"}]}},"_links":{"self":[{"href":"https:\/\/vosgesinfo.fr\/remiremontinfo\/wp-json\/wp\/v2\/posts\/84770","targetHints":{"allow":["GET"]}}],"collection":[{"href":"https:\/\/vosgesinfo.fr\/remiremontinfo\/wp-json\/wp\/v2\/posts"}],"about":[{"href":"https:\/\/vosgesinfo.fr\/remiremontinfo\/wp-json\/wp\/v2\/types\/post"}],"author":[{"embeddable":true,"href":"https:\/\/vosgesinfo.fr\/remiremontinfo\/wp-json\/wp\/v2\/users\/52"}],"replies":[{"embeddable":true,"href":"https:\/\/vosgesinfo.fr\/remiremontinfo\/wp-json\/wp\/v2\/comments?post=84770"}],"version-history":[{"count":1,"href":"https:\/\/vosgesinfo.fr\/remiremontinfo\/wp-json\/wp\/v2\/posts\/84770\/revisions"}],"predecessor-version":[{"id":84774,"href":"https:\/\/vosgesinfo.fr\/remiremontinfo\/wp-json\/wp\/v2\/posts\/84770\/revisions\/84774"}],"wp:featuredmedia":[{"embeddable":true,"href":"https:\/\/vosgesinfo.fr\/remiremontinfo\/wp-json\/wp\/v2\/media\/84771"}],"wp:attachment":[{"href":"https:\/\/vosgesinfo.fr\/remiremontinfo\/wp-json\/wp\/v2\/media?parent=84770"}],"wp:term":[{"taxonomy":"category","embeddable":true,"href":"https:\/\/vosgesinfo.fr\/remiremontinfo\/wp-json\/wp\/v2\/categories?post=84770"},{"taxonomy":"post_tag","embeddable":true,"href":"https:\/\/vosgesinfo.fr\/remiremontinfo\/wp-json\/wp\/v2\/tags?post=84770"}],"curies":[{"name":"wp","href":"https:\/\/api.w.org\/{rel}","templated":true}]}}