{"id":84775,"date":"2025-09-03T13:30:27","date_gmt":"2025-09-03T11:30:27","guid":{"rendered":"https:\/\/vosgesinfo.fr\/remiremontinfo\/?p=84775"},"modified":"2025-09-03T13:25:00","modified_gmt":"2025-09-03T11:25:00","slug":"la-fete-foraine-de-remiremont-fait-son-grand-retour","status":"publish","type":"post","link":"https:\/\/vosgesinfo.fr\/remiremontinfo\/2025\/09\/la-fete-foraine-de-remiremont-fait-son-grand-retour\/","title":{"rendered":"La f\u00eate foraine de Remiremont fait son grand retour !"},"content":{"rendered":"<div id=\"attachment_24082\" style=\"width: 2570px\" class=\"wp-caption aligncenter\"><a href=\"https:\/\/vosgesinfo.fr\/app\/uploads\/sites\/5\/2024\/09\/fete-foraine-remiremont009-scaled.jpg\"><img decoding=\"async\" aria-describedby=\"caption-attachment-24082\" class=\"wp-image-24082 size-full\" src=\"https:\/\/vosgesinfo.fr\/app\/uploads\/sites\/5\/2024\/09\/fete-foraine-remiremont009-scaled.jpg\" alt=\"\" width=\"2560\" height=\"1920\" srcset=\"https:\/\/vosgesinfo.fr\/app\/uploads\/sites\/5\/2024\/09\/fete-foraine-remiremont009-scaled.jpg 2560w, https:\/\/vosgesinfo.fr\/app\/uploads\/sites\/5\/2024\/09\/fete-foraine-remiremont009-300x225.jpg 300w, https:\/\/vosgesinfo.fr\/app\/uploads\/sites\/5\/2024\/09\/fete-foraine-remiremont009-1024x768.jpg 1024w, https:\/\/vosgesinfo.fr\/app\/uploads\/sites\/5\/2024\/09\/fete-foraine-remiremont009-768x576.jpg 768w, https:\/\/vosgesinfo.fr\/app\/uploads\/sites\/5\/2024\/09\/fete-foraine-remiremont009-1536x1152.jpg 1536w, https:\/\/vosgesinfo.fr\/app\/uploads\/sites\/5\/2024\/09\/fete-foraine-remiremont009-2048x1536.jpg 2048w\" sizes=\"(max-width: 2560px) 100vw, 2560px\" \/><\/a><p id=\"caption-attachment-24082\" class=\"wp-caption-text\">photo d&rsquo;archives<\/p><\/div>\n<h2 data-start=\"119\" data-end=\"364\"><strong>Du 6 au 14 septembre 2025, le Champ de Mars de Remiremont vibrera au rythme des man\u00e8ges, des lumi\u00e8res et des gourmandises sucr\u00e9es. Comme chaque ann\u00e9e, la f\u00eate foraine s\u2019annonce comme un rendez-vous incontournable pour petits et grands.<\/strong><\/h2>\n<p data-start=\"366\" data-end=\"631\">Pr\u00e8s de <strong data-start=\"374\" data-end=\"402\">50 stands et attractions<\/strong> attendent les visiteurs : frissons garantis pour les amateurs de sensations fortes, rires en famille dans les man\u00e8ges traditionnels, sans oublier les incontournables douceurs comme les gaufres, pommes d\u2019amour ou barbes \u00e0 papa.<\/p>\n<h3 data-start=\"633\" data-end=\"672\">Les temps forts de l\u2019\u00e9dition 2025<\/h3>\n<p data-start=\"673\" data-end=\"996\">\ud83d\udc49 <strong data-start=\"676\" data-end=\"700\">Dimanche 7 septembre<\/strong> : parade de <em data-start=\"713\" data-end=\"721\">Labubu<\/em>, un moment f\u00e9\u00e9rique pour \u00e9merveiller les enfants.<br data-start=\"771\" data-end=\"774\" \/>\ud83d\udc49 <strong data-start=\"777\" data-end=\"802\">Mercredi 10 septembre<\/strong> : journ\u00e9e sp\u00e9ciale avec <strong data-start=\"827\" data-end=\"845\">tarifs r\u00e9duits<\/strong> sur une large s\u00e9lection de man\u00e8ges.<br data-start=\"881\" data-end=\"884\" \/>\ud83d\udc49 <strong data-start=\"887\" data-end=\"910\">Samedi 13 septembre<\/strong> : <strong data-start=\"913\" data-end=\"931\">feu d\u2019artifice<\/strong> offert par la municipalit\u00e9, pour cl\u00f4turer la soir\u00e9e en beaut\u00e9.<\/p>\n<h3 data-start=\"998\" data-end=\"1036\">Des attractions phares de retour<\/h3>\n<p data-start=\"1037\" data-end=\"1260\">Les visiteurs retrouveront avec plaisir deux classiques tr\u00e8s attendus : la c\u00e9l\u00e8bre <strong data-start=\"1120\" data-end=\"1134\">Pieuvre \ud83d\udc19<\/strong>, man\u00e8ge \u00e0 sensations par excellence, et le <strong data-start=\"1178\" data-end=\"1199\">Palais des Glaces<\/strong>, o\u00f9 petits et grands pourront se perdre en \u00e9clats de rire.<\/p>\n<h3 data-start=\"1262\" data-end=\"1283\">Infos pratiques<\/h3>\n<p data-start=\"1284\" data-end=\"1390\">\ud83d\udccd <strong data-start=\"1287\" data-end=\"1295\">Lieu<\/strong> : Champ de Mars, Remiremont<br data-start=\"1323\" data-end=\"1326\" \/>\ud83d\udd51 <strong data-start=\"1329\" data-end=\"1341\">Horaires<\/strong> : mercredi, samedi et dimanche de 14h \u00e0 minuit<\/p>\n<p data-start=\"1392\" data-end=\"1513\">Avec son ambiance conviviale et festive, la f\u00eate foraine promet une semaine riche en \u00e9motions et en souvenirs partag\u00e9s.<\/p>\n","protected":false},"excerpt":{"rendered":"<p>Du 6 au 14 septembre 2025, le Champ de Mars de Remiremont vibrera au rythme des man\u00e8ges, des lumi\u00e8res et [&hellip;]<\/p>\n","protected":false},"author":52,"featured_media":24082,"comment_status":"open","ping_status":"open","sticky":false,"template":"","format":"standard","meta":{"footnotes":""},"categories":[26,406,43],"tags":[],"class_list":["post-84775","post","type-post","status-publish","format-standard","has-post-thumbnail","hentry","category-a-la-une","category-divertissement","category-remiremont-remiremont-son-canton"],"acf":[],"yoast_head":"<!-- This site is optimized with the Yoast SEO plugin v22.5 - https:\/\/yoast.com\/wordpress\/plugins\/seo\/ -->\n<title>La f\u00eate foraine de Remiremont fait son grand retour ! - Remiremont Info<\/title>\n<meta name=\"robots\" content=\"index, follow, max-snippet:-1, max-image-preview:large, max-video-preview:-1\" \/>\n<link rel=\"canonical\" href=\"https:\/\/vosgesinfo.fr\/remiremontinfo\/2025\/09\/la-fete-foraine-de-remiremont-fait-son-grand-retour\/\" \/>\n<meta name=\"twitter:card\" content=\"summary_large_image\" \/>\n<meta name=\"twitter:title\" content=\"La f\u00eate foraine de Remiremont fait son grand retour ! - Remiremont Info\" \/>\n<meta name=\"twitter:description\" content=\"Du 6 au 14 septembre 2025, le Champ de Mars de Remiremont vibrera au rythme des man\u00e8ges, des lumi\u00e8res et [&hellip;]\" \/>\n<meta name=\"twitter:image\" content=\"https:\/\/vosgesinfo.fr\/app\/uploads\/sites\/5\/2024\/09\/fete-foraine-remiremont009-scaled.jpg\" \/>\n<meta name=\"twitter:creator\" content=\"@VosgesInfo88\" \/>\n<meta name=\"twitter:site\" content=\"@VosgesInfo88\" \/>\n<meta name=\"twitter:label1\" content=\"\u00c9crit par\" \/>\n\t<meta name=\"twitter:data1\" content=\"C.K.\" \/>\n\t<meta name=\"twitter:label2\" content=\"Dur\u00e9e de lecture estim\u00e9e\" \/>\n\t<meta name=\"twitter:data2\" content=\"1 minute\" \/>\n<script type=\"application\/ld+json\" class=\"yoast-schema-graph\">{\"@context\":\"https:\/\/schema.org\",\"@graph\":[{\"@type\":\"Article\",\"@id\":\"https:\/\/vosgesinfo.fr\/remiremontinfo\/2025\/09\/la-fete-foraine-de-remiremont-fait-son-grand-retour\/#article\",\"isPartOf\":{\"@id\":\"https:\/\/vosgesinfo.fr\/remiremontinfo\/2025\/09\/la-fete-foraine-de-remiremont-fait-son-grand-retour\/\"},\"author\":{\"name\":\"C.K.\",\"@id\":\"https:\/\/vosgesinfo.fr\/remiremontinfo\/#\/schema\/person\/6f9a650eeea99d969b6c4ab78fccbe81\"},\"headline\":\"La f\u00eate foraine de Remiremont fait son grand retour !\",\"datePublished\":\"2025-09-03T11:30:27+00:00\",\"dateModified\":\"2025-09-03T11:25:00+00:00\",\"mainEntityOfPage\":{\"@id\":\"https:\/\/vosgesinfo.fr\/remiremontinfo\/2025\/09\/la-fete-foraine-de-remiremont-fait-son-grand-retour\/\"},\"wordCount\":231,\"commentCount\":1,\"publisher\":{\"@id\":\"https:\/\/vosgesinfo.fr\/remiremontinfo\/#organization\"},\"image\":{\"@id\":\"https:\/\/vosgesinfo.fr\/remiremontinfo\/2025\/09\/la-fete-foraine-de-remiremont-fait-son-grand-retour\/#primaryimage\"},\"thumbnailUrl\":\"https:\/\/vosgesinfo.fr\/app\/uploads\/sites\/5\/2024\/09\/fete-foraine-remiremont009-scaled.jpg\",\"articleSection\":[\"A la Une\",\"Divertissement\",\"Remiremont\"],\"inLanguage\":\"fr-FR\",\"potentialAction\":[{\"@type\":\"CommentAction\",\"name\":\"Comment\",\"target\":[\"https:\/\/vosgesinfo.fr\/remiremontinfo\/2025\/09\/la-fete-foraine-de-remiremont-fait-son-grand-retour\/#respond\"]}]},{\"@type\":\"WebPage\",\"@id\":\"https:\/\/vosgesinfo.fr\/remiremontinfo\/2025\/09\/la-fete-foraine-de-remiremont-fait-son-grand-retour\/\",\"url\":\"https:\/\/vosgesinfo.fr\/remiremontinfo\/2025\/09\/la-fete-foraine-de-remiremont-fait-son-grand-retour\/\",\"name\":\"La f\u00eate foraine de Remiremont fait son grand retour ! - Remiremont Info\",\"isPartOf\":{\"@id\":\"https:\/\/vosgesinfo.fr\/remiremontinfo\/#website\"},\"primaryImageOfPage\":{\"@id\":\"https:\/\/vosgesinfo.fr\/remiremontinfo\/2025\/09\/la-fete-foraine-de-remiremont-fait-son-grand-retour\/#primaryimage\"},\"image\":{\"@id\":\"https:\/\/vosgesinfo.fr\/remiremontinfo\/2025\/09\/la-fete-foraine-de-remiremont-fait-son-grand-retour\/#primaryimage\"},\"thumbnailUrl\":\"https:\/\/vosgesinfo.fr\/app\/uploads\/sites\/5\/2024\/09\/fete-foraine-remiremont009-scaled.jpg\",\"datePublished\":\"2025-09-03T11:30:27+00:00\",\"dateModified\":\"2025-09-03T11:25:00+00:00\",\"breadcrumb\":{\"@id\":\"https:\/\/vosgesinfo.fr\/remiremontinfo\/2025\/09\/la-fete-foraine-de-remiremont-fait-son-grand-retour\/#breadcrumb\"},\"inLanguage\":\"fr-FR\",\"potentialAction\":[{\"@type\":\"ReadAction\",\"target\":[\"https:\/\/vosgesinfo.fr\/remiremontinfo\/2025\/09\/la-fete-foraine-de-remiremont-fait-son-grand-retour\/\"]}]},{\"@type\":\"ImageObject\",\"inLanguage\":\"fr-FR\",\"@id\":\"https:\/\/vosgesinfo.fr\/remiremontinfo\/2025\/09\/la-fete-foraine-de-remiremont-fait-son-grand-retour\/#primaryimage\",\"url\":\"https:\/\/vosgesinfo.fr\/app\/uploads\/sites\/5\/2024\/09\/fete-foraine-remiremont009-scaled.jpg\",\"contentUrl\":\"https:\/\/vosgesinfo.fr\/app\/uploads\/sites\/5\/2024\/09\/fete-foraine-remiremont009-scaled.jpg\",\"width\":2560,\"height\":1920},{\"@type\":\"BreadcrumbList\",\"@id\":\"https:\/\/vosgesinfo.fr\/remiremontinfo\/2025\/09\/la-fete-foraine-de-remiremont-fait-son-grand-retour\/#breadcrumb\",\"itemListElement\":[{\"@type\":\"ListItem\",\"position\":1,\"name\":\"Home\",\"item\":\"https:\/\/vosgesinfo.fr\/remiremontinfo\/\"},{\"@type\":\"ListItem\",\"position\":2,\"name\":\"La f\u00eate foraine de Remiremont fait son grand retour !\"}]},{\"@type\":\"WebSite\",\"@id\":\"https:\/\/vosgesinfo.fr\/remiremontinfo\/#website\",\"url\":\"https:\/\/vosgesinfo.fr\/remiremontinfo\/\",\"name\":\"Remiremont Info\",\"description\":\"Toute l&#039;actualit\u00e9 de Remiremont\",\"publisher\":{\"@id\":\"https:\/\/vosgesinfo.fr\/remiremontinfo\/#organization\"},\"alternateName\":\"Toute l'actualit\u00e9 de Remiremont\",\"potentialAction\":[{\"@type\":\"SearchAction\",\"target\":{\"@type\":\"EntryPoint\",\"urlTemplate\":\"https:\/\/vosgesinfo.fr\/remiremontinfo\/?s={search_term_string}\"},\"query-input\":\"required name=search_term_string\"}],\"inLanguage\":\"fr-FR\"},{\"@type\":\"Organization\",\"@id\":\"https:\/\/vosgesinfo.fr\/remiremontinfo\/#organization\",\"name\":\"Remiremont Info\",\"url\":\"https:\/\/vosgesinfo.fr\/remiremontinfo\/\",\"logo\":{\"@type\":\"ImageObject\",\"inLanguage\":\"fr-FR\",\"@id\":\"https:\/\/vosgesinfo.fr\/remiremontinfo\/#\/schema\/logo\/image\/\",\"url\":\"https:\/\/vosgesinfo.fr\/app\/uploads\/sites\/5\/2023\/08\/favicon-remiremontinfo.png\",\"contentUrl\":\"https:\/\/vosgesinfo.fr\/app\/uploads\/sites\/5\/2023\/08\/favicon-remiremontinfo.png\",\"width\":512,\"height\":512,\"caption\":\"Remiremont Info\"},\"image\":{\"@id\":\"https:\/\/vosgesinfo.fr\/remiremontinfo\/#\/schema\/logo\/image\/\"},\"sameAs\":[\"https:\/\/www.facebook.com\/remiremontinfo\",\"https:\/\/x.com\/VosgesInfo88\",\"https:\/\/www.youtube.com\/@vosgesinfo\"]},{\"@type\":\"Person\",\"@id\":\"https:\/\/vosgesinfo.fr\/remiremontinfo\/#\/schema\/person\/6f9a650eeea99d969b6c4ab78fccbe81\",\"name\":\"C.K.\",\"image\":{\"@type\":\"ImageObject\",\"inLanguage\":\"fr-FR\",\"@id\":\"https:\/\/vosgesinfo.fr\/remiremontinfo\/#\/schema\/person\/image\/\",\"url\":\"https:\/\/secure.gravatar.com\/avatar\/48e3fc7f8421ba8942be6b74a2b7f014ca39bc00dece156b7a8e098ae7dc87bf?s=96&d=mm&r=g\",\"contentUrl\":\"https:\/\/secure.gravatar.com\/avatar\/48e3fc7f8421ba8942be6b74a2b7f014ca39bc00dece156b7a8e098ae7dc87bf?s=96&d=mm&r=g\",\"caption\":\"C.K.\"},\"url\":\"https:\/\/vosgesinfo.fr\/remiremontinfo\/author\/celia-k-n\/\"}]}<\/script>\n<!-- \/ Yoast SEO plugin. -->","yoast_head_json":{"title":"La f\u00eate foraine de Remiremont fait son grand retour ! - Remiremont Info","robots":{"index":"index","follow":"follow","max-snippet":"max-snippet:-1","max-image-preview":"max-image-preview:large","max-video-preview":"max-video-preview:-1"},"canonical":"https:\/\/vosgesinfo.fr\/remiremontinfo\/2025\/09\/la-fete-foraine-de-remiremont-fait-son-grand-retour\/","twitter_card":"summary_large_image","twitter_title":"La f\u00eate foraine de Remiremont fait son grand retour ! - Remiremont Info","twitter_description":"Du 6 au 14 septembre 2025, le Champ de Mars de Remiremont vibrera au rythme des man\u00e8ges, des lumi\u00e8res et [&hellip;]","twitter_image":"https:\/\/vosgesinfo.fr\/app\/uploads\/sites\/5\/2024\/09\/fete-foraine-remiremont009-scaled.jpg","twitter_creator":"@VosgesInfo88","twitter_site":"@VosgesInfo88","twitter_misc":{"\u00c9crit par":"C.K.","Dur\u00e9e de lecture estim\u00e9e":"1 minute"},"schema":{"@context":"https:\/\/schema.org","@graph":[{"@type":"Article","@id":"https:\/\/vosgesinfo.fr\/remiremontinfo\/2025\/09\/la-fete-foraine-de-remiremont-fait-son-grand-retour\/#article","isPartOf":{"@id":"https:\/\/vosgesinfo.fr\/remiremontinfo\/2025\/09\/la-fete-foraine-de-remiremont-fait-son-grand-retour\/"},"author":{"name":"C.K.","@id":"https:\/\/vosgesinfo.fr\/remiremontinfo\/#\/schema\/person\/6f9a650eeea99d969b6c4ab78fccbe81"},"headline":"La f\u00eate foraine de Remiremont fait son grand retour !","datePublished":"2025-09-03T11:30:27+00:00","dateModified":"2025-09-03T11:25:00+00:00","mainEntityOfPage":{"@id":"https:\/\/vosgesinfo.fr\/remiremontinfo\/2025\/09\/la-fete-foraine-de-remiremont-fait-son-grand-retour\/"},"wordCount":231,"commentCount":1,"publisher":{"@id":"https:\/\/vosgesinfo.fr\/remiremontinfo\/#organization"},"image":{"@id":"https:\/\/vosgesinfo.fr\/remiremontinfo\/2025\/09\/la-fete-foraine-de-remiremont-fait-son-grand-retour\/#primaryimage"},"thumbnailUrl":"https:\/\/vosgesinfo.fr\/app\/uploads\/sites\/5\/2024\/09\/fete-foraine-remiremont009-scaled.jpg","articleSection":["A la Une","Divertissement","Remiremont"],"inLanguage":"fr-FR","potentialAction":[{"@type":"CommentAction","name":"Comment","target":["https:\/\/vosgesinfo.fr\/remiremontinfo\/2025\/09\/la-fete-foraine-de-remiremont-fait-son-grand-retour\/#respond"]}]},{"@type":"WebPage","@id":"https:\/\/vosgesinfo.fr\/remiremontinfo\/2025\/09\/la-fete-foraine-de-remiremont-fait-son-grand-retour\/","url":"https:\/\/vosgesinfo.fr\/remiremontinfo\/2025\/09\/la-fete-foraine-de-remiremont-fait-son-grand-retour\/","name":"La f\u00eate foraine de Remiremont fait son grand retour ! - Remiremont Info","isPartOf":{"@id":"https:\/\/vosgesinfo.fr\/remiremontinfo\/#website"},"primaryImageOfPage":{"@id":"https:\/\/vosgesinfo.fr\/remiremontinfo\/2025\/09\/la-fete-foraine-de-remiremont-fait-son-grand-retour\/#primaryimage"},"image":{"@id":"https:\/\/vosgesinfo.fr\/remiremontinfo\/2025\/09\/la-fete-foraine-de-remiremont-fait-son-grand-retour\/#primaryimage"},"thumbnailUrl":"https:\/\/vosgesinfo.fr\/app\/uploads\/sites\/5\/2024\/09\/fete-foraine-remiremont009-scaled.jpg","datePublished":"2025-09-03T11:30:27+00:00","dateModified":"2025-09-03T11:25:00+00:00","breadcrumb":{"@id":"https:\/\/vosgesinfo.fr\/remiremontinfo\/2025\/09\/la-fete-foraine-de-remiremont-fait-son-grand-retour\/#breadcrumb"},"inLanguage":"fr-FR","potentialAction":[{"@type":"ReadAction","target":["https:\/\/vosgesinfo.fr\/remiremontinfo\/2025\/09\/la-fete-foraine-de-remiremont-fait-son-grand-retour\/"]}]},{"@type":"ImageObject","inLanguage":"fr-FR","@id":"https:\/\/vosgesinfo.fr\/remiremontinfo\/2025\/09\/la-fete-foraine-de-remiremont-fait-son-grand-retour\/#primaryimage","url":"https:\/\/vosgesinfo.fr\/app\/uploads\/sites\/5\/2024\/09\/fete-foraine-remiremont009-scaled.jpg","contentUrl":"https:\/\/vosgesinfo.fr\/app\/uploads\/sites\/5\/2024\/09\/fete-foraine-remiremont009-scaled.jpg","width":2560,"height":1920},{"@type":"BreadcrumbList","@id":"https:\/\/vosgesinfo.fr\/remiremontinfo\/2025\/09\/la-fete-foraine-de-remiremont-fait-son-grand-retour\/#breadcrumb","itemListElement":[{"@type":"ListItem","position":1,"name":"Home","item":"https:\/\/vosgesinfo.fr\/remiremontinfo\/"},{"@type":"ListItem","position":2,"name":"La f\u00eate foraine de Remiremont fait son grand retour !"}]},{"@type":"WebSite","@id":"https:\/\/vosgesinfo.fr\/remiremontinfo\/#website","url":"https:\/\/vosgesinfo.fr\/remiremontinfo\/","name":"Remiremont Info","description":"Toute l&#039;actualit\u00e9 de Remiremont","publisher":{"@id":"https:\/\/vosgesinfo.fr\/remiremontinfo\/#organization"},"alternateName":"Toute l'actualit\u00e9 de Remiremont","potentialAction":[{"@type":"SearchAction","target":{"@type":"EntryPoint","urlTemplate":"https:\/\/vosgesinfo.fr\/remiremontinfo\/?s={search_term_string}"},"query-input":"required name=search_term_string"}],"inLanguage":"fr-FR"},{"@type":"Organization","@id":"https:\/\/vosgesinfo.fr\/remiremontinfo\/#organization","name":"Remiremont Info","url":"https:\/\/vosgesinfo.fr\/remiremontinfo\/","logo":{"@type":"ImageObject","inLanguage":"fr-FR","@id":"https:\/\/vosgesinfo.fr\/remiremontinfo\/#\/schema\/logo\/image\/","url":"https:\/\/vosgesinfo.fr\/app\/uploads\/sites\/5\/2023\/08\/favicon-remiremontinfo.png","contentUrl":"https:\/\/vosgesinfo.fr\/app\/uploads\/sites\/5\/2023\/08\/favicon-remiremontinfo.png","width":512,"height":512,"caption":"Remiremont Info"},"image":{"@id":"https:\/\/vosgesinfo.fr\/remiremontinfo\/#\/schema\/logo\/image\/"},"sameAs":["https:\/\/www.facebook.com\/remiremontinfo","https:\/\/x.com\/VosgesInfo88","https:\/\/www.youtube.com\/@vosgesinfo"]},{"@type":"Person","@id":"https:\/\/vosgesinfo.fr\/remiremontinfo\/#\/schema\/person\/6f9a650eeea99d969b6c4ab78fccbe81","name":"C.K.","image":{"@type":"ImageObject","inLanguage":"fr-FR","@id":"https:\/\/vosgesinfo.fr\/remiremontinfo\/#\/schema\/person\/image\/","url":"https:\/\/secure.gravatar.com\/avatar\/48e3fc7f8421ba8942be6b74a2b7f014ca39bc00dece156b7a8e098ae7dc87bf?s=96&d=mm&r=g","contentUrl":"https:\/\/secure.gravatar.com\/avatar\/48e3fc7f8421ba8942be6b74a2b7f014ca39bc00dece156b7a8e098ae7dc87bf?s=96&d=mm&r=g","caption":"C.K."},"url":"https:\/\/vosgesinfo.fr\/remiremontinfo\/author\/celia-k-n\/"}]}},"_links":{"self":[{"href":"https:\/\/vosgesinfo.fr\/remiremontinfo\/wp-json\/wp\/v2\/posts\/84775","targetHints":{"allow":["GET"]}}],"collection":[{"href":"https:\/\/vosgesinfo.fr\/remiremontinfo\/wp-json\/wp\/v2\/posts"}],"about":[{"href":"https:\/\/vosgesinfo.fr\/remiremontinfo\/wp-json\/wp\/v2\/types\/post"}],"author":[{"embeddable":true,"href":"https:\/\/vosgesinfo.fr\/remiremontinfo\/wp-json\/wp\/v2\/users\/52"}],"replies":[{"embeddable":true,"href":"https:\/\/vosgesinfo.fr\/remiremontinfo\/wp-json\/wp\/v2\/comments?post=84775"}],"version-history":[{"count":1,"href":"https:\/\/vosgesinfo.fr\/remiremontinfo\/wp-json\/wp\/v2\/posts\/84775\/revisions"}],"predecessor-version":[{"id":84776,"href":"https:\/\/vosgesinfo.fr\/remiremontinfo\/wp-json\/wp\/v2\/posts\/84775\/revisions\/84776"}],"wp:featuredmedia":[{"embeddable":true,"href":"https:\/\/vosgesinfo.fr\/remiremontinfo\/wp-json\/wp\/v2\/media\/24082"}],"wp:attachment":[{"href":"https:\/\/vosgesinfo.fr\/remiremontinfo\/wp-json\/wp\/v2\/media?parent=84775"}],"wp:term":[{"taxonomy":"category","embeddable":true,"href":"https:\/\/vosgesinfo.fr\/remiremontinfo\/wp-json\/wp\/v2\/categories?post=84775"},{"taxonomy":"post_tag","embeddable":true,"href":"https:\/\/vosgesinfo.fr\/remiremontinfo\/wp-json\/wp\/v2\/tags?post=84775"}],"curies":[{"name":"wp","href":"https:\/\/api.w.org\/{rel}","templated":true}]}}