{"id":84791,"date":"2025-09-04T09:05:11","date_gmt":"2025-09-04T07:05:11","guid":{"rendered":"https:\/\/vosgesinfo.fr\/remiremontinfo\/?p=84791"},"modified":"2025-09-04T09:05:11","modified_gmt":"2025-09-04T07:05:11","slug":"insolite-a-fresse-sur-moselle-un-ane-coince-dans-une-fosse-a-vidange-sauve-par-les-pompiers","status":"publish","type":"post","link":"https:\/\/vosgesinfo.fr\/remiremontinfo\/2025\/09\/insolite-a-fresse-sur-moselle-un-ane-coince-dans-une-fosse-a-vidange-sauve-par-les-pompiers\/","title":{"rendered":"Insolite \u00e0 Fresse-sur-Moselle : un \u00e2ne coinc\u00e9 dans une fosse \u00e0 vidange sauv\u00e9 par les pompiers"},"content":{"rendered":"<div id=\"attachment_134941\" style=\"width: 2010px\" class=\"wp-caption aligncenter\"><a href=\"https:\/\/vosgesinfo.fr\/app\/uploads\/sites\/3\/2025\/09\/542148823-1202279208604843-2396639952997736753-n.jpg\"><img decoding=\"async\" aria-describedby=\"caption-attachment-134941\" class=\"size-full wp-image-134941\" src=\"https:\/\/vosgesinfo.fr\/app\/uploads\/sites\/3\/2025\/09\/542148823-1202279208604843-2396639952997736753-n.jpg\" alt=\"\" width=\"2000\" height=\"1500\" \/><\/a><p id=\"caption-attachment-134941\" class=\"wp-caption-text\">photos gendarmerie des vosges<\/p><\/div>\n<h2 data-start=\"172\" data-end=\"511\"><strong>Ce mardi 2 septembre, la commune de Fresse-sur-Moselle a \u00e9t\u00e9 le th\u00e9\u00e2tre d\u2019une intervention pour le moins inhabituelle. Quatre \u00e2nes avaient d\u00e9cid\u00e9 de s\u2019offrir une petite escapade improvis\u00e9e. Mais l\u2019aventure a pris une tournure plus s\u00e9rieuse lorsque l\u2019un d\u2019eux, pesant pr\u00e8s de 400 kilos, s\u2019est retrouv\u00e9 coinc\u00e9 dans une fosse \u00e0 vidange.<\/strong><\/h2>\n<p data-start=\"513\" data-end=\"755\">Alert\u00e9s pour la divagation des animaux, les <strong data-start=\"557\" data-end=\"584\">gendarmes de Le Thillot<\/strong> se sont rapidement rendus sur place. Constatant la situation d\u00e9licate, ils ont fait appel aux <strong data-start=\"679\" data-end=\"710\">sapeurs-pompiers des Vosges<\/strong>, rompus aux missions de secours animalier.<\/p>\n<p data-start=\"757\" data-end=\"1009\">L\u2019op\u00e9ration de sauvetage a demand\u00e9 plusieurs heures d\u2019efforts et de pr\u00e9cautions pour extraire l\u2019animal sans le blesser. Finalement, gr\u00e2ce au professionnalisme et \u00e0 la pers\u00e9v\u00e9rance des \u00e9quipes, le quadrup\u00e8de a pu retrouver la terre ferme sain et sauf.<\/p>\n<p data-start=\"1011\" data-end=\"1236\">Heureusement, plus de peur que de mal pour ce compagnon aux longues oreilles, qui a vite repris ses esprits. Une m\u00e9saventure qui restera sans doute dans les annales locales\u2026 ou devrions-nous dire, dans les \u00ab \u00e2ne-ecdotes \u00bb !<\/p>\n\n\t\t<style type=\"text\/css\">\n\t\t\t#gallery-1 {\n\t\t\t\tmargin: auto;\n\t\t\t}\n\t\t\t#gallery-1 .gallery-item {\n\t\t\t\tfloat: left;\n\t\t\t\tmargin-top: 10px;\n\t\t\t\ttext-align: center;\n\t\t\t\twidth: 33%;\n\t\t\t}\n\t\t\t#gallery-1 img {\n\t\t\t\tborder: 2px solid #cfcfcf;\n\t\t\t}\n\t\t\t#gallery-1 .gallery-caption {\n\t\t\t\tmargin-left: 0;\n\t\t\t}\n\t\t\t\/* see gallery_shortcode() in wp-includes\/media.php *\/\n\t\t<\/style>\n\t\t<div id='gallery-1' class='gallery galleryid-84791 gallery-columns-3 gallery-size-thumbnail'><dl class='gallery-item'>\n\t\t\t<dt class='gallery-icon portrait'>\n\t\t\t\t<a href='https:\/\/vosgesinfo.fr\/app\/uploads\/sites\/5\/2025\/09\/542753653-1202279095271521-6747287975661423447-n.jpg'><img decoding=\"async\" width=\"150\" height=\"150\" src=\"https:\/\/vosgesinfo.fr\/app\/uploads\/sites\/5\/2025\/09\/542753653-1202279095271521-6747287975661423447-n-150x150.jpg\" class=\"attachment-thumbnail size-thumbnail\" alt=\"\" \/><\/a>\n\t\t\t<\/dt><\/dl><dl class='gallery-item'>\n\t\t\t<dt class='gallery-icon landscape'>\n\t\t\t\t<a href='https:\/\/vosgesinfo.fr\/app\/uploads\/sites\/5\/2025\/09\/539177063-1202279518604812-5131428813085369242-n.jpg'><img decoding=\"async\" width=\"150\" height=\"150\" src=\"https:\/\/vosgesinfo.fr\/app\/uploads\/sites\/5\/2025\/09\/539177063-1202279518604812-5131428813085369242-n-150x150.jpg\" class=\"attachment-thumbnail size-thumbnail\" alt=\"\" \/><\/a>\n\t\t\t<\/dt><\/dl><dl class='gallery-item'>\n\t\t\t<dt class='gallery-icon portrait'>\n\t\t\t\t<a href='https:\/\/vosgesinfo.fr\/app\/uploads\/sites\/5\/2025\/09\/540892566-1202279471938150-4205313113754837027-n.jpg'><img decoding=\"async\" width=\"150\" height=\"150\" src=\"https:\/\/vosgesinfo.fr\/app\/uploads\/sites\/5\/2025\/09\/540892566-1202279471938150-4205313113754837027-n-150x150.jpg\" class=\"attachment-thumbnail size-thumbnail\" alt=\"\" \/><\/a>\n\t\t\t<\/dt><\/dl><br style=\"clear: both\" \/><dl class='gallery-item'>\n\t\t\t<dt class='gallery-icon portrait'>\n\t\t\t\t<a href='https:\/\/vosgesinfo.fr\/app\/uploads\/sites\/5\/2025\/09\/541636288-1202279335271497-3532936065229427866-n.jpg'><img decoding=\"async\" width=\"150\" height=\"150\" src=\"https:\/\/vosgesinfo.fr\/app\/uploads\/sites\/5\/2025\/09\/541636288-1202279335271497-3532936065229427866-n-150x150.jpg\" class=\"attachment-thumbnail size-thumbnail\" alt=\"\" \/><\/a>\n\t\t\t<\/dt><\/dl>\n\t\t\t<br style='clear: both' \/>\n\t\t<\/div>\n\n","protected":false},"excerpt":{"rendered":"<p>Ce mardi 2 septembre, la commune de Fresse-sur-Moselle a \u00e9t\u00e9 le th\u00e9\u00e2tre d\u2019une intervention pour le moins inhabituelle. Quatre \u00e2nes [&hellip;]<\/p>\n","protected":false},"author":52,"featured_media":84792,"comment_status":"open","ping_status":"open","sticky":false,"template":"","format":"standard","meta":{"footnotes":""},"categories":[26,108,43,18],"tags":[],"class_list":["post-84791","post","type-post","status-publish","format-standard","has-post-thumbnail","hentry","category-a-la-une","category-epinal","category-remiremont-remiremont-son-canton","category-vosges"],"acf":[],"yoast_head":"<!-- This site is optimized with the Yoast SEO plugin v22.5 - https:\/\/yoast.com\/wordpress\/plugins\/seo\/ -->\n<title>Insolite \u00e0 Fresse-sur-Moselle : un \u00e2ne coinc\u00e9 dans une fosse \u00e0 vidange sauv\u00e9 par les pompiers - Remiremont Info<\/title>\n<meta name=\"robots\" content=\"index, follow, max-snippet:-1, max-image-preview:large, max-video-preview:-1\" \/>\n<link rel=\"canonical\" href=\"https:\/\/vosgesinfo.fr\/remiremontinfo\/2025\/09\/insolite-a-fresse-sur-moselle-un-ane-coince-dans-une-fosse-a-vidange-sauve-par-les-pompiers\/\" \/>\n<meta name=\"twitter:card\" content=\"summary_large_image\" \/>\n<meta name=\"twitter:title\" content=\"Insolite \u00e0 Fresse-sur-Moselle : un \u00e2ne coinc\u00e9 dans une fosse \u00e0 vidange sauv\u00e9 par les pompiers - Remiremont Info\" \/>\n<meta name=\"twitter:description\" content=\"Ce mardi 2 septembre, la commune de Fresse-sur-Moselle a \u00e9t\u00e9 le th\u00e9\u00e2tre d\u2019une intervention pour le moins inhabituelle. Quatre \u00e2nes [&hellip;]\" \/>\n<meta name=\"twitter:image\" content=\"https:\/\/vosgesinfo.fr\/app\/uploads\/sites\/5\/2025\/09\/542148823-1202279208604843-2396639952997736753-n.jpg\" \/>\n<meta name=\"twitter:creator\" content=\"@VosgesInfo88\" \/>\n<meta name=\"twitter:site\" content=\"@VosgesInfo88\" \/>\n<meta name=\"twitter:label1\" content=\"\u00c9crit par\" \/>\n\t<meta name=\"twitter:data1\" content=\"C.K.\" \/>\n\t<meta name=\"twitter:label2\" content=\"Dur\u00e9e de lecture estim\u00e9e\" \/>\n\t<meta name=\"twitter:data2\" content=\"1 minute\" \/>\n<script type=\"application\/ld+json\" class=\"yoast-schema-graph\">{\"@context\":\"https:\/\/schema.org\",\"@graph\":[{\"@type\":\"Article\",\"@id\":\"https:\/\/vosgesinfo.fr\/remiremontinfo\/2025\/09\/insolite-a-fresse-sur-moselle-un-ane-coince-dans-une-fosse-a-vidange-sauve-par-les-pompiers\/#article\",\"isPartOf\":{\"@id\":\"https:\/\/vosgesinfo.fr\/remiremontinfo\/2025\/09\/insolite-a-fresse-sur-moselle-un-ane-coince-dans-une-fosse-a-vidange-sauve-par-les-pompiers\/\"},\"author\":{\"name\":\"C.K.\",\"@id\":\"https:\/\/vosgesinfo.fr\/remiremontinfo\/#\/schema\/person\/6f9a650eeea99d969b6c4ab78fccbe81\"},\"headline\":\"Insolite \u00e0 Fresse-sur-Moselle : un \u00e2ne coinc\u00e9 dans une fosse \u00e0 vidange sauv\u00e9 par les pompiers\",\"datePublished\":\"2025-09-04T07:05:11+00:00\",\"dateModified\":\"2025-09-04T07:05:11+00:00\",\"mainEntityOfPage\":{\"@id\":\"https:\/\/vosgesinfo.fr\/remiremontinfo\/2025\/09\/insolite-a-fresse-sur-moselle-un-ane-coince-dans-une-fosse-a-vidange-sauve-par-les-pompiers\/\"},\"wordCount\":207,\"commentCount\":0,\"publisher\":{\"@id\":\"https:\/\/vosgesinfo.fr\/remiremontinfo\/#organization\"},\"image\":{\"@id\":\"https:\/\/vosgesinfo.fr\/remiremontinfo\/2025\/09\/insolite-a-fresse-sur-moselle-un-ane-coince-dans-une-fosse-a-vidange-sauve-par-les-pompiers\/#primaryimage\"},\"thumbnailUrl\":\"https:\/\/vosgesinfo.fr\/app\/uploads\/sites\/5\/2025\/09\/542148823-1202279208604843-2396639952997736753-n.jpg\",\"articleSection\":[\"A la Une\",\"Epinal\",\"Remiremont\",\"Vosges\"],\"inLanguage\":\"fr-FR\",\"potentialAction\":[{\"@type\":\"CommentAction\",\"name\":\"Comment\",\"target\":[\"https:\/\/vosgesinfo.fr\/remiremontinfo\/2025\/09\/insolite-a-fresse-sur-moselle-un-ane-coince-dans-une-fosse-a-vidange-sauve-par-les-pompiers\/#respond\"]}]},{\"@type\":\"WebPage\",\"@id\":\"https:\/\/vosgesinfo.fr\/remiremontinfo\/2025\/09\/insolite-a-fresse-sur-moselle-un-ane-coince-dans-une-fosse-a-vidange-sauve-par-les-pompiers\/\",\"url\":\"https:\/\/vosgesinfo.fr\/remiremontinfo\/2025\/09\/insolite-a-fresse-sur-moselle-un-ane-coince-dans-une-fosse-a-vidange-sauve-par-les-pompiers\/\",\"name\":\"Insolite \u00e0 Fresse-sur-Moselle : un \u00e2ne coinc\u00e9 dans une fosse \u00e0 vidange sauv\u00e9 par les pompiers - Remiremont Info\",\"isPartOf\":{\"@id\":\"https:\/\/vosgesinfo.fr\/remiremontinfo\/#website\"},\"primaryImageOfPage\":{\"@id\":\"https:\/\/vosgesinfo.fr\/remiremontinfo\/2025\/09\/insolite-a-fresse-sur-moselle-un-ane-coince-dans-une-fosse-a-vidange-sauve-par-les-pompiers\/#primaryimage\"},\"image\":{\"@id\":\"https:\/\/vosgesinfo.fr\/remiremontinfo\/2025\/09\/insolite-a-fresse-sur-moselle-un-ane-coince-dans-une-fosse-a-vidange-sauve-par-les-pompiers\/#primaryimage\"},\"thumbnailUrl\":\"https:\/\/vosgesinfo.fr\/app\/uploads\/sites\/5\/2025\/09\/542148823-1202279208604843-2396639952997736753-n.jpg\",\"datePublished\":\"2025-09-04T07:05:11+00:00\",\"dateModified\":\"2025-09-04T07:05:11+00:00\",\"breadcrumb\":{\"@id\":\"https:\/\/vosgesinfo.fr\/remiremontinfo\/2025\/09\/insolite-a-fresse-sur-moselle-un-ane-coince-dans-une-fosse-a-vidange-sauve-par-les-pompiers\/#breadcrumb\"},\"inLanguage\":\"fr-FR\",\"potentialAction\":[{\"@type\":\"ReadAction\",\"target\":[\"https:\/\/vosgesinfo.fr\/remiremontinfo\/2025\/09\/insolite-a-fresse-sur-moselle-un-ane-coince-dans-une-fosse-a-vidange-sauve-par-les-pompiers\/\"]}]},{\"@type\":\"ImageObject\",\"inLanguage\":\"fr-FR\",\"@id\":\"https:\/\/vosgesinfo.fr\/remiremontinfo\/2025\/09\/insolite-a-fresse-sur-moselle-un-ane-coince-dans-une-fosse-a-vidange-sauve-par-les-pompiers\/#primaryimage\",\"url\":\"https:\/\/vosgesinfo.fr\/app\/uploads\/sites\/5\/2025\/09\/542148823-1202279208604843-2396639952997736753-n.jpg\",\"contentUrl\":\"https:\/\/vosgesinfo.fr\/app\/uploads\/sites\/5\/2025\/09\/542148823-1202279208604843-2396639952997736753-n.jpg\",\"width\":2000,\"height\":1500},{\"@type\":\"BreadcrumbList\",\"@id\":\"https:\/\/vosgesinfo.fr\/remiremontinfo\/2025\/09\/insolite-a-fresse-sur-moselle-un-ane-coince-dans-une-fosse-a-vidange-sauve-par-les-pompiers\/#breadcrumb\",\"itemListElement\":[{\"@type\":\"ListItem\",\"position\":1,\"name\":\"Home\",\"item\":\"https:\/\/vosgesinfo.fr\/remiremontinfo\/\"},{\"@type\":\"ListItem\",\"position\":2,\"name\":\"Insolite \u00e0 Fresse-sur-Moselle : un \u00e2ne coinc\u00e9 dans une fosse \u00e0 vidange sauv\u00e9 par les pompiers\"}]},{\"@type\":\"WebSite\",\"@id\":\"https:\/\/vosgesinfo.fr\/remiremontinfo\/#website\",\"url\":\"https:\/\/vosgesinfo.fr\/remiremontinfo\/\",\"name\":\"Remiremont Info\",\"description\":\"Toute l&#039;actualit\u00e9 de Remiremont\",\"publisher\":{\"@id\":\"https:\/\/vosgesinfo.fr\/remiremontinfo\/#organization\"},\"alternateName\":\"Toute l'actualit\u00e9 de Remiremont\",\"potentialAction\":[{\"@type\":\"SearchAction\",\"target\":{\"@type\":\"EntryPoint\",\"urlTemplate\":\"https:\/\/vosgesinfo.fr\/remiremontinfo\/?s={search_term_string}\"},\"query-input\":\"required name=search_term_string\"}],\"inLanguage\":\"fr-FR\"},{\"@type\":\"Organization\",\"@id\":\"https:\/\/vosgesinfo.fr\/remiremontinfo\/#organization\",\"name\":\"Remiremont Info\",\"url\":\"https:\/\/vosgesinfo.fr\/remiremontinfo\/\",\"logo\":{\"@type\":\"ImageObject\",\"inLanguage\":\"fr-FR\",\"@id\":\"https:\/\/vosgesinfo.fr\/remiremontinfo\/#\/schema\/logo\/image\/\",\"url\":\"https:\/\/vosgesinfo.fr\/app\/uploads\/sites\/5\/2023\/08\/favicon-remiremontinfo.png\",\"contentUrl\":\"https:\/\/vosgesinfo.fr\/app\/uploads\/sites\/5\/2023\/08\/favicon-remiremontinfo.png\",\"width\":512,\"height\":512,\"caption\":\"Remiremont Info\"},\"image\":{\"@id\":\"https:\/\/vosgesinfo.fr\/remiremontinfo\/#\/schema\/logo\/image\/\"},\"sameAs\":[\"https:\/\/www.facebook.com\/remiremontinfo\",\"https:\/\/x.com\/VosgesInfo88\",\"https:\/\/www.youtube.com\/@vosgesinfo\"]},{\"@type\":\"Person\",\"@id\":\"https:\/\/vosgesinfo.fr\/remiremontinfo\/#\/schema\/person\/6f9a650eeea99d969b6c4ab78fccbe81\",\"name\":\"C.K.\",\"image\":{\"@type\":\"ImageObject\",\"inLanguage\":\"fr-FR\",\"@id\":\"https:\/\/vosgesinfo.fr\/remiremontinfo\/#\/schema\/person\/image\/\",\"url\":\"https:\/\/secure.gravatar.com\/avatar\/48e3fc7f8421ba8942be6b74a2b7f014ca39bc00dece156b7a8e098ae7dc87bf?s=96&d=mm&r=g\",\"contentUrl\":\"https:\/\/secure.gravatar.com\/avatar\/48e3fc7f8421ba8942be6b74a2b7f014ca39bc00dece156b7a8e098ae7dc87bf?s=96&d=mm&r=g\",\"caption\":\"C.K.\"},\"url\":\"https:\/\/vosgesinfo.fr\/remiremontinfo\/author\/celia-k-n\/\"}]}<\/script>\n<!-- \/ Yoast SEO plugin. -->","yoast_head_json":{"title":"Insolite \u00e0 Fresse-sur-Moselle : un \u00e2ne coinc\u00e9 dans une fosse \u00e0 vidange sauv\u00e9 par les pompiers - Remiremont Info","robots":{"index":"index","follow":"follow","max-snippet":"max-snippet:-1","max-image-preview":"max-image-preview:large","max-video-preview":"max-video-preview:-1"},"canonical":"https:\/\/vosgesinfo.fr\/remiremontinfo\/2025\/09\/insolite-a-fresse-sur-moselle-un-ane-coince-dans-une-fosse-a-vidange-sauve-par-les-pompiers\/","twitter_card":"summary_large_image","twitter_title":"Insolite \u00e0 Fresse-sur-Moselle : un \u00e2ne coinc\u00e9 dans une fosse \u00e0 vidange sauv\u00e9 par les pompiers - Remiremont Info","twitter_description":"Ce mardi 2 septembre, la commune de Fresse-sur-Moselle a \u00e9t\u00e9 le th\u00e9\u00e2tre d\u2019une intervention pour le moins inhabituelle. Quatre \u00e2nes [&hellip;]","twitter_image":"https:\/\/vosgesinfo.fr\/app\/uploads\/sites\/5\/2025\/09\/542148823-1202279208604843-2396639952997736753-n.jpg","twitter_creator":"@VosgesInfo88","twitter_site":"@VosgesInfo88","twitter_misc":{"\u00c9crit par":"C.K.","Dur\u00e9e de lecture estim\u00e9e":"1 minute"},"schema":{"@context":"https:\/\/schema.org","@graph":[{"@type":"Article","@id":"https:\/\/vosgesinfo.fr\/remiremontinfo\/2025\/09\/insolite-a-fresse-sur-moselle-un-ane-coince-dans-une-fosse-a-vidange-sauve-par-les-pompiers\/#article","isPartOf":{"@id":"https:\/\/vosgesinfo.fr\/remiremontinfo\/2025\/09\/insolite-a-fresse-sur-moselle-un-ane-coince-dans-une-fosse-a-vidange-sauve-par-les-pompiers\/"},"author":{"name":"C.K.","@id":"https:\/\/vosgesinfo.fr\/remiremontinfo\/#\/schema\/person\/6f9a650eeea99d969b6c4ab78fccbe81"},"headline":"Insolite \u00e0 Fresse-sur-Moselle : un \u00e2ne coinc\u00e9 dans une fosse \u00e0 vidange sauv\u00e9 par les pompiers","datePublished":"2025-09-04T07:05:11+00:00","dateModified":"2025-09-04T07:05:11+00:00","mainEntityOfPage":{"@id":"https:\/\/vosgesinfo.fr\/remiremontinfo\/2025\/09\/insolite-a-fresse-sur-moselle-un-ane-coince-dans-une-fosse-a-vidange-sauve-par-les-pompiers\/"},"wordCount":207,"commentCount":0,"publisher":{"@id":"https:\/\/vosgesinfo.fr\/remiremontinfo\/#organization"},"image":{"@id":"https:\/\/vosgesinfo.fr\/remiremontinfo\/2025\/09\/insolite-a-fresse-sur-moselle-un-ane-coince-dans-une-fosse-a-vidange-sauve-par-les-pompiers\/#primaryimage"},"thumbnailUrl":"https:\/\/vosgesinfo.fr\/app\/uploads\/sites\/5\/2025\/09\/542148823-1202279208604843-2396639952997736753-n.jpg","articleSection":["A la Une","Epinal","Remiremont","Vosges"],"inLanguage":"fr-FR","potentialAction":[{"@type":"CommentAction","name":"Comment","target":["https:\/\/vosgesinfo.fr\/remiremontinfo\/2025\/09\/insolite-a-fresse-sur-moselle-un-ane-coince-dans-une-fosse-a-vidange-sauve-par-les-pompiers\/#respond"]}]},{"@type":"WebPage","@id":"https:\/\/vosgesinfo.fr\/remiremontinfo\/2025\/09\/insolite-a-fresse-sur-moselle-un-ane-coince-dans-une-fosse-a-vidange-sauve-par-les-pompiers\/","url":"https:\/\/vosgesinfo.fr\/remiremontinfo\/2025\/09\/insolite-a-fresse-sur-moselle-un-ane-coince-dans-une-fosse-a-vidange-sauve-par-les-pompiers\/","name":"Insolite \u00e0 Fresse-sur-Moselle : un \u00e2ne coinc\u00e9 dans une fosse \u00e0 vidange sauv\u00e9 par les pompiers - Remiremont Info","isPartOf":{"@id":"https:\/\/vosgesinfo.fr\/remiremontinfo\/#website"},"primaryImageOfPage":{"@id":"https:\/\/vosgesinfo.fr\/remiremontinfo\/2025\/09\/insolite-a-fresse-sur-moselle-un-ane-coince-dans-une-fosse-a-vidange-sauve-par-les-pompiers\/#primaryimage"},"image":{"@id":"https:\/\/vosgesinfo.fr\/remiremontinfo\/2025\/09\/insolite-a-fresse-sur-moselle-un-ane-coince-dans-une-fosse-a-vidange-sauve-par-les-pompiers\/#primaryimage"},"thumbnailUrl":"https:\/\/vosgesinfo.fr\/app\/uploads\/sites\/5\/2025\/09\/542148823-1202279208604843-2396639952997736753-n.jpg","datePublished":"2025-09-04T07:05:11+00:00","dateModified":"2025-09-04T07:05:11+00:00","breadcrumb":{"@id":"https:\/\/vosgesinfo.fr\/remiremontinfo\/2025\/09\/insolite-a-fresse-sur-moselle-un-ane-coince-dans-une-fosse-a-vidange-sauve-par-les-pompiers\/#breadcrumb"},"inLanguage":"fr-FR","potentialAction":[{"@type":"ReadAction","target":["https:\/\/vosgesinfo.fr\/remiremontinfo\/2025\/09\/insolite-a-fresse-sur-moselle-un-ane-coince-dans-une-fosse-a-vidange-sauve-par-les-pompiers\/"]}]},{"@type":"ImageObject","inLanguage":"fr-FR","@id":"https:\/\/vosgesinfo.fr\/remiremontinfo\/2025\/09\/insolite-a-fresse-sur-moselle-un-ane-coince-dans-une-fosse-a-vidange-sauve-par-les-pompiers\/#primaryimage","url":"https:\/\/vosgesinfo.fr\/app\/uploads\/sites\/5\/2025\/09\/542148823-1202279208604843-2396639952997736753-n.jpg","contentUrl":"https:\/\/vosgesinfo.fr\/app\/uploads\/sites\/5\/2025\/09\/542148823-1202279208604843-2396639952997736753-n.jpg","width":2000,"height":1500},{"@type":"BreadcrumbList","@id":"https:\/\/vosgesinfo.fr\/remiremontinfo\/2025\/09\/insolite-a-fresse-sur-moselle-un-ane-coince-dans-une-fosse-a-vidange-sauve-par-les-pompiers\/#breadcrumb","itemListElement":[{"@type":"ListItem","position":1,"name":"Home","item":"https:\/\/vosgesinfo.fr\/remiremontinfo\/"},{"@type":"ListItem","position":2,"name":"Insolite \u00e0 Fresse-sur-Moselle : un \u00e2ne coinc\u00e9 dans une fosse \u00e0 vidange sauv\u00e9 par les pompiers"}]},{"@type":"WebSite","@id":"https:\/\/vosgesinfo.fr\/remiremontinfo\/#website","url":"https:\/\/vosgesinfo.fr\/remiremontinfo\/","name":"Remiremont Info","description":"Toute l&#039;actualit\u00e9 de Remiremont","publisher":{"@id":"https:\/\/vosgesinfo.fr\/remiremontinfo\/#organization"},"alternateName":"Toute l'actualit\u00e9 de Remiremont","potentialAction":[{"@type":"SearchAction","target":{"@type":"EntryPoint","urlTemplate":"https:\/\/vosgesinfo.fr\/remiremontinfo\/?s={search_term_string}"},"query-input":"required name=search_term_string"}],"inLanguage":"fr-FR"},{"@type":"Organization","@id":"https:\/\/vosgesinfo.fr\/remiremontinfo\/#organization","name":"Remiremont Info","url":"https:\/\/vosgesinfo.fr\/remiremontinfo\/","logo":{"@type":"ImageObject","inLanguage":"fr-FR","@id":"https:\/\/vosgesinfo.fr\/remiremontinfo\/#\/schema\/logo\/image\/","url":"https:\/\/vosgesinfo.fr\/app\/uploads\/sites\/5\/2023\/08\/favicon-remiremontinfo.png","contentUrl":"https:\/\/vosgesinfo.fr\/app\/uploads\/sites\/5\/2023\/08\/favicon-remiremontinfo.png","width":512,"height":512,"caption":"Remiremont Info"},"image":{"@id":"https:\/\/vosgesinfo.fr\/remiremontinfo\/#\/schema\/logo\/image\/"},"sameAs":["https:\/\/www.facebook.com\/remiremontinfo","https:\/\/x.com\/VosgesInfo88","https:\/\/www.youtube.com\/@vosgesinfo"]},{"@type":"Person","@id":"https:\/\/vosgesinfo.fr\/remiremontinfo\/#\/schema\/person\/6f9a650eeea99d969b6c4ab78fccbe81","name":"C.K.","image":{"@type":"ImageObject","inLanguage":"fr-FR","@id":"https:\/\/vosgesinfo.fr\/remiremontinfo\/#\/schema\/person\/image\/","url":"https:\/\/secure.gravatar.com\/avatar\/48e3fc7f8421ba8942be6b74a2b7f014ca39bc00dece156b7a8e098ae7dc87bf?s=96&d=mm&r=g","contentUrl":"https:\/\/secure.gravatar.com\/avatar\/48e3fc7f8421ba8942be6b74a2b7f014ca39bc00dece156b7a8e098ae7dc87bf?s=96&d=mm&r=g","caption":"C.K."},"url":"https:\/\/vosgesinfo.fr\/remiremontinfo\/author\/celia-k-n\/"}]}},"_links":{"self":[{"href":"https:\/\/vosgesinfo.fr\/remiremontinfo\/wp-json\/wp\/v2\/posts\/84791","targetHints":{"allow":["GET"]}}],"collection":[{"href":"https:\/\/vosgesinfo.fr\/remiremontinfo\/wp-json\/wp\/v2\/posts"}],"about":[{"href":"https:\/\/vosgesinfo.fr\/remiremontinfo\/wp-json\/wp\/v2\/types\/post"}],"author":[{"embeddable":true,"href":"https:\/\/vosgesinfo.fr\/remiremontinfo\/wp-json\/wp\/v2\/users\/52"}],"replies":[{"embeddable":true,"href":"https:\/\/vosgesinfo.fr\/remiremontinfo\/wp-json\/wp\/v2\/comments?post=84791"}],"version-history":[{"count":0,"href":"https:\/\/vosgesinfo.fr\/remiremontinfo\/wp-json\/wp\/v2\/posts\/84791\/revisions"}],"wp:featuredmedia":[{"embeddable":true,"href":"https:\/\/vosgesinfo.fr\/remiremontinfo\/wp-json\/wp\/v2\/media\/84792"}],"wp:attachment":[{"href":"https:\/\/vosgesinfo.fr\/remiremontinfo\/wp-json\/wp\/v2\/media?parent=84791"}],"wp:term":[{"taxonomy":"category","embeddable":true,"href":"https:\/\/vosgesinfo.fr\/remiremontinfo\/wp-json\/wp\/v2\/categories?post=84791"},{"taxonomy":"post_tag","embeddable":true,"href":"https:\/\/vosgesinfo.fr\/remiremontinfo\/wp-json\/wp\/v2\/tags?post=84791"}],"curies":[{"name":"wp","href":"https:\/\/api.w.org\/{rel}","templated":true}]}}