{"id":84796,"date":"2025-09-04T10:21:34","date_gmt":"2025-09-04T08:21:34","guid":{"rendered":"https:\/\/vosgesinfo.fr\/remiremontinfo\/?p=84796"},"modified":"2025-09-04T09:59:10","modified_gmt":"2025-09-04T07:59:10","slug":"avant-premieres-du-documentaire-en-presence-de-vincent-munier-et-de-vosges-nature-environnement","status":"publish","type":"post","link":"https:\/\/vosgesinfo.fr\/remiremontinfo\/2025\/09\/avant-premieres-du-documentaire-en-presence-de-vincent-munier-et-de-vosges-nature-environnement\/","title":{"rendered":"Avant-premi\u00e8res du documentaire en pr\u00e9sence de Vincent Munier et de Vosges Nature Environnement"},"content":{"rendered":"<div>\u00ab Le VIVANT qui se d\u00e9fend \u00bb est le premier film de Vincent Verzat, co-\u00e9crit avec le journaliste et auteur Gaspard d\u2019Allens. Soutenu par la Ligue de Protection des Oiseaux, France Nature Environnement, l\u2019association Terres de Luttes, et \u00e9lu meilleur documentaire au Festival du film de Sustain, il sera projet\u00e9 en avant-premi\u00e8re cette semaine dans les Vosges, en pr\u00e9sence \u00a0d\u2019invit\u00e9s exceptionnels :<\/div>\n<div>&#8211; le vendredi<b> 5 septembre \u00e0 20h00<\/b> au Majestic de <b>Remiremont<\/b>, <b>avec le photographe animalier Vincent Munier<\/b><\/div>\n<div>&#8211; le dimanche <b>7 septembre \u00e0 18h00<\/b> au Nova Cin\u00e9 de Saint-Di\u00e9-des-Vosges avec <b>Vosges Nature Environnement<\/b><\/div>\n<div><\/div>\n<div><a href=\"https:\/\/vosgesinfo.fr\/app\/uploads\/sites\/5\/2025\/09\/lvqsd-affiche.jpg\"><img decoding=\"async\" class=\"alignright size-medium wp-image-84797\" src=\"https:\/\/vosgesinfo.fr\/app\/uploads\/sites\/5\/2025\/09\/lvqsd-affiche-212x300.jpg\" alt=\"\" width=\"212\" height=\"300\" srcset=\"https:\/\/vosgesinfo.fr\/app\/uploads\/sites\/5\/2025\/09\/lvqsd-affiche-212x300.jpg 212w, https:\/\/vosgesinfo.fr\/app\/uploads\/sites\/5\/2025\/09\/lvqsd-affiche-724x1024.jpg 724w, https:\/\/vosgesinfo.fr\/app\/uploads\/sites\/5\/2025\/09\/lvqsd-affiche-768x1086.jpg 768w, https:\/\/vosgesinfo.fr\/app\/uploads\/sites\/5\/2025\/09\/lvqsd-affiche.jpg 877w\" sizes=\"(max-width: 212px) 100vw, 212px\" \/><\/a>Le pari de Vincent Verzat et de son \u00e9quipe : une tourn\u00e9e collaborative, avant la mise en ligne gratuite du film sur sa cha\u00eene YouTube en novembre. Un pari r\u00e9ussi : depuis le mois de juin, les<br \/>\nprojections de ce film r\u00e9solument engag\u00e9, po\u00e9tique et transformateur, ont r\u00e9uni plus de 5000 personnes, et encore plus de 250 projections sont \u00e0 venir, en France, en Belgique et en Suisse !<br \/>\nUn livre est \u00e9galement en pr\u00e9paration pour une sortie courant 2026.<br \/>\nPour le r\u00e9alisateur, \u201cLe VIVANT qui se d\u00e9fend, c\u2019est l\u2019histoire d\u2019un chemin, \u00e0 la fois intime et politique, entre militantisme et naturalisme, \u00e0 la recherche d\u2019un \u00e9quilibre entre combat et contemplation. C\u2019est un film qui trace un chemin pour vivre dignement et affronter ce qui vient.\u201d<br \/>\nPendant 10 ans, sur sa cha\u00eene YouTube Partager c&rsquo;est Sympa (310 000 abonn\u00e9-es), Vincent Verzat a film\u00e9 les mobilisations \u00e9cologiques. Naturaliste amateur et passionn\u00e9, il a aussi rencontr\u00e9, au fil des aff\u00fbts, des animaux sauvages qui sont parfois devenus des compagnons. Son film nous emm\u00e8ne \u00e0 leur rencontre, et au plus pr\u00e8s des luttes pour pr\u00e9server la biodiversit\u00e9, l\u2019eau, la for\u00eat, les terres agricoles. Des images qui nous montrent un monde peupl\u00e9 d\u2019\u00eatre et de liens, un monde vivant, qui se d\u00e9fend face aux projets inutiles et impos\u00e9s qui voudraient le d\u00e9truire.<\/div>\n","protected":false},"excerpt":{"rendered":"<p>\u00ab Le VIVANT qui se d\u00e9fend \u00bb est le premier film de Vincent Verzat, co-\u00e9crit avec le journaliste et auteur [&hellip;]<\/p>\n","protected":false},"author":391,"featured_media":84797,"comment_status":"open","ping_status":"open","sticky":false,"template":"","format":"standard","meta":{"footnotes":""},"categories":[26,4,7,1547,43,362],"tags":[1516,8431],"class_list":["post-84796","post","type-post","status-publish","format-standard","has-post-thumbnail","hentry","category-a-la-une","category-culture","category-environnement","category-gerardmer-2","category-remiremont-remiremont-son-canton","category-saint-die","tag-vincent-munier","tag-vincent-verzat"],"acf":[],"yoast_head":"<!-- This site is optimized with the Yoast SEO plugin v22.5 - https:\/\/yoast.com\/wordpress\/plugins\/seo\/ -->\n<title>Avant-premi\u00e8res du documentaire en pr\u00e9sence de Vincent Munier et de Vosges Nature Environnement - Remiremont Info<\/title>\n<meta name=\"robots\" content=\"index, follow, max-snippet:-1, max-image-preview:large, max-video-preview:-1\" \/>\n<link rel=\"canonical\" href=\"https:\/\/vosgesinfo.fr\/remiremontinfo\/2025\/09\/avant-premieres-du-documentaire-en-presence-de-vincent-munier-et-de-vosges-nature-environnement\/\" \/>\n<meta name=\"twitter:card\" content=\"summary_large_image\" \/>\n<meta name=\"twitter:title\" content=\"Avant-premi\u00e8res du documentaire en pr\u00e9sence de Vincent Munier et de Vosges Nature Environnement - Remiremont Info\" \/>\n<meta name=\"twitter:description\" content=\"\u00ab Le VIVANT qui se d\u00e9fend \u00bb est le premier film de Vincent Verzat, co-\u00e9crit avec le journaliste et auteur [&hellip;]\" \/>\n<meta name=\"twitter:image\" content=\"https:\/\/vosgesinfo.fr\/app\/uploads\/sites\/5\/2025\/09\/lvqsd-affiche.jpg\" \/>\n<meta name=\"twitter:creator\" content=\"@VosgesInfo88\" \/>\n<meta name=\"twitter:site\" content=\"@VosgesInfo88\" \/>\n<meta name=\"twitter:label1\" content=\"\u00c9crit par\" \/>\n\t<meta name=\"twitter:data1\" content=\"La redaction\" \/>\n\t<meta name=\"twitter:label2\" content=\"Dur\u00e9e de lecture estim\u00e9e\" \/>\n\t<meta name=\"twitter:data2\" content=\"2 minutes\" \/>\n<script type=\"application\/ld+json\" class=\"yoast-schema-graph\">{\"@context\":\"https:\/\/schema.org\",\"@graph\":[{\"@type\":\"Article\",\"@id\":\"https:\/\/vosgesinfo.fr\/remiremontinfo\/2025\/09\/avant-premieres-du-documentaire-en-presence-de-vincent-munier-et-de-vosges-nature-environnement\/#article\",\"isPartOf\":{\"@id\":\"https:\/\/vosgesinfo.fr\/remiremontinfo\/2025\/09\/avant-premieres-du-documentaire-en-presence-de-vincent-munier-et-de-vosges-nature-environnement\/\"},\"author\":{\"name\":\"La redaction\",\"@id\":\"https:\/\/vosgesinfo.fr\/remiremontinfo\/#\/schema\/person\/27a3695b06db98895b354c0765cdfc31\"},\"headline\":\"Avant-premi\u00e8res du documentaire en pr\u00e9sence de Vincent Munier et de Vosges Nature Environnement\",\"datePublished\":\"2025-09-04T08:21:34+00:00\",\"dateModified\":\"2025-09-04T07:59:10+00:00\",\"mainEntityOfPage\":{\"@id\":\"https:\/\/vosgesinfo.fr\/remiremontinfo\/2025\/09\/avant-premieres-du-documentaire-en-presence-de-vincent-munier-et-de-vosges-nature-environnement\/\"},\"wordCount\":344,\"commentCount\":0,\"publisher\":{\"@id\":\"https:\/\/vosgesinfo.fr\/remiremontinfo\/#organization\"},\"image\":{\"@id\":\"https:\/\/vosgesinfo.fr\/remiremontinfo\/2025\/09\/avant-premieres-du-documentaire-en-presence-de-vincent-munier-et-de-vosges-nature-environnement\/#primaryimage\"},\"thumbnailUrl\":\"https:\/\/vosgesinfo.fr\/app\/uploads\/sites\/5\/2025\/09\/lvqsd-affiche.jpg\",\"keywords\":[\"Vincent Munier\",\"Vincent Verzat\"],\"articleSection\":[\"A la Une\",\"Culture\",\"Environnement\",\"Gerardmer\",\"Remiremont\",\"Saint-di\u00e9\"],\"inLanguage\":\"fr-FR\",\"potentialAction\":[{\"@type\":\"CommentAction\",\"name\":\"Comment\",\"target\":[\"https:\/\/vosgesinfo.fr\/remiremontinfo\/2025\/09\/avant-premieres-du-documentaire-en-presence-de-vincent-munier-et-de-vosges-nature-environnement\/#respond\"]}]},{\"@type\":\"WebPage\",\"@id\":\"https:\/\/vosgesinfo.fr\/remiremontinfo\/2025\/09\/avant-premieres-du-documentaire-en-presence-de-vincent-munier-et-de-vosges-nature-environnement\/\",\"url\":\"https:\/\/vosgesinfo.fr\/remiremontinfo\/2025\/09\/avant-premieres-du-documentaire-en-presence-de-vincent-munier-et-de-vosges-nature-environnement\/\",\"name\":\"Avant-premi\u00e8res du documentaire en pr\u00e9sence de Vincent Munier et de Vosges Nature Environnement - Remiremont Info\",\"isPartOf\":{\"@id\":\"https:\/\/vosgesinfo.fr\/remiremontinfo\/#website\"},\"primaryImageOfPage\":{\"@id\":\"https:\/\/vosgesinfo.fr\/remiremontinfo\/2025\/09\/avant-premieres-du-documentaire-en-presence-de-vincent-munier-et-de-vosges-nature-environnement\/#primaryimage\"},\"image\":{\"@id\":\"https:\/\/vosgesinfo.fr\/remiremontinfo\/2025\/09\/avant-premieres-du-documentaire-en-presence-de-vincent-munier-et-de-vosges-nature-environnement\/#primaryimage\"},\"thumbnailUrl\":\"https:\/\/vosgesinfo.fr\/app\/uploads\/sites\/5\/2025\/09\/lvqsd-affiche.jpg\",\"datePublished\":\"2025-09-04T08:21:34+00:00\",\"dateModified\":\"2025-09-04T07:59:10+00:00\",\"breadcrumb\":{\"@id\":\"https:\/\/vosgesinfo.fr\/remiremontinfo\/2025\/09\/avant-premieres-du-documentaire-en-presence-de-vincent-munier-et-de-vosges-nature-environnement\/#breadcrumb\"},\"inLanguage\":\"fr-FR\",\"potentialAction\":[{\"@type\":\"ReadAction\",\"target\":[\"https:\/\/vosgesinfo.fr\/remiremontinfo\/2025\/09\/avant-premieres-du-documentaire-en-presence-de-vincent-munier-et-de-vosges-nature-environnement\/\"]}]},{\"@type\":\"ImageObject\",\"inLanguage\":\"fr-FR\",\"@id\":\"https:\/\/vosgesinfo.fr\/remiremontinfo\/2025\/09\/avant-premieres-du-documentaire-en-presence-de-vincent-munier-et-de-vosges-nature-environnement\/#primaryimage\",\"url\":\"https:\/\/vosgesinfo.fr\/app\/uploads\/sites\/5\/2025\/09\/lvqsd-affiche.jpg\",\"contentUrl\":\"https:\/\/vosgesinfo.fr\/app\/uploads\/sites\/5\/2025\/09\/lvqsd-affiche.jpg\",\"width\":877,\"height\":1240},{\"@type\":\"BreadcrumbList\",\"@id\":\"https:\/\/vosgesinfo.fr\/remiremontinfo\/2025\/09\/avant-premieres-du-documentaire-en-presence-de-vincent-munier-et-de-vosges-nature-environnement\/#breadcrumb\",\"itemListElement\":[{\"@type\":\"ListItem\",\"position\":1,\"name\":\"Home\",\"item\":\"https:\/\/vosgesinfo.fr\/remiremontinfo\/\"},{\"@type\":\"ListItem\",\"position\":2,\"name\":\"Avant-premi\u00e8res du documentaire en pr\u00e9sence de Vincent Munier et de Vosges Nature Environnement\"}]},{\"@type\":\"WebSite\",\"@id\":\"https:\/\/vosgesinfo.fr\/remiremontinfo\/#website\",\"url\":\"https:\/\/vosgesinfo.fr\/remiremontinfo\/\",\"name\":\"Remiremont Info\",\"description\":\"Toute l&#039;actualit\u00e9 de Remiremont\",\"publisher\":{\"@id\":\"https:\/\/vosgesinfo.fr\/remiremontinfo\/#organization\"},\"alternateName\":\"Toute l'actualit\u00e9 de Remiremont\",\"potentialAction\":[{\"@type\":\"SearchAction\",\"target\":{\"@type\":\"EntryPoint\",\"urlTemplate\":\"https:\/\/vosgesinfo.fr\/remiremontinfo\/?s={search_term_string}\"},\"query-input\":\"required name=search_term_string\"}],\"inLanguage\":\"fr-FR\"},{\"@type\":\"Organization\",\"@id\":\"https:\/\/vosgesinfo.fr\/remiremontinfo\/#organization\",\"name\":\"Remiremont Info\",\"url\":\"https:\/\/vosgesinfo.fr\/remiremontinfo\/\",\"logo\":{\"@type\":\"ImageObject\",\"inLanguage\":\"fr-FR\",\"@id\":\"https:\/\/vosgesinfo.fr\/remiremontinfo\/#\/schema\/logo\/image\/\",\"url\":\"https:\/\/vosgesinfo.fr\/app\/uploads\/sites\/5\/2023\/08\/favicon-remiremontinfo.png\",\"contentUrl\":\"https:\/\/vosgesinfo.fr\/app\/uploads\/sites\/5\/2023\/08\/favicon-remiremontinfo.png\",\"width\":512,\"height\":512,\"caption\":\"Remiremont Info\"},\"image\":{\"@id\":\"https:\/\/vosgesinfo.fr\/remiremontinfo\/#\/schema\/logo\/image\/\"},\"sameAs\":[\"https:\/\/www.facebook.com\/remiremontinfo\",\"https:\/\/x.com\/VosgesInfo88\",\"https:\/\/www.youtube.com\/@vosgesinfo\"]},{\"@type\":\"Person\",\"@id\":\"https:\/\/vosgesinfo.fr\/remiremontinfo\/#\/schema\/person\/27a3695b06db98895b354c0765cdfc31\",\"name\":\"La redaction\",\"image\":{\"@type\":\"ImageObject\",\"inLanguage\":\"fr-FR\",\"@id\":\"https:\/\/vosgesinfo.fr\/remiremontinfo\/#\/schema\/person\/image\/\",\"url\":\"https:\/\/secure.gravatar.com\/avatar\/64c76a78e501cedee55736f43f332df901e1896ae9cd8fad269ae2236dd0e8b6?s=96&d=mm&r=g\",\"contentUrl\":\"https:\/\/secure.gravatar.com\/avatar\/64c76a78e501cedee55736f43f332df901e1896ae9cd8fad269ae2236dd0e8b6?s=96&d=mm&r=g\",\"caption\":\"La redaction\"},\"url\":\"https:\/\/vosgesinfo.fr\/remiremontinfo\/author\/la-redaction\/\"}]}<\/script>\n<!-- \/ Yoast SEO plugin. -->","yoast_head_json":{"title":"Avant-premi\u00e8res du documentaire en pr\u00e9sence de Vincent Munier et de Vosges Nature Environnement - Remiremont Info","robots":{"index":"index","follow":"follow","max-snippet":"max-snippet:-1","max-image-preview":"max-image-preview:large","max-video-preview":"max-video-preview:-1"},"canonical":"https:\/\/vosgesinfo.fr\/remiremontinfo\/2025\/09\/avant-premieres-du-documentaire-en-presence-de-vincent-munier-et-de-vosges-nature-environnement\/","twitter_card":"summary_large_image","twitter_title":"Avant-premi\u00e8res du documentaire en pr\u00e9sence de Vincent Munier et de Vosges Nature Environnement - Remiremont Info","twitter_description":"\u00ab Le VIVANT qui se d\u00e9fend \u00bb est le premier film de Vincent Verzat, co-\u00e9crit avec le journaliste et auteur [&hellip;]","twitter_image":"https:\/\/vosgesinfo.fr\/app\/uploads\/sites\/5\/2025\/09\/lvqsd-affiche.jpg","twitter_creator":"@VosgesInfo88","twitter_site":"@VosgesInfo88","twitter_misc":{"\u00c9crit par":"La redaction","Dur\u00e9e de lecture estim\u00e9e":"2 minutes"},"schema":{"@context":"https:\/\/schema.org","@graph":[{"@type":"Article","@id":"https:\/\/vosgesinfo.fr\/remiremontinfo\/2025\/09\/avant-premieres-du-documentaire-en-presence-de-vincent-munier-et-de-vosges-nature-environnement\/#article","isPartOf":{"@id":"https:\/\/vosgesinfo.fr\/remiremontinfo\/2025\/09\/avant-premieres-du-documentaire-en-presence-de-vincent-munier-et-de-vosges-nature-environnement\/"},"author":{"name":"La redaction","@id":"https:\/\/vosgesinfo.fr\/remiremontinfo\/#\/schema\/person\/27a3695b06db98895b354c0765cdfc31"},"headline":"Avant-premi\u00e8res du documentaire en pr\u00e9sence de Vincent Munier et de Vosges Nature Environnement","datePublished":"2025-09-04T08:21:34+00:00","dateModified":"2025-09-04T07:59:10+00:00","mainEntityOfPage":{"@id":"https:\/\/vosgesinfo.fr\/remiremontinfo\/2025\/09\/avant-premieres-du-documentaire-en-presence-de-vincent-munier-et-de-vosges-nature-environnement\/"},"wordCount":344,"commentCount":0,"publisher":{"@id":"https:\/\/vosgesinfo.fr\/remiremontinfo\/#organization"},"image":{"@id":"https:\/\/vosgesinfo.fr\/remiremontinfo\/2025\/09\/avant-premieres-du-documentaire-en-presence-de-vincent-munier-et-de-vosges-nature-environnement\/#primaryimage"},"thumbnailUrl":"https:\/\/vosgesinfo.fr\/app\/uploads\/sites\/5\/2025\/09\/lvqsd-affiche.jpg","keywords":["Vincent Munier","Vincent Verzat"],"articleSection":["A la Une","Culture","Environnement","Gerardmer","Remiremont","Saint-di\u00e9"],"inLanguage":"fr-FR","potentialAction":[{"@type":"CommentAction","name":"Comment","target":["https:\/\/vosgesinfo.fr\/remiremontinfo\/2025\/09\/avant-premieres-du-documentaire-en-presence-de-vincent-munier-et-de-vosges-nature-environnement\/#respond"]}]},{"@type":"WebPage","@id":"https:\/\/vosgesinfo.fr\/remiremontinfo\/2025\/09\/avant-premieres-du-documentaire-en-presence-de-vincent-munier-et-de-vosges-nature-environnement\/","url":"https:\/\/vosgesinfo.fr\/remiremontinfo\/2025\/09\/avant-premieres-du-documentaire-en-presence-de-vincent-munier-et-de-vosges-nature-environnement\/","name":"Avant-premi\u00e8res du documentaire en pr\u00e9sence de Vincent Munier et de Vosges Nature Environnement - Remiremont Info","isPartOf":{"@id":"https:\/\/vosgesinfo.fr\/remiremontinfo\/#website"},"primaryImageOfPage":{"@id":"https:\/\/vosgesinfo.fr\/remiremontinfo\/2025\/09\/avant-premieres-du-documentaire-en-presence-de-vincent-munier-et-de-vosges-nature-environnement\/#primaryimage"},"image":{"@id":"https:\/\/vosgesinfo.fr\/remiremontinfo\/2025\/09\/avant-premieres-du-documentaire-en-presence-de-vincent-munier-et-de-vosges-nature-environnement\/#primaryimage"},"thumbnailUrl":"https:\/\/vosgesinfo.fr\/app\/uploads\/sites\/5\/2025\/09\/lvqsd-affiche.jpg","datePublished":"2025-09-04T08:21:34+00:00","dateModified":"2025-09-04T07:59:10+00:00","breadcrumb":{"@id":"https:\/\/vosgesinfo.fr\/remiremontinfo\/2025\/09\/avant-premieres-du-documentaire-en-presence-de-vincent-munier-et-de-vosges-nature-environnement\/#breadcrumb"},"inLanguage":"fr-FR","potentialAction":[{"@type":"ReadAction","target":["https:\/\/vosgesinfo.fr\/remiremontinfo\/2025\/09\/avant-premieres-du-documentaire-en-presence-de-vincent-munier-et-de-vosges-nature-environnement\/"]}]},{"@type":"ImageObject","inLanguage":"fr-FR","@id":"https:\/\/vosgesinfo.fr\/remiremontinfo\/2025\/09\/avant-premieres-du-documentaire-en-presence-de-vincent-munier-et-de-vosges-nature-environnement\/#primaryimage","url":"https:\/\/vosgesinfo.fr\/app\/uploads\/sites\/5\/2025\/09\/lvqsd-affiche.jpg","contentUrl":"https:\/\/vosgesinfo.fr\/app\/uploads\/sites\/5\/2025\/09\/lvqsd-affiche.jpg","width":877,"height":1240},{"@type":"BreadcrumbList","@id":"https:\/\/vosgesinfo.fr\/remiremontinfo\/2025\/09\/avant-premieres-du-documentaire-en-presence-de-vincent-munier-et-de-vosges-nature-environnement\/#breadcrumb","itemListElement":[{"@type":"ListItem","position":1,"name":"Home","item":"https:\/\/vosgesinfo.fr\/remiremontinfo\/"},{"@type":"ListItem","position":2,"name":"Avant-premi\u00e8res du documentaire en pr\u00e9sence de Vincent Munier et de Vosges Nature Environnement"}]},{"@type":"WebSite","@id":"https:\/\/vosgesinfo.fr\/remiremontinfo\/#website","url":"https:\/\/vosgesinfo.fr\/remiremontinfo\/","name":"Remiremont Info","description":"Toute l&#039;actualit\u00e9 de Remiremont","publisher":{"@id":"https:\/\/vosgesinfo.fr\/remiremontinfo\/#organization"},"alternateName":"Toute l'actualit\u00e9 de Remiremont","potentialAction":[{"@type":"SearchAction","target":{"@type":"EntryPoint","urlTemplate":"https:\/\/vosgesinfo.fr\/remiremontinfo\/?s={search_term_string}"},"query-input":"required name=search_term_string"}],"inLanguage":"fr-FR"},{"@type":"Organization","@id":"https:\/\/vosgesinfo.fr\/remiremontinfo\/#organization","name":"Remiremont Info","url":"https:\/\/vosgesinfo.fr\/remiremontinfo\/","logo":{"@type":"ImageObject","inLanguage":"fr-FR","@id":"https:\/\/vosgesinfo.fr\/remiremontinfo\/#\/schema\/logo\/image\/","url":"https:\/\/vosgesinfo.fr\/app\/uploads\/sites\/5\/2023\/08\/favicon-remiremontinfo.png","contentUrl":"https:\/\/vosgesinfo.fr\/app\/uploads\/sites\/5\/2023\/08\/favicon-remiremontinfo.png","width":512,"height":512,"caption":"Remiremont Info"},"image":{"@id":"https:\/\/vosgesinfo.fr\/remiremontinfo\/#\/schema\/logo\/image\/"},"sameAs":["https:\/\/www.facebook.com\/remiremontinfo","https:\/\/x.com\/VosgesInfo88","https:\/\/www.youtube.com\/@vosgesinfo"]},{"@type":"Person","@id":"https:\/\/vosgesinfo.fr\/remiremontinfo\/#\/schema\/person\/27a3695b06db98895b354c0765cdfc31","name":"La redaction","image":{"@type":"ImageObject","inLanguage":"fr-FR","@id":"https:\/\/vosgesinfo.fr\/remiremontinfo\/#\/schema\/person\/image\/","url":"https:\/\/secure.gravatar.com\/avatar\/64c76a78e501cedee55736f43f332df901e1896ae9cd8fad269ae2236dd0e8b6?s=96&d=mm&r=g","contentUrl":"https:\/\/secure.gravatar.com\/avatar\/64c76a78e501cedee55736f43f332df901e1896ae9cd8fad269ae2236dd0e8b6?s=96&d=mm&r=g","caption":"La redaction"},"url":"https:\/\/vosgesinfo.fr\/remiremontinfo\/author\/la-redaction\/"}]}},"_links":{"self":[{"href":"https:\/\/vosgesinfo.fr\/remiremontinfo\/wp-json\/wp\/v2\/posts\/84796","targetHints":{"allow":["GET"]}}],"collection":[{"href":"https:\/\/vosgesinfo.fr\/remiremontinfo\/wp-json\/wp\/v2\/posts"}],"about":[{"href":"https:\/\/vosgesinfo.fr\/remiremontinfo\/wp-json\/wp\/v2\/types\/post"}],"author":[{"embeddable":true,"href":"https:\/\/vosgesinfo.fr\/remiremontinfo\/wp-json\/wp\/v2\/users\/391"}],"replies":[{"embeddable":true,"href":"https:\/\/vosgesinfo.fr\/remiremontinfo\/wp-json\/wp\/v2\/comments?post=84796"}],"version-history":[{"count":1,"href":"https:\/\/vosgesinfo.fr\/remiremontinfo\/wp-json\/wp\/v2\/posts\/84796\/revisions"}],"predecessor-version":[{"id":84798,"href":"https:\/\/vosgesinfo.fr\/remiremontinfo\/wp-json\/wp\/v2\/posts\/84796\/revisions\/84798"}],"wp:featuredmedia":[{"embeddable":true,"href":"https:\/\/vosgesinfo.fr\/remiremontinfo\/wp-json\/wp\/v2\/media\/84797"}],"wp:attachment":[{"href":"https:\/\/vosgesinfo.fr\/remiremontinfo\/wp-json\/wp\/v2\/media?parent=84796"}],"wp:term":[{"taxonomy":"category","embeddable":true,"href":"https:\/\/vosgesinfo.fr\/remiremontinfo\/wp-json\/wp\/v2\/categories?post=84796"},{"taxonomy":"post_tag","embeddable":true,"href":"https:\/\/vosgesinfo.fr\/remiremontinfo\/wp-json\/wp\/v2\/tags?post=84796"}],"curies":[{"name":"wp","href":"https:\/\/api.w.org\/{rel}","templated":true}]}}