{"id":84806,"date":"2025-09-04T16:56:38","date_gmt":"2025-09-04T14:56:38","guid":{"rendered":"https:\/\/vosgesinfo.fr\/remiremontinfo\/?p=84806"},"modified":"2025-09-04T16:34:50","modified_gmt":"2025-09-04T14:34:50","slug":"fete-du-sport-2025-dans-les-vosges-plusieurs-evenements-et-un-temps-fort-linfernal-trail","status":"publish","type":"post","link":"https:\/\/vosgesinfo.fr\/remiremontinfo\/2025\/09\/fete-du-sport-2025-dans-les-vosges-plusieurs-evenements-et-un-temps-fort-linfernal-trail\/","title":{"rendered":"F\u00eate du sport 2025 dans les Vosges &#8211; plusieurs \u00e9v\u00e9nements et un temps fort : l&rsquo;Infernal Trail"},"content":{"rendered":"<div id=\"attachment_84808\" style=\"width: 1251px\" class=\"wp-caption aligncenter\"><a href=\"https:\/\/vosgesinfo.fr\/app\/uploads\/sites\/5\/2025\/09\/2025-comm-presse-fds-page-0001.jpg\"><img decoding=\"async\" aria-describedby=\"caption-attachment-84808\" class=\"wp-image-84808 size-full\" src=\"https:\/\/vosgesinfo.fr\/app\/uploads\/sites\/5\/2025\/09\/2025-comm-presse-fds-page-0001.jpg\" alt=\"\" width=\"1241\" height=\"921\" srcset=\"https:\/\/vosgesinfo.fr\/app\/uploads\/sites\/5\/2025\/09\/2025-comm-presse-fds-page-0001.jpg 1241w, https:\/\/vosgesinfo.fr\/app\/uploads\/sites\/5\/2025\/09\/2025-comm-presse-fds-page-0001-300x223.jpg 300w, https:\/\/vosgesinfo.fr\/app\/uploads\/sites\/5\/2025\/09\/2025-comm-presse-fds-page-0001-1024x760.jpg 1024w, https:\/\/vosgesinfo.fr\/app\/uploads\/sites\/5\/2025\/09\/2025-comm-presse-fds-page-0001-768x570.jpg 768w\" sizes=\"(max-width: 1241px) 100vw, 1241px\" \/><\/a><p id=\"caption-attachment-84808\" class=\"wp-caption-text\">Communiqu\u00e9<\/p><\/div>\n<p>&nbsp;<\/p>\n<p><a href=\"https:\/\/vosgesinfo.fr\/app\/uploads\/sites\/5\/2025\/09\/2025-comm-presse-fds-page-0002.jpg\"><img decoding=\"async\" class=\"aligncenter size-full wp-image-84807\" src=\"https:\/\/vosgesinfo.fr\/app\/uploads\/sites\/5\/2025\/09\/2025-comm-presse-fds-page-0002.jpg\" alt=\"\" width=\"1241\" height=\"819\" srcset=\"https:\/\/vosgesinfo.fr\/app\/uploads\/sites\/5\/2025\/09\/2025-comm-presse-fds-page-0002.jpg 1241w, https:\/\/vosgesinfo.fr\/app\/uploads\/sites\/5\/2025\/09\/2025-comm-presse-fds-page-0002-300x198.jpg 300w, https:\/\/vosgesinfo.fr\/app\/uploads\/sites\/5\/2025\/09\/2025-comm-presse-fds-page-0002-1024x676.jpg 1024w, https:\/\/vosgesinfo.fr\/app\/uploads\/sites\/5\/2025\/09\/2025-comm-presse-fds-page-0002-768x507.jpg 768w\" sizes=\"(max-width: 1241px) 100vw, 1241px\" \/><\/a><\/p>\n<div id=\"attachment_77583\" style=\"width: 310px\" class=\"wp-caption aligncenter\"><a href=\"https:\/\/vosgesinfo.fr\/app\/uploads\/sites\/5\/2025\/01\/infernal-.jpeg\"><img decoding=\"async\" aria-describedby=\"caption-attachment-77583\" class=\"size-medium wp-image-77583\" src=\"https:\/\/vosgesinfo.fr\/app\/uploads\/sites\/5\/2025\/01\/infernal--300x200.jpeg\" alt=\"\" width=\"300\" height=\"200\" srcset=\"https:\/\/vosgesinfo.fr\/app\/uploads\/sites\/5\/2025\/01\/infernal--300x200.jpeg 300w, https:\/\/vosgesinfo.fr\/app\/uploads\/sites\/5\/2025\/01\/infernal--1024x683.jpeg 1024w, https:\/\/vosgesinfo.fr\/app\/uploads\/sites\/5\/2025\/01\/infernal--768x512.jpeg 768w, https:\/\/vosgesinfo.fr\/app\/uploads\/sites\/5\/2025\/01\/infernal--1536x1024.jpeg 1536w, https:\/\/vosgesinfo.fr\/app\/uploads\/sites\/5\/2025\/01\/infernal-.jpeg 2048w\" sizes=\"(max-width: 300px) 100vw, 300px\" \/><\/a><p id=\"caption-attachment-77583\" class=\"wp-caption-text\">Photographie : Infernal Trail des Vosges.<\/p><\/div>\n<p>&nbsp;<\/p>\n","protected":false},"excerpt":{"rendered":"<p>&nbsp; &nbsp;<\/p>\n","protected":false},"author":391,"featured_media":77583,"comment_status":"open","ping_status":"open","sticky":false,"template":"","format":"standard","meta":{"footnotes":""},"categories":[26,108,1547,845,43,362,14],"tags":[1411],"class_list":["post-84806","post","type-post","status-publish","format-standard","has-post-thumbnail","hentry","category-a-la-une","category-epinal","category-gerardmer-2","category-la-plaine-des-vosges","category-remiremont-remiremont-son-canton","category-saint-die","category-sport","tag-infernal-trail"],"acf":[],"yoast_head":"<!-- This site is optimized with the Yoast SEO plugin v22.5 - https:\/\/yoast.com\/wordpress\/plugins\/seo\/ -->\n<title>F\u00eate du sport 2025 dans les Vosges - plusieurs \u00e9v\u00e9nements et un temps fort : l&#039;Infernal Trail - Remiremont Info<\/title>\n<meta name=\"robots\" content=\"index, follow, max-snippet:-1, max-image-preview:large, max-video-preview:-1\" \/>\n<link rel=\"canonical\" href=\"https:\/\/vosgesinfo.fr\/remiremontinfo\/2025\/09\/fete-du-sport-2025-dans-les-vosges-plusieurs-evenements-et-un-temps-fort-linfernal-trail\/\" \/>\n<meta name=\"twitter:card\" content=\"summary_large_image\" \/>\n<meta name=\"twitter:title\" content=\"F\u00eate du sport 2025 dans les Vosges - plusieurs \u00e9v\u00e9nements et un temps fort : l&#039;Infernal Trail - Remiremont Info\" \/>\n<meta name=\"twitter:description\" content=\"&nbsp; &nbsp;\" \/>\n<meta name=\"twitter:image\" content=\"https:\/\/vosgesinfo.fr\/app\/uploads\/sites\/5\/2025\/01\/infernal-.jpeg\" \/>\n<meta name=\"twitter:creator\" content=\"@VosgesInfo88\" \/>\n<meta name=\"twitter:site\" content=\"@VosgesInfo88\" \/>\n<meta name=\"twitter:label1\" content=\"\u00c9crit par\" \/>\n\t<meta name=\"twitter:data1\" content=\"La redaction\" \/>\n<script type=\"application\/ld+json\" class=\"yoast-schema-graph\">{\"@context\":\"https:\/\/schema.org\",\"@graph\":[{\"@type\":\"Article\",\"@id\":\"https:\/\/vosgesinfo.fr\/remiremontinfo\/2025\/09\/fete-du-sport-2025-dans-les-vosges-plusieurs-evenements-et-un-temps-fort-linfernal-trail\/#article\",\"isPartOf\":{\"@id\":\"https:\/\/vosgesinfo.fr\/remiremontinfo\/2025\/09\/fete-du-sport-2025-dans-les-vosges-plusieurs-evenements-et-un-temps-fort-linfernal-trail\/\"},\"author\":{\"name\":\"La redaction\",\"@id\":\"https:\/\/vosgesinfo.fr\/remiremontinfo\/#\/schema\/person\/27a3695b06db98895b354c0765cdfc31\"},\"headline\":\"F\u00eate du sport 2025 dans les Vosges &#8211; plusieurs \u00e9v\u00e9nements et un temps fort : l&rsquo;Infernal Trail\",\"datePublished\":\"2025-09-04T14:56:38+00:00\",\"dateModified\":\"2025-09-04T14:34:50+00:00\",\"mainEntityOfPage\":{\"@id\":\"https:\/\/vosgesinfo.fr\/remiremontinfo\/2025\/09\/fete-du-sport-2025-dans-les-vosges-plusieurs-evenements-et-un-temps-fort-linfernal-trail\/\"},\"wordCount\":40,\"commentCount\":0,\"publisher\":{\"@id\":\"https:\/\/vosgesinfo.fr\/remiremontinfo\/#organization\"},\"image\":{\"@id\":\"https:\/\/vosgesinfo.fr\/remiremontinfo\/2025\/09\/fete-du-sport-2025-dans-les-vosges-plusieurs-evenements-et-un-temps-fort-linfernal-trail\/#primaryimage\"},\"thumbnailUrl\":\"https:\/\/vosgesinfo.fr\/app\/uploads\/sites\/5\/2025\/01\/infernal-.jpeg\",\"keywords\":[\"Infernal Trail\"],\"articleSection\":[\"A la Une\",\"Epinal\",\"Gerardmer\",\"La plaine des vosges\",\"Remiremont\",\"Saint-di\u00e9\",\"Sport\"],\"inLanguage\":\"fr-FR\",\"potentialAction\":[{\"@type\":\"CommentAction\",\"name\":\"Comment\",\"target\":[\"https:\/\/vosgesinfo.fr\/remiremontinfo\/2025\/09\/fete-du-sport-2025-dans-les-vosges-plusieurs-evenements-et-un-temps-fort-linfernal-trail\/#respond\"]}]},{\"@type\":\"WebPage\",\"@id\":\"https:\/\/vosgesinfo.fr\/remiremontinfo\/2025\/09\/fete-du-sport-2025-dans-les-vosges-plusieurs-evenements-et-un-temps-fort-linfernal-trail\/\",\"url\":\"https:\/\/vosgesinfo.fr\/remiremontinfo\/2025\/09\/fete-du-sport-2025-dans-les-vosges-plusieurs-evenements-et-un-temps-fort-linfernal-trail\/\",\"name\":\"F\u00eate du sport 2025 dans les Vosges - plusieurs \u00e9v\u00e9nements et un temps fort : l'Infernal Trail - Remiremont Info\",\"isPartOf\":{\"@id\":\"https:\/\/vosgesinfo.fr\/remiremontinfo\/#website\"},\"primaryImageOfPage\":{\"@id\":\"https:\/\/vosgesinfo.fr\/remiremontinfo\/2025\/09\/fete-du-sport-2025-dans-les-vosges-plusieurs-evenements-et-un-temps-fort-linfernal-trail\/#primaryimage\"},\"image\":{\"@id\":\"https:\/\/vosgesinfo.fr\/remiremontinfo\/2025\/09\/fete-du-sport-2025-dans-les-vosges-plusieurs-evenements-et-un-temps-fort-linfernal-trail\/#primaryimage\"},\"thumbnailUrl\":\"https:\/\/vosgesinfo.fr\/app\/uploads\/sites\/5\/2025\/01\/infernal-.jpeg\",\"datePublished\":\"2025-09-04T14:56:38+00:00\",\"dateModified\":\"2025-09-04T14:34:50+00:00\",\"breadcrumb\":{\"@id\":\"https:\/\/vosgesinfo.fr\/remiremontinfo\/2025\/09\/fete-du-sport-2025-dans-les-vosges-plusieurs-evenements-et-un-temps-fort-linfernal-trail\/#breadcrumb\"},\"inLanguage\":\"fr-FR\",\"potentialAction\":[{\"@type\":\"ReadAction\",\"target\":[\"https:\/\/vosgesinfo.fr\/remiremontinfo\/2025\/09\/fete-du-sport-2025-dans-les-vosges-plusieurs-evenements-et-un-temps-fort-linfernal-trail\/\"]}]},{\"@type\":\"ImageObject\",\"inLanguage\":\"fr-FR\",\"@id\":\"https:\/\/vosgesinfo.fr\/remiremontinfo\/2025\/09\/fete-du-sport-2025-dans-les-vosges-plusieurs-evenements-et-un-temps-fort-linfernal-trail\/#primaryimage\",\"url\":\"https:\/\/vosgesinfo.fr\/app\/uploads\/sites\/5\/2025\/01\/infernal-.jpeg\",\"contentUrl\":\"https:\/\/vosgesinfo.fr\/app\/uploads\/sites\/5\/2025\/01\/infernal-.jpeg\",\"width\":2048,\"height\":1365,\"caption\":\"Photographie : Infernal Trail des Vosges.\"},{\"@type\":\"BreadcrumbList\",\"@id\":\"https:\/\/vosgesinfo.fr\/remiremontinfo\/2025\/09\/fete-du-sport-2025-dans-les-vosges-plusieurs-evenements-et-un-temps-fort-linfernal-trail\/#breadcrumb\",\"itemListElement\":[{\"@type\":\"ListItem\",\"position\":1,\"name\":\"Home\",\"item\":\"https:\/\/vosgesinfo.fr\/remiremontinfo\/\"},{\"@type\":\"ListItem\",\"position\":2,\"name\":\"F\u00eate du sport 2025 dans les Vosges &#8211; plusieurs \u00e9v\u00e9nements et un temps fort : l&rsquo;Infernal Trail\"}]},{\"@type\":\"WebSite\",\"@id\":\"https:\/\/vosgesinfo.fr\/remiremontinfo\/#website\",\"url\":\"https:\/\/vosgesinfo.fr\/remiremontinfo\/\",\"name\":\"Remiremont Info\",\"description\":\"Toute l&#039;actualit\u00e9 de Remiremont\",\"publisher\":{\"@id\":\"https:\/\/vosgesinfo.fr\/remiremontinfo\/#organization\"},\"alternateName\":\"Toute l'actualit\u00e9 de Remiremont\",\"potentialAction\":[{\"@type\":\"SearchAction\",\"target\":{\"@type\":\"EntryPoint\",\"urlTemplate\":\"https:\/\/vosgesinfo.fr\/remiremontinfo\/?s={search_term_string}\"},\"query-input\":\"required name=search_term_string\"}],\"inLanguage\":\"fr-FR\"},{\"@type\":\"Organization\",\"@id\":\"https:\/\/vosgesinfo.fr\/remiremontinfo\/#organization\",\"name\":\"Remiremont Info\",\"url\":\"https:\/\/vosgesinfo.fr\/remiremontinfo\/\",\"logo\":{\"@type\":\"ImageObject\",\"inLanguage\":\"fr-FR\",\"@id\":\"https:\/\/vosgesinfo.fr\/remiremontinfo\/#\/schema\/logo\/image\/\",\"url\":\"https:\/\/vosgesinfo.fr\/app\/uploads\/sites\/5\/2023\/08\/favicon-remiremontinfo.png\",\"contentUrl\":\"https:\/\/vosgesinfo.fr\/app\/uploads\/sites\/5\/2023\/08\/favicon-remiremontinfo.png\",\"width\":512,\"height\":512,\"caption\":\"Remiremont Info\"},\"image\":{\"@id\":\"https:\/\/vosgesinfo.fr\/remiremontinfo\/#\/schema\/logo\/image\/\"},\"sameAs\":[\"https:\/\/www.facebook.com\/remiremontinfo\",\"https:\/\/x.com\/VosgesInfo88\",\"https:\/\/www.youtube.com\/@vosgesinfo\"]},{\"@type\":\"Person\",\"@id\":\"https:\/\/vosgesinfo.fr\/remiremontinfo\/#\/schema\/person\/27a3695b06db98895b354c0765cdfc31\",\"name\":\"La redaction\",\"image\":{\"@type\":\"ImageObject\",\"inLanguage\":\"fr-FR\",\"@id\":\"https:\/\/vosgesinfo.fr\/remiremontinfo\/#\/schema\/person\/image\/\",\"url\":\"https:\/\/secure.gravatar.com\/avatar\/64c76a78e501cedee55736f43f332df901e1896ae9cd8fad269ae2236dd0e8b6?s=96&d=mm&r=g\",\"contentUrl\":\"https:\/\/secure.gravatar.com\/avatar\/64c76a78e501cedee55736f43f332df901e1896ae9cd8fad269ae2236dd0e8b6?s=96&d=mm&r=g\",\"caption\":\"La redaction\"},\"url\":\"https:\/\/vosgesinfo.fr\/remiremontinfo\/author\/la-redaction\/\"}]}<\/script>\n<!-- \/ Yoast SEO plugin. -->","yoast_head_json":{"title":"F\u00eate du sport 2025 dans les Vosges - plusieurs \u00e9v\u00e9nements et un temps fort : l'Infernal Trail - Remiremont Info","robots":{"index":"index","follow":"follow","max-snippet":"max-snippet:-1","max-image-preview":"max-image-preview:large","max-video-preview":"max-video-preview:-1"},"canonical":"https:\/\/vosgesinfo.fr\/remiremontinfo\/2025\/09\/fete-du-sport-2025-dans-les-vosges-plusieurs-evenements-et-un-temps-fort-linfernal-trail\/","twitter_card":"summary_large_image","twitter_title":"F\u00eate du sport 2025 dans les Vosges - plusieurs \u00e9v\u00e9nements et un temps fort : l'Infernal Trail - Remiremont Info","twitter_description":"&nbsp; &nbsp;","twitter_image":"https:\/\/vosgesinfo.fr\/app\/uploads\/sites\/5\/2025\/01\/infernal-.jpeg","twitter_creator":"@VosgesInfo88","twitter_site":"@VosgesInfo88","twitter_misc":{"\u00c9crit par":"La redaction"},"schema":{"@context":"https:\/\/schema.org","@graph":[{"@type":"Article","@id":"https:\/\/vosgesinfo.fr\/remiremontinfo\/2025\/09\/fete-du-sport-2025-dans-les-vosges-plusieurs-evenements-et-un-temps-fort-linfernal-trail\/#article","isPartOf":{"@id":"https:\/\/vosgesinfo.fr\/remiremontinfo\/2025\/09\/fete-du-sport-2025-dans-les-vosges-plusieurs-evenements-et-un-temps-fort-linfernal-trail\/"},"author":{"name":"La redaction","@id":"https:\/\/vosgesinfo.fr\/remiremontinfo\/#\/schema\/person\/27a3695b06db98895b354c0765cdfc31"},"headline":"F\u00eate du sport 2025 dans les Vosges &#8211; plusieurs \u00e9v\u00e9nements et un temps fort : l&rsquo;Infernal Trail","datePublished":"2025-09-04T14:56:38+00:00","dateModified":"2025-09-04T14:34:50+00:00","mainEntityOfPage":{"@id":"https:\/\/vosgesinfo.fr\/remiremontinfo\/2025\/09\/fete-du-sport-2025-dans-les-vosges-plusieurs-evenements-et-un-temps-fort-linfernal-trail\/"},"wordCount":40,"commentCount":0,"publisher":{"@id":"https:\/\/vosgesinfo.fr\/remiremontinfo\/#organization"},"image":{"@id":"https:\/\/vosgesinfo.fr\/remiremontinfo\/2025\/09\/fete-du-sport-2025-dans-les-vosges-plusieurs-evenements-et-un-temps-fort-linfernal-trail\/#primaryimage"},"thumbnailUrl":"https:\/\/vosgesinfo.fr\/app\/uploads\/sites\/5\/2025\/01\/infernal-.jpeg","keywords":["Infernal Trail"],"articleSection":["A la Une","Epinal","Gerardmer","La plaine des vosges","Remiremont","Saint-di\u00e9","Sport"],"inLanguage":"fr-FR","potentialAction":[{"@type":"CommentAction","name":"Comment","target":["https:\/\/vosgesinfo.fr\/remiremontinfo\/2025\/09\/fete-du-sport-2025-dans-les-vosges-plusieurs-evenements-et-un-temps-fort-linfernal-trail\/#respond"]}]},{"@type":"WebPage","@id":"https:\/\/vosgesinfo.fr\/remiremontinfo\/2025\/09\/fete-du-sport-2025-dans-les-vosges-plusieurs-evenements-et-un-temps-fort-linfernal-trail\/","url":"https:\/\/vosgesinfo.fr\/remiremontinfo\/2025\/09\/fete-du-sport-2025-dans-les-vosges-plusieurs-evenements-et-un-temps-fort-linfernal-trail\/","name":"F\u00eate du sport 2025 dans les Vosges - plusieurs \u00e9v\u00e9nements et un temps fort : l'Infernal Trail - Remiremont Info","isPartOf":{"@id":"https:\/\/vosgesinfo.fr\/remiremontinfo\/#website"},"primaryImageOfPage":{"@id":"https:\/\/vosgesinfo.fr\/remiremontinfo\/2025\/09\/fete-du-sport-2025-dans-les-vosges-plusieurs-evenements-et-un-temps-fort-linfernal-trail\/#primaryimage"},"image":{"@id":"https:\/\/vosgesinfo.fr\/remiremontinfo\/2025\/09\/fete-du-sport-2025-dans-les-vosges-plusieurs-evenements-et-un-temps-fort-linfernal-trail\/#primaryimage"},"thumbnailUrl":"https:\/\/vosgesinfo.fr\/app\/uploads\/sites\/5\/2025\/01\/infernal-.jpeg","datePublished":"2025-09-04T14:56:38+00:00","dateModified":"2025-09-04T14:34:50+00:00","breadcrumb":{"@id":"https:\/\/vosgesinfo.fr\/remiremontinfo\/2025\/09\/fete-du-sport-2025-dans-les-vosges-plusieurs-evenements-et-un-temps-fort-linfernal-trail\/#breadcrumb"},"inLanguage":"fr-FR","potentialAction":[{"@type":"ReadAction","target":["https:\/\/vosgesinfo.fr\/remiremontinfo\/2025\/09\/fete-du-sport-2025-dans-les-vosges-plusieurs-evenements-et-un-temps-fort-linfernal-trail\/"]}]},{"@type":"ImageObject","inLanguage":"fr-FR","@id":"https:\/\/vosgesinfo.fr\/remiremontinfo\/2025\/09\/fete-du-sport-2025-dans-les-vosges-plusieurs-evenements-et-un-temps-fort-linfernal-trail\/#primaryimage","url":"https:\/\/vosgesinfo.fr\/app\/uploads\/sites\/5\/2025\/01\/infernal-.jpeg","contentUrl":"https:\/\/vosgesinfo.fr\/app\/uploads\/sites\/5\/2025\/01\/infernal-.jpeg","width":2048,"height":1365,"caption":"Photographie : Infernal Trail des Vosges."},{"@type":"BreadcrumbList","@id":"https:\/\/vosgesinfo.fr\/remiremontinfo\/2025\/09\/fete-du-sport-2025-dans-les-vosges-plusieurs-evenements-et-un-temps-fort-linfernal-trail\/#breadcrumb","itemListElement":[{"@type":"ListItem","position":1,"name":"Home","item":"https:\/\/vosgesinfo.fr\/remiremontinfo\/"},{"@type":"ListItem","position":2,"name":"F\u00eate du sport 2025 dans les Vosges &#8211; plusieurs \u00e9v\u00e9nements et un temps fort : l&rsquo;Infernal Trail"}]},{"@type":"WebSite","@id":"https:\/\/vosgesinfo.fr\/remiremontinfo\/#website","url":"https:\/\/vosgesinfo.fr\/remiremontinfo\/","name":"Remiremont Info","description":"Toute l&#039;actualit\u00e9 de Remiremont","publisher":{"@id":"https:\/\/vosgesinfo.fr\/remiremontinfo\/#organization"},"alternateName":"Toute l'actualit\u00e9 de Remiremont","potentialAction":[{"@type":"SearchAction","target":{"@type":"EntryPoint","urlTemplate":"https:\/\/vosgesinfo.fr\/remiremontinfo\/?s={search_term_string}"},"query-input":"required name=search_term_string"}],"inLanguage":"fr-FR"},{"@type":"Organization","@id":"https:\/\/vosgesinfo.fr\/remiremontinfo\/#organization","name":"Remiremont Info","url":"https:\/\/vosgesinfo.fr\/remiremontinfo\/","logo":{"@type":"ImageObject","inLanguage":"fr-FR","@id":"https:\/\/vosgesinfo.fr\/remiremontinfo\/#\/schema\/logo\/image\/","url":"https:\/\/vosgesinfo.fr\/app\/uploads\/sites\/5\/2023\/08\/favicon-remiremontinfo.png","contentUrl":"https:\/\/vosgesinfo.fr\/app\/uploads\/sites\/5\/2023\/08\/favicon-remiremontinfo.png","width":512,"height":512,"caption":"Remiremont Info"},"image":{"@id":"https:\/\/vosgesinfo.fr\/remiremontinfo\/#\/schema\/logo\/image\/"},"sameAs":["https:\/\/www.facebook.com\/remiremontinfo","https:\/\/x.com\/VosgesInfo88","https:\/\/www.youtube.com\/@vosgesinfo"]},{"@type":"Person","@id":"https:\/\/vosgesinfo.fr\/remiremontinfo\/#\/schema\/person\/27a3695b06db98895b354c0765cdfc31","name":"La redaction","image":{"@type":"ImageObject","inLanguage":"fr-FR","@id":"https:\/\/vosgesinfo.fr\/remiremontinfo\/#\/schema\/person\/image\/","url":"https:\/\/secure.gravatar.com\/avatar\/64c76a78e501cedee55736f43f332df901e1896ae9cd8fad269ae2236dd0e8b6?s=96&d=mm&r=g","contentUrl":"https:\/\/secure.gravatar.com\/avatar\/64c76a78e501cedee55736f43f332df901e1896ae9cd8fad269ae2236dd0e8b6?s=96&d=mm&r=g","caption":"La redaction"},"url":"https:\/\/vosgesinfo.fr\/remiremontinfo\/author\/la-redaction\/"}]}},"_links":{"self":[{"href":"https:\/\/vosgesinfo.fr\/remiremontinfo\/wp-json\/wp\/v2\/posts\/84806","targetHints":{"allow":["GET"]}}],"collection":[{"href":"https:\/\/vosgesinfo.fr\/remiremontinfo\/wp-json\/wp\/v2\/posts"}],"about":[{"href":"https:\/\/vosgesinfo.fr\/remiremontinfo\/wp-json\/wp\/v2\/types\/post"}],"author":[{"embeddable":true,"href":"https:\/\/vosgesinfo.fr\/remiremontinfo\/wp-json\/wp\/v2\/users\/391"}],"replies":[{"embeddable":true,"href":"https:\/\/vosgesinfo.fr\/remiremontinfo\/wp-json\/wp\/v2\/comments?post=84806"}],"version-history":[{"count":1,"href":"https:\/\/vosgesinfo.fr\/remiremontinfo\/wp-json\/wp\/v2\/posts\/84806\/revisions"}],"predecessor-version":[{"id":84809,"href":"https:\/\/vosgesinfo.fr\/remiremontinfo\/wp-json\/wp\/v2\/posts\/84806\/revisions\/84809"}],"wp:featuredmedia":[{"embeddable":true,"href":"https:\/\/vosgesinfo.fr\/remiremontinfo\/wp-json\/wp\/v2\/media\/77583"}],"wp:attachment":[{"href":"https:\/\/vosgesinfo.fr\/remiremontinfo\/wp-json\/wp\/v2\/media?parent=84806"}],"wp:term":[{"taxonomy":"category","embeddable":true,"href":"https:\/\/vosgesinfo.fr\/remiremontinfo\/wp-json\/wp\/v2\/categories?post=84806"},{"taxonomy":"post_tag","embeddable":true,"href":"https:\/\/vosgesinfo.fr\/remiremontinfo\/wp-json\/wp\/v2\/tags?post=84806"}],"curies":[{"name":"wp","href":"https:\/\/api.w.org\/{rel}","templated":true}]}}