{"id":84816,"date":"2025-09-04T22:10:17","date_gmt":"2025-09-04T20:10:17","guid":{"rendered":"https:\/\/vosgesinfo.fr\/remiremontinfo\/?p=84816"},"modified":"2025-09-04T21:44:40","modified_gmt":"2025-09-04T19:44:40","slug":"destockage-de-vetements-a-labri","status":"publish","type":"post","link":"https:\/\/vosgesinfo.fr\/remiremontinfo\/2025\/09\/destockage-de-vetements-a-labri\/","title":{"rendered":"DESTOCKAGE DE V\u00caTEMENTS \u00c0 L\u2019ABRI"},"content":{"rendered":"<p>L\u2019association L\u2019Abri organise un grand d\u00e9stockage de v\u00eatements du mardi 23 au samedi 27 septembre \u00e0 la Recyclerie Annie Thi\u00e9baut de Saint-\u00c9tienne-l\u00e8s-Remiremont, aux horaires habituels d\u2019ouverture. Une semaine exceptionnelle pour faire de bonnes affaires avec des v\u00eatements \u00e0 prix mini tout en faisant un geste concret pour l\u2019environnement et l\u2019insertion professionnelle \u2014 cl\u00f4ture samedi 27 septembre par une visite de l\u2019atelier de tri textile et un atelier d\u2019upcycling (10h\u201312h, entr\u00e9e libre et sans inscription).<\/p>\n<p><strong>Des v\u00eatements et articles \u00e0 prix solidaire pour tous<\/strong><br \/>\n<a href=\"https:\/\/vosgesinfo.fr\/app\/uploads\/sites\/5\/2025\/09\/affiche-destockage-textile-upcycling-210-x-297-mm-page-0001.jpg\"><img decoding=\"async\" class=\"alignright size-medium wp-image-84817\" src=\"https:\/\/vosgesinfo.fr\/app\/uploads\/sites\/5\/2025\/09\/affiche-destockage-textile-upcycling-210-x-297-mm-page-0001-212x300.jpg\" alt=\"\" width=\"212\" height=\"300\" srcset=\"https:\/\/vosgesinfo.fr\/app\/uploads\/sites\/5\/2025\/09\/affiche-destockage-textile-upcycling-210-x-297-mm-page-0001-212x300.jpg 212w, https:\/\/vosgesinfo.fr\/app\/uploads\/sites\/5\/2025\/09\/affiche-destockage-textile-upcycling-210-x-297-mm-page-0001-724x1024.jpg 724w, https:\/\/vosgesinfo.fr\/app\/uploads\/sites\/5\/2025\/09\/affiche-destockage-textile-upcycling-210-x-297-mm-page-0001-768x1086.jpg 768w, https:\/\/vosgesinfo.fr\/app\/uploads\/sites\/5\/2025\/09\/affiche-destockage-textile-upcycling-210-x-297-mm-page-0001-1086x1536.jpg 1086w, https:\/\/vosgesinfo.fr\/app\/uploads\/sites\/5\/2025\/09\/affiche-destockage-textile-upcycling-210-x-297-mm-page-0001.jpg 1241w\" sizes=\"(max-width: 212px) 100vw, 212px\" \/><\/a>Durant toute la semaine, les visiteurs pourront b\u00e9n\u00e9ficier d\u2019une vente au kilo sur tous les v\u00eatements, \u00e0 seulement 4 \u20ac le kilo mais aussi de remises exceptionnelles sur une s\u00e9lection<br \/>\nd\u2019articles signal\u00e9s en recyclerie : maroquinerie, chaussures, linge de maison, etc.<br \/>\nUne opportunit\u00e9 unique de renouveler sa garde-robe et d\u2019\u00e9quiper son foyer \u00e0 moindre co\u00fbt, tout en soutenant une d\u00e9marche solidaire et \u00e9cologique.<br \/>\n<strong>Acheter en recyclerie : un geste \u00e9cologique et social<\/strong><br \/>\nChoisir d\u2019acheter des v\u00eatements de seconde main, c\u2019est bien plus qu\u2019un simple acte d\u2019achat. Cela permet : de limiter les d\u00e9chets textiles et pr\u00e9server les ressources naturelles en<br \/>\nprolongeant la dur\u00e9e de vie des v\u00eatements ; de soutenir concr\u00e8tement les actions de L\u2019Abri au sein des chantiers d\u2019insertion notamment par l\u2019accompagnement de personnes tr\u00e8s \u00e9loign\u00e9es de l\u2019emploi ; mais aussi d\u2019encourager la cr\u00e9ativit\u00e9 et l\u2019upcycling, en offrant une mati\u00e8re premi\u00e8re accessible gr\u00e2ce aux v\u00eatements de seconde main, id\u00e9ale pour les couturi\u00e8res, bricoleurs et amateurs de recyclage.<br \/>\nUn achat \u00e0 la recyclerie, c\u2019est donc un triple gain : pour le porte-monnaie, pour l\u2019environnement et pour l\u2019emploi local.<br \/>\nCl\u00f4ture : visite de l\u2019atelier de tri textile et atelier d\u2019upcycling (samedi 27 septembre, 10h\u201312h)<br \/>\nPour conclure cette semaine sp\u00e9ciale, une visite de l\u2019atelier de tri textile sera propos\u00e9e afin de d\u00e9couvrir les coulisses du parcours des v\u00eatements collect\u00e9s. Un atelier d\u2019upcycling suivra : les participants apprendront \u00e0 r\u00e9aliser une pelote de trapilho (fil \u00e9pais issu du recyclage de textiles) puis une cr\u00e9ation originale \u00e0 partir de ce fil. Le mat\u00e9riel est fourni par l\u2019association, avec la possibilit\u00e9 d\u2019apporter ses propres v\u00eatements favoris \u00e0 transformer. Objectif : r\u00e9duire les d\u00e9chets textiles et prolonger la vie des v\u00eatements sous une nouvelle forme.<\/p>\n<p>&nbsp;<\/p>\n<p>Page Facebook : https:\/\/www.facebook.com\/labri88\/<br \/>\nPage Instagram : https:\/\/www.instagram.com\/l_abri88\/<br \/>\nPage Linkedin : https:\/\/www.linkedin.com\/company\/71279253<br \/>\nBoutique en ligne : https:\/\/www.label-emmaus.co\/fr\/nos-boutiques\/l-abri88\/<\/p>\n","protected":false},"excerpt":{"rendered":"<p>L\u2019association L\u2019Abri organise un grand d\u00e9stockage de v\u00eatements du mardi 23 au samedi 27 septembre \u00e0 la Recyclerie Annie Thi\u00e9baut [&hellip;]<\/p>\n","protected":false},"author":391,"featured_media":84817,"comment_status":"closed","ping_status":"open","sticky":false,"template":"","format":"standard","meta":{"footnotes":""},"categories":[26,108,43,17],"tags":[1022],"class_list":["post-84816","post","type-post","status-publish","format-standard","has-post-thumbnail","hentry","category-a-la-une","category-epinal","category-remiremont-remiremont-son-canton","category-vie-associative","tag-labri"],"acf":[],"yoast_head":"<!-- This site is optimized with the Yoast SEO plugin v22.5 - https:\/\/yoast.com\/wordpress\/plugins\/seo\/ -->\n<title>DESTOCKAGE DE V\u00caTEMENTS \u00c0 L\u2019ABRI - Remiremont Info<\/title>\n<meta name=\"robots\" content=\"index, follow, max-snippet:-1, max-image-preview:large, max-video-preview:-1\" \/>\n<link rel=\"canonical\" href=\"https:\/\/vosgesinfo.fr\/remiremontinfo\/2025\/09\/destockage-de-vetements-a-labri\/\" \/>\n<meta name=\"twitter:card\" content=\"summary_large_image\" \/>\n<meta name=\"twitter:title\" content=\"DESTOCKAGE DE V\u00caTEMENTS \u00c0 L\u2019ABRI - Remiremont Info\" \/>\n<meta name=\"twitter:description\" content=\"L\u2019association L\u2019Abri organise un grand d\u00e9stockage de v\u00eatements du mardi 23 au samedi 27 septembre \u00e0 la Recyclerie Annie Thi\u00e9baut [&hellip;]\" \/>\n<meta name=\"twitter:image\" content=\"https:\/\/vosgesinfo.fr\/app\/uploads\/sites\/5\/2025\/09\/affiche-destockage-textile-upcycling-210-x-297-mm-page-0001.jpg\" \/>\n<meta name=\"twitter:creator\" content=\"@VosgesInfo88\" \/>\n<meta name=\"twitter:site\" content=\"@VosgesInfo88\" \/>\n<meta name=\"twitter:label1\" content=\"\u00c9crit par\" \/>\n\t<meta name=\"twitter:data1\" content=\"La redaction\" \/>\n\t<meta name=\"twitter:label2\" content=\"Dur\u00e9e de lecture estim\u00e9e\" \/>\n\t<meta name=\"twitter:data2\" content=\"2 minutes\" \/>\n<script type=\"application\/ld+json\" class=\"yoast-schema-graph\">{\"@context\":\"https:\/\/schema.org\",\"@graph\":[{\"@type\":\"Article\",\"@id\":\"https:\/\/vosgesinfo.fr\/remiremontinfo\/2025\/09\/destockage-de-vetements-a-labri\/#article\",\"isPartOf\":{\"@id\":\"https:\/\/vosgesinfo.fr\/remiremontinfo\/2025\/09\/destockage-de-vetements-a-labri\/\"},\"author\":{\"name\":\"La redaction\",\"@id\":\"https:\/\/vosgesinfo.fr\/remiremontinfo\/#\/schema\/person\/27a3695b06db98895b354c0765cdfc31\"},\"headline\":\"DESTOCKAGE DE V\u00caTEMENTS \u00c0 L\u2019ABRI\",\"datePublished\":\"2025-09-04T20:10:17+00:00\",\"dateModified\":\"2025-09-04T19:44:40+00:00\",\"mainEntityOfPage\":{\"@id\":\"https:\/\/vosgesinfo.fr\/remiremontinfo\/2025\/09\/destockage-de-vetements-a-labri\/\"},\"wordCount\":451,\"publisher\":{\"@id\":\"https:\/\/vosgesinfo.fr\/remiremontinfo\/#organization\"},\"image\":{\"@id\":\"https:\/\/vosgesinfo.fr\/remiremontinfo\/2025\/09\/destockage-de-vetements-a-labri\/#primaryimage\"},\"thumbnailUrl\":\"https:\/\/vosgesinfo.fr\/app\/uploads\/sites\/5\/2025\/09\/affiche-destockage-textile-upcycling-210-x-297-mm-page-0001.jpg\",\"keywords\":[\"L'abri\"],\"articleSection\":[\"A la Une\",\"Epinal\",\"Remiremont\",\"Vie associative\"],\"inLanguage\":\"fr-FR\"},{\"@type\":\"WebPage\",\"@id\":\"https:\/\/vosgesinfo.fr\/remiremontinfo\/2025\/09\/destockage-de-vetements-a-labri\/\",\"url\":\"https:\/\/vosgesinfo.fr\/remiremontinfo\/2025\/09\/destockage-de-vetements-a-labri\/\",\"name\":\"DESTOCKAGE DE V\u00caTEMENTS \u00c0 L\u2019ABRI - Remiremont Info\",\"isPartOf\":{\"@id\":\"https:\/\/vosgesinfo.fr\/remiremontinfo\/#website\"},\"primaryImageOfPage\":{\"@id\":\"https:\/\/vosgesinfo.fr\/remiremontinfo\/2025\/09\/destockage-de-vetements-a-labri\/#primaryimage\"},\"image\":{\"@id\":\"https:\/\/vosgesinfo.fr\/remiremontinfo\/2025\/09\/destockage-de-vetements-a-labri\/#primaryimage\"},\"thumbnailUrl\":\"https:\/\/vosgesinfo.fr\/app\/uploads\/sites\/5\/2025\/09\/affiche-destockage-textile-upcycling-210-x-297-mm-page-0001.jpg\",\"datePublished\":\"2025-09-04T20:10:17+00:00\",\"dateModified\":\"2025-09-04T19:44:40+00:00\",\"breadcrumb\":{\"@id\":\"https:\/\/vosgesinfo.fr\/remiremontinfo\/2025\/09\/destockage-de-vetements-a-labri\/#breadcrumb\"},\"inLanguage\":\"fr-FR\",\"potentialAction\":[{\"@type\":\"ReadAction\",\"target\":[\"https:\/\/vosgesinfo.fr\/remiremontinfo\/2025\/09\/destockage-de-vetements-a-labri\/\"]}]},{\"@type\":\"ImageObject\",\"inLanguage\":\"fr-FR\",\"@id\":\"https:\/\/vosgesinfo.fr\/remiremontinfo\/2025\/09\/destockage-de-vetements-a-labri\/#primaryimage\",\"url\":\"https:\/\/vosgesinfo.fr\/app\/uploads\/sites\/5\/2025\/09\/affiche-destockage-textile-upcycling-210-x-297-mm-page-0001.jpg\",\"contentUrl\":\"https:\/\/vosgesinfo.fr\/app\/uploads\/sites\/5\/2025\/09\/affiche-destockage-textile-upcycling-210-x-297-mm-page-0001.jpg\",\"width\":1241,\"height\":1755},{\"@type\":\"BreadcrumbList\",\"@id\":\"https:\/\/vosgesinfo.fr\/remiremontinfo\/2025\/09\/destockage-de-vetements-a-labri\/#breadcrumb\",\"itemListElement\":[{\"@type\":\"ListItem\",\"position\":1,\"name\":\"Home\",\"item\":\"https:\/\/vosgesinfo.fr\/remiremontinfo\/\"},{\"@type\":\"ListItem\",\"position\":2,\"name\":\"DESTOCKAGE DE V\u00caTEMENTS \u00c0 L\u2019ABRI\"}]},{\"@type\":\"WebSite\",\"@id\":\"https:\/\/vosgesinfo.fr\/remiremontinfo\/#website\",\"url\":\"https:\/\/vosgesinfo.fr\/remiremontinfo\/\",\"name\":\"Remiremont Info\",\"description\":\"Toute l&#039;actualit\u00e9 de Remiremont\",\"publisher\":{\"@id\":\"https:\/\/vosgesinfo.fr\/remiremontinfo\/#organization\"},\"alternateName\":\"Toute l'actualit\u00e9 de Remiremont\",\"potentialAction\":[{\"@type\":\"SearchAction\",\"target\":{\"@type\":\"EntryPoint\",\"urlTemplate\":\"https:\/\/vosgesinfo.fr\/remiremontinfo\/?s={search_term_string}\"},\"query-input\":\"required name=search_term_string\"}],\"inLanguage\":\"fr-FR\"},{\"@type\":\"Organization\",\"@id\":\"https:\/\/vosgesinfo.fr\/remiremontinfo\/#organization\",\"name\":\"Remiremont Info\",\"url\":\"https:\/\/vosgesinfo.fr\/remiremontinfo\/\",\"logo\":{\"@type\":\"ImageObject\",\"inLanguage\":\"fr-FR\",\"@id\":\"https:\/\/vosgesinfo.fr\/remiremontinfo\/#\/schema\/logo\/image\/\",\"url\":\"https:\/\/vosgesinfo.fr\/app\/uploads\/sites\/5\/2023\/08\/favicon-remiremontinfo.png\",\"contentUrl\":\"https:\/\/vosgesinfo.fr\/app\/uploads\/sites\/5\/2023\/08\/favicon-remiremontinfo.png\",\"width\":512,\"height\":512,\"caption\":\"Remiremont Info\"},\"image\":{\"@id\":\"https:\/\/vosgesinfo.fr\/remiremontinfo\/#\/schema\/logo\/image\/\"},\"sameAs\":[\"https:\/\/www.facebook.com\/remiremontinfo\",\"https:\/\/x.com\/VosgesInfo88\",\"https:\/\/www.youtube.com\/@vosgesinfo\"]},{\"@type\":\"Person\",\"@id\":\"https:\/\/vosgesinfo.fr\/remiremontinfo\/#\/schema\/person\/27a3695b06db98895b354c0765cdfc31\",\"name\":\"La redaction\",\"image\":{\"@type\":\"ImageObject\",\"inLanguage\":\"fr-FR\",\"@id\":\"https:\/\/vosgesinfo.fr\/remiremontinfo\/#\/schema\/person\/image\/\",\"url\":\"https:\/\/secure.gravatar.com\/avatar\/64c76a78e501cedee55736f43f332df901e1896ae9cd8fad269ae2236dd0e8b6?s=96&d=mm&r=g\",\"contentUrl\":\"https:\/\/secure.gravatar.com\/avatar\/64c76a78e501cedee55736f43f332df901e1896ae9cd8fad269ae2236dd0e8b6?s=96&d=mm&r=g\",\"caption\":\"La redaction\"},\"url\":\"https:\/\/vosgesinfo.fr\/remiremontinfo\/author\/la-redaction\/\"}]}<\/script>\n<!-- \/ Yoast SEO plugin. -->","yoast_head_json":{"title":"DESTOCKAGE DE V\u00caTEMENTS \u00c0 L\u2019ABRI - Remiremont Info","robots":{"index":"index","follow":"follow","max-snippet":"max-snippet:-1","max-image-preview":"max-image-preview:large","max-video-preview":"max-video-preview:-1"},"canonical":"https:\/\/vosgesinfo.fr\/remiremontinfo\/2025\/09\/destockage-de-vetements-a-labri\/","twitter_card":"summary_large_image","twitter_title":"DESTOCKAGE DE V\u00caTEMENTS \u00c0 L\u2019ABRI - Remiremont Info","twitter_description":"L\u2019association L\u2019Abri organise un grand d\u00e9stockage de v\u00eatements du mardi 23 au samedi 27 septembre \u00e0 la Recyclerie Annie Thi\u00e9baut [&hellip;]","twitter_image":"https:\/\/vosgesinfo.fr\/app\/uploads\/sites\/5\/2025\/09\/affiche-destockage-textile-upcycling-210-x-297-mm-page-0001.jpg","twitter_creator":"@VosgesInfo88","twitter_site":"@VosgesInfo88","twitter_misc":{"\u00c9crit par":"La redaction","Dur\u00e9e de lecture estim\u00e9e":"2 minutes"},"schema":{"@context":"https:\/\/schema.org","@graph":[{"@type":"Article","@id":"https:\/\/vosgesinfo.fr\/remiremontinfo\/2025\/09\/destockage-de-vetements-a-labri\/#article","isPartOf":{"@id":"https:\/\/vosgesinfo.fr\/remiremontinfo\/2025\/09\/destockage-de-vetements-a-labri\/"},"author":{"name":"La redaction","@id":"https:\/\/vosgesinfo.fr\/remiremontinfo\/#\/schema\/person\/27a3695b06db98895b354c0765cdfc31"},"headline":"DESTOCKAGE DE V\u00caTEMENTS \u00c0 L\u2019ABRI","datePublished":"2025-09-04T20:10:17+00:00","dateModified":"2025-09-04T19:44:40+00:00","mainEntityOfPage":{"@id":"https:\/\/vosgesinfo.fr\/remiremontinfo\/2025\/09\/destockage-de-vetements-a-labri\/"},"wordCount":451,"publisher":{"@id":"https:\/\/vosgesinfo.fr\/remiremontinfo\/#organization"},"image":{"@id":"https:\/\/vosgesinfo.fr\/remiremontinfo\/2025\/09\/destockage-de-vetements-a-labri\/#primaryimage"},"thumbnailUrl":"https:\/\/vosgesinfo.fr\/app\/uploads\/sites\/5\/2025\/09\/affiche-destockage-textile-upcycling-210-x-297-mm-page-0001.jpg","keywords":["L'abri"],"articleSection":["A la Une","Epinal","Remiremont","Vie associative"],"inLanguage":"fr-FR"},{"@type":"WebPage","@id":"https:\/\/vosgesinfo.fr\/remiremontinfo\/2025\/09\/destockage-de-vetements-a-labri\/","url":"https:\/\/vosgesinfo.fr\/remiremontinfo\/2025\/09\/destockage-de-vetements-a-labri\/","name":"DESTOCKAGE DE V\u00caTEMENTS \u00c0 L\u2019ABRI - Remiremont Info","isPartOf":{"@id":"https:\/\/vosgesinfo.fr\/remiremontinfo\/#website"},"primaryImageOfPage":{"@id":"https:\/\/vosgesinfo.fr\/remiremontinfo\/2025\/09\/destockage-de-vetements-a-labri\/#primaryimage"},"image":{"@id":"https:\/\/vosgesinfo.fr\/remiremontinfo\/2025\/09\/destockage-de-vetements-a-labri\/#primaryimage"},"thumbnailUrl":"https:\/\/vosgesinfo.fr\/app\/uploads\/sites\/5\/2025\/09\/affiche-destockage-textile-upcycling-210-x-297-mm-page-0001.jpg","datePublished":"2025-09-04T20:10:17+00:00","dateModified":"2025-09-04T19:44:40+00:00","breadcrumb":{"@id":"https:\/\/vosgesinfo.fr\/remiremontinfo\/2025\/09\/destockage-de-vetements-a-labri\/#breadcrumb"},"inLanguage":"fr-FR","potentialAction":[{"@type":"ReadAction","target":["https:\/\/vosgesinfo.fr\/remiremontinfo\/2025\/09\/destockage-de-vetements-a-labri\/"]}]},{"@type":"ImageObject","inLanguage":"fr-FR","@id":"https:\/\/vosgesinfo.fr\/remiremontinfo\/2025\/09\/destockage-de-vetements-a-labri\/#primaryimage","url":"https:\/\/vosgesinfo.fr\/app\/uploads\/sites\/5\/2025\/09\/affiche-destockage-textile-upcycling-210-x-297-mm-page-0001.jpg","contentUrl":"https:\/\/vosgesinfo.fr\/app\/uploads\/sites\/5\/2025\/09\/affiche-destockage-textile-upcycling-210-x-297-mm-page-0001.jpg","width":1241,"height":1755},{"@type":"BreadcrumbList","@id":"https:\/\/vosgesinfo.fr\/remiremontinfo\/2025\/09\/destockage-de-vetements-a-labri\/#breadcrumb","itemListElement":[{"@type":"ListItem","position":1,"name":"Home","item":"https:\/\/vosgesinfo.fr\/remiremontinfo\/"},{"@type":"ListItem","position":2,"name":"DESTOCKAGE DE V\u00caTEMENTS \u00c0 L\u2019ABRI"}]},{"@type":"WebSite","@id":"https:\/\/vosgesinfo.fr\/remiremontinfo\/#website","url":"https:\/\/vosgesinfo.fr\/remiremontinfo\/","name":"Remiremont Info","description":"Toute l&#039;actualit\u00e9 de Remiremont","publisher":{"@id":"https:\/\/vosgesinfo.fr\/remiremontinfo\/#organization"},"alternateName":"Toute l'actualit\u00e9 de Remiremont","potentialAction":[{"@type":"SearchAction","target":{"@type":"EntryPoint","urlTemplate":"https:\/\/vosgesinfo.fr\/remiremontinfo\/?s={search_term_string}"},"query-input":"required name=search_term_string"}],"inLanguage":"fr-FR"},{"@type":"Organization","@id":"https:\/\/vosgesinfo.fr\/remiremontinfo\/#organization","name":"Remiremont Info","url":"https:\/\/vosgesinfo.fr\/remiremontinfo\/","logo":{"@type":"ImageObject","inLanguage":"fr-FR","@id":"https:\/\/vosgesinfo.fr\/remiremontinfo\/#\/schema\/logo\/image\/","url":"https:\/\/vosgesinfo.fr\/app\/uploads\/sites\/5\/2023\/08\/favicon-remiremontinfo.png","contentUrl":"https:\/\/vosgesinfo.fr\/app\/uploads\/sites\/5\/2023\/08\/favicon-remiremontinfo.png","width":512,"height":512,"caption":"Remiremont Info"},"image":{"@id":"https:\/\/vosgesinfo.fr\/remiremontinfo\/#\/schema\/logo\/image\/"},"sameAs":["https:\/\/www.facebook.com\/remiremontinfo","https:\/\/x.com\/VosgesInfo88","https:\/\/www.youtube.com\/@vosgesinfo"]},{"@type":"Person","@id":"https:\/\/vosgesinfo.fr\/remiremontinfo\/#\/schema\/person\/27a3695b06db98895b354c0765cdfc31","name":"La redaction","image":{"@type":"ImageObject","inLanguage":"fr-FR","@id":"https:\/\/vosgesinfo.fr\/remiremontinfo\/#\/schema\/person\/image\/","url":"https:\/\/secure.gravatar.com\/avatar\/64c76a78e501cedee55736f43f332df901e1896ae9cd8fad269ae2236dd0e8b6?s=96&d=mm&r=g","contentUrl":"https:\/\/secure.gravatar.com\/avatar\/64c76a78e501cedee55736f43f332df901e1896ae9cd8fad269ae2236dd0e8b6?s=96&d=mm&r=g","caption":"La redaction"},"url":"https:\/\/vosgesinfo.fr\/remiremontinfo\/author\/la-redaction\/"}]}},"_links":{"self":[{"href":"https:\/\/vosgesinfo.fr\/remiremontinfo\/wp-json\/wp\/v2\/posts\/84816","targetHints":{"allow":["GET"]}}],"collection":[{"href":"https:\/\/vosgesinfo.fr\/remiremontinfo\/wp-json\/wp\/v2\/posts"}],"about":[{"href":"https:\/\/vosgesinfo.fr\/remiremontinfo\/wp-json\/wp\/v2\/types\/post"}],"author":[{"embeddable":true,"href":"https:\/\/vosgesinfo.fr\/remiremontinfo\/wp-json\/wp\/v2\/users\/391"}],"replies":[{"embeddable":true,"href":"https:\/\/vosgesinfo.fr\/remiremontinfo\/wp-json\/wp\/v2\/comments?post=84816"}],"version-history":[{"count":1,"href":"https:\/\/vosgesinfo.fr\/remiremontinfo\/wp-json\/wp\/v2\/posts\/84816\/revisions"}],"predecessor-version":[{"id":84818,"href":"https:\/\/vosgesinfo.fr\/remiremontinfo\/wp-json\/wp\/v2\/posts\/84816\/revisions\/84818"}],"wp:featuredmedia":[{"embeddable":true,"href":"https:\/\/vosgesinfo.fr\/remiremontinfo\/wp-json\/wp\/v2\/media\/84817"}],"wp:attachment":[{"href":"https:\/\/vosgesinfo.fr\/remiremontinfo\/wp-json\/wp\/v2\/media?parent=84816"}],"wp:term":[{"taxonomy":"category","embeddable":true,"href":"https:\/\/vosgesinfo.fr\/remiremontinfo\/wp-json\/wp\/v2\/categories?post=84816"},{"taxonomy":"post_tag","embeddable":true,"href":"https:\/\/vosgesinfo.fr\/remiremontinfo\/wp-json\/wp\/v2\/tags?post=84816"}],"curies":[{"name":"wp","href":"https:\/\/api.w.org\/{rel}","templated":true}]}}