{"id":85860,"date":"2025-10-29T17:16:24","date_gmt":"2025-10-29T16:16:24","guid":{"rendered":"https:\/\/vosgesinfo.fr\/remiremontinfo\/?p=85860"},"modified":"2025-10-10T17:25:57","modified_gmt":"2025-10-10T15:25:57","slug":"prochains-concerts-de-la-chorale-loiseau-lyre","status":"publish","type":"post","link":"https:\/\/vosgesinfo.fr\/remiremontinfo\/2025\/10\/prochains-concerts-de-la-chorale-loiseau-lyre\/","title":{"rendered":"Prochains concerts de la Chorale l&rsquo;Oiseau Lyre"},"content":{"rendered":"<p><a href=\"https:\/\/vosgesinfo.fr\/app\/uploads\/sites\/5\/2025\/10\/chorale-loiseau-lyre.png\"><img decoding=\"async\" class=\"alignright size-large wp-image-85861\" src=\"https:\/\/vosgesinfo.fr\/app\/uploads\/sites\/5\/2025\/10\/chorale-loiseau-lyre-1024x765.png\" alt=\"\" width=\"1024\" height=\"765\" srcset=\"https:\/\/vosgesinfo.fr\/app\/uploads\/sites\/5\/2025\/10\/chorale-loiseau-lyre-1024x765.png 1024w, https:\/\/vosgesinfo.fr\/app\/uploads\/sites\/5\/2025\/10\/chorale-loiseau-lyre-300x224.png 300w, https:\/\/vosgesinfo.fr\/app\/uploads\/sites\/5\/2025\/10\/chorale-loiseau-lyre-768x574.png 768w, https:\/\/vosgesinfo.fr\/app\/uploads\/sites\/5\/2025\/10\/chorale-loiseau-lyre.png 1204w\" sizes=\"(max-width: 1024px) 100vw, 1024px\" \/><\/a><\/p>\n<p>La chorale L&rsquo;Oiseau Lyre communique<\/p>\n<p>Prochains concerts de l&rsquo;Oiseau Lyre dans notre secteur:<\/p>\n<p>Le dimanche 9 novembre \u00e0 16h \u00e0 l&rsquo;\u00e9glise de Saint- Etienne-Les-Remiremont. Les 26 choristes pr\u00e9sentent un programme compos\u00e9 pour moiti\u00e9 de chants du monde, et de chansons fran\u00e7aises, dans des arrangements originaux compos\u00e9s sp\u00e9cialement pour le chant choral par Jean Michel G\u00e9hin.<\/p>\n<p>Le dimanche 14 d\u00e9cembre \u00e0 16h \u00e0 l&rsquo;\u00e9glise de Pouxeux, avec un programme compos\u00e9 pour moiti\u00e9 de chants de No\u00ebl et de chansons fran\u00e7aises.<\/p>\n<p>La chorale l&rsquo;Oiseau Lyre de Pouxeux r\u00e9p\u00e8te tous les mercredis soir \u00e0 20H30 \u00e0 la maison des associations \u00e0 Pouxeux. Nous sommes toujours \u00e0 la recherche de nouveaux choristes pour renforcer nos effectifs, les volontaires seront accueillis avec joie! M\u00eame si cela aide, il n&rsquo;est pas indispensable de savoir lire la musique, les choristes disposant d&rsquo;audios pour soutenir l&rsquo;apprentissage des chants. Le principal est d&rsquo;aimer chanter!<\/p>\n","protected":false},"excerpt":{"rendered":"<p>La chorale L&rsquo;Oiseau Lyre communique Prochains concerts de l&rsquo;Oiseau Lyre dans notre secteur: Le dimanche 9 novembre \u00e0 16h \u00e0 [&hellip;]<\/p>\n","protected":false},"author":413,"featured_media":85861,"comment_status":"open","ping_status":"open","sticky":false,"template":"","format":"standard","meta":{"footnotes":""},"categories":[26,594,8520,4,406,106,35,155],"tags":[6625],"class_list":["post-85860","post","type-post","status-publish","format-standard","has-post-thumbnail","hentry","category-a-la-une","category-agenda","category-concert","category-culture","category-divertissement","category-pouxeux","category-remiremont-son-canton","category-saint-etienne","tag-chorale-de-loiseau-lyre"],"acf":[],"yoast_head":"<!-- This site is optimized with the Yoast SEO plugin v22.5 - https:\/\/yoast.com\/wordpress\/plugins\/seo\/ -->\n<title>Prochains concerts de la Chorale l&#039;Oiseau Lyre - Remiremont Info<\/title>\n<meta name=\"robots\" content=\"index, follow, max-snippet:-1, max-image-preview:large, max-video-preview:-1\" \/>\n<link rel=\"canonical\" href=\"https:\/\/vosgesinfo.fr\/remiremontinfo\/2025\/10\/prochains-concerts-de-la-chorale-loiseau-lyre\/\" \/>\n<meta name=\"twitter:card\" content=\"summary_large_image\" \/>\n<meta name=\"twitter:title\" content=\"Prochains concerts de la Chorale l&#039;Oiseau Lyre - Remiremont Info\" \/>\n<meta name=\"twitter:description\" content=\"La chorale L&rsquo;Oiseau Lyre communique Prochains concerts de l&rsquo;Oiseau Lyre dans notre secteur: Le dimanche 9 novembre \u00e0 16h \u00e0 [&hellip;]\" \/>\n<meta name=\"twitter:image\" content=\"https:\/\/vosgesinfo.fr\/app\/uploads\/sites\/5\/2025\/10\/chorale-loiseau-lyre.png\" \/>\n<meta name=\"twitter:creator\" content=\"@VosgesInfo88\" \/>\n<meta name=\"twitter:site\" content=\"@VosgesInfo88\" \/>\n<meta name=\"twitter:label1\" content=\"\u00c9crit par\" \/>\n\t<meta name=\"twitter:data1\" content=\"P.M\" \/>\n\t<meta name=\"twitter:label2\" content=\"Dur\u00e9e de lecture estim\u00e9e\" \/>\n\t<meta name=\"twitter:data2\" content=\"2 minutes\" \/>\n<script type=\"application\/ld+json\" class=\"yoast-schema-graph\">{\"@context\":\"https:\/\/schema.org\",\"@graph\":[{\"@type\":\"Article\",\"@id\":\"https:\/\/vosgesinfo.fr\/remiremontinfo\/2025\/10\/prochains-concerts-de-la-chorale-loiseau-lyre\/#article\",\"isPartOf\":{\"@id\":\"https:\/\/vosgesinfo.fr\/remiremontinfo\/2025\/10\/prochains-concerts-de-la-chorale-loiseau-lyre\/\"},\"author\":{\"name\":\"P.M\",\"@id\":\"https:\/\/vosgesinfo.fr\/remiremontinfo\/#\/schema\/person\/a6fd2dde36da20be3679f2058b94c5b8\"},\"headline\":\"Prochains concerts de la Chorale l&rsquo;Oiseau Lyre\",\"datePublished\":\"2025-10-29T16:16:24+00:00\",\"dateModified\":\"2025-10-10T15:25:57+00:00\",\"mainEntityOfPage\":{\"@id\":\"https:\/\/vosgesinfo.fr\/remiremontinfo\/2025\/10\/prochains-concerts-de-la-chorale-loiseau-lyre\/\"},\"wordCount\":162,\"commentCount\":0,\"publisher\":{\"@id\":\"https:\/\/vosgesinfo.fr\/remiremontinfo\/#organization\"},\"image\":{\"@id\":\"https:\/\/vosgesinfo.fr\/remiremontinfo\/2025\/10\/prochains-concerts-de-la-chorale-loiseau-lyre\/#primaryimage\"},\"thumbnailUrl\":\"https:\/\/vosgesinfo.fr\/app\/uploads\/sites\/5\/2025\/10\/chorale-loiseau-lyre.png\",\"keywords\":[\"chorale de l'oiseau lyre\"],\"articleSection\":[\"A la Une\",\"Agenda\",\"Concert\",\"Culture\",\"Divertissement\",\"Pouxeux\",\"Remiremont &amp; son canton\",\"Saint-Etienne\"],\"inLanguage\":\"fr-FR\",\"potentialAction\":[{\"@type\":\"CommentAction\",\"name\":\"Comment\",\"target\":[\"https:\/\/vosgesinfo.fr\/remiremontinfo\/2025\/10\/prochains-concerts-de-la-chorale-loiseau-lyre\/#respond\"]}]},{\"@type\":\"WebPage\",\"@id\":\"https:\/\/vosgesinfo.fr\/remiremontinfo\/2025\/10\/prochains-concerts-de-la-chorale-loiseau-lyre\/\",\"url\":\"https:\/\/vosgesinfo.fr\/remiremontinfo\/2025\/10\/prochains-concerts-de-la-chorale-loiseau-lyre\/\",\"name\":\"Prochains concerts de la Chorale l'Oiseau Lyre - Remiremont Info\",\"isPartOf\":{\"@id\":\"https:\/\/vosgesinfo.fr\/remiremontinfo\/#website\"},\"primaryImageOfPage\":{\"@id\":\"https:\/\/vosgesinfo.fr\/remiremontinfo\/2025\/10\/prochains-concerts-de-la-chorale-loiseau-lyre\/#primaryimage\"},\"image\":{\"@id\":\"https:\/\/vosgesinfo.fr\/remiremontinfo\/2025\/10\/prochains-concerts-de-la-chorale-loiseau-lyre\/#primaryimage\"},\"thumbnailUrl\":\"https:\/\/vosgesinfo.fr\/app\/uploads\/sites\/5\/2025\/10\/chorale-loiseau-lyre.png\",\"datePublished\":\"2025-10-29T16:16:24+00:00\",\"dateModified\":\"2025-10-10T15:25:57+00:00\",\"breadcrumb\":{\"@id\":\"https:\/\/vosgesinfo.fr\/remiremontinfo\/2025\/10\/prochains-concerts-de-la-chorale-loiseau-lyre\/#breadcrumb\"},\"inLanguage\":\"fr-FR\",\"potentialAction\":[{\"@type\":\"ReadAction\",\"target\":[\"https:\/\/vosgesinfo.fr\/remiremontinfo\/2025\/10\/prochains-concerts-de-la-chorale-loiseau-lyre\/\"]}]},{\"@type\":\"ImageObject\",\"inLanguage\":\"fr-FR\",\"@id\":\"https:\/\/vosgesinfo.fr\/remiremontinfo\/2025\/10\/prochains-concerts-de-la-chorale-loiseau-lyre\/#primaryimage\",\"url\":\"https:\/\/vosgesinfo.fr\/app\/uploads\/sites\/5\/2025\/10\/chorale-loiseau-lyre.png\",\"contentUrl\":\"https:\/\/vosgesinfo.fr\/app\/uploads\/sites\/5\/2025\/10\/chorale-loiseau-lyre.png\",\"width\":1204,\"height\":900},{\"@type\":\"BreadcrumbList\",\"@id\":\"https:\/\/vosgesinfo.fr\/remiremontinfo\/2025\/10\/prochains-concerts-de-la-chorale-loiseau-lyre\/#breadcrumb\",\"itemListElement\":[{\"@type\":\"ListItem\",\"position\":1,\"name\":\"Home\",\"item\":\"https:\/\/vosgesinfo.fr\/remiremontinfo\/\"},{\"@type\":\"ListItem\",\"position\":2,\"name\":\"Prochains concerts de la Chorale l&rsquo;Oiseau Lyre\"}]},{\"@type\":\"WebSite\",\"@id\":\"https:\/\/vosgesinfo.fr\/remiremontinfo\/#website\",\"url\":\"https:\/\/vosgesinfo.fr\/remiremontinfo\/\",\"name\":\"Remiremont Info\",\"description\":\"Toute l&#039;actualit\u00e9 de Remiremont\",\"publisher\":{\"@id\":\"https:\/\/vosgesinfo.fr\/remiremontinfo\/#organization\"},\"alternateName\":\"Toute l'actualit\u00e9 de Remiremont\",\"potentialAction\":[{\"@type\":\"SearchAction\",\"target\":{\"@type\":\"EntryPoint\",\"urlTemplate\":\"https:\/\/vosgesinfo.fr\/remiremontinfo\/?s={search_term_string}\"},\"query-input\":\"required name=search_term_string\"}],\"inLanguage\":\"fr-FR\"},{\"@type\":\"Organization\",\"@id\":\"https:\/\/vosgesinfo.fr\/remiremontinfo\/#organization\",\"name\":\"Remiremont Info\",\"url\":\"https:\/\/vosgesinfo.fr\/remiremontinfo\/\",\"logo\":{\"@type\":\"ImageObject\",\"inLanguage\":\"fr-FR\",\"@id\":\"https:\/\/vosgesinfo.fr\/remiremontinfo\/#\/schema\/logo\/image\/\",\"url\":\"https:\/\/vosgesinfo.fr\/app\/uploads\/sites\/5\/2023\/08\/favicon-remiremontinfo.png\",\"contentUrl\":\"https:\/\/vosgesinfo.fr\/app\/uploads\/sites\/5\/2023\/08\/favicon-remiremontinfo.png\",\"width\":512,\"height\":512,\"caption\":\"Remiremont Info\"},\"image\":{\"@id\":\"https:\/\/vosgesinfo.fr\/remiremontinfo\/#\/schema\/logo\/image\/\"},\"sameAs\":[\"https:\/\/www.facebook.com\/remiremontinfo\",\"https:\/\/x.com\/VosgesInfo88\",\"https:\/\/www.youtube.com\/@vosgesinfo\"]},{\"@type\":\"Person\",\"@id\":\"https:\/\/vosgesinfo.fr\/remiremontinfo\/#\/schema\/person\/a6fd2dde36da20be3679f2058b94c5b8\",\"name\":\"P.M\",\"image\":{\"@type\":\"ImageObject\",\"inLanguage\":\"fr-FR\",\"@id\":\"https:\/\/vosgesinfo.fr\/remiremontinfo\/#\/schema\/person\/image\/\",\"url\":\"https:\/\/secure.gravatar.com\/avatar\/db38f6ef38bb165f6f4d352563f264129673ed4536984fbbcddf700bd12f8a9a?s=96&d=mm&r=g\",\"contentUrl\":\"https:\/\/secure.gravatar.com\/avatar\/db38f6ef38bb165f6f4d352563f264129673ed4536984fbbcddf700bd12f8a9a?s=96&d=mm&r=g\",\"caption\":\"P.M\"},\"url\":\"https:\/\/vosgesinfo.fr\/remiremontinfo\/author\/p-mangel88\/\"}]}<\/script>\n<!-- \/ Yoast SEO plugin. -->","yoast_head_json":{"title":"Prochains concerts de la Chorale l'Oiseau Lyre - Remiremont Info","robots":{"index":"index","follow":"follow","max-snippet":"max-snippet:-1","max-image-preview":"max-image-preview:large","max-video-preview":"max-video-preview:-1"},"canonical":"https:\/\/vosgesinfo.fr\/remiremontinfo\/2025\/10\/prochains-concerts-de-la-chorale-loiseau-lyre\/","twitter_card":"summary_large_image","twitter_title":"Prochains concerts de la Chorale l'Oiseau Lyre - Remiremont Info","twitter_description":"La chorale L&rsquo;Oiseau Lyre communique Prochains concerts de l&rsquo;Oiseau Lyre dans notre secteur: Le dimanche 9 novembre \u00e0 16h \u00e0 [&hellip;]","twitter_image":"https:\/\/vosgesinfo.fr\/app\/uploads\/sites\/5\/2025\/10\/chorale-loiseau-lyre.png","twitter_creator":"@VosgesInfo88","twitter_site":"@VosgesInfo88","twitter_misc":{"\u00c9crit par":"P.M","Dur\u00e9e de lecture estim\u00e9e":"2 minutes"},"schema":{"@context":"https:\/\/schema.org","@graph":[{"@type":"Article","@id":"https:\/\/vosgesinfo.fr\/remiremontinfo\/2025\/10\/prochains-concerts-de-la-chorale-loiseau-lyre\/#article","isPartOf":{"@id":"https:\/\/vosgesinfo.fr\/remiremontinfo\/2025\/10\/prochains-concerts-de-la-chorale-loiseau-lyre\/"},"author":{"name":"P.M","@id":"https:\/\/vosgesinfo.fr\/remiremontinfo\/#\/schema\/person\/a6fd2dde36da20be3679f2058b94c5b8"},"headline":"Prochains concerts de la Chorale l&rsquo;Oiseau Lyre","datePublished":"2025-10-29T16:16:24+00:00","dateModified":"2025-10-10T15:25:57+00:00","mainEntityOfPage":{"@id":"https:\/\/vosgesinfo.fr\/remiremontinfo\/2025\/10\/prochains-concerts-de-la-chorale-loiseau-lyre\/"},"wordCount":162,"commentCount":0,"publisher":{"@id":"https:\/\/vosgesinfo.fr\/remiremontinfo\/#organization"},"image":{"@id":"https:\/\/vosgesinfo.fr\/remiremontinfo\/2025\/10\/prochains-concerts-de-la-chorale-loiseau-lyre\/#primaryimage"},"thumbnailUrl":"https:\/\/vosgesinfo.fr\/app\/uploads\/sites\/5\/2025\/10\/chorale-loiseau-lyre.png","keywords":["chorale de l'oiseau lyre"],"articleSection":["A la Une","Agenda","Concert","Culture","Divertissement","Pouxeux","Remiremont &amp; son canton","Saint-Etienne"],"inLanguage":"fr-FR","potentialAction":[{"@type":"CommentAction","name":"Comment","target":["https:\/\/vosgesinfo.fr\/remiremontinfo\/2025\/10\/prochains-concerts-de-la-chorale-loiseau-lyre\/#respond"]}]},{"@type":"WebPage","@id":"https:\/\/vosgesinfo.fr\/remiremontinfo\/2025\/10\/prochains-concerts-de-la-chorale-loiseau-lyre\/","url":"https:\/\/vosgesinfo.fr\/remiremontinfo\/2025\/10\/prochains-concerts-de-la-chorale-loiseau-lyre\/","name":"Prochains concerts de la Chorale l'Oiseau Lyre - Remiremont Info","isPartOf":{"@id":"https:\/\/vosgesinfo.fr\/remiremontinfo\/#website"},"primaryImageOfPage":{"@id":"https:\/\/vosgesinfo.fr\/remiremontinfo\/2025\/10\/prochains-concerts-de-la-chorale-loiseau-lyre\/#primaryimage"},"image":{"@id":"https:\/\/vosgesinfo.fr\/remiremontinfo\/2025\/10\/prochains-concerts-de-la-chorale-loiseau-lyre\/#primaryimage"},"thumbnailUrl":"https:\/\/vosgesinfo.fr\/app\/uploads\/sites\/5\/2025\/10\/chorale-loiseau-lyre.png","datePublished":"2025-10-29T16:16:24+00:00","dateModified":"2025-10-10T15:25:57+00:00","breadcrumb":{"@id":"https:\/\/vosgesinfo.fr\/remiremontinfo\/2025\/10\/prochains-concerts-de-la-chorale-loiseau-lyre\/#breadcrumb"},"inLanguage":"fr-FR","potentialAction":[{"@type":"ReadAction","target":["https:\/\/vosgesinfo.fr\/remiremontinfo\/2025\/10\/prochains-concerts-de-la-chorale-loiseau-lyre\/"]}]},{"@type":"ImageObject","inLanguage":"fr-FR","@id":"https:\/\/vosgesinfo.fr\/remiremontinfo\/2025\/10\/prochains-concerts-de-la-chorale-loiseau-lyre\/#primaryimage","url":"https:\/\/vosgesinfo.fr\/app\/uploads\/sites\/5\/2025\/10\/chorale-loiseau-lyre.png","contentUrl":"https:\/\/vosgesinfo.fr\/app\/uploads\/sites\/5\/2025\/10\/chorale-loiseau-lyre.png","width":1204,"height":900},{"@type":"BreadcrumbList","@id":"https:\/\/vosgesinfo.fr\/remiremontinfo\/2025\/10\/prochains-concerts-de-la-chorale-loiseau-lyre\/#breadcrumb","itemListElement":[{"@type":"ListItem","position":1,"name":"Home","item":"https:\/\/vosgesinfo.fr\/remiremontinfo\/"},{"@type":"ListItem","position":2,"name":"Prochains concerts de la Chorale l&rsquo;Oiseau Lyre"}]},{"@type":"WebSite","@id":"https:\/\/vosgesinfo.fr\/remiremontinfo\/#website","url":"https:\/\/vosgesinfo.fr\/remiremontinfo\/","name":"Remiremont Info","description":"Toute l&#039;actualit\u00e9 de Remiremont","publisher":{"@id":"https:\/\/vosgesinfo.fr\/remiremontinfo\/#organization"},"alternateName":"Toute l'actualit\u00e9 de Remiremont","potentialAction":[{"@type":"SearchAction","target":{"@type":"EntryPoint","urlTemplate":"https:\/\/vosgesinfo.fr\/remiremontinfo\/?s={search_term_string}"},"query-input":"required name=search_term_string"}],"inLanguage":"fr-FR"},{"@type":"Organization","@id":"https:\/\/vosgesinfo.fr\/remiremontinfo\/#organization","name":"Remiremont Info","url":"https:\/\/vosgesinfo.fr\/remiremontinfo\/","logo":{"@type":"ImageObject","inLanguage":"fr-FR","@id":"https:\/\/vosgesinfo.fr\/remiremontinfo\/#\/schema\/logo\/image\/","url":"https:\/\/vosgesinfo.fr\/app\/uploads\/sites\/5\/2023\/08\/favicon-remiremontinfo.png","contentUrl":"https:\/\/vosgesinfo.fr\/app\/uploads\/sites\/5\/2023\/08\/favicon-remiremontinfo.png","width":512,"height":512,"caption":"Remiremont Info"},"image":{"@id":"https:\/\/vosgesinfo.fr\/remiremontinfo\/#\/schema\/logo\/image\/"},"sameAs":["https:\/\/www.facebook.com\/remiremontinfo","https:\/\/x.com\/VosgesInfo88","https:\/\/www.youtube.com\/@vosgesinfo"]},{"@type":"Person","@id":"https:\/\/vosgesinfo.fr\/remiremontinfo\/#\/schema\/person\/a6fd2dde36da20be3679f2058b94c5b8","name":"P.M","image":{"@type":"ImageObject","inLanguage":"fr-FR","@id":"https:\/\/vosgesinfo.fr\/remiremontinfo\/#\/schema\/person\/image\/","url":"https:\/\/secure.gravatar.com\/avatar\/db38f6ef38bb165f6f4d352563f264129673ed4536984fbbcddf700bd12f8a9a?s=96&d=mm&r=g","contentUrl":"https:\/\/secure.gravatar.com\/avatar\/db38f6ef38bb165f6f4d352563f264129673ed4536984fbbcddf700bd12f8a9a?s=96&d=mm&r=g","caption":"P.M"},"url":"https:\/\/vosgesinfo.fr\/remiremontinfo\/author\/p-mangel88\/"}]}},"_links":{"self":[{"href":"https:\/\/vosgesinfo.fr\/remiremontinfo\/wp-json\/wp\/v2\/posts\/85860","targetHints":{"allow":["GET"]}}],"collection":[{"href":"https:\/\/vosgesinfo.fr\/remiremontinfo\/wp-json\/wp\/v2\/posts"}],"about":[{"href":"https:\/\/vosgesinfo.fr\/remiremontinfo\/wp-json\/wp\/v2\/types\/post"}],"author":[{"embeddable":true,"href":"https:\/\/vosgesinfo.fr\/remiremontinfo\/wp-json\/wp\/v2\/users\/413"}],"replies":[{"embeddable":true,"href":"https:\/\/vosgesinfo.fr\/remiremontinfo\/wp-json\/wp\/v2\/comments?post=85860"}],"version-history":[{"count":1,"href":"https:\/\/vosgesinfo.fr\/remiremontinfo\/wp-json\/wp\/v2\/posts\/85860\/revisions"}],"predecessor-version":[{"id":85862,"href":"https:\/\/vosgesinfo.fr\/remiremontinfo\/wp-json\/wp\/v2\/posts\/85860\/revisions\/85862"}],"wp:featuredmedia":[{"embeddable":true,"href":"https:\/\/vosgesinfo.fr\/remiremontinfo\/wp-json\/wp\/v2\/media\/85861"}],"wp:attachment":[{"href":"https:\/\/vosgesinfo.fr\/remiremontinfo\/wp-json\/wp\/v2\/media?parent=85860"}],"wp:term":[{"taxonomy":"category","embeddable":true,"href":"https:\/\/vosgesinfo.fr\/remiremontinfo\/wp-json\/wp\/v2\/categories?post=85860"},{"taxonomy":"post_tag","embeddable":true,"href":"https:\/\/vosgesinfo.fr\/remiremontinfo\/wp-json\/wp\/v2\/tags?post=85860"}],"curies":[{"name":"wp","href":"https:\/\/api.w.org\/{rel}","templated":true}]}}