{"id":86136,"date":"2025-10-17T14:36:40","date_gmt":"2025-10-17T12:36:40","guid":{"rendered":"https:\/\/vosgesinfo.fr\/remiremontinfo\/?p=86136"},"modified":"2025-10-17T14:36:40","modified_gmt":"2025-10-17T12:36:40","slug":"la-madone-et-o-parizad-au-cinema-grand-ecran","status":"publish","type":"post","link":"https:\/\/vosgesinfo.fr\/remiremontinfo\/2025\/10\/la-madone-et-o-parizad-au-cinema-grand-ecran\/","title":{"rendered":"LA MADONE et \u00d4 PARIZAD au cin\u00e9ma Grand Ecran"},"content":{"rendered":"<div class=\"\" data-offset-key=\"5evuv-0-0\" data-editor=\"2l17s\" data-block=\"true\">\n<h3 class=\"x_public-DraftStyleDefault-block x_public-DraftStyleDefault-ltr\" data-offset-key=\"5evuv-0-0\"><span style=\"font-size: 12pt;\"><strong><span style=\"font-family: Arial;\">\u26f7\ufe0f\u26f0\ufe0f\ud83c\udfbf Mercredi 29 octobre \u00e0 18h00 :\u00a0 projection des 2 films de Guillaume Pierrel, guide haute montagne, originaire des Hautes Vosges \u00a0\u00bb . La Madone\u00a0\u00bb co r\u00e9alis\u00e9 avec\u00a0<\/span><span style=\"font-family: Arial;\">Lucien Boucansaud et\u00a0<\/span><\/strong><span style=\"font-family: Arial;\"><strong>\u00d4 Parizad sorti en 2021.<\/strong> <\/span><\/span><\/h3>\n<div data-offset-key=\"5evuv-0-0\"><\/div>\n<div class=\"x_public-DraftStyleDefault-block x_public-DraftStyleDefault-ltr\" data-offset-key=\"5evuv-0-0\"><strong><span style=\"font-family: Arial;\"><a href=\"https:\/\/vosgesinfo.fr\/app\/uploads\/sites\/5\/2025\/10\/lamadone-affiche.jpg\"><img decoding=\"async\" class=\"alignright size-medium wp-image-86138\" src=\"https:\/\/vosgesinfo.fr\/app\/uploads\/sites\/5\/2025\/10\/lamadone-affiche-203x300.jpg\" alt=\"\" width=\"203\" height=\"300\" srcset=\"https:\/\/vosgesinfo.fr\/app\/uploads\/sites\/5\/2025\/10\/lamadone-affiche-203x300.jpg 203w, https:\/\/vosgesinfo.fr\/app\/uploads\/sites\/5\/2025\/10\/lamadone-affiche-691x1024.jpg 691w, https:\/\/vosgesinfo.fr\/app\/uploads\/sites\/5\/2025\/10\/lamadone-affiche.jpg 729w\" sizes=\"(max-width: 203px) 100vw, 203px\" \/><\/a>Pr\u00e9sentation des 2 films :<\/span><\/strong><\/div>\n<\/div>\n<p><span style=\"font-family: Arial;\"><u>\u00a0\u00a0\u00bb LA MADONE \u00ab\u00a0<\/u> Du 6 au 17 juin 2023, ces deux guides de haute montagne ont r\u00e9alis\u00e9 une tourn\u00e9e des madones, ces statues de la Vierge \u00e9rig\u00e9es sur sept sommets du massif du Mont-Blanc entre la France, la Suisse et l\u2019Italie. Ils sont all\u00e9s \u00e0 la rencontre de celles qui \u00ab tr\u00f4nent l\u00e0-haut comme des reines sur les plus beaux sommets \u00bb. Le tout, by fair means, en r\u00e9alisant les liaisons \u00e0 pied, en parapente et \u00e0 v\u00e9lo.<\/span><\/p>\n<p><span style=\"font-family: Arial;\"><\/p>\n<p><u><a href=\"https:\/\/vosgesinfo.fr\/app\/uploads\/sites\/5\/2025\/10\/1.jpg\"><img decoding=\"async\" class=\"alignright size-medium wp-image-86137\" src=\"https:\/\/vosgesinfo.fr\/app\/uploads\/sites\/5\/2025\/10\/1-200x300.jpg\" alt=\"\" width=\"200\" height=\"300\" srcset=\"https:\/\/vosgesinfo.fr\/app\/uploads\/sites\/5\/2025\/10\/1-200x300.jpg 200w, https:\/\/vosgesinfo.fr\/app\/uploads\/sites\/5\/2025\/10\/1.jpg 667w\" sizes=\"(max-width: 200px) 100vw, 200px\" \/><\/a>\u26f7\ufe0f\u00a0\u00bb\u00d4 PARIZAD\u00a0\u00bb<\/u>\u00a0 Le chant des Anges .<br \/>\nDans les ann\u00e9es 70\u2019s, les pionniers exploraient les plus belles montagnes dans les Alpes et en Himalaya ; 45 ans apr\u00e8s, la passion est intacte et des skieurs alpinistes d\u00e9cident de retourner sur la trace des anciens. Ils souhaitent monter leurs skis \u00e0 8000m. Et descendre par un itin\u00e9raire engag\u00e9 sur la voie fran\u00e7aise de 1975, leur h\u00e9ritage. Leurs a\u00een\u00e9s sont comme des anges, leurs chants les porteront \u00e0 la fronti\u00e8re de l\u2019Afghanistan puis \u00e0 la \u201cmuraille lumineuse\u201d au fin fond du Baltoro, en lisi\u00e8re de la Chine.<\/span><\/p>\n","protected":false},"excerpt":{"rendered":"<p>\u26f7\ufe0f\u26f0\ufe0f\ud83c\udfbf Mercredi 29 octobre \u00e0 18h00 :\u00a0 projection des 2 films de Guillaume Pierrel, guide haute montagne, originaire des Hautes [&hellip;]<\/p>\n","protected":false},"author":391,"featured_media":86137,"comment_status":"open","ping_status":"open","sticky":false,"template":"","format":"standard","meta":{"footnotes":""},"categories":[26,4,104,43],"tags":[],"class_list":["post-86136","post","type-post","status-publish","format-standard","has-post-thumbnail","hentry","category-a-la-une","category-culture","category-la-bresse-la-bresse-son-canton","category-remiremont-remiremont-son-canton"],"acf":[],"yoast_head":"<!-- This site is optimized with the Yoast SEO plugin v22.5 - https:\/\/yoast.com\/wordpress\/plugins\/seo\/ -->\n<title>LA MADONE et \u00d4 PARIZAD au cin\u00e9ma Grand Ecran - Remiremont Info<\/title>\n<meta name=\"robots\" content=\"index, follow, max-snippet:-1, max-image-preview:large, max-video-preview:-1\" \/>\n<link rel=\"canonical\" href=\"https:\/\/vosgesinfo.fr\/remiremontinfo\/?p=86136\" \/>\n<meta name=\"twitter:card\" content=\"summary_large_image\" \/>\n<meta name=\"twitter:title\" content=\"LA MADONE et \u00d4 PARIZAD au cin\u00e9ma Grand Ecran - Remiremont Info\" \/>\n<meta name=\"twitter:description\" content=\"\u26f7\ufe0f\u26f0\ufe0f\ud83c\udfbf Mercredi 29 octobre \u00e0 18h00 :\u00a0 projection des 2 films de Guillaume Pierrel, guide haute montagne, originaire des Hautes [&hellip;]\" \/>\n<meta name=\"twitter:image\" content=\"https:\/\/vosgesinfo.fr\/app\/uploads\/sites\/5\/2025\/10\/lamadone-affiche-203x300.jpg\" \/>\n<meta name=\"twitter:creator\" content=\"@VosgesInfo88\" \/>\n<meta name=\"twitter:site\" content=\"@VosgesInfo88\" \/>\n<meta name=\"twitter:label1\" content=\"\u00c9crit par\" \/>\n\t<meta name=\"twitter:data1\" content=\"La redaction\" \/>\n\t<meta name=\"twitter:label2\" content=\"Dur\u00e9e de lecture estim\u00e9e\" \/>\n\t<meta name=\"twitter:data2\" content=\"1 minute\" \/>\n<script type=\"application\/ld+json\" class=\"yoast-schema-graph\">{\"@context\":\"https:\/\/schema.org\",\"@graph\":[{\"@type\":\"Article\",\"@id\":\"https:\/\/vosgesinfo.fr\/remiremontinfo\/?p=86136#article\",\"isPartOf\":{\"@id\":\"https:\/\/vosgesinfo.fr\/remiremontinfo\/?p=86136\"},\"author\":{\"name\":\"La redaction\",\"@id\":\"https:\/\/vosgesinfo.fr\/remiremontinfo\/#\/schema\/person\/27a3695b06db98895b354c0765cdfc31\"},\"headline\":\"LA MADONE et \u00d4 PARIZAD au cin\u00e9ma Grand Ecran\",\"datePublished\":\"2025-10-17T12:36:40+00:00\",\"dateModified\":\"2025-10-17T12:36:40+00:00\",\"mainEntityOfPage\":{\"@id\":\"https:\/\/vosgesinfo.fr\/remiremontinfo\/?p=86136\"},\"wordCount\":217,\"commentCount\":0,\"publisher\":{\"@id\":\"https:\/\/vosgesinfo.fr\/remiremontinfo\/#organization\"},\"image\":{\"@id\":\"https:\/\/vosgesinfo.fr\/remiremontinfo\/?p=86136#primaryimage\"},\"thumbnailUrl\":\"https:\/\/vosgesinfo.fr\/app\/uploads\/sites\/5\/2025\/10\/1.jpg\",\"articleSection\":[\"A la Une\",\"Culture\",\"La Bresse\",\"Remiremont\"],\"inLanguage\":\"fr-FR\",\"potentialAction\":[{\"@type\":\"CommentAction\",\"name\":\"Comment\",\"target\":[\"https:\/\/vosgesinfo.fr\/remiremontinfo\/?p=86136#respond\"]}]},{\"@type\":\"WebPage\",\"@id\":\"https:\/\/vosgesinfo.fr\/remiremontinfo\/?p=86136\",\"url\":\"https:\/\/vosgesinfo.fr\/remiremontinfo\/?p=86136\",\"name\":\"LA MADONE et \u00d4 PARIZAD au cin\u00e9ma Grand Ecran - Remiremont Info\",\"isPartOf\":{\"@id\":\"https:\/\/vosgesinfo.fr\/remiremontinfo\/#website\"},\"primaryImageOfPage\":{\"@id\":\"https:\/\/vosgesinfo.fr\/remiremontinfo\/?p=86136#primaryimage\"},\"image\":{\"@id\":\"https:\/\/vosgesinfo.fr\/remiremontinfo\/?p=86136#primaryimage\"},\"thumbnailUrl\":\"https:\/\/vosgesinfo.fr\/app\/uploads\/sites\/5\/2025\/10\/1.jpg\",\"datePublished\":\"2025-10-17T12:36:40+00:00\",\"dateModified\":\"2025-10-17T12:36:40+00:00\",\"breadcrumb\":{\"@id\":\"https:\/\/vosgesinfo.fr\/remiremontinfo\/?p=86136#breadcrumb\"},\"inLanguage\":\"fr-FR\",\"potentialAction\":[{\"@type\":\"ReadAction\",\"target\":[\"https:\/\/vosgesinfo.fr\/remiremontinfo\/?p=86136\"]}]},{\"@type\":\"ImageObject\",\"inLanguage\":\"fr-FR\",\"@id\":\"https:\/\/vosgesinfo.fr\/remiremontinfo\/?p=86136#primaryimage\",\"url\":\"https:\/\/vosgesinfo.fr\/app\/uploads\/sites\/5\/2025\/10\/1.jpg\",\"contentUrl\":\"https:\/\/vosgesinfo.fr\/app\/uploads\/sites\/5\/2025\/10\/1.jpg\",\"width\":667,\"height\":1000},{\"@type\":\"BreadcrumbList\",\"@id\":\"https:\/\/vosgesinfo.fr\/remiremontinfo\/?p=86136#breadcrumb\",\"itemListElement\":[{\"@type\":\"ListItem\",\"position\":1,\"name\":\"Home\",\"item\":\"https:\/\/vosgesinfo.fr\/remiremontinfo\/\"},{\"@type\":\"ListItem\",\"position\":2,\"name\":\"LA MADONE et \u00d4 PARIZAD au cin\u00e9ma Grand Ecran\"}]},{\"@type\":\"WebSite\",\"@id\":\"https:\/\/vosgesinfo.fr\/remiremontinfo\/#website\",\"url\":\"https:\/\/vosgesinfo.fr\/remiremontinfo\/\",\"name\":\"Remiremont Info\",\"description\":\"Toute l&#039;actualit\u00e9 de Remiremont\",\"publisher\":{\"@id\":\"https:\/\/vosgesinfo.fr\/remiremontinfo\/#organization\"},\"alternateName\":\"Toute l'actualit\u00e9 de Remiremont\",\"potentialAction\":[{\"@type\":\"SearchAction\",\"target\":{\"@type\":\"EntryPoint\",\"urlTemplate\":\"https:\/\/vosgesinfo.fr\/remiremontinfo\/?s={search_term_string}\"},\"query-input\":\"required name=search_term_string\"}],\"inLanguage\":\"fr-FR\"},{\"@type\":\"Organization\",\"@id\":\"https:\/\/vosgesinfo.fr\/remiremontinfo\/#organization\",\"name\":\"Remiremont Info\",\"url\":\"https:\/\/vosgesinfo.fr\/remiremontinfo\/\",\"logo\":{\"@type\":\"ImageObject\",\"inLanguage\":\"fr-FR\",\"@id\":\"https:\/\/vosgesinfo.fr\/remiremontinfo\/#\/schema\/logo\/image\/\",\"url\":\"https:\/\/vosgesinfo.fr\/app\/uploads\/sites\/5\/2023\/08\/favicon-remiremontinfo.png\",\"contentUrl\":\"https:\/\/vosgesinfo.fr\/app\/uploads\/sites\/5\/2023\/08\/favicon-remiremontinfo.png\",\"width\":512,\"height\":512,\"caption\":\"Remiremont Info\"},\"image\":{\"@id\":\"https:\/\/vosgesinfo.fr\/remiremontinfo\/#\/schema\/logo\/image\/\"},\"sameAs\":[\"https:\/\/www.facebook.com\/remiremontinfo\",\"https:\/\/x.com\/VosgesInfo88\",\"https:\/\/www.youtube.com\/@vosgesinfo\"]},{\"@type\":\"Person\",\"@id\":\"https:\/\/vosgesinfo.fr\/remiremontinfo\/#\/schema\/person\/27a3695b06db98895b354c0765cdfc31\",\"name\":\"La redaction\",\"image\":{\"@type\":\"ImageObject\",\"inLanguage\":\"fr-FR\",\"@id\":\"https:\/\/vosgesinfo.fr\/remiremontinfo\/#\/schema\/person\/image\/\",\"url\":\"https:\/\/secure.gravatar.com\/avatar\/64c76a78e501cedee55736f43f332df901e1896ae9cd8fad269ae2236dd0e8b6?s=96&d=mm&r=g\",\"contentUrl\":\"https:\/\/secure.gravatar.com\/avatar\/64c76a78e501cedee55736f43f332df901e1896ae9cd8fad269ae2236dd0e8b6?s=96&d=mm&r=g\",\"caption\":\"La redaction\"},\"url\":\"https:\/\/vosgesinfo.fr\/remiremontinfo\/author\/la-redaction\/\"}]}<\/script>\n<!-- \/ Yoast SEO plugin. -->","yoast_head_json":{"title":"LA MADONE et \u00d4 PARIZAD au cin\u00e9ma Grand Ecran - Remiremont Info","robots":{"index":"index","follow":"follow","max-snippet":"max-snippet:-1","max-image-preview":"max-image-preview:large","max-video-preview":"max-video-preview:-1"},"canonical":"https:\/\/vosgesinfo.fr\/remiremontinfo\/?p=86136","twitter_card":"summary_large_image","twitter_title":"LA MADONE et \u00d4 PARIZAD au cin\u00e9ma Grand Ecran - Remiremont Info","twitter_description":"\u26f7\ufe0f\u26f0\ufe0f\ud83c\udfbf Mercredi 29 octobre \u00e0 18h00 :\u00a0 projection des 2 films de Guillaume Pierrel, guide haute montagne, originaire des Hautes [&hellip;]","twitter_image":"https:\/\/vosgesinfo.fr\/app\/uploads\/sites\/5\/2025\/10\/lamadone-affiche-203x300.jpg","twitter_creator":"@VosgesInfo88","twitter_site":"@VosgesInfo88","twitter_misc":{"\u00c9crit par":"La redaction","Dur\u00e9e de lecture estim\u00e9e":"1 minute"},"schema":{"@context":"https:\/\/schema.org","@graph":[{"@type":"Article","@id":"https:\/\/vosgesinfo.fr\/remiremontinfo\/?p=86136#article","isPartOf":{"@id":"https:\/\/vosgesinfo.fr\/remiremontinfo\/?p=86136"},"author":{"name":"La redaction","@id":"https:\/\/vosgesinfo.fr\/remiremontinfo\/#\/schema\/person\/27a3695b06db98895b354c0765cdfc31"},"headline":"LA MADONE et \u00d4 PARIZAD au cin\u00e9ma Grand Ecran","datePublished":"2025-10-17T12:36:40+00:00","dateModified":"2025-10-17T12:36:40+00:00","mainEntityOfPage":{"@id":"https:\/\/vosgesinfo.fr\/remiremontinfo\/?p=86136"},"wordCount":217,"commentCount":0,"publisher":{"@id":"https:\/\/vosgesinfo.fr\/remiremontinfo\/#organization"},"image":{"@id":"https:\/\/vosgesinfo.fr\/remiremontinfo\/?p=86136#primaryimage"},"thumbnailUrl":"https:\/\/vosgesinfo.fr\/app\/uploads\/sites\/5\/2025\/10\/1.jpg","articleSection":["A la Une","Culture","La Bresse","Remiremont"],"inLanguage":"fr-FR","potentialAction":[{"@type":"CommentAction","name":"Comment","target":["https:\/\/vosgesinfo.fr\/remiremontinfo\/?p=86136#respond"]}]},{"@type":"WebPage","@id":"https:\/\/vosgesinfo.fr\/remiremontinfo\/?p=86136","url":"https:\/\/vosgesinfo.fr\/remiremontinfo\/?p=86136","name":"LA MADONE et \u00d4 PARIZAD au cin\u00e9ma Grand Ecran - Remiremont Info","isPartOf":{"@id":"https:\/\/vosgesinfo.fr\/remiremontinfo\/#website"},"primaryImageOfPage":{"@id":"https:\/\/vosgesinfo.fr\/remiremontinfo\/?p=86136#primaryimage"},"image":{"@id":"https:\/\/vosgesinfo.fr\/remiremontinfo\/?p=86136#primaryimage"},"thumbnailUrl":"https:\/\/vosgesinfo.fr\/app\/uploads\/sites\/5\/2025\/10\/1.jpg","datePublished":"2025-10-17T12:36:40+00:00","dateModified":"2025-10-17T12:36:40+00:00","breadcrumb":{"@id":"https:\/\/vosgesinfo.fr\/remiremontinfo\/?p=86136#breadcrumb"},"inLanguage":"fr-FR","potentialAction":[{"@type":"ReadAction","target":["https:\/\/vosgesinfo.fr\/remiremontinfo\/?p=86136"]}]},{"@type":"ImageObject","inLanguage":"fr-FR","@id":"https:\/\/vosgesinfo.fr\/remiremontinfo\/?p=86136#primaryimage","url":"https:\/\/vosgesinfo.fr\/app\/uploads\/sites\/5\/2025\/10\/1.jpg","contentUrl":"https:\/\/vosgesinfo.fr\/app\/uploads\/sites\/5\/2025\/10\/1.jpg","width":667,"height":1000},{"@type":"BreadcrumbList","@id":"https:\/\/vosgesinfo.fr\/remiremontinfo\/?p=86136#breadcrumb","itemListElement":[{"@type":"ListItem","position":1,"name":"Home","item":"https:\/\/vosgesinfo.fr\/remiremontinfo\/"},{"@type":"ListItem","position":2,"name":"LA MADONE et \u00d4 PARIZAD au cin\u00e9ma Grand Ecran"}]},{"@type":"WebSite","@id":"https:\/\/vosgesinfo.fr\/remiremontinfo\/#website","url":"https:\/\/vosgesinfo.fr\/remiremontinfo\/","name":"Remiremont Info","description":"Toute l&#039;actualit\u00e9 de Remiremont","publisher":{"@id":"https:\/\/vosgesinfo.fr\/remiremontinfo\/#organization"},"alternateName":"Toute l'actualit\u00e9 de Remiremont","potentialAction":[{"@type":"SearchAction","target":{"@type":"EntryPoint","urlTemplate":"https:\/\/vosgesinfo.fr\/remiremontinfo\/?s={search_term_string}"},"query-input":"required name=search_term_string"}],"inLanguage":"fr-FR"},{"@type":"Organization","@id":"https:\/\/vosgesinfo.fr\/remiremontinfo\/#organization","name":"Remiremont Info","url":"https:\/\/vosgesinfo.fr\/remiremontinfo\/","logo":{"@type":"ImageObject","inLanguage":"fr-FR","@id":"https:\/\/vosgesinfo.fr\/remiremontinfo\/#\/schema\/logo\/image\/","url":"https:\/\/vosgesinfo.fr\/app\/uploads\/sites\/5\/2023\/08\/favicon-remiremontinfo.png","contentUrl":"https:\/\/vosgesinfo.fr\/app\/uploads\/sites\/5\/2023\/08\/favicon-remiremontinfo.png","width":512,"height":512,"caption":"Remiremont Info"},"image":{"@id":"https:\/\/vosgesinfo.fr\/remiremontinfo\/#\/schema\/logo\/image\/"},"sameAs":["https:\/\/www.facebook.com\/remiremontinfo","https:\/\/x.com\/VosgesInfo88","https:\/\/www.youtube.com\/@vosgesinfo"]},{"@type":"Person","@id":"https:\/\/vosgesinfo.fr\/remiremontinfo\/#\/schema\/person\/27a3695b06db98895b354c0765cdfc31","name":"La redaction","image":{"@type":"ImageObject","inLanguage":"fr-FR","@id":"https:\/\/vosgesinfo.fr\/remiremontinfo\/#\/schema\/person\/image\/","url":"https:\/\/secure.gravatar.com\/avatar\/64c76a78e501cedee55736f43f332df901e1896ae9cd8fad269ae2236dd0e8b6?s=96&d=mm&r=g","contentUrl":"https:\/\/secure.gravatar.com\/avatar\/64c76a78e501cedee55736f43f332df901e1896ae9cd8fad269ae2236dd0e8b6?s=96&d=mm&r=g","caption":"La redaction"},"url":"https:\/\/vosgesinfo.fr\/remiremontinfo\/author\/la-redaction\/"}]}},"_links":{"self":[{"href":"https:\/\/vosgesinfo.fr\/remiremontinfo\/wp-json\/wp\/v2\/posts\/86136","targetHints":{"allow":["GET"]}}],"collection":[{"href":"https:\/\/vosgesinfo.fr\/remiremontinfo\/wp-json\/wp\/v2\/posts"}],"about":[{"href":"https:\/\/vosgesinfo.fr\/remiremontinfo\/wp-json\/wp\/v2\/types\/post"}],"author":[{"embeddable":true,"href":"https:\/\/vosgesinfo.fr\/remiremontinfo\/wp-json\/wp\/v2\/users\/391"}],"replies":[{"embeddable":true,"href":"https:\/\/vosgesinfo.fr\/remiremontinfo\/wp-json\/wp\/v2\/comments?post=86136"}],"version-history":[{"count":1,"href":"https:\/\/vosgesinfo.fr\/remiremontinfo\/wp-json\/wp\/v2\/posts\/86136\/revisions"}],"predecessor-version":[{"id":86139,"href":"https:\/\/vosgesinfo.fr\/remiremontinfo\/wp-json\/wp\/v2\/posts\/86136\/revisions\/86139"}],"wp:featuredmedia":[{"embeddable":true,"href":"https:\/\/vosgesinfo.fr\/remiremontinfo\/wp-json\/wp\/v2\/media\/86137"}],"wp:attachment":[{"href":"https:\/\/vosgesinfo.fr\/remiremontinfo\/wp-json\/wp\/v2\/media?parent=86136"}],"wp:term":[{"taxonomy":"category","embeddable":true,"href":"https:\/\/vosgesinfo.fr\/remiremontinfo\/wp-json\/wp\/v2\/categories?post=86136"},{"taxonomy":"post_tag","embeddable":true,"href":"https:\/\/vosgesinfo.fr\/remiremontinfo\/wp-json\/wp\/v2\/tags?post=86136"}],"curies":[{"name":"wp","href":"https:\/\/api.w.org\/{rel}","templated":true}]}}