{"id":86185,"date":"2025-10-20T19:40:43","date_gmt":"2025-10-20T17:40:43","guid":{"rendered":"https:\/\/vosgesinfo.fr\/remiremontinfo\/?p=86185"},"modified":"2025-10-20T19:40:43","modified_gmt":"2025-10-20T17:40:43","slug":"demi-journee-de-sensibilisation-a-la-recyclerie-annie-thiebaut-decouverte-du-tri-textile-et-atelier-upcycling-special-creations-de-fin-dannee","status":"publish","type":"post","link":"https:\/\/vosgesinfo.fr\/remiremontinfo\/2025\/10\/demi-journee-de-sensibilisation-a-la-recyclerie-annie-thiebaut-decouverte-du-tri-textile-et-atelier-upcycling-special-creations-de-fin-dannee\/","title":{"rendered":"Demi-journ\u00e9e de Sensibilisation \u00e0 la Recyclerie Annie Thi\u00e9baut : d\u00e9couverte du tri textile et atelier upcycling sp\u00e9cial cr\u00e9ations de fin d\u2019ann\u00e9e"},"content":{"rendered":"<h3>\nSaint-\u00c9tienne-l\u00e8s-Remiremont \u2013 L\u2019association L\u2019Abri organise la quatri\u00e8me et derni\u00e8re demi- journ\u00e9e de sensibilisation textile de l\u2019ann\u00e9e \u00e0 la Recyclerie Annie Thi\u00e9baut, 5 rue des Grands Moulins, le samedi 8 novembre de 10h \u00e0 12h00.<\/h3>\n<p><a href=\"https:\/\/vosgesinfo.fr\/app\/uploads\/sites\/6\/2025\/10\/invitation-atelier-sensibilisation-textile-1-page-0001.jpg\"><img decoding=\"async\" class=\"alignright size-medium wp-image-83860\" src=\"https:\/\/vosgesinfo.fr\/app\/uploads\/sites\/6\/2025\/10\/invitation-atelier-sensibilisation-textile-1-page-0001-214x300.jpg\" alt=\"\" width=\"214\" height=\"300\" \/><\/a>Cet \u00e9v\u00e9nement vient cl\u00f4turer le cycle annuel des demi-journ\u00e9es de sensibilisation, qui ont permis au public de d\u00e9couvrir l\u2019univers du tri textile et de s\u2019initier \u00e0 des ateliers d\u2019upcycling vari\u00e9s.<br \/>\nVisite guid\u00e9e du tri textile et immersion solidaire<br \/>\nLa matin\u00e9e d\u00e9butera par une visite guid\u00e9e de l\u2019atelier de tri textile, qui illustre concr\u00e8tement l\u2019engagement de L\u2019Abri pour le d\u00e9veloppement durable et l\u2019insertion par l\u2019activit\u00e9 \u00e9conomique. Les participants pourront suivre le parcours des dons textiles collect\u00e9s :<br \/>\nr\u00e9ception, tri, valorisation, redistribution ou recyclage.<br \/>\nCe moment permettra \u00e9galement de mieux comprendre le fonctionnement de l\u2019association L\u2019Abri, son r\u00f4le dans la transition professionnelle par le biais de ses chantiers d\u2019insertion et son engagement en faveur de l\u2019\u00e9conomie circulaire et de la r\u00e9duction des<br \/>\nd\u00e9chets.<br \/>\n<strong>Atelier d\u2019upcycling : cr\u00e9ation libre \u00e0 partir de textiles r\u00e9cup\u00e9r\u00e9s<\/strong><br \/>\nLa seconde partie de la demi-journ\u00e9e sera consacr\u00e9e \u00e0 un atelier cr\u00e9atif sp\u00e9cial, inspir\u00e9 des ateliers pr\u00e9c\u00e9dents de l\u2019ann\u00e9e 2025.<br \/>\nLes participants pourront combiner les deux r\u00e9alisations pl\u00e9biscit\u00e9es des derniers rendez- vous \u2014 les roses en tissu et les pelotes de trapilho \u2014 pour imaginer une cr\u00e9ation d\u00e9corative de No\u00ebl \u00e0 partir de textiles inutilis\u00e9s. Un moment cr\u00e9atif et convivial, id\u00e9al pour redonner vie aux tissus et v\u00eatements endormis dans les placards, tout en pr\u00e9parant les f\u00eates dans une d\u00e9marche responsable.<br \/>\nTout le mat\u00e9riel sera fourni, mais il est possible d\u2019apporter ses propres chutes de tissu ou anciens v\u00eatements \u00e0 transformer.<br \/>\n<strong>Un rendez-vous convivial et engag\u00e9<\/strong><br \/>\nGratuite et ouverte \u00e0 tous, cette demi-journ\u00e9e s\u2019adresse \u00e0 celles et ceux qui souhaitent d\u00e9couvrir les coulisses du tri textile, s\u2019initier \u00e0 des gestes de r\u00e9emploi et contribuer, \u00e0 leur \u00e9chelle, \u00e0 une consommation plus raisonn\u00e9e.<br \/>\nElle conclura un cycle de quatre demi-journ\u00e9es de sensibilisation, men\u00e9 tout au long de l\u2019ann\u00e9e \u00e0 la Recyclerie Annie Thi\u00e9baut.<\/p>\n","protected":false},"excerpt":{"rendered":"<p>Saint-\u00c9tienne-l\u00e8s-Remiremont \u2013 L\u2019association L\u2019Abri organise la quatri\u00e8me et derni\u00e8re demi- journ\u00e9e de sensibilisation textile de l\u2019ann\u00e9e \u00e0 la Recyclerie Annie [&hellip;]<\/p>\n","protected":false},"author":391,"featured_media":86186,"comment_status":"open","ping_status":"open","sticky":false,"template":"","format":"standard","meta":{"footnotes":""},"categories":[26,62,43,17],"tags":[1022,8550],"class_list":["post-86185","post","type-post","status-publish","format-standard","has-post-thumbnail","hentry","category-a-la-une","category-gerardmer","category-remiremont-remiremont-son-canton","category-vie-associative","tag-labri","tag-upcycling"],"acf":[],"yoast_head":"<!-- This site is optimized with the Yoast SEO plugin v22.5 - https:\/\/yoast.com\/wordpress\/plugins\/seo\/ -->\n<title>Demi-journ\u00e9e de Sensibilisation \u00e0 la Recyclerie Annie Thi\u00e9baut : d\u00e9couverte du tri textile et atelier upcycling sp\u00e9cial cr\u00e9ations de fin d\u2019ann\u00e9e - Remiremont Info<\/title>\n<meta name=\"robots\" content=\"index, follow, max-snippet:-1, max-image-preview:large, max-video-preview:-1\" \/>\n<link rel=\"canonical\" href=\"https:\/\/vosgesinfo.fr\/remiremontinfo\/2025\/10\/demi-journee-de-sensibilisation-a-la-recyclerie-annie-thiebaut-decouverte-du-tri-textile-et-atelier-upcycling-special-creations-de-fin-dannee\/\" \/>\n<meta name=\"twitter:card\" content=\"summary_large_image\" \/>\n<meta name=\"twitter:title\" content=\"Demi-journ\u00e9e de Sensibilisation \u00e0 la Recyclerie Annie Thi\u00e9baut : d\u00e9couverte du tri textile et atelier upcycling sp\u00e9cial cr\u00e9ations de fin d\u2019ann\u00e9e - Remiremont Info\" \/>\n<meta name=\"twitter:description\" content=\"Saint-\u00c9tienne-l\u00e8s-Remiremont \u2013 L\u2019association L\u2019Abri organise la quatri\u00e8me et derni\u00e8re demi- journ\u00e9e de sensibilisation textile de l\u2019ann\u00e9e \u00e0 la Recyclerie Annie [&hellip;]\" \/>\n<meta name=\"twitter:image\" content=\"https:\/\/vosgesinfo.fr\/app\/uploads\/sites\/5\/2025\/10\/invitation-atelier-sensibilisation-textile-1-page-0001.jpg\" \/>\n<meta name=\"twitter:creator\" content=\"@VosgesInfo88\" \/>\n<meta name=\"twitter:site\" content=\"@VosgesInfo88\" \/>\n<meta name=\"twitter:label1\" content=\"\u00c9crit par\" \/>\n\t<meta name=\"twitter:data1\" content=\"La redaction\" \/>\n\t<meta name=\"twitter:label2\" content=\"Dur\u00e9e de lecture estim\u00e9e\" \/>\n\t<meta name=\"twitter:data2\" content=\"2 minutes\" \/>\n<script type=\"application\/ld+json\" class=\"yoast-schema-graph\">{\"@context\":\"https:\/\/schema.org\",\"@graph\":[{\"@type\":\"Article\",\"@id\":\"https:\/\/vosgesinfo.fr\/remiremontinfo\/2025\/10\/demi-journee-de-sensibilisation-a-la-recyclerie-annie-thiebaut-decouverte-du-tri-textile-et-atelier-upcycling-special-creations-de-fin-dannee\/#article\",\"isPartOf\":{\"@id\":\"https:\/\/vosgesinfo.fr\/remiremontinfo\/2025\/10\/demi-journee-de-sensibilisation-a-la-recyclerie-annie-thiebaut-decouverte-du-tri-textile-et-atelier-upcycling-special-creations-de-fin-dannee\/\"},\"author\":{\"name\":\"La redaction\",\"@id\":\"https:\/\/vosgesinfo.fr\/remiremontinfo\/#\/schema\/person\/27a3695b06db98895b354c0765cdfc31\"},\"headline\":\"Demi-journ\u00e9e de Sensibilisation \u00e0 la Recyclerie Annie Thi\u00e9baut : d\u00e9couverte du tri textile et atelier upcycling sp\u00e9cial cr\u00e9ations de fin d\u2019ann\u00e9e\",\"datePublished\":\"2025-10-20T17:40:43+00:00\",\"dateModified\":\"2025-10-20T17:40:43+00:00\",\"mainEntityOfPage\":{\"@id\":\"https:\/\/vosgesinfo.fr\/remiremontinfo\/2025\/10\/demi-journee-de-sensibilisation-a-la-recyclerie-annie-thiebaut-decouverte-du-tri-textile-et-atelier-upcycling-special-creations-de-fin-dannee\/\"},\"wordCount\":409,\"commentCount\":0,\"publisher\":{\"@id\":\"https:\/\/vosgesinfo.fr\/remiremontinfo\/#organization\"},\"image\":{\"@id\":\"https:\/\/vosgesinfo.fr\/remiremontinfo\/2025\/10\/demi-journee-de-sensibilisation-a-la-recyclerie-annie-thiebaut-decouverte-du-tri-textile-et-atelier-upcycling-special-creations-de-fin-dannee\/#primaryimage\"},\"thumbnailUrl\":\"https:\/\/vosgesinfo.fr\/app\/uploads\/sites\/5\/2025\/10\/invitation-atelier-sensibilisation-textile-1-page-0001.jpg\",\"keywords\":[\"L'abri\",\"upcycling\"],\"articleSection\":[\"A la Une\",\"G\u00e9rardmer\",\"Remiremont\",\"Vie associative\"],\"inLanguage\":\"fr-FR\",\"potentialAction\":[{\"@type\":\"CommentAction\",\"name\":\"Comment\",\"target\":[\"https:\/\/vosgesinfo.fr\/remiremontinfo\/2025\/10\/demi-journee-de-sensibilisation-a-la-recyclerie-annie-thiebaut-decouverte-du-tri-textile-et-atelier-upcycling-special-creations-de-fin-dannee\/#respond\"]}]},{\"@type\":\"WebPage\",\"@id\":\"https:\/\/vosgesinfo.fr\/remiremontinfo\/2025\/10\/demi-journee-de-sensibilisation-a-la-recyclerie-annie-thiebaut-decouverte-du-tri-textile-et-atelier-upcycling-special-creations-de-fin-dannee\/\",\"url\":\"https:\/\/vosgesinfo.fr\/remiremontinfo\/2025\/10\/demi-journee-de-sensibilisation-a-la-recyclerie-annie-thiebaut-decouverte-du-tri-textile-et-atelier-upcycling-special-creations-de-fin-dannee\/\",\"name\":\"Demi-journ\u00e9e de Sensibilisation \u00e0 la Recyclerie Annie Thi\u00e9baut : d\u00e9couverte du tri textile et atelier upcycling sp\u00e9cial cr\u00e9ations de fin d\u2019ann\u00e9e - Remiremont Info\",\"isPartOf\":{\"@id\":\"https:\/\/vosgesinfo.fr\/remiremontinfo\/#website\"},\"primaryImageOfPage\":{\"@id\":\"https:\/\/vosgesinfo.fr\/remiremontinfo\/2025\/10\/demi-journee-de-sensibilisation-a-la-recyclerie-annie-thiebaut-decouverte-du-tri-textile-et-atelier-upcycling-special-creations-de-fin-dannee\/#primaryimage\"},\"image\":{\"@id\":\"https:\/\/vosgesinfo.fr\/remiremontinfo\/2025\/10\/demi-journee-de-sensibilisation-a-la-recyclerie-annie-thiebaut-decouverte-du-tri-textile-et-atelier-upcycling-special-creations-de-fin-dannee\/#primaryimage\"},\"thumbnailUrl\":\"https:\/\/vosgesinfo.fr\/app\/uploads\/sites\/5\/2025\/10\/invitation-atelier-sensibilisation-textile-1-page-0001.jpg\",\"datePublished\":\"2025-10-20T17:40:43+00:00\",\"dateModified\":\"2025-10-20T17:40:43+00:00\",\"breadcrumb\":{\"@id\":\"https:\/\/vosgesinfo.fr\/remiremontinfo\/2025\/10\/demi-journee-de-sensibilisation-a-la-recyclerie-annie-thiebaut-decouverte-du-tri-textile-et-atelier-upcycling-special-creations-de-fin-dannee\/#breadcrumb\"},\"inLanguage\":\"fr-FR\",\"potentialAction\":[{\"@type\":\"ReadAction\",\"target\":[\"https:\/\/vosgesinfo.fr\/remiremontinfo\/2025\/10\/demi-journee-de-sensibilisation-a-la-recyclerie-annie-thiebaut-decouverte-du-tri-textile-et-atelier-upcycling-special-creations-de-fin-dannee\/\"]}]},{\"@type\":\"ImageObject\",\"inLanguage\":\"fr-FR\",\"@id\":\"https:\/\/vosgesinfo.fr\/remiremontinfo\/2025\/10\/demi-journee-de-sensibilisation-a-la-recyclerie-annie-thiebaut-decouverte-du-tri-textile-et-atelier-upcycling-special-creations-de-fin-dannee\/#primaryimage\",\"url\":\"https:\/\/vosgesinfo.fr\/app\/uploads\/sites\/5\/2025\/10\/invitation-atelier-sensibilisation-textile-1-page-0001.jpg\",\"contentUrl\":\"https:\/\/vosgesinfo.fr\/app\/uploads\/sites\/5\/2025\/10\/invitation-atelier-sensibilisation-textile-1-page-0001.jpg\",\"width\":750,\"height\":1050},{\"@type\":\"BreadcrumbList\",\"@id\":\"https:\/\/vosgesinfo.fr\/remiremontinfo\/2025\/10\/demi-journee-de-sensibilisation-a-la-recyclerie-annie-thiebaut-decouverte-du-tri-textile-et-atelier-upcycling-special-creations-de-fin-dannee\/#breadcrumb\",\"itemListElement\":[{\"@type\":\"ListItem\",\"position\":1,\"name\":\"Home\",\"item\":\"https:\/\/vosgesinfo.fr\/remiremontinfo\/\"},{\"@type\":\"ListItem\",\"position\":2,\"name\":\"Demi-journ\u00e9e de Sensibilisation \u00e0 la Recyclerie Annie Thi\u00e9baut : d\u00e9couverte du tri textile et atelier upcycling sp\u00e9cial cr\u00e9ations de fin d\u2019ann\u00e9e\"}]},{\"@type\":\"WebSite\",\"@id\":\"https:\/\/vosgesinfo.fr\/remiremontinfo\/#website\",\"url\":\"https:\/\/vosgesinfo.fr\/remiremontinfo\/\",\"name\":\"Remiremont Info\",\"description\":\"Toute l&#039;actualit\u00e9 de Remiremont\",\"publisher\":{\"@id\":\"https:\/\/vosgesinfo.fr\/remiremontinfo\/#organization\"},\"alternateName\":\"Toute l'actualit\u00e9 de Remiremont\",\"potentialAction\":[{\"@type\":\"SearchAction\",\"target\":{\"@type\":\"EntryPoint\",\"urlTemplate\":\"https:\/\/vosgesinfo.fr\/remiremontinfo\/?s={search_term_string}\"},\"query-input\":\"required name=search_term_string\"}],\"inLanguage\":\"fr-FR\"},{\"@type\":\"Organization\",\"@id\":\"https:\/\/vosgesinfo.fr\/remiremontinfo\/#organization\",\"name\":\"Remiremont Info\",\"url\":\"https:\/\/vosgesinfo.fr\/remiremontinfo\/\",\"logo\":{\"@type\":\"ImageObject\",\"inLanguage\":\"fr-FR\",\"@id\":\"https:\/\/vosgesinfo.fr\/remiremontinfo\/#\/schema\/logo\/image\/\",\"url\":\"https:\/\/vosgesinfo.fr\/app\/uploads\/sites\/5\/2023\/08\/favicon-remiremontinfo.png\",\"contentUrl\":\"https:\/\/vosgesinfo.fr\/app\/uploads\/sites\/5\/2023\/08\/favicon-remiremontinfo.png\",\"width\":512,\"height\":512,\"caption\":\"Remiremont Info\"},\"image\":{\"@id\":\"https:\/\/vosgesinfo.fr\/remiremontinfo\/#\/schema\/logo\/image\/\"},\"sameAs\":[\"https:\/\/www.facebook.com\/remiremontinfo\",\"https:\/\/x.com\/VosgesInfo88\",\"https:\/\/www.youtube.com\/@vosgesinfo\"]},{\"@type\":\"Person\",\"@id\":\"https:\/\/vosgesinfo.fr\/remiremontinfo\/#\/schema\/person\/27a3695b06db98895b354c0765cdfc31\",\"name\":\"La redaction\",\"image\":{\"@type\":\"ImageObject\",\"inLanguage\":\"fr-FR\",\"@id\":\"https:\/\/vosgesinfo.fr\/remiremontinfo\/#\/schema\/person\/image\/\",\"url\":\"https:\/\/secure.gravatar.com\/avatar\/64c76a78e501cedee55736f43f332df901e1896ae9cd8fad269ae2236dd0e8b6?s=96&d=mm&r=g\",\"contentUrl\":\"https:\/\/secure.gravatar.com\/avatar\/64c76a78e501cedee55736f43f332df901e1896ae9cd8fad269ae2236dd0e8b6?s=96&d=mm&r=g\",\"caption\":\"La redaction\"},\"url\":\"https:\/\/vosgesinfo.fr\/remiremontinfo\/author\/la-redaction\/\"}]}<\/script>\n<!-- \/ Yoast SEO plugin. -->","yoast_head_json":{"title":"Demi-journ\u00e9e de Sensibilisation \u00e0 la Recyclerie Annie Thi\u00e9baut : d\u00e9couverte du tri textile et atelier upcycling sp\u00e9cial cr\u00e9ations de fin d\u2019ann\u00e9e - Remiremont Info","robots":{"index":"index","follow":"follow","max-snippet":"max-snippet:-1","max-image-preview":"max-image-preview:large","max-video-preview":"max-video-preview:-1"},"canonical":"https:\/\/vosgesinfo.fr\/remiremontinfo\/2025\/10\/demi-journee-de-sensibilisation-a-la-recyclerie-annie-thiebaut-decouverte-du-tri-textile-et-atelier-upcycling-special-creations-de-fin-dannee\/","twitter_card":"summary_large_image","twitter_title":"Demi-journ\u00e9e de Sensibilisation \u00e0 la Recyclerie Annie Thi\u00e9baut : d\u00e9couverte du tri textile et atelier upcycling sp\u00e9cial cr\u00e9ations de fin d\u2019ann\u00e9e - Remiremont Info","twitter_description":"Saint-\u00c9tienne-l\u00e8s-Remiremont \u2013 L\u2019association L\u2019Abri organise la quatri\u00e8me et derni\u00e8re demi- journ\u00e9e de sensibilisation textile de l\u2019ann\u00e9e \u00e0 la Recyclerie Annie [&hellip;]","twitter_image":"https:\/\/vosgesinfo.fr\/app\/uploads\/sites\/5\/2025\/10\/invitation-atelier-sensibilisation-textile-1-page-0001.jpg","twitter_creator":"@VosgesInfo88","twitter_site":"@VosgesInfo88","twitter_misc":{"\u00c9crit par":"La redaction","Dur\u00e9e de lecture estim\u00e9e":"2 minutes"},"schema":{"@context":"https:\/\/schema.org","@graph":[{"@type":"Article","@id":"https:\/\/vosgesinfo.fr\/remiremontinfo\/2025\/10\/demi-journee-de-sensibilisation-a-la-recyclerie-annie-thiebaut-decouverte-du-tri-textile-et-atelier-upcycling-special-creations-de-fin-dannee\/#article","isPartOf":{"@id":"https:\/\/vosgesinfo.fr\/remiremontinfo\/2025\/10\/demi-journee-de-sensibilisation-a-la-recyclerie-annie-thiebaut-decouverte-du-tri-textile-et-atelier-upcycling-special-creations-de-fin-dannee\/"},"author":{"name":"La redaction","@id":"https:\/\/vosgesinfo.fr\/remiremontinfo\/#\/schema\/person\/27a3695b06db98895b354c0765cdfc31"},"headline":"Demi-journ\u00e9e de Sensibilisation \u00e0 la Recyclerie Annie Thi\u00e9baut : d\u00e9couverte du tri textile et atelier upcycling sp\u00e9cial cr\u00e9ations de fin d\u2019ann\u00e9e","datePublished":"2025-10-20T17:40:43+00:00","dateModified":"2025-10-20T17:40:43+00:00","mainEntityOfPage":{"@id":"https:\/\/vosgesinfo.fr\/remiremontinfo\/2025\/10\/demi-journee-de-sensibilisation-a-la-recyclerie-annie-thiebaut-decouverte-du-tri-textile-et-atelier-upcycling-special-creations-de-fin-dannee\/"},"wordCount":409,"commentCount":0,"publisher":{"@id":"https:\/\/vosgesinfo.fr\/remiremontinfo\/#organization"},"image":{"@id":"https:\/\/vosgesinfo.fr\/remiremontinfo\/2025\/10\/demi-journee-de-sensibilisation-a-la-recyclerie-annie-thiebaut-decouverte-du-tri-textile-et-atelier-upcycling-special-creations-de-fin-dannee\/#primaryimage"},"thumbnailUrl":"https:\/\/vosgesinfo.fr\/app\/uploads\/sites\/5\/2025\/10\/invitation-atelier-sensibilisation-textile-1-page-0001.jpg","keywords":["L'abri","upcycling"],"articleSection":["A la Une","G\u00e9rardmer","Remiremont","Vie associative"],"inLanguage":"fr-FR","potentialAction":[{"@type":"CommentAction","name":"Comment","target":["https:\/\/vosgesinfo.fr\/remiremontinfo\/2025\/10\/demi-journee-de-sensibilisation-a-la-recyclerie-annie-thiebaut-decouverte-du-tri-textile-et-atelier-upcycling-special-creations-de-fin-dannee\/#respond"]}]},{"@type":"WebPage","@id":"https:\/\/vosgesinfo.fr\/remiremontinfo\/2025\/10\/demi-journee-de-sensibilisation-a-la-recyclerie-annie-thiebaut-decouverte-du-tri-textile-et-atelier-upcycling-special-creations-de-fin-dannee\/","url":"https:\/\/vosgesinfo.fr\/remiremontinfo\/2025\/10\/demi-journee-de-sensibilisation-a-la-recyclerie-annie-thiebaut-decouverte-du-tri-textile-et-atelier-upcycling-special-creations-de-fin-dannee\/","name":"Demi-journ\u00e9e de Sensibilisation \u00e0 la Recyclerie Annie Thi\u00e9baut : d\u00e9couverte du tri textile et atelier upcycling sp\u00e9cial cr\u00e9ations de fin d\u2019ann\u00e9e - Remiremont Info","isPartOf":{"@id":"https:\/\/vosgesinfo.fr\/remiremontinfo\/#website"},"primaryImageOfPage":{"@id":"https:\/\/vosgesinfo.fr\/remiremontinfo\/2025\/10\/demi-journee-de-sensibilisation-a-la-recyclerie-annie-thiebaut-decouverte-du-tri-textile-et-atelier-upcycling-special-creations-de-fin-dannee\/#primaryimage"},"image":{"@id":"https:\/\/vosgesinfo.fr\/remiremontinfo\/2025\/10\/demi-journee-de-sensibilisation-a-la-recyclerie-annie-thiebaut-decouverte-du-tri-textile-et-atelier-upcycling-special-creations-de-fin-dannee\/#primaryimage"},"thumbnailUrl":"https:\/\/vosgesinfo.fr\/app\/uploads\/sites\/5\/2025\/10\/invitation-atelier-sensibilisation-textile-1-page-0001.jpg","datePublished":"2025-10-20T17:40:43+00:00","dateModified":"2025-10-20T17:40:43+00:00","breadcrumb":{"@id":"https:\/\/vosgesinfo.fr\/remiremontinfo\/2025\/10\/demi-journee-de-sensibilisation-a-la-recyclerie-annie-thiebaut-decouverte-du-tri-textile-et-atelier-upcycling-special-creations-de-fin-dannee\/#breadcrumb"},"inLanguage":"fr-FR","potentialAction":[{"@type":"ReadAction","target":["https:\/\/vosgesinfo.fr\/remiremontinfo\/2025\/10\/demi-journee-de-sensibilisation-a-la-recyclerie-annie-thiebaut-decouverte-du-tri-textile-et-atelier-upcycling-special-creations-de-fin-dannee\/"]}]},{"@type":"ImageObject","inLanguage":"fr-FR","@id":"https:\/\/vosgesinfo.fr\/remiremontinfo\/2025\/10\/demi-journee-de-sensibilisation-a-la-recyclerie-annie-thiebaut-decouverte-du-tri-textile-et-atelier-upcycling-special-creations-de-fin-dannee\/#primaryimage","url":"https:\/\/vosgesinfo.fr\/app\/uploads\/sites\/5\/2025\/10\/invitation-atelier-sensibilisation-textile-1-page-0001.jpg","contentUrl":"https:\/\/vosgesinfo.fr\/app\/uploads\/sites\/5\/2025\/10\/invitation-atelier-sensibilisation-textile-1-page-0001.jpg","width":750,"height":1050},{"@type":"BreadcrumbList","@id":"https:\/\/vosgesinfo.fr\/remiremontinfo\/2025\/10\/demi-journee-de-sensibilisation-a-la-recyclerie-annie-thiebaut-decouverte-du-tri-textile-et-atelier-upcycling-special-creations-de-fin-dannee\/#breadcrumb","itemListElement":[{"@type":"ListItem","position":1,"name":"Home","item":"https:\/\/vosgesinfo.fr\/remiremontinfo\/"},{"@type":"ListItem","position":2,"name":"Demi-journ\u00e9e de Sensibilisation \u00e0 la Recyclerie Annie Thi\u00e9baut : d\u00e9couverte du tri textile et atelier upcycling sp\u00e9cial cr\u00e9ations de fin d\u2019ann\u00e9e"}]},{"@type":"WebSite","@id":"https:\/\/vosgesinfo.fr\/remiremontinfo\/#website","url":"https:\/\/vosgesinfo.fr\/remiremontinfo\/","name":"Remiremont Info","description":"Toute l&#039;actualit\u00e9 de Remiremont","publisher":{"@id":"https:\/\/vosgesinfo.fr\/remiremontinfo\/#organization"},"alternateName":"Toute l'actualit\u00e9 de Remiremont","potentialAction":[{"@type":"SearchAction","target":{"@type":"EntryPoint","urlTemplate":"https:\/\/vosgesinfo.fr\/remiremontinfo\/?s={search_term_string}"},"query-input":"required name=search_term_string"}],"inLanguage":"fr-FR"},{"@type":"Organization","@id":"https:\/\/vosgesinfo.fr\/remiremontinfo\/#organization","name":"Remiremont Info","url":"https:\/\/vosgesinfo.fr\/remiremontinfo\/","logo":{"@type":"ImageObject","inLanguage":"fr-FR","@id":"https:\/\/vosgesinfo.fr\/remiremontinfo\/#\/schema\/logo\/image\/","url":"https:\/\/vosgesinfo.fr\/app\/uploads\/sites\/5\/2023\/08\/favicon-remiremontinfo.png","contentUrl":"https:\/\/vosgesinfo.fr\/app\/uploads\/sites\/5\/2023\/08\/favicon-remiremontinfo.png","width":512,"height":512,"caption":"Remiremont Info"},"image":{"@id":"https:\/\/vosgesinfo.fr\/remiremontinfo\/#\/schema\/logo\/image\/"},"sameAs":["https:\/\/www.facebook.com\/remiremontinfo","https:\/\/x.com\/VosgesInfo88","https:\/\/www.youtube.com\/@vosgesinfo"]},{"@type":"Person","@id":"https:\/\/vosgesinfo.fr\/remiremontinfo\/#\/schema\/person\/27a3695b06db98895b354c0765cdfc31","name":"La redaction","image":{"@type":"ImageObject","inLanguage":"fr-FR","@id":"https:\/\/vosgesinfo.fr\/remiremontinfo\/#\/schema\/person\/image\/","url":"https:\/\/secure.gravatar.com\/avatar\/64c76a78e501cedee55736f43f332df901e1896ae9cd8fad269ae2236dd0e8b6?s=96&d=mm&r=g","contentUrl":"https:\/\/secure.gravatar.com\/avatar\/64c76a78e501cedee55736f43f332df901e1896ae9cd8fad269ae2236dd0e8b6?s=96&d=mm&r=g","caption":"La redaction"},"url":"https:\/\/vosgesinfo.fr\/remiremontinfo\/author\/la-redaction\/"}]}},"_links":{"self":[{"href":"https:\/\/vosgesinfo.fr\/remiremontinfo\/wp-json\/wp\/v2\/posts\/86185","targetHints":{"allow":["GET"]}}],"collection":[{"href":"https:\/\/vosgesinfo.fr\/remiremontinfo\/wp-json\/wp\/v2\/posts"}],"about":[{"href":"https:\/\/vosgesinfo.fr\/remiremontinfo\/wp-json\/wp\/v2\/types\/post"}],"author":[{"embeddable":true,"href":"https:\/\/vosgesinfo.fr\/remiremontinfo\/wp-json\/wp\/v2\/users\/391"}],"replies":[{"embeddable":true,"href":"https:\/\/vosgesinfo.fr\/remiremontinfo\/wp-json\/wp\/v2\/comments?post=86185"}],"version-history":[{"count":1,"href":"https:\/\/vosgesinfo.fr\/remiremontinfo\/wp-json\/wp\/v2\/posts\/86185\/revisions"}],"predecessor-version":[{"id":86202,"href":"https:\/\/vosgesinfo.fr\/remiremontinfo\/wp-json\/wp\/v2\/posts\/86185\/revisions\/86202"}],"wp:featuredmedia":[{"embeddable":true,"href":"https:\/\/vosgesinfo.fr\/remiremontinfo\/wp-json\/wp\/v2\/media\/86186"}],"wp:attachment":[{"href":"https:\/\/vosgesinfo.fr\/remiremontinfo\/wp-json\/wp\/v2\/media?parent=86185"}],"wp:term":[{"taxonomy":"category","embeddable":true,"href":"https:\/\/vosgesinfo.fr\/remiremontinfo\/wp-json\/wp\/v2\/categories?post=86185"},{"taxonomy":"post_tag","embeddable":true,"href":"https:\/\/vosgesinfo.fr\/remiremontinfo\/wp-json\/wp\/v2\/tags?post=86185"}],"curies":[{"name":"wp","href":"https:\/\/api.w.org\/{rel}","templated":true}]}}