{"id":86247,"date":"2025-10-22T13:04:17","date_gmt":"2025-10-22T11:04:17","guid":{"rendered":"https:\/\/vosgesinfo.fr\/remiremontinfo\/2025\/10\/vigilance-jaune-vent-fort-dans-les-vosges-la-tempete-benjamin-attendue-des-cette-nuit\/"},"modified":"2025-10-22T13:04:17","modified_gmt":"2025-10-22T11:04:17","slug":"vigilance-jaune-vent-fort-dans-les-vosges-la-tempete-benjamin-attendue-des-cette-nuit","status":"publish","type":"post","link":"https:\/\/vosgesinfo.fr\/remiremontinfo\/2025\/10\/vigilance-jaune-vent-fort-dans-les-vosges-la-tempete-benjamin-attendue-des-cette-nuit\/","title":{"rendered":"Vigilance jaune vent fort dans les Vosges : la temp\u00eate \u00ab Benjamin \u00bb attendue d\u00e8s cette nuit"},"content":{"rendered":"<h2 data-start=\"151\" data-end=\"398\"><strong><a href=\"https:\/\/vosgesinfo.fr\/app\/uploads\/sites\/3\/2025\/01\/201712vent-1.jpg\"><img decoding=\"async\" class=\"aligncenter size-full wp-image-126888\" src=\"https:\/\/vosgesinfo.fr\/app\/uploads\/sites\/3\/2025\/01\/201712vent-1.jpg\" alt=\"\" width=\"718\" height=\"449\" \/><\/a>Le d\u00e9partement des Vosges sera plac\u00e9 en vigilance jaune \u201cSituation M\u00e9t\u00e9orologique \u00e0 Surveiller (SMS)\u201d \u00e0 partir de ce jeudi \u00e0 02h00 jusqu\u2019\u00e0 vendredi 06h00, en raison du passage de la temp\u00eate \u00ab Benjamin \u00bb, selon M\u00e9t\u00e9o-France.<\/strong><\/h2>\n<h3 data-start=\"400\" data-end=\"433\">Un \u00e9pisode venteux marqu\u00e9<\/h3>\n<p data-start=\"434\" data-end=\"705\">Cette perturbation, qui circulera d\u2019ouest en est entre la nuit de mercredi \u00e0 jeudi et le d\u00e9but d\u2019apr\u00e8s-midi de jeudi, s\u2019annonce particuli\u00e8rement active.<br data-start=\"594\" data-end=\"597\" \/>Elle apportera des orages, des pluies localement soutenues et surtout de fortes rafales de vent.<\/p>\n<p data-start=\"707\" data-end=\"723\">Pr\u00e9visions :<\/p>\n<ul data-start=\"724\" data-end=\"1101\">\n<li data-start=\"724\" data-end=\"815\">\n<p data-start=\"726\" data-end=\"815\">Nuit de mercredi \u00e0 jeudi : rafales de 70 \u00e0 90 km\/h, localement 100 km\/h.<\/p>\n<\/li>\n<li data-start=\"816\" data-end=\"960\">\n<p data-start=\"818\" data-end=\"960\">Jeudi en fin de matin\u00e9e : le vent se renforcera avec 80 \u00e0 100 km\/h en plaine, et jusqu\u2019\u00e0 130 km\/h sur les cr\u00eates vosgiennes.<\/p>\n<\/li>\n<li data-start=\"961\" data-end=\"1101\">\n<p data-start=\"963\" data-end=\"1101\">\u00c0 partir de jeudi 14h : att\u00e9nuation progressive, mais des rafales de 60 \u00e0 80 km\/h resteront possibles jusqu\u2019en fin de nuit.<\/p>\n<\/li>\n<\/ul>\n<h3 data-start=\"1103\" data-end=\"1137\"><\/h3>\n<h3 data-start=\"1103\" data-end=\"1137\">Recommandations de prudence<\/h3>\n<p data-start=\"1138\" data-end=\"1341\">Les conditions m\u00e9t\u00e9orologiques risquent d\u2019entra\u00eener des chutes de branches ou d\u2019arbres, notamment en raison de sols humides et de la v\u00e9g\u00e9tation encore feuillue.<br data-start=\"1310\" data-end=\"1313\" \/>Les autorit\u00e9s recommandent :<\/p>\n<ul data-start=\"1342\" data-end=\"1637\">\n<li data-start=\"1342\" data-end=\"1466\">\n<p data-start=\"1344\" data-end=\"1466\">De limiter les d\u00e9placements et d\u2019\u00e9viter les activit\u00e9s ext\u00e9rieures expos\u00e9es (for\u00eats, chantiers, toitures, etc.) ;<\/p>\n<\/li>\n<li data-start=\"1467\" data-end=\"1581\">\n<p data-start=\"1469\" data-end=\"1581\">De ranger ou d\u2019attacher les objets sensibles au vent (mobilier de jardin, poubelles, \u00e9quipements l\u00e9gers) ;<\/p>\n<\/li>\n<li data-start=\"1582\" data-end=\"1637\">\n<p data-start=\"1584\" data-end=\"1637\">De rester inform\u00e9 de l\u2019\u00e9volution de la situation.<\/p>\n<\/li>\n<\/ul>\n<p data-start=\"1639\" data-end=\"1802\">\ud83d\udc49 Suivez les mises \u00e0 jour officielles sur le site de M\u00e9t\u00e9o-France :<br data-start=\"1711\" data-end=\"1714\" \/><a class=\"decorated-link\" href=\"https:\/\/vigilance.meteofrance.fr\/fr\/vosges\" target=\"_new\" rel=\"noopener\" data-start=\"1714\" data-end=\"1802\">https:\/\/vigilance.meteofrance.fr\/fr\/vosges<\/a><\/p>\n","protected":false},"excerpt":{"rendered":"<p>Le d\u00e9partement des Vosges sera plac\u00e9 en vigilance jaune \u201cSituation M\u00e9t\u00e9orologique \u00e0 Surveiller (SMS)\u201d \u00e0 partir de ce jeudi \u00e0 [&hellip;]<\/p>\n","protected":false},"author":52,"featured_media":86248,"comment_status":"open","ping_status":"open","sticky":false,"template":"","format":"standard","meta":{"footnotes":""},"categories":[26,108,62,845,43,362],"tags":[],"class_list":["post-86247","post","type-post","status-publish","format-standard","has-post-thumbnail","hentry","category-a-la-une","category-epinal","category-gerardmer","category-la-plaine-des-vosges","category-remiremont-remiremont-son-canton","category-saint-die"],"acf":[],"yoast_head":"<!-- This site is optimized with the Yoast SEO plugin v22.5 - https:\/\/yoast.com\/wordpress\/plugins\/seo\/ -->\n<title>Vigilance jaune vent fort dans les Vosges : la temp\u00eate \u00ab Benjamin \u00bb attendue d\u00e8s cette nuit - Remiremont Info<\/title>\n<meta name=\"robots\" content=\"index, follow, max-snippet:-1, max-image-preview:large, max-video-preview:-1\" \/>\n<link rel=\"canonical\" href=\"https:\/\/vosgesinfo.fr\/remiremontinfo\/2025\/10\/vigilance-jaune-vent-fort-dans-les-vosges-la-tempete-benjamin-attendue-des-cette-nuit\/\" \/>\n<meta name=\"twitter:card\" content=\"summary_large_image\" \/>\n<meta name=\"twitter:title\" content=\"Vigilance jaune vent fort dans les Vosges : la temp\u00eate \u00ab Benjamin \u00bb attendue d\u00e8s cette nuit - Remiremont Info\" \/>\n<meta name=\"twitter:description\" content=\"Le d\u00e9partement des Vosges sera plac\u00e9 en vigilance jaune \u201cSituation M\u00e9t\u00e9orologique \u00e0 Surveiller (SMS)\u201d \u00e0 partir de ce jeudi \u00e0 [&hellip;]\" \/>\n<meta name=\"twitter:image\" content=\"https:\/\/vosgesinfo.fr\/app\/uploads\/sites\/5\/2025\/10\/201712vent-1.jpg\" \/>\n<meta name=\"twitter:creator\" content=\"@VosgesInfo88\" \/>\n<meta name=\"twitter:site\" content=\"@VosgesInfo88\" \/>\n<meta name=\"twitter:label1\" content=\"\u00c9crit par\" \/>\n\t<meta name=\"twitter:data1\" content=\"C.K.\" \/>\n\t<meta name=\"twitter:label2\" content=\"Dur\u00e9e de lecture estim\u00e9e\" \/>\n\t<meta name=\"twitter:data2\" content=\"1 minute\" \/>\n<script type=\"application\/ld+json\" class=\"yoast-schema-graph\">{\"@context\":\"https:\/\/schema.org\",\"@graph\":[{\"@type\":\"Article\",\"@id\":\"https:\/\/vosgesinfo.fr\/remiremontinfo\/2025\/10\/vigilance-jaune-vent-fort-dans-les-vosges-la-tempete-benjamin-attendue-des-cette-nuit\/#article\",\"isPartOf\":{\"@id\":\"https:\/\/vosgesinfo.fr\/remiremontinfo\/2025\/10\/vigilance-jaune-vent-fort-dans-les-vosges-la-tempete-benjamin-attendue-des-cette-nuit\/\"},\"author\":{\"name\":\"C.K.\",\"@id\":\"https:\/\/vosgesinfo.fr\/remiremontinfo\/#\/schema\/person\/6f9a650eeea99d969b6c4ab78fccbe81\"},\"headline\":\"Vigilance jaune vent fort dans les Vosges : la temp\u00eate \u00ab Benjamin \u00bb attendue d\u00e8s cette nuit\",\"datePublished\":\"2025-10-22T11:04:17+00:00\",\"dateModified\":\"2025-10-22T11:04:17+00:00\",\"mainEntityOfPage\":{\"@id\":\"https:\/\/vosgesinfo.fr\/remiremontinfo\/2025\/10\/vigilance-jaune-vent-fort-dans-les-vosges-la-tempete-benjamin-attendue-des-cette-nuit\/\"},\"wordCount\":258,\"commentCount\":0,\"publisher\":{\"@id\":\"https:\/\/vosgesinfo.fr\/remiremontinfo\/#organization\"},\"image\":{\"@id\":\"https:\/\/vosgesinfo.fr\/remiremontinfo\/2025\/10\/vigilance-jaune-vent-fort-dans-les-vosges-la-tempete-benjamin-attendue-des-cette-nuit\/#primaryimage\"},\"thumbnailUrl\":\"https:\/\/vosgesinfo.fr\/app\/uploads\/sites\/5\/2025\/10\/201712vent-1.jpg\",\"articleSection\":[\"A la Une\",\"Epinal\",\"G\u00e9rardmer\",\"La plaine des vosges\",\"Remiremont\",\"Saint-di\u00e9\"],\"inLanguage\":\"fr-FR\",\"potentialAction\":[{\"@type\":\"CommentAction\",\"name\":\"Comment\",\"target\":[\"https:\/\/vosgesinfo.fr\/remiremontinfo\/2025\/10\/vigilance-jaune-vent-fort-dans-les-vosges-la-tempete-benjamin-attendue-des-cette-nuit\/#respond\"]}]},{\"@type\":\"WebPage\",\"@id\":\"https:\/\/vosgesinfo.fr\/remiremontinfo\/2025\/10\/vigilance-jaune-vent-fort-dans-les-vosges-la-tempete-benjamin-attendue-des-cette-nuit\/\",\"url\":\"https:\/\/vosgesinfo.fr\/remiremontinfo\/2025\/10\/vigilance-jaune-vent-fort-dans-les-vosges-la-tempete-benjamin-attendue-des-cette-nuit\/\",\"name\":\"Vigilance jaune vent fort dans les Vosges : la temp\u00eate \u00ab Benjamin \u00bb attendue d\u00e8s cette nuit - Remiremont Info\",\"isPartOf\":{\"@id\":\"https:\/\/vosgesinfo.fr\/remiremontinfo\/#website\"},\"primaryImageOfPage\":{\"@id\":\"https:\/\/vosgesinfo.fr\/remiremontinfo\/2025\/10\/vigilance-jaune-vent-fort-dans-les-vosges-la-tempete-benjamin-attendue-des-cette-nuit\/#primaryimage\"},\"image\":{\"@id\":\"https:\/\/vosgesinfo.fr\/remiremontinfo\/2025\/10\/vigilance-jaune-vent-fort-dans-les-vosges-la-tempete-benjamin-attendue-des-cette-nuit\/#primaryimage\"},\"thumbnailUrl\":\"https:\/\/vosgesinfo.fr\/app\/uploads\/sites\/5\/2025\/10\/201712vent-1.jpg\",\"datePublished\":\"2025-10-22T11:04:17+00:00\",\"dateModified\":\"2025-10-22T11:04:17+00:00\",\"breadcrumb\":{\"@id\":\"https:\/\/vosgesinfo.fr\/remiremontinfo\/2025\/10\/vigilance-jaune-vent-fort-dans-les-vosges-la-tempete-benjamin-attendue-des-cette-nuit\/#breadcrumb\"},\"inLanguage\":\"fr-FR\",\"potentialAction\":[{\"@type\":\"ReadAction\",\"target\":[\"https:\/\/vosgesinfo.fr\/remiremontinfo\/2025\/10\/vigilance-jaune-vent-fort-dans-les-vosges-la-tempete-benjamin-attendue-des-cette-nuit\/\"]}]},{\"@type\":\"ImageObject\",\"inLanguage\":\"fr-FR\",\"@id\":\"https:\/\/vosgesinfo.fr\/remiremontinfo\/2025\/10\/vigilance-jaune-vent-fort-dans-les-vosges-la-tempete-benjamin-attendue-des-cette-nuit\/#primaryimage\",\"url\":\"https:\/\/vosgesinfo.fr\/app\/uploads\/sites\/5\/2025\/10\/201712vent-1.jpg\",\"contentUrl\":\"https:\/\/vosgesinfo.fr\/app\/uploads\/sites\/5\/2025\/10\/201712vent-1.jpg\",\"width\":718,\"height\":449},{\"@type\":\"BreadcrumbList\",\"@id\":\"https:\/\/vosgesinfo.fr\/remiremontinfo\/2025\/10\/vigilance-jaune-vent-fort-dans-les-vosges-la-tempete-benjamin-attendue-des-cette-nuit\/#breadcrumb\",\"itemListElement\":[{\"@type\":\"ListItem\",\"position\":1,\"name\":\"Home\",\"item\":\"https:\/\/vosgesinfo.fr\/remiremontinfo\/\"},{\"@type\":\"ListItem\",\"position\":2,\"name\":\"Vigilance jaune vent fort dans les Vosges : la temp\u00eate \u00ab Benjamin \u00bb attendue d\u00e8s cette nuit\"}]},{\"@type\":\"WebSite\",\"@id\":\"https:\/\/vosgesinfo.fr\/remiremontinfo\/#website\",\"url\":\"https:\/\/vosgesinfo.fr\/remiremontinfo\/\",\"name\":\"Remiremont Info\",\"description\":\"Toute l&#039;actualit\u00e9 de Remiremont\",\"publisher\":{\"@id\":\"https:\/\/vosgesinfo.fr\/remiremontinfo\/#organization\"},\"alternateName\":\"Toute l'actualit\u00e9 de Remiremont\",\"potentialAction\":[{\"@type\":\"SearchAction\",\"target\":{\"@type\":\"EntryPoint\",\"urlTemplate\":\"https:\/\/vosgesinfo.fr\/remiremontinfo\/?s={search_term_string}\"},\"query-input\":\"required name=search_term_string\"}],\"inLanguage\":\"fr-FR\"},{\"@type\":\"Organization\",\"@id\":\"https:\/\/vosgesinfo.fr\/remiremontinfo\/#organization\",\"name\":\"Remiremont Info\",\"url\":\"https:\/\/vosgesinfo.fr\/remiremontinfo\/\",\"logo\":{\"@type\":\"ImageObject\",\"inLanguage\":\"fr-FR\",\"@id\":\"https:\/\/vosgesinfo.fr\/remiremontinfo\/#\/schema\/logo\/image\/\",\"url\":\"https:\/\/vosgesinfo.fr\/app\/uploads\/sites\/5\/2023\/08\/favicon-remiremontinfo.png\",\"contentUrl\":\"https:\/\/vosgesinfo.fr\/app\/uploads\/sites\/5\/2023\/08\/favicon-remiremontinfo.png\",\"width\":512,\"height\":512,\"caption\":\"Remiremont Info\"},\"image\":{\"@id\":\"https:\/\/vosgesinfo.fr\/remiremontinfo\/#\/schema\/logo\/image\/\"},\"sameAs\":[\"https:\/\/www.facebook.com\/remiremontinfo\",\"https:\/\/x.com\/VosgesInfo88\",\"https:\/\/www.youtube.com\/@vosgesinfo\"]},{\"@type\":\"Person\",\"@id\":\"https:\/\/vosgesinfo.fr\/remiremontinfo\/#\/schema\/person\/6f9a650eeea99d969b6c4ab78fccbe81\",\"name\":\"C.K.\",\"image\":{\"@type\":\"ImageObject\",\"inLanguage\":\"fr-FR\",\"@id\":\"https:\/\/vosgesinfo.fr\/remiremontinfo\/#\/schema\/person\/image\/\",\"url\":\"https:\/\/secure.gravatar.com\/avatar\/48e3fc7f8421ba8942be6b74a2b7f014ca39bc00dece156b7a8e098ae7dc87bf?s=96&d=mm&r=g\",\"contentUrl\":\"https:\/\/secure.gravatar.com\/avatar\/48e3fc7f8421ba8942be6b74a2b7f014ca39bc00dece156b7a8e098ae7dc87bf?s=96&d=mm&r=g\",\"caption\":\"C.K.\"},\"url\":\"https:\/\/vosgesinfo.fr\/remiremontinfo\/author\/celia-k-n\/\"}]}<\/script>\n<!-- \/ Yoast SEO plugin. -->","yoast_head_json":{"title":"Vigilance jaune vent fort dans les Vosges : la temp\u00eate \u00ab Benjamin \u00bb attendue d\u00e8s cette nuit - Remiremont Info","robots":{"index":"index","follow":"follow","max-snippet":"max-snippet:-1","max-image-preview":"max-image-preview:large","max-video-preview":"max-video-preview:-1"},"canonical":"https:\/\/vosgesinfo.fr\/remiremontinfo\/2025\/10\/vigilance-jaune-vent-fort-dans-les-vosges-la-tempete-benjamin-attendue-des-cette-nuit\/","twitter_card":"summary_large_image","twitter_title":"Vigilance jaune vent fort dans les Vosges : la temp\u00eate \u00ab Benjamin \u00bb attendue d\u00e8s cette nuit - Remiremont Info","twitter_description":"Le d\u00e9partement des Vosges sera plac\u00e9 en vigilance jaune \u201cSituation M\u00e9t\u00e9orologique \u00e0 Surveiller (SMS)\u201d \u00e0 partir de ce jeudi \u00e0 [&hellip;]","twitter_image":"https:\/\/vosgesinfo.fr\/app\/uploads\/sites\/5\/2025\/10\/201712vent-1.jpg","twitter_creator":"@VosgesInfo88","twitter_site":"@VosgesInfo88","twitter_misc":{"\u00c9crit par":"C.K.","Dur\u00e9e de lecture estim\u00e9e":"1 minute"},"schema":{"@context":"https:\/\/schema.org","@graph":[{"@type":"Article","@id":"https:\/\/vosgesinfo.fr\/remiremontinfo\/2025\/10\/vigilance-jaune-vent-fort-dans-les-vosges-la-tempete-benjamin-attendue-des-cette-nuit\/#article","isPartOf":{"@id":"https:\/\/vosgesinfo.fr\/remiremontinfo\/2025\/10\/vigilance-jaune-vent-fort-dans-les-vosges-la-tempete-benjamin-attendue-des-cette-nuit\/"},"author":{"name":"C.K.","@id":"https:\/\/vosgesinfo.fr\/remiremontinfo\/#\/schema\/person\/6f9a650eeea99d969b6c4ab78fccbe81"},"headline":"Vigilance jaune vent fort dans les Vosges : la temp\u00eate \u00ab Benjamin \u00bb attendue d\u00e8s cette nuit","datePublished":"2025-10-22T11:04:17+00:00","dateModified":"2025-10-22T11:04:17+00:00","mainEntityOfPage":{"@id":"https:\/\/vosgesinfo.fr\/remiremontinfo\/2025\/10\/vigilance-jaune-vent-fort-dans-les-vosges-la-tempete-benjamin-attendue-des-cette-nuit\/"},"wordCount":258,"commentCount":0,"publisher":{"@id":"https:\/\/vosgesinfo.fr\/remiremontinfo\/#organization"},"image":{"@id":"https:\/\/vosgesinfo.fr\/remiremontinfo\/2025\/10\/vigilance-jaune-vent-fort-dans-les-vosges-la-tempete-benjamin-attendue-des-cette-nuit\/#primaryimage"},"thumbnailUrl":"https:\/\/vosgesinfo.fr\/app\/uploads\/sites\/5\/2025\/10\/201712vent-1.jpg","articleSection":["A la Une","Epinal","G\u00e9rardmer","La plaine des vosges","Remiremont","Saint-di\u00e9"],"inLanguage":"fr-FR","potentialAction":[{"@type":"CommentAction","name":"Comment","target":["https:\/\/vosgesinfo.fr\/remiremontinfo\/2025\/10\/vigilance-jaune-vent-fort-dans-les-vosges-la-tempete-benjamin-attendue-des-cette-nuit\/#respond"]}]},{"@type":"WebPage","@id":"https:\/\/vosgesinfo.fr\/remiremontinfo\/2025\/10\/vigilance-jaune-vent-fort-dans-les-vosges-la-tempete-benjamin-attendue-des-cette-nuit\/","url":"https:\/\/vosgesinfo.fr\/remiremontinfo\/2025\/10\/vigilance-jaune-vent-fort-dans-les-vosges-la-tempete-benjamin-attendue-des-cette-nuit\/","name":"Vigilance jaune vent fort dans les Vosges : la temp\u00eate \u00ab Benjamin \u00bb attendue d\u00e8s cette nuit - Remiremont Info","isPartOf":{"@id":"https:\/\/vosgesinfo.fr\/remiremontinfo\/#website"},"primaryImageOfPage":{"@id":"https:\/\/vosgesinfo.fr\/remiremontinfo\/2025\/10\/vigilance-jaune-vent-fort-dans-les-vosges-la-tempete-benjamin-attendue-des-cette-nuit\/#primaryimage"},"image":{"@id":"https:\/\/vosgesinfo.fr\/remiremontinfo\/2025\/10\/vigilance-jaune-vent-fort-dans-les-vosges-la-tempete-benjamin-attendue-des-cette-nuit\/#primaryimage"},"thumbnailUrl":"https:\/\/vosgesinfo.fr\/app\/uploads\/sites\/5\/2025\/10\/201712vent-1.jpg","datePublished":"2025-10-22T11:04:17+00:00","dateModified":"2025-10-22T11:04:17+00:00","breadcrumb":{"@id":"https:\/\/vosgesinfo.fr\/remiremontinfo\/2025\/10\/vigilance-jaune-vent-fort-dans-les-vosges-la-tempete-benjamin-attendue-des-cette-nuit\/#breadcrumb"},"inLanguage":"fr-FR","potentialAction":[{"@type":"ReadAction","target":["https:\/\/vosgesinfo.fr\/remiremontinfo\/2025\/10\/vigilance-jaune-vent-fort-dans-les-vosges-la-tempete-benjamin-attendue-des-cette-nuit\/"]}]},{"@type":"ImageObject","inLanguage":"fr-FR","@id":"https:\/\/vosgesinfo.fr\/remiremontinfo\/2025\/10\/vigilance-jaune-vent-fort-dans-les-vosges-la-tempete-benjamin-attendue-des-cette-nuit\/#primaryimage","url":"https:\/\/vosgesinfo.fr\/app\/uploads\/sites\/5\/2025\/10\/201712vent-1.jpg","contentUrl":"https:\/\/vosgesinfo.fr\/app\/uploads\/sites\/5\/2025\/10\/201712vent-1.jpg","width":718,"height":449},{"@type":"BreadcrumbList","@id":"https:\/\/vosgesinfo.fr\/remiremontinfo\/2025\/10\/vigilance-jaune-vent-fort-dans-les-vosges-la-tempete-benjamin-attendue-des-cette-nuit\/#breadcrumb","itemListElement":[{"@type":"ListItem","position":1,"name":"Home","item":"https:\/\/vosgesinfo.fr\/remiremontinfo\/"},{"@type":"ListItem","position":2,"name":"Vigilance jaune vent fort dans les Vosges : la temp\u00eate \u00ab Benjamin \u00bb attendue d\u00e8s cette nuit"}]},{"@type":"WebSite","@id":"https:\/\/vosgesinfo.fr\/remiremontinfo\/#website","url":"https:\/\/vosgesinfo.fr\/remiremontinfo\/","name":"Remiremont Info","description":"Toute l&#039;actualit\u00e9 de Remiremont","publisher":{"@id":"https:\/\/vosgesinfo.fr\/remiremontinfo\/#organization"},"alternateName":"Toute l'actualit\u00e9 de Remiremont","potentialAction":[{"@type":"SearchAction","target":{"@type":"EntryPoint","urlTemplate":"https:\/\/vosgesinfo.fr\/remiremontinfo\/?s={search_term_string}"},"query-input":"required name=search_term_string"}],"inLanguage":"fr-FR"},{"@type":"Organization","@id":"https:\/\/vosgesinfo.fr\/remiremontinfo\/#organization","name":"Remiremont Info","url":"https:\/\/vosgesinfo.fr\/remiremontinfo\/","logo":{"@type":"ImageObject","inLanguage":"fr-FR","@id":"https:\/\/vosgesinfo.fr\/remiremontinfo\/#\/schema\/logo\/image\/","url":"https:\/\/vosgesinfo.fr\/app\/uploads\/sites\/5\/2023\/08\/favicon-remiremontinfo.png","contentUrl":"https:\/\/vosgesinfo.fr\/app\/uploads\/sites\/5\/2023\/08\/favicon-remiremontinfo.png","width":512,"height":512,"caption":"Remiremont Info"},"image":{"@id":"https:\/\/vosgesinfo.fr\/remiremontinfo\/#\/schema\/logo\/image\/"},"sameAs":["https:\/\/www.facebook.com\/remiremontinfo","https:\/\/x.com\/VosgesInfo88","https:\/\/www.youtube.com\/@vosgesinfo"]},{"@type":"Person","@id":"https:\/\/vosgesinfo.fr\/remiremontinfo\/#\/schema\/person\/6f9a650eeea99d969b6c4ab78fccbe81","name":"C.K.","image":{"@type":"ImageObject","inLanguage":"fr-FR","@id":"https:\/\/vosgesinfo.fr\/remiremontinfo\/#\/schema\/person\/image\/","url":"https:\/\/secure.gravatar.com\/avatar\/48e3fc7f8421ba8942be6b74a2b7f014ca39bc00dece156b7a8e098ae7dc87bf?s=96&d=mm&r=g","contentUrl":"https:\/\/secure.gravatar.com\/avatar\/48e3fc7f8421ba8942be6b74a2b7f014ca39bc00dece156b7a8e098ae7dc87bf?s=96&d=mm&r=g","caption":"C.K."},"url":"https:\/\/vosgesinfo.fr\/remiremontinfo\/author\/celia-k-n\/"}]}},"_links":{"self":[{"href":"https:\/\/vosgesinfo.fr\/remiremontinfo\/wp-json\/wp\/v2\/posts\/86247","targetHints":{"allow":["GET"]}}],"collection":[{"href":"https:\/\/vosgesinfo.fr\/remiremontinfo\/wp-json\/wp\/v2\/posts"}],"about":[{"href":"https:\/\/vosgesinfo.fr\/remiremontinfo\/wp-json\/wp\/v2\/types\/post"}],"author":[{"embeddable":true,"href":"https:\/\/vosgesinfo.fr\/remiremontinfo\/wp-json\/wp\/v2\/users\/52"}],"replies":[{"embeddable":true,"href":"https:\/\/vosgesinfo.fr\/remiremontinfo\/wp-json\/wp\/v2\/comments?post=86247"}],"version-history":[{"count":0,"href":"https:\/\/vosgesinfo.fr\/remiremontinfo\/wp-json\/wp\/v2\/posts\/86247\/revisions"}],"wp:featuredmedia":[{"embeddable":true,"href":"https:\/\/vosgesinfo.fr\/remiremontinfo\/wp-json\/wp\/v2\/media\/86248"}],"wp:attachment":[{"href":"https:\/\/vosgesinfo.fr\/remiremontinfo\/wp-json\/wp\/v2\/media?parent=86247"}],"wp:term":[{"taxonomy":"category","embeddable":true,"href":"https:\/\/vosgesinfo.fr\/remiremontinfo\/wp-json\/wp\/v2\/categories?post=86247"},{"taxonomy":"post_tag","embeddable":true,"href":"https:\/\/vosgesinfo.fr\/remiremontinfo\/wp-json\/wp\/v2\/tags?post=86247"}],"curies":[{"name":"wp","href":"https:\/\/api.w.org\/{rel}","templated":true}]}}