{"id":86251,"date":"2025-10-22T15:51:48","date_gmt":"2025-10-22T13:51:48","guid":{"rendered":"https:\/\/vosgesinfo.fr\/remiremontinfo\/2025\/10\/accompagnez-un-aventurier-local-qui-repart-a-lassaut-du-grand-nord\/"},"modified":"2025-10-22T15:51:48","modified_gmt":"2025-10-22T13:51:48","slug":"accompagnez-un-aventurier-local-qui-repart-a-lassaut-du-grand-nord","status":"publish","type":"post","link":"https:\/\/vosgesinfo.fr\/remiremontinfo\/2025\/10\/accompagnez-un-aventurier-local-qui-repart-a-lassaut-du-grand-nord\/","title":{"rendered":"Accompagnez un aventurier local qui repart \u00e0 l\u2019assaut du Grand Nord !"},"content":{"rendered":"<p><a href=\"https:\/\/vosgesinfo.fr\/app\/uploads\/sites\/6\/2025\/10\/expedition-polaire-voilier-agnes-blue-florent-defay.jpg\"><img decoding=\"async\" class=\"aligncenter size-full wp-image-83929\" src=\"https:\/\/vosgesinfo.fr\/app\/uploads\/sites\/6\/2025\/10\/expedition-polaire-voilier-agnes-blue-florent-defay.jpg\" alt=\"\" width=\"1520\" height=\"642\" \/><\/a><\/p>\n<p>&nbsp;<\/p>\n<p>Apr\u00e8s plusieurs ann\u00e9es d\u2019exp\u00e9ditions dans le Grand Nord, le Vosgien Florant Defay lance des <strong>voyages d\u2019aventure \u00e0 bord de son voilier Agn\u00e8s<\/strong> !<\/p>\n<p>Les deux premi\u00e8res exp\u00e9ditions sont d\u00e9sormais ouvertes :<\/p>\n<p><strong>Ski &amp; Voile en Norv\u00e8ge<\/strong>, pour vivre la magie du Grand Nord entre fjords et montagnes<\/p>\n<p>et une <strong>grande exp\u00e9dition au Svalbard<\/strong> (le pays des ours polaires), pr\u00e9vue pour l\u2019\u00e9t\u00e9 2026.<\/p>\n<p>\u00ab\u00a0<span class=\"wixui-rich-text__text\"><span class=\"color_42 wixui-rich-text__text\">Le voilier devient votre base flottante, au c\u0153ur des fjords, des glaciers et des \u00eeles recul\u00e9es. <\/span><\/span><\/p>\n<div id=\"comp-kb7nx4n0\" class=\"Z_l5lU ku3DBC zQ9jDz qvSjx3 Vq6kJx comp-kb7nx4n0 wixui-rich-text\" data-testid=\"richTextElement\">\n<p class=\"font_8 wixui-rich-text__text\"><span class=\"wixui-rich-text__text\"><span class=\"color_42 wixui-rich-text__text\">Que vous soyez une famille ou un groupe d\u2019amis en qu\u00eate d\u2019un voyage hors du temps, une \u00e9quipe de tournage \u00e0 la recherche de d\u00e9cors bruts et intacts, ou un programme scientifique souhaitant acc\u00e9der \u00e0 des zones isol\u00e9es, nous mettons notre exp\u00e9rience et notre logistique \u00e0 votre service\u00a0\u00bb pr\u00e9cise Florent Defay.<\/span><\/span><\/p>\n<\/div>\n<p>L\u2019objectif est de permettre \u00e0 quelques passionn\u00e9s de le rejoindre pour partager une aventure humaine, simple et authentique, dans des lieux parmi les plus sauvages de la plan\u00e8te.<\/p>\n<p>Plus d&rsquo;infos sur le site : <a href=\"http:\/\/www.expedition-polaire.com\" target=\"_blank\" rel=\"noopener\" data-saferedirecturl=\"https:\/\/www.google.com\/url?q=http:\/\/www.expedition-polaire.com&amp;source=gmail&amp;ust=1761223622495000&amp;usg=AOvVaw2P0vukurMzNaJR8HZN3x8O\">www.expedition-polaire.com<\/a><\/p>\n","protected":false},"excerpt":{"rendered":"<p>&nbsp; Apr\u00e8s plusieurs ann\u00e9es d\u2019exp\u00e9ditions dans le Grand Nord, le Vosgien Florant Defay lance des voyages d\u2019aventure \u00e0 bord de [&hellip;]<\/p>\n","protected":false},"author":42,"featured_media":86252,"comment_status":"open","ping_status":"open","sticky":false,"template":"","format":"standard","meta":{"footnotes":""},"categories":[26,7,108,62,845,43,362],"tags":[8558,1998,1999],"class_list":["post-86251","post","type-post","status-publish","format-standard","has-post-thumbnail","hentry","category-a-la-une","category-environnement","category-epinal","category-gerardmer","category-la-plaine-des-vosges","category-remiremont-remiremont-son-canton","category-saint-die","tag-agnes-blue","tag-florent-defay","tag-wanderlust"],"acf":[],"yoast_head":"<!-- This site is optimized with the Yoast SEO plugin v22.5 - https:\/\/yoast.com\/wordpress\/plugins\/seo\/ -->\n<title>Accompagnez un aventurier local qui repart \u00e0 l\u2019assaut du Grand Nord ! - Remiremont Info<\/title>\n<meta name=\"robots\" content=\"index, follow, max-snippet:-1, max-image-preview:large, max-video-preview:-1\" \/>\n<link rel=\"canonical\" href=\"https:\/\/vosgesinfo.fr\/remiremontinfo\/2025\/10\/accompagnez-un-aventurier-local-qui-repart-a-lassaut-du-grand-nord\/\" \/>\n<meta name=\"twitter:card\" content=\"summary_large_image\" \/>\n<meta name=\"twitter:title\" content=\"Accompagnez un aventurier local qui repart \u00e0 l\u2019assaut du Grand Nord ! - Remiremont Info\" \/>\n<meta name=\"twitter:description\" content=\"&nbsp; Apr\u00e8s plusieurs ann\u00e9es d\u2019exp\u00e9ditions dans le Grand Nord, le Vosgien Florant Defay lance des voyages d\u2019aventure \u00e0 bord de [&hellip;]\" \/>\n<meta name=\"twitter:image\" content=\"https:\/\/vosgesinfo.fr\/app\/uploads\/sites\/5\/2025\/10\/expedition-polaire-voilier-agnes-blue-florent-defay.jpg\" \/>\n<meta name=\"twitter:creator\" content=\"@VosgesInfo88\" \/>\n<meta name=\"twitter:site\" content=\"@VosgesInfo88\" \/>\n<meta name=\"twitter:label1\" content=\"\u00c9crit par\" \/>\n\t<meta name=\"twitter:data1\" content=\"QG\" \/>\n\t<meta name=\"twitter:label2\" content=\"Dur\u00e9e de lecture estim\u00e9e\" \/>\n\t<meta name=\"twitter:data2\" content=\"1 minute\" \/>\n<script type=\"application\/ld+json\" class=\"yoast-schema-graph\">{\"@context\":\"https:\/\/schema.org\",\"@graph\":[{\"@type\":\"Article\",\"@id\":\"https:\/\/vosgesinfo.fr\/remiremontinfo\/2025\/10\/accompagnez-un-aventurier-local-qui-repart-a-lassaut-du-grand-nord\/#article\",\"isPartOf\":{\"@id\":\"https:\/\/vosgesinfo.fr\/remiremontinfo\/2025\/10\/accompagnez-un-aventurier-local-qui-repart-a-lassaut-du-grand-nord\/\"},\"author\":{\"name\":\"QG\",\"@id\":\"https:\/\/vosgesinfo.fr\/remiremontinfo\/#\/schema\/person\/db5605779a843dad16b5368f3e7613a5\"},\"headline\":\"Accompagnez un aventurier local qui repart \u00e0 l\u2019assaut du Grand Nord !\",\"datePublished\":\"2025-10-22T13:51:48+00:00\",\"dateModified\":\"2025-10-22T13:51:48+00:00\",\"mainEntityOfPage\":{\"@id\":\"https:\/\/vosgesinfo.fr\/remiremontinfo\/2025\/10\/accompagnez-un-aventurier-local-qui-repart-a-lassaut-du-grand-nord\/\"},\"wordCount\":196,\"commentCount\":0,\"publisher\":{\"@id\":\"https:\/\/vosgesinfo.fr\/remiremontinfo\/#organization\"},\"image\":{\"@id\":\"https:\/\/vosgesinfo.fr\/remiremontinfo\/2025\/10\/accompagnez-un-aventurier-local-qui-repart-a-lassaut-du-grand-nord\/#primaryimage\"},\"thumbnailUrl\":\"https:\/\/vosgesinfo.fr\/app\/uploads\/sites\/5\/2025\/10\/expedition-polaire-voilier-agnes-blue-florent-defay.jpg\",\"keywords\":[\"Agn\u00e8s Blue\",\"Florent Defay\",\"Wanderlust\"],\"articleSection\":[\"A la Une\",\"Environnement\",\"Epinal\",\"G\u00e9rardmer\",\"La plaine des vosges\",\"Remiremont\",\"Saint-di\u00e9\"],\"inLanguage\":\"fr-FR\",\"potentialAction\":[{\"@type\":\"CommentAction\",\"name\":\"Comment\",\"target\":[\"https:\/\/vosgesinfo.fr\/remiremontinfo\/2025\/10\/accompagnez-un-aventurier-local-qui-repart-a-lassaut-du-grand-nord\/#respond\"]}]},{\"@type\":\"WebPage\",\"@id\":\"https:\/\/vosgesinfo.fr\/remiremontinfo\/2025\/10\/accompagnez-un-aventurier-local-qui-repart-a-lassaut-du-grand-nord\/\",\"url\":\"https:\/\/vosgesinfo.fr\/remiremontinfo\/2025\/10\/accompagnez-un-aventurier-local-qui-repart-a-lassaut-du-grand-nord\/\",\"name\":\"Accompagnez un aventurier local qui repart \u00e0 l\u2019assaut du Grand Nord ! - Remiremont Info\",\"isPartOf\":{\"@id\":\"https:\/\/vosgesinfo.fr\/remiremontinfo\/#website\"},\"primaryImageOfPage\":{\"@id\":\"https:\/\/vosgesinfo.fr\/remiremontinfo\/2025\/10\/accompagnez-un-aventurier-local-qui-repart-a-lassaut-du-grand-nord\/#primaryimage\"},\"image\":{\"@id\":\"https:\/\/vosgesinfo.fr\/remiremontinfo\/2025\/10\/accompagnez-un-aventurier-local-qui-repart-a-lassaut-du-grand-nord\/#primaryimage\"},\"thumbnailUrl\":\"https:\/\/vosgesinfo.fr\/app\/uploads\/sites\/5\/2025\/10\/expedition-polaire-voilier-agnes-blue-florent-defay.jpg\",\"datePublished\":\"2025-10-22T13:51:48+00:00\",\"dateModified\":\"2025-10-22T13:51:48+00:00\",\"breadcrumb\":{\"@id\":\"https:\/\/vosgesinfo.fr\/remiremontinfo\/2025\/10\/accompagnez-un-aventurier-local-qui-repart-a-lassaut-du-grand-nord\/#breadcrumb\"},\"inLanguage\":\"fr-FR\",\"potentialAction\":[{\"@type\":\"ReadAction\",\"target\":[\"https:\/\/vosgesinfo.fr\/remiremontinfo\/2025\/10\/accompagnez-un-aventurier-local-qui-repart-a-lassaut-du-grand-nord\/\"]}]},{\"@type\":\"ImageObject\",\"inLanguage\":\"fr-FR\",\"@id\":\"https:\/\/vosgesinfo.fr\/remiremontinfo\/2025\/10\/accompagnez-un-aventurier-local-qui-repart-a-lassaut-du-grand-nord\/#primaryimage\",\"url\":\"https:\/\/vosgesinfo.fr\/app\/uploads\/sites\/5\/2025\/10\/expedition-polaire-voilier-agnes-blue-florent-defay.jpg\",\"contentUrl\":\"https:\/\/vosgesinfo.fr\/app\/uploads\/sites\/5\/2025\/10\/expedition-polaire-voilier-agnes-blue-florent-defay.jpg\",\"width\":1520,\"height\":642},{\"@type\":\"BreadcrumbList\",\"@id\":\"https:\/\/vosgesinfo.fr\/remiremontinfo\/2025\/10\/accompagnez-un-aventurier-local-qui-repart-a-lassaut-du-grand-nord\/#breadcrumb\",\"itemListElement\":[{\"@type\":\"ListItem\",\"position\":1,\"name\":\"Home\",\"item\":\"https:\/\/vosgesinfo.fr\/remiremontinfo\/\"},{\"@type\":\"ListItem\",\"position\":2,\"name\":\"Accompagnez un aventurier local qui repart \u00e0 l\u2019assaut du Grand Nord !\"}]},{\"@type\":\"WebSite\",\"@id\":\"https:\/\/vosgesinfo.fr\/remiremontinfo\/#website\",\"url\":\"https:\/\/vosgesinfo.fr\/remiremontinfo\/\",\"name\":\"Remiremont Info\",\"description\":\"Toute l&#039;actualit\u00e9 de Remiremont\",\"publisher\":{\"@id\":\"https:\/\/vosgesinfo.fr\/remiremontinfo\/#organization\"},\"alternateName\":\"Toute l'actualit\u00e9 de Remiremont\",\"potentialAction\":[{\"@type\":\"SearchAction\",\"target\":{\"@type\":\"EntryPoint\",\"urlTemplate\":\"https:\/\/vosgesinfo.fr\/remiremontinfo\/?s={search_term_string}\"},\"query-input\":\"required name=search_term_string\"}],\"inLanguage\":\"fr-FR\"},{\"@type\":\"Organization\",\"@id\":\"https:\/\/vosgesinfo.fr\/remiremontinfo\/#organization\",\"name\":\"Remiremont Info\",\"url\":\"https:\/\/vosgesinfo.fr\/remiremontinfo\/\",\"logo\":{\"@type\":\"ImageObject\",\"inLanguage\":\"fr-FR\",\"@id\":\"https:\/\/vosgesinfo.fr\/remiremontinfo\/#\/schema\/logo\/image\/\",\"url\":\"https:\/\/vosgesinfo.fr\/app\/uploads\/sites\/5\/2023\/08\/favicon-remiremontinfo.png\",\"contentUrl\":\"https:\/\/vosgesinfo.fr\/app\/uploads\/sites\/5\/2023\/08\/favicon-remiremontinfo.png\",\"width\":512,\"height\":512,\"caption\":\"Remiremont Info\"},\"image\":{\"@id\":\"https:\/\/vosgesinfo.fr\/remiremontinfo\/#\/schema\/logo\/image\/\"},\"sameAs\":[\"https:\/\/www.facebook.com\/remiremontinfo\",\"https:\/\/x.com\/VosgesInfo88\",\"https:\/\/www.youtube.com\/@vosgesinfo\"]},{\"@type\":\"Person\",\"@id\":\"https:\/\/vosgesinfo.fr\/remiremontinfo\/#\/schema\/person\/db5605779a843dad16b5368f3e7613a5\",\"name\":\"QG\",\"image\":{\"@type\":\"ImageObject\",\"inLanguage\":\"fr-FR\",\"@id\":\"https:\/\/vosgesinfo.fr\/remiremontinfo\/#\/schema\/person\/image\/\",\"url\":\"https:\/\/secure.gravatar.com\/avatar\/ea80c42c204b534408512832fde52504ecabb9706bcb6151cf6175e5b64e6793?s=96&d=mm&r=g\",\"contentUrl\":\"https:\/\/secure.gravatar.com\/avatar\/ea80c42c204b534408512832fde52504ecabb9706bcb6151cf6175e5b64e6793?s=96&d=mm&r=g\",\"caption\":\"QG\"},\"url\":\"https:\/\/vosgesinfo.fr\/remiremontinfo\/author\/quentin88\/\"}]}<\/script>\n<!-- \/ Yoast SEO plugin. -->","yoast_head_json":{"title":"Accompagnez un aventurier local qui repart \u00e0 l\u2019assaut du Grand Nord ! - Remiremont Info","robots":{"index":"index","follow":"follow","max-snippet":"max-snippet:-1","max-image-preview":"max-image-preview:large","max-video-preview":"max-video-preview:-1"},"canonical":"https:\/\/vosgesinfo.fr\/remiremontinfo\/2025\/10\/accompagnez-un-aventurier-local-qui-repart-a-lassaut-du-grand-nord\/","twitter_card":"summary_large_image","twitter_title":"Accompagnez un aventurier local qui repart \u00e0 l\u2019assaut du Grand Nord ! - Remiremont Info","twitter_description":"&nbsp; Apr\u00e8s plusieurs ann\u00e9es d\u2019exp\u00e9ditions dans le Grand Nord, le Vosgien Florant Defay lance des voyages d\u2019aventure \u00e0 bord de [&hellip;]","twitter_image":"https:\/\/vosgesinfo.fr\/app\/uploads\/sites\/5\/2025\/10\/expedition-polaire-voilier-agnes-blue-florent-defay.jpg","twitter_creator":"@VosgesInfo88","twitter_site":"@VosgesInfo88","twitter_misc":{"\u00c9crit par":"QG","Dur\u00e9e de lecture estim\u00e9e":"1 minute"},"schema":{"@context":"https:\/\/schema.org","@graph":[{"@type":"Article","@id":"https:\/\/vosgesinfo.fr\/remiremontinfo\/2025\/10\/accompagnez-un-aventurier-local-qui-repart-a-lassaut-du-grand-nord\/#article","isPartOf":{"@id":"https:\/\/vosgesinfo.fr\/remiremontinfo\/2025\/10\/accompagnez-un-aventurier-local-qui-repart-a-lassaut-du-grand-nord\/"},"author":{"name":"QG","@id":"https:\/\/vosgesinfo.fr\/remiremontinfo\/#\/schema\/person\/db5605779a843dad16b5368f3e7613a5"},"headline":"Accompagnez un aventurier local qui repart \u00e0 l\u2019assaut du Grand Nord !","datePublished":"2025-10-22T13:51:48+00:00","dateModified":"2025-10-22T13:51:48+00:00","mainEntityOfPage":{"@id":"https:\/\/vosgesinfo.fr\/remiremontinfo\/2025\/10\/accompagnez-un-aventurier-local-qui-repart-a-lassaut-du-grand-nord\/"},"wordCount":196,"commentCount":0,"publisher":{"@id":"https:\/\/vosgesinfo.fr\/remiremontinfo\/#organization"},"image":{"@id":"https:\/\/vosgesinfo.fr\/remiremontinfo\/2025\/10\/accompagnez-un-aventurier-local-qui-repart-a-lassaut-du-grand-nord\/#primaryimage"},"thumbnailUrl":"https:\/\/vosgesinfo.fr\/app\/uploads\/sites\/5\/2025\/10\/expedition-polaire-voilier-agnes-blue-florent-defay.jpg","keywords":["Agn\u00e8s Blue","Florent Defay","Wanderlust"],"articleSection":["A la Une","Environnement","Epinal","G\u00e9rardmer","La plaine des vosges","Remiremont","Saint-di\u00e9"],"inLanguage":"fr-FR","potentialAction":[{"@type":"CommentAction","name":"Comment","target":["https:\/\/vosgesinfo.fr\/remiremontinfo\/2025\/10\/accompagnez-un-aventurier-local-qui-repart-a-lassaut-du-grand-nord\/#respond"]}]},{"@type":"WebPage","@id":"https:\/\/vosgesinfo.fr\/remiremontinfo\/2025\/10\/accompagnez-un-aventurier-local-qui-repart-a-lassaut-du-grand-nord\/","url":"https:\/\/vosgesinfo.fr\/remiremontinfo\/2025\/10\/accompagnez-un-aventurier-local-qui-repart-a-lassaut-du-grand-nord\/","name":"Accompagnez un aventurier local qui repart \u00e0 l\u2019assaut du Grand Nord ! - Remiremont Info","isPartOf":{"@id":"https:\/\/vosgesinfo.fr\/remiremontinfo\/#website"},"primaryImageOfPage":{"@id":"https:\/\/vosgesinfo.fr\/remiremontinfo\/2025\/10\/accompagnez-un-aventurier-local-qui-repart-a-lassaut-du-grand-nord\/#primaryimage"},"image":{"@id":"https:\/\/vosgesinfo.fr\/remiremontinfo\/2025\/10\/accompagnez-un-aventurier-local-qui-repart-a-lassaut-du-grand-nord\/#primaryimage"},"thumbnailUrl":"https:\/\/vosgesinfo.fr\/app\/uploads\/sites\/5\/2025\/10\/expedition-polaire-voilier-agnes-blue-florent-defay.jpg","datePublished":"2025-10-22T13:51:48+00:00","dateModified":"2025-10-22T13:51:48+00:00","breadcrumb":{"@id":"https:\/\/vosgesinfo.fr\/remiremontinfo\/2025\/10\/accompagnez-un-aventurier-local-qui-repart-a-lassaut-du-grand-nord\/#breadcrumb"},"inLanguage":"fr-FR","potentialAction":[{"@type":"ReadAction","target":["https:\/\/vosgesinfo.fr\/remiremontinfo\/2025\/10\/accompagnez-un-aventurier-local-qui-repart-a-lassaut-du-grand-nord\/"]}]},{"@type":"ImageObject","inLanguage":"fr-FR","@id":"https:\/\/vosgesinfo.fr\/remiremontinfo\/2025\/10\/accompagnez-un-aventurier-local-qui-repart-a-lassaut-du-grand-nord\/#primaryimage","url":"https:\/\/vosgesinfo.fr\/app\/uploads\/sites\/5\/2025\/10\/expedition-polaire-voilier-agnes-blue-florent-defay.jpg","contentUrl":"https:\/\/vosgesinfo.fr\/app\/uploads\/sites\/5\/2025\/10\/expedition-polaire-voilier-agnes-blue-florent-defay.jpg","width":1520,"height":642},{"@type":"BreadcrumbList","@id":"https:\/\/vosgesinfo.fr\/remiremontinfo\/2025\/10\/accompagnez-un-aventurier-local-qui-repart-a-lassaut-du-grand-nord\/#breadcrumb","itemListElement":[{"@type":"ListItem","position":1,"name":"Home","item":"https:\/\/vosgesinfo.fr\/remiremontinfo\/"},{"@type":"ListItem","position":2,"name":"Accompagnez un aventurier local qui repart \u00e0 l\u2019assaut du Grand Nord !"}]},{"@type":"WebSite","@id":"https:\/\/vosgesinfo.fr\/remiremontinfo\/#website","url":"https:\/\/vosgesinfo.fr\/remiremontinfo\/","name":"Remiremont Info","description":"Toute l&#039;actualit\u00e9 de Remiremont","publisher":{"@id":"https:\/\/vosgesinfo.fr\/remiremontinfo\/#organization"},"alternateName":"Toute l'actualit\u00e9 de Remiremont","potentialAction":[{"@type":"SearchAction","target":{"@type":"EntryPoint","urlTemplate":"https:\/\/vosgesinfo.fr\/remiremontinfo\/?s={search_term_string}"},"query-input":"required name=search_term_string"}],"inLanguage":"fr-FR"},{"@type":"Organization","@id":"https:\/\/vosgesinfo.fr\/remiremontinfo\/#organization","name":"Remiremont Info","url":"https:\/\/vosgesinfo.fr\/remiremontinfo\/","logo":{"@type":"ImageObject","inLanguage":"fr-FR","@id":"https:\/\/vosgesinfo.fr\/remiremontinfo\/#\/schema\/logo\/image\/","url":"https:\/\/vosgesinfo.fr\/app\/uploads\/sites\/5\/2023\/08\/favicon-remiremontinfo.png","contentUrl":"https:\/\/vosgesinfo.fr\/app\/uploads\/sites\/5\/2023\/08\/favicon-remiremontinfo.png","width":512,"height":512,"caption":"Remiremont Info"},"image":{"@id":"https:\/\/vosgesinfo.fr\/remiremontinfo\/#\/schema\/logo\/image\/"},"sameAs":["https:\/\/www.facebook.com\/remiremontinfo","https:\/\/x.com\/VosgesInfo88","https:\/\/www.youtube.com\/@vosgesinfo"]},{"@type":"Person","@id":"https:\/\/vosgesinfo.fr\/remiremontinfo\/#\/schema\/person\/db5605779a843dad16b5368f3e7613a5","name":"QG","image":{"@type":"ImageObject","inLanguage":"fr-FR","@id":"https:\/\/vosgesinfo.fr\/remiremontinfo\/#\/schema\/person\/image\/","url":"https:\/\/secure.gravatar.com\/avatar\/ea80c42c204b534408512832fde52504ecabb9706bcb6151cf6175e5b64e6793?s=96&d=mm&r=g","contentUrl":"https:\/\/secure.gravatar.com\/avatar\/ea80c42c204b534408512832fde52504ecabb9706bcb6151cf6175e5b64e6793?s=96&d=mm&r=g","caption":"QG"},"url":"https:\/\/vosgesinfo.fr\/remiremontinfo\/author\/quentin88\/"}]}},"_links":{"self":[{"href":"https:\/\/vosgesinfo.fr\/remiremontinfo\/wp-json\/wp\/v2\/posts\/86251","targetHints":{"allow":["GET"]}}],"collection":[{"href":"https:\/\/vosgesinfo.fr\/remiremontinfo\/wp-json\/wp\/v2\/posts"}],"about":[{"href":"https:\/\/vosgesinfo.fr\/remiremontinfo\/wp-json\/wp\/v2\/types\/post"}],"author":[{"embeddable":true,"href":"https:\/\/vosgesinfo.fr\/remiremontinfo\/wp-json\/wp\/v2\/users\/42"}],"replies":[{"embeddable":true,"href":"https:\/\/vosgesinfo.fr\/remiremontinfo\/wp-json\/wp\/v2\/comments?post=86251"}],"version-history":[{"count":0,"href":"https:\/\/vosgesinfo.fr\/remiremontinfo\/wp-json\/wp\/v2\/posts\/86251\/revisions"}],"wp:featuredmedia":[{"embeddable":true,"href":"https:\/\/vosgesinfo.fr\/remiremontinfo\/wp-json\/wp\/v2\/media\/86252"}],"wp:attachment":[{"href":"https:\/\/vosgesinfo.fr\/remiremontinfo\/wp-json\/wp\/v2\/media?parent=86251"}],"wp:term":[{"taxonomy":"category","embeddable":true,"href":"https:\/\/vosgesinfo.fr\/remiremontinfo\/wp-json\/wp\/v2\/categories?post=86251"},{"taxonomy":"post_tag","embeddable":true,"href":"https:\/\/vosgesinfo.fr\/remiremontinfo\/wp-json\/wp\/v2\/tags?post=86251"}],"curies":[{"name":"wp","href":"https:\/\/api.w.org\/{rel}","templated":true}]}}