{"id":86276,"date":"2025-10-23T12:05:23","date_gmt":"2025-10-23T10:05:23","guid":{"rendered":"https:\/\/vosgesinfo.fr\/remiremontinfo\/?p=86276"},"modified":"2025-10-23T10:25:03","modified_gmt":"2025-10-23T08:25:03","slug":"mediatheque-le-cercle-cycle-mini-village-de-noel","status":"publish","type":"post","link":"https:\/\/vosgesinfo.fr\/remiremontinfo\/2025\/10\/mediatheque-le-cercle-cycle-mini-village-de-noel\/","title":{"rendered":"M\u00e9diath\u00e8que le Cercle &#8211; Cycle \u00ab\u202fMini-village de No\u00ebl\u202f\u00bb"},"content":{"rendered":"<div class=\"x_elementToProof\" style=\"text-align: center;\"><b data-olk-copy-source=\"MessageBody\">CYCLE \u00ab\u202fMINI-VILLAGE DE NOEL\u202f\u00bb<\/b><\/div>\n<div class=\"x_elementToProof\">La m\u00e9diath\u00e8que et la Micro-Folie des Vosges Secr\u00e8tes organisent un cycle d\u2019ateliers \u00e0 l\u2019approche des f\u00eates de fin d\u2019ann\u00e9e. Les participants concevront des petites maisons en bois d\u00e9coup\u00e9es au laser qui serviront de supports lors d\u2019une s\u00e9ance de vid\u00e9o mapping (habillage num\u00e9rique des objets par vid\u00e9oprojection).<\/div>\n<div class=\"x_elementToProof\" aria-hidden=\"true\"><\/div>\n<div class=\"x_elementToProof\"><a href=\"https:\/\/vosgesinfo.fr\/app\/uploads\/sites\/5\/2025\/10\/cycle-village-de-noel-mail.jpg\"><img decoding=\"async\" class=\"alignright size-medium wp-image-86277\" src=\"https:\/\/vosgesinfo.fr\/app\/uploads\/sites\/5\/2025\/10\/cycle-village-de-noel-mail-212x300.jpg\" alt=\"\" width=\"212\" height=\"300\" srcset=\"https:\/\/vosgesinfo.fr\/app\/uploads\/sites\/5\/2025\/10\/cycle-village-de-noel-mail-212x300.jpg 212w, https:\/\/vosgesinfo.fr\/app\/uploads\/sites\/5\/2025\/10\/cycle-village-de-noel-mail-723x1024.jpg 723w, https:\/\/vosgesinfo.fr\/app\/uploads\/sites\/5\/2025\/10\/cycle-village-de-noel-mail.jpg 763w\" sizes=\"(max-width: 212px) 100vw, 212px\" \/><\/a>Sur inscription, tout public \u00e0 partir de 9 ans. Participation aux 3 s\u00e9ances requise.<\/div>\n<div class=\"x_elementToProof\" aria-hidden=\"true\"><\/div>\n<h3 class=\"x_elementToProof\">Remiremont, mercredis 26\/11, 10\/12 et 17\/12 de 14h \u00e0 16h30.<\/h3>\n<div class=\"x_elementToProof\"><\/div>\n<div class=\"x_elementToProof\">Un atelier de cr\u00e9ation de d\u00e9corations de No\u00ebl d\u00e9coup\u00e9es au laser sera \u00e9galement propos\u00e9 en compl\u00e9ment de l\u2019animation \u00ab No\u00ebl en papier \u00bb. Tout public, entr\u00e9e libre.<\/div>\n<div class=\"x_elementToProof\"><strong>Remiremont, samedi 6 d\u00e9cembre de 14h00 \u00e0 17h00.<\/strong><\/div>\n","protected":false},"excerpt":{"rendered":"<p>CYCLE \u00ab\u202fMINI-VILLAGE DE NOEL\u202f\u00bb La m\u00e9diath\u00e8que et la Micro-Folie des Vosges Secr\u00e8tes organisent un cycle d\u2019ateliers \u00e0 l\u2019approche des f\u00eates [&hellip;]<\/p>\n","protected":false},"author":391,"featured_media":86277,"comment_status":"open","ping_status":"open","sticky":false,"template":"","format":"standard","meta":{"footnotes":""},"categories":[26,4,43],"tags":[7255],"class_list":["post-86276","post","type-post","status-publish","format-standard","has-post-thumbnail","hentry","category-a-la-une","category-culture","category-remiremont-remiremont-son-canton","tag-mediatheque-intercommunale-le-cercle"],"acf":[],"yoast_head":"<!-- This site is optimized with the Yoast SEO plugin v22.5 - https:\/\/yoast.com\/wordpress\/plugins\/seo\/ -->\n<title>M\u00e9diath\u00e8que le Cercle - Cycle \u00ab\u202fMini-village de No\u00ebl\u202f\u00bb - Remiremont Info<\/title>\n<meta name=\"robots\" content=\"index, follow, max-snippet:-1, max-image-preview:large, max-video-preview:-1\" \/>\n<link rel=\"canonical\" href=\"https:\/\/vosgesinfo.fr\/remiremontinfo\/2025\/10\/mediatheque-le-cercle-cycle-mini-village-de-noel\/\" \/>\n<meta name=\"twitter:card\" content=\"summary_large_image\" \/>\n<meta name=\"twitter:title\" content=\"M\u00e9diath\u00e8que le Cercle - Cycle \u00ab\u202fMini-village de No\u00ebl\u202f\u00bb - Remiremont Info\" \/>\n<meta name=\"twitter:description\" content=\"CYCLE \u00ab\u202fMINI-VILLAGE DE NOEL\u202f\u00bb La m\u00e9diath\u00e8que et la Micro-Folie des Vosges Secr\u00e8tes organisent un cycle d\u2019ateliers \u00e0 l\u2019approche des f\u00eates [&hellip;]\" \/>\n<meta name=\"twitter:image\" content=\"https:\/\/vosgesinfo.fr\/app\/uploads\/sites\/5\/2025\/10\/cycle-village-de-noel-mail.jpg\" \/>\n<meta name=\"twitter:creator\" content=\"@VosgesInfo88\" \/>\n<meta name=\"twitter:site\" content=\"@VosgesInfo88\" \/>\n<meta name=\"twitter:label1\" content=\"\u00c9crit par\" \/>\n\t<meta name=\"twitter:data1\" content=\"La redaction\" \/>\n\t<meta name=\"twitter:label2\" content=\"Dur\u00e9e de lecture estim\u00e9e\" \/>\n\t<meta name=\"twitter:data2\" content=\"1 minute\" \/>\n<script type=\"application\/ld+json\" class=\"yoast-schema-graph\">{\"@context\":\"https:\/\/schema.org\",\"@graph\":[{\"@type\":\"Article\",\"@id\":\"https:\/\/vosgesinfo.fr\/remiremontinfo\/2025\/10\/mediatheque-le-cercle-cycle-mini-village-de-noel\/#article\",\"isPartOf\":{\"@id\":\"https:\/\/vosgesinfo.fr\/remiremontinfo\/2025\/10\/mediatheque-le-cercle-cycle-mini-village-de-noel\/\"},\"author\":{\"name\":\"La redaction\",\"@id\":\"https:\/\/vosgesinfo.fr\/remiremontinfo\/#\/schema\/person\/27a3695b06db98895b354c0765cdfc31\"},\"headline\":\"M\u00e9diath\u00e8que le Cercle &#8211; Cycle \u00ab\u202fMini-village de No\u00ebl\u202f\u00bb\",\"datePublished\":\"2025-10-23T10:05:23+00:00\",\"dateModified\":\"2025-10-23T08:25:03+00:00\",\"mainEntityOfPage\":{\"@id\":\"https:\/\/vosgesinfo.fr\/remiremontinfo\/2025\/10\/mediatheque-le-cercle-cycle-mini-village-de-noel\/\"},\"wordCount\":134,\"commentCount\":0,\"publisher\":{\"@id\":\"https:\/\/vosgesinfo.fr\/remiremontinfo\/#organization\"},\"image\":{\"@id\":\"https:\/\/vosgesinfo.fr\/remiremontinfo\/2025\/10\/mediatheque-le-cercle-cycle-mini-village-de-noel\/#primaryimage\"},\"thumbnailUrl\":\"https:\/\/vosgesinfo.fr\/app\/uploads\/sites\/5\/2025\/10\/cycle-village-de-noel-mail.jpg\",\"keywords\":[\"m\u00e9diath\u00e8que intercommunale Le Cercle\"],\"articleSection\":[\"A la Une\",\"Culture\",\"Remiremont\"],\"inLanguage\":\"fr-FR\",\"potentialAction\":[{\"@type\":\"CommentAction\",\"name\":\"Comment\",\"target\":[\"https:\/\/vosgesinfo.fr\/remiremontinfo\/2025\/10\/mediatheque-le-cercle-cycle-mini-village-de-noel\/#respond\"]}]},{\"@type\":\"WebPage\",\"@id\":\"https:\/\/vosgesinfo.fr\/remiremontinfo\/2025\/10\/mediatheque-le-cercle-cycle-mini-village-de-noel\/\",\"url\":\"https:\/\/vosgesinfo.fr\/remiremontinfo\/2025\/10\/mediatheque-le-cercle-cycle-mini-village-de-noel\/\",\"name\":\"M\u00e9diath\u00e8que le Cercle - Cycle \u00ab\u202fMini-village de No\u00ebl\u202f\u00bb - Remiremont Info\",\"isPartOf\":{\"@id\":\"https:\/\/vosgesinfo.fr\/remiremontinfo\/#website\"},\"primaryImageOfPage\":{\"@id\":\"https:\/\/vosgesinfo.fr\/remiremontinfo\/2025\/10\/mediatheque-le-cercle-cycle-mini-village-de-noel\/#primaryimage\"},\"image\":{\"@id\":\"https:\/\/vosgesinfo.fr\/remiremontinfo\/2025\/10\/mediatheque-le-cercle-cycle-mini-village-de-noel\/#primaryimage\"},\"thumbnailUrl\":\"https:\/\/vosgesinfo.fr\/app\/uploads\/sites\/5\/2025\/10\/cycle-village-de-noel-mail.jpg\",\"datePublished\":\"2025-10-23T10:05:23+00:00\",\"dateModified\":\"2025-10-23T08:25:03+00:00\",\"breadcrumb\":{\"@id\":\"https:\/\/vosgesinfo.fr\/remiremontinfo\/2025\/10\/mediatheque-le-cercle-cycle-mini-village-de-noel\/#breadcrumb\"},\"inLanguage\":\"fr-FR\",\"potentialAction\":[{\"@type\":\"ReadAction\",\"target\":[\"https:\/\/vosgesinfo.fr\/remiremontinfo\/2025\/10\/mediatheque-le-cercle-cycle-mini-village-de-noel\/\"]}]},{\"@type\":\"ImageObject\",\"inLanguage\":\"fr-FR\",\"@id\":\"https:\/\/vosgesinfo.fr\/remiremontinfo\/2025\/10\/mediatheque-le-cercle-cycle-mini-village-de-noel\/#primaryimage\",\"url\":\"https:\/\/vosgesinfo.fr\/app\/uploads\/sites\/5\/2025\/10\/cycle-village-de-noel-mail.jpg\",\"contentUrl\":\"https:\/\/vosgesinfo.fr\/app\/uploads\/sites\/5\/2025\/10\/cycle-village-de-noel-mail.jpg\",\"width\":763,\"height\":1080},{\"@type\":\"BreadcrumbList\",\"@id\":\"https:\/\/vosgesinfo.fr\/remiremontinfo\/2025\/10\/mediatheque-le-cercle-cycle-mini-village-de-noel\/#breadcrumb\",\"itemListElement\":[{\"@type\":\"ListItem\",\"position\":1,\"name\":\"Home\",\"item\":\"https:\/\/vosgesinfo.fr\/remiremontinfo\/\"},{\"@type\":\"ListItem\",\"position\":2,\"name\":\"M\u00e9diath\u00e8que le Cercle &#8211; Cycle \u00ab\u202fMini-village de No\u00ebl\u202f\u00bb\"}]},{\"@type\":\"WebSite\",\"@id\":\"https:\/\/vosgesinfo.fr\/remiremontinfo\/#website\",\"url\":\"https:\/\/vosgesinfo.fr\/remiremontinfo\/\",\"name\":\"Remiremont Info\",\"description\":\"Toute l&#039;actualit\u00e9 de Remiremont\",\"publisher\":{\"@id\":\"https:\/\/vosgesinfo.fr\/remiremontinfo\/#organization\"},\"alternateName\":\"Toute l'actualit\u00e9 de Remiremont\",\"potentialAction\":[{\"@type\":\"SearchAction\",\"target\":{\"@type\":\"EntryPoint\",\"urlTemplate\":\"https:\/\/vosgesinfo.fr\/remiremontinfo\/?s={search_term_string}\"},\"query-input\":\"required name=search_term_string\"}],\"inLanguage\":\"fr-FR\"},{\"@type\":\"Organization\",\"@id\":\"https:\/\/vosgesinfo.fr\/remiremontinfo\/#organization\",\"name\":\"Remiremont Info\",\"url\":\"https:\/\/vosgesinfo.fr\/remiremontinfo\/\",\"logo\":{\"@type\":\"ImageObject\",\"inLanguage\":\"fr-FR\",\"@id\":\"https:\/\/vosgesinfo.fr\/remiremontinfo\/#\/schema\/logo\/image\/\",\"url\":\"https:\/\/vosgesinfo.fr\/app\/uploads\/sites\/5\/2023\/08\/favicon-remiremontinfo.png\",\"contentUrl\":\"https:\/\/vosgesinfo.fr\/app\/uploads\/sites\/5\/2023\/08\/favicon-remiremontinfo.png\",\"width\":512,\"height\":512,\"caption\":\"Remiremont Info\"},\"image\":{\"@id\":\"https:\/\/vosgesinfo.fr\/remiremontinfo\/#\/schema\/logo\/image\/\"},\"sameAs\":[\"https:\/\/www.facebook.com\/remiremontinfo\",\"https:\/\/x.com\/VosgesInfo88\",\"https:\/\/www.youtube.com\/@vosgesinfo\"]},{\"@type\":\"Person\",\"@id\":\"https:\/\/vosgesinfo.fr\/remiremontinfo\/#\/schema\/person\/27a3695b06db98895b354c0765cdfc31\",\"name\":\"La redaction\",\"image\":{\"@type\":\"ImageObject\",\"inLanguage\":\"fr-FR\",\"@id\":\"https:\/\/vosgesinfo.fr\/remiremontinfo\/#\/schema\/person\/image\/\",\"url\":\"https:\/\/secure.gravatar.com\/avatar\/64c76a78e501cedee55736f43f332df901e1896ae9cd8fad269ae2236dd0e8b6?s=96&d=mm&r=g\",\"contentUrl\":\"https:\/\/secure.gravatar.com\/avatar\/64c76a78e501cedee55736f43f332df901e1896ae9cd8fad269ae2236dd0e8b6?s=96&d=mm&r=g\",\"caption\":\"La redaction\"},\"url\":\"https:\/\/vosgesinfo.fr\/remiremontinfo\/author\/la-redaction\/\"}]}<\/script>\n<!-- \/ Yoast SEO plugin. -->","yoast_head_json":{"title":"M\u00e9diath\u00e8que le Cercle - Cycle \u00ab\u202fMini-village de No\u00ebl\u202f\u00bb - Remiremont Info","robots":{"index":"index","follow":"follow","max-snippet":"max-snippet:-1","max-image-preview":"max-image-preview:large","max-video-preview":"max-video-preview:-1"},"canonical":"https:\/\/vosgesinfo.fr\/remiremontinfo\/2025\/10\/mediatheque-le-cercle-cycle-mini-village-de-noel\/","twitter_card":"summary_large_image","twitter_title":"M\u00e9diath\u00e8que le Cercle - Cycle \u00ab\u202fMini-village de No\u00ebl\u202f\u00bb - Remiremont Info","twitter_description":"CYCLE \u00ab\u202fMINI-VILLAGE DE NOEL\u202f\u00bb La m\u00e9diath\u00e8que et la Micro-Folie des Vosges Secr\u00e8tes organisent un cycle d\u2019ateliers \u00e0 l\u2019approche des f\u00eates [&hellip;]","twitter_image":"https:\/\/vosgesinfo.fr\/app\/uploads\/sites\/5\/2025\/10\/cycle-village-de-noel-mail.jpg","twitter_creator":"@VosgesInfo88","twitter_site":"@VosgesInfo88","twitter_misc":{"\u00c9crit par":"La redaction","Dur\u00e9e de lecture estim\u00e9e":"1 minute"},"schema":{"@context":"https:\/\/schema.org","@graph":[{"@type":"Article","@id":"https:\/\/vosgesinfo.fr\/remiremontinfo\/2025\/10\/mediatheque-le-cercle-cycle-mini-village-de-noel\/#article","isPartOf":{"@id":"https:\/\/vosgesinfo.fr\/remiremontinfo\/2025\/10\/mediatheque-le-cercle-cycle-mini-village-de-noel\/"},"author":{"name":"La redaction","@id":"https:\/\/vosgesinfo.fr\/remiremontinfo\/#\/schema\/person\/27a3695b06db98895b354c0765cdfc31"},"headline":"M\u00e9diath\u00e8que le Cercle &#8211; Cycle \u00ab\u202fMini-village de No\u00ebl\u202f\u00bb","datePublished":"2025-10-23T10:05:23+00:00","dateModified":"2025-10-23T08:25:03+00:00","mainEntityOfPage":{"@id":"https:\/\/vosgesinfo.fr\/remiremontinfo\/2025\/10\/mediatheque-le-cercle-cycle-mini-village-de-noel\/"},"wordCount":134,"commentCount":0,"publisher":{"@id":"https:\/\/vosgesinfo.fr\/remiremontinfo\/#organization"},"image":{"@id":"https:\/\/vosgesinfo.fr\/remiremontinfo\/2025\/10\/mediatheque-le-cercle-cycle-mini-village-de-noel\/#primaryimage"},"thumbnailUrl":"https:\/\/vosgesinfo.fr\/app\/uploads\/sites\/5\/2025\/10\/cycle-village-de-noel-mail.jpg","keywords":["m\u00e9diath\u00e8que intercommunale Le Cercle"],"articleSection":["A la Une","Culture","Remiremont"],"inLanguage":"fr-FR","potentialAction":[{"@type":"CommentAction","name":"Comment","target":["https:\/\/vosgesinfo.fr\/remiremontinfo\/2025\/10\/mediatheque-le-cercle-cycle-mini-village-de-noel\/#respond"]}]},{"@type":"WebPage","@id":"https:\/\/vosgesinfo.fr\/remiremontinfo\/2025\/10\/mediatheque-le-cercle-cycle-mini-village-de-noel\/","url":"https:\/\/vosgesinfo.fr\/remiremontinfo\/2025\/10\/mediatheque-le-cercle-cycle-mini-village-de-noel\/","name":"M\u00e9diath\u00e8que le Cercle - Cycle \u00ab\u202fMini-village de No\u00ebl\u202f\u00bb - Remiremont Info","isPartOf":{"@id":"https:\/\/vosgesinfo.fr\/remiremontinfo\/#website"},"primaryImageOfPage":{"@id":"https:\/\/vosgesinfo.fr\/remiremontinfo\/2025\/10\/mediatheque-le-cercle-cycle-mini-village-de-noel\/#primaryimage"},"image":{"@id":"https:\/\/vosgesinfo.fr\/remiremontinfo\/2025\/10\/mediatheque-le-cercle-cycle-mini-village-de-noel\/#primaryimage"},"thumbnailUrl":"https:\/\/vosgesinfo.fr\/app\/uploads\/sites\/5\/2025\/10\/cycle-village-de-noel-mail.jpg","datePublished":"2025-10-23T10:05:23+00:00","dateModified":"2025-10-23T08:25:03+00:00","breadcrumb":{"@id":"https:\/\/vosgesinfo.fr\/remiremontinfo\/2025\/10\/mediatheque-le-cercle-cycle-mini-village-de-noel\/#breadcrumb"},"inLanguage":"fr-FR","potentialAction":[{"@type":"ReadAction","target":["https:\/\/vosgesinfo.fr\/remiremontinfo\/2025\/10\/mediatheque-le-cercle-cycle-mini-village-de-noel\/"]}]},{"@type":"ImageObject","inLanguage":"fr-FR","@id":"https:\/\/vosgesinfo.fr\/remiremontinfo\/2025\/10\/mediatheque-le-cercle-cycle-mini-village-de-noel\/#primaryimage","url":"https:\/\/vosgesinfo.fr\/app\/uploads\/sites\/5\/2025\/10\/cycle-village-de-noel-mail.jpg","contentUrl":"https:\/\/vosgesinfo.fr\/app\/uploads\/sites\/5\/2025\/10\/cycle-village-de-noel-mail.jpg","width":763,"height":1080},{"@type":"BreadcrumbList","@id":"https:\/\/vosgesinfo.fr\/remiremontinfo\/2025\/10\/mediatheque-le-cercle-cycle-mini-village-de-noel\/#breadcrumb","itemListElement":[{"@type":"ListItem","position":1,"name":"Home","item":"https:\/\/vosgesinfo.fr\/remiremontinfo\/"},{"@type":"ListItem","position":2,"name":"M\u00e9diath\u00e8que le Cercle &#8211; Cycle \u00ab\u202fMini-village de No\u00ebl\u202f\u00bb"}]},{"@type":"WebSite","@id":"https:\/\/vosgesinfo.fr\/remiremontinfo\/#website","url":"https:\/\/vosgesinfo.fr\/remiremontinfo\/","name":"Remiremont Info","description":"Toute l&#039;actualit\u00e9 de Remiremont","publisher":{"@id":"https:\/\/vosgesinfo.fr\/remiremontinfo\/#organization"},"alternateName":"Toute l'actualit\u00e9 de Remiremont","potentialAction":[{"@type":"SearchAction","target":{"@type":"EntryPoint","urlTemplate":"https:\/\/vosgesinfo.fr\/remiremontinfo\/?s={search_term_string}"},"query-input":"required name=search_term_string"}],"inLanguage":"fr-FR"},{"@type":"Organization","@id":"https:\/\/vosgesinfo.fr\/remiremontinfo\/#organization","name":"Remiremont Info","url":"https:\/\/vosgesinfo.fr\/remiremontinfo\/","logo":{"@type":"ImageObject","inLanguage":"fr-FR","@id":"https:\/\/vosgesinfo.fr\/remiremontinfo\/#\/schema\/logo\/image\/","url":"https:\/\/vosgesinfo.fr\/app\/uploads\/sites\/5\/2023\/08\/favicon-remiremontinfo.png","contentUrl":"https:\/\/vosgesinfo.fr\/app\/uploads\/sites\/5\/2023\/08\/favicon-remiremontinfo.png","width":512,"height":512,"caption":"Remiremont Info"},"image":{"@id":"https:\/\/vosgesinfo.fr\/remiremontinfo\/#\/schema\/logo\/image\/"},"sameAs":["https:\/\/www.facebook.com\/remiremontinfo","https:\/\/x.com\/VosgesInfo88","https:\/\/www.youtube.com\/@vosgesinfo"]},{"@type":"Person","@id":"https:\/\/vosgesinfo.fr\/remiremontinfo\/#\/schema\/person\/27a3695b06db98895b354c0765cdfc31","name":"La redaction","image":{"@type":"ImageObject","inLanguage":"fr-FR","@id":"https:\/\/vosgesinfo.fr\/remiremontinfo\/#\/schema\/person\/image\/","url":"https:\/\/secure.gravatar.com\/avatar\/64c76a78e501cedee55736f43f332df901e1896ae9cd8fad269ae2236dd0e8b6?s=96&d=mm&r=g","contentUrl":"https:\/\/secure.gravatar.com\/avatar\/64c76a78e501cedee55736f43f332df901e1896ae9cd8fad269ae2236dd0e8b6?s=96&d=mm&r=g","caption":"La redaction"},"url":"https:\/\/vosgesinfo.fr\/remiremontinfo\/author\/la-redaction\/"}]}},"_links":{"self":[{"href":"https:\/\/vosgesinfo.fr\/remiremontinfo\/wp-json\/wp\/v2\/posts\/86276","targetHints":{"allow":["GET"]}}],"collection":[{"href":"https:\/\/vosgesinfo.fr\/remiremontinfo\/wp-json\/wp\/v2\/posts"}],"about":[{"href":"https:\/\/vosgesinfo.fr\/remiremontinfo\/wp-json\/wp\/v2\/types\/post"}],"author":[{"embeddable":true,"href":"https:\/\/vosgesinfo.fr\/remiremontinfo\/wp-json\/wp\/v2\/users\/391"}],"replies":[{"embeddable":true,"href":"https:\/\/vosgesinfo.fr\/remiremontinfo\/wp-json\/wp\/v2\/comments?post=86276"}],"version-history":[{"count":1,"href":"https:\/\/vosgesinfo.fr\/remiremontinfo\/wp-json\/wp\/v2\/posts\/86276\/revisions"}],"predecessor-version":[{"id":86278,"href":"https:\/\/vosgesinfo.fr\/remiremontinfo\/wp-json\/wp\/v2\/posts\/86276\/revisions\/86278"}],"wp:featuredmedia":[{"embeddable":true,"href":"https:\/\/vosgesinfo.fr\/remiremontinfo\/wp-json\/wp\/v2\/media\/86277"}],"wp:attachment":[{"href":"https:\/\/vosgesinfo.fr\/remiremontinfo\/wp-json\/wp\/v2\/media?parent=86276"}],"wp:term":[{"taxonomy":"category","embeddable":true,"href":"https:\/\/vosgesinfo.fr\/remiremontinfo\/wp-json\/wp\/v2\/categories?post=86276"},{"taxonomy":"post_tag","embeddable":true,"href":"https:\/\/vosgesinfo.fr\/remiremontinfo\/wp-json\/wp\/v2\/tags?post=86276"}],"curies":[{"name":"wp","href":"https:\/\/api.w.org\/{rel}","templated":true}]}}