{"id":86447,"date":"2025-10-29T18:33:34","date_gmt":"2025-10-29T17:33:34","guid":{"rendered":"https:\/\/vosgesinfo.fr\/remiremontinfo\/?p=86447"},"modified":"2025-10-30T10:48:53","modified_gmt":"2025-10-30T09:48:53","slug":"le-12e-salon-de-lhabitat-sinstalle-a-remiremont-trois-jours-dedies-a-la-maison-et-a-la-renovation","status":"publish","type":"post","link":"https:\/\/vosgesinfo.fr\/remiremontinfo\/2025\/10\/le-12e-salon-de-lhabitat-sinstalle-a-remiremont-trois-jours-dedies-a-la-maison-et-a-la-renovation\/","title":{"rendered":"Le 12e Salon de l\u2019Habitat s\u2019installe \u00e0 Remiremont : trois jours d\u00e9di\u00e9s \u00e0 la maison et \u00e0 la r\u00e9novation"},"content":{"rendered":"<h2 data-start=\"256\" data-end=\"650\"><strong><a href=\"https:\/\/vosgesinfo.fr\/app\/uploads\/sites\/5\/2025\/10\/thumbnail-alp07019.jpg\"><img decoding=\"async\" class=\"aligncenter wp-image-86471 size-full\" src=\"https:\/\/vosgesinfo.fr\/app\/uploads\/sites\/5\/2025\/10\/thumbnail-alp07019.jpg\" alt=\"\" width=\"1909\" height=\"1080\" srcset=\"https:\/\/vosgesinfo.fr\/app\/uploads\/sites\/5\/2025\/10\/thumbnail-alp07019.jpg 1909w, https:\/\/vosgesinfo.fr\/app\/uploads\/sites\/5\/2025\/10\/thumbnail-alp07019-300x170.jpg 300w, https:\/\/vosgesinfo.fr\/app\/uploads\/sites\/5\/2025\/10\/thumbnail-alp07019-1024x579.jpg 1024w, https:\/\/vosgesinfo.fr\/app\/uploads\/sites\/5\/2025\/10\/thumbnail-alp07019-768x434.jpg 768w, https:\/\/vosgesinfo.fr\/app\/uploads\/sites\/5\/2025\/10\/thumbnail-alp07019-1536x869.jpg 1536w\" sizes=\"(max-width: 1909px) 100vw, 1909px\" \/><\/a>Le Palais des Congr\u00e8s de Remiremont s\u2019appr\u00eate \u00e0 vibrer au rythme du 12e Salon de l\u2019Habitat, un \u00e9v\u00e9nement devenu un passage oblig\u00e9 pour toutes celles et ceux qui souhaitent embellir, moderniser ou repenser leur logement. Organis\u00e9 par Vosges Event, ce rendez-vous annuel attire chaque ann\u00e9e plusieurs milliers de visiteurs venus \u00e0 la rencontre des artisans et professionnels du territoire.<\/strong><\/h2>\n<h3 data-start=\"652\" data-end=\"695\"><a href=\"https:\/\/vosgesinfo.fr\/app\/uploads\/sites\/5\/2025\/10\/thumbnail-alp07015.jpg\"><img decoding=\"async\" class=\"alignleft size-medium wp-image-86472\" src=\"https:\/\/vosgesinfo.fr\/app\/uploads\/sites\/5\/2025\/10\/thumbnail-alp07015-300x170.jpg\" alt=\"\" width=\"300\" height=\"170\" srcset=\"https:\/\/vosgesinfo.fr\/app\/uploads\/sites\/5\/2025\/10\/thumbnail-alp07015-300x170.jpg 300w, https:\/\/vosgesinfo.fr\/app\/uploads\/sites\/5\/2025\/10\/thumbnail-alp07015-1024x579.jpg 1024w, https:\/\/vosgesinfo.fr\/app\/uploads\/sites\/5\/2025\/10\/thumbnail-alp07015-768x434.jpg 768w, https:\/\/vosgesinfo.fr\/app\/uploads\/sites\/5\/2025\/10\/thumbnail-alp07015-1536x869.jpg 1536w, https:\/\/vosgesinfo.fr\/app\/uploads\/sites\/5\/2025\/10\/thumbnail-alp07015.jpg 1909w\" sizes=\"(max-width: 300px) 100vw, 300px\" \/><\/a>Trois jours pour faire le plein d\u2019id\u00e9es<\/h3>\n<p data-start=\"696\" data-end=\"906\">Du <strong data-start=\"699\" data-end=\"741\">vendredi 7 au dimanche 9 novembre 2025<\/strong>, une <strong data-start=\"747\" data-end=\"781\">quarantaine d\u2019exposants locaux<\/strong> seront r\u00e9unis pour pr\u00e9senter leurs savoir-faire et leurs innovations. Le salon couvre tous les domaines li\u00e9s \u00e0 la maison :<\/p>\n<ul data-start=\"907\" data-end=\"1588\">\n<li data-start=\"907\" data-end=\"1110\">\n<p data-start=\"909\" data-end=\"1110\"><strong data-start=\"909\" data-end=\"945\">Travaux int\u00e9rieurs et ext\u00e9rieurs<\/strong> : plaquistes, carreleurs, ma\u00eetres d\u2019\u0153uvre, d\u00e9corateurs, sp\u00e9cialistes des salles de bain, menuiseries, fen\u00eatres, literie, isolation des murs, combles ou sous-sols\u2026<\/p>\n<\/li>\n<li data-start=\"1111\" data-end=\"1277\">\n<p data-start=\"1113\" data-end=\"1277\"><strong data-start=\"1113\" data-end=\"1135\">\u00c9nergie et confort<\/strong> : chauffagistes, installateurs de pompes \u00e0 chaleur et de chaudi\u00e8res, sp\u00e9cialistes des po\u00eales, panneaux solaires, \u00e9lectriciens et plombiers.<\/p>\n<\/li>\n<li data-start=\"1278\" data-end=\"1366\">\n<p data-start=\"1280\" data-end=\"1366\"><strong data-start=\"1280\" data-end=\"1307\">Am\u00e9nagements ext\u00e9rieurs<\/strong> : pergolas, v\u00e9randas, carports, stores et espaces verts.<\/p>\n<\/li>\n<li data-start=\"1367\" data-end=\"1588\">\n<p data-start=\"1369\" data-end=\"1588\"><strong data-start=\"1369\" data-end=\"1397\">Services compl\u00e9mentaires<\/strong> : agences immobili\u00e8res, conseils en financement, sans oublier la <strong data-start=\"1463\" data-end=\"1489\">Communaut\u00e9 de Communes<\/strong>, pr\u00e9sente pour informer le public sur les diff\u00e9rentes <strong data-start=\"1544\" data-end=\"1565\">aides disponibles<\/strong> pour les particuliers.<\/p>\n<\/li>\n<\/ul>\n<h3 data-start=\"1590\" data-end=\"1627\"><a href=\"https:\/\/vosgesinfo.fr\/app\/uploads\/sites\/5\/2025\/10\/thumbnail-alp07020.jpg\"><img decoding=\"async\" class=\"alignright size-medium wp-image-86473\" src=\"https:\/\/vosgesinfo.fr\/app\/uploads\/sites\/5\/2025\/10\/thumbnail-alp07020-300x170.jpg\" alt=\"\" width=\"300\" height=\"170\" srcset=\"https:\/\/vosgesinfo.fr\/app\/uploads\/sites\/5\/2025\/10\/thumbnail-alp07020-300x170.jpg 300w, https:\/\/vosgesinfo.fr\/app\/uploads\/sites\/5\/2025\/10\/thumbnail-alp07020-1024x579.jpg 1024w, https:\/\/vosgesinfo.fr\/app\/uploads\/sites\/5\/2025\/10\/thumbnail-alp07020-768x434.jpg 768w, https:\/\/vosgesinfo.fr\/app\/uploads\/sites\/5\/2025\/10\/thumbnail-alp07020-1536x869.jpg 1536w, https:\/\/vosgesinfo.fr\/app\/uploads\/sites\/5\/2025\/10\/thumbnail-alp07020.jpg 1909w\" sizes=\"(max-width: 300px) 100vw, 300px\" \/><\/a>Un salon convivial et 100 % local<\/h3>\n<p data-start=\"1628\" data-end=\"1893\">Plus qu\u2019un simple salon, cet \u00e9v\u00e9nement se veut un <strong data-start=\"1678\" data-end=\"1715\">moment d\u2019\u00e9changes et de proximit\u00e9<\/strong>, valorisant le travail d\u2019artisans et d\u2019entreprises du secteur. L\u2019entr\u00e9e est <strong data-start=\"1792\" data-end=\"1804\">gratuite<\/strong>, et une <strong data-start=\"1813\" data-end=\"1824\">buvette<\/strong> sera install\u00e9e sur place pour rendre la visite encore plus agr\u00e9able.<\/p>\n<h3 data-start=\"1900\" data-end=\"1922\">\ud83c\udfe0 Infos pratiques<\/h3>\n<p data-start=\"1923\" data-end=\"1949\"><strong data-start=\"1923\" data-end=\"1947\">\ud83d\udcc5 Dates et horaires<\/strong><\/p>\n<ul data-start=\"1950\" data-end=\"2070\">\n<li data-start=\"1950\" data-end=\"1990\">\n<p data-start=\"1952\" data-end=\"1990\">Vendredi 7 novembre 2025 : 14h \u2013 19h<\/p>\n<\/li>\n<li data-start=\"1991\" data-end=\"2029\">\n<p data-start=\"1993\" data-end=\"2029\">Samedi 8 novembre 2025 : 10h \u2013 19h<\/p>\n<\/li>\n<li data-start=\"2030\" data-end=\"2070\">\n<p data-start=\"2032\" data-end=\"2070\">Dimanche 9 novembre 2025 : 10h \u2013 19h<\/p>\n<\/li>\n<\/ul>\n<p data-start=\"2072\" data-end=\"2119\"><strong data-start=\"2072\" data-end=\"2083\">\ud83d\udccd Lieu<\/strong><br data-start=\"2083\" data-end=\"2086\" \/>Palais des Congr\u00e8s \u2013 Remiremont<\/p>\n","protected":false},"excerpt":{"rendered":"<p>Le Palais des Congr\u00e8s de Remiremont s\u2019appr\u00eate \u00e0 vibrer au rythme du 12e Salon de l\u2019Habitat, un \u00e9v\u00e9nement devenu un [&hellip;]<\/p>\n","protected":false},"author":391,"featured_media":80173,"comment_status":"open","ping_status":"open","sticky":false,"template":"","format":"standard","meta":{"footnotes":""},"categories":[26,108,11,58,43],"tags":[],"class_list":["post-86447","post","type-post","status-publish","format-standard","has-post-thumbnail","hentry","category-a-la-une","category-epinal","category-publi-reportage","category-publireportage","category-remiremont-remiremont-son-canton"],"acf":[],"yoast_head":"<!-- This site is optimized with the Yoast SEO plugin v22.5 - https:\/\/yoast.com\/wordpress\/plugins\/seo\/ -->\n<title>Le 12e Salon de l\u2019Habitat s\u2019installe \u00e0 Remiremont : trois jours d\u00e9di\u00e9s \u00e0 la maison et \u00e0 la r\u00e9novation - Remiremont Info<\/title>\n<meta name=\"robots\" content=\"index, follow, max-snippet:-1, max-image-preview:large, max-video-preview:-1\" \/>\n<link rel=\"canonical\" href=\"https:\/\/vosgesinfo.fr\/remiremontinfo\/2025\/10\/le-12e-salon-de-lhabitat-sinstalle-a-remiremont-trois-jours-dedies-a-la-maison-et-a-la-renovation\/\" \/>\n<meta name=\"twitter:card\" content=\"summary_large_image\" \/>\n<meta name=\"twitter:title\" content=\"Le 12e Salon de l\u2019Habitat s\u2019installe \u00e0 Remiremont : trois jours d\u00e9di\u00e9s \u00e0 la maison et \u00e0 la r\u00e9novation - Remiremont Info\" \/>\n<meta name=\"twitter:description\" content=\"Le Palais des Congr\u00e8s de Remiremont s\u2019appr\u00eate \u00e0 vibrer au rythme du 12e Salon de l\u2019Habitat, un \u00e9v\u00e9nement devenu un [&hellip;]\" \/>\n<meta name=\"twitter:image\" content=\"https:\/\/vosgesinfo.fr\/app\/uploads\/sites\/5\/2025\/03\/inauguration-salon-habitat-deco-sddv-11-1.jpg\" \/>\n<meta name=\"twitter:creator\" content=\"@VosgesInfo88\" \/>\n<meta name=\"twitter:site\" content=\"@VosgesInfo88\" \/>\n<meta name=\"twitter:label1\" content=\"\u00c9crit par\" \/>\n\t<meta name=\"twitter:data1\" content=\"La redaction\" \/>\n\t<meta name=\"twitter:label2\" content=\"Dur\u00e9e de lecture estim\u00e9e\" \/>\n\t<meta name=\"twitter:data2\" content=\"3 minutes\" \/>\n<script type=\"application\/ld+json\" class=\"yoast-schema-graph\">{\"@context\":\"https:\/\/schema.org\",\"@graph\":[{\"@type\":\"Article\",\"@id\":\"https:\/\/vosgesinfo.fr\/remiremontinfo\/2025\/10\/le-12e-salon-de-lhabitat-sinstalle-a-remiremont-trois-jours-dedies-a-la-maison-et-a-la-renovation\/#article\",\"isPartOf\":{\"@id\":\"https:\/\/vosgesinfo.fr\/remiremontinfo\/2025\/10\/le-12e-salon-de-lhabitat-sinstalle-a-remiremont-trois-jours-dedies-a-la-maison-et-a-la-renovation\/\"},\"author\":{\"name\":\"La redaction\",\"@id\":\"https:\/\/vosgesinfo.fr\/remiremontinfo\/#\/schema\/person\/27a3695b06db98895b354c0765cdfc31\"},\"headline\":\"Le 12e Salon de l\u2019Habitat s\u2019installe \u00e0 Remiremont : trois jours d\u00e9di\u00e9s \u00e0 la maison et \u00e0 la r\u00e9novation\",\"datePublished\":\"2025-10-29T17:33:34+00:00\",\"dateModified\":\"2025-10-30T09:48:53+00:00\",\"mainEntityOfPage\":{\"@id\":\"https:\/\/vosgesinfo.fr\/remiremontinfo\/2025\/10\/le-12e-salon-de-lhabitat-sinstalle-a-remiremont-trois-jours-dedies-a-la-maison-et-a-la-renovation\/\"},\"wordCount\":293,\"commentCount\":0,\"publisher\":{\"@id\":\"https:\/\/vosgesinfo.fr\/remiremontinfo\/#organization\"},\"image\":{\"@id\":\"https:\/\/vosgesinfo.fr\/remiremontinfo\/2025\/10\/le-12e-salon-de-lhabitat-sinstalle-a-remiremont-trois-jours-dedies-a-la-maison-et-a-la-renovation\/#primaryimage\"},\"thumbnailUrl\":\"https:\/\/vosgesinfo.fr\/app\/uploads\/sites\/5\/2025\/03\/inauguration-salon-habitat-deco-sddv-11-1.jpg\",\"articleSection\":[\"A la Une\",\"Epinal\",\"Publi-reportage\",\"Publireportage\",\"Remiremont\"],\"inLanguage\":\"fr-FR\",\"potentialAction\":[{\"@type\":\"CommentAction\",\"name\":\"Comment\",\"target\":[\"https:\/\/vosgesinfo.fr\/remiremontinfo\/2025\/10\/le-12e-salon-de-lhabitat-sinstalle-a-remiremont-trois-jours-dedies-a-la-maison-et-a-la-renovation\/#respond\"]}]},{\"@type\":\"WebPage\",\"@id\":\"https:\/\/vosgesinfo.fr\/remiremontinfo\/2025\/10\/le-12e-salon-de-lhabitat-sinstalle-a-remiremont-trois-jours-dedies-a-la-maison-et-a-la-renovation\/\",\"url\":\"https:\/\/vosgesinfo.fr\/remiremontinfo\/2025\/10\/le-12e-salon-de-lhabitat-sinstalle-a-remiremont-trois-jours-dedies-a-la-maison-et-a-la-renovation\/\",\"name\":\"Le 12e Salon de l\u2019Habitat s\u2019installe \u00e0 Remiremont : trois jours d\u00e9di\u00e9s \u00e0 la maison et \u00e0 la r\u00e9novation - Remiremont Info\",\"isPartOf\":{\"@id\":\"https:\/\/vosgesinfo.fr\/remiremontinfo\/#website\"},\"primaryImageOfPage\":{\"@id\":\"https:\/\/vosgesinfo.fr\/remiremontinfo\/2025\/10\/le-12e-salon-de-lhabitat-sinstalle-a-remiremont-trois-jours-dedies-a-la-maison-et-a-la-renovation\/#primaryimage\"},\"image\":{\"@id\":\"https:\/\/vosgesinfo.fr\/remiremontinfo\/2025\/10\/le-12e-salon-de-lhabitat-sinstalle-a-remiremont-trois-jours-dedies-a-la-maison-et-a-la-renovation\/#primaryimage\"},\"thumbnailUrl\":\"https:\/\/vosgesinfo.fr\/app\/uploads\/sites\/5\/2025\/03\/inauguration-salon-habitat-deco-sddv-11-1.jpg\",\"datePublished\":\"2025-10-29T17:33:34+00:00\",\"dateModified\":\"2025-10-30T09:48:53+00:00\",\"breadcrumb\":{\"@id\":\"https:\/\/vosgesinfo.fr\/remiremontinfo\/2025\/10\/le-12e-salon-de-lhabitat-sinstalle-a-remiremont-trois-jours-dedies-a-la-maison-et-a-la-renovation\/#breadcrumb\"},\"inLanguage\":\"fr-FR\",\"potentialAction\":[{\"@type\":\"ReadAction\",\"target\":[\"https:\/\/vosgesinfo.fr\/remiremontinfo\/2025\/10\/le-12e-salon-de-lhabitat-sinstalle-a-remiremont-trois-jours-dedies-a-la-maison-et-a-la-renovation\/\"]}]},{\"@type\":\"ImageObject\",\"inLanguage\":\"fr-FR\",\"@id\":\"https:\/\/vosgesinfo.fr\/remiremontinfo\/2025\/10\/le-12e-salon-de-lhabitat-sinstalle-a-remiremont-trois-jours-dedies-a-la-maison-et-a-la-renovation\/#primaryimage\",\"url\":\"https:\/\/vosgesinfo.fr\/app\/uploads\/sites\/5\/2025\/03\/inauguration-salon-habitat-deco-sddv-11-1.jpg\",\"contentUrl\":\"https:\/\/vosgesinfo.fr\/app\/uploads\/sites\/5\/2025\/03\/inauguration-salon-habitat-deco-sddv-11-1.jpg\",\"width\":1800,\"height\":1355,\"caption\":\"photo d'archive\"},{\"@type\":\"BreadcrumbList\",\"@id\":\"https:\/\/vosgesinfo.fr\/remiremontinfo\/2025\/10\/le-12e-salon-de-lhabitat-sinstalle-a-remiremont-trois-jours-dedies-a-la-maison-et-a-la-renovation\/#breadcrumb\",\"itemListElement\":[{\"@type\":\"ListItem\",\"position\":1,\"name\":\"Home\",\"item\":\"https:\/\/vosgesinfo.fr\/remiremontinfo\/\"},{\"@type\":\"ListItem\",\"position\":2,\"name\":\"Le 12e Salon de l\u2019Habitat s\u2019installe \u00e0 Remiremont : trois jours d\u00e9di\u00e9s \u00e0 la maison et \u00e0 la r\u00e9novation\"}]},{\"@type\":\"WebSite\",\"@id\":\"https:\/\/vosgesinfo.fr\/remiremontinfo\/#website\",\"url\":\"https:\/\/vosgesinfo.fr\/remiremontinfo\/\",\"name\":\"Remiremont Info\",\"description\":\"Toute l&#039;actualit\u00e9 de Remiremont\",\"publisher\":{\"@id\":\"https:\/\/vosgesinfo.fr\/remiremontinfo\/#organization\"},\"alternateName\":\"Toute l'actualit\u00e9 de Remiremont\",\"potentialAction\":[{\"@type\":\"SearchAction\",\"target\":{\"@type\":\"EntryPoint\",\"urlTemplate\":\"https:\/\/vosgesinfo.fr\/remiremontinfo\/?s={search_term_string}\"},\"query-input\":\"required name=search_term_string\"}],\"inLanguage\":\"fr-FR\"},{\"@type\":\"Organization\",\"@id\":\"https:\/\/vosgesinfo.fr\/remiremontinfo\/#organization\",\"name\":\"Remiremont Info\",\"url\":\"https:\/\/vosgesinfo.fr\/remiremontinfo\/\",\"logo\":{\"@type\":\"ImageObject\",\"inLanguage\":\"fr-FR\",\"@id\":\"https:\/\/vosgesinfo.fr\/remiremontinfo\/#\/schema\/logo\/image\/\",\"url\":\"https:\/\/vosgesinfo.fr\/app\/uploads\/sites\/5\/2023\/08\/favicon-remiremontinfo.png\",\"contentUrl\":\"https:\/\/vosgesinfo.fr\/app\/uploads\/sites\/5\/2023\/08\/favicon-remiremontinfo.png\",\"width\":512,\"height\":512,\"caption\":\"Remiremont Info\"},\"image\":{\"@id\":\"https:\/\/vosgesinfo.fr\/remiremontinfo\/#\/schema\/logo\/image\/\"},\"sameAs\":[\"https:\/\/www.facebook.com\/remiremontinfo\",\"https:\/\/x.com\/VosgesInfo88\",\"https:\/\/www.youtube.com\/@vosgesinfo\"]},{\"@type\":\"Person\",\"@id\":\"https:\/\/vosgesinfo.fr\/remiremontinfo\/#\/schema\/person\/27a3695b06db98895b354c0765cdfc31\",\"name\":\"La redaction\",\"image\":{\"@type\":\"ImageObject\",\"inLanguage\":\"fr-FR\",\"@id\":\"https:\/\/vosgesinfo.fr\/remiremontinfo\/#\/schema\/person\/image\/\",\"url\":\"https:\/\/secure.gravatar.com\/avatar\/64c76a78e501cedee55736f43f332df901e1896ae9cd8fad269ae2236dd0e8b6?s=96&d=mm&r=g\",\"contentUrl\":\"https:\/\/secure.gravatar.com\/avatar\/64c76a78e501cedee55736f43f332df901e1896ae9cd8fad269ae2236dd0e8b6?s=96&d=mm&r=g\",\"caption\":\"La redaction\"},\"url\":\"https:\/\/vosgesinfo.fr\/remiremontinfo\/author\/la-redaction\/\"}]}<\/script>\n<!-- \/ Yoast SEO plugin. -->","yoast_head_json":{"title":"Le 12e Salon de l\u2019Habitat s\u2019installe \u00e0 Remiremont : trois jours d\u00e9di\u00e9s \u00e0 la maison et \u00e0 la r\u00e9novation - Remiremont Info","robots":{"index":"index","follow":"follow","max-snippet":"max-snippet:-1","max-image-preview":"max-image-preview:large","max-video-preview":"max-video-preview:-1"},"canonical":"https:\/\/vosgesinfo.fr\/remiremontinfo\/2025\/10\/le-12e-salon-de-lhabitat-sinstalle-a-remiremont-trois-jours-dedies-a-la-maison-et-a-la-renovation\/","twitter_card":"summary_large_image","twitter_title":"Le 12e Salon de l\u2019Habitat s\u2019installe \u00e0 Remiremont : trois jours d\u00e9di\u00e9s \u00e0 la maison et \u00e0 la r\u00e9novation - Remiremont Info","twitter_description":"Le Palais des Congr\u00e8s de Remiremont s\u2019appr\u00eate \u00e0 vibrer au rythme du 12e Salon de l\u2019Habitat, un \u00e9v\u00e9nement devenu un [&hellip;]","twitter_image":"https:\/\/vosgesinfo.fr\/app\/uploads\/sites\/5\/2025\/03\/inauguration-salon-habitat-deco-sddv-11-1.jpg","twitter_creator":"@VosgesInfo88","twitter_site":"@VosgesInfo88","twitter_misc":{"\u00c9crit par":"La redaction","Dur\u00e9e de lecture estim\u00e9e":"3 minutes"},"schema":{"@context":"https:\/\/schema.org","@graph":[{"@type":"Article","@id":"https:\/\/vosgesinfo.fr\/remiremontinfo\/2025\/10\/le-12e-salon-de-lhabitat-sinstalle-a-remiremont-trois-jours-dedies-a-la-maison-et-a-la-renovation\/#article","isPartOf":{"@id":"https:\/\/vosgesinfo.fr\/remiremontinfo\/2025\/10\/le-12e-salon-de-lhabitat-sinstalle-a-remiremont-trois-jours-dedies-a-la-maison-et-a-la-renovation\/"},"author":{"name":"La redaction","@id":"https:\/\/vosgesinfo.fr\/remiremontinfo\/#\/schema\/person\/27a3695b06db98895b354c0765cdfc31"},"headline":"Le 12e Salon de l\u2019Habitat s\u2019installe \u00e0 Remiremont : trois jours d\u00e9di\u00e9s \u00e0 la maison et \u00e0 la r\u00e9novation","datePublished":"2025-10-29T17:33:34+00:00","dateModified":"2025-10-30T09:48:53+00:00","mainEntityOfPage":{"@id":"https:\/\/vosgesinfo.fr\/remiremontinfo\/2025\/10\/le-12e-salon-de-lhabitat-sinstalle-a-remiremont-trois-jours-dedies-a-la-maison-et-a-la-renovation\/"},"wordCount":293,"commentCount":0,"publisher":{"@id":"https:\/\/vosgesinfo.fr\/remiremontinfo\/#organization"},"image":{"@id":"https:\/\/vosgesinfo.fr\/remiremontinfo\/2025\/10\/le-12e-salon-de-lhabitat-sinstalle-a-remiremont-trois-jours-dedies-a-la-maison-et-a-la-renovation\/#primaryimage"},"thumbnailUrl":"https:\/\/vosgesinfo.fr\/app\/uploads\/sites\/5\/2025\/03\/inauguration-salon-habitat-deco-sddv-11-1.jpg","articleSection":["A la Une","Epinal","Publi-reportage","Publireportage","Remiremont"],"inLanguage":"fr-FR","potentialAction":[{"@type":"CommentAction","name":"Comment","target":["https:\/\/vosgesinfo.fr\/remiremontinfo\/2025\/10\/le-12e-salon-de-lhabitat-sinstalle-a-remiremont-trois-jours-dedies-a-la-maison-et-a-la-renovation\/#respond"]}]},{"@type":"WebPage","@id":"https:\/\/vosgesinfo.fr\/remiremontinfo\/2025\/10\/le-12e-salon-de-lhabitat-sinstalle-a-remiremont-trois-jours-dedies-a-la-maison-et-a-la-renovation\/","url":"https:\/\/vosgesinfo.fr\/remiremontinfo\/2025\/10\/le-12e-salon-de-lhabitat-sinstalle-a-remiremont-trois-jours-dedies-a-la-maison-et-a-la-renovation\/","name":"Le 12e Salon de l\u2019Habitat s\u2019installe \u00e0 Remiremont : trois jours d\u00e9di\u00e9s \u00e0 la maison et \u00e0 la r\u00e9novation - Remiremont Info","isPartOf":{"@id":"https:\/\/vosgesinfo.fr\/remiremontinfo\/#website"},"primaryImageOfPage":{"@id":"https:\/\/vosgesinfo.fr\/remiremontinfo\/2025\/10\/le-12e-salon-de-lhabitat-sinstalle-a-remiremont-trois-jours-dedies-a-la-maison-et-a-la-renovation\/#primaryimage"},"image":{"@id":"https:\/\/vosgesinfo.fr\/remiremontinfo\/2025\/10\/le-12e-salon-de-lhabitat-sinstalle-a-remiremont-trois-jours-dedies-a-la-maison-et-a-la-renovation\/#primaryimage"},"thumbnailUrl":"https:\/\/vosgesinfo.fr\/app\/uploads\/sites\/5\/2025\/03\/inauguration-salon-habitat-deco-sddv-11-1.jpg","datePublished":"2025-10-29T17:33:34+00:00","dateModified":"2025-10-30T09:48:53+00:00","breadcrumb":{"@id":"https:\/\/vosgesinfo.fr\/remiremontinfo\/2025\/10\/le-12e-salon-de-lhabitat-sinstalle-a-remiremont-trois-jours-dedies-a-la-maison-et-a-la-renovation\/#breadcrumb"},"inLanguage":"fr-FR","potentialAction":[{"@type":"ReadAction","target":["https:\/\/vosgesinfo.fr\/remiremontinfo\/2025\/10\/le-12e-salon-de-lhabitat-sinstalle-a-remiremont-trois-jours-dedies-a-la-maison-et-a-la-renovation\/"]}]},{"@type":"ImageObject","inLanguage":"fr-FR","@id":"https:\/\/vosgesinfo.fr\/remiremontinfo\/2025\/10\/le-12e-salon-de-lhabitat-sinstalle-a-remiremont-trois-jours-dedies-a-la-maison-et-a-la-renovation\/#primaryimage","url":"https:\/\/vosgesinfo.fr\/app\/uploads\/sites\/5\/2025\/03\/inauguration-salon-habitat-deco-sddv-11-1.jpg","contentUrl":"https:\/\/vosgesinfo.fr\/app\/uploads\/sites\/5\/2025\/03\/inauguration-salon-habitat-deco-sddv-11-1.jpg","width":1800,"height":1355,"caption":"photo d'archive"},{"@type":"BreadcrumbList","@id":"https:\/\/vosgesinfo.fr\/remiremontinfo\/2025\/10\/le-12e-salon-de-lhabitat-sinstalle-a-remiremont-trois-jours-dedies-a-la-maison-et-a-la-renovation\/#breadcrumb","itemListElement":[{"@type":"ListItem","position":1,"name":"Home","item":"https:\/\/vosgesinfo.fr\/remiremontinfo\/"},{"@type":"ListItem","position":2,"name":"Le 12e Salon de l\u2019Habitat s\u2019installe \u00e0 Remiremont : trois jours d\u00e9di\u00e9s \u00e0 la maison et \u00e0 la r\u00e9novation"}]},{"@type":"WebSite","@id":"https:\/\/vosgesinfo.fr\/remiremontinfo\/#website","url":"https:\/\/vosgesinfo.fr\/remiremontinfo\/","name":"Remiremont Info","description":"Toute l&#039;actualit\u00e9 de Remiremont","publisher":{"@id":"https:\/\/vosgesinfo.fr\/remiremontinfo\/#organization"},"alternateName":"Toute l'actualit\u00e9 de Remiremont","potentialAction":[{"@type":"SearchAction","target":{"@type":"EntryPoint","urlTemplate":"https:\/\/vosgesinfo.fr\/remiremontinfo\/?s={search_term_string}"},"query-input":"required name=search_term_string"}],"inLanguage":"fr-FR"},{"@type":"Organization","@id":"https:\/\/vosgesinfo.fr\/remiremontinfo\/#organization","name":"Remiremont Info","url":"https:\/\/vosgesinfo.fr\/remiremontinfo\/","logo":{"@type":"ImageObject","inLanguage":"fr-FR","@id":"https:\/\/vosgesinfo.fr\/remiremontinfo\/#\/schema\/logo\/image\/","url":"https:\/\/vosgesinfo.fr\/app\/uploads\/sites\/5\/2023\/08\/favicon-remiremontinfo.png","contentUrl":"https:\/\/vosgesinfo.fr\/app\/uploads\/sites\/5\/2023\/08\/favicon-remiremontinfo.png","width":512,"height":512,"caption":"Remiremont Info"},"image":{"@id":"https:\/\/vosgesinfo.fr\/remiremontinfo\/#\/schema\/logo\/image\/"},"sameAs":["https:\/\/www.facebook.com\/remiremontinfo","https:\/\/x.com\/VosgesInfo88","https:\/\/www.youtube.com\/@vosgesinfo"]},{"@type":"Person","@id":"https:\/\/vosgesinfo.fr\/remiremontinfo\/#\/schema\/person\/27a3695b06db98895b354c0765cdfc31","name":"La redaction","image":{"@type":"ImageObject","inLanguage":"fr-FR","@id":"https:\/\/vosgesinfo.fr\/remiremontinfo\/#\/schema\/person\/image\/","url":"https:\/\/secure.gravatar.com\/avatar\/64c76a78e501cedee55736f43f332df901e1896ae9cd8fad269ae2236dd0e8b6?s=96&d=mm&r=g","contentUrl":"https:\/\/secure.gravatar.com\/avatar\/64c76a78e501cedee55736f43f332df901e1896ae9cd8fad269ae2236dd0e8b6?s=96&d=mm&r=g","caption":"La redaction"},"url":"https:\/\/vosgesinfo.fr\/remiremontinfo\/author\/la-redaction\/"}]}},"_links":{"self":[{"href":"https:\/\/vosgesinfo.fr\/remiremontinfo\/wp-json\/wp\/v2\/posts\/86447","targetHints":{"allow":["GET"]}}],"collection":[{"href":"https:\/\/vosgesinfo.fr\/remiremontinfo\/wp-json\/wp\/v2\/posts"}],"about":[{"href":"https:\/\/vosgesinfo.fr\/remiremontinfo\/wp-json\/wp\/v2\/types\/post"}],"author":[{"embeddable":true,"href":"https:\/\/vosgesinfo.fr\/remiremontinfo\/wp-json\/wp\/v2\/users\/391"}],"replies":[{"embeddable":true,"href":"https:\/\/vosgesinfo.fr\/remiremontinfo\/wp-json\/wp\/v2\/comments?post=86447"}],"version-history":[{"count":3,"href":"https:\/\/vosgesinfo.fr\/remiremontinfo\/wp-json\/wp\/v2\/posts\/86447\/revisions"}],"predecessor-version":[{"id":86475,"href":"https:\/\/vosgesinfo.fr\/remiremontinfo\/wp-json\/wp\/v2\/posts\/86447\/revisions\/86475"}],"wp:featuredmedia":[{"embeddable":true,"href":"https:\/\/vosgesinfo.fr\/remiremontinfo\/wp-json\/wp\/v2\/media\/80173"}],"wp:attachment":[{"href":"https:\/\/vosgesinfo.fr\/remiremontinfo\/wp-json\/wp\/v2\/media?parent=86447"}],"wp:term":[{"taxonomy":"category","embeddable":true,"href":"https:\/\/vosgesinfo.fr\/remiremontinfo\/wp-json\/wp\/v2\/categories?post=86447"},{"taxonomy":"post_tag","embeddable":true,"href":"https:\/\/vosgesinfo.fr\/remiremontinfo\/wp-json\/wp\/v2\/tags?post=86447"}],"curies":[{"name":"wp","href":"https:\/\/api.w.org\/{rel}","templated":true}]}}